{"id":47234,"date":"2019-03-08T09:46:11","date_gmt":"2019-03-08T15:46:11","guid":{"rendered":"http:\/\/www.lospoliticosveracruz.com.mx\/?p=47234"},"modified":"2019-03-08T09:46:11","modified_gmt":"2019-03-08T15:46:11","slug":"jilotepec-power-rumbo-al-2021","status":"publish","type":"post","link":"https:\/\/lospoliticosveracruz.com\/?p=47234","title":{"rendered":"Jilotepec Power, rumbo al 2021"},"content":{"rendered":"<p><strong>Ricardo Ch\u00faa<\/strong><\/p>\n<p><em>Sale y Vale<\/em><\/p>\n<p>OJO&#8230; En el norte, centro y sur del Estado van a empezar de nuevo a convalecer MUJERES ENFERMAS DE CANCER por el desabasto de medicamentos que hay en los hospitales p\u00fablicos&#8230; Y mientras un diputado local, Henri Christophe G\u00f3mez, presuntamente corre a una empleada del Congreso Local enferma de c\u00e1ncer&#8230; Simplemente el gobierno estatal no sabe que hacer para argumentar que no puede ayudarlas&#8230; OJO Cuitl\u00e1huac esto es muy grave&#8230; Imag\u00ednate las estad\u00edsticas como van a crecer en Veracruz si fallecen por falta de medicinas&#8230;.<\/p>\n<p>Imag\u00ednate en una gira de L\u00f3pez Obrador o de tu gobierno que esas familias te abucheen como sucedi\u00f3 en Chinameca por ese tema&#8230; Como gobernador y maestro de la UV tienes un seguro m\u00e9dico de poca madre para que te atiendan si te enfermas&#8230; Pero ellas, que s\u00f3lo tienen su fuerza f\u00edsica para alimentar a sus hijos con su trabajo&#8230; Si recaen y por desgracia pierden la vida&#8230; \u00bfD\u00f3nde vivir\u00e1n los ni\u00f1os?&#8230; Eso es m\u00e1s grave que no despedir a la secretaria intento de nepotista o el delegado que se disculp\u00f3 de racista&#8230; Es el Veracruz que gobiernas&#8230;<\/p>\n<p>Y hay que poner m\u00e1s atenci\u00f3n&#8230; El tema de las bodas gay en Veracruz no es su momento.. Urge abastecer hospitales con medicinas&#8230;. Urge seguridad p\u00fablica&#8230;. Es lo que MORENA tanto sus diputados como sus gobernantes deben estar pugnando&#8230; Mientras el tema de la salud p\u00fablica est\u00e9 sin un garante que mejorar\u00e1 en los pr\u00f3ximos d\u00edas&#8230; Lo dem\u00e1s es pura demagogia&#8230;. Congreso y gobierno son lo mismo&#8230; Cu\u00e1ntos en Veracruz tendr\u00e1n que morir por este asunto&#8230; Sino hay salud, no hay bodas, ni divorcios, ni bautizos, ni salsa, ni beisbol&#8230;<\/p>\n<p>SIN REMITENTE&#8230; Qui\u00e9n diga que en el gobierno estatal de MORENA en Veracruz, no se maneja al estilo PRI&#8230; MIENTE&#8230; El tema NEPOTISMO Y TR\u00c1FICO DE INFLUENCIAS es lo de hoy en el gabinete de Cuitl\u00e1huac Garc\u00eda&#8230; Primos, compadres y hermanos, hasta sobrinos e hijos de altos funcionarios laboran en dependencias estatales&#8230; Y NADIE QUE DIGA NADA&#8230; Esas voces contra el \u00abDuartismo\u00bb de izquierda ah\u00ed est\u00e1n \u00abcalladas\u00bb porque son la \u00abNueva Maf\u00eda del Poder\u00bb&#8230;. Nada cambio todo es lo mismo por poder y dinero&#8230;<\/p>\n<p>Y esa ocurrencia de Pozos Castro de mandar a Leslie Garibo, Contralora del Estado, a investigar al Gobernador y sus funcionarios es de risa&#8230; Ya que la funcionaria est\u00e1 m\u00e1s preocupada por quedarse con el Sistema Estatal Anticorrupci\u00f3n, que revisar a sus hom\u00f3logos del gabinete&#8230; Pozos se lav\u00f3 las manos porque tiene a su hijo trabajando en SEFIPLAN&#8230; En pocas palabras aqu\u00ed no pasa nada&#8230; El discurso del gobierno de Veracruz es, simplemente, pura DEMAGOGIA&#8230; \u00bfAcaso nos equivocamos?&#8230;<\/p>\n<p>La soberbia en pol\u00edtica es una \u00abenfermedad\u00bb que se paga en la urnas&#8230; La transparencia no ha sido el fuerte en los 100 d\u00edas de gobierno&#8230; Pero si la lucha pol\u00edtica contra sus adversarios&#8230; Le invirtieron mucho tiempo al tema Winckler y se les olvido el abasto de medicinas, la prevenci\u00f3n de delito para que no asesinar a una empresaria, etc&#8230; As\u00ed como del 2004 al 2010 todo fue culpa de Fidel&#8230; Del 2010 al 2016 todo fue culpa de Duarte&#8230; Y del 2016 al 2018 todo fue culpa de Miguel&#8230; Del 2018-? ser\u00e1 culpa de Cuitl\u00e1huac&#8230; En pol\u00edtica siempre ha sido as\u00ed&#8230;<\/p>\n<p>LOS REGISTROS&#8230; Para aquellos que negaban que las ense\u00f1anzas del MAESTRO DE LA CIENCIA POL\u00cdTICA MODERNA EN VERACRUZ, nos referimos a Don Fidel Herrera Beltr\u00e1n, gobernador del 2004 al 2010, no se encontraban vigentes en el sistema pol\u00edtico local&#8230; Estaban muy pero muy equivocados&#8230; Es el M\u00c9TODO que est\u00e1 utilizando MORENA de Cuitl\u00e1huac Garc\u00eda y el que maneja Manuel Huerta Ladr\u00f3n de Guevara&#8230; Para \u00abfragmentar\u00bb el voto opositor en el 2021&#8230; Y lo est\u00e1n trabajando desde ahorita&#8230; Pa que vean que eso si aprendieron&#8230;.<\/p>\n<p>El Moreno de Nopaltepec, que para esto de las \u00abjugadas\u00bb pol\u00edticas, se \u00abpinta\u00bb solo&#8230; Siempre ocup\u00f3 el lema: \u00abTu divide y venceras\u00bb aunada a la estrategia pol\u00edtica del \u00abfil\u00f3sofo\u00bb de Mart\u00ednez de la Torre: Gonzalo Morgado Huesca: \u00abT\u00fa difama que algo queda\u00bb&#8230; De esa manera, Fidel en 2006 pacto con el PAN y Elba Esther para la elecci\u00f3n federal y ya suelto en 2007 se las \u00abparti\u00f3\u00bb todita en el proceso local, se las volvi\u00f3 a repetir en el 2009 en la federal y le dio en 2010 para dejar a Duarte y derrotar a PapaYunes&#8230; Ese era todo un maestro&#8230;<\/p>\n<p>As\u00ed que muchos que trabajaron con \u00e9l&#8230; Inmersos en el gobierno de Cuitl\u00e1huac son los que est\u00e1n operando la formaci\u00f3n de organismos estatales para volverlos partidos pol\u00edticos locales como en su momento, Fidel hizo el PRV y su alumno, Javier Duarte creo el AVE&#8230; Todo para \u00abromperle el queso\u00bb al PAN y PRD que ya no los pod\u00edan controlar y lo lograron&#8230; Por eso ahora funcionarios de MORENA quieren repetir la misma dosis creando otras asociaciones pol\u00edticas&#8230; Y OJO esto no lo opera Eric Cisneros&#8230; Lo hacen desde SEFIPLAN&#8230;.<\/p>\n<p>El encargado del tema es el poderoso subsecretario de Finanzas, Eleazar Guerrero P\u00e9rez, quien presuntamente es primo de Cuitl\u00e1huac y cabeza visible del \u00abJilotepec Power\u00bb&#8230; Del cual, La Fuente dice que trae a dos organismos de ex priistas para hacerlos partido para darle en la \u00abtorre\u00bb a dos asociaciones que si son fuertes y pueden convertirse en partidos locales: \u00abVOX\u00bb, que est\u00e1 ligada a la iglesia y al Frente por la Familia (empresarios de derecha e izquierda) y al de Elba Esther llamado \u00abRedes Sociales\u00bb&#8230; Pero s\u00f3lo en Veracruz&#8230;<\/p>\n<p>Eleazar Guerrero que trabajo con Fidel Herrera sabe perfectamente que Vox y Redes Sociales, son los \u00fanicos que le pueden quitar votos a MORENA en el 2021 en Veracruz.. Y como no saben como ir\u00e1 la \u00abcurva descendente\u00bb del gobierno estatal en dos a\u00f1os, pues, intentan crear dos partidos \u00absat\u00e9lites\u00bb que no solo los Morenos pierdan, sino tambi\u00e9n el PAN y lo que queda del PRI&#8230;. Por eso el nuevo \u00abPoderoso Caballero\u00bb es Don Eleazar Guerrero&#8230; Presuntamente financia estas organizaciones para dejar fuera de la jugada a VOX y Redes&#8230;<\/p>\n<p>As\u00ed que desde SEFIPLAN se opera un esquema de crear partidos que debiliten al PAN y PRI o PRIAN para no crecer en 2021.. Y los Morenos, en ese tiempo con o sin Cuitl\u00e1huac, puedan retener el poder en Veracruz, sobre todo alcald\u00edas y Congreso Local&#8230; Pero no por buenos resultados de gobierno sino por una \u00abimplosi\u00f3n\u00bb del voto con muchos partidos locales jugando en el escenario estatal&#8230;. Quieren ganar a \u00abbase por bola\u00bb no porque conecten un \u00abJon Ron\u00bb&#8230; A ese grado tiene temor el gobierno y por ello ponen a operar al \u00abJilotepec Power\u00bb&#8230; Miralooo&#8230;<\/p>\n","protected":false},"excerpt":{"rendered":"<p>Ricardo Ch\u00faa Sale y Vale OJO&#8230; En el norte, centro y sur del Estado van a empezar de nuevo a convalecer MUJERES ENFERMAS DE CANCER por el desabasto de medicamentos que hay en los hospitales p\u00fablicos&#8230; Y mientras un diputado local, Henri Christophe G\u00f3mez, presuntamente corre a una empleada del Congreso Local enferma de c\u00e1ncer&#8230; [&hellip;]<\/p>\n","protected":false},"author":2,"featured_media":47235,"comment_status":"open","ping_status":"open","sticky":false,"template":"","format":"standard","meta":{"tdm_status":"","tdm_grid_status":"","footnotes":""},"categories":[70],"tags":[296,5277,13912,410,1233,13006,11187,11958,14157,1850,14133,7799],"class_list":{"0":"post-47234","1":"post","2":"type-post","3":"status-publish","4":"format-standard","5":"has-post-thumbnail","7":"category-de-opinion","8":"tag-cancer","9":"tag-chinameca","10":"tag-eleazar-guerrero-perez","11":"tag-fidel-herrera-beltran","12":"tag-gonzalo-morgado-huesca","13":"tag-henri-christophe-gomez-sanchez","14":"tag-hospitales","15":"tag-jose-manuel-pozos-castro","16":"tag-leslie-garibo","17":"tag-manuel-huerta-ladron-de-guevara","18":"tag-nepotismo","19":"tag-sistema-estatal-anticorrupcion"},"yoast_head":"<!-- This site is optimized with the Yoast SEO plugin v27.4 - https:\/\/yoast.com\/product\/yoast-seo-wordpress\/ -->\n<title>Jilotepec Power, rumbo al 2021 - Los pol\u00edticos Veracruz<\/title>\n<meta name=\"robots\" content=\"index, follow, max-snippet:-1, max-image-preview:large, max-video-preview:-1\" \/>\n<link rel=\"canonical\" href=\"https:\/\/lospoliticosveracruz.com\/?p=47234\" \/>\n<meta property=\"og:locale\" content=\"es_ES\" \/>\n<meta property=\"og:type\" content=\"article\" \/>\n<meta property=\"og:title\" content=\"Jilotepec Power, rumbo al 2021 - Los pol\u00edticos Veracruz\" \/>\n<meta property=\"og:description\" content=\"Ricardo Ch\u00faa Sale y Vale OJO&#8230; En el norte, centro y sur del Estado van a empezar de nuevo a convalecer MUJERES ENFERMAS DE CANCER por el desabasto de medicamentos que hay en los hospitales p\u00fablicos&#8230; Y mientras un diputado local, Henri Christophe G\u00f3mez, presuntamente corre a una empleada del Congreso Local enferma de c\u00e1ncer&#8230; [&hellip;]\" \/>\n<meta property=\"og:url\" content=\"https:\/\/lospoliticosveracruz.com\/?p=47234\" \/>\n<meta property=\"og:site_name\" content=\"Los pol\u00edticos Veracruz\" \/>\n<meta property=\"article:publisher\" content=\"https:\/\/www.facebook.com\/people\/Notimemes-de-los-Polticos\/61565672886568\/\" \/>\n<meta property=\"article:published_time\" content=\"2019-03-08T15:46:11+00:00\" \/>\n<meta property=\"og:image\" content=\"https:\/\/lospoliticosveracruz.com\/wp-content\/uploads\/2019\/03\/Eleazar.jpeg\" \/>\n\t<meta property=\"og:image:width\" content=\"276\" \/>\n\t<meta property=\"og:image:height\" content=\"183\" \/>\n\t<meta property=\"og:image:type\" content=\"image\/jpeg\" \/>\n<meta name=\"author\" content=\"Lo viste en Los Pol\u00edticos\" \/>\n<meta name=\"twitter:card\" content=\"summary_large_image\" \/>\n<meta name=\"twitter:creator\" content=\"@LosPoliticosVer\" \/>\n<meta name=\"twitter:site\" content=\"@LosPoliticosVer\" \/>\n<meta name=\"twitter:label1\" content=\"Escrito por\" \/>\n\t<meta name=\"twitter:data1\" content=\"Lo viste en Los Pol\u00edticos\" \/>\n\t<meta name=\"twitter:label2\" content=\"Tiempo de lectura\" \/>\n\t<meta name=\"twitter:data2\" content=\"6 minutos\" \/>\n<script type=\"application\/ld+json\" class=\"yoast-schema-graph\">{\"@context\":\"https:\\\/\\\/schema.org\",\"@graph\":[{\"@type\":\"Article\",\"@id\":\"https:\\\/\\\/lospoliticosveracruz.com\\\/?p=47234#article\",\"isPartOf\":{\"@id\":\"https:\\\/\\\/lospoliticosveracruz.com\\\/?p=47234\"},\"author\":{\"name\":\"Lo viste en Los Pol\u00edticos\",\"@id\":\"https:\\\/\\\/lospoliticosveracruz.com\\\/#\\\/schema\\\/person\\\/b8702bb0e538456e6efd07080bf2a4a2\"},\"headline\":\"Jilotepec Power, rumbo al 2021\",\"datePublished\":\"2019-03-08T15:46:11+00:00\",\"mainEntityOfPage\":{\"@id\":\"https:\\\/\\\/lospoliticosveracruz.com\\\/?p=47234\"},\"wordCount\":1150,\"commentCount\":0,\"publisher\":{\"@id\":\"https:\\\/\\\/lospoliticosveracruz.com\\\/#organization\"},\"image\":{\"@id\":\"https:\\\/\\\/lospoliticosveracruz.com\\\/?p=47234#primaryimage\"},\"thumbnailUrl\":\"https:\\\/\\\/lospoliticosveracruz.com\\\/wp-content\\\/uploads\\\/2019\\\/03\\\/Eleazar.jpeg\",\"keywords\":[\"C\u00e1ncer\",\"Chinameca\",\"Eleazar Guerrero P\u00e9rez\",\"Fidel Herrera Beltr\u00e1n\",\"Gonzalo Morgado Huesca\",\"Henri Christophe G\u00f3mez S\u00e1nchez\",\"Hospitales\",\"Jos\u00e9 Manuel Pozos Castro\",\"Leslie Garibo\",\"Manuel Huerta Ladr\u00f3n de Guevara\",\"nepotismo\",\"Sistema Estatal Anticorrupci\u00f3n\"],\"articleSection\":[\"De Opini\u00f3n\"],\"inLanguage\":\"es\",\"potentialAction\":[{\"@type\":\"CommentAction\",\"name\":\"Comment\",\"target\":[\"https:\\\/\\\/lospoliticosveracruz.com\\\/?p=47234#respond\"]}]},{\"@type\":\"WebPage\",\"@id\":\"https:\\\/\\\/lospoliticosveracruz.com\\\/?p=47234\",\"url\":\"https:\\\/\\\/lospoliticosveracruz.com\\\/?p=47234\",\"name\":\"Jilotepec Power, rumbo al 2021 - Los pol\u00edticos Veracruz\",\"isPartOf\":{\"@id\":\"https:\\\/\\\/lospoliticosveracruz.com\\\/#website\"},\"primaryImageOfPage\":{\"@id\":\"https:\\\/\\\/lospoliticosveracruz.com\\\/?p=47234#primaryimage\"},\"image\":{\"@id\":\"https:\\\/\\\/lospoliticosveracruz.com\\\/?p=47234#primaryimage\"},\"thumbnailUrl\":\"https:\\\/\\\/lospoliticosveracruz.com\\\/wp-content\\\/uploads\\\/2019\\\/03\\\/Eleazar.jpeg\",\"datePublished\":\"2019-03-08T15:46:11+00:00\",\"breadcrumb\":{\"@id\":\"https:\\\/\\\/lospoliticosveracruz.com\\\/?p=47234#breadcrumb\"},\"inLanguage\":\"es\",\"potentialAction\":[{\"@type\":\"ReadAction\",\"target\":[\"https:\\\/\\\/lospoliticosveracruz.com\\\/?p=47234\"]}]},{\"@type\":\"ImageObject\",\"inLanguage\":\"es\",\"@id\":\"https:\\\/\\\/lospoliticosveracruz.com\\\/?p=47234#primaryimage\",\"url\":\"https:\\\/\\\/lospoliticosveracruz.com\\\/wp-content\\\/uploads\\\/2019\\\/03\\\/Eleazar.jpeg\",\"contentUrl\":\"https:\\\/\\\/lospoliticosveracruz.com\\\/wp-content\\\/uploads\\\/2019\\\/03\\\/Eleazar.jpeg\",\"width\":276,\"height\":183},{\"@type\":\"BreadcrumbList\",\"@id\":\"https:\\\/\\\/lospoliticosveracruz.com\\\/?p=47234#breadcrumb\",\"itemListElement\":[{\"@type\":\"ListItem\",\"position\":1,\"name\":\"Portada\",\"item\":\"https:\\\/\\\/lospoliticosveracruz.com\\\/\"},{\"@type\":\"ListItem\",\"position\":2,\"name\":\"Jilotepec Power, rumbo al 2021\"}]},{\"@type\":\"WebSite\",\"@id\":\"https:\\\/\\\/lospoliticosveracruz.com\\\/#website\",\"url\":\"https:\\\/\\\/lospoliticosveracruz.com\\\/\",\"name\":\"Los pol\u00edticos Veracruz\",\"description\":\"\",\"publisher\":{\"@id\":\"https:\\\/\\\/lospoliticosveracruz.com\\\/#organization\"},\"potentialAction\":[{\"@type\":\"SearchAction\",\"target\":{\"@type\":\"EntryPoint\",\"urlTemplate\":\"https:\\\/\\\/lospoliticosveracruz.com\\\/?s={search_term_string}\"},\"query-input\":{\"@type\":\"PropertyValueSpecification\",\"valueRequired\":true,\"valueName\":\"search_term_string\"}}],\"inLanguage\":\"es\"},{\"@type\":\"Organization\",\"@id\":\"https:\\\/\\\/lospoliticosveracruz.com\\\/#organization\",\"name\":\"Los pol\u00edticos Veracruz\",\"url\":\"https:\\\/\\\/lospoliticosveracruz.com\\\/\",\"logo\":{\"@type\":\"ImageObject\",\"inLanguage\":\"es\",\"@id\":\"https:\\\/\\\/lospoliticosveracruz.com\\\/#\\\/schema\\\/logo\\\/image\\\/\",\"url\":\"https:\\\/\\\/lospoliticosveracruz.com\\\/wp-content\\\/uploads\\\/2025\\\/12\\\/Logo-Nuevo-LOS-POLITICOS-1.jpg\",\"contentUrl\":\"https:\\\/\\\/lospoliticosveracruz.com\\\/wp-content\\\/uploads\\\/2025\\\/12\\\/Logo-Nuevo-LOS-POLITICOS-1.jpg\",\"width\":260,\"height\":70,\"caption\":\"Los pol\u00edticos Veracruz\"},\"image\":{\"@id\":\"https:\\\/\\\/lospoliticosveracruz.com\\\/#\\\/schema\\\/logo\\\/image\\\/\"},\"sameAs\":[\"https:\\\/\\\/www.facebook.com\\\/people\\\/Notimemes-de-los-Polticos\\\/61565672886568\\\/\",\"https:\\\/\\\/x.com\\\/LosPoliticosVer\"]},{\"@type\":\"Person\",\"@id\":\"https:\\\/\\\/lospoliticosveracruz.com\\\/#\\\/schema\\\/person\\\/b8702bb0e538456e6efd07080bf2a4a2\",\"name\":\"Lo viste en Los Pol\u00edticos\",\"image\":{\"@type\":\"ImageObject\",\"inLanguage\":\"es\",\"@id\":\"https:\\\/\\\/secure.gravatar.com\\\/avatar\\\/3a8de04a2656d44082be478bd6c086daa447c4651605818287b9532d3d0bd435?s=96&d=mm&r=g\",\"url\":\"https:\\\/\\\/secure.gravatar.com\\\/avatar\\\/3a8de04a2656d44082be478bd6c086daa447c4651605818287b9532d3d0bd435?s=96&d=mm&r=g\",\"contentUrl\":\"https:\\\/\\\/secure.gravatar.com\\\/avatar\\\/3a8de04a2656d44082be478bd6c086daa447c4651605818287b9532d3d0bd435?s=96&d=mm&r=g\",\"caption\":\"Lo viste en Los Pol\u00edticos\"},\"url\":\"https:\\\/\\\/lospoliticosveracruz.com\\\/?author=2\"}]}<\/script>\n<!-- \/ Yoast SEO plugin. -->","yoast_head_json":{"title":"Jilotepec Power, rumbo al 2021 - Los pol\u00edticos Veracruz","robots":{"index":"index","follow":"follow","max-snippet":"max-snippet:-1","max-image-preview":"max-image-preview:large","max-video-preview":"max-video-preview:-1"},"canonical":"https:\/\/lospoliticosveracruz.com\/?p=47234","og_locale":"es_ES","og_type":"article","og_title":"Jilotepec Power, rumbo al 2021 - Los pol\u00edticos Veracruz","og_description":"Ricardo Ch\u00faa Sale y Vale OJO&#8230; En el norte, centro y sur del Estado van a empezar de nuevo a convalecer MUJERES ENFERMAS DE CANCER por el desabasto de medicamentos que hay en los hospitales p\u00fablicos&#8230; Y mientras un diputado local, Henri Christophe G\u00f3mez, presuntamente corre a una empleada del Congreso Local enferma de c\u00e1ncer&#8230; [&hellip;]","og_url":"https:\/\/lospoliticosveracruz.com\/?p=47234","og_site_name":"Los pol\u00edticos Veracruz","article_publisher":"https:\/\/www.facebook.com\/people\/Notimemes-de-los-Polticos\/61565672886568\/","article_published_time":"2019-03-08T15:46:11+00:00","og_image":[{"width":276,"height":183,"url":"https:\/\/lospoliticosveracruz.com\/wp-content\/uploads\/2019\/03\/Eleazar.jpeg","type":"image\/jpeg"}],"author":"Lo viste en Los Pol\u00edticos","twitter_card":"summary_large_image","twitter_creator":"@LosPoliticosVer","twitter_site":"@LosPoliticosVer","twitter_misc":{"Escrito por":"Lo viste en Los Pol\u00edticos","Tiempo de lectura":"6 minutos"},"schema":{"@context":"https:\/\/schema.org","@graph":[{"@type":"Article","@id":"https:\/\/lospoliticosveracruz.com\/?p=47234#article","isPartOf":{"@id":"https:\/\/lospoliticosveracruz.com\/?p=47234"},"author":{"name":"Lo viste en Los Pol\u00edticos","@id":"https:\/\/lospoliticosveracruz.com\/#\/schema\/person\/b8702bb0e538456e6efd07080bf2a4a2"},"headline":"Jilotepec Power, rumbo al 2021","datePublished":"2019-03-08T15:46:11+00:00","mainEntityOfPage":{"@id":"https:\/\/lospoliticosveracruz.com\/?p=47234"},"wordCount":1150,"commentCount":0,"publisher":{"@id":"https:\/\/lospoliticosveracruz.com\/#organization"},"image":{"@id":"https:\/\/lospoliticosveracruz.com\/?p=47234#primaryimage"},"thumbnailUrl":"https:\/\/lospoliticosveracruz.com\/wp-content\/uploads\/2019\/03\/Eleazar.jpeg","keywords":["C\u00e1ncer","Chinameca","Eleazar Guerrero P\u00e9rez","Fidel Herrera Beltr\u00e1n","Gonzalo Morgado Huesca","Henri Christophe G\u00f3mez S\u00e1nchez","Hospitales","Jos\u00e9 Manuel Pozos Castro","Leslie Garibo","Manuel Huerta Ladr\u00f3n de Guevara","nepotismo","Sistema Estatal Anticorrupci\u00f3n"],"articleSection":["De Opini\u00f3n"],"inLanguage":"es","potentialAction":[{"@type":"CommentAction","name":"Comment","target":["https:\/\/lospoliticosveracruz.com\/?p=47234#respond"]}]},{"@type":"WebPage","@id":"https:\/\/lospoliticosveracruz.com\/?p=47234","url":"https:\/\/lospoliticosveracruz.com\/?p=47234","name":"Jilotepec Power, rumbo al 2021 - Los pol\u00edticos Veracruz","isPartOf":{"@id":"https:\/\/lospoliticosveracruz.com\/#website"},"primaryImageOfPage":{"@id":"https:\/\/lospoliticosveracruz.com\/?p=47234#primaryimage"},"image":{"@id":"https:\/\/lospoliticosveracruz.com\/?p=47234#primaryimage"},"thumbnailUrl":"https:\/\/lospoliticosveracruz.com\/wp-content\/uploads\/2019\/03\/Eleazar.jpeg","datePublished":"2019-03-08T15:46:11+00:00","breadcrumb":{"@id":"https:\/\/lospoliticosveracruz.com\/?p=47234#breadcrumb"},"inLanguage":"es","potentialAction":[{"@type":"ReadAction","target":["https:\/\/lospoliticosveracruz.com\/?p=47234"]}]},{"@type":"ImageObject","inLanguage":"es","@id":"https:\/\/lospoliticosveracruz.com\/?p=47234#primaryimage","url":"https:\/\/lospoliticosveracruz.com\/wp-content\/uploads\/2019\/03\/Eleazar.jpeg","contentUrl":"https:\/\/lospoliticosveracruz.com\/wp-content\/uploads\/2019\/03\/Eleazar.jpeg","width":276,"height":183},{"@type":"BreadcrumbList","@id":"https:\/\/lospoliticosveracruz.com\/?p=47234#breadcrumb","itemListElement":[{"@type":"ListItem","position":1,"name":"Portada","item":"https:\/\/lospoliticosveracruz.com\/"},{"@type":"ListItem","position":2,"name":"Jilotepec Power, rumbo al 2021"}]},{"@type":"WebSite","@id":"https:\/\/lospoliticosveracruz.com\/#website","url":"https:\/\/lospoliticosveracruz.com\/","name":"Los pol\u00edticos Veracruz","description":"","publisher":{"@id":"https:\/\/lospoliticosveracruz.com\/#organization"},"potentialAction":[{"@type":"SearchAction","target":{"@type":"EntryPoint","urlTemplate":"https:\/\/lospoliticosveracruz.com\/?s={search_term_string}"},"query-input":{"@type":"PropertyValueSpecification","valueRequired":true,"valueName":"search_term_string"}}],"inLanguage":"es"},{"@type":"Organization","@id":"https:\/\/lospoliticosveracruz.com\/#organization","name":"Los pol\u00edticos Veracruz","url":"https:\/\/lospoliticosveracruz.com\/","logo":{"@type":"ImageObject","inLanguage":"es","@id":"https:\/\/lospoliticosveracruz.com\/#\/schema\/logo\/image\/","url":"https:\/\/lospoliticosveracruz.com\/wp-content\/uploads\/2025\/12\/Logo-Nuevo-LOS-POLITICOS-1.jpg","contentUrl":"https:\/\/lospoliticosveracruz.com\/wp-content\/uploads\/2025\/12\/Logo-Nuevo-LOS-POLITICOS-1.jpg","width":260,"height":70,"caption":"Los pol\u00edticos Veracruz"},"image":{"@id":"https:\/\/lospoliticosveracruz.com\/#\/schema\/logo\/image\/"},"sameAs":["https:\/\/www.facebook.com\/people\/Notimemes-de-los-Polticos\/61565672886568\/","https:\/\/x.com\/LosPoliticosVer"]},{"@type":"Person","@id":"https:\/\/lospoliticosveracruz.com\/#\/schema\/person\/b8702bb0e538456e6efd07080bf2a4a2","name":"Lo viste en Los Pol\u00edticos","image":{"@type":"ImageObject","inLanguage":"es","@id":"https:\/\/secure.gravatar.com\/avatar\/3a8de04a2656d44082be478bd6c086daa447c4651605818287b9532d3d0bd435?s=96&d=mm&r=g","url":"https:\/\/secure.gravatar.com\/avatar\/3a8de04a2656d44082be478bd6c086daa447c4651605818287b9532d3d0bd435?s=96&d=mm&r=g","contentUrl":"https:\/\/secure.gravatar.com\/avatar\/3a8de04a2656d44082be478bd6c086daa447c4651605818287b9532d3d0bd435?s=96&d=mm&r=g","caption":"Lo viste en Los Pol\u00edticos"},"url":"https:\/\/lospoliticosveracruz.com\/?author=2"}]}},"_links":{"self":[{"href":"https:\/\/lospoliticosveracruz.com\/index.php?rest_route=\/wp\/v2\/posts\/47234","targetHints":{"allow":["GET"]}}],"collection":[{"href":"https:\/\/lospoliticosveracruz.com\/index.php?rest_route=\/wp\/v2\/posts"}],"about":[{"href":"https:\/\/lospoliticosveracruz.com\/index.php?rest_route=\/wp\/v2\/types\/post"}],"author":[{"embeddable":true,"href":"https:\/\/lospoliticosveracruz.com\/index.php?rest_route=\/wp\/v2\/users\/2"}],"replies":[{"embeddable":true,"href":"https:\/\/lospoliticosveracruz.com\/index.php?rest_route=%2Fwp%2Fv2%2Fcomments&post=47234"}],"version-history":[{"count":1,"href":"https:\/\/lospoliticosveracruz.com\/index.php?rest_route=\/wp\/v2\/posts\/47234\/revisions"}],"predecessor-version":[{"id":47236,"href":"https:\/\/lospoliticosveracruz.com\/index.php?rest_route=\/wp\/v2\/posts\/47234\/revisions\/47236"}],"wp:featuredmedia":[{"embeddable":true,"href":"https:\/\/lospoliticosveracruz.com\/index.php?rest_route=\/wp\/v2\/media\/47235"}],"wp:attachment":[{"href":"https:\/\/lospoliticosveracruz.com\/index.php?rest_route=%2Fwp%2Fv2%2Fmedia&parent=47234"}],"wp:term":[{"taxonomy":"category","embeddable":true,"href":"https:\/\/lospoliticosveracruz.com\/index.php?rest_route=%2Fwp%2Fv2%2Fcategories&post=47234"},{"taxonomy":"post_tag","embeddable":true,"href":"https:\/\/lospoliticosveracruz.com\/index.php?rest_route=%2Fwp%2Fv2%2Ftags&post=47234"}],"curies":[{"name":"wp","href":"https:\/\/api.w.org\/{rel}","templated":true}]}}