{"id":47278,"date":"2019-03-12T08:56:38","date_gmt":"2019-03-12T14:56:38","guid":{"rendered":"http:\/\/www.lospoliticosveracruz.com.mx\/?p=47278"},"modified":"2019-03-12T08:56:38","modified_gmt":"2019-03-12T14:56:38","slug":"veracruz-entre-feminicidios-y-agresiones-a-periodistas","status":"publish","type":"post","link":"https:\/\/lospoliticosveracruz.com\/?p=47278","title":{"rendered":"Veracruz, entre feminicidios y agresiones a periodistas"},"content":{"rendered":"<p><strong>Ricardo Ch\u00faa<\/strong><\/p>\n<p><em>Sale y Vale<\/em><\/p>\n<p>OJO&#8230; Los femenicidios no paran&#8230; La nueva tragedia ocurri\u00f3 este domingo en Tlachichilco, al norte de Veracruz, un hombre asesino a pu\u00f1aladas a su esposa porque esta le pidi\u00f3 el divorcio, presuntamente cansada de la violencia f\u00edsica y mental que era sometida&#8230; Y no s\u00f3lo eso&#8230; La se\u00f1ora ten\u00eda 4 meses de embarazo, seg\u00fan las autoridades.. Pero la barbarie al m\u00e1ximo fue cuando la mujer present\u00f3 que al menos le asestaron 8 pu\u00f1aladas por la espalda&#8230; Un acto vil y cobarde&#8230; La MISERIA HUMANA ya habita en Veracruz&#8230;<\/p>\n<p>LA OTRA VIOLENCIA&#8230; Ya son dos periodistas que han tenido desencuentros con autoridades estatales, federales y personal del Congreso Local en Veracruz&#8230; Lo bueno es que no se ha salido de las manos&#8230; Pero el coordinador de MORENA de diputados, Juan Javier G\u00f3mez Cazar\u00edn, debe investigar y llama la atenci\u00f3n a la legisladora, Claudia Tello Espinoza, cuya escolta por utilizar el celular mientras conduc\u00eda, sac\u00f3 de la carretera en Xalapa a un periodista de el portal \u00abAl calor pol\u00edtico\u00bb y luego hasta lo amenaz\u00f3&#8230; El asunto se puede poner m\u00e1s grave&#8230;<\/p>\n<p>Por lo menos que se inicie una investigaci\u00f3n sobre los hechos y el por qu\u00e9 el escolta, con presunto apoyo de ella, amenazaron a este reportero&#8230;. Que se aclare para que no digan que la prensa siempre se victimiza (aunque es pr\u00e1ctica muy bien hecha por pol\u00edticos de MORENA) para saber que pas\u00f3 en realidad y si el escolta de la diputada merece una sanci\u00f3n o no&#8230; OJO Gobernador el \u00abhorno no est\u00e1 pa bollos\u00bb&#8230; Al rato tambi\u00e9n los diputados se van a querer hacer \u00abjusticia por su propia mano\u00bb como sucedi\u00f3 en Minatitlan&#8230;.<\/p>\n<p>No deje que la \u00absangre\u00bb llegue al r\u00edo&#8230; Hay mucha violencia en la entidad para que se sume una afrenta con medios de comunicaci\u00f3n y al rato se lamente de sucesos como el ocurrido ayer en Xalapa porque el desenlace puede ser otro&#8230; La pregunta es: C\u00f3mo la diputada, Claudia Tello amenaz\u00f3 con \u00ablevantar y desaparecer\u00bb al comunicador&#8230; OJO WINCKLER aqu\u00ed se tiene que ver la intervenci\u00f3n de la Fiscal\u00eda General del Estado por un hecho como este, que tiene mucha repercusi\u00f3n medi\u00e1tica&#8230;<\/p>\n<p>M\u00e1s cuando hay de testigo un elemento de Tr\u00e1nsito de tal hecho&#8230; Ojal\u00e1 y todo se arregle conforme al derecho&#8230; Por lo menos que la legisladora pida disculpas o que el periodista si se equivoc\u00f3, pues, tambi\u00e9n que se disculpe con Tello, aqu\u00ed no se trata de proteger a nadie&#8230; La acusaci\u00f3n es grave y el se\u00f1alamiento tambi\u00e9n&#8230; El Jefe Pol\u00edtico de MORENA en Veracruz se llama, Cuitl\u00e1huac Garc\u00eda y como gobernador tiene que pedir una investigaci\u00f3n&#8230; Esto no es nepotismo, es una amenaza en contra de un comunicador&#8230;<\/p>\n<p>El propio Cuitl\u00e1huac Garc\u00eda sabe que eso no se puede quedar as\u00ed y alguna de las partes tendr\u00e1 que disculparse&#8230; Pero una amenaza de esa naturaleza se investiga&#8230;Ya de por si los \u00e1nimos andan \u00abcaldeados\u00bb en Veracruz por el tema del periodista de Grupo FM 99.7 en Veracruz puerto, Franco Cardel, de la estaci\u00f3n de Felillo Malpica, cuyo suceso del fin de semana pasado se volvi\u00f3 un esc\u00e1ndalo cuando un elemento de la Polic\u00eda Naval en esta ciudad, le quit\u00f3 el celular mientras grababa un presunto hecho delictivo&#8230;<\/p>\n","protected":false},"excerpt":{"rendered":"<p>Ricardo Ch\u00faa Sale y Vale OJO&#8230; Los femenicidios no paran&#8230; La nueva tragedia ocurri\u00f3 este domingo en Tlachichilco, al norte de Veracruz, un hombre asesino a pu\u00f1aladas a su esposa porque esta le pidi\u00f3 el divorcio, presuntamente cansada de la violencia f\u00edsica y mental que era sometida&#8230; Y no s\u00f3lo eso&#8230; La se\u00f1ora ten\u00eda 4 [&hellip;]<\/p>\n","protected":false},"author":2,"featured_media":47279,"comment_status":"open","ping_status":"open","sticky":false,"template":"","format":"standard","meta":{"tdm_status":"","tdm_grid_status":"","footnotes":""},"categories":[70],"tags":[13795,1563,826,14193,12695,373,1026,1312,13604,14192,195],"class_list":{"0":"post-47278","1":"post","2":"type-post","3":"status-publish","4":"format-standard","5":"has-post-thumbnail","7":"category-de-opinion","8":"tag-claudia-tello-espinoza","9":"tag-cuitlahuac-garcia-jimenez","10":"tag-feminicidios","11":"tag-franco-cardel","12":"tag-juan-javier-gomez-cazarin","13":"tag-minatitlan","14":"tag-morena","15":"tag-periodistas","16":"tag-ricardo-chua","17":"tag-tlachichilco","18":"tag-veracruz"},"yoast_head":"<!-- This site is optimized with the Yoast SEO plugin v27.4 - https:\/\/yoast.com\/product\/yoast-seo-wordpress\/ -->\n<title>Veracruz, entre feminicidios y agresiones a periodistas - Los pol\u00edticos Veracruz<\/title>\n<meta name=\"robots\" content=\"index, follow, max-snippet:-1, max-image-preview:large, max-video-preview:-1\" \/>\n<link rel=\"canonical\" href=\"https:\/\/lospoliticosveracruz.com\/?p=47278\" \/>\n<meta property=\"og:locale\" content=\"es_ES\" \/>\n<meta property=\"og:type\" content=\"article\" \/>\n<meta property=\"og:title\" content=\"Veracruz, entre feminicidios y agresiones a periodistas - Los pol\u00edticos Veracruz\" \/>\n<meta property=\"og:description\" content=\"Ricardo Ch\u00faa Sale y Vale OJO&#8230; Los femenicidios no paran&#8230; La nueva tragedia ocurri\u00f3 este domingo en Tlachichilco, al norte de Veracruz, un hombre asesino a pu\u00f1aladas a su esposa porque esta le pidi\u00f3 el divorcio, presuntamente cansada de la violencia f\u00edsica y mental que era sometida&#8230; Y no s\u00f3lo eso&#8230; La se\u00f1ora ten\u00eda 4 [&hellip;]\" \/>\n<meta property=\"og:url\" content=\"https:\/\/lospoliticosveracruz.com\/?p=47278\" \/>\n<meta property=\"og:site_name\" content=\"Los pol\u00edticos Veracruz\" \/>\n<meta property=\"article:publisher\" content=\"https:\/\/www.facebook.com\/people\/Notimemes-de-los-Polticos\/61565672886568\/\" \/>\n<meta property=\"article:published_time\" content=\"2019-03-12T14:56:38+00:00\" \/>\n<meta property=\"og:image\" content=\"https:\/\/lospoliticosveracruz.com\/wp-content\/uploads\/2019\/03\/Franco-Cardel.jpg\" \/>\n\t<meta property=\"og:image:width\" content=\"600\" \/>\n\t<meta property=\"og:image:height\" content=\"396\" \/>\n\t<meta property=\"og:image:type\" content=\"image\/jpeg\" \/>\n<meta name=\"author\" content=\"Lo viste en Los Pol\u00edticos\" \/>\n<meta name=\"twitter:card\" content=\"summary_large_image\" \/>\n<meta name=\"twitter:creator\" content=\"@LosPoliticosVer\" \/>\n<meta name=\"twitter:site\" content=\"@LosPoliticosVer\" \/>\n<meta name=\"twitter:label1\" content=\"Escrito por\" \/>\n\t<meta name=\"twitter:data1\" content=\"Lo viste en Los Pol\u00edticos\" \/>\n\t<meta name=\"twitter:label2\" content=\"Tiempo de lectura\" \/>\n\t<meta name=\"twitter:data2\" content=\"3 minutos\" \/>\n<script type=\"application\/ld+json\" class=\"yoast-schema-graph\">{\"@context\":\"https:\\\/\\\/schema.org\",\"@graph\":[{\"@type\":\"Article\",\"@id\":\"https:\\\/\\\/lospoliticosveracruz.com\\\/?p=47278#article\",\"isPartOf\":{\"@id\":\"https:\\\/\\\/lospoliticosveracruz.com\\\/?p=47278\"},\"author\":{\"name\":\"Lo viste en Los Pol\u00edticos\",\"@id\":\"https:\\\/\\\/lospoliticosveracruz.com\\\/#\\\/schema\\\/person\\\/b8702bb0e538456e6efd07080bf2a4a2\"},\"headline\":\"Veracruz, entre feminicidios y agresiones a periodistas\",\"datePublished\":\"2019-03-12T14:56:38+00:00\",\"mainEntityOfPage\":{\"@id\":\"https:\\\/\\\/lospoliticosveracruz.com\\\/?p=47278\"},\"wordCount\":585,\"commentCount\":0,\"publisher\":{\"@id\":\"https:\\\/\\\/lospoliticosveracruz.com\\\/#organization\"},\"image\":{\"@id\":\"https:\\\/\\\/lospoliticosveracruz.com\\\/?p=47278#primaryimage\"},\"thumbnailUrl\":\"https:\\\/\\\/lospoliticosveracruz.com\\\/wp-content\\\/uploads\\\/2019\\\/03\\\/Franco-Cardel.jpg\",\"keywords\":[\"Claudia Tello Espinoza\",\"Cuitl\u00e1huac Garc\u00eda Jim\u00e9nez\",\"feminicidios\",\"Franco Cardel\",\"Juan Javier G\u00f3mez Cazar\u00edn\",\"Minatitl\u00e1n\",\"Morena\",\"periodistas\",\"Ricardo Ch\u00faa\",\"Tlachichilco\",\"Veracruz\"],\"articleSection\":[\"De Opini\u00f3n\"],\"inLanguage\":\"es\",\"potentialAction\":[{\"@type\":\"CommentAction\",\"name\":\"Comment\",\"target\":[\"https:\\\/\\\/lospoliticosveracruz.com\\\/?p=47278#respond\"]}]},{\"@type\":\"WebPage\",\"@id\":\"https:\\\/\\\/lospoliticosveracruz.com\\\/?p=47278\",\"url\":\"https:\\\/\\\/lospoliticosveracruz.com\\\/?p=47278\",\"name\":\"Veracruz, entre feminicidios y agresiones a periodistas - Los pol\u00edticos Veracruz\",\"isPartOf\":{\"@id\":\"https:\\\/\\\/lospoliticosveracruz.com\\\/#website\"},\"primaryImageOfPage\":{\"@id\":\"https:\\\/\\\/lospoliticosveracruz.com\\\/?p=47278#primaryimage\"},\"image\":{\"@id\":\"https:\\\/\\\/lospoliticosveracruz.com\\\/?p=47278#primaryimage\"},\"thumbnailUrl\":\"https:\\\/\\\/lospoliticosveracruz.com\\\/wp-content\\\/uploads\\\/2019\\\/03\\\/Franco-Cardel.jpg\",\"datePublished\":\"2019-03-12T14:56:38+00:00\",\"breadcrumb\":{\"@id\":\"https:\\\/\\\/lospoliticosveracruz.com\\\/?p=47278#breadcrumb\"},\"inLanguage\":\"es\",\"potentialAction\":[{\"@type\":\"ReadAction\",\"target\":[\"https:\\\/\\\/lospoliticosveracruz.com\\\/?p=47278\"]}]},{\"@type\":\"ImageObject\",\"inLanguage\":\"es\",\"@id\":\"https:\\\/\\\/lospoliticosveracruz.com\\\/?p=47278#primaryimage\",\"url\":\"https:\\\/\\\/lospoliticosveracruz.com\\\/wp-content\\\/uploads\\\/2019\\\/03\\\/Franco-Cardel.jpg\",\"contentUrl\":\"https:\\\/\\\/lospoliticosveracruz.com\\\/wp-content\\\/uploads\\\/2019\\\/03\\\/Franco-Cardel.jpg\",\"width\":600,\"height\":396},{\"@type\":\"BreadcrumbList\",\"@id\":\"https:\\\/\\\/lospoliticosveracruz.com\\\/?p=47278#breadcrumb\",\"itemListElement\":[{\"@type\":\"ListItem\",\"position\":1,\"name\":\"Portada\",\"item\":\"https:\\\/\\\/lospoliticosveracruz.com\\\/\"},{\"@type\":\"ListItem\",\"position\":2,\"name\":\"Veracruz, entre feminicidios y agresiones a periodistas\"}]},{\"@type\":\"WebSite\",\"@id\":\"https:\\\/\\\/lospoliticosveracruz.com\\\/#website\",\"url\":\"https:\\\/\\\/lospoliticosveracruz.com\\\/\",\"name\":\"Los pol\u00edticos Veracruz\",\"description\":\"\",\"publisher\":{\"@id\":\"https:\\\/\\\/lospoliticosveracruz.com\\\/#organization\"},\"potentialAction\":[{\"@type\":\"SearchAction\",\"target\":{\"@type\":\"EntryPoint\",\"urlTemplate\":\"https:\\\/\\\/lospoliticosveracruz.com\\\/?s={search_term_string}\"},\"query-input\":{\"@type\":\"PropertyValueSpecification\",\"valueRequired\":true,\"valueName\":\"search_term_string\"}}],\"inLanguage\":\"es\"},{\"@type\":\"Organization\",\"@id\":\"https:\\\/\\\/lospoliticosveracruz.com\\\/#organization\",\"name\":\"Los pol\u00edticos Veracruz\",\"url\":\"https:\\\/\\\/lospoliticosveracruz.com\\\/\",\"logo\":{\"@type\":\"ImageObject\",\"inLanguage\":\"es\",\"@id\":\"https:\\\/\\\/lospoliticosveracruz.com\\\/#\\\/schema\\\/logo\\\/image\\\/\",\"url\":\"https:\\\/\\\/lospoliticosveracruz.com\\\/wp-content\\\/uploads\\\/2025\\\/12\\\/Logo-Nuevo-LOS-POLITICOS-1.jpg\",\"contentUrl\":\"https:\\\/\\\/lospoliticosveracruz.com\\\/wp-content\\\/uploads\\\/2025\\\/12\\\/Logo-Nuevo-LOS-POLITICOS-1.jpg\",\"width\":260,\"height\":70,\"caption\":\"Los pol\u00edticos Veracruz\"},\"image\":{\"@id\":\"https:\\\/\\\/lospoliticosveracruz.com\\\/#\\\/schema\\\/logo\\\/image\\\/\"},\"sameAs\":[\"https:\\\/\\\/www.facebook.com\\\/people\\\/Notimemes-de-los-Polticos\\\/61565672886568\\\/\",\"https:\\\/\\\/x.com\\\/LosPoliticosVer\"]},{\"@type\":\"Person\",\"@id\":\"https:\\\/\\\/lospoliticosveracruz.com\\\/#\\\/schema\\\/person\\\/b8702bb0e538456e6efd07080bf2a4a2\",\"name\":\"Lo viste en Los Pol\u00edticos\",\"image\":{\"@type\":\"ImageObject\",\"inLanguage\":\"es\",\"@id\":\"https:\\\/\\\/secure.gravatar.com\\\/avatar\\\/3a8de04a2656d44082be478bd6c086daa447c4651605818287b9532d3d0bd435?s=96&d=mm&r=g\",\"url\":\"https:\\\/\\\/secure.gravatar.com\\\/avatar\\\/3a8de04a2656d44082be478bd6c086daa447c4651605818287b9532d3d0bd435?s=96&d=mm&r=g\",\"contentUrl\":\"https:\\\/\\\/secure.gravatar.com\\\/avatar\\\/3a8de04a2656d44082be478bd6c086daa447c4651605818287b9532d3d0bd435?s=96&d=mm&r=g\",\"caption\":\"Lo viste en Los Pol\u00edticos\"},\"url\":\"https:\\\/\\\/lospoliticosveracruz.com\\\/?author=2\"}]}<\/script>\n<!-- \/ Yoast SEO plugin. -->","yoast_head_json":{"title":"Veracruz, entre feminicidios y agresiones a periodistas - Los pol\u00edticos Veracruz","robots":{"index":"index","follow":"follow","max-snippet":"max-snippet:-1","max-image-preview":"max-image-preview:large","max-video-preview":"max-video-preview:-1"},"canonical":"https:\/\/lospoliticosveracruz.com\/?p=47278","og_locale":"es_ES","og_type":"article","og_title":"Veracruz, entre feminicidios y agresiones a periodistas - Los pol\u00edticos Veracruz","og_description":"Ricardo Ch\u00faa Sale y Vale OJO&#8230; Los femenicidios no paran&#8230; La nueva tragedia ocurri\u00f3 este domingo en Tlachichilco, al norte de Veracruz, un hombre asesino a pu\u00f1aladas a su esposa porque esta le pidi\u00f3 el divorcio, presuntamente cansada de la violencia f\u00edsica y mental que era sometida&#8230; Y no s\u00f3lo eso&#8230; La se\u00f1ora ten\u00eda 4 [&hellip;]","og_url":"https:\/\/lospoliticosveracruz.com\/?p=47278","og_site_name":"Los pol\u00edticos Veracruz","article_publisher":"https:\/\/www.facebook.com\/people\/Notimemes-de-los-Polticos\/61565672886568\/","article_published_time":"2019-03-12T14:56:38+00:00","og_image":[{"width":600,"height":396,"url":"https:\/\/lospoliticosveracruz.com\/wp-content\/uploads\/2019\/03\/Franco-Cardel.jpg","type":"image\/jpeg"}],"author":"Lo viste en Los Pol\u00edticos","twitter_card":"summary_large_image","twitter_creator":"@LosPoliticosVer","twitter_site":"@LosPoliticosVer","twitter_misc":{"Escrito por":"Lo viste en Los Pol\u00edticos","Tiempo de lectura":"3 minutos"},"schema":{"@context":"https:\/\/schema.org","@graph":[{"@type":"Article","@id":"https:\/\/lospoliticosveracruz.com\/?p=47278#article","isPartOf":{"@id":"https:\/\/lospoliticosveracruz.com\/?p=47278"},"author":{"name":"Lo viste en Los Pol\u00edticos","@id":"https:\/\/lospoliticosveracruz.com\/#\/schema\/person\/b8702bb0e538456e6efd07080bf2a4a2"},"headline":"Veracruz, entre feminicidios y agresiones a periodistas","datePublished":"2019-03-12T14:56:38+00:00","mainEntityOfPage":{"@id":"https:\/\/lospoliticosveracruz.com\/?p=47278"},"wordCount":585,"commentCount":0,"publisher":{"@id":"https:\/\/lospoliticosveracruz.com\/#organization"},"image":{"@id":"https:\/\/lospoliticosveracruz.com\/?p=47278#primaryimage"},"thumbnailUrl":"https:\/\/lospoliticosveracruz.com\/wp-content\/uploads\/2019\/03\/Franco-Cardel.jpg","keywords":["Claudia Tello Espinoza","Cuitl\u00e1huac Garc\u00eda Jim\u00e9nez","feminicidios","Franco Cardel","Juan Javier G\u00f3mez Cazar\u00edn","Minatitl\u00e1n","Morena","periodistas","Ricardo Ch\u00faa","Tlachichilco","Veracruz"],"articleSection":["De Opini\u00f3n"],"inLanguage":"es","potentialAction":[{"@type":"CommentAction","name":"Comment","target":["https:\/\/lospoliticosveracruz.com\/?p=47278#respond"]}]},{"@type":"WebPage","@id":"https:\/\/lospoliticosveracruz.com\/?p=47278","url":"https:\/\/lospoliticosveracruz.com\/?p=47278","name":"Veracruz, entre feminicidios y agresiones a periodistas - Los pol\u00edticos Veracruz","isPartOf":{"@id":"https:\/\/lospoliticosveracruz.com\/#website"},"primaryImageOfPage":{"@id":"https:\/\/lospoliticosveracruz.com\/?p=47278#primaryimage"},"image":{"@id":"https:\/\/lospoliticosveracruz.com\/?p=47278#primaryimage"},"thumbnailUrl":"https:\/\/lospoliticosveracruz.com\/wp-content\/uploads\/2019\/03\/Franco-Cardel.jpg","datePublished":"2019-03-12T14:56:38+00:00","breadcrumb":{"@id":"https:\/\/lospoliticosveracruz.com\/?p=47278#breadcrumb"},"inLanguage":"es","potentialAction":[{"@type":"ReadAction","target":["https:\/\/lospoliticosveracruz.com\/?p=47278"]}]},{"@type":"ImageObject","inLanguage":"es","@id":"https:\/\/lospoliticosveracruz.com\/?p=47278#primaryimage","url":"https:\/\/lospoliticosveracruz.com\/wp-content\/uploads\/2019\/03\/Franco-Cardel.jpg","contentUrl":"https:\/\/lospoliticosveracruz.com\/wp-content\/uploads\/2019\/03\/Franco-Cardel.jpg","width":600,"height":396},{"@type":"BreadcrumbList","@id":"https:\/\/lospoliticosveracruz.com\/?p=47278#breadcrumb","itemListElement":[{"@type":"ListItem","position":1,"name":"Portada","item":"https:\/\/lospoliticosveracruz.com\/"},{"@type":"ListItem","position":2,"name":"Veracruz, entre feminicidios y agresiones a periodistas"}]},{"@type":"WebSite","@id":"https:\/\/lospoliticosveracruz.com\/#website","url":"https:\/\/lospoliticosveracruz.com\/","name":"Los pol\u00edticos Veracruz","description":"","publisher":{"@id":"https:\/\/lospoliticosveracruz.com\/#organization"},"potentialAction":[{"@type":"SearchAction","target":{"@type":"EntryPoint","urlTemplate":"https:\/\/lospoliticosveracruz.com\/?s={search_term_string}"},"query-input":{"@type":"PropertyValueSpecification","valueRequired":true,"valueName":"search_term_string"}}],"inLanguage":"es"},{"@type":"Organization","@id":"https:\/\/lospoliticosveracruz.com\/#organization","name":"Los pol\u00edticos Veracruz","url":"https:\/\/lospoliticosveracruz.com\/","logo":{"@type":"ImageObject","inLanguage":"es","@id":"https:\/\/lospoliticosveracruz.com\/#\/schema\/logo\/image\/","url":"https:\/\/lospoliticosveracruz.com\/wp-content\/uploads\/2025\/12\/Logo-Nuevo-LOS-POLITICOS-1.jpg","contentUrl":"https:\/\/lospoliticosveracruz.com\/wp-content\/uploads\/2025\/12\/Logo-Nuevo-LOS-POLITICOS-1.jpg","width":260,"height":70,"caption":"Los pol\u00edticos Veracruz"},"image":{"@id":"https:\/\/lospoliticosveracruz.com\/#\/schema\/logo\/image\/"},"sameAs":["https:\/\/www.facebook.com\/people\/Notimemes-de-los-Polticos\/61565672886568\/","https:\/\/x.com\/LosPoliticosVer"]},{"@type":"Person","@id":"https:\/\/lospoliticosveracruz.com\/#\/schema\/person\/b8702bb0e538456e6efd07080bf2a4a2","name":"Lo viste en Los Pol\u00edticos","image":{"@type":"ImageObject","inLanguage":"es","@id":"https:\/\/secure.gravatar.com\/avatar\/3a8de04a2656d44082be478bd6c086daa447c4651605818287b9532d3d0bd435?s=96&d=mm&r=g","url":"https:\/\/secure.gravatar.com\/avatar\/3a8de04a2656d44082be478bd6c086daa447c4651605818287b9532d3d0bd435?s=96&d=mm&r=g","contentUrl":"https:\/\/secure.gravatar.com\/avatar\/3a8de04a2656d44082be478bd6c086daa447c4651605818287b9532d3d0bd435?s=96&d=mm&r=g","caption":"Lo viste en Los Pol\u00edticos"},"url":"https:\/\/lospoliticosveracruz.com\/?author=2"}]}},"_links":{"self":[{"href":"https:\/\/lospoliticosveracruz.com\/index.php?rest_route=\/wp\/v2\/posts\/47278","targetHints":{"allow":["GET"]}}],"collection":[{"href":"https:\/\/lospoliticosveracruz.com\/index.php?rest_route=\/wp\/v2\/posts"}],"about":[{"href":"https:\/\/lospoliticosveracruz.com\/index.php?rest_route=\/wp\/v2\/types\/post"}],"author":[{"embeddable":true,"href":"https:\/\/lospoliticosveracruz.com\/index.php?rest_route=\/wp\/v2\/users\/2"}],"replies":[{"embeddable":true,"href":"https:\/\/lospoliticosveracruz.com\/index.php?rest_route=%2Fwp%2Fv2%2Fcomments&post=47278"}],"version-history":[{"count":1,"href":"https:\/\/lospoliticosveracruz.com\/index.php?rest_route=\/wp\/v2\/posts\/47278\/revisions"}],"predecessor-version":[{"id":47280,"href":"https:\/\/lospoliticosveracruz.com\/index.php?rest_route=\/wp\/v2\/posts\/47278\/revisions\/47280"}],"wp:featuredmedia":[{"embeddable":true,"href":"https:\/\/lospoliticosveracruz.com\/index.php?rest_route=\/wp\/v2\/media\/47279"}],"wp:attachment":[{"href":"https:\/\/lospoliticosveracruz.com\/index.php?rest_route=%2Fwp%2Fv2%2Fmedia&parent=47278"}],"wp:term":[{"taxonomy":"category","embeddable":true,"href":"https:\/\/lospoliticosveracruz.com\/index.php?rest_route=%2Fwp%2Fv2%2Fcategories&post=47278"},{"taxonomy":"post_tag","embeddable":true,"href":"https:\/\/lospoliticosveracruz.com\/index.php?rest_route=%2Fwp%2Fv2%2Ftags&post=47278"}],"curies":[{"name":"wp","href":"https:\/\/api.w.org\/{rel}","templated":true}]}}