{"id":47284,"date":"2019-03-12T14:43:43","date_gmt":"2019-03-12T20:43:43","guid":{"rendered":"http:\/\/www.lospoliticosveracruz.com.mx\/?p=47284"},"modified":"2019-03-12T14:43:43","modified_gmt":"2019-03-12T20:43:43","slug":"sindicato-del-dif-estatal-molesto-con-incongruencias-de-directora","status":"publish","type":"post","link":"https:\/\/lospoliticosveracruz.com\/?p=47284","title":{"rendered":"Sindicato del DIF estatal, molesto con incongruencias de directora"},"content":{"rendered":"<p><strong>ING. CUITLAHUAC GARC\u00cdA JIM\u00c9NEZ<\/strong><br \/>\nGOBERNADOR CONSTITUCIONAL<br \/>\nDEL ESTADO DE VERACRUZ.<\/p>\n<p><strong>ING. ERIC PATROCINIO CISNEROS BURGOS<\/strong><br \/>\nSECRETARIO DE GOBIERNO<br \/>\nDEL ESTADO DE VERACRUZ<\/p>\n<p>POL\u00cdTICA REGIONAL<\/p>\n<p>A LOS MEDIOS DE COMUNICACI\u00d3N<\/p>\n<p>A LA OPINI\u00d3N P\u00daBLICA<\/p>\n<p>CONGRESO DEL ESTADO<\/p>\n<p>REPRESENTANTES DE PARTIDOS POL\u00cdTICOS<\/p>\n<p>A LA CIUDADAN\u00cdA EN GENERAL:<\/p>\n<p>Ingeniero Cuitl\u00e1huac Garc\u00eda Jim\u00e9nez, gobernador constitucional del Estado de Veracruz, los suscritos integrantes del Comit\u00e9 del Sindicato Democr\u00e1tico de Trabajadores al Servicio del DIF Estatal, nos dirigimos a usted con el debido respeto para hacer de su conocimiento hechos que se han suscitado en las \u00faltimas semanas en el Sistema DIF, los cuales lamentablemente han afectado de distintas maneras tanto a empleados como a usuarios que acuden en busca de ayuda a esta dependencia y lastiman nuestros derechos elementales como trabajadores del poder Ejecutivo.<br \/>\nPero antes de iniciar, perm\u00edtame destacar que, de manera hist\u00f3rica, este Comit\u00e9 Sindical que represento se ha caracterizado en todo momento por cuidar, velar y defender los derechos laborales de la base trabajadora, reconociendo siempre el di\u00e1logo y el acuerdo como herramienta de construcci\u00f3n en la b\u00fasqueda de acciones siempre apegadas a la legalidad y el respeto a las autoridades que en su momento han representado a dicha Instituci\u00f3n; somos gente de paz.<br \/>\nY es as\u00ed que, conscientes del trabajo y enorme esfuerzo de cambio que como Gobernador est\u00e1 realizando para todos los ciudadanos, que nos sumamos a su proyecto de transformaci\u00f3n, el cual encabeza nuestro presidente Andr\u00e9s Manuel L\u00f3pez Obrador, donde la honradez, el trabajo y sobre todo el combate a la corrupci\u00f3n son los ejes que permitir\u00e1n alcanzar las metas y objetivos que AMLO ha planteado, a fin de dar rumbo y certeza futura a nuestra naci\u00f3n, por lo que estamos seguros que tomar\u00e1 cartas en el asunto en esta tan noble Instituci\u00f3n.<\/p>\n<p>H E C H O S<br \/>\nPrimero.- Entendemos y compartimos la estrategia de austeridad implementada por nuestras autoridades bajo el argumento de racionalidad y disciplina presupuestal, sin embargo, para el caso del DIF estatal los empleados lamentan que una de las primeras acciones de la nueva administraci\u00f3n haya sido la de reducir salarios a personal que se encuentra afiliado a esta Organizaci\u00f3n Sindical sin el menor grado de sensibilidad, quienes perciben una remuneraci\u00f3n moderada que apenas y les permite cubrir parte de las necesidades de sus familias y que por lo tanto consideramos transgrede sus derechos para tener una vida digna.<br \/>\nEsto, mientras que nuestras autoridades inmediatas superiores contin\u00faan percibiendo un abultado salario que es el mismo que recib\u00edan los miembros de la pasada administraci\u00f3n estatal, lo que es indignante, ya que incumple con la m\u00e1xima de nuestro presidente constitucional que tanto aborrece: \u201cno puede haber gobierno rico con pueblo pobre\u201d<br \/>\nPues en Veracruz, en el DIF podemos afirmar que tenemos funcionarios ricos con empleados pobres, se\u00f1or gobernador, que no lo intenten enga\u00f1ar, nuestras autoridades no se han bajado el sueldo mientras que a los empleados s\u00ed se les han aplicado descuentos, en varios casos como m\u00e9todo de presi\u00f3n para que renuncien.<br \/>\nPor si lo anterior no fuera suficiente, a nuestros compa\u00f1eros tambi\u00e9n se les han realizado descuentos injustificados por derechos administrativos a los que se hicieron acreedores desde administraciones anteriores, argumentando errores humanos, da\u00f1o que para ser reparado ha llevado desde 10 y hasta 15 d\u00edas en los que no perciben su salario devengado completo, lo que vuelve a afectar sus bolsillos y a sus hijos y dem\u00e1s dependientes econ\u00f3micos familiares.<br \/>\nA ello hay que sumar malos tratos, groser\u00edas, palabras altisonantes y sobre todo despectivas; Tambi\u00e9n tenemos conocimiento que se ha cambiado horario de labores a personal que se hab\u00eda afiliado a esta Organizaci\u00f3n Sindical y que ven\u00eda realizando su trabajo de manera regular y que al no aceptarlo ha tenido que renunciar, aun cuando se encontraba en un proceso legal ante las Autoridades Laborales competentes.<br \/>\nEstas medidas tambi\u00e9n las han querido implementar con personal de base, sin que en su momento se tome en consideraci\u00f3n su punto de vista o aceptaci\u00f3n.<br \/>\nSegundo. &#8211; En el mes de febrero nuestra Directora General, la licenciada Ver\u00f3nica Aguilera Tapia, manifest\u00f3 a los medios de comunicaci\u00f3n que el enojo de algunos trabajadores, sobre todo mujeres, para con su equipo de colaboradores se debe a que los han puesto a trabajar, al respecto le comparto:<br \/>\nSomos gente honesta y de trabajo, a lo largo de los a\u00f1os que lleva el DIF, los trabajadores hemos cumplido cabalmente con nuestras obligaciones sin importar el origen de los Gobiernos que hayan estado, porque nosotros entendemos y tenemos claro que nuestro papel y responsabilidad es la de servir a los veracruzanos sin distingo de siglas o<br \/>\ncolores partidistas, somos INSTITUCIONALES, leales a nuestro estado y a la ciudadan\u00eda que con sus impuestos nos paga para servirle; pero la manera en que la directora sali\u00f3 a manifestar sus inconformidades para con el personal sindicalizado en los medios de comunicaci\u00f3n, sirve para dejar en claro el tipo de pol\u00edtica que desarrolla, prefiere dar su versi\u00f3n p\u00fablica que hablar con nosotros, que anteponer el di\u00e1logo con los suyos y lavar \u201cla ropa sucia en casa\u201d, \u00bfPor qu\u00e9? Porque no existe la comunicaci\u00f3n interna.<br \/>\nNosotros tenemos la necesidad de llevar el sustento diario a nuestras familias y es en base a ello que realizamos cotidianamente nuestra labor, no estamos pensando en qu\u00e9 podemos sustraer de la dependencia, eso afortunadamente no est\u00e1 a nuestro alcance ni lo queremos, los responsables son nuestras autoridades de los recursos de la dependencia, por eso consideramos injustas las imputaciones de la licenciada Ver\u00f3nica Aguilera Tapia, en la cual nos se\u00f1ala como gente sin compromiso y de no querer realizar nuestra labor.<br \/>\nDe igual manera declaro, que en los Centros Asistenciales de Medio Camino y Ni\u00f1o Migrante, los gastos por insumos han disminuido considerablemente porque se dice que se hab\u00edan desviado hacia otros intereses particulares, le aclaramos que el personal sindicalizado no tiene acceso a esos rubros y si ella tiene el fundamento legal para hacer este tipo de se\u00f1alamiento, lo haga del conocimiento ante la autoridad competente, porque al generalizar da una imagen que los trabajadores de DIF somos los que incurrimos en esas anomal\u00edas, lo que es totalmente falso.<br \/>\nDirectora, le pedimos respetuosamente no afecte nuestra imagen ni la de una noble instituci\u00f3n que hasta hace poco se caracterizaba por su labor social y humanitaria, deber\u00eda usted ser la primera en cuidarla, no en da\u00f1arla y exponerla con chismes ante la sociedad.<br \/>\nTercero.- Recientemente se firm\u00f3 una minuta en la que se quedaron pactados algunos compromisos laborales los cuales no se han llevado a cabo, como es el caso del reconocimiento de los derechos administrativos que nos han negado: permisos econ\u00f3micos, permisos de dos horas, entre otros, para el personal afiliado, la negaci\u00f3n de licencias sin goce de sueldo y con ello obligan a que renuncien para despu\u00e9s tratar de ocupar ellos esos espacios sin respetar lo que indica el contrato colectivo de trabajo.<br \/>\nAsimismo, no se han realizado las visitas correspondiente al albergue denominado Medio Camino d\u00f3nde se han presentado problemas con la administradora, por lo que es preocupante para este comit\u00e9, que si con algo tan sencillo no han cumplido y ha existido decid\u00eda por parte de las autoridades del sistema para su cumplimiento, se tiene el temor de que lo que est\u00e1 pactado para la primera quincena del presente mes no pueda ser cubierto en tiempo y forma, que son prestaci\u00f3n para todos los trabajadores y que con ello se apoye al sustento de su hogar.<br \/>\nEn caso de no ser cumplidos, se girar\u00e1n los documentos necesarios a las instancias correspondientes a fin de poder exigir mediante los mecanismos legales existentes y a los que tenemos derecho como Organizaci\u00f3n aut\u00f3noma que vela por el bienestar de la base trabajadora golpeada, a la cual represento para el cumplimiento de los mismos.<br \/>\nSe\u00f1or Gobernador: En nombre de todos los trabajadores que pertenecen al Sistema DIF Estatal, le reiteramos nuestro apoyo, confiamos en usted, sabemos que realiza una ardua labor todos los d\u00edas y que el panorama no es f\u00e1cil, sin embargo, usted nos llevar\u00e1 a buen puerto, pero por favor no nos olvide, no nos deje al final, le solicitamos que tome cartas en el asunto para el bienestar de esta noble Instituci\u00f3n y de todos los que dependen de ella, de igual forma le pedimos respaldo y su protecci\u00f3n en caso de una represalia para los integrantes de este Comit\u00e9 Sindical y trabajadores, haciendo responsables a las Autoridades del propio Sistema Estatal.<br \/>\nVan cien d\u00edas se\u00f1or gobernador, es la fecha en que no ha dado soluci\u00f3n a nuestras problem\u00e1ticas, en que no hay dialogo con la directora, \u00bfC\u00f3mo podremos caminar hacia un mismo rumbo, en favor de las y los veracruzanos que demandan una legitima atenci\u00f3n de parte del organismo p\u00fablico responsable de ello? El tiempo transcurre y le fallamos tanto a usted como al presidente. Queremos ser parte de la soluci\u00f3n, no del problema.<\/p>\n<p>Sin m\u00e1s por el momento, esperando contar con su apoyo, le envi\u00f3 un abrazo fraterno.<\/p>\n<p>A T E N T A M E N T E<br \/>\nXalapa-Eqz. Ver., 10 de Marzo de 2019.<\/p>\n<p><strong>C. LUIS \u00c1NGEL LUNA MENDOZA<\/strong><br \/>\nSECRETARIO GENERAL DEL SINDICATO<br \/>\nDEMOCR\u00c1TICO DE DIF ESTATAL<\/p>\n","protected":false},"excerpt":{"rendered":"<p>ING. CUITLAHUAC GARC\u00cdA JIM\u00c9NEZ GOBERNADOR CONSTITUCIONAL DEL ESTADO DE VERACRUZ. ING. ERIC PATROCINIO CISNEROS BURGOS SECRETARIO DE GOBIERNO DEL ESTADO DE VERACRUZ POL\u00cdTICA REGIONAL A LOS MEDIOS DE COMUNICACI\u00d3N A LA OPINI\u00d3N P\u00daBLICA CONGRESO DEL ESTADO REPRESENTANTES DE PARTIDOS POL\u00cdTICOS A LA CIUDADAN\u00cdA EN GENERAL: Ingeniero Cuitl\u00e1huac Garc\u00eda Jim\u00e9nez, gobernador constitucional del Estado de Veracruz, [&hellip;]<\/p>\n","protected":false},"author":2,"featured_media":47285,"comment_status":"open","ping_status":"open","sticky":false,"template":"","format":"standard","meta":{"tdm_status":"","tdm_grid_status":"","footnotes":""},"categories":[72],"tags":[788,14194,195],"class_list":{"0":"post-47284","1":"post","2":"type-post","3":"status-publish","4":"format-standard","5":"has-post-thumbnail","7":"category-palomazos","8":"tag-dif-estatal","9":"tag-luis-angel-luna-mendoza","10":"tag-veracruz"},"yoast_head":"<!-- This site is optimized with the Yoast SEO plugin v27.4 - https:\/\/yoast.com\/product\/yoast-seo-wordpress\/ -->\n<title>Sindicato del DIF estatal, molesto con incongruencias de directora - Los pol\u00edticos Veracruz<\/title>\n<meta name=\"robots\" content=\"index, follow, max-snippet:-1, max-image-preview:large, max-video-preview:-1\" \/>\n<link rel=\"canonical\" href=\"https:\/\/lospoliticosveracruz.com\/?p=47284\" \/>\n<meta property=\"og:locale\" content=\"es_ES\" \/>\n<meta property=\"og:type\" content=\"article\" \/>\n<meta property=\"og:title\" content=\"Sindicato del DIF estatal, molesto con incongruencias de directora - Los pol\u00edticos Veracruz\" \/>\n<meta property=\"og:description\" content=\"ING. CUITLAHUAC GARC\u00cdA JIM\u00c9NEZ GOBERNADOR CONSTITUCIONAL DEL ESTADO DE VERACRUZ. ING. ERIC PATROCINIO CISNEROS BURGOS SECRETARIO DE GOBIERNO DEL ESTADO DE VERACRUZ POL\u00cdTICA REGIONAL A LOS MEDIOS DE COMUNICACI\u00d3N A LA OPINI\u00d3N P\u00daBLICA CONGRESO DEL ESTADO REPRESENTANTES DE PARTIDOS POL\u00cdTICOS A LA CIUDADAN\u00cdA EN GENERAL: Ingeniero Cuitl\u00e1huac Garc\u00eda Jim\u00e9nez, gobernador constitucional del Estado de Veracruz, [&hellip;]\" \/>\n<meta property=\"og:url\" content=\"https:\/\/lospoliticosveracruz.com\/?p=47284\" \/>\n<meta property=\"og:site_name\" content=\"Los pol\u00edticos Veracruz\" \/>\n<meta property=\"article:publisher\" content=\"https:\/\/www.facebook.com\/people\/Notimemes-de-los-Polticos\/61565672886568\/\" \/>\n<meta property=\"article:published_time\" content=\"2019-03-12T20:43:43+00:00\" \/>\n<meta property=\"og:image\" content=\"https:\/\/lospoliticosveracruz.com\/wp-content\/uploads\/2019\/03\/DIF.jpg\" \/>\n\t<meta property=\"og:image:width\" content=\"600\" \/>\n\t<meta property=\"og:image:height\" content=\"413\" \/>\n\t<meta property=\"og:image:type\" content=\"image\/jpeg\" \/>\n<meta name=\"author\" content=\"Lo viste en Los Pol\u00edticos\" \/>\n<meta name=\"twitter:card\" content=\"summary_large_image\" \/>\n<meta name=\"twitter:creator\" content=\"@LosPoliticosVer\" \/>\n<meta name=\"twitter:site\" content=\"@LosPoliticosVer\" \/>\n<meta name=\"twitter:label1\" content=\"Escrito por\" \/>\n\t<meta name=\"twitter:data1\" content=\"Lo viste en Los Pol\u00edticos\" \/>\n\t<meta name=\"twitter:label2\" content=\"Tiempo de lectura\" \/>\n\t<meta name=\"twitter:data2\" content=\"8 minutos\" \/>\n<script type=\"application\/ld+json\" class=\"yoast-schema-graph\">{\"@context\":\"https:\\\/\\\/schema.org\",\"@graph\":[{\"@type\":\"Article\",\"@id\":\"https:\\\/\\\/lospoliticosveracruz.com\\\/?p=47284#article\",\"isPartOf\":{\"@id\":\"https:\\\/\\\/lospoliticosveracruz.com\\\/?p=47284\"},\"author\":{\"name\":\"Lo viste en Los Pol\u00edticos\",\"@id\":\"https:\\\/\\\/lospoliticosveracruz.com\\\/#\\\/schema\\\/person\\\/b8702bb0e538456e6efd07080bf2a4a2\"},\"headline\":\"Sindicato del DIF estatal, molesto con incongruencias de directora\",\"datePublished\":\"2019-03-12T20:43:43+00:00\",\"mainEntityOfPage\":{\"@id\":\"https:\\\/\\\/lospoliticosveracruz.com\\\/?p=47284\"},\"wordCount\":1622,\"commentCount\":0,\"publisher\":{\"@id\":\"https:\\\/\\\/lospoliticosveracruz.com\\\/#organization\"},\"image\":{\"@id\":\"https:\\\/\\\/lospoliticosveracruz.com\\\/?p=47284#primaryimage\"},\"thumbnailUrl\":\"https:\\\/\\\/lospoliticosveracruz.com\\\/wp-content\\\/uploads\\\/2019\\\/03\\\/DIF.jpg\",\"keywords\":[\"DIF estatal\",\"Luis \u00c1ngel Luna Mendoza\",\"Veracruz\"],\"articleSection\":[\"Palomazos\"],\"inLanguage\":\"es\",\"potentialAction\":[{\"@type\":\"CommentAction\",\"name\":\"Comment\",\"target\":[\"https:\\\/\\\/lospoliticosveracruz.com\\\/?p=47284#respond\"]}]},{\"@type\":\"WebPage\",\"@id\":\"https:\\\/\\\/lospoliticosveracruz.com\\\/?p=47284\",\"url\":\"https:\\\/\\\/lospoliticosveracruz.com\\\/?p=47284\",\"name\":\"Sindicato del DIF estatal, molesto con incongruencias de directora - Los pol\u00edticos Veracruz\",\"isPartOf\":{\"@id\":\"https:\\\/\\\/lospoliticosveracruz.com\\\/#website\"},\"primaryImageOfPage\":{\"@id\":\"https:\\\/\\\/lospoliticosveracruz.com\\\/?p=47284#primaryimage\"},\"image\":{\"@id\":\"https:\\\/\\\/lospoliticosveracruz.com\\\/?p=47284#primaryimage\"},\"thumbnailUrl\":\"https:\\\/\\\/lospoliticosveracruz.com\\\/wp-content\\\/uploads\\\/2019\\\/03\\\/DIF.jpg\",\"datePublished\":\"2019-03-12T20:43:43+00:00\",\"breadcrumb\":{\"@id\":\"https:\\\/\\\/lospoliticosveracruz.com\\\/?p=47284#breadcrumb\"},\"inLanguage\":\"es\",\"potentialAction\":[{\"@type\":\"ReadAction\",\"target\":[\"https:\\\/\\\/lospoliticosveracruz.com\\\/?p=47284\"]}]},{\"@type\":\"ImageObject\",\"inLanguage\":\"es\",\"@id\":\"https:\\\/\\\/lospoliticosveracruz.com\\\/?p=47284#primaryimage\",\"url\":\"https:\\\/\\\/lospoliticosveracruz.com\\\/wp-content\\\/uploads\\\/2019\\\/03\\\/DIF.jpg\",\"contentUrl\":\"https:\\\/\\\/lospoliticosveracruz.com\\\/wp-content\\\/uploads\\\/2019\\\/03\\\/DIF.jpg\",\"width\":600,\"height\":413},{\"@type\":\"BreadcrumbList\",\"@id\":\"https:\\\/\\\/lospoliticosveracruz.com\\\/?p=47284#breadcrumb\",\"itemListElement\":[{\"@type\":\"ListItem\",\"position\":1,\"name\":\"Portada\",\"item\":\"https:\\\/\\\/lospoliticosveracruz.com\\\/\"},{\"@type\":\"ListItem\",\"position\":2,\"name\":\"Sindicato del DIF estatal, molesto con incongruencias de directora\"}]},{\"@type\":\"WebSite\",\"@id\":\"https:\\\/\\\/lospoliticosveracruz.com\\\/#website\",\"url\":\"https:\\\/\\\/lospoliticosveracruz.com\\\/\",\"name\":\"Los pol\u00edticos Veracruz\",\"description\":\"\",\"publisher\":{\"@id\":\"https:\\\/\\\/lospoliticosveracruz.com\\\/#organization\"},\"potentialAction\":[{\"@type\":\"SearchAction\",\"target\":{\"@type\":\"EntryPoint\",\"urlTemplate\":\"https:\\\/\\\/lospoliticosveracruz.com\\\/?s={search_term_string}\"},\"query-input\":{\"@type\":\"PropertyValueSpecification\",\"valueRequired\":true,\"valueName\":\"search_term_string\"}}],\"inLanguage\":\"es\"},{\"@type\":\"Organization\",\"@id\":\"https:\\\/\\\/lospoliticosveracruz.com\\\/#organization\",\"name\":\"Los pol\u00edticos Veracruz\",\"url\":\"https:\\\/\\\/lospoliticosveracruz.com\\\/\",\"logo\":{\"@type\":\"ImageObject\",\"inLanguage\":\"es\",\"@id\":\"https:\\\/\\\/lospoliticosveracruz.com\\\/#\\\/schema\\\/logo\\\/image\\\/\",\"url\":\"https:\\\/\\\/lospoliticosveracruz.com\\\/wp-content\\\/uploads\\\/2025\\\/12\\\/Logo-Nuevo-LOS-POLITICOS-1.jpg\",\"contentUrl\":\"https:\\\/\\\/lospoliticosveracruz.com\\\/wp-content\\\/uploads\\\/2025\\\/12\\\/Logo-Nuevo-LOS-POLITICOS-1.jpg\",\"width\":260,\"height\":70,\"caption\":\"Los pol\u00edticos Veracruz\"},\"image\":{\"@id\":\"https:\\\/\\\/lospoliticosveracruz.com\\\/#\\\/schema\\\/logo\\\/image\\\/\"},\"sameAs\":[\"https:\\\/\\\/www.facebook.com\\\/people\\\/Notimemes-de-los-Polticos\\\/61565672886568\\\/\",\"https:\\\/\\\/x.com\\\/LosPoliticosVer\"]},{\"@type\":\"Person\",\"@id\":\"https:\\\/\\\/lospoliticosveracruz.com\\\/#\\\/schema\\\/person\\\/b8702bb0e538456e6efd07080bf2a4a2\",\"name\":\"Lo viste en Los Pol\u00edticos\",\"image\":{\"@type\":\"ImageObject\",\"inLanguage\":\"es\",\"@id\":\"https:\\\/\\\/secure.gravatar.com\\\/avatar\\\/3a8de04a2656d44082be478bd6c086daa447c4651605818287b9532d3d0bd435?s=96&d=mm&r=g\",\"url\":\"https:\\\/\\\/secure.gravatar.com\\\/avatar\\\/3a8de04a2656d44082be478bd6c086daa447c4651605818287b9532d3d0bd435?s=96&d=mm&r=g\",\"contentUrl\":\"https:\\\/\\\/secure.gravatar.com\\\/avatar\\\/3a8de04a2656d44082be478bd6c086daa447c4651605818287b9532d3d0bd435?s=96&d=mm&r=g\",\"caption\":\"Lo viste en Los Pol\u00edticos\"},\"url\":\"https:\\\/\\\/lospoliticosveracruz.com\\\/?author=2\"}]}<\/script>\n<!-- \/ Yoast SEO plugin. -->","yoast_head_json":{"title":"Sindicato del DIF estatal, molesto con incongruencias de directora - Los pol\u00edticos Veracruz","robots":{"index":"index","follow":"follow","max-snippet":"max-snippet:-1","max-image-preview":"max-image-preview:large","max-video-preview":"max-video-preview:-1"},"canonical":"https:\/\/lospoliticosveracruz.com\/?p=47284","og_locale":"es_ES","og_type":"article","og_title":"Sindicato del DIF estatal, molesto con incongruencias de directora - Los pol\u00edticos Veracruz","og_description":"ING. CUITLAHUAC GARC\u00cdA JIM\u00c9NEZ GOBERNADOR CONSTITUCIONAL DEL ESTADO DE VERACRUZ. ING. ERIC PATROCINIO CISNEROS BURGOS SECRETARIO DE GOBIERNO DEL ESTADO DE VERACRUZ POL\u00cdTICA REGIONAL A LOS MEDIOS DE COMUNICACI\u00d3N A LA OPINI\u00d3N P\u00daBLICA CONGRESO DEL ESTADO REPRESENTANTES DE PARTIDOS POL\u00cdTICOS A LA CIUDADAN\u00cdA EN GENERAL: Ingeniero Cuitl\u00e1huac Garc\u00eda Jim\u00e9nez, gobernador constitucional del Estado de Veracruz, [&hellip;]","og_url":"https:\/\/lospoliticosveracruz.com\/?p=47284","og_site_name":"Los pol\u00edticos Veracruz","article_publisher":"https:\/\/www.facebook.com\/people\/Notimemes-de-los-Polticos\/61565672886568\/","article_published_time":"2019-03-12T20:43:43+00:00","og_image":[{"width":600,"height":413,"url":"https:\/\/lospoliticosveracruz.com\/wp-content\/uploads\/2019\/03\/DIF.jpg","type":"image\/jpeg"}],"author":"Lo viste en Los Pol\u00edticos","twitter_card":"summary_large_image","twitter_creator":"@LosPoliticosVer","twitter_site":"@LosPoliticosVer","twitter_misc":{"Escrito por":"Lo viste en Los Pol\u00edticos","Tiempo de lectura":"8 minutos"},"schema":{"@context":"https:\/\/schema.org","@graph":[{"@type":"Article","@id":"https:\/\/lospoliticosveracruz.com\/?p=47284#article","isPartOf":{"@id":"https:\/\/lospoliticosveracruz.com\/?p=47284"},"author":{"name":"Lo viste en Los Pol\u00edticos","@id":"https:\/\/lospoliticosveracruz.com\/#\/schema\/person\/b8702bb0e538456e6efd07080bf2a4a2"},"headline":"Sindicato del DIF estatal, molesto con incongruencias de directora","datePublished":"2019-03-12T20:43:43+00:00","mainEntityOfPage":{"@id":"https:\/\/lospoliticosveracruz.com\/?p=47284"},"wordCount":1622,"commentCount":0,"publisher":{"@id":"https:\/\/lospoliticosveracruz.com\/#organization"},"image":{"@id":"https:\/\/lospoliticosveracruz.com\/?p=47284#primaryimage"},"thumbnailUrl":"https:\/\/lospoliticosveracruz.com\/wp-content\/uploads\/2019\/03\/DIF.jpg","keywords":["DIF estatal","Luis \u00c1ngel Luna Mendoza","Veracruz"],"articleSection":["Palomazos"],"inLanguage":"es","potentialAction":[{"@type":"CommentAction","name":"Comment","target":["https:\/\/lospoliticosveracruz.com\/?p=47284#respond"]}]},{"@type":"WebPage","@id":"https:\/\/lospoliticosveracruz.com\/?p=47284","url":"https:\/\/lospoliticosveracruz.com\/?p=47284","name":"Sindicato del DIF estatal, molesto con incongruencias de directora - Los pol\u00edticos Veracruz","isPartOf":{"@id":"https:\/\/lospoliticosveracruz.com\/#website"},"primaryImageOfPage":{"@id":"https:\/\/lospoliticosveracruz.com\/?p=47284#primaryimage"},"image":{"@id":"https:\/\/lospoliticosveracruz.com\/?p=47284#primaryimage"},"thumbnailUrl":"https:\/\/lospoliticosveracruz.com\/wp-content\/uploads\/2019\/03\/DIF.jpg","datePublished":"2019-03-12T20:43:43+00:00","breadcrumb":{"@id":"https:\/\/lospoliticosveracruz.com\/?p=47284#breadcrumb"},"inLanguage":"es","potentialAction":[{"@type":"ReadAction","target":["https:\/\/lospoliticosveracruz.com\/?p=47284"]}]},{"@type":"ImageObject","inLanguage":"es","@id":"https:\/\/lospoliticosveracruz.com\/?p=47284#primaryimage","url":"https:\/\/lospoliticosveracruz.com\/wp-content\/uploads\/2019\/03\/DIF.jpg","contentUrl":"https:\/\/lospoliticosveracruz.com\/wp-content\/uploads\/2019\/03\/DIF.jpg","width":600,"height":413},{"@type":"BreadcrumbList","@id":"https:\/\/lospoliticosveracruz.com\/?p=47284#breadcrumb","itemListElement":[{"@type":"ListItem","position":1,"name":"Portada","item":"https:\/\/lospoliticosveracruz.com\/"},{"@type":"ListItem","position":2,"name":"Sindicato del DIF estatal, molesto con incongruencias de directora"}]},{"@type":"WebSite","@id":"https:\/\/lospoliticosveracruz.com\/#website","url":"https:\/\/lospoliticosveracruz.com\/","name":"Los pol\u00edticos Veracruz","description":"","publisher":{"@id":"https:\/\/lospoliticosveracruz.com\/#organization"},"potentialAction":[{"@type":"SearchAction","target":{"@type":"EntryPoint","urlTemplate":"https:\/\/lospoliticosveracruz.com\/?s={search_term_string}"},"query-input":{"@type":"PropertyValueSpecification","valueRequired":true,"valueName":"search_term_string"}}],"inLanguage":"es"},{"@type":"Organization","@id":"https:\/\/lospoliticosveracruz.com\/#organization","name":"Los pol\u00edticos Veracruz","url":"https:\/\/lospoliticosveracruz.com\/","logo":{"@type":"ImageObject","inLanguage":"es","@id":"https:\/\/lospoliticosveracruz.com\/#\/schema\/logo\/image\/","url":"https:\/\/lospoliticosveracruz.com\/wp-content\/uploads\/2025\/12\/Logo-Nuevo-LOS-POLITICOS-1.jpg","contentUrl":"https:\/\/lospoliticosveracruz.com\/wp-content\/uploads\/2025\/12\/Logo-Nuevo-LOS-POLITICOS-1.jpg","width":260,"height":70,"caption":"Los pol\u00edticos Veracruz"},"image":{"@id":"https:\/\/lospoliticosveracruz.com\/#\/schema\/logo\/image\/"},"sameAs":["https:\/\/www.facebook.com\/people\/Notimemes-de-los-Polticos\/61565672886568\/","https:\/\/x.com\/LosPoliticosVer"]},{"@type":"Person","@id":"https:\/\/lospoliticosveracruz.com\/#\/schema\/person\/b8702bb0e538456e6efd07080bf2a4a2","name":"Lo viste en Los Pol\u00edticos","image":{"@type":"ImageObject","inLanguage":"es","@id":"https:\/\/secure.gravatar.com\/avatar\/3a8de04a2656d44082be478bd6c086daa447c4651605818287b9532d3d0bd435?s=96&d=mm&r=g","url":"https:\/\/secure.gravatar.com\/avatar\/3a8de04a2656d44082be478bd6c086daa447c4651605818287b9532d3d0bd435?s=96&d=mm&r=g","contentUrl":"https:\/\/secure.gravatar.com\/avatar\/3a8de04a2656d44082be478bd6c086daa447c4651605818287b9532d3d0bd435?s=96&d=mm&r=g","caption":"Lo viste en Los Pol\u00edticos"},"url":"https:\/\/lospoliticosveracruz.com\/?author=2"}]}},"_links":{"self":[{"href":"https:\/\/lospoliticosveracruz.com\/index.php?rest_route=\/wp\/v2\/posts\/47284","targetHints":{"allow":["GET"]}}],"collection":[{"href":"https:\/\/lospoliticosveracruz.com\/index.php?rest_route=\/wp\/v2\/posts"}],"about":[{"href":"https:\/\/lospoliticosveracruz.com\/index.php?rest_route=\/wp\/v2\/types\/post"}],"author":[{"embeddable":true,"href":"https:\/\/lospoliticosveracruz.com\/index.php?rest_route=\/wp\/v2\/users\/2"}],"replies":[{"embeddable":true,"href":"https:\/\/lospoliticosveracruz.com\/index.php?rest_route=%2Fwp%2Fv2%2Fcomments&post=47284"}],"version-history":[{"count":1,"href":"https:\/\/lospoliticosveracruz.com\/index.php?rest_route=\/wp\/v2\/posts\/47284\/revisions"}],"predecessor-version":[{"id":47286,"href":"https:\/\/lospoliticosveracruz.com\/index.php?rest_route=\/wp\/v2\/posts\/47284\/revisions\/47286"}],"wp:featuredmedia":[{"embeddable":true,"href":"https:\/\/lospoliticosveracruz.com\/index.php?rest_route=\/wp\/v2\/media\/47285"}],"wp:attachment":[{"href":"https:\/\/lospoliticosveracruz.com\/index.php?rest_route=%2Fwp%2Fv2%2Fmedia&parent=47284"}],"wp:term":[{"taxonomy":"category","embeddable":true,"href":"https:\/\/lospoliticosveracruz.com\/index.php?rest_route=%2Fwp%2Fv2%2Fcategories&post=47284"},{"taxonomy":"post_tag","embeddable":true,"href":"https:\/\/lospoliticosveracruz.com\/index.php?rest_route=%2Fwp%2Fv2%2Ftags&post=47284"}],"curies":[{"name":"wp","href":"https:\/\/api.w.org\/{rel}","templated":true}]}}