{"id":47322,"date":"2019-03-13T22:55:39","date_gmt":"2019-03-14T04:55:39","guid":{"rendered":"http:\/\/www.lospoliticosveracruz.com.mx\/?p=47322"},"modified":"2019-03-13T20:50:52","modified_gmt":"2019-03-14T02:50:52","slug":"el-reclamo-de-cuic-fuera-de-lugar","status":"publish","type":"post","link":"https:\/\/lospoliticosveracruz.com\/?p=47322","title":{"rendered":"El reclamo de Cuic, fuera de lugar"},"content":{"rendered":"<p><strong>Salvador Mu\u00f1oz<\/strong><\/p>\n<p><em>Los Pol\u00edticos<\/em><\/p>\n<p><span style=\"font-weight: 400;\">Entre las propuestas para culminar un diplomado de Periodismo de Investigaci\u00f3n, suger\u00ed al maestro Gerardo Albarr\u00e1n de Alba, hacer un trabajo sobre las afectaciones que provocaba una obra de car\u00e1cter municipal en los comercios aleda\u00f1os. De inmediato me la retach\u00f3, claro, explicando los motivos que espero resumir con la misma claridad del Maestro: toda obra en su proceso, causa molestias, pero al tiempo, los beneficios son mayores. La segunda propuesta que le hice, fue el uso del Brassier y su relaci\u00f3n con los ligamentos de Cooper, que en buen cristiano hablaba de la ca\u00edda de senos\u2026<\/span><\/p>\n<p><span style=\"font-weight: 400;\">No, no voy a dedicar la columna a los senos\u2026 pero s\u00ed comentar del encuentro que tuvo Cuitl\u00e1huac Garc\u00eda con algunos vecinos, este martes, all\u00e1 en lo que es la construcci\u00f3n de la carretera de cuatro carriles de Poza Rica-El Taj\u00edn.<\/span><\/p>\n<p><span style=\"font-weight: 400;\">El pasado 19 de enero, en el tramo carretero conocido como La Curva Marina, inici\u00f3 la construcci\u00f3n de esta v\u00eda a cuatro carriles, teniendo como lapso para su conclusi\u00f3n, 70 d\u00edas, es decir, el 30 de marzo\u2026 \u00a1que cae en Sabadaba!<\/span><\/p>\n<p><span style=\"font-weight: 400;\">La visita de Cuitl\u00e1huac a esta zona obedece a varios factores que cit\u00f3 \u00e9l mismo: la incomodidad que ocasiona la obra, los problemas viales, y las observaciones de fisuras que hay en algunos tramos de la carretera de concreto hidr\u00e1ulico.<\/span><\/p>\n<p><span style=\"font-weight: 400;\">Dos vecinos se acercaron a Cuitl\u00e1huac Garc\u00eda para preguntarle el tiempo en que ha de concluir esta obra, a lo que respondi\u00f3 que el fin de mes ya estar\u00e1 lista a lo que los dos ciudadanos lo instaron de que as\u00ed sea, porque desde que est\u00e1 la obra, mantienen sus negocios con ventas bajas y en algunos, con la cortina cerrada; agregaron que a ello, est\u00e1n obligados a pagar renta. Si bien Garc\u00eda Jim\u00e9nez intent\u00f3 entender la situaci\u00f3n de estos comerciantes, los puso en la disyuntiva de que si quer\u00edan o no la obra\u2026 y a\u00fan m\u00e1s, se dirigi\u00f3 a otros vecinos con la misma pregunta que fue respondida a coro por un \u201c\u00a1S\u00ediii!\u201d, lo que de cierto modo call\u00f3 la boca de quienes se quejaron de la situaci\u00f3n econ\u00f3mica por la que atraviesan. <\/span><\/p>\n<p><span style=\"font-weight: 400;\">Metros adelante, un ciudadano que se present\u00f3 como representante de Hoteles y Moteles de la regi\u00f3n, pidi\u00f3 hablar con Cuitl\u00e1huac aprovechando su estancia y por lo complicado que es generar un cita con \u00e9l. Garc\u00eda Jim\u00e9nez accedi\u00f3 y trat\u00f3 de escuchar. El se\u00f1or le dec\u00eda que tem\u00edan que por la altura del concreto, que es de 30 cent\u00edmetros sobre el nivel del terreno, sus negocios y algunas casas, est\u00e1n quedando abajo, por lo que hay riesgo de que cuando llueva, por inercia, las aguas se desplacen hacia sus propiedades.<\/span><\/p>\n<p><span style=\"font-weight: 400;\">Garc\u00eda Jim\u00e9nez le respondi\u00f3 que para eso estaba all\u00ed, para checar ese problema y entonces le pidi\u00f3 al sujeto que volteara a ver lo que estaban haciendo, a lo que no atendi\u00f3 el ciudadano, quien ped\u00eda que escuchara sus planteamientos, pues esta \u00e9poca era la que los empresarios esperaban una vez al a\u00f1o y tem\u00edan que la construcci\u00f3n de la obra no les ayude, a lo que Cuitl\u00e1huac respond\u00eda que antes de la Cumbre Taj\u00edn, van a abrir dos carriles para que circulen las unidades y el resto, con tiempo, lo han de concluir\u2026 Todo podr\u00eda ir normal hasta que al parecer, Cuitl\u00e1huac Garc\u00eda se desesper\u00f3 y respondi\u00f3 al ciudadano:<\/span><\/p>\n<p><span style=\"font-weight: 400;\">\u2013Lo vamos a hacer bien, lo vamos a hacer bien\u2026<\/span><\/p>\n<p><span style=\"font-weight: 400;\">\u2013Esperamos mucho por esta obra\u2026\u2013 le dec\u00eda el empresario hotelero.<\/span><\/p>\n<p><span style=\"font-weight: 400;\">\u2013Pero votaron por otro partido\u2013 respondi\u00f3 Cuitl\u00e1huac\u2026 \u2013\u00bfpor qu\u00e9 no volteas para all\u00e1?\u2013 le se\u00f1alaba\u2026<\/span><\/p>\n<p><span style=\"font-weight: 400;\">\u2013Ingeniero, le ense\u00f1o todas las fotos&#8230;\u2013<\/span><\/p>\n<p><span style=\"font-weight: 400;\">Lo que Garc\u00eda Jim\u00e9nez quer\u00eda que viera el ciudadano, es la obra de drenaje que se hace a orilla de la carretera\u2026 m\u00e1s tarde, despu\u00e9s de ese \u201cdesencuentro\u201d que tuvo con quien se present\u00f3 como representante de Hoteles y Moteles de esa zona, Cuitl\u00e1huac explicar\u00eda que la empresa que construye la carretera de cuatro carriles pensaba meter un drenaje de veinte pulgadas aproximadamente, pero que le pidieron que cambiara tal, para hacer un mejor desag\u00fce pluvial y por ende, brindar seguridad a los vecinos en aras de evitar inundaciones\u2026 van a meter un drenaje de dos metros de ancho por uno de altura\u2026 eso es lo positivo en esta obra que es seguro, ha de beneficiar con mucho a la zona Poza Rica, Coatzintla y Papantla&#8230; <\/span><\/p>\n<p><span style=\"font-weight: 400;\">\u00bfY lo negativo? Bueno, ojal\u00e1 Cuitl\u00e1huac hubiera tenido la paciencia para explicar a ese vecino lo que metros adelante hizo, despu\u00e9s de dejarlo\u2026 as\u00ed como el Maestro Albarr\u00e1n de Alba lo hizo conmigo.<\/span><\/p>\n<p><span style=\"font-weight: 400;\">\u00bfY lo peor? Citar que \u201cvotaron por otro partido\u201d, cuando a estas alturas, si algo debe tener en su mente Garc\u00eda Jim\u00e9nez es que gobierna para todos los veracruzanos, y no hay lugar para ese tipo de reclamos\u2026<\/span><\/p>\n<p>&nbsp;<\/p>\n<p><span style=\"font-weight: 400;\">smcainito@gmail.com<\/span><\/p>\n<p>&nbsp;<\/p>\n","protected":false},"excerpt":{"rendered":"<p>Salvador Mu\u00f1oz Los Pol\u00edticos Entre las propuestas para culminar un diplomado de Periodismo de Investigaci\u00f3n, suger\u00ed al maestro Gerardo Albarr\u00e1n de Alba, hacer un trabajo sobre las afectaciones que provocaba una obra de car\u00e1cter municipal en los comercios aleda\u00f1os. De inmediato me la retach\u00f3, claro, explicando los motivos que espero resumir con la misma claridad [&hellip;]<\/p>\n","protected":false},"author":2,"featured_media":47323,"comment_status":"open","ping_status":"open","sticky":false,"template":"","format":"standard","meta":{"tdm_status":"","tdm_grid_status":"","footnotes":""},"categories":[70],"tags":[1563,11260,14206,14205],"class_list":{"0":"post-47322","1":"post","2":"type-post","3":"status-publish","4":"format-standard","5":"has-post-thumbnail","7":"category-de-opinion","8":"tag-cuitlahuac-garcia-jimenez","9":"tag-gerardo-albarran-de-alba","10":"tag-la-curva-marina","11":"tag-poza-rica-el-tajin"},"yoast_head":"<!-- This site is optimized with the Yoast SEO plugin v27.4 - https:\/\/yoast.com\/product\/yoast-seo-wordpress\/ -->\n<title>El reclamo de Cuic, fuera de lugar - Los pol\u00edticos Veracruz<\/title>\n<meta name=\"robots\" content=\"index, follow, max-snippet:-1, max-image-preview:large, max-video-preview:-1\" \/>\n<link rel=\"canonical\" href=\"https:\/\/lospoliticosveracruz.com\/?p=47322\" \/>\n<meta property=\"og:locale\" content=\"es_ES\" \/>\n<meta property=\"og:type\" content=\"article\" \/>\n<meta property=\"og:title\" content=\"El reclamo de Cuic, fuera de lugar - Los pol\u00edticos Veracruz\" \/>\n<meta property=\"og:description\" content=\"Salvador Mu\u00f1oz Los Pol\u00edticos Entre las propuestas para culminar un diplomado de Periodismo de Investigaci\u00f3n, suger\u00ed al maestro Gerardo Albarr\u00e1n de Alba, hacer un trabajo sobre las afectaciones que provocaba una obra de car\u00e1cter municipal en los comercios aleda\u00f1os. De inmediato me la retach\u00f3, claro, explicando los motivos que espero resumir con la misma claridad [&hellip;]\" \/>\n<meta property=\"og:url\" content=\"https:\/\/lospoliticosveracruz.com\/?p=47322\" \/>\n<meta property=\"og:site_name\" content=\"Los pol\u00edticos Veracruz\" \/>\n<meta property=\"article:publisher\" content=\"https:\/\/www.facebook.com\/people\/Notimemes-de-los-Polticos\/61565672886568\/\" \/>\n<meta property=\"article:published_time\" content=\"2019-03-14T04:55:39+00:00\" \/>\n<meta property=\"og:image\" content=\"https:\/\/lospoliticosveracruz.com\/wp-content\/uploads\/2019\/03\/Cuic-PR.jpg\" \/>\n\t<meta property=\"og:image:width\" content=\"600\" \/>\n\t<meta property=\"og:image:height\" content=\"396\" \/>\n\t<meta property=\"og:image:type\" content=\"image\/jpeg\" \/>\n<meta name=\"author\" content=\"Lo viste en Los Pol\u00edticos\" \/>\n<meta name=\"twitter:card\" content=\"summary_large_image\" \/>\n<meta name=\"twitter:creator\" content=\"@LosPoliticosVer\" \/>\n<meta name=\"twitter:site\" content=\"@LosPoliticosVer\" \/>\n<meta name=\"twitter:label1\" content=\"Escrito por\" \/>\n\t<meta name=\"twitter:data1\" content=\"Lo viste en Los Pol\u00edticos\" \/>\n\t<meta name=\"twitter:label2\" content=\"Tiempo de lectura\" \/>\n\t<meta name=\"twitter:data2\" content=\"4 minutos\" \/>\n<script type=\"application\/ld+json\" class=\"yoast-schema-graph\">{\"@context\":\"https:\\\/\\\/schema.org\",\"@graph\":[{\"@type\":\"Article\",\"@id\":\"https:\\\/\\\/lospoliticosveracruz.com\\\/?p=47322#article\",\"isPartOf\":{\"@id\":\"https:\\\/\\\/lospoliticosveracruz.com\\\/?p=47322\"},\"author\":{\"name\":\"Lo viste en Los Pol\u00edticos\",\"@id\":\"https:\\\/\\\/lospoliticosveracruz.com\\\/#\\\/schema\\\/person\\\/b8702bb0e538456e6efd07080bf2a4a2\"},\"headline\":\"El reclamo de Cuic, fuera de lugar\",\"datePublished\":\"2019-03-14T04:55:39+00:00\",\"mainEntityOfPage\":{\"@id\":\"https:\\\/\\\/lospoliticosveracruz.com\\\/?p=47322\"},\"wordCount\":869,\"commentCount\":0,\"publisher\":{\"@id\":\"https:\\\/\\\/lospoliticosveracruz.com\\\/#organization\"},\"image\":{\"@id\":\"https:\\\/\\\/lospoliticosveracruz.com\\\/?p=47322#primaryimage\"},\"thumbnailUrl\":\"https:\\\/\\\/lospoliticosveracruz.com\\\/wp-content\\\/uploads\\\/2019\\\/03\\\/Cuic-PR.jpg\",\"keywords\":[\"Cuitl\u00e1huac Garc\u00eda Jim\u00e9nez\",\"Gerardo Albarr\u00e1n de Alba\",\"La Curva Marina\",\"Poza Rica-El Taj\u00edn\"],\"articleSection\":[\"De Opini\u00f3n\"],\"inLanguage\":\"es\",\"potentialAction\":[{\"@type\":\"CommentAction\",\"name\":\"Comment\",\"target\":[\"https:\\\/\\\/lospoliticosveracruz.com\\\/?p=47322#respond\"]}]},{\"@type\":\"WebPage\",\"@id\":\"https:\\\/\\\/lospoliticosveracruz.com\\\/?p=47322\",\"url\":\"https:\\\/\\\/lospoliticosveracruz.com\\\/?p=47322\",\"name\":\"El reclamo de Cuic, fuera de lugar - Los pol\u00edticos Veracruz\",\"isPartOf\":{\"@id\":\"https:\\\/\\\/lospoliticosveracruz.com\\\/#website\"},\"primaryImageOfPage\":{\"@id\":\"https:\\\/\\\/lospoliticosveracruz.com\\\/?p=47322#primaryimage\"},\"image\":{\"@id\":\"https:\\\/\\\/lospoliticosveracruz.com\\\/?p=47322#primaryimage\"},\"thumbnailUrl\":\"https:\\\/\\\/lospoliticosveracruz.com\\\/wp-content\\\/uploads\\\/2019\\\/03\\\/Cuic-PR.jpg\",\"datePublished\":\"2019-03-14T04:55:39+00:00\",\"breadcrumb\":{\"@id\":\"https:\\\/\\\/lospoliticosveracruz.com\\\/?p=47322#breadcrumb\"},\"inLanguage\":\"es\",\"potentialAction\":[{\"@type\":\"ReadAction\",\"target\":[\"https:\\\/\\\/lospoliticosveracruz.com\\\/?p=47322\"]}]},{\"@type\":\"ImageObject\",\"inLanguage\":\"es\",\"@id\":\"https:\\\/\\\/lospoliticosveracruz.com\\\/?p=47322#primaryimage\",\"url\":\"https:\\\/\\\/lospoliticosveracruz.com\\\/wp-content\\\/uploads\\\/2019\\\/03\\\/Cuic-PR.jpg\",\"contentUrl\":\"https:\\\/\\\/lospoliticosveracruz.com\\\/wp-content\\\/uploads\\\/2019\\\/03\\\/Cuic-PR.jpg\",\"width\":600,\"height\":396},{\"@type\":\"BreadcrumbList\",\"@id\":\"https:\\\/\\\/lospoliticosveracruz.com\\\/?p=47322#breadcrumb\",\"itemListElement\":[{\"@type\":\"ListItem\",\"position\":1,\"name\":\"Portada\",\"item\":\"https:\\\/\\\/lospoliticosveracruz.com\\\/\"},{\"@type\":\"ListItem\",\"position\":2,\"name\":\"El reclamo de Cuic, fuera de lugar\"}]},{\"@type\":\"WebSite\",\"@id\":\"https:\\\/\\\/lospoliticosveracruz.com\\\/#website\",\"url\":\"https:\\\/\\\/lospoliticosveracruz.com\\\/\",\"name\":\"Los pol\u00edticos Veracruz\",\"description\":\"\",\"publisher\":{\"@id\":\"https:\\\/\\\/lospoliticosveracruz.com\\\/#organization\"},\"potentialAction\":[{\"@type\":\"SearchAction\",\"target\":{\"@type\":\"EntryPoint\",\"urlTemplate\":\"https:\\\/\\\/lospoliticosveracruz.com\\\/?s={search_term_string}\"},\"query-input\":{\"@type\":\"PropertyValueSpecification\",\"valueRequired\":true,\"valueName\":\"search_term_string\"}}],\"inLanguage\":\"es\"},{\"@type\":\"Organization\",\"@id\":\"https:\\\/\\\/lospoliticosveracruz.com\\\/#organization\",\"name\":\"Los pol\u00edticos Veracruz\",\"url\":\"https:\\\/\\\/lospoliticosveracruz.com\\\/\",\"logo\":{\"@type\":\"ImageObject\",\"inLanguage\":\"es\",\"@id\":\"https:\\\/\\\/lospoliticosveracruz.com\\\/#\\\/schema\\\/logo\\\/image\\\/\",\"url\":\"https:\\\/\\\/lospoliticosveracruz.com\\\/wp-content\\\/uploads\\\/2025\\\/12\\\/Logo-Nuevo-LOS-POLITICOS-1.jpg\",\"contentUrl\":\"https:\\\/\\\/lospoliticosveracruz.com\\\/wp-content\\\/uploads\\\/2025\\\/12\\\/Logo-Nuevo-LOS-POLITICOS-1.jpg\",\"width\":260,\"height\":70,\"caption\":\"Los pol\u00edticos Veracruz\"},\"image\":{\"@id\":\"https:\\\/\\\/lospoliticosveracruz.com\\\/#\\\/schema\\\/logo\\\/image\\\/\"},\"sameAs\":[\"https:\\\/\\\/www.facebook.com\\\/people\\\/Notimemes-de-los-Polticos\\\/61565672886568\\\/\",\"https:\\\/\\\/x.com\\\/LosPoliticosVer\"]},{\"@type\":\"Person\",\"@id\":\"https:\\\/\\\/lospoliticosveracruz.com\\\/#\\\/schema\\\/person\\\/b8702bb0e538456e6efd07080bf2a4a2\",\"name\":\"Lo viste en Los Pol\u00edticos\",\"image\":{\"@type\":\"ImageObject\",\"inLanguage\":\"es\",\"@id\":\"https:\\\/\\\/secure.gravatar.com\\\/avatar\\\/3a8de04a2656d44082be478bd6c086daa447c4651605818287b9532d3d0bd435?s=96&d=mm&r=g\",\"url\":\"https:\\\/\\\/secure.gravatar.com\\\/avatar\\\/3a8de04a2656d44082be478bd6c086daa447c4651605818287b9532d3d0bd435?s=96&d=mm&r=g\",\"contentUrl\":\"https:\\\/\\\/secure.gravatar.com\\\/avatar\\\/3a8de04a2656d44082be478bd6c086daa447c4651605818287b9532d3d0bd435?s=96&d=mm&r=g\",\"caption\":\"Lo viste en Los Pol\u00edticos\"},\"url\":\"https:\\\/\\\/lospoliticosveracruz.com\\\/?author=2\"}]}<\/script>\n<!-- \/ Yoast SEO plugin. -->","yoast_head_json":{"title":"El reclamo de Cuic, fuera de lugar - Los pol\u00edticos Veracruz","robots":{"index":"index","follow":"follow","max-snippet":"max-snippet:-1","max-image-preview":"max-image-preview:large","max-video-preview":"max-video-preview:-1"},"canonical":"https:\/\/lospoliticosveracruz.com\/?p=47322","og_locale":"es_ES","og_type":"article","og_title":"El reclamo de Cuic, fuera de lugar - Los pol\u00edticos Veracruz","og_description":"Salvador Mu\u00f1oz Los Pol\u00edticos Entre las propuestas para culminar un diplomado de Periodismo de Investigaci\u00f3n, suger\u00ed al maestro Gerardo Albarr\u00e1n de Alba, hacer un trabajo sobre las afectaciones que provocaba una obra de car\u00e1cter municipal en los comercios aleda\u00f1os. De inmediato me la retach\u00f3, claro, explicando los motivos que espero resumir con la misma claridad [&hellip;]","og_url":"https:\/\/lospoliticosveracruz.com\/?p=47322","og_site_name":"Los pol\u00edticos Veracruz","article_publisher":"https:\/\/www.facebook.com\/people\/Notimemes-de-los-Polticos\/61565672886568\/","article_published_time":"2019-03-14T04:55:39+00:00","og_image":[{"width":600,"height":396,"url":"https:\/\/lospoliticosveracruz.com\/wp-content\/uploads\/2019\/03\/Cuic-PR.jpg","type":"image\/jpeg"}],"author":"Lo viste en Los Pol\u00edticos","twitter_card":"summary_large_image","twitter_creator":"@LosPoliticosVer","twitter_site":"@LosPoliticosVer","twitter_misc":{"Escrito por":"Lo viste en Los Pol\u00edticos","Tiempo de lectura":"4 minutos"},"schema":{"@context":"https:\/\/schema.org","@graph":[{"@type":"Article","@id":"https:\/\/lospoliticosveracruz.com\/?p=47322#article","isPartOf":{"@id":"https:\/\/lospoliticosveracruz.com\/?p=47322"},"author":{"name":"Lo viste en Los Pol\u00edticos","@id":"https:\/\/lospoliticosveracruz.com\/#\/schema\/person\/b8702bb0e538456e6efd07080bf2a4a2"},"headline":"El reclamo de Cuic, fuera de lugar","datePublished":"2019-03-14T04:55:39+00:00","mainEntityOfPage":{"@id":"https:\/\/lospoliticosveracruz.com\/?p=47322"},"wordCount":869,"commentCount":0,"publisher":{"@id":"https:\/\/lospoliticosveracruz.com\/#organization"},"image":{"@id":"https:\/\/lospoliticosveracruz.com\/?p=47322#primaryimage"},"thumbnailUrl":"https:\/\/lospoliticosveracruz.com\/wp-content\/uploads\/2019\/03\/Cuic-PR.jpg","keywords":["Cuitl\u00e1huac Garc\u00eda Jim\u00e9nez","Gerardo Albarr\u00e1n de Alba","La Curva Marina","Poza Rica-El Taj\u00edn"],"articleSection":["De Opini\u00f3n"],"inLanguage":"es","potentialAction":[{"@type":"CommentAction","name":"Comment","target":["https:\/\/lospoliticosveracruz.com\/?p=47322#respond"]}]},{"@type":"WebPage","@id":"https:\/\/lospoliticosveracruz.com\/?p=47322","url":"https:\/\/lospoliticosveracruz.com\/?p=47322","name":"El reclamo de Cuic, fuera de lugar - Los pol\u00edticos Veracruz","isPartOf":{"@id":"https:\/\/lospoliticosveracruz.com\/#website"},"primaryImageOfPage":{"@id":"https:\/\/lospoliticosveracruz.com\/?p=47322#primaryimage"},"image":{"@id":"https:\/\/lospoliticosveracruz.com\/?p=47322#primaryimage"},"thumbnailUrl":"https:\/\/lospoliticosveracruz.com\/wp-content\/uploads\/2019\/03\/Cuic-PR.jpg","datePublished":"2019-03-14T04:55:39+00:00","breadcrumb":{"@id":"https:\/\/lospoliticosveracruz.com\/?p=47322#breadcrumb"},"inLanguage":"es","potentialAction":[{"@type":"ReadAction","target":["https:\/\/lospoliticosveracruz.com\/?p=47322"]}]},{"@type":"ImageObject","inLanguage":"es","@id":"https:\/\/lospoliticosveracruz.com\/?p=47322#primaryimage","url":"https:\/\/lospoliticosveracruz.com\/wp-content\/uploads\/2019\/03\/Cuic-PR.jpg","contentUrl":"https:\/\/lospoliticosveracruz.com\/wp-content\/uploads\/2019\/03\/Cuic-PR.jpg","width":600,"height":396},{"@type":"BreadcrumbList","@id":"https:\/\/lospoliticosveracruz.com\/?p=47322#breadcrumb","itemListElement":[{"@type":"ListItem","position":1,"name":"Portada","item":"https:\/\/lospoliticosveracruz.com\/"},{"@type":"ListItem","position":2,"name":"El reclamo de Cuic, fuera de lugar"}]},{"@type":"WebSite","@id":"https:\/\/lospoliticosveracruz.com\/#website","url":"https:\/\/lospoliticosveracruz.com\/","name":"Los pol\u00edticos Veracruz","description":"","publisher":{"@id":"https:\/\/lospoliticosveracruz.com\/#organization"},"potentialAction":[{"@type":"SearchAction","target":{"@type":"EntryPoint","urlTemplate":"https:\/\/lospoliticosveracruz.com\/?s={search_term_string}"},"query-input":{"@type":"PropertyValueSpecification","valueRequired":true,"valueName":"search_term_string"}}],"inLanguage":"es"},{"@type":"Organization","@id":"https:\/\/lospoliticosveracruz.com\/#organization","name":"Los pol\u00edticos Veracruz","url":"https:\/\/lospoliticosveracruz.com\/","logo":{"@type":"ImageObject","inLanguage":"es","@id":"https:\/\/lospoliticosveracruz.com\/#\/schema\/logo\/image\/","url":"https:\/\/lospoliticosveracruz.com\/wp-content\/uploads\/2025\/12\/Logo-Nuevo-LOS-POLITICOS-1.jpg","contentUrl":"https:\/\/lospoliticosveracruz.com\/wp-content\/uploads\/2025\/12\/Logo-Nuevo-LOS-POLITICOS-1.jpg","width":260,"height":70,"caption":"Los pol\u00edticos Veracruz"},"image":{"@id":"https:\/\/lospoliticosveracruz.com\/#\/schema\/logo\/image\/"},"sameAs":["https:\/\/www.facebook.com\/people\/Notimemes-de-los-Polticos\/61565672886568\/","https:\/\/x.com\/LosPoliticosVer"]},{"@type":"Person","@id":"https:\/\/lospoliticosveracruz.com\/#\/schema\/person\/b8702bb0e538456e6efd07080bf2a4a2","name":"Lo viste en Los Pol\u00edticos","image":{"@type":"ImageObject","inLanguage":"es","@id":"https:\/\/secure.gravatar.com\/avatar\/3a8de04a2656d44082be478bd6c086daa447c4651605818287b9532d3d0bd435?s=96&d=mm&r=g","url":"https:\/\/secure.gravatar.com\/avatar\/3a8de04a2656d44082be478bd6c086daa447c4651605818287b9532d3d0bd435?s=96&d=mm&r=g","contentUrl":"https:\/\/secure.gravatar.com\/avatar\/3a8de04a2656d44082be478bd6c086daa447c4651605818287b9532d3d0bd435?s=96&d=mm&r=g","caption":"Lo viste en Los Pol\u00edticos"},"url":"https:\/\/lospoliticosveracruz.com\/?author=2"}]}},"_links":{"self":[{"href":"https:\/\/lospoliticosveracruz.com\/index.php?rest_route=\/wp\/v2\/posts\/47322","targetHints":{"allow":["GET"]}}],"collection":[{"href":"https:\/\/lospoliticosveracruz.com\/index.php?rest_route=\/wp\/v2\/posts"}],"about":[{"href":"https:\/\/lospoliticosveracruz.com\/index.php?rest_route=\/wp\/v2\/types\/post"}],"author":[{"embeddable":true,"href":"https:\/\/lospoliticosveracruz.com\/index.php?rest_route=\/wp\/v2\/users\/2"}],"replies":[{"embeddable":true,"href":"https:\/\/lospoliticosveracruz.com\/index.php?rest_route=%2Fwp%2Fv2%2Fcomments&post=47322"}],"version-history":[{"count":1,"href":"https:\/\/lospoliticosveracruz.com\/index.php?rest_route=\/wp\/v2\/posts\/47322\/revisions"}],"predecessor-version":[{"id":47324,"href":"https:\/\/lospoliticosveracruz.com\/index.php?rest_route=\/wp\/v2\/posts\/47322\/revisions\/47324"}],"wp:featuredmedia":[{"embeddable":true,"href":"https:\/\/lospoliticosveracruz.com\/index.php?rest_route=\/wp\/v2\/media\/47323"}],"wp:attachment":[{"href":"https:\/\/lospoliticosveracruz.com\/index.php?rest_route=%2Fwp%2Fv2%2Fmedia&parent=47322"}],"wp:term":[{"taxonomy":"category","embeddable":true,"href":"https:\/\/lospoliticosveracruz.com\/index.php?rest_route=%2Fwp%2Fv2%2Fcategories&post=47322"},{"taxonomy":"post_tag","embeddable":true,"href":"https:\/\/lospoliticosveracruz.com\/index.php?rest_route=%2Fwp%2Fv2%2Ftags&post=47322"}],"curies":[{"name":"wp","href":"https:\/\/api.w.org\/{rel}","templated":true}]}}