{"id":47331,"date":"2019-03-13T17:14:54","date_gmt":"2019-03-13T23:14:54","guid":{"rendered":"http:\/\/www.lospoliticosveracruz.com.mx\/?p=47331"},"modified":"2019-03-13T17:14:54","modified_gmt":"2019-03-13T23:14:54","slug":"a-cada-alcalde-su-ley-de-ingresos","status":"publish","type":"post","link":"https:\/\/lospoliticosveracruz.com\/?p=47331","title":{"rendered":"A cada alcalde, su Ley de Ingresos"},"content":{"rendered":"<p>El Presidente de la Mesa Directiva del Congreso del Estado, Jos\u00e9 Manuel Pozos Castro, presidi\u00f3 la entrega de las leyes Municipales de Ingresos del ejercicio 2019, a ediles y representantes municipales de los 212 Ayuntamientos de la entidad.<\/p>\n<p>Pozos Castro reiter\u00f3, a los presidentes municipales, que pueden contar, en esta LXV Legislatura, con el respaldo para cualquier asesor\u00eda y capacitaci\u00f3n para el personal que as\u00ed lo requiera, ya que se tiene\u00a0 un gran compromiso para trabajar coordinadamente con cada uno de ellos, adem\u00e1s de brindar el respaldo para sus funciones y la responsabilidad que tienen.<\/p>\n<p>Afirm\u00f3 que Veracruz necesita un trabajo que vaya m\u00e1s all\u00e1 de siglas y de un gran compromiso, y del cual se encuentra convencido que cada uno de los ediles realiza en sus respectivos municipios.<\/p>\n<p>Por su parte el diputado Augusto Nah\u00fam \u00c1lvarez Pellico, Presidente de la Comisi\u00f3n Permanente de Hacienda Municipal asegur\u00f3 que con la formalizaci\u00f3n de la entrega de las leyes de Ingresos para el 2019 a los municipios, se culmina el proceso de trabajo que los mismos ayuntamientos iniciaron hace unos meses y que demostr\u00f3 el\u00a0 compromiso que tienen, al dar cumplimiento en la entrega de sus respectivos Proyectos de Leyes de Ingresos y Presupuestos de Egresos; y que de esta forma \u2013dijo- deber\u00e1 prevalecer la responsabilidad en los actos que se realicen en el futuro en sus ayuntamientos.<\/p>\n<p>Asegur\u00f3 que en estos tiempos de cambio, se debe actuar con eficiencia, eficacia, econom\u00eda, transparencia y honradez en la administraci\u00f3n de los recursos p\u00fablicos, tal como lo se\u00f1ala la Constituci\u00f3n; \u201ces importante tener presente el v\u00ednculo entre transparencia y participaci\u00f3n ciudadana ya que ambas deben contribuir en la toma de decisiones desde las administraciones municipales\u201d.<\/p>\n<p>Agreg\u00f3 que el Plan Municipal de cada uno de\u00a0 los municipios es el eje rector al cual los cabildos deben apegarse para lograr el cumplimiento de los objetivos y metas, mejorando las condiciones generales de la poblaci\u00f3n; adem\u00e1s, asegur\u00f3 que tanto las leyes de Ingresos, Presupuestos de Egresos y el Programa General de Inversi\u00f3n deben lograr su mayor efectividad en sus funciones, aunado a la colaboraci\u00f3n que debe persistir entre municipios y la Comisi\u00f3n Permanente de Hacienda Municipal del Congreso, para atender todo lo relativo a este rubro.<\/p>\n<p>Por su parte, la secretaria de fiscalizaci\u00f3n del Congreso, Diana Alicia Bellido D\u00edaz, exalt\u00f3 la importancia de \u00e9sta ley,que se\u00f1ala a los municipios la forma en la cual recibir\u00e1n sus ingresos para cubrir el ejercicio 2019; a\u00f1adi\u00f3 que este trabajo es producto del proceso legislativo impulsado por la Comisi\u00f3n Permanente de Hacienda Municipal, otorg\u00e1ndole certeza y legalidad a los cobros que hacen los ayuntamientos por distintos conceptos, los cu\u00e1les deben estar apegados estrictamente a dicha Ley.<\/p>\n<p>Adem\u00e1s de la Ley de Ingresos, se realiz\u00f3 la entrega de 3 circulares las cuales contienen los lineamientos para la presentaci\u00f3n de los informes que deber\u00e1n ser remitidos por los ayuntamientos al Congreso del Estado, referentes\u00a0 a Obligaciones Municipales, Presentaci\u00f3n de los Estados Financieros y Reporte de Obra P\u00fablica; cuyo enfoque es la simplificaci\u00f3n de los trabajos de los municipios, reduciendo la cantidad de informaci\u00f3n y formatos a entregar, ya que s\u00f3lo se requerir\u00e1 lo necesario para las tareas preventivas que el poder legislativo necesita en materia de revisi\u00f3n, an\u00e1lisis, control, evaluaci\u00f3n y vigilancia de los recursos p\u00fablicos, adem\u00e1s de procurar el cumplimiento en tiempo y forma con la entrega de los informes y reportes correspondientes de los municipios.<\/p>\n<p>Finalmente, \u00c1lvarez Pellico, exhort\u00f3 a alcaldes, s\u00edndicos y representantes municipales a mantener una sinergia de respeto y puertas abiertas con la ciudadan\u00eda, pues son el primer contacto de las y los veracruzanos con sus autoridades. Enfatiz\u00f3 en contar con la realizaci\u00f3n de un trabajo s\u00f3lido y contundente en las gestiones municipales para mejorar las condiciones de los municipios, pues la fortaleza de un gobierno radica en la solidez de sus instituciones y el compromiso de los servidores p\u00fablicos para cumplir y hacer cumplir lo que est\u00e1 plasmado en la ley.<\/p>\n<p>En este acto estuvieron presentes, tambi\u00e9n, la diputada Ivonne Trujillo Ort\u00edz, vocal de la Comisi\u00f3n Permanente de Hacienda Municipal; Domingo Bahena Corbal\u00e1, Secretario General y Carlos de Jes\u00fas Mendoza Chesty, Director de Auditor\u00eda y Revisi\u00f3n Financiera, del Congreso del Estado, ambos.<\/p>\n","protected":false},"excerpt":{"rendered":"<p>El Presidente de la Mesa Directiva del Congreso del Estado, Jos\u00e9 Manuel Pozos Castro, presidi\u00f3 la entrega de las leyes Municipales de Ingresos del ejercicio 2019, a ediles y representantes municipales de los 212 Ayuntamientos de la entidad. Pozos Castro reiter\u00f3, a los presidentes municipales, que pueden contar, en esta LXV Legislatura, con el respaldo [&hellip;]<\/p>\n","protected":false},"author":2,"featured_media":47332,"comment_status":"open","ping_status":"open","sticky":false,"template":"","format":"standard","meta":{"tdm_status":"","tdm_grid_status":"","footnotes":""},"categories":[73],"tags":[14208,13988,2223,13408,11958,11786,195],"class_list":{"0":"post-47331","1":"post","2":"type-post","3":"status-publish","4":"format-standard","5":"has-post-thumbnail","7":"category-de-boleto","8":"tag-carlos-de-jesus-mendoza-chesty","9":"tag-diana-alicia-bellido-diaz","10":"tag-domingo-bahena-corbala","11":"tag-ivonne-trujillo-ortiz","12":"tag-jose-manuel-pozos-castro","13":"tag-lxv-legislatura","14":"tag-veracruz"},"yoast_head":"<!-- This site is optimized with the Yoast SEO plugin v27.4 - https:\/\/yoast.com\/product\/yoast-seo-wordpress\/ -->\n<title>A cada alcalde, su Ley de Ingresos - Los pol\u00edticos Veracruz<\/title>\n<meta name=\"robots\" content=\"index, follow, max-snippet:-1, max-image-preview:large, max-video-preview:-1\" \/>\n<link rel=\"canonical\" href=\"https:\/\/lospoliticosveracruz.com\/?p=47331\" \/>\n<meta property=\"og:locale\" content=\"es_ES\" \/>\n<meta property=\"og:type\" content=\"article\" \/>\n<meta property=\"og:title\" content=\"A cada alcalde, su Ley de Ingresos - Los pol\u00edticos Veracruz\" \/>\n<meta property=\"og:description\" content=\"El Presidente de la Mesa Directiva del Congreso del Estado, Jos\u00e9 Manuel Pozos Castro, presidi\u00f3 la entrega de las leyes Municipales de Ingresos del ejercicio 2019, a ediles y representantes municipales de los 212 Ayuntamientos de la entidad. Pozos Castro reiter\u00f3, a los presidentes municipales, que pueden contar, en esta LXV Legislatura, con el respaldo [&hellip;]\" \/>\n<meta property=\"og:url\" content=\"https:\/\/lospoliticosveracruz.com\/?p=47331\" \/>\n<meta property=\"og:site_name\" content=\"Los pol\u00edticos Veracruz\" \/>\n<meta property=\"article:publisher\" content=\"https:\/\/www.facebook.com\/people\/Notimemes-de-los-Polticos\/61565672886568\/\" \/>\n<meta property=\"article:published_time\" content=\"2019-03-13T23:14:54+00:00\" \/>\n<meta property=\"og:image\" content=\"https:\/\/lospoliticosveracruz.com\/wp-content\/uploads\/2019\/03\/Ivonne1.jpeg\" \/>\n\t<meta property=\"og:image:width\" content=\"600\" \/>\n\t<meta property=\"og:image:height\" content=\"400\" \/>\n\t<meta property=\"og:image:type\" content=\"image\/jpeg\" \/>\n<meta name=\"author\" content=\"Lo viste en Los Pol\u00edticos\" \/>\n<meta name=\"twitter:card\" content=\"summary_large_image\" \/>\n<meta name=\"twitter:creator\" content=\"@LosPoliticosVer\" \/>\n<meta name=\"twitter:site\" content=\"@LosPoliticosVer\" \/>\n<meta name=\"twitter:label1\" content=\"Escrito por\" \/>\n\t<meta name=\"twitter:data1\" content=\"Lo viste en Los Pol\u00edticos\" \/>\n\t<meta name=\"twitter:label2\" content=\"Tiempo de lectura\" \/>\n\t<meta name=\"twitter:data2\" content=\"4 minutos\" \/>\n<script type=\"application\/ld+json\" class=\"yoast-schema-graph\">{\"@context\":\"https:\\\/\\\/schema.org\",\"@graph\":[{\"@type\":\"Article\",\"@id\":\"https:\\\/\\\/lospoliticosveracruz.com\\\/?p=47331#article\",\"isPartOf\":{\"@id\":\"https:\\\/\\\/lospoliticosveracruz.com\\\/?p=47331\"},\"author\":{\"name\":\"Lo viste en Los Pol\u00edticos\",\"@id\":\"https:\\\/\\\/lospoliticosveracruz.com\\\/#\\\/schema\\\/person\\\/b8702bb0e538456e6efd07080bf2a4a2\"},\"headline\":\"A cada alcalde, su Ley de Ingresos\",\"datePublished\":\"2019-03-13T23:14:54+00:00\",\"mainEntityOfPage\":{\"@id\":\"https:\\\/\\\/lospoliticosveracruz.com\\\/?p=47331\"},\"wordCount\":749,\"commentCount\":0,\"publisher\":{\"@id\":\"https:\\\/\\\/lospoliticosveracruz.com\\\/#organization\"},\"image\":{\"@id\":\"https:\\\/\\\/lospoliticosveracruz.com\\\/?p=47331#primaryimage\"},\"thumbnailUrl\":\"https:\\\/\\\/lospoliticosveracruz.com\\\/wp-content\\\/uploads\\\/2019\\\/03\\\/Ivonne1.jpeg\",\"keywords\":[\"Carlos de Jes\u00fas Mendoza Chesty\",\"Diana Alicia Bellido D\u00edaz\",\"Domingo Bahena Corbal\u00e1\",\"Ivonne Trujillo Ortiz\",\"Jos\u00e9 Manuel Pozos Castro\",\"LXV Legislatura\",\"Veracruz\"],\"articleSection\":[\"De Boleto\"],\"inLanguage\":\"es\",\"potentialAction\":[{\"@type\":\"CommentAction\",\"name\":\"Comment\",\"target\":[\"https:\\\/\\\/lospoliticosveracruz.com\\\/?p=47331#respond\"]}]},{\"@type\":\"WebPage\",\"@id\":\"https:\\\/\\\/lospoliticosveracruz.com\\\/?p=47331\",\"url\":\"https:\\\/\\\/lospoliticosveracruz.com\\\/?p=47331\",\"name\":\"A cada alcalde, su Ley de Ingresos - Los pol\u00edticos Veracruz\",\"isPartOf\":{\"@id\":\"https:\\\/\\\/lospoliticosveracruz.com\\\/#website\"},\"primaryImageOfPage\":{\"@id\":\"https:\\\/\\\/lospoliticosveracruz.com\\\/?p=47331#primaryimage\"},\"image\":{\"@id\":\"https:\\\/\\\/lospoliticosveracruz.com\\\/?p=47331#primaryimage\"},\"thumbnailUrl\":\"https:\\\/\\\/lospoliticosveracruz.com\\\/wp-content\\\/uploads\\\/2019\\\/03\\\/Ivonne1.jpeg\",\"datePublished\":\"2019-03-13T23:14:54+00:00\",\"breadcrumb\":{\"@id\":\"https:\\\/\\\/lospoliticosveracruz.com\\\/?p=47331#breadcrumb\"},\"inLanguage\":\"es\",\"potentialAction\":[{\"@type\":\"ReadAction\",\"target\":[\"https:\\\/\\\/lospoliticosveracruz.com\\\/?p=47331\"]}]},{\"@type\":\"ImageObject\",\"inLanguage\":\"es\",\"@id\":\"https:\\\/\\\/lospoliticosveracruz.com\\\/?p=47331#primaryimage\",\"url\":\"https:\\\/\\\/lospoliticosveracruz.com\\\/wp-content\\\/uploads\\\/2019\\\/03\\\/Ivonne1.jpeg\",\"contentUrl\":\"https:\\\/\\\/lospoliticosveracruz.com\\\/wp-content\\\/uploads\\\/2019\\\/03\\\/Ivonne1.jpeg\",\"width\":600,\"height\":400},{\"@type\":\"BreadcrumbList\",\"@id\":\"https:\\\/\\\/lospoliticosveracruz.com\\\/?p=47331#breadcrumb\",\"itemListElement\":[{\"@type\":\"ListItem\",\"position\":1,\"name\":\"Portada\",\"item\":\"https:\\\/\\\/lospoliticosveracruz.com\\\/\"},{\"@type\":\"ListItem\",\"position\":2,\"name\":\"A cada alcalde, su Ley de Ingresos\"}]},{\"@type\":\"WebSite\",\"@id\":\"https:\\\/\\\/lospoliticosveracruz.com\\\/#website\",\"url\":\"https:\\\/\\\/lospoliticosveracruz.com\\\/\",\"name\":\"Los pol\u00edticos Veracruz\",\"description\":\"\",\"publisher\":{\"@id\":\"https:\\\/\\\/lospoliticosveracruz.com\\\/#organization\"},\"potentialAction\":[{\"@type\":\"SearchAction\",\"target\":{\"@type\":\"EntryPoint\",\"urlTemplate\":\"https:\\\/\\\/lospoliticosveracruz.com\\\/?s={search_term_string}\"},\"query-input\":{\"@type\":\"PropertyValueSpecification\",\"valueRequired\":true,\"valueName\":\"search_term_string\"}}],\"inLanguage\":\"es\"},{\"@type\":\"Organization\",\"@id\":\"https:\\\/\\\/lospoliticosveracruz.com\\\/#organization\",\"name\":\"Los pol\u00edticos Veracruz\",\"url\":\"https:\\\/\\\/lospoliticosveracruz.com\\\/\",\"logo\":{\"@type\":\"ImageObject\",\"inLanguage\":\"es\",\"@id\":\"https:\\\/\\\/lospoliticosveracruz.com\\\/#\\\/schema\\\/logo\\\/image\\\/\",\"url\":\"https:\\\/\\\/lospoliticosveracruz.com\\\/wp-content\\\/uploads\\\/2025\\\/12\\\/Logo-Nuevo-LOS-POLITICOS-1.jpg\",\"contentUrl\":\"https:\\\/\\\/lospoliticosveracruz.com\\\/wp-content\\\/uploads\\\/2025\\\/12\\\/Logo-Nuevo-LOS-POLITICOS-1.jpg\",\"width\":260,\"height\":70,\"caption\":\"Los pol\u00edticos Veracruz\"},\"image\":{\"@id\":\"https:\\\/\\\/lospoliticosveracruz.com\\\/#\\\/schema\\\/logo\\\/image\\\/\"},\"sameAs\":[\"https:\\\/\\\/www.facebook.com\\\/people\\\/Notimemes-de-los-Polticos\\\/61565672886568\\\/\",\"https:\\\/\\\/x.com\\\/LosPoliticosVer\"]},{\"@type\":\"Person\",\"@id\":\"https:\\\/\\\/lospoliticosveracruz.com\\\/#\\\/schema\\\/person\\\/b8702bb0e538456e6efd07080bf2a4a2\",\"name\":\"Lo viste en Los Pol\u00edticos\",\"image\":{\"@type\":\"ImageObject\",\"inLanguage\":\"es\",\"@id\":\"https:\\\/\\\/secure.gravatar.com\\\/avatar\\\/3a8de04a2656d44082be478bd6c086daa447c4651605818287b9532d3d0bd435?s=96&d=mm&r=g\",\"url\":\"https:\\\/\\\/secure.gravatar.com\\\/avatar\\\/3a8de04a2656d44082be478bd6c086daa447c4651605818287b9532d3d0bd435?s=96&d=mm&r=g\",\"contentUrl\":\"https:\\\/\\\/secure.gravatar.com\\\/avatar\\\/3a8de04a2656d44082be478bd6c086daa447c4651605818287b9532d3d0bd435?s=96&d=mm&r=g\",\"caption\":\"Lo viste en Los Pol\u00edticos\"},\"url\":\"https:\\\/\\\/lospoliticosveracruz.com\\\/?author=2\"}]}<\/script>\n<!-- \/ Yoast SEO plugin. -->","yoast_head_json":{"title":"A cada alcalde, su Ley de Ingresos - Los pol\u00edticos Veracruz","robots":{"index":"index","follow":"follow","max-snippet":"max-snippet:-1","max-image-preview":"max-image-preview:large","max-video-preview":"max-video-preview:-1"},"canonical":"https:\/\/lospoliticosveracruz.com\/?p=47331","og_locale":"es_ES","og_type":"article","og_title":"A cada alcalde, su Ley de Ingresos - Los pol\u00edticos Veracruz","og_description":"El Presidente de la Mesa Directiva del Congreso del Estado, Jos\u00e9 Manuel Pozos Castro, presidi\u00f3 la entrega de las leyes Municipales de Ingresos del ejercicio 2019, a ediles y representantes municipales de los 212 Ayuntamientos de la entidad. Pozos Castro reiter\u00f3, a los presidentes municipales, que pueden contar, en esta LXV Legislatura, con el respaldo [&hellip;]","og_url":"https:\/\/lospoliticosveracruz.com\/?p=47331","og_site_name":"Los pol\u00edticos Veracruz","article_publisher":"https:\/\/www.facebook.com\/people\/Notimemes-de-los-Polticos\/61565672886568\/","article_published_time":"2019-03-13T23:14:54+00:00","og_image":[{"width":600,"height":400,"url":"https:\/\/lospoliticosveracruz.com\/wp-content\/uploads\/2019\/03\/Ivonne1.jpeg","type":"image\/jpeg"}],"author":"Lo viste en Los Pol\u00edticos","twitter_card":"summary_large_image","twitter_creator":"@LosPoliticosVer","twitter_site":"@LosPoliticosVer","twitter_misc":{"Escrito por":"Lo viste en Los Pol\u00edticos","Tiempo de lectura":"4 minutos"},"schema":{"@context":"https:\/\/schema.org","@graph":[{"@type":"Article","@id":"https:\/\/lospoliticosveracruz.com\/?p=47331#article","isPartOf":{"@id":"https:\/\/lospoliticosveracruz.com\/?p=47331"},"author":{"name":"Lo viste en Los Pol\u00edticos","@id":"https:\/\/lospoliticosveracruz.com\/#\/schema\/person\/b8702bb0e538456e6efd07080bf2a4a2"},"headline":"A cada alcalde, su Ley de Ingresos","datePublished":"2019-03-13T23:14:54+00:00","mainEntityOfPage":{"@id":"https:\/\/lospoliticosveracruz.com\/?p=47331"},"wordCount":749,"commentCount":0,"publisher":{"@id":"https:\/\/lospoliticosveracruz.com\/#organization"},"image":{"@id":"https:\/\/lospoliticosveracruz.com\/?p=47331#primaryimage"},"thumbnailUrl":"https:\/\/lospoliticosveracruz.com\/wp-content\/uploads\/2019\/03\/Ivonne1.jpeg","keywords":["Carlos de Jes\u00fas Mendoza Chesty","Diana Alicia Bellido D\u00edaz","Domingo Bahena Corbal\u00e1","Ivonne Trujillo Ortiz","Jos\u00e9 Manuel Pozos Castro","LXV Legislatura","Veracruz"],"articleSection":["De Boleto"],"inLanguage":"es","potentialAction":[{"@type":"CommentAction","name":"Comment","target":["https:\/\/lospoliticosveracruz.com\/?p=47331#respond"]}]},{"@type":"WebPage","@id":"https:\/\/lospoliticosveracruz.com\/?p=47331","url":"https:\/\/lospoliticosveracruz.com\/?p=47331","name":"A cada alcalde, su Ley de Ingresos - Los pol\u00edticos Veracruz","isPartOf":{"@id":"https:\/\/lospoliticosveracruz.com\/#website"},"primaryImageOfPage":{"@id":"https:\/\/lospoliticosveracruz.com\/?p=47331#primaryimage"},"image":{"@id":"https:\/\/lospoliticosveracruz.com\/?p=47331#primaryimage"},"thumbnailUrl":"https:\/\/lospoliticosveracruz.com\/wp-content\/uploads\/2019\/03\/Ivonne1.jpeg","datePublished":"2019-03-13T23:14:54+00:00","breadcrumb":{"@id":"https:\/\/lospoliticosveracruz.com\/?p=47331#breadcrumb"},"inLanguage":"es","potentialAction":[{"@type":"ReadAction","target":["https:\/\/lospoliticosveracruz.com\/?p=47331"]}]},{"@type":"ImageObject","inLanguage":"es","@id":"https:\/\/lospoliticosveracruz.com\/?p=47331#primaryimage","url":"https:\/\/lospoliticosveracruz.com\/wp-content\/uploads\/2019\/03\/Ivonne1.jpeg","contentUrl":"https:\/\/lospoliticosveracruz.com\/wp-content\/uploads\/2019\/03\/Ivonne1.jpeg","width":600,"height":400},{"@type":"BreadcrumbList","@id":"https:\/\/lospoliticosveracruz.com\/?p=47331#breadcrumb","itemListElement":[{"@type":"ListItem","position":1,"name":"Portada","item":"https:\/\/lospoliticosveracruz.com\/"},{"@type":"ListItem","position":2,"name":"A cada alcalde, su Ley de Ingresos"}]},{"@type":"WebSite","@id":"https:\/\/lospoliticosveracruz.com\/#website","url":"https:\/\/lospoliticosveracruz.com\/","name":"Los pol\u00edticos Veracruz","description":"","publisher":{"@id":"https:\/\/lospoliticosveracruz.com\/#organization"},"potentialAction":[{"@type":"SearchAction","target":{"@type":"EntryPoint","urlTemplate":"https:\/\/lospoliticosveracruz.com\/?s={search_term_string}"},"query-input":{"@type":"PropertyValueSpecification","valueRequired":true,"valueName":"search_term_string"}}],"inLanguage":"es"},{"@type":"Organization","@id":"https:\/\/lospoliticosveracruz.com\/#organization","name":"Los pol\u00edticos Veracruz","url":"https:\/\/lospoliticosveracruz.com\/","logo":{"@type":"ImageObject","inLanguage":"es","@id":"https:\/\/lospoliticosveracruz.com\/#\/schema\/logo\/image\/","url":"https:\/\/lospoliticosveracruz.com\/wp-content\/uploads\/2025\/12\/Logo-Nuevo-LOS-POLITICOS-1.jpg","contentUrl":"https:\/\/lospoliticosveracruz.com\/wp-content\/uploads\/2025\/12\/Logo-Nuevo-LOS-POLITICOS-1.jpg","width":260,"height":70,"caption":"Los pol\u00edticos Veracruz"},"image":{"@id":"https:\/\/lospoliticosveracruz.com\/#\/schema\/logo\/image\/"},"sameAs":["https:\/\/www.facebook.com\/people\/Notimemes-de-los-Polticos\/61565672886568\/","https:\/\/x.com\/LosPoliticosVer"]},{"@type":"Person","@id":"https:\/\/lospoliticosveracruz.com\/#\/schema\/person\/b8702bb0e538456e6efd07080bf2a4a2","name":"Lo viste en Los Pol\u00edticos","image":{"@type":"ImageObject","inLanguage":"es","@id":"https:\/\/secure.gravatar.com\/avatar\/3a8de04a2656d44082be478bd6c086daa447c4651605818287b9532d3d0bd435?s=96&d=mm&r=g","url":"https:\/\/secure.gravatar.com\/avatar\/3a8de04a2656d44082be478bd6c086daa447c4651605818287b9532d3d0bd435?s=96&d=mm&r=g","contentUrl":"https:\/\/secure.gravatar.com\/avatar\/3a8de04a2656d44082be478bd6c086daa447c4651605818287b9532d3d0bd435?s=96&d=mm&r=g","caption":"Lo viste en Los Pol\u00edticos"},"url":"https:\/\/lospoliticosveracruz.com\/?author=2"}]}},"_links":{"self":[{"href":"https:\/\/lospoliticosveracruz.com\/index.php?rest_route=\/wp\/v2\/posts\/47331","targetHints":{"allow":["GET"]}}],"collection":[{"href":"https:\/\/lospoliticosveracruz.com\/index.php?rest_route=\/wp\/v2\/posts"}],"about":[{"href":"https:\/\/lospoliticosveracruz.com\/index.php?rest_route=\/wp\/v2\/types\/post"}],"author":[{"embeddable":true,"href":"https:\/\/lospoliticosveracruz.com\/index.php?rest_route=\/wp\/v2\/users\/2"}],"replies":[{"embeddable":true,"href":"https:\/\/lospoliticosveracruz.com\/index.php?rest_route=%2Fwp%2Fv2%2Fcomments&post=47331"}],"version-history":[{"count":1,"href":"https:\/\/lospoliticosveracruz.com\/index.php?rest_route=\/wp\/v2\/posts\/47331\/revisions"}],"predecessor-version":[{"id":47333,"href":"https:\/\/lospoliticosveracruz.com\/index.php?rest_route=\/wp\/v2\/posts\/47331\/revisions\/47333"}],"wp:featuredmedia":[{"embeddable":true,"href":"https:\/\/lospoliticosveracruz.com\/index.php?rest_route=\/wp\/v2\/media\/47332"}],"wp:attachment":[{"href":"https:\/\/lospoliticosveracruz.com\/index.php?rest_route=%2Fwp%2Fv2%2Fmedia&parent=47331"}],"wp:term":[{"taxonomy":"category","embeddable":true,"href":"https:\/\/lospoliticosveracruz.com\/index.php?rest_route=%2Fwp%2Fv2%2Fcategories&post=47331"},{"taxonomy":"post_tag","embeddable":true,"href":"https:\/\/lospoliticosveracruz.com\/index.php?rest_route=%2Fwp%2Fv2%2Ftags&post=47331"}],"curies":[{"name":"wp","href":"https:\/\/api.w.org\/{rel}","templated":true}]}}