{"id":47334,"date":"2019-03-13T22:55:58","date_gmt":"2019-03-14T04:55:58","guid":{"rendered":"http:\/\/www.lospoliticosveracruz.com.mx\/?p=47334"},"modified":"2019-03-13T20:44:49","modified_gmt":"2019-03-14T02:44:49","slug":"violencia-de-genero-en-la-uv","status":"publish","type":"post","link":"https:\/\/lospoliticosveracruz.com\/?p=47334","title":{"rendered":"Violencia de g\u00e9nero en la UV"},"content":{"rendered":"<p><strong>Brenda Caballero<\/strong><\/p>\n<p><em>N\u00fameros Rojos<\/em><\/p>\n<p>La siguiente historia, quisi\u00e9ramos que fuera un cuento, pero no\u2026 es la violencia misma contra una mujer por su jefe, en su trabajo, en su escuela\u2026 y lamentablemente, en la Universidad Veracruzana. Una espera que en este momento, la rectora de nuestra M\u00e1xima Casa de Estudios est\u00e9 enterada y tome cartas de inmediato en el asunto que a continuaci\u00f3n exponemos:<\/p>\n<p>Pasaba de las once de la ma\u00f1ana del martes. Iba a iniciar su jornada laboral cuando fue interceptada en las escaleras por Jos\u00e9 Rub\u00e9n N, jefe de la carrera de Publicidad y Relaciones P\u00fablicas en la facultad de Ciencias Administrativas y Sociales de la Universidad Veracruzana.\u00a0<span class=\"apple-converted-space\">\u00a0<\/span>Le dijo que necesitaba comentarle con urgencia algunos asuntos acad\u00e9micos, lo cual no es extra\u00f1o, pues son actividades propias de su labor acad\u00e9mica, por lo que ella lo acompa\u00f1\u00f3 a la zona de jefatura, la cual siempre est\u00e1 abierta al p\u00fablico en general y muchas veces tambi\u00e9n es compartida por otros jefes de carrera.<\/p>\n<p>Ambos ingresaron, y de inmediato, una jefa de carrera que se encontraba en la oficina sali\u00f3. En ese momento, no le pareci\u00f3 raro\u2026 Tras ello, Jos\u00e9 Rub\u00e9n N de inmediato cerr\u00f3 la puerta, situaci\u00f3n que entonces a ella ya le pareci\u00f3 inusual, por ser un \u00e1rea abierta al p\u00fablico; sin embargo, ella lo escuch\u00f3 atenta cuando le dijo el motivo de esa reuni\u00f3n. Jos\u00e9 Rub\u00e9n N le coment\u00f3 que ten\u00eda quejas de los alumnos por su manera de impartir sus c\u00e1tedras, pues era una maestra muy estricta. Empez\u00f3 a enumerarles las quejas pero se percat\u00f3 ella que se relacionaban a varios semestres atr\u00e1s. La maestra le indic\u00f3 las pol\u00edticas que manejaba en clase y que eran expuestas a los alumnos desde el primer d\u00eda; incluso, de las r\u00fabricas para evaluar a sus alumnos\u2026 pero como las quejas eran de varios semestres atr\u00e1s, es decir a\u00f1os, ella le cuestion\u00f3 el porqu\u00e9 no le hab\u00eda dicho eso antes\u2026 Es decir, porque juntar hasta ese momento los asuntos. Se supone que un jefe de carrera no debe de guardarse las quejas de los alumnos, pues es importante dar seguimiento para poder mejorar la impartici\u00f3n de las c\u00e1tedras. Por tal raz\u00f3n, le indic\u00f3 que lo correcto era que en el mismo momento de la queja, la hubiera mandado a llamar para resolver con los alumnos sus quejas, de acuerdo a lo estipulado en los estatutos.<\/p>\n<p>Al decir esto, Jos\u00e9 Rub\u00e9n N empez\u00f3 a perder el control \u00a1y sac\u00f3 otro reclamo! Le record\u00f3 que por una queja que la maestra hab\u00eda interpuesto en su contra, \u00e9l tuvo problemas en la Direcci\u00f3n.<\/p>\n<p>Jos\u00e9 \u00a0Rub\u00e9n N se refer\u00eda a la ocasi\u00f3n en que a la Maestra no quiso recibirle la documentaci\u00f3n correspondiente para concursar en una experiencia educativa, como se hace cada semestre; el argumento del jefe de carrera fue que esa materia ella no la pod\u00eda concursar, pues ya estaba asignada y el concurso s\u00f3lo era ficticio.<\/p>\n<p>De all\u00ed, Jos\u00e9 Rub\u00e9n N se empez\u00f3 a transformar\u2026 vinieron los insultos, ofensas, gritos, se\u00f1alamientos, y no conforme con eso, quiso demostrar su poder\u00edo golpeando varias veces el escritorio. \u00bfAcaso quer\u00eda intimidarla?<\/p>\n<p>De inmediato, la maestra abri\u00f3 la puerta y sali\u00f3 corriendo de la oficina; se dirigi\u00f3 a la Direcci\u00f3n\u2026 \u00e9l, no conforme con todo lo que le dijo, sali\u00f3 tras ella.<\/p>\n<p>Ella pregunt\u00f3 por el director para narrar lo sucedido, a lo que le dijeron que estaba ocupado; entonces se dirigi\u00f3 de inmediato a la oficina de la Secretaria Acad\u00e9mica, quien atend\u00eda en ese momento a un maestro y se resguardo detr\u00e1s de \u00e9ste, pues el Doctor la persigui\u00f3 hasta ese lugar.<\/p>\n<p>Ante lo sucedido, de inmediato, el director Eric N la mand\u00f3 a traer junto al agresor, y como testigos, la secretaria acad\u00e9mica y la representante acad\u00e9mica. All\u00ed, despu\u00e9s de la correspondiente narraci\u00f3n, el director \u00fanicamente le dijo que la violencia era \u201cpercepci\u00f3n\u201d y pues que tambi\u00e9n Jos\u00e9 Rub\u00e9n N hab\u00eda sido violentado, por lo que su dicho de \u201cviolencia de g\u00e9nero, hostigamiento laboral, agresi\u00f3n verbal , insultos , amenazas, descalificaciones y hasta el encierro\u201d, eran su \u201cpercepci\u00f3n\u201d y por lo tanto, no proced\u00eda.<\/p>\n<p>Ojal\u00e1 la Unidad de G\u00e9nero de nuestra m\u00e1xima casa de estudios tome cartas en el asunto, si verdaderamente quieren erradicar la violencia contra las mujeres; marcamos copia tambi\u00e9n a la rectora quien sabe de la adversidad que tienen que enfrentar por el hecho de ser mujer; as\u00ed como a la doctora Jaqueline Jonguitud Zamora, presidenta de la Junta de Gobierno de la Universidad Veracruzana, para que tome cartas en el asunto y la defienda, al igual que lo ha hecho con varias mujeres dentro de la Universidad Veracruzana\u2026<\/p>\n<p>&nbsp;<\/p>\n<p>@NumerosRojos_BC<\/p>\n<p><a href=\"mailto:caballero_brenda@hotmail.com\" target=\"_blank\">caballero_brenda@hotmail.com<\/a><\/p>\n","protected":false},"excerpt":{"rendered":"<p>Brenda Caballero N\u00fameros Rojos La siguiente historia, quisi\u00e9ramos que fuera un cuento, pero no\u2026 es la violencia misma contra una mujer por su jefe, en su trabajo, en su escuela\u2026 y lamentablemente, en la Universidad Veracruzana. Una espera que en este momento, la rectora de nuestra M\u00e1xima Casa de Estudios est\u00e9 enterada y tome cartas [&hellip;]<\/p>\n","protected":false},"author":2,"featured_media":47335,"comment_status":"open","ping_status":"open","sticky":false,"template":"","format":"standard","meta":{"tdm_status":"","tdm_grid_status":"","footnotes":""},"categories":[70],"tags":[2687,14209,14212,14214,14210,11032,14211,219,172,3360],"class_list":{"0":"post-47334","1":"post","2":"type-post","3":"status-publish","4":"format-standard","5":"has-post-thumbnail","7":"category-de-opinion","8":"tag-brenda-caballero","9":"tag-facultad-de-ciencias-administrativas-y-sociales","10":"tag-hostigamiento-laboral","11":"tag-insultos","12":"tag-jaqueline-jonguitud-zamora","13":"tag-sara-ladron-de","14":"tag-unidad-de-genero","15":"tag-universidad-veracruzana","16":"tag-uv","17":"tag-violencia-de-genero"},"yoast_head":"<!-- This site is optimized with the Yoast SEO plugin v27.4 - https:\/\/yoast.com\/product\/yoast-seo-wordpress\/ -->\n<title>Violencia de g\u00e9nero en la UV - Los pol\u00edticos Veracruz<\/title>\n<meta name=\"robots\" content=\"index, follow, max-snippet:-1, max-image-preview:large, max-video-preview:-1\" \/>\n<link rel=\"canonical\" href=\"https:\/\/lospoliticosveracruz.com\/?p=47334\" \/>\n<meta property=\"og:locale\" content=\"es_ES\" \/>\n<meta property=\"og:type\" content=\"article\" \/>\n<meta property=\"og:title\" content=\"Violencia de g\u00e9nero en la UV - Los pol\u00edticos Veracruz\" \/>\n<meta property=\"og:description\" content=\"Brenda Caballero N\u00fameros Rojos La siguiente historia, quisi\u00e9ramos que fuera un cuento, pero no\u2026 es la violencia misma contra una mujer por su jefe, en su trabajo, en su escuela\u2026 y lamentablemente, en la Universidad Veracruzana. Una espera que en este momento, la rectora de nuestra M\u00e1xima Casa de Estudios est\u00e9 enterada y tome cartas [&hellip;]\" \/>\n<meta property=\"og:url\" content=\"https:\/\/lospoliticosveracruz.com\/?p=47334\" \/>\n<meta property=\"og:site_name\" content=\"Los pol\u00edticos Veracruz\" \/>\n<meta property=\"article:publisher\" content=\"https:\/\/www.facebook.com\/people\/Notimemes-de-los-Polticos\/61565672886568\/\" \/>\n<meta property=\"article:published_time\" content=\"2019-03-14T04:55:58+00:00\" \/>\n<meta property=\"og:image\" content=\"https:\/\/lospoliticosveracruz.com\/wp-content\/uploads\/2019\/03\/UV-Violencia.jpg\" \/>\n\t<meta property=\"og:image:width\" content=\"600\" \/>\n\t<meta property=\"og:image:height\" content=\"345\" \/>\n\t<meta property=\"og:image:type\" content=\"image\/jpeg\" \/>\n<meta name=\"author\" content=\"Lo viste en Los Pol\u00edticos\" \/>\n<meta name=\"twitter:card\" content=\"summary_large_image\" \/>\n<meta name=\"twitter:creator\" content=\"@LosPoliticosVer\" \/>\n<meta name=\"twitter:site\" content=\"@LosPoliticosVer\" \/>\n<meta name=\"twitter:label1\" content=\"Escrito por\" \/>\n\t<meta name=\"twitter:data1\" content=\"Lo viste en Los Pol\u00edticos\" \/>\n\t<meta name=\"twitter:label2\" content=\"Tiempo de lectura\" \/>\n\t<meta name=\"twitter:data2\" content=\"4 minutos\" \/>\n<script type=\"application\/ld+json\" class=\"yoast-schema-graph\">{\"@context\":\"https:\\\/\\\/schema.org\",\"@graph\":[{\"@type\":\"Article\",\"@id\":\"https:\\\/\\\/lospoliticosveracruz.com\\\/?p=47334#article\",\"isPartOf\":{\"@id\":\"https:\\\/\\\/lospoliticosveracruz.com\\\/?p=47334\"},\"author\":{\"name\":\"Lo viste en Los Pol\u00edticos\",\"@id\":\"https:\\\/\\\/lospoliticosveracruz.com\\\/#\\\/schema\\\/person\\\/b8702bb0e538456e6efd07080bf2a4a2\"},\"headline\":\"Violencia de g\u00e9nero en la UV\",\"datePublished\":\"2019-03-14T04:55:58+00:00\",\"mainEntityOfPage\":{\"@id\":\"https:\\\/\\\/lospoliticosveracruz.com\\\/?p=47334\"},\"wordCount\":842,\"commentCount\":2,\"publisher\":{\"@id\":\"https:\\\/\\\/lospoliticosveracruz.com\\\/#organization\"},\"image\":{\"@id\":\"https:\\\/\\\/lospoliticosveracruz.com\\\/?p=47334#primaryimage\"},\"thumbnailUrl\":\"https:\\\/\\\/lospoliticosveracruz.com\\\/wp-content\\\/uploads\\\/2019\\\/03\\\/UV-Violencia.jpg\",\"keywords\":[\"Brenda Caballero\",\"facultad de Ciencias Administrativas y Sociales\",\"hostigamiento laboral\",\"insultos\",\"Jaqueline Jonguitud Zamora\",\"Sara Ladr\u00f3n de\",\"Unidad de G\u00e9nero\",\"Universidad Veracruzana\",\"UV\",\"violencia de g\u00e9nero\"],\"articleSection\":[\"De Opini\u00f3n\"],\"inLanguage\":\"es\",\"potentialAction\":[{\"@type\":\"CommentAction\",\"name\":\"Comment\",\"target\":[\"https:\\\/\\\/lospoliticosveracruz.com\\\/?p=47334#respond\"]}]},{\"@type\":\"WebPage\",\"@id\":\"https:\\\/\\\/lospoliticosveracruz.com\\\/?p=47334\",\"url\":\"https:\\\/\\\/lospoliticosveracruz.com\\\/?p=47334\",\"name\":\"Violencia de g\u00e9nero en la UV - Los pol\u00edticos Veracruz\",\"isPartOf\":{\"@id\":\"https:\\\/\\\/lospoliticosveracruz.com\\\/#website\"},\"primaryImageOfPage\":{\"@id\":\"https:\\\/\\\/lospoliticosveracruz.com\\\/?p=47334#primaryimage\"},\"image\":{\"@id\":\"https:\\\/\\\/lospoliticosveracruz.com\\\/?p=47334#primaryimage\"},\"thumbnailUrl\":\"https:\\\/\\\/lospoliticosveracruz.com\\\/wp-content\\\/uploads\\\/2019\\\/03\\\/UV-Violencia.jpg\",\"datePublished\":\"2019-03-14T04:55:58+00:00\",\"breadcrumb\":{\"@id\":\"https:\\\/\\\/lospoliticosveracruz.com\\\/?p=47334#breadcrumb\"},\"inLanguage\":\"es\",\"potentialAction\":[{\"@type\":\"ReadAction\",\"target\":[\"https:\\\/\\\/lospoliticosveracruz.com\\\/?p=47334\"]}]},{\"@type\":\"ImageObject\",\"inLanguage\":\"es\",\"@id\":\"https:\\\/\\\/lospoliticosveracruz.com\\\/?p=47334#primaryimage\",\"url\":\"https:\\\/\\\/lospoliticosveracruz.com\\\/wp-content\\\/uploads\\\/2019\\\/03\\\/UV-Violencia.jpg\",\"contentUrl\":\"https:\\\/\\\/lospoliticosveracruz.com\\\/wp-content\\\/uploads\\\/2019\\\/03\\\/UV-Violencia.jpg\",\"width\":600,\"height\":345},{\"@type\":\"BreadcrumbList\",\"@id\":\"https:\\\/\\\/lospoliticosveracruz.com\\\/?p=47334#breadcrumb\",\"itemListElement\":[{\"@type\":\"ListItem\",\"position\":1,\"name\":\"Portada\",\"item\":\"https:\\\/\\\/lospoliticosveracruz.com\\\/\"},{\"@type\":\"ListItem\",\"position\":2,\"name\":\"Violencia de g\u00e9nero en la UV\"}]},{\"@type\":\"WebSite\",\"@id\":\"https:\\\/\\\/lospoliticosveracruz.com\\\/#website\",\"url\":\"https:\\\/\\\/lospoliticosveracruz.com\\\/\",\"name\":\"Los pol\u00edticos Veracruz\",\"description\":\"\",\"publisher\":{\"@id\":\"https:\\\/\\\/lospoliticosveracruz.com\\\/#organization\"},\"potentialAction\":[{\"@type\":\"SearchAction\",\"target\":{\"@type\":\"EntryPoint\",\"urlTemplate\":\"https:\\\/\\\/lospoliticosveracruz.com\\\/?s={search_term_string}\"},\"query-input\":{\"@type\":\"PropertyValueSpecification\",\"valueRequired\":true,\"valueName\":\"search_term_string\"}}],\"inLanguage\":\"es\"},{\"@type\":\"Organization\",\"@id\":\"https:\\\/\\\/lospoliticosveracruz.com\\\/#organization\",\"name\":\"Los pol\u00edticos Veracruz\",\"url\":\"https:\\\/\\\/lospoliticosveracruz.com\\\/\",\"logo\":{\"@type\":\"ImageObject\",\"inLanguage\":\"es\",\"@id\":\"https:\\\/\\\/lospoliticosveracruz.com\\\/#\\\/schema\\\/logo\\\/image\\\/\",\"url\":\"https:\\\/\\\/lospoliticosveracruz.com\\\/wp-content\\\/uploads\\\/2025\\\/12\\\/Logo-Nuevo-LOS-POLITICOS-1.jpg\",\"contentUrl\":\"https:\\\/\\\/lospoliticosveracruz.com\\\/wp-content\\\/uploads\\\/2025\\\/12\\\/Logo-Nuevo-LOS-POLITICOS-1.jpg\",\"width\":260,\"height\":70,\"caption\":\"Los pol\u00edticos Veracruz\"},\"image\":{\"@id\":\"https:\\\/\\\/lospoliticosveracruz.com\\\/#\\\/schema\\\/logo\\\/image\\\/\"},\"sameAs\":[\"https:\\\/\\\/www.facebook.com\\\/people\\\/Notimemes-de-los-Polticos\\\/61565672886568\\\/\",\"https:\\\/\\\/x.com\\\/LosPoliticosVer\"]},{\"@type\":\"Person\",\"@id\":\"https:\\\/\\\/lospoliticosveracruz.com\\\/#\\\/schema\\\/person\\\/b8702bb0e538456e6efd07080bf2a4a2\",\"name\":\"Lo viste en Los Pol\u00edticos\",\"image\":{\"@type\":\"ImageObject\",\"inLanguage\":\"es\",\"@id\":\"https:\\\/\\\/secure.gravatar.com\\\/avatar\\\/3a8de04a2656d44082be478bd6c086daa447c4651605818287b9532d3d0bd435?s=96&d=mm&r=g\",\"url\":\"https:\\\/\\\/secure.gravatar.com\\\/avatar\\\/3a8de04a2656d44082be478bd6c086daa447c4651605818287b9532d3d0bd435?s=96&d=mm&r=g\",\"contentUrl\":\"https:\\\/\\\/secure.gravatar.com\\\/avatar\\\/3a8de04a2656d44082be478bd6c086daa447c4651605818287b9532d3d0bd435?s=96&d=mm&r=g\",\"caption\":\"Lo viste en Los Pol\u00edticos\"},\"url\":\"https:\\\/\\\/lospoliticosveracruz.com\\\/?author=2\"}]}<\/script>\n<!-- \/ Yoast SEO plugin. -->","yoast_head_json":{"title":"Violencia de g\u00e9nero en la UV - Los pol\u00edticos Veracruz","robots":{"index":"index","follow":"follow","max-snippet":"max-snippet:-1","max-image-preview":"max-image-preview:large","max-video-preview":"max-video-preview:-1"},"canonical":"https:\/\/lospoliticosveracruz.com\/?p=47334","og_locale":"es_ES","og_type":"article","og_title":"Violencia de g\u00e9nero en la UV - Los pol\u00edticos Veracruz","og_description":"Brenda Caballero N\u00fameros Rojos La siguiente historia, quisi\u00e9ramos que fuera un cuento, pero no\u2026 es la violencia misma contra una mujer por su jefe, en su trabajo, en su escuela\u2026 y lamentablemente, en la Universidad Veracruzana. Una espera que en este momento, la rectora de nuestra M\u00e1xima Casa de Estudios est\u00e9 enterada y tome cartas [&hellip;]","og_url":"https:\/\/lospoliticosveracruz.com\/?p=47334","og_site_name":"Los pol\u00edticos Veracruz","article_publisher":"https:\/\/www.facebook.com\/people\/Notimemes-de-los-Polticos\/61565672886568\/","article_published_time":"2019-03-14T04:55:58+00:00","og_image":[{"width":600,"height":345,"url":"https:\/\/lospoliticosveracruz.com\/wp-content\/uploads\/2019\/03\/UV-Violencia.jpg","type":"image\/jpeg"}],"author":"Lo viste en Los Pol\u00edticos","twitter_card":"summary_large_image","twitter_creator":"@LosPoliticosVer","twitter_site":"@LosPoliticosVer","twitter_misc":{"Escrito por":"Lo viste en Los Pol\u00edticos","Tiempo de lectura":"4 minutos"},"schema":{"@context":"https:\/\/schema.org","@graph":[{"@type":"Article","@id":"https:\/\/lospoliticosveracruz.com\/?p=47334#article","isPartOf":{"@id":"https:\/\/lospoliticosveracruz.com\/?p=47334"},"author":{"name":"Lo viste en Los Pol\u00edticos","@id":"https:\/\/lospoliticosveracruz.com\/#\/schema\/person\/b8702bb0e538456e6efd07080bf2a4a2"},"headline":"Violencia de g\u00e9nero en la UV","datePublished":"2019-03-14T04:55:58+00:00","mainEntityOfPage":{"@id":"https:\/\/lospoliticosveracruz.com\/?p=47334"},"wordCount":842,"commentCount":2,"publisher":{"@id":"https:\/\/lospoliticosveracruz.com\/#organization"},"image":{"@id":"https:\/\/lospoliticosveracruz.com\/?p=47334#primaryimage"},"thumbnailUrl":"https:\/\/lospoliticosveracruz.com\/wp-content\/uploads\/2019\/03\/UV-Violencia.jpg","keywords":["Brenda Caballero","facultad de Ciencias Administrativas y Sociales","hostigamiento laboral","insultos","Jaqueline Jonguitud Zamora","Sara Ladr\u00f3n de","Unidad de G\u00e9nero","Universidad Veracruzana","UV","violencia de g\u00e9nero"],"articleSection":["De Opini\u00f3n"],"inLanguage":"es","potentialAction":[{"@type":"CommentAction","name":"Comment","target":["https:\/\/lospoliticosveracruz.com\/?p=47334#respond"]}]},{"@type":"WebPage","@id":"https:\/\/lospoliticosveracruz.com\/?p=47334","url":"https:\/\/lospoliticosveracruz.com\/?p=47334","name":"Violencia de g\u00e9nero en la UV - Los pol\u00edticos Veracruz","isPartOf":{"@id":"https:\/\/lospoliticosveracruz.com\/#website"},"primaryImageOfPage":{"@id":"https:\/\/lospoliticosveracruz.com\/?p=47334#primaryimage"},"image":{"@id":"https:\/\/lospoliticosveracruz.com\/?p=47334#primaryimage"},"thumbnailUrl":"https:\/\/lospoliticosveracruz.com\/wp-content\/uploads\/2019\/03\/UV-Violencia.jpg","datePublished":"2019-03-14T04:55:58+00:00","breadcrumb":{"@id":"https:\/\/lospoliticosveracruz.com\/?p=47334#breadcrumb"},"inLanguage":"es","potentialAction":[{"@type":"ReadAction","target":["https:\/\/lospoliticosveracruz.com\/?p=47334"]}]},{"@type":"ImageObject","inLanguage":"es","@id":"https:\/\/lospoliticosveracruz.com\/?p=47334#primaryimage","url":"https:\/\/lospoliticosveracruz.com\/wp-content\/uploads\/2019\/03\/UV-Violencia.jpg","contentUrl":"https:\/\/lospoliticosveracruz.com\/wp-content\/uploads\/2019\/03\/UV-Violencia.jpg","width":600,"height":345},{"@type":"BreadcrumbList","@id":"https:\/\/lospoliticosveracruz.com\/?p=47334#breadcrumb","itemListElement":[{"@type":"ListItem","position":1,"name":"Portada","item":"https:\/\/lospoliticosveracruz.com\/"},{"@type":"ListItem","position":2,"name":"Violencia de g\u00e9nero en la UV"}]},{"@type":"WebSite","@id":"https:\/\/lospoliticosveracruz.com\/#website","url":"https:\/\/lospoliticosveracruz.com\/","name":"Los pol\u00edticos Veracruz","description":"","publisher":{"@id":"https:\/\/lospoliticosveracruz.com\/#organization"},"potentialAction":[{"@type":"SearchAction","target":{"@type":"EntryPoint","urlTemplate":"https:\/\/lospoliticosveracruz.com\/?s={search_term_string}"},"query-input":{"@type":"PropertyValueSpecification","valueRequired":true,"valueName":"search_term_string"}}],"inLanguage":"es"},{"@type":"Organization","@id":"https:\/\/lospoliticosveracruz.com\/#organization","name":"Los pol\u00edticos Veracruz","url":"https:\/\/lospoliticosveracruz.com\/","logo":{"@type":"ImageObject","inLanguage":"es","@id":"https:\/\/lospoliticosveracruz.com\/#\/schema\/logo\/image\/","url":"https:\/\/lospoliticosveracruz.com\/wp-content\/uploads\/2025\/12\/Logo-Nuevo-LOS-POLITICOS-1.jpg","contentUrl":"https:\/\/lospoliticosveracruz.com\/wp-content\/uploads\/2025\/12\/Logo-Nuevo-LOS-POLITICOS-1.jpg","width":260,"height":70,"caption":"Los pol\u00edticos Veracruz"},"image":{"@id":"https:\/\/lospoliticosveracruz.com\/#\/schema\/logo\/image\/"},"sameAs":["https:\/\/www.facebook.com\/people\/Notimemes-de-los-Polticos\/61565672886568\/","https:\/\/x.com\/LosPoliticosVer"]},{"@type":"Person","@id":"https:\/\/lospoliticosveracruz.com\/#\/schema\/person\/b8702bb0e538456e6efd07080bf2a4a2","name":"Lo viste en Los Pol\u00edticos","image":{"@type":"ImageObject","inLanguage":"es","@id":"https:\/\/secure.gravatar.com\/avatar\/3a8de04a2656d44082be478bd6c086daa447c4651605818287b9532d3d0bd435?s=96&d=mm&r=g","url":"https:\/\/secure.gravatar.com\/avatar\/3a8de04a2656d44082be478bd6c086daa447c4651605818287b9532d3d0bd435?s=96&d=mm&r=g","contentUrl":"https:\/\/secure.gravatar.com\/avatar\/3a8de04a2656d44082be478bd6c086daa447c4651605818287b9532d3d0bd435?s=96&d=mm&r=g","caption":"Lo viste en Los Pol\u00edticos"},"url":"https:\/\/lospoliticosveracruz.com\/?author=2"}]}},"_links":{"self":[{"href":"https:\/\/lospoliticosveracruz.com\/index.php?rest_route=\/wp\/v2\/posts\/47334","targetHints":{"allow":["GET"]}}],"collection":[{"href":"https:\/\/lospoliticosveracruz.com\/index.php?rest_route=\/wp\/v2\/posts"}],"about":[{"href":"https:\/\/lospoliticosveracruz.com\/index.php?rest_route=\/wp\/v2\/types\/post"}],"author":[{"embeddable":true,"href":"https:\/\/lospoliticosveracruz.com\/index.php?rest_route=\/wp\/v2\/users\/2"}],"replies":[{"embeddable":true,"href":"https:\/\/lospoliticosveracruz.com\/index.php?rest_route=%2Fwp%2Fv2%2Fcomments&post=47334"}],"version-history":[{"count":1,"href":"https:\/\/lospoliticosveracruz.com\/index.php?rest_route=\/wp\/v2\/posts\/47334\/revisions"}],"predecessor-version":[{"id":47336,"href":"https:\/\/lospoliticosveracruz.com\/index.php?rest_route=\/wp\/v2\/posts\/47334\/revisions\/47336"}],"wp:featuredmedia":[{"embeddable":true,"href":"https:\/\/lospoliticosveracruz.com\/index.php?rest_route=\/wp\/v2\/media\/47335"}],"wp:attachment":[{"href":"https:\/\/lospoliticosveracruz.com\/index.php?rest_route=%2Fwp%2Fv2%2Fmedia&parent=47334"}],"wp:term":[{"taxonomy":"category","embeddable":true,"href":"https:\/\/lospoliticosveracruz.com\/index.php?rest_route=%2Fwp%2Fv2%2Fcategories&post=47334"},{"taxonomy":"post_tag","embeddable":true,"href":"https:\/\/lospoliticosveracruz.com\/index.php?rest_route=%2Fwp%2Fv2%2Ftags&post=47334"}],"curies":[{"name":"wp","href":"https:\/\/api.w.org\/{rel}","templated":true}]}}