{"id":47345,"date":"2019-03-14T10:32:41","date_gmt":"2019-03-14T16:32:41","guid":{"rendered":"http:\/\/www.lospoliticosveracruz.com.mx\/?p=47345"},"modified":"2019-03-14T10:32:41","modified_gmt":"2019-03-14T16:32:41","slug":"pide-diputado-investigar-agresion-de-marina-a-reportero","status":"publish","type":"post","link":"https:\/\/lospoliticosveracruz.com\/?p=47345","title":{"rendered":"Pide diputado investigar agresi\u00f3n de Marina a reportero"},"content":{"rendered":"<p>El d\u00eda de ayer, como integrante de la Comisi\u00f3n de Marina, el Legislador Federal Carlos Alberto Valenzuela Gonz\u00e1lez, hizo de conocimiento a la Diputada Presidenta de la Comisi\u00f3n de Marina en la C\u00e1mara de Diputados, M\u00f3nica Almeida L\u00f3pez, el documento que se le envi\u00f3\u00a0 al Almirante Secretario de Marina, Jos\u00e9 Rafael Ojeda Dur\u00e1n, en relaci\u00f3n con el hecho ocurrido el pasado 9 de marzo del presente a\u00f1o, donde un elemento de la Polic\u00eda Naval agrede f\u00edsicamente al reportero Franco Cardel Sandoval, en la Ciudad y Puerto de Veracruz, cuando el antes mencionado, se encontraba haciendo sus reportajes policiacos en v\u00eda publica, violentado el articulo 7\u00ba Constitucional el elemento de la Polic\u00eda Naval.<\/p>\n<p>Se adjunta la direcci\u00f3n electr\u00f3nica donde se pueden verificar los hechos: <a href=\"https:\/\/www.facebook.com\/528482673941999\/post\/1034786299978298\/\" target=\"_blank\">https:\/\/www.facebook.com\/528482673941999\/post\/1034786299978298\/<\/a><\/p>\n<p>El Diputado Federal Carlos Alberto Valenzuela Gonz\u00e1lez hizo un llamado a sumarse los integrantes de la Comisi\u00f3n de Marina para evitar estos actos, los cuales son violatorios de los Derechos Humanos. \u201cLos buenos est\u00e1n para perseguir a los malos, no para intimidar a los buenos\u201d mencion\u00f3.<\/p>\n<p>Exige que se realicen las investigaciones pertinentes y se den a conocer los resultados p\u00fablicamente, para el conocimiento de nuestros electores.<\/p>\n<p>&nbsp;<\/p>\n","protected":false},"excerpt":{"rendered":"<p>El d\u00eda de ayer, como integrante de la Comisi\u00f3n de Marina, el Legislador Federal Carlos Alberto Valenzuela Gonz\u00e1lez, hizo de conocimiento a la Diputada Presidenta de la Comisi\u00f3n de Marina en la C\u00e1mara de Diputados, M\u00f3nica Almeida L\u00f3pez, el documento que se le envi\u00f3\u00a0 al Almirante Secretario de Marina, Jos\u00e9 Rafael Ojeda Dur\u00e1n, en relaci\u00f3n [&hellip;]<\/p>\n","protected":false},"author":2,"featured_media":47346,"comment_status":"open","ping_status":"open","sticky":false,"template":"","format":"standard","meta":{"tdm_status":"","tdm_grid_status":"","footnotes":""},"categories":[72],"tags":[2661,1677,14216,14220,14218,14217,14219,195],"class_list":{"0":"post-47345","1":"post","2":"type-post","3":"status-publish","4":"format-standard","5":"has-post-thumbnail","7":"category-palomazos","8":"tag-camara-de-diputados","9":"tag-carlos-alberto-valenzuela-gonzalez","10":"tag-comision-de-marina","11":"tag-franco-cardel-sandoval","12":"tag-jose-rafael-ojeda-duran","13":"tag-monica-almeida-lopez","14":"tag-policia-naval","15":"tag-veracruz"},"yoast_head":"<!-- This site is optimized with the Yoast SEO plugin v27.4 - https:\/\/yoast.com\/product\/yoast-seo-wordpress\/ -->\n<title>Pide diputado investigar agresi\u00f3n de Marina a reportero - Los pol\u00edticos Veracruz<\/title>\n<meta name=\"robots\" content=\"index, follow, max-snippet:-1, max-image-preview:large, max-video-preview:-1\" \/>\n<link rel=\"canonical\" href=\"https:\/\/lospoliticosveracruz.com\/?p=47345\" \/>\n<meta property=\"og:locale\" content=\"es_ES\" \/>\n<meta property=\"og:type\" content=\"article\" \/>\n<meta property=\"og:title\" content=\"Pide diputado investigar agresi\u00f3n de Marina a reportero - Los pol\u00edticos Veracruz\" \/>\n<meta property=\"og:description\" content=\"El d\u00eda de ayer, como integrante de la Comisi\u00f3n de Marina, el Legislador Federal Carlos Alberto Valenzuela Gonz\u00e1lez, hizo de conocimiento a la Diputada Presidenta de la Comisi\u00f3n de Marina en la C\u00e1mara de Diputados, M\u00f3nica Almeida L\u00f3pez, el documento que se le envi\u00f3\u00a0 al Almirante Secretario de Marina, Jos\u00e9 Rafael Ojeda Dur\u00e1n, en relaci\u00f3n [&hellip;]\" \/>\n<meta property=\"og:url\" content=\"https:\/\/lospoliticosveracruz.com\/?p=47345\" \/>\n<meta property=\"og:site_name\" content=\"Los pol\u00edticos Veracruz\" \/>\n<meta property=\"article:publisher\" content=\"https:\/\/www.facebook.com\/people\/Notimemes-de-los-Polticos\/61565672886568\/\" \/>\n<meta property=\"article:published_time\" content=\"2019-03-14T16:32:41+00:00\" \/>\n<meta property=\"og:image\" content=\"https:\/\/lospoliticosveracruz.com\/wp-content\/uploads\/2019\/03\/Oficio.jpg\" \/>\n\t<meta property=\"og:image:width\" content=\"600\" \/>\n\t<meta property=\"og:image:height\" content=\"467\" \/>\n\t<meta property=\"og:image:type\" content=\"image\/jpeg\" \/>\n<meta name=\"author\" content=\"Lo viste en Los Pol\u00edticos\" \/>\n<meta name=\"twitter:card\" content=\"summary_large_image\" \/>\n<meta name=\"twitter:creator\" content=\"@LosPoliticosVer\" \/>\n<meta name=\"twitter:site\" content=\"@LosPoliticosVer\" \/>\n<meta name=\"twitter:label1\" content=\"Escrito por\" \/>\n\t<meta name=\"twitter:data1\" content=\"Lo viste en Los Pol\u00edticos\" \/>\n\t<meta name=\"twitter:label2\" content=\"Tiempo de lectura\" \/>\n\t<meta name=\"twitter:data2\" content=\"1 minuto\" \/>\n<script type=\"application\/ld+json\" class=\"yoast-schema-graph\">{\"@context\":\"https:\\\/\\\/schema.org\",\"@graph\":[{\"@type\":\"Article\",\"@id\":\"https:\\\/\\\/lospoliticosveracruz.com\\\/?p=47345#article\",\"isPartOf\":{\"@id\":\"https:\\\/\\\/lospoliticosveracruz.com\\\/?p=47345\"},\"author\":{\"name\":\"Lo viste en Los Pol\u00edticos\",\"@id\":\"https:\\\/\\\/lospoliticosveracruz.com\\\/#\\\/schema\\\/person\\\/b8702bb0e538456e6efd07080bf2a4a2\"},\"headline\":\"Pide diputado investigar agresi\u00f3n de Marina a reportero\",\"datePublished\":\"2019-03-14T16:32:41+00:00\",\"mainEntityOfPage\":{\"@id\":\"https:\\\/\\\/lospoliticosveracruz.com\\\/?p=47345\"},\"wordCount\":223,\"commentCount\":0,\"publisher\":{\"@id\":\"https:\\\/\\\/lospoliticosveracruz.com\\\/#organization\"},\"image\":{\"@id\":\"https:\\\/\\\/lospoliticosveracruz.com\\\/?p=47345#primaryimage\"},\"thumbnailUrl\":\"https:\\\/\\\/lospoliticosveracruz.com\\\/wp-content\\\/uploads\\\/2019\\\/03\\\/Oficio.jpg\",\"keywords\":[\"C\u00e1mara de Diputados\",\"Carlos Alberto Valenzuela Gonz\u00e1lez\",\"Comisi\u00f3n de Marina\",\"Franco Cardel Sandoval\",\"Jos\u00e9 Rafael Ojeda Dur\u00e1n\",\"M\u00f3nica Almeida L\u00f3pez\",\"Polic\u00eda Naval\",\"Veracruz\"],\"articleSection\":[\"Palomazos\"],\"inLanguage\":\"es\",\"potentialAction\":[{\"@type\":\"CommentAction\",\"name\":\"Comment\",\"target\":[\"https:\\\/\\\/lospoliticosveracruz.com\\\/?p=47345#respond\"]}]},{\"@type\":\"WebPage\",\"@id\":\"https:\\\/\\\/lospoliticosveracruz.com\\\/?p=47345\",\"url\":\"https:\\\/\\\/lospoliticosveracruz.com\\\/?p=47345\",\"name\":\"Pide diputado investigar agresi\u00f3n de Marina a reportero - Los pol\u00edticos Veracruz\",\"isPartOf\":{\"@id\":\"https:\\\/\\\/lospoliticosveracruz.com\\\/#website\"},\"primaryImageOfPage\":{\"@id\":\"https:\\\/\\\/lospoliticosveracruz.com\\\/?p=47345#primaryimage\"},\"image\":{\"@id\":\"https:\\\/\\\/lospoliticosveracruz.com\\\/?p=47345#primaryimage\"},\"thumbnailUrl\":\"https:\\\/\\\/lospoliticosveracruz.com\\\/wp-content\\\/uploads\\\/2019\\\/03\\\/Oficio.jpg\",\"datePublished\":\"2019-03-14T16:32:41+00:00\",\"breadcrumb\":{\"@id\":\"https:\\\/\\\/lospoliticosveracruz.com\\\/?p=47345#breadcrumb\"},\"inLanguage\":\"es\",\"potentialAction\":[{\"@type\":\"ReadAction\",\"target\":[\"https:\\\/\\\/lospoliticosveracruz.com\\\/?p=47345\"]}]},{\"@type\":\"ImageObject\",\"inLanguage\":\"es\",\"@id\":\"https:\\\/\\\/lospoliticosveracruz.com\\\/?p=47345#primaryimage\",\"url\":\"https:\\\/\\\/lospoliticosveracruz.com\\\/wp-content\\\/uploads\\\/2019\\\/03\\\/Oficio.jpg\",\"contentUrl\":\"https:\\\/\\\/lospoliticosveracruz.com\\\/wp-content\\\/uploads\\\/2019\\\/03\\\/Oficio.jpg\",\"width\":600,\"height\":467},{\"@type\":\"BreadcrumbList\",\"@id\":\"https:\\\/\\\/lospoliticosveracruz.com\\\/?p=47345#breadcrumb\",\"itemListElement\":[{\"@type\":\"ListItem\",\"position\":1,\"name\":\"Portada\",\"item\":\"https:\\\/\\\/lospoliticosveracruz.com\\\/\"},{\"@type\":\"ListItem\",\"position\":2,\"name\":\"Pide diputado investigar agresi\u00f3n de Marina a reportero\"}]},{\"@type\":\"WebSite\",\"@id\":\"https:\\\/\\\/lospoliticosveracruz.com\\\/#website\",\"url\":\"https:\\\/\\\/lospoliticosveracruz.com\\\/\",\"name\":\"Los pol\u00edticos Veracruz\",\"description\":\"\",\"publisher\":{\"@id\":\"https:\\\/\\\/lospoliticosveracruz.com\\\/#organization\"},\"potentialAction\":[{\"@type\":\"SearchAction\",\"target\":{\"@type\":\"EntryPoint\",\"urlTemplate\":\"https:\\\/\\\/lospoliticosveracruz.com\\\/?s={search_term_string}\"},\"query-input\":{\"@type\":\"PropertyValueSpecification\",\"valueRequired\":true,\"valueName\":\"search_term_string\"}}],\"inLanguage\":\"es\"},{\"@type\":\"Organization\",\"@id\":\"https:\\\/\\\/lospoliticosveracruz.com\\\/#organization\",\"name\":\"Los pol\u00edticos Veracruz\",\"url\":\"https:\\\/\\\/lospoliticosveracruz.com\\\/\",\"logo\":{\"@type\":\"ImageObject\",\"inLanguage\":\"es\",\"@id\":\"https:\\\/\\\/lospoliticosveracruz.com\\\/#\\\/schema\\\/logo\\\/image\\\/\",\"url\":\"https:\\\/\\\/lospoliticosveracruz.com\\\/wp-content\\\/uploads\\\/2025\\\/12\\\/Logo-Nuevo-LOS-POLITICOS-1.jpg\",\"contentUrl\":\"https:\\\/\\\/lospoliticosveracruz.com\\\/wp-content\\\/uploads\\\/2025\\\/12\\\/Logo-Nuevo-LOS-POLITICOS-1.jpg\",\"width\":260,\"height\":70,\"caption\":\"Los pol\u00edticos Veracruz\"},\"image\":{\"@id\":\"https:\\\/\\\/lospoliticosveracruz.com\\\/#\\\/schema\\\/logo\\\/image\\\/\"},\"sameAs\":[\"https:\\\/\\\/www.facebook.com\\\/people\\\/Notimemes-de-los-Polticos\\\/61565672886568\\\/\",\"https:\\\/\\\/x.com\\\/LosPoliticosVer\"]},{\"@type\":\"Person\",\"@id\":\"https:\\\/\\\/lospoliticosveracruz.com\\\/#\\\/schema\\\/person\\\/b8702bb0e538456e6efd07080bf2a4a2\",\"name\":\"Lo viste en Los Pol\u00edticos\",\"image\":{\"@type\":\"ImageObject\",\"inLanguage\":\"es\",\"@id\":\"https:\\\/\\\/secure.gravatar.com\\\/avatar\\\/3a8de04a2656d44082be478bd6c086daa447c4651605818287b9532d3d0bd435?s=96&d=mm&r=g\",\"url\":\"https:\\\/\\\/secure.gravatar.com\\\/avatar\\\/3a8de04a2656d44082be478bd6c086daa447c4651605818287b9532d3d0bd435?s=96&d=mm&r=g\",\"contentUrl\":\"https:\\\/\\\/secure.gravatar.com\\\/avatar\\\/3a8de04a2656d44082be478bd6c086daa447c4651605818287b9532d3d0bd435?s=96&d=mm&r=g\",\"caption\":\"Lo viste en Los Pol\u00edticos\"},\"url\":\"https:\\\/\\\/lospoliticosveracruz.com\\\/?author=2\"}]}<\/script>\n<!-- \/ Yoast SEO plugin. -->","yoast_head_json":{"title":"Pide diputado investigar agresi\u00f3n de Marina a reportero - Los pol\u00edticos Veracruz","robots":{"index":"index","follow":"follow","max-snippet":"max-snippet:-1","max-image-preview":"max-image-preview:large","max-video-preview":"max-video-preview:-1"},"canonical":"https:\/\/lospoliticosveracruz.com\/?p=47345","og_locale":"es_ES","og_type":"article","og_title":"Pide diputado investigar agresi\u00f3n de Marina a reportero - Los pol\u00edticos Veracruz","og_description":"El d\u00eda de ayer, como integrante de la Comisi\u00f3n de Marina, el Legislador Federal Carlos Alberto Valenzuela Gonz\u00e1lez, hizo de conocimiento a la Diputada Presidenta de la Comisi\u00f3n de Marina en la C\u00e1mara de Diputados, M\u00f3nica Almeida L\u00f3pez, el documento que se le envi\u00f3\u00a0 al Almirante Secretario de Marina, Jos\u00e9 Rafael Ojeda Dur\u00e1n, en relaci\u00f3n [&hellip;]","og_url":"https:\/\/lospoliticosveracruz.com\/?p=47345","og_site_name":"Los pol\u00edticos Veracruz","article_publisher":"https:\/\/www.facebook.com\/people\/Notimemes-de-los-Polticos\/61565672886568\/","article_published_time":"2019-03-14T16:32:41+00:00","og_image":[{"width":600,"height":467,"url":"https:\/\/lospoliticosveracruz.com\/wp-content\/uploads\/2019\/03\/Oficio.jpg","type":"image\/jpeg"}],"author":"Lo viste en Los Pol\u00edticos","twitter_card":"summary_large_image","twitter_creator":"@LosPoliticosVer","twitter_site":"@LosPoliticosVer","twitter_misc":{"Escrito por":"Lo viste en Los Pol\u00edticos","Tiempo de lectura":"1 minuto"},"schema":{"@context":"https:\/\/schema.org","@graph":[{"@type":"Article","@id":"https:\/\/lospoliticosveracruz.com\/?p=47345#article","isPartOf":{"@id":"https:\/\/lospoliticosveracruz.com\/?p=47345"},"author":{"name":"Lo viste en Los Pol\u00edticos","@id":"https:\/\/lospoliticosveracruz.com\/#\/schema\/person\/b8702bb0e538456e6efd07080bf2a4a2"},"headline":"Pide diputado investigar agresi\u00f3n de Marina a reportero","datePublished":"2019-03-14T16:32:41+00:00","mainEntityOfPage":{"@id":"https:\/\/lospoliticosveracruz.com\/?p=47345"},"wordCount":223,"commentCount":0,"publisher":{"@id":"https:\/\/lospoliticosveracruz.com\/#organization"},"image":{"@id":"https:\/\/lospoliticosveracruz.com\/?p=47345#primaryimage"},"thumbnailUrl":"https:\/\/lospoliticosveracruz.com\/wp-content\/uploads\/2019\/03\/Oficio.jpg","keywords":["C\u00e1mara de Diputados","Carlos Alberto Valenzuela Gonz\u00e1lez","Comisi\u00f3n de Marina","Franco Cardel Sandoval","Jos\u00e9 Rafael Ojeda Dur\u00e1n","M\u00f3nica Almeida L\u00f3pez","Polic\u00eda Naval","Veracruz"],"articleSection":["Palomazos"],"inLanguage":"es","potentialAction":[{"@type":"CommentAction","name":"Comment","target":["https:\/\/lospoliticosveracruz.com\/?p=47345#respond"]}]},{"@type":"WebPage","@id":"https:\/\/lospoliticosveracruz.com\/?p=47345","url":"https:\/\/lospoliticosveracruz.com\/?p=47345","name":"Pide diputado investigar agresi\u00f3n de Marina a reportero - Los pol\u00edticos Veracruz","isPartOf":{"@id":"https:\/\/lospoliticosveracruz.com\/#website"},"primaryImageOfPage":{"@id":"https:\/\/lospoliticosveracruz.com\/?p=47345#primaryimage"},"image":{"@id":"https:\/\/lospoliticosveracruz.com\/?p=47345#primaryimage"},"thumbnailUrl":"https:\/\/lospoliticosveracruz.com\/wp-content\/uploads\/2019\/03\/Oficio.jpg","datePublished":"2019-03-14T16:32:41+00:00","breadcrumb":{"@id":"https:\/\/lospoliticosveracruz.com\/?p=47345#breadcrumb"},"inLanguage":"es","potentialAction":[{"@type":"ReadAction","target":["https:\/\/lospoliticosveracruz.com\/?p=47345"]}]},{"@type":"ImageObject","inLanguage":"es","@id":"https:\/\/lospoliticosveracruz.com\/?p=47345#primaryimage","url":"https:\/\/lospoliticosveracruz.com\/wp-content\/uploads\/2019\/03\/Oficio.jpg","contentUrl":"https:\/\/lospoliticosveracruz.com\/wp-content\/uploads\/2019\/03\/Oficio.jpg","width":600,"height":467},{"@type":"BreadcrumbList","@id":"https:\/\/lospoliticosveracruz.com\/?p=47345#breadcrumb","itemListElement":[{"@type":"ListItem","position":1,"name":"Portada","item":"https:\/\/lospoliticosveracruz.com\/"},{"@type":"ListItem","position":2,"name":"Pide diputado investigar agresi\u00f3n de Marina a reportero"}]},{"@type":"WebSite","@id":"https:\/\/lospoliticosveracruz.com\/#website","url":"https:\/\/lospoliticosveracruz.com\/","name":"Los pol\u00edticos Veracruz","description":"","publisher":{"@id":"https:\/\/lospoliticosveracruz.com\/#organization"},"potentialAction":[{"@type":"SearchAction","target":{"@type":"EntryPoint","urlTemplate":"https:\/\/lospoliticosveracruz.com\/?s={search_term_string}"},"query-input":{"@type":"PropertyValueSpecification","valueRequired":true,"valueName":"search_term_string"}}],"inLanguage":"es"},{"@type":"Organization","@id":"https:\/\/lospoliticosveracruz.com\/#organization","name":"Los pol\u00edticos Veracruz","url":"https:\/\/lospoliticosveracruz.com\/","logo":{"@type":"ImageObject","inLanguage":"es","@id":"https:\/\/lospoliticosveracruz.com\/#\/schema\/logo\/image\/","url":"https:\/\/lospoliticosveracruz.com\/wp-content\/uploads\/2025\/12\/Logo-Nuevo-LOS-POLITICOS-1.jpg","contentUrl":"https:\/\/lospoliticosveracruz.com\/wp-content\/uploads\/2025\/12\/Logo-Nuevo-LOS-POLITICOS-1.jpg","width":260,"height":70,"caption":"Los pol\u00edticos Veracruz"},"image":{"@id":"https:\/\/lospoliticosveracruz.com\/#\/schema\/logo\/image\/"},"sameAs":["https:\/\/www.facebook.com\/people\/Notimemes-de-los-Polticos\/61565672886568\/","https:\/\/x.com\/LosPoliticosVer"]},{"@type":"Person","@id":"https:\/\/lospoliticosveracruz.com\/#\/schema\/person\/b8702bb0e538456e6efd07080bf2a4a2","name":"Lo viste en Los Pol\u00edticos","image":{"@type":"ImageObject","inLanguage":"es","@id":"https:\/\/secure.gravatar.com\/avatar\/3a8de04a2656d44082be478bd6c086daa447c4651605818287b9532d3d0bd435?s=96&d=mm&r=g","url":"https:\/\/secure.gravatar.com\/avatar\/3a8de04a2656d44082be478bd6c086daa447c4651605818287b9532d3d0bd435?s=96&d=mm&r=g","contentUrl":"https:\/\/secure.gravatar.com\/avatar\/3a8de04a2656d44082be478bd6c086daa447c4651605818287b9532d3d0bd435?s=96&d=mm&r=g","caption":"Lo viste en Los Pol\u00edticos"},"url":"https:\/\/lospoliticosveracruz.com\/?author=2"}]}},"_links":{"self":[{"href":"https:\/\/lospoliticosveracruz.com\/index.php?rest_route=\/wp\/v2\/posts\/47345","targetHints":{"allow":["GET"]}}],"collection":[{"href":"https:\/\/lospoliticosveracruz.com\/index.php?rest_route=\/wp\/v2\/posts"}],"about":[{"href":"https:\/\/lospoliticosveracruz.com\/index.php?rest_route=\/wp\/v2\/types\/post"}],"author":[{"embeddable":true,"href":"https:\/\/lospoliticosveracruz.com\/index.php?rest_route=\/wp\/v2\/users\/2"}],"replies":[{"embeddable":true,"href":"https:\/\/lospoliticosveracruz.com\/index.php?rest_route=%2Fwp%2Fv2%2Fcomments&post=47345"}],"version-history":[{"count":1,"href":"https:\/\/lospoliticosveracruz.com\/index.php?rest_route=\/wp\/v2\/posts\/47345\/revisions"}],"predecessor-version":[{"id":47347,"href":"https:\/\/lospoliticosveracruz.com\/index.php?rest_route=\/wp\/v2\/posts\/47345\/revisions\/47347"}],"wp:featuredmedia":[{"embeddable":true,"href":"https:\/\/lospoliticosveracruz.com\/index.php?rest_route=\/wp\/v2\/media\/47346"}],"wp:attachment":[{"href":"https:\/\/lospoliticosveracruz.com\/index.php?rest_route=%2Fwp%2Fv2%2Fmedia&parent=47345"}],"wp:term":[{"taxonomy":"category","embeddable":true,"href":"https:\/\/lospoliticosveracruz.com\/index.php?rest_route=%2Fwp%2Fv2%2Fcategories&post=47345"},{"taxonomy":"post_tag","embeddable":true,"href":"https:\/\/lospoliticosveracruz.com\/index.php?rest_route=%2Fwp%2Fv2%2Ftags&post=47345"}],"curies":[{"name":"wp","href":"https:\/\/api.w.org\/{rel}","templated":true}]}}