{"id":47348,"date":"2019-03-14T10:51:45","date_gmt":"2019-03-14T16:51:45","guid":{"rendered":"http:\/\/www.lospoliticosveracruz.com.mx\/?p=47348"},"modified":"2019-03-14T10:51:45","modified_gmt":"2019-03-14T16:51:45","slug":"orfis-y-pri-las-disputas","status":"publish","type":"post","link":"https:\/\/lospoliticosveracruz.com\/?p=47348","title":{"rendered":"Orfis y PRI, las disputas"},"content":{"rendered":"<p><strong>Ricardo Ch\u00faa<\/strong><\/p>\n<p><em>Sale y Vale<\/em><\/p>\n<p>SIN REMITENTE II&#8230; Dentro del \u00d3rgano de Gobierno del Sistema Estatal Anticorrupci\u00f3n en Veracruz (SEA) se ha desatado una disputa pol\u00edtica que se terminar\u00e1 all\u00e1 por el mes de octubre&#8230;. Sobre todo cuando se defina el tema de qui\u00e9n quedar\u00e1 como Auditor General del \u00d3rgano Fiscalizaci\u00f3n Superior (ORFIS)&#8230;Ya que dos integrantes del SEA quieren ese cargo y no les importa lo que tengan que hacer para conseguirlo&#8230; Son 7 a\u00f1os de asueto&#8230; Fortuna y riquezas&#8230;.<\/p>\n<p>Entre los que disputan este cargo esta el Presidente del SEA, Sergio V\u00e1zquez, famoso por haber auditado por su despacho contable a las dependencias estatales del gobierno de Javier Duarte y no haberles encontrado nada de nada&#8230; Ninguna irregularidad&#8230; Al paso del tiempo se comprob\u00f3 que no fue as\u00ed&#8230; \u00bfQu\u00e9 sucedi\u00f3?&#8230; El otro es Lorenzo Portilla, qui\u00e9n ostenta ese cargo y se quiere reelegir&#8230; Los dos son miembros del \u00d3rgano de Gobierno del SEA Y los dos van tras el ORFIS&#8230; No se hable m\u00e1s&#8230;<\/p>\n<p>Ahora se espera que esa disputa por el ORFIS no afecte al SEA porque dos de sus m\u00e1s importantes miembros se encuentras en una disputa por llegar al cargo y el otro por no dej\u00e1rselo arrebatar por otro&#8230;.As\u00ed que mientras V\u00e1zquez y Portilla se \u00abagarran del chongo\u00bb por este organismo&#8230; Pues habr\u00e1 que preguntarles el balance de cada uno en sus \u00e1reas de trabajo para saber si tienen calidad moral para ir por este \u00f3rgano&#8230;. Por lo pronto, la pelea al interior est\u00e1 que \u00abarde\u00bb&#8230;.<\/p>\n<p>EL TUCOM&#8230; Ha nacido el TUCOM en Veracruz (Todos Unidos contra Marlon)&#8230;.. Este grupo de priistas buscan la manera de frenarle el paso rumbo a la dirigencia estatal al regidor porte\u00f1o, Marl\u00f3n Ram\u00edrez Mar\u00edn&#8230; Qui\u00e9n esta partida la tiene ganada desde el 2015 cuando fue subsecretario de Gobieno y conoce a todos los actores p\u00fablicos y grupos dentro del priismo y eso fue que llev\u00f3 al PRI de ser parte de la \u00abagenda del Estado\u00bb&#8230;.<\/p>\n<p>Lo que no entiende ese grupo de TUCOM, que son priistas de los llamados \u00abDinos\u00bb, que su generaci\u00f3n se qued\u00f3 a la deriva porque fueron ellos los que gobernaban en el PRI cuando se perdi\u00f3 todo&#8230; Adem\u00e1s son claras las evidencias que muchos de los que ahora forman el TUCOM, ya les dio temor el caminar del edil porte\u00f1o&#8230; Que siguen insistiendo en lo mismo, que Marlon es la otra avanzada de los Yunes azules en el PRI&#8230; Eso es completamente falso&#8230;.<\/p>\n<p>Ese grupo llamado TUCOM encabezado por los seguidores de Antonio Ben\u00edtez Lucho son los personajes que operaron al 100 con MORENA en el a\u00f1o pasado&#8230; Ahora quieren que el PRI no sea una verdadera oposici\u00f3n a los Morenos&#8230; Marl\u00f3n que si sabe de pol\u00edtica tiene claro quienes son los grupos y partidos pol\u00edticos con quien se tiene que alear el PRI para jugar con el en los pr\u00f3ximos comicios sino se pierde mucha presencia si no se tienen aliados&#8230;<\/p>\n<p>Por ello buscan cerrarle el paso a Marl\u00f3n para no tener una oposici\u00f3n real sino una oposici\u00f3n \u00abc\u00f3moda\u00bb con el PRIMOR, aunque el regidor porte\u00f1o sabe que sent\u00e1ndose en esa silla&#8230; Lo primero que har\u00e1 ser\u00e1 buscar consensos con los priistas que fueron Morenos y los priistas verdes&#8230; Sin embargo, sabe tambi\u00e9n que tendr\u00e1 que hacerle espacios a sus aliados y eso le quitar\u00e1 los suyos a los priistas de siempre&#8230;. Eso es parte de la renovaci\u00f3n&#8230;<\/p>\n<p>Al final&#8230; Lucho no le queda otra que operar con los ex fidelistas como Silvia Dom\u00ednguez y Lupita Porras&#8230; Ya que la mayor\u00eda de la base, Marlon se la \u00abcomi\u00f3 toda\u00bb desde hace meses que empez\u00f3 a caminar y acordar con los grupos reales al PRI&#8230; Con esos grupos que no tuvieron cabida con los Morenos porque no les dieron nada&#8230; Ah\u00ed fue que Marl\u00f3n capt\u00f3 esas simpat\u00edas y ahora las hizo suyas, rumbo a la dirigencia estatal&#8230;<\/p>\n<p>As\u00ed que crear el TUCOM s\u00f3lo sirve para hacer p\u00fablico qui\u00e9n en realidad est\u00e1n en la campa\u00f1a de Benitez Lucho&#8230; Ya que el priismo est\u00e1 hecho \u00aba\u00f1icos\u00bb y los priistas morenos no han sido capaces de recomponerlos, pese el poder que tienen detr\u00e1s de ellos, mientras tanto Marl\u00f3n se presenta como la \u00fanica y valida opci\u00f3n opositora del PRI&#8230; Pero como siempre le \u00abponen el p\u00ede\u00bb para no perder privilegios pese a que operaron con MORENA&#8230; El tema es que est\u00e1 carrera est\u00e1 m\u00e1s que ganada&#8230; \u00bfC\u00f3mo fue?&#8230; Qui\u00e9n sabe, pero Marl\u00f3n trae el pulso&#8230;<\/p>\n","protected":false},"excerpt":{"rendered":"<p>Ricardo Ch\u00faa Sale y Vale SIN REMITENTE II&#8230; Dentro del \u00d3rgano de Gobierno del Sistema Estatal Anticorrupci\u00f3n en Veracruz (SEA) se ha desatado una disputa pol\u00edtica que se terminar\u00e1 all\u00e1 por el mes de octubre&#8230;. Sobre todo cuando se defina el tema de qui\u00e9n quedar\u00e1 como Auditor General del \u00d3rgano Fiscalizaci\u00f3n Superior (ORFIS)&#8230;Ya que dos [&hellip;]<\/p>\n","protected":false},"author":2,"featured_media":47349,"comment_status":"open","ping_status":"open","sticky":false,"template":"","format":"standard","meta":{"tdm_status":"","tdm_grid_status":"","footnotes":""},"categories":[70],"tags":[162,14222,14225,1706,14224,135,14221,4638,7799,14223,195],"class_list":{"0":"post-47348","1":"post","2":"type-post","3":"status-publish","4":"format-standard","5":"has-post-thumbnail","7":"category-de-opinion","8":"tag-javier-duarte","9":"tag-lorenzo-portilla-vazquez","10":"tag-lupita-porras","11":"tag-marlon-ramirez","12":"tag-morenos","13":"tag-orfis","14":"tag-sergio-vazquez","15":"tag-silvia-dominguez","16":"tag-sistema-estatal-anticorrupcion","17":"tag-subsecretario-de-gobieno","18":"tag-veracruz"},"yoast_head":"<!-- This site is optimized with the Yoast SEO plugin v27.4 - https:\/\/yoast.com\/product\/yoast-seo-wordpress\/ -->\n<title>Orfis y PRI, las disputas - Los pol\u00edticos Veracruz<\/title>\n<meta name=\"robots\" content=\"index, follow, max-snippet:-1, max-image-preview:large, max-video-preview:-1\" \/>\n<link rel=\"canonical\" href=\"https:\/\/lospoliticosveracruz.com\/?p=47348\" \/>\n<meta property=\"og:locale\" content=\"es_ES\" \/>\n<meta property=\"og:type\" content=\"article\" \/>\n<meta property=\"og:title\" content=\"Orfis y PRI, las disputas - Los pol\u00edticos Veracruz\" \/>\n<meta property=\"og:description\" content=\"Ricardo Ch\u00faa Sale y Vale SIN REMITENTE II&#8230; Dentro del \u00d3rgano de Gobierno del Sistema Estatal Anticorrupci\u00f3n en Veracruz (SEA) se ha desatado una disputa pol\u00edtica que se terminar\u00e1 all\u00e1 por el mes de octubre&#8230;. Sobre todo cuando se defina el tema de qui\u00e9n quedar\u00e1 como Auditor General del \u00d3rgano Fiscalizaci\u00f3n Superior (ORFIS)&#8230;Ya que dos [&hellip;]\" \/>\n<meta property=\"og:url\" content=\"https:\/\/lospoliticosveracruz.com\/?p=47348\" \/>\n<meta property=\"og:site_name\" content=\"Los pol\u00edticos Veracruz\" \/>\n<meta property=\"article:publisher\" content=\"https:\/\/www.facebook.com\/people\/Notimemes-de-los-Polticos\/61565672886568\/\" \/>\n<meta property=\"article:published_time\" content=\"2019-03-14T16:51:45+00:00\" \/>\n<meta property=\"og:image\" content=\"https:\/\/lospoliticosveracruz.com\/wp-content\/uploads\/2019\/03\/Orfis-PRI.jpg\" \/>\n\t<meta property=\"og:image:width\" content=\"600\" \/>\n\t<meta property=\"og:image:height\" content=\"446\" \/>\n\t<meta property=\"og:image:type\" content=\"image\/jpeg\" \/>\n<meta name=\"author\" content=\"Lo viste en Los Pol\u00edticos\" \/>\n<meta name=\"twitter:card\" content=\"summary_large_image\" \/>\n<meta name=\"twitter:creator\" content=\"@LosPoliticosVer\" \/>\n<meta name=\"twitter:site\" content=\"@LosPoliticosVer\" \/>\n<meta name=\"twitter:label1\" content=\"Escrito por\" \/>\n\t<meta name=\"twitter:data1\" content=\"Lo viste en Los Pol\u00edticos\" \/>\n\t<meta name=\"twitter:label2\" content=\"Tiempo de lectura\" \/>\n\t<meta name=\"twitter:data2\" content=\"4 minutos\" \/>\n<script type=\"application\/ld+json\" class=\"yoast-schema-graph\">{\"@context\":\"https:\\\/\\\/schema.org\",\"@graph\":[{\"@type\":\"Article\",\"@id\":\"https:\\\/\\\/lospoliticosveracruz.com\\\/?p=47348#article\",\"isPartOf\":{\"@id\":\"https:\\\/\\\/lospoliticosveracruz.com\\\/?p=47348\"},\"author\":{\"name\":\"Lo viste en Los Pol\u00edticos\",\"@id\":\"https:\\\/\\\/lospoliticosveracruz.com\\\/#\\\/schema\\\/person\\\/b8702bb0e538456e6efd07080bf2a4a2\"},\"headline\":\"Orfis y PRI, las disputas\",\"datePublished\":\"2019-03-14T16:51:45+00:00\",\"mainEntityOfPage\":{\"@id\":\"https:\\\/\\\/lospoliticosveracruz.com\\\/?p=47348\"},\"wordCount\":794,\"commentCount\":0,\"publisher\":{\"@id\":\"https:\\\/\\\/lospoliticosveracruz.com\\\/#organization\"},\"image\":{\"@id\":\"https:\\\/\\\/lospoliticosveracruz.com\\\/?p=47348#primaryimage\"},\"thumbnailUrl\":\"https:\\\/\\\/lospoliticosveracruz.com\\\/wp-content\\\/uploads\\\/2019\\\/03\\\/Orfis-PRI.jpg\",\"keywords\":[\"Javier Duarte\",\"Lorenzo Portilla V\u00e1zquez\",\"Lupita Porras\",\"Marlon Ram\u00edrez\",\"Morenos\",\"Orfis\",\"Sergio V\u00e1zquez\",\"Silvia Dom\u00ednguez\",\"Sistema Estatal Anticorrupci\u00f3n\",\"subsecretario de Gobieno\",\"Veracruz\"],\"articleSection\":[\"De Opini\u00f3n\"],\"inLanguage\":\"es\",\"potentialAction\":[{\"@type\":\"CommentAction\",\"name\":\"Comment\",\"target\":[\"https:\\\/\\\/lospoliticosveracruz.com\\\/?p=47348#respond\"]}]},{\"@type\":\"WebPage\",\"@id\":\"https:\\\/\\\/lospoliticosveracruz.com\\\/?p=47348\",\"url\":\"https:\\\/\\\/lospoliticosveracruz.com\\\/?p=47348\",\"name\":\"Orfis y PRI, las disputas - Los pol\u00edticos Veracruz\",\"isPartOf\":{\"@id\":\"https:\\\/\\\/lospoliticosveracruz.com\\\/#website\"},\"primaryImageOfPage\":{\"@id\":\"https:\\\/\\\/lospoliticosveracruz.com\\\/?p=47348#primaryimage\"},\"image\":{\"@id\":\"https:\\\/\\\/lospoliticosveracruz.com\\\/?p=47348#primaryimage\"},\"thumbnailUrl\":\"https:\\\/\\\/lospoliticosveracruz.com\\\/wp-content\\\/uploads\\\/2019\\\/03\\\/Orfis-PRI.jpg\",\"datePublished\":\"2019-03-14T16:51:45+00:00\",\"breadcrumb\":{\"@id\":\"https:\\\/\\\/lospoliticosveracruz.com\\\/?p=47348#breadcrumb\"},\"inLanguage\":\"es\",\"potentialAction\":[{\"@type\":\"ReadAction\",\"target\":[\"https:\\\/\\\/lospoliticosveracruz.com\\\/?p=47348\"]}]},{\"@type\":\"ImageObject\",\"inLanguage\":\"es\",\"@id\":\"https:\\\/\\\/lospoliticosveracruz.com\\\/?p=47348#primaryimage\",\"url\":\"https:\\\/\\\/lospoliticosveracruz.com\\\/wp-content\\\/uploads\\\/2019\\\/03\\\/Orfis-PRI.jpg\",\"contentUrl\":\"https:\\\/\\\/lospoliticosveracruz.com\\\/wp-content\\\/uploads\\\/2019\\\/03\\\/Orfis-PRI.jpg\",\"width\":600,\"height\":446},{\"@type\":\"BreadcrumbList\",\"@id\":\"https:\\\/\\\/lospoliticosveracruz.com\\\/?p=47348#breadcrumb\",\"itemListElement\":[{\"@type\":\"ListItem\",\"position\":1,\"name\":\"Portada\",\"item\":\"https:\\\/\\\/lospoliticosveracruz.com\\\/\"},{\"@type\":\"ListItem\",\"position\":2,\"name\":\"Orfis y PRI, las disputas\"}]},{\"@type\":\"WebSite\",\"@id\":\"https:\\\/\\\/lospoliticosveracruz.com\\\/#website\",\"url\":\"https:\\\/\\\/lospoliticosveracruz.com\\\/\",\"name\":\"Los pol\u00edticos Veracruz\",\"description\":\"\",\"publisher\":{\"@id\":\"https:\\\/\\\/lospoliticosveracruz.com\\\/#organization\"},\"potentialAction\":[{\"@type\":\"SearchAction\",\"target\":{\"@type\":\"EntryPoint\",\"urlTemplate\":\"https:\\\/\\\/lospoliticosveracruz.com\\\/?s={search_term_string}\"},\"query-input\":{\"@type\":\"PropertyValueSpecification\",\"valueRequired\":true,\"valueName\":\"search_term_string\"}}],\"inLanguage\":\"es\"},{\"@type\":\"Organization\",\"@id\":\"https:\\\/\\\/lospoliticosveracruz.com\\\/#organization\",\"name\":\"Los pol\u00edticos Veracruz\",\"url\":\"https:\\\/\\\/lospoliticosveracruz.com\\\/\",\"logo\":{\"@type\":\"ImageObject\",\"inLanguage\":\"es\",\"@id\":\"https:\\\/\\\/lospoliticosveracruz.com\\\/#\\\/schema\\\/logo\\\/image\\\/\",\"url\":\"https:\\\/\\\/lospoliticosveracruz.com\\\/wp-content\\\/uploads\\\/2025\\\/12\\\/Logo-Nuevo-LOS-POLITICOS-1.jpg\",\"contentUrl\":\"https:\\\/\\\/lospoliticosveracruz.com\\\/wp-content\\\/uploads\\\/2025\\\/12\\\/Logo-Nuevo-LOS-POLITICOS-1.jpg\",\"width\":260,\"height\":70,\"caption\":\"Los pol\u00edticos Veracruz\"},\"image\":{\"@id\":\"https:\\\/\\\/lospoliticosveracruz.com\\\/#\\\/schema\\\/logo\\\/image\\\/\"},\"sameAs\":[\"https:\\\/\\\/www.facebook.com\\\/people\\\/Notimemes-de-los-Polticos\\\/61565672886568\\\/\",\"https:\\\/\\\/x.com\\\/LosPoliticosVer\"]},{\"@type\":\"Person\",\"@id\":\"https:\\\/\\\/lospoliticosveracruz.com\\\/#\\\/schema\\\/person\\\/b8702bb0e538456e6efd07080bf2a4a2\",\"name\":\"Lo viste en Los Pol\u00edticos\",\"image\":{\"@type\":\"ImageObject\",\"inLanguage\":\"es\",\"@id\":\"https:\\\/\\\/secure.gravatar.com\\\/avatar\\\/3a8de04a2656d44082be478bd6c086daa447c4651605818287b9532d3d0bd435?s=96&d=mm&r=g\",\"url\":\"https:\\\/\\\/secure.gravatar.com\\\/avatar\\\/3a8de04a2656d44082be478bd6c086daa447c4651605818287b9532d3d0bd435?s=96&d=mm&r=g\",\"contentUrl\":\"https:\\\/\\\/secure.gravatar.com\\\/avatar\\\/3a8de04a2656d44082be478bd6c086daa447c4651605818287b9532d3d0bd435?s=96&d=mm&r=g\",\"caption\":\"Lo viste en Los Pol\u00edticos\"},\"url\":\"https:\\\/\\\/lospoliticosveracruz.com\\\/?author=2\"}]}<\/script>\n<!-- \/ Yoast SEO plugin. -->","yoast_head_json":{"title":"Orfis y PRI, las disputas - Los pol\u00edticos Veracruz","robots":{"index":"index","follow":"follow","max-snippet":"max-snippet:-1","max-image-preview":"max-image-preview:large","max-video-preview":"max-video-preview:-1"},"canonical":"https:\/\/lospoliticosveracruz.com\/?p=47348","og_locale":"es_ES","og_type":"article","og_title":"Orfis y PRI, las disputas - Los pol\u00edticos Veracruz","og_description":"Ricardo Ch\u00faa Sale y Vale SIN REMITENTE II&#8230; Dentro del \u00d3rgano de Gobierno del Sistema Estatal Anticorrupci\u00f3n en Veracruz (SEA) se ha desatado una disputa pol\u00edtica que se terminar\u00e1 all\u00e1 por el mes de octubre&#8230;. Sobre todo cuando se defina el tema de qui\u00e9n quedar\u00e1 como Auditor General del \u00d3rgano Fiscalizaci\u00f3n Superior (ORFIS)&#8230;Ya que dos [&hellip;]","og_url":"https:\/\/lospoliticosveracruz.com\/?p=47348","og_site_name":"Los pol\u00edticos Veracruz","article_publisher":"https:\/\/www.facebook.com\/people\/Notimemes-de-los-Polticos\/61565672886568\/","article_published_time":"2019-03-14T16:51:45+00:00","og_image":[{"width":600,"height":446,"url":"https:\/\/lospoliticosveracruz.com\/wp-content\/uploads\/2019\/03\/Orfis-PRI.jpg","type":"image\/jpeg"}],"author":"Lo viste en Los Pol\u00edticos","twitter_card":"summary_large_image","twitter_creator":"@LosPoliticosVer","twitter_site":"@LosPoliticosVer","twitter_misc":{"Escrito por":"Lo viste en Los Pol\u00edticos","Tiempo de lectura":"4 minutos"},"schema":{"@context":"https:\/\/schema.org","@graph":[{"@type":"Article","@id":"https:\/\/lospoliticosveracruz.com\/?p=47348#article","isPartOf":{"@id":"https:\/\/lospoliticosveracruz.com\/?p=47348"},"author":{"name":"Lo viste en Los Pol\u00edticos","@id":"https:\/\/lospoliticosveracruz.com\/#\/schema\/person\/b8702bb0e538456e6efd07080bf2a4a2"},"headline":"Orfis y PRI, las disputas","datePublished":"2019-03-14T16:51:45+00:00","mainEntityOfPage":{"@id":"https:\/\/lospoliticosveracruz.com\/?p=47348"},"wordCount":794,"commentCount":0,"publisher":{"@id":"https:\/\/lospoliticosveracruz.com\/#organization"},"image":{"@id":"https:\/\/lospoliticosveracruz.com\/?p=47348#primaryimage"},"thumbnailUrl":"https:\/\/lospoliticosveracruz.com\/wp-content\/uploads\/2019\/03\/Orfis-PRI.jpg","keywords":["Javier Duarte","Lorenzo Portilla V\u00e1zquez","Lupita Porras","Marlon Ram\u00edrez","Morenos","Orfis","Sergio V\u00e1zquez","Silvia Dom\u00ednguez","Sistema Estatal Anticorrupci\u00f3n","subsecretario de Gobieno","Veracruz"],"articleSection":["De Opini\u00f3n"],"inLanguage":"es","potentialAction":[{"@type":"CommentAction","name":"Comment","target":["https:\/\/lospoliticosveracruz.com\/?p=47348#respond"]}]},{"@type":"WebPage","@id":"https:\/\/lospoliticosveracruz.com\/?p=47348","url":"https:\/\/lospoliticosveracruz.com\/?p=47348","name":"Orfis y PRI, las disputas - Los pol\u00edticos Veracruz","isPartOf":{"@id":"https:\/\/lospoliticosveracruz.com\/#website"},"primaryImageOfPage":{"@id":"https:\/\/lospoliticosveracruz.com\/?p=47348#primaryimage"},"image":{"@id":"https:\/\/lospoliticosveracruz.com\/?p=47348#primaryimage"},"thumbnailUrl":"https:\/\/lospoliticosveracruz.com\/wp-content\/uploads\/2019\/03\/Orfis-PRI.jpg","datePublished":"2019-03-14T16:51:45+00:00","breadcrumb":{"@id":"https:\/\/lospoliticosveracruz.com\/?p=47348#breadcrumb"},"inLanguage":"es","potentialAction":[{"@type":"ReadAction","target":["https:\/\/lospoliticosveracruz.com\/?p=47348"]}]},{"@type":"ImageObject","inLanguage":"es","@id":"https:\/\/lospoliticosveracruz.com\/?p=47348#primaryimage","url":"https:\/\/lospoliticosveracruz.com\/wp-content\/uploads\/2019\/03\/Orfis-PRI.jpg","contentUrl":"https:\/\/lospoliticosveracruz.com\/wp-content\/uploads\/2019\/03\/Orfis-PRI.jpg","width":600,"height":446},{"@type":"BreadcrumbList","@id":"https:\/\/lospoliticosveracruz.com\/?p=47348#breadcrumb","itemListElement":[{"@type":"ListItem","position":1,"name":"Portada","item":"https:\/\/lospoliticosveracruz.com\/"},{"@type":"ListItem","position":2,"name":"Orfis y PRI, las disputas"}]},{"@type":"WebSite","@id":"https:\/\/lospoliticosveracruz.com\/#website","url":"https:\/\/lospoliticosveracruz.com\/","name":"Los pol\u00edticos Veracruz","description":"","publisher":{"@id":"https:\/\/lospoliticosveracruz.com\/#organization"},"potentialAction":[{"@type":"SearchAction","target":{"@type":"EntryPoint","urlTemplate":"https:\/\/lospoliticosveracruz.com\/?s={search_term_string}"},"query-input":{"@type":"PropertyValueSpecification","valueRequired":true,"valueName":"search_term_string"}}],"inLanguage":"es"},{"@type":"Organization","@id":"https:\/\/lospoliticosveracruz.com\/#organization","name":"Los pol\u00edticos Veracruz","url":"https:\/\/lospoliticosveracruz.com\/","logo":{"@type":"ImageObject","inLanguage":"es","@id":"https:\/\/lospoliticosveracruz.com\/#\/schema\/logo\/image\/","url":"https:\/\/lospoliticosveracruz.com\/wp-content\/uploads\/2025\/12\/Logo-Nuevo-LOS-POLITICOS-1.jpg","contentUrl":"https:\/\/lospoliticosveracruz.com\/wp-content\/uploads\/2025\/12\/Logo-Nuevo-LOS-POLITICOS-1.jpg","width":260,"height":70,"caption":"Los pol\u00edticos Veracruz"},"image":{"@id":"https:\/\/lospoliticosveracruz.com\/#\/schema\/logo\/image\/"},"sameAs":["https:\/\/www.facebook.com\/people\/Notimemes-de-los-Polticos\/61565672886568\/","https:\/\/x.com\/LosPoliticosVer"]},{"@type":"Person","@id":"https:\/\/lospoliticosveracruz.com\/#\/schema\/person\/b8702bb0e538456e6efd07080bf2a4a2","name":"Lo viste en Los Pol\u00edticos","image":{"@type":"ImageObject","inLanguage":"es","@id":"https:\/\/secure.gravatar.com\/avatar\/3a8de04a2656d44082be478bd6c086daa447c4651605818287b9532d3d0bd435?s=96&d=mm&r=g","url":"https:\/\/secure.gravatar.com\/avatar\/3a8de04a2656d44082be478bd6c086daa447c4651605818287b9532d3d0bd435?s=96&d=mm&r=g","contentUrl":"https:\/\/secure.gravatar.com\/avatar\/3a8de04a2656d44082be478bd6c086daa447c4651605818287b9532d3d0bd435?s=96&d=mm&r=g","caption":"Lo viste en Los Pol\u00edticos"},"url":"https:\/\/lospoliticosveracruz.com\/?author=2"}]}},"_links":{"self":[{"href":"https:\/\/lospoliticosveracruz.com\/index.php?rest_route=\/wp\/v2\/posts\/47348","targetHints":{"allow":["GET"]}}],"collection":[{"href":"https:\/\/lospoliticosveracruz.com\/index.php?rest_route=\/wp\/v2\/posts"}],"about":[{"href":"https:\/\/lospoliticosveracruz.com\/index.php?rest_route=\/wp\/v2\/types\/post"}],"author":[{"embeddable":true,"href":"https:\/\/lospoliticosveracruz.com\/index.php?rest_route=\/wp\/v2\/users\/2"}],"replies":[{"embeddable":true,"href":"https:\/\/lospoliticosveracruz.com\/index.php?rest_route=%2Fwp%2Fv2%2Fcomments&post=47348"}],"version-history":[{"count":1,"href":"https:\/\/lospoliticosveracruz.com\/index.php?rest_route=\/wp\/v2\/posts\/47348\/revisions"}],"predecessor-version":[{"id":47350,"href":"https:\/\/lospoliticosveracruz.com\/index.php?rest_route=\/wp\/v2\/posts\/47348\/revisions\/47350"}],"wp:featuredmedia":[{"embeddable":true,"href":"https:\/\/lospoliticosveracruz.com\/index.php?rest_route=\/wp\/v2\/media\/47349"}],"wp:attachment":[{"href":"https:\/\/lospoliticosveracruz.com\/index.php?rest_route=%2Fwp%2Fv2%2Fmedia&parent=47348"}],"wp:term":[{"taxonomy":"category","embeddable":true,"href":"https:\/\/lospoliticosveracruz.com\/index.php?rest_route=%2Fwp%2Fv2%2Fcategories&post=47348"},{"taxonomy":"post_tag","embeddable":true,"href":"https:\/\/lospoliticosveracruz.com\/index.php?rest_route=%2Fwp%2Fv2%2Ftags&post=47348"}],"curies":[{"name":"wp","href":"https:\/\/api.w.org\/{rel}","templated":true}]}}