{"id":47354,"date":"2019-03-14T17:27:38","date_gmt":"2019-03-14T23:27:38","guid":{"rendered":"http:\/\/www.lospoliticosveracruz.com.mx\/?p=47354"},"modified":"2019-03-14T17:28:17","modified_gmt":"2019-03-14T23:28:17","slug":"imss-binestar-cambia-la-vida-de-180-ninos-en-la-huasteca","status":"publish","type":"post","link":"https:\/\/lospoliticosveracruz.com\/?p=47354","title":{"rendered":"IMSS Bienestar cambia la vida de 180 ni\u00f1os en la Huasteca"},"content":{"rendered":"<p>Durante la <em>Jornada Quir\u00fargica Bienestar <\/em>en\u00a0 Cirug\u00eda Reconstructiva Pedi\u00e1trica del Programa IMSS-Bienestar, la cual se realiz\u00f3 del 8 al 14 del presente mes, fueron atendidos m\u00e1s de 180 ni\u00f1os de distintas comunidades de la regi\u00f3n Huasteca de Veracruz e Hidalgo, de los cuales 100 se sometieron cirug\u00eda reconstructiva con el objetivo de mejorar su calidad de vida.<\/p>\n<p>Los pacientes beneficiados mediante cirug\u00eda son de la zona de influencia del Hospital Rural (HR) de Chicontepec del Programa IMSS Bienestar y que comprende los municipios de \u00c1lamo Temapache, Benito Ju\u00e1rez, Ixhuatl\u00e1n de Madero, Citlalt\u00e9petl, Tantoyuca, Texcatepec, Tantima, Chontla, Zontecomatl\u00e1n, Tlachichilco, Tihuatl\u00e1n, Tempoal, Cazones de Herrera, Ixcatepec, Tamal\u00edn, Castillo de Teayo, Chalma, Huayacocotla Ilamatl\u00e1n y Huejutla, Hidalgo, entre otras localidades.<\/p>\n<p>\u201cA partir de ahora, 21 ni\u00f1as y ni\u00f1os que padec\u00edan de labio y paladar hendido podr\u00e1n recuperar la sonrisa, gracias a la destreza de los m\u00e9dicos del Seguro Social, porque el IMSS es Bienestar para toda la Vida\u201d, enfatiz\u00f3 el delegado Regional del InstitutoMexicano del Seguro Social (IMSS) en Veracruz Norte, Candelario P\u00e9rez Alvarado, al clausurar la <em>Jornada Quir\u00fargica Bienestar<\/em>en Chicontepec.<\/p>\n<p>Adem\u00e1s, se corrigieron otros padecimientos como ap\u00e9ndice auricular, fisuras nasales, ptosis palpebral (p\u00e1rpado ca\u00eddo), cicatrices\u00a0 por quemaduras, tumoraciones, atresia coana (anomal\u00eda nasal), sindactilia (dedos unidos), polidactilia (dedos de m\u00e1s) y microtia (deformidad de la oreja).<\/p>\n<p>Cabe destacar, que para obtener dichos resultados fue necesaria la labor de cuatro equipos quir\u00fargicos conformados por un grupo multidisciplinario de m\u00e9dicos quir\u00fargicos rurales, anestesi\u00f3logos, m\u00e9dicos generales, m\u00e9dicos residentes, m\u00e9dicos familiares, m\u00e9dico internista, estomat\u00f3logos, enfermeras de base y auxiliares, t\u00e9cnicos radi\u00f3logos, trabajadoras sociales, nutri\u00f3logos, qu\u00edmicos, auxiliares administrativos, de mantenimiento y de servicio generales.<\/p>\n<p>En representaci\u00f3n de los padres, la se\u00f1ora Idalia P\u00e9rez Mart\u00ednez, madre de uno de los infantes favorecidos con la Jornada, agradeci\u00f3 a IMSS-Bienestar por tener a los mejores m\u00e9dicos de M\u00e9xico en Traumatolog\u00eda y Ortopedia, quienes con sus manos han mejorado la calidad de vida de ni\u00f1as y ni\u00f1os.<\/p>\n<p>Uno de los prop\u00f3sitos de las Jornadas Quir\u00fargicas Bienestar, es acercar la atenci\u00f3n de tercer nivel del IMSS a la poblaci\u00f3n rural con alto grado de marginaci\u00f3n y vulnerabilidad, a la m\u00e1s alejada de los grandes centros hospitalarios, que se clasifica como de alta especialidad, explic\u00f3 el doctor Manuel Salvador G\u00f3mez Molina, coordinador de Jornadas Quir\u00fargicas Bienestar.<\/p>\n<p>En el cierre de loa Jornada estuvieron presentes el doctor Lu\u00eds Ben\u00edtez Valencia, Supervisor M\u00e9dico Delegacional del Programa IMSS-Bienestar; el doctor Cirenio Medina Ponce, Supervisor Regional del Programa IMSS-Bienestar y la doctora Mar\u00eda del Carmen Vega Rosas, directora del Hospital Rural de Chicontepec.<\/p>\n","protected":false},"excerpt":{"rendered":"<p>Durante la Jornada Quir\u00fargica Bienestar en\u00a0 Cirug\u00eda Reconstructiva Pedi\u00e1trica del Programa IMSS-Bienestar, la cual se realiz\u00f3 del 8 al 14 del presente mes, fueron atendidos m\u00e1s de 180 ni\u00f1os de distintas comunidades de la regi\u00f3n Huasteca de Veracruz e Hidalgo, de los cuales 100 se sometieron cirug\u00eda reconstructiva con el objetivo de mejorar su calidad [&hellip;]<\/p>\n","protected":false},"author":2,"featured_media":47355,"comment_status":"open","ping_status":"open","sticky":false,"template":"","format":"standard","meta":{"tdm_status":"","tdm_grid_status":"","footnotes":""},"categories":[73],"tags":[4033,14227,3724,1208,13470,14226,14228,11159],"class_list":{"0":"post-47354","1":"post","2":"type-post","3":"status-publish","4":"format-standard","5":"has-post-thumbnail","7":"category-de-boleto","8":"tag-chicontepec","9":"tag-cirugia-reconstructiva-pediatrica","10":"tag-huasteca","11":"tag-imss","12":"tag-imss-bienestar","13":"tag-jornada-quirurgica-bienestar","14":"tag-labio-y-paladar-hendido","15":"tag-veracruz-norte"},"yoast_head":"<!-- This site is optimized with the Yoast SEO plugin v27.4 - https:\/\/yoast.com\/product\/yoast-seo-wordpress\/ -->\n<title>IMSS Bienestar cambia la vida de 180 ni\u00f1os en la Huasteca - Los pol\u00edticos Veracruz<\/title>\n<meta name=\"robots\" content=\"index, follow, max-snippet:-1, max-image-preview:large, max-video-preview:-1\" \/>\n<link rel=\"canonical\" href=\"https:\/\/lospoliticosveracruz.com\/?p=47354\" \/>\n<meta property=\"og:locale\" content=\"es_ES\" \/>\n<meta property=\"og:type\" content=\"article\" \/>\n<meta property=\"og:title\" content=\"IMSS Bienestar cambia la vida de 180 ni\u00f1os en la Huasteca - Los pol\u00edticos Veracruz\" \/>\n<meta property=\"og:description\" content=\"Durante la Jornada Quir\u00fargica Bienestar en\u00a0 Cirug\u00eda Reconstructiva Pedi\u00e1trica del Programa IMSS-Bienestar, la cual se realiz\u00f3 del 8 al 14 del presente mes, fueron atendidos m\u00e1s de 180 ni\u00f1os de distintas comunidades de la regi\u00f3n Huasteca de Veracruz e Hidalgo, de los cuales 100 se sometieron cirug\u00eda reconstructiva con el objetivo de mejorar su calidad [&hellip;]\" \/>\n<meta property=\"og:url\" content=\"https:\/\/lospoliticosveracruz.com\/?p=47354\" \/>\n<meta property=\"og:site_name\" content=\"Los pol\u00edticos Veracruz\" \/>\n<meta property=\"article:publisher\" content=\"https:\/\/www.facebook.com\/people\/Notimemes-de-los-Polticos\/61565672886568\/\" \/>\n<meta property=\"article:published_time\" content=\"2019-03-14T23:27:38+00:00\" \/>\n<meta property=\"article:modified_time\" content=\"2019-03-14T23:28:17+00:00\" \/>\n<meta property=\"og:image\" content=\"https:\/\/lospoliticosveracruz.com\/wp-content\/uploads\/2019\/03\/IMSS-Huasteca.jpeg\" \/>\n\t<meta property=\"og:image:width\" content=\"600\" \/>\n\t<meta property=\"og:image:height\" content=\"389\" \/>\n\t<meta property=\"og:image:type\" content=\"image\/jpeg\" \/>\n<meta name=\"author\" content=\"Lo viste en Los Pol\u00edticos\" \/>\n<meta name=\"twitter:card\" content=\"summary_large_image\" \/>\n<meta name=\"twitter:creator\" content=\"@LosPoliticosVer\" \/>\n<meta name=\"twitter:site\" content=\"@LosPoliticosVer\" \/>\n<meta name=\"twitter:label1\" content=\"Escrito por\" \/>\n\t<meta name=\"twitter:data1\" content=\"Lo viste en Los Pol\u00edticos\" \/>\n\t<meta name=\"twitter:label2\" content=\"Tiempo de lectura\" \/>\n\t<meta name=\"twitter:data2\" content=\"2 minutos\" \/>\n<script type=\"application\/ld+json\" class=\"yoast-schema-graph\">{\"@context\":\"https:\\\/\\\/schema.org\",\"@graph\":[{\"@type\":\"Article\",\"@id\":\"https:\\\/\\\/lospoliticosveracruz.com\\\/?p=47354#article\",\"isPartOf\":{\"@id\":\"https:\\\/\\\/lospoliticosveracruz.com\\\/?p=47354\"},\"author\":{\"name\":\"Lo viste en Los Pol\u00edticos\",\"@id\":\"https:\\\/\\\/lospoliticosveracruz.com\\\/#\\\/schema\\\/person\\\/b8702bb0e538456e6efd07080bf2a4a2\"},\"headline\":\"IMSS Bienestar cambia la vida de 180 ni\u00f1os en la Huasteca\",\"datePublished\":\"2019-03-14T23:27:38+00:00\",\"dateModified\":\"2019-03-14T23:28:17+00:00\",\"mainEntityOfPage\":{\"@id\":\"https:\\\/\\\/lospoliticosveracruz.com\\\/?p=47354\"},\"wordCount\":483,\"commentCount\":0,\"publisher\":{\"@id\":\"https:\\\/\\\/lospoliticosveracruz.com\\\/#organization\"},\"image\":{\"@id\":\"https:\\\/\\\/lospoliticosveracruz.com\\\/?p=47354#primaryimage\"},\"thumbnailUrl\":\"https:\\\/\\\/lospoliticosveracruz.com\\\/wp-content\\\/uploads\\\/2019\\\/03\\\/IMSS-Huasteca.jpeg\",\"keywords\":[\"Chicontepec\",\"Cirug\u00eda Reconstructiva Pedi\u00e1trica\",\"Huasteca\",\"IMSS\",\"IMSS-Bienestar\",\"Jornada Quir\u00fargica Bienestar\",\"labio y paladar hendido\",\"Veracruz Norte\"],\"articleSection\":[\"De Boleto\"],\"inLanguage\":\"es\",\"potentialAction\":[{\"@type\":\"CommentAction\",\"name\":\"Comment\",\"target\":[\"https:\\\/\\\/lospoliticosveracruz.com\\\/?p=47354#respond\"]}]},{\"@type\":\"WebPage\",\"@id\":\"https:\\\/\\\/lospoliticosveracruz.com\\\/?p=47354\",\"url\":\"https:\\\/\\\/lospoliticosveracruz.com\\\/?p=47354\",\"name\":\"IMSS Bienestar cambia la vida de 180 ni\u00f1os en la Huasteca - Los pol\u00edticos Veracruz\",\"isPartOf\":{\"@id\":\"https:\\\/\\\/lospoliticosveracruz.com\\\/#website\"},\"primaryImageOfPage\":{\"@id\":\"https:\\\/\\\/lospoliticosveracruz.com\\\/?p=47354#primaryimage\"},\"image\":{\"@id\":\"https:\\\/\\\/lospoliticosveracruz.com\\\/?p=47354#primaryimage\"},\"thumbnailUrl\":\"https:\\\/\\\/lospoliticosveracruz.com\\\/wp-content\\\/uploads\\\/2019\\\/03\\\/IMSS-Huasteca.jpeg\",\"datePublished\":\"2019-03-14T23:27:38+00:00\",\"dateModified\":\"2019-03-14T23:28:17+00:00\",\"breadcrumb\":{\"@id\":\"https:\\\/\\\/lospoliticosveracruz.com\\\/?p=47354#breadcrumb\"},\"inLanguage\":\"es\",\"potentialAction\":[{\"@type\":\"ReadAction\",\"target\":[\"https:\\\/\\\/lospoliticosveracruz.com\\\/?p=47354\"]}]},{\"@type\":\"ImageObject\",\"inLanguage\":\"es\",\"@id\":\"https:\\\/\\\/lospoliticosveracruz.com\\\/?p=47354#primaryimage\",\"url\":\"https:\\\/\\\/lospoliticosveracruz.com\\\/wp-content\\\/uploads\\\/2019\\\/03\\\/IMSS-Huasteca.jpeg\",\"contentUrl\":\"https:\\\/\\\/lospoliticosveracruz.com\\\/wp-content\\\/uploads\\\/2019\\\/03\\\/IMSS-Huasteca.jpeg\",\"width\":600,\"height\":389},{\"@type\":\"BreadcrumbList\",\"@id\":\"https:\\\/\\\/lospoliticosveracruz.com\\\/?p=47354#breadcrumb\",\"itemListElement\":[{\"@type\":\"ListItem\",\"position\":1,\"name\":\"Portada\",\"item\":\"https:\\\/\\\/lospoliticosveracruz.com\\\/\"},{\"@type\":\"ListItem\",\"position\":2,\"name\":\"IMSS Bienestar cambia la vida de 180 ni\u00f1os en la Huasteca\"}]},{\"@type\":\"WebSite\",\"@id\":\"https:\\\/\\\/lospoliticosveracruz.com\\\/#website\",\"url\":\"https:\\\/\\\/lospoliticosveracruz.com\\\/\",\"name\":\"Los pol\u00edticos Veracruz\",\"description\":\"\",\"publisher\":{\"@id\":\"https:\\\/\\\/lospoliticosveracruz.com\\\/#organization\"},\"potentialAction\":[{\"@type\":\"SearchAction\",\"target\":{\"@type\":\"EntryPoint\",\"urlTemplate\":\"https:\\\/\\\/lospoliticosveracruz.com\\\/?s={search_term_string}\"},\"query-input\":{\"@type\":\"PropertyValueSpecification\",\"valueRequired\":true,\"valueName\":\"search_term_string\"}}],\"inLanguage\":\"es\"},{\"@type\":\"Organization\",\"@id\":\"https:\\\/\\\/lospoliticosveracruz.com\\\/#organization\",\"name\":\"Los pol\u00edticos Veracruz\",\"url\":\"https:\\\/\\\/lospoliticosveracruz.com\\\/\",\"logo\":{\"@type\":\"ImageObject\",\"inLanguage\":\"es\",\"@id\":\"https:\\\/\\\/lospoliticosveracruz.com\\\/#\\\/schema\\\/logo\\\/image\\\/\",\"url\":\"https:\\\/\\\/lospoliticosveracruz.com\\\/wp-content\\\/uploads\\\/2025\\\/12\\\/Logo-Nuevo-LOS-POLITICOS-1.jpg\",\"contentUrl\":\"https:\\\/\\\/lospoliticosveracruz.com\\\/wp-content\\\/uploads\\\/2025\\\/12\\\/Logo-Nuevo-LOS-POLITICOS-1.jpg\",\"width\":260,\"height\":70,\"caption\":\"Los pol\u00edticos Veracruz\"},\"image\":{\"@id\":\"https:\\\/\\\/lospoliticosveracruz.com\\\/#\\\/schema\\\/logo\\\/image\\\/\"},\"sameAs\":[\"https:\\\/\\\/www.facebook.com\\\/people\\\/Notimemes-de-los-Polticos\\\/61565672886568\\\/\",\"https:\\\/\\\/x.com\\\/LosPoliticosVer\"]},{\"@type\":\"Person\",\"@id\":\"https:\\\/\\\/lospoliticosveracruz.com\\\/#\\\/schema\\\/person\\\/b8702bb0e538456e6efd07080bf2a4a2\",\"name\":\"Lo viste en Los Pol\u00edticos\",\"image\":{\"@type\":\"ImageObject\",\"inLanguage\":\"es\",\"@id\":\"https:\\\/\\\/secure.gravatar.com\\\/avatar\\\/3a8de04a2656d44082be478bd6c086daa447c4651605818287b9532d3d0bd435?s=96&d=mm&r=g\",\"url\":\"https:\\\/\\\/secure.gravatar.com\\\/avatar\\\/3a8de04a2656d44082be478bd6c086daa447c4651605818287b9532d3d0bd435?s=96&d=mm&r=g\",\"contentUrl\":\"https:\\\/\\\/secure.gravatar.com\\\/avatar\\\/3a8de04a2656d44082be478bd6c086daa447c4651605818287b9532d3d0bd435?s=96&d=mm&r=g\",\"caption\":\"Lo viste en Los Pol\u00edticos\"},\"url\":\"https:\\\/\\\/lospoliticosveracruz.com\\\/?author=2\"}]}<\/script>\n<!-- \/ Yoast SEO plugin. -->","yoast_head_json":{"title":"IMSS Bienestar cambia la vida de 180 ni\u00f1os en la Huasteca - Los pol\u00edticos Veracruz","robots":{"index":"index","follow":"follow","max-snippet":"max-snippet:-1","max-image-preview":"max-image-preview:large","max-video-preview":"max-video-preview:-1"},"canonical":"https:\/\/lospoliticosveracruz.com\/?p=47354","og_locale":"es_ES","og_type":"article","og_title":"IMSS Bienestar cambia la vida de 180 ni\u00f1os en la Huasteca - Los pol\u00edticos Veracruz","og_description":"Durante la Jornada Quir\u00fargica Bienestar en\u00a0 Cirug\u00eda Reconstructiva Pedi\u00e1trica del Programa IMSS-Bienestar, la cual se realiz\u00f3 del 8 al 14 del presente mes, fueron atendidos m\u00e1s de 180 ni\u00f1os de distintas comunidades de la regi\u00f3n Huasteca de Veracruz e Hidalgo, de los cuales 100 se sometieron cirug\u00eda reconstructiva con el objetivo de mejorar su calidad [&hellip;]","og_url":"https:\/\/lospoliticosveracruz.com\/?p=47354","og_site_name":"Los pol\u00edticos Veracruz","article_publisher":"https:\/\/www.facebook.com\/people\/Notimemes-de-los-Polticos\/61565672886568\/","article_published_time":"2019-03-14T23:27:38+00:00","article_modified_time":"2019-03-14T23:28:17+00:00","og_image":[{"width":600,"height":389,"url":"https:\/\/lospoliticosveracruz.com\/wp-content\/uploads\/2019\/03\/IMSS-Huasteca.jpeg","type":"image\/jpeg"}],"author":"Lo viste en Los Pol\u00edticos","twitter_card":"summary_large_image","twitter_creator":"@LosPoliticosVer","twitter_site":"@LosPoliticosVer","twitter_misc":{"Escrito por":"Lo viste en Los Pol\u00edticos","Tiempo de lectura":"2 minutos"},"schema":{"@context":"https:\/\/schema.org","@graph":[{"@type":"Article","@id":"https:\/\/lospoliticosveracruz.com\/?p=47354#article","isPartOf":{"@id":"https:\/\/lospoliticosveracruz.com\/?p=47354"},"author":{"name":"Lo viste en Los Pol\u00edticos","@id":"https:\/\/lospoliticosveracruz.com\/#\/schema\/person\/b8702bb0e538456e6efd07080bf2a4a2"},"headline":"IMSS Bienestar cambia la vida de 180 ni\u00f1os en la Huasteca","datePublished":"2019-03-14T23:27:38+00:00","dateModified":"2019-03-14T23:28:17+00:00","mainEntityOfPage":{"@id":"https:\/\/lospoliticosveracruz.com\/?p=47354"},"wordCount":483,"commentCount":0,"publisher":{"@id":"https:\/\/lospoliticosveracruz.com\/#organization"},"image":{"@id":"https:\/\/lospoliticosveracruz.com\/?p=47354#primaryimage"},"thumbnailUrl":"https:\/\/lospoliticosveracruz.com\/wp-content\/uploads\/2019\/03\/IMSS-Huasteca.jpeg","keywords":["Chicontepec","Cirug\u00eda Reconstructiva Pedi\u00e1trica","Huasteca","IMSS","IMSS-Bienestar","Jornada Quir\u00fargica Bienestar","labio y paladar hendido","Veracruz Norte"],"articleSection":["De Boleto"],"inLanguage":"es","potentialAction":[{"@type":"CommentAction","name":"Comment","target":["https:\/\/lospoliticosveracruz.com\/?p=47354#respond"]}]},{"@type":"WebPage","@id":"https:\/\/lospoliticosveracruz.com\/?p=47354","url":"https:\/\/lospoliticosveracruz.com\/?p=47354","name":"IMSS Bienestar cambia la vida de 180 ni\u00f1os en la Huasteca - Los pol\u00edticos Veracruz","isPartOf":{"@id":"https:\/\/lospoliticosveracruz.com\/#website"},"primaryImageOfPage":{"@id":"https:\/\/lospoliticosveracruz.com\/?p=47354#primaryimage"},"image":{"@id":"https:\/\/lospoliticosveracruz.com\/?p=47354#primaryimage"},"thumbnailUrl":"https:\/\/lospoliticosveracruz.com\/wp-content\/uploads\/2019\/03\/IMSS-Huasteca.jpeg","datePublished":"2019-03-14T23:27:38+00:00","dateModified":"2019-03-14T23:28:17+00:00","breadcrumb":{"@id":"https:\/\/lospoliticosveracruz.com\/?p=47354#breadcrumb"},"inLanguage":"es","potentialAction":[{"@type":"ReadAction","target":["https:\/\/lospoliticosveracruz.com\/?p=47354"]}]},{"@type":"ImageObject","inLanguage":"es","@id":"https:\/\/lospoliticosveracruz.com\/?p=47354#primaryimage","url":"https:\/\/lospoliticosveracruz.com\/wp-content\/uploads\/2019\/03\/IMSS-Huasteca.jpeg","contentUrl":"https:\/\/lospoliticosveracruz.com\/wp-content\/uploads\/2019\/03\/IMSS-Huasteca.jpeg","width":600,"height":389},{"@type":"BreadcrumbList","@id":"https:\/\/lospoliticosveracruz.com\/?p=47354#breadcrumb","itemListElement":[{"@type":"ListItem","position":1,"name":"Portada","item":"https:\/\/lospoliticosveracruz.com\/"},{"@type":"ListItem","position":2,"name":"IMSS Bienestar cambia la vida de 180 ni\u00f1os en la Huasteca"}]},{"@type":"WebSite","@id":"https:\/\/lospoliticosveracruz.com\/#website","url":"https:\/\/lospoliticosveracruz.com\/","name":"Los pol\u00edticos Veracruz","description":"","publisher":{"@id":"https:\/\/lospoliticosveracruz.com\/#organization"},"potentialAction":[{"@type":"SearchAction","target":{"@type":"EntryPoint","urlTemplate":"https:\/\/lospoliticosveracruz.com\/?s={search_term_string}"},"query-input":{"@type":"PropertyValueSpecification","valueRequired":true,"valueName":"search_term_string"}}],"inLanguage":"es"},{"@type":"Organization","@id":"https:\/\/lospoliticosveracruz.com\/#organization","name":"Los pol\u00edticos Veracruz","url":"https:\/\/lospoliticosveracruz.com\/","logo":{"@type":"ImageObject","inLanguage":"es","@id":"https:\/\/lospoliticosveracruz.com\/#\/schema\/logo\/image\/","url":"https:\/\/lospoliticosveracruz.com\/wp-content\/uploads\/2025\/12\/Logo-Nuevo-LOS-POLITICOS-1.jpg","contentUrl":"https:\/\/lospoliticosveracruz.com\/wp-content\/uploads\/2025\/12\/Logo-Nuevo-LOS-POLITICOS-1.jpg","width":260,"height":70,"caption":"Los pol\u00edticos Veracruz"},"image":{"@id":"https:\/\/lospoliticosveracruz.com\/#\/schema\/logo\/image\/"},"sameAs":["https:\/\/www.facebook.com\/people\/Notimemes-de-los-Polticos\/61565672886568\/","https:\/\/x.com\/LosPoliticosVer"]},{"@type":"Person","@id":"https:\/\/lospoliticosveracruz.com\/#\/schema\/person\/b8702bb0e538456e6efd07080bf2a4a2","name":"Lo viste en Los Pol\u00edticos","image":{"@type":"ImageObject","inLanguage":"es","@id":"https:\/\/secure.gravatar.com\/avatar\/3a8de04a2656d44082be478bd6c086daa447c4651605818287b9532d3d0bd435?s=96&d=mm&r=g","url":"https:\/\/secure.gravatar.com\/avatar\/3a8de04a2656d44082be478bd6c086daa447c4651605818287b9532d3d0bd435?s=96&d=mm&r=g","contentUrl":"https:\/\/secure.gravatar.com\/avatar\/3a8de04a2656d44082be478bd6c086daa447c4651605818287b9532d3d0bd435?s=96&d=mm&r=g","caption":"Lo viste en Los Pol\u00edticos"},"url":"https:\/\/lospoliticosveracruz.com\/?author=2"}]}},"_links":{"self":[{"href":"https:\/\/lospoliticosveracruz.com\/index.php?rest_route=\/wp\/v2\/posts\/47354","targetHints":{"allow":["GET"]}}],"collection":[{"href":"https:\/\/lospoliticosveracruz.com\/index.php?rest_route=\/wp\/v2\/posts"}],"about":[{"href":"https:\/\/lospoliticosveracruz.com\/index.php?rest_route=\/wp\/v2\/types\/post"}],"author":[{"embeddable":true,"href":"https:\/\/lospoliticosveracruz.com\/index.php?rest_route=\/wp\/v2\/users\/2"}],"replies":[{"embeddable":true,"href":"https:\/\/lospoliticosveracruz.com\/index.php?rest_route=%2Fwp%2Fv2%2Fcomments&post=47354"}],"version-history":[{"count":2,"href":"https:\/\/lospoliticosveracruz.com\/index.php?rest_route=\/wp\/v2\/posts\/47354\/revisions"}],"predecessor-version":[{"id":47357,"href":"https:\/\/lospoliticosveracruz.com\/index.php?rest_route=\/wp\/v2\/posts\/47354\/revisions\/47357"}],"wp:featuredmedia":[{"embeddable":true,"href":"https:\/\/lospoliticosveracruz.com\/index.php?rest_route=\/wp\/v2\/media\/47355"}],"wp:attachment":[{"href":"https:\/\/lospoliticosveracruz.com\/index.php?rest_route=%2Fwp%2Fv2%2Fmedia&parent=47354"}],"wp:term":[{"taxonomy":"category","embeddable":true,"href":"https:\/\/lospoliticosveracruz.com\/index.php?rest_route=%2Fwp%2Fv2%2Fcategories&post=47354"},{"taxonomy":"post_tag","embeddable":true,"href":"https:\/\/lospoliticosveracruz.com\/index.php?rest_route=%2Fwp%2Fv2%2Ftags&post=47354"}],"curies":[{"name":"wp","href":"https:\/\/api.w.org\/{rel}","templated":true}]}}