{"id":47376,"date":"2019-03-15T10:37:54","date_gmt":"2019-03-15T16:37:54","guid":{"rendered":"http:\/\/www.lospoliticosveracruz.com.mx\/?p=47376"},"modified":"2019-03-15T10:37:54","modified_gmt":"2019-03-15T16:37:54","slug":"lo-publico-de-las-redes","status":"publish","type":"post","link":"https:\/\/lospoliticosveracruz.com\/?p=47376","title":{"rendered":"Lo p\u00fablico de las redes"},"content":{"rendered":"<p>&nbsp;<\/p>\n<p><strong>Naldy Rodr\u00edguez<\/strong><\/p>\n<p><em>Transparencia 3.0<\/em><\/p>\n<p>Con 23 votos a favor, uno en contra y cuatro abstenciones se aprob\u00f3 el proyecto de Pol\u00edticas para difusi\u00f3n de Informaci\u00f3n P\u00fablica en Redes Sociales en el seno de las comisiones Jur\u00eddica y de Vinculaci\u00f3n del Consejo Nacional de Transparencia y Acceso a la Informaci\u00f3n P\u00fablica y Protecci\u00f3n de Datos Personales.<\/p>\n<p>\u00bfQu\u00e9 significa? Que todo lo que un funcionario publique -en el \u00e1mbito de sus funciones- en redes sociales ser\u00e1 susceptible de ser p\u00fablico y de cuestionarse a trav\u00e9s de las plataformas de acceso a la informaci\u00f3n y que, por lo tanto, deber\u00e1n tener soporte documental.<\/p>\n<p>Si bien no hay una legislaci\u00f3n para regular las redes sociales en M\u00e9xico, s\u00ed existen criterios de jueces federales: una resoluci\u00f3n de Nogales, Sonora, y dos desde Veracruz por el caso de bloqueos en Twitter, en las que se advierte principalmente el tipo de informaci\u00f3n que publican, la cual se relaciona con la esfera de sus competencias; pero tambi\u00e9n colocan a Internet como un medio fundamental para el ejercicio de la libertad de expresi\u00f3n en el pa\u00eds.<\/p>\n<p>Son dos las sentencias de jueces federales por el bloqueo en Twitter del fiscal general, Jorge Winckler. Se trata de amparos \u201ctranscendentales\u201d, como bien se\u00f1al\u00f3 Art\u00edculo 19 (organizaci\u00f3n que esta por rendir un informe el 2 de abril en la CDMX) porque el servidor p\u00fablico es el encargado de garantizar el acceso a la justicia en el contexto de las investigaciones penales. Y no conforme con las resoluciones, el fiscal recurri\u00f3 las sentencias y ahora se est\u00e1 en espera del posicionamiento de la SCJN.<\/p>\n<p>En sus contestaciones, Winckler trat\u00f3 de justificar que la cuenta @AbogadoWinckler en la que se ostenta como Fiscal General del Estado de Veracruz publica informaci\u00f3n personal, adem\u00e1s de que exist\u00edan otros medios para informarse de las actividades en la fiscal\u00eda.<\/p>\n<p>Tanto en el amparo n\u00famero 1249\/ 2017, como en el 1407\/2017, presentados con el acompa\u00f1amiento de Art\u00edculo 19, los jueces consideraron que el abogado de los veracruzanos comete un acto de autoridad que atenta contra los derechos humanos a la libertad de expresi\u00f3n y acceso a la informaci\u00f3n, por lo que orden\u00f3 el desbloqueo de dos cuentas en Twitter. Una de ellas fue la del periodista Miguel Le\u00f3n Carmona.<\/p>\n<p>\u201cEs evidente que el Fiscal General del Estado de Veracruz al bloquear al hoy quejoso en su cuenta de la red social Twitter, vulnera su derecho de acceso a la informaci\u00f3n de inter\u00e9s p\u00fablico que documenta en la misma a trav\u00e9s de las publicaciones que realiza, que reflejan las actividades llevadas a cabo en ejercicio del puesto\u201d, se advierte en la sentencia de amparo 1249\/ 2017.<\/p>\n<p>Las pol\u00edticas reci\u00e9n aprobadas por el Sistema Nacional de Transparencia mencionan que deber\u00e1 ser p\u00fablico el contenido de las cuentas de redes sociales, aunque sean privadas y administradas directamente por un funcionario \u00a0sin que destine recursos p\u00fablicos para su difusi\u00f3n, porque voluntariamente decidieron dar a conocer las actividades derivadas del ejercicio de su cargo.<\/p>\n<p>As\u00ed advierte, en el numeral octavo que \u201cdeber\u00e1n respaldar dicha informaci\u00f3n en los archivos f\u00edsicos o digitales del sujeto obligado, conforme a las regulaciones aplicables en la material\u201d. Es decir, ser\u00e1 susceptible de estar bajo el escrutinio p\u00fablico.<\/p>\n<p>En una justa median\u00eda, las nuevas pol\u00edticas resguardan la \u201cpropiedad\u201d de la cuenta personal al servidor p\u00fablico que la posea. Cuando termine su encargo, podr\u00e1 continuar utilizando y administrando la misma.<\/p>\n<p>Y no se puede bloquear por bloquear cuentas\u2026 Se se\u00f1alan s\u00f3lo cinco excepciones para que las dependencias o instituciones no se vean obligados a establecer medidas que garanticen el acceso a esa cuenta a cualquier usuario: \u201cagresiones directas, amenazas, violencia, ataques a la dignidad humana o publicaciones recurrentes que busquen la inoperatividad de dichas cuentas\u201d.<\/p>\n<p>As\u00ed los bloqueos en las redes sociales constituyen un acto de discriminaci\u00f3n, una violaci\u00f3n de derechos fundamentales, porque se trata de un canal de comunicaci\u00f3n con la sociedad, una herramienta de Gobierno Abierto, el cual se basa en los principios de transparencia, colaboraci\u00f3n y participaci\u00f3n\u2026 Ahora la pelota est\u00e1 en la cancha de la Suprema Corte de Justicia de la Naci\u00f3n.<\/p>\n<p>**<\/p>\n<p>Hasta qu\u00e9 punto informan o modifican la informaci\u00f3n los silencios sin que el receptor pueda defenderse de ello, se pregunta Alex Grijelmo.<\/p>\n<p>&nbsp;<\/p>\n","protected":false},"excerpt":{"rendered":"<p>&nbsp; Naldy Rodr\u00edguez Transparencia 3.0 Con 23 votos a favor, uno en contra y cuatro abstenciones se aprob\u00f3 el proyecto de Pol\u00edticas para difusi\u00f3n de Informaci\u00f3n P\u00fablica en Redes Sociales en el seno de las comisiones Jur\u00eddica y de Vinculaci\u00f3n del Consejo Nacional de Transparencia y Acceso a la Informaci\u00f3n P\u00fablica y Protecci\u00f3n de Datos [&hellip;]<\/p>\n","protected":false},"author":2,"featured_media":47377,"comment_status":"open","ping_status":"open","sticky":false,"template":"","format":"standard","meta":{"tdm_status":"","tdm_grid_status":"","footnotes":""},"categories":[70],"tags":[14236,5281,481],"class_list":{"0":"post-47376","1":"post","2":"type-post","3":"status-publish","4":"format-standard","5":"has-post-thumbnail","7":"category-de-opinion","8":"tag-difusion-de-informacion-publica","9":"tag-naldy-rodriguez","10":"tag-twitter"},"yoast_head":"<!-- This site is optimized with the Yoast SEO plugin v27.4 - https:\/\/yoast.com\/product\/yoast-seo-wordpress\/ -->\n<title>Lo p\u00fablico de las redes - Los pol\u00edticos Veracruz<\/title>\n<meta name=\"robots\" content=\"index, follow, max-snippet:-1, max-image-preview:large, max-video-preview:-1\" \/>\n<link rel=\"canonical\" href=\"https:\/\/lospoliticosveracruz.com\/?p=47376\" \/>\n<meta property=\"og:locale\" content=\"es_ES\" \/>\n<meta property=\"og:type\" content=\"article\" \/>\n<meta property=\"og:title\" content=\"Lo p\u00fablico de las redes - Los pol\u00edticos Veracruz\" \/>\n<meta property=\"og:description\" content=\"&nbsp; Naldy Rodr\u00edguez Transparencia 3.0 Con 23 votos a favor, uno en contra y cuatro abstenciones se aprob\u00f3 el proyecto de Pol\u00edticas para difusi\u00f3n de Informaci\u00f3n P\u00fablica en Redes Sociales en el seno de las comisiones Jur\u00eddica y de Vinculaci\u00f3n del Consejo Nacional de Transparencia y Acceso a la Informaci\u00f3n P\u00fablica y Protecci\u00f3n de Datos [&hellip;]\" \/>\n<meta property=\"og:url\" content=\"https:\/\/lospoliticosveracruz.com\/?p=47376\" \/>\n<meta property=\"og:site_name\" content=\"Los pol\u00edticos Veracruz\" \/>\n<meta property=\"article:publisher\" content=\"https:\/\/www.facebook.com\/people\/Notimemes-de-los-Polticos\/61565672886568\/\" \/>\n<meta property=\"article:published_time\" content=\"2019-03-15T16:37:54+00:00\" \/>\n<meta property=\"og:image\" content=\"https:\/\/lospoliticosveracruz.com\/wp-content\/uploads\/2019\/03\/Banner-Winckler-Twitter.jpg\" \/>\n\t<meta property=\"og:image:width\" content=\"600\" \/>\n\t<meta property=\"og:image:height\" content=\"335\" \/>\n\t<meta property=\"og:image:type\" content=\"image\/jpeg\" \/>\n<meta name=\"author\" content=\"Lo viste en Los Pol\u00edticos\" \/>\n<meta name=\"twitter:card\" content=\"summary_large_image\" \/>\n<meta name=\"twitter:creator\" content=\"@LosPoliticosVer\" \/>\n<meta name=\"twitter:site\" content=\"@LosPoliticosVer\" \/>\n<meta name=\"twitter:label1\" content=\"Escrito por\" \/>\n\t<meta name=\"twitter:data1\" content=\"Lo viste en Los Pol\u00edticos\" \/>\n\t<meta name=\"twitter:label2\" content=\"Tiempo de lectura\" \/>\n\t<meta name=\"twitter:data2\" content=\"4 minutos\" \/>\n<script type=\"application\/ld+json\" class=\"yoast-schema-graph\">{\"@context\":\"https:\\\/\\\/schema.org\",\"@graph\":[{\"@type\":\"Article\",\"@id\":\"https:\\\/\\\/lospoliticosveracruz.com\\\/?p=47376#article\",\"isPartOf\":{\"@id\":\"https:\\\/\\\/lospoliticosveracruz.com\\\/?p=47376\"},\"author\":{\"name\":\"Lo viste en Los Pol\u00edticos\",\"@id\":\"https:\\\/\\\/lospoliticosveracruz.com\\\/#\\\/schema\\\/person\\\/b8702bb0e538456e6efd07080bf2a4a2\"},\"headline\":\"Lo p\u00fablico de las redes\",\"datePublished\":\"2019-03-15T16:37:54+00:00\",\"mainEntityOfPage\":{\"@id\":\"https:\\\/\\\/lospoliticosveracruz.com\\\/?p=47376\"},\"wordCount\":755,\"commentCount\":0,\"publisher\":{\"@id\":\"https:\\\/\\\/lospoliticosveracruz.com\\\/#organization\"},\"image\":{\"@id\":\"https:\\\/\\\/lospoliticosveracruz.com\\\/?p=47376#primaryimage\"},\"thumbnailUrl\":\"https:\\\/\\\/lospoliticosveracruz.com\\\/wp-content\\\/uploads\\\/2019\\\/03\\\/Banner-Winckler-Twitter.jpg\",\"keywords\":[\"difusi\u00f3n de Informaci\u00f3n P\u00fablica\",\"Naldy Rodr\u00edguez\",\"twitter\"],\"articleSection\":[\"De Opini\u00f3n\"],\"inLanguage\":\"es\",\"potentialAction\":[{\"@type\":\"CommentAction\",\"name\":\"Comment\",\"target\":[\"https:\\\/\\\/lospoliticosveracruz.com\\\/?p=47376#respond\"]}]},{\"@type\":\"WebPage\",\"@id\":\"https:\\\/\\\/lospoliticosveracruz.com\\\/?p=47376\",\"url\":\"https:\\\/\\\/lospoliticosveracruz.com\\\/?p=47376\",\"name\":\"Lo p\u00fablico de las redes - Los pol\u00edticos Veracruz\",\"isPartOf\":{\"@id\":\"https:\\\/\\\/lospoliticosveracruz.com\\\/#website\"},\"primaryImageOfPage\":{\"@id\":\"https:\\\/\\\/lospoliticosveracruz.com\\\/?p=47376#primaryimage\"},\"image\":{\"@id\":\"https:\\\/\\\/lospoliticosveracruz.com\\\/?p=47376#primaryimage\"},\"thumbnailUrl\":\"https:\\\/\\\/lospoliticosveracruz.com\\\/wp-content\\\/uploads\\\/2019\\\/03\\\/Banner-Winckler-Twitter.jpg\",\"datePublished\":\"2019-03-15T16:37:54+00:00\",\"breadcrumb\":{\"@id\":\"https:\\\/\\\/lospoliticosveracruz.com\\\/?p=47376#breadcrumb\"},\"inLanguage\":\"es\",\"potentialAction\":[{\"@type\":\"ReadAction\",\"target\":[\"https:\\\/\\\/lospoliticosveracruz.com\\\/?p=47376\"]}]},{\"@type\":\"ImageObject\",\"inLanguage\":\"es\",\"@id\":\"https:\\\/\\\/lospoliticosveracruz.com\\\/?p=47376#primaryimage\",\"url\":\"https:\\\/\\\/lospoliticosveracruz.com\\\/wp-content\\\/uploads\\\/2019\\\/03\\\/Banner-Winckler-Twitter.jpg\",\"contentUrl\":\"https:\\\/\\\/lospoliticosveracruz.com\\\/wp-content\\\/uploads\\\/2019\\\/03\\\/Banner-Winckler-Twitter.jpg\",\"width\":600,\"height\":335},{\"@type\":\"BreadcrumbList\",\"@id\":\"https:\\\/\\\/lospoliticosveracruz.com\\\/?p=47376#breadcrumb\",\"itemListElement\":[{\"@type\":\"ListItem\",\"position\":1,\"name\":\"Portada\",\"item\":\"https:\\\/\\\/lospoliticosveracruz.com\\\/\"},{\"@type\":\"ListItem\",\"position\":2,\"name\":\"Lo p\u00fablico de las redes\"}]},{\"@type\":\"WebSite\",\"@id\":\"https:\\\/\\\/lospoliticosveracruz.com\\\/#website\",\"url\":\"https:\\\/\\\/lospoliticosveracruz.com\\\/\",\"name\":\"Los pol\u00edticos Veracruz\",\"description\":\"\",\"publisher\":{\"@id\":\"https:\\\/\\\/lospoliticosveracruz.com\\\/#organization\"},\"potentialAction\":[{\"@type\":\"SearchAction\",\"target\":{\"@type\":\"EntryPoint\",\"urlTemplate\":\"https:\\\/\\\/lospoliticosveracruz.com\\\/?s={search_term_string}\"},\"query-input\":{\"@type\":\"PropertyValueSpecification\",\"valueRequired\":true,\"valueName\":\"search_term_string\"}}],\"inLanguage\":\"es\"},{\"@type\":\"Organization\",\"@id\":\"https:\\\/\\\/lospoliticosveracruz.com\\\/#organization\",\"name\":\"Los pol\u00edticos Veracruz\",\"url\":\"https:\\\/\\\/lospoliticosveracruz.com\\\/\",\"logo\":{\"@type\":\"ImageObject\",\"inLanguage\":\"es\",\"@id\":\"https:\\\/\\\/lospoliticosveracruz.com\\\/#\\\/schema\\\/logo\\\/image\\\/\",\"url\":\"https:\\\/\\\/lospoliticosveracruz.com\\\/wp-content\\\/uploads\\\/2025\\\/12\\\/Logo-Nuevo-LOS-POLITICOS-1.jpg\",\"contentUrl\":\"https:\\\/\\\/lospoliticosveracruz.com\\\/wp-content\\\/uploads\\\/2025\\\/12\\\/Logo-Nuevo-LOS-POLITICOS-1.jpg\",\"width\":260,\"height\":70,\"caption\":\"Los pol\u00edticos Veracruz\"},\"image\":{\"@id\":\"https:\\\/\\\/lospoliticosveracruz.com\\\/#\\\/schema\\\/logo\\\/image\\\/\"},\"sameAs\":[\"https:\\\/\\\/www.facebook.com\\\/people\\\/Notimemes-de-los-Polticos\\\/61565672886568\\\/\",\"https:\\\/\\\/x.com\\\/LosPoliticosVer\"]},{\"@type\":\"Person\",\"@id\":\"https:\\\/\\\/lospoliticosveracruz.com\\\/#\\\/schema\\\/person\\\/b8702bb0e538456e6efd07080bf2a4a2\",\"name\":\"Lo viste en Los Pol\u00edticos\",\"image\":{\"@type\":\"ImageObject\",\"inLanguage\":\"es\",\"@id\":\"https:\\\/\\\/secure.gravatar.com\\\/avatar\\\/3a8de04a2656d44082be478bd6c086daa447c4651605818287b9532d3d0bd435?s=96&d=mm&r=g\",\"url\":\"https:\\\/\\\/secure.gravatar.com\\\/avatar\\\/3a8de04a2656d44082be478bd6c086daa447c4651605818287b9532d3d0bd435?s=96&d=mm&r=g\",\"contentUrl\":\"https:\\\/\\\/secure.gravatar.com\\\/avatar\\\/3a8de04a2656d44082be478bd6c086daa447c4651605818287b9532d3d0bd435?s=96&d=mm&r=g\",\"caption\":\"Lo viste en Los Pol\u00edticos\"},\"url\":\"https:\\\/\\\/lospoliticosveracruz.com\\\/?author=2\"}]}<\/script>\n<!-- \/ Yoast SEO plugin. -->","yoast_head_json":{"title":"Lo p\u00fablico de las redes - Los pol\u00edticos Veracruz","robots":{"index":"index","follow":"follow","max-snippet":"max-snippet:-1","max-image-preview":"max-image-preview:large","max-video-preview":"max-video-preview:-1"},"canonical":"https:\/\/lospoliticosveracruz.com\/?p=47376","og_locale":"es_ES","og_type":"article","og_title":"Lo p\u00fablico de las redes - Los pol\u00edticos Veracruz","og_description":"&nbsp; Naldy Rodr\u00edguez Transparencia 3.0 Con 23 votos a favor, uno en contra y cuatro abstenciones se aprob\u00f3 el proyecto de Pol\u00edticas para difusi\u00f3n de Informaci\u00f3n P\u00fablica en Redes Sociales en el seno de las comisiones Jur\u00eddica y de Vinculaci\u00f3n del Consejo Nacional de Transparencia y Acceso a la Informaci\u00f3n P\u00fablica y Protecci\u00f3n de Datos [&hellip;]","og_url":"https:\/\/lospoliticosveracruz.com\/?p=47376","og_site_name":"Los pol\u00edticos Veracruz","article_publisher":"https:\/\/www.facebook.com\/people\/Notimemes-de-los-Polticos\/61565672886568\/","article_published_time":"2019-03-15T16:37:54+00:00","og_image":[{"width":600,"height":335,"url":"https:\/\/lospoliticosveracruz.com\/wp-content\/uploads\/2019\/03\/Banner-Winckler-Twitter.jpg","type":"image\/jpeg"}],"author":"Lo viste en Los Pol\u00edticos","twitter_card":"summary_large_image","twitter_creator":"@LosPoliticosVer","twitter_site":"@LosPoliticosVer","twitter_misc":{"Escrito por":"Lo viste en Los Pol\u00edticos","Tiempo de lectura":"4 minutos"},"schema":{"@context":"https:\/\/schema.org","@graph":[{"@type":"Article","@id":"https:\/\/lospoliticosveracruz.com\/?p=47376#article","isPartOf":{"@id":"https:\/\/lospoliticosveracruz.com\/?p=47376"},"author":{"name":"Lo viste en Los Pol\u00edticos","@id":"https:\/\/lospoliticosveracruz.com\/#\/schema\/person\/b8702bb0e538456e6efd07080bf2a4a2"},"headline":"Lo p\u00fablico de las redes","datePublished":"2019-03-15T16:37:54+00:00","mainEntityOfPage":{"@id":"https:\/\/lospoliticosveracruz.com\/?p=47376"},"wordCount":755,"commentCount":0,"publisher":{"@id":"https:\/\/lospoliticosveracruz.com\/#organization"},"image":{"@id":"https:\/\/lospoliticosveracruz.com\/?p=47376#primaryimage"},"thumbnailUrl":"https:\/\/lospoliticosveracruz.com\/wp-content\/uploads\/2019\/03\/Banner-Winckler-Twitter.jpg","keywords":["difusi\u00f3n de Informaci\u00f3n P\u00fablica","Naldy Rodr\u00edguez","twitter"],"articleSection":["De Opini\u00f3n"],"inLanguage":"es","potentialAction":[{"@type":"CommentAction","name":"Comment","target":["https:\/\/lospoliticosveracruz.com\/?p=47376#respond"]}]},{"@type":"WebPage","@id":"https:\/\/lospoliticosveracruz.com\/?p=47376","url":"https:\/\/lospoliticosveracruz.com\/?p=47376","name":"Lo p\u00fablico de las redes - Los pol\u00edticos Veracruz","isPartOf":{"@id":"https:\/\/lospoliticosveracruz.com\/#website"},"primaryImageOfPage":{"@id":"https:\/\/lospoliticosveracruz.com\/?p=47376#primaryimage"},"image":{"@id":"https:\/\/lospoliticosveracruz.com\/?p=47376#primaryimage"},"thumbnailUrl":"https:\/\/lospoliticosveracruz.com\/wp-content\/uploads\/2019\/03\/Banner-Winckler-Twitter.jpg","datePublished":"2019-03-15T16:37:54+00:00","breadcrumb":{"@id":"https:\/\/lospoliticosveracruz.com\/?p=47376#breadcrumb"},"inLanguage":"es","potentialAction":[{"@type":"ReadAction","target":["https:\/\/lospoliticosveracruz.com\/?p=47376"]}]},{"@type":"ImageObject","inLanguage":"es","@id":"https:\/\/lospoliticosveracruz.com\/?p=47376#primaryimage","url":"https:\/\/lospoliticosveracruz.com\/wp-content\/uploads\/2019\/03\/Banner-Winckler-Twitter.jpg","contentUrl":"https:\/\/lospoliticosveracruz.com\/wp-content\/uploads\/2019\/03\/Banner-Winckler-Twitter.jpg","width":600,"height":335},{"@type":"BreadcrumbList","@id":"https:\/\/lospoliticosveracruz.com\/?p=47376#breadcrumb","itemListElement":[{"@type":"ListItem","position":1,"name":"Portada","item":"https:\/\/lospoliticosveracruz.com\/"},{"@type":"ListItem","position":2,"name":"Lo p\u00fablico de las redes"}]},{"@type":"WebSite","@id":"https:\/\/lospoliticosveracruz.com\/#website","url":"https:\/\/lospoliticosveracruz.com\/","name":"Los pol\u00edticos Veracruz","description":"","publisher":{"@id":"https:\/\/lospoliticosveracruz.com\/#organization"},"potentialAction":[{"@type":"SearchAction","target":{"@type":"EntryPoint","urlTemplate":"https:\/\/lospoliticosveracruz.com\/?s={search_term_string}"},"query-input":{"@type":"PropertyValueSpecification","valueRequired":true,"valueName":"search_term_string"}}],"inLanguage":"es"},{"@type":"Organization","@id":"https:\/\/lospoliticosveracruz.com\/#organization","name":"Los pol\u00edticos Veracruz","url":"https:\/\/lospoliticosveracruz.com\/","logo":{"@type":"ImageObject","inLanguage":"es","@id":"https:\/\/lospoliticosveracruz.com\/#\/schema\/logo\/image\/","url":"https:\/\/lospoliticosveracruz.com\/wp-content\/uploads\/2025\/12\/Logo-Nuevo-LOS-POLITICOS-1.jpg","contentUrl":"https:\/\/lospoliticosveracruz.com\/wp-content\/uploads\/2025\/12\/Logo-Nuevo-LOS-POLITICOS-1.jpg","width":260,"height":70,"caption":"Los pol\u00edticos Veracruz"},"image":{"@id":"https:\/\/lospoliticosveracruz.com\/#\/schema\/logo\/image\/"},"sameAs":["https:\/\/www.facebook.com\/people\/Notimemes-de-los-Polticos\/61565672886568\/","https:\/\/x.com\/LosPoliticosVer"]},{"@type":"Person","@id":"https:\/\/lospoliticosveracruz.com\/#\/schema\/person\/b8702bb0e538456e6efd07080bf2a4a2","name":"Lo viste en Los Pol\u00edticos","image":{"@type":"ImageObject","inLanguage":"es","@id":"https:\/\/secure.gravatar.com\/avatar\/3a8de04a2656d44082be478bd6c086daa447c4651605818287b9532d3d0bd435?s=96&d=mm&r=g","url":"https:\/\/secure.gravatar.com\/avatar\/3a8de04a2656d44082be478bd6c086daa447c4651605818287b9532d3d0bd435?s=96&d=mm&r=g","contentUrl":"https:\/\/secure.gravatar.com\/avatar\/3a8de04a2656d44082be478bd6c086daa447c4651605818287b9532d3d0bd435?s=96&d=mm&r=g","caption":"Lo viste en Los Pol\u00edticos"},"url":"https:\/\/lospoliticosveracruz.com\/?author=2"}]}},"_links":{"self":[{"href":"https:\/\/lospoliticosveracruz.com\/index.php?rest_route=\/wp\/v2\/posts\/47376","targetHints":{"allow":["GET"]}}],"collection":[{"href":"https:\/\/lospoliticosveracruz.com\/index.php?rest_route=\/wp\/v2\/posts"}],"about":[{"href":"https:\/\/lospoliticosveracruz.com\/index.php?rest_route=\/wp\/v2\/types\/post"}],"author":[{"embeddable":true,"href":"https:\/\/lospoliticosveracruz.com\/index.php?rest_route=\/wp\/v2\/users\/2"}],"replies":[{"embeddable":true,"href":"https:\/\/lospoliticosveracruz.com\/index.php?rest_route=%2Fwp%2Fv2%2Fcomments&post=47376"}],"version-history":[{"count":1,"href":"https:\/\/lospoliticosveracruz.com\/index.php?rest_route=\/wp\/v2\/posts\/47376\/revisions"}],"predecessor-version":[{"id":47378,"href":"https:\/\/lospoliticosveracruz.com\/index.php?rest_route=\/wp\/v2\/posts\/47376\/revisions\/47378"}],"wp:featuredmedia":[{"embeddable":true,"href":"https:\/\/lospoliticosveracruz.com\/index.php?rest_route=\/wp\/v2\/media\/47377"}],"wp:attachment":[{"href":"https:\/\/lospoliticosveracruz.com\/index.php?rest_route=%2Fwp%2Fv2%2Fmedia&parent=47376"}],"wp:term":[{"taxonomy":"category","embeddable":true,"href":"https:\/\/lospoliticosveracruz.com\/index.php?rest_route=%2Fwp%2Fv2%2Fcategories&post=47376"},{"taxonomy":"post_tag","embeddable":true,"href":"https:\/\/lospoliticosveracruz.com\/index.php?rest_route=%2Fwp%2Fv2%2Ftags&post=47376"}],"curies":[{"name":"wp","href":"https:\/\/api.w.org\/{rel}","templated":true}]}}