{"id":47394,"date":"2019-03-15T18:32:11","date_gmt":"2019-03-16T00:32:11","guid":{"rendered":"http:\/\/www.lospoliticosveracruz.com.mx\/?p=47394"},"modified":"2019-03-15T18:32:11","modified_gmt":"2019-03-16T00:32:11","slug":"desaparecer-comedores-comunitarios-es-negar-alimentacion-a-quien-mas-lo-necesita-andrea","status":"publish","type":"post","link":"https:\/\/lospoliticosveracruz.com\/?p=47394","title":{"rendered":"Desaparecer comedores comunitarios, es negar alimentaci\u00f3n a quien m\u00e1s lo necesita: Andrea"},"content":{"rendered":"<div>\n<blockquote>\n<div dir=\"ltr\">\n<div dir=\"ltr\">\n<div dir=\"ltr\">\n<p class=\"m_-3508814843266264028x_MsoNormal\" style=\"text-align: left;\" align=\"center\"><b><\/b><span lang=\"ES\">La Diputada local de la LXV Legislatura del Congreso del Estado de Veracruz, Andrea de Guadalupe Yunes Yunes, se expres\u00f3 en desacuerdo con la desaparici\u00f3n del Programa que permit\u00eda la existencia de los Comedores Comunitarios de la ahora Secretar\u00eda de Bienestar, que alimenta a m\u00e1s de medio mill\u00f3n de personas de escasos recursos en el pa\u00eds, y que quedar\u00e1 suspendido durante el presente a\u00f1o. \u00a0<\/span><\/p>\n<p class=\"m_-3508814843266264028x_MsoNormal\" style=\"text-align: left;\"><span lang=\"ES\">Mencion\u00f3 que dichos comedores comunitarios atienden desde el a\u00f1o 2013 a ni\u00f1as, ni\u00f1os adultos mayores, mujeres embarazadas y personas en situaci\u00f3n de vulnerabilidad, lo que les permit\u00eda mejorar su alimentaci\u00f3n a un bajo costo que rondaba los 10 pesos. <\/span><\/p>\n<p class=\"m_-3508814843266264028x_MsoNormal\" style=\"text-align: left;\"><span lang=\"ES\">Al respecto resalt\u00f3: \u201cLos Gobiernos Federal y Estatal deben implementar una estrategia o programa similar en este sentido, de acuerdo a las necesidades de la poblaci\u00f3n con altos \u00edndices de marginaci\u00f3n, ya que seguramente habr\u00e1 mucha gente afectada por esta medida tomada por el Presidente\u201d. \u00a0\u00a0\u00a0<\/span><\/p>\n<p class=\"m_-3508814843266264028x_MsoNormal\" style=\"text-align: left;\"><span lang=\"ES\">Finalmente, la legisladora del Partido Verde Ecologista de M\u00e9xico (PVEM), coment\u00f3 que el Estado de Veracruz se encuentra entre las entidades del pa\u00eds que tienen mayor n\u00famero de comedores comunitarios, por lo que este programa ayudaba a las y los veracruzanos a poder acceder a comidas fundamentales como el desayuno, adem\u00e1s de ser un apoyo para los voluntarios que brindaban servicio en dichos espacios. \u00a0<\/span><\/p>\n<p class=\"m_-3508814843266264028x_MsoNormal\" style=\"text-align: left;\"><span lang=\"ES\">El Programa Comedores Comunitarios se emprendi\u00f3 en el a\u00f1o 2013 por el Gobierno Federal a trav\u00e9s de la extinta Secretar\u00eda de Desarrollo Social (SEDESOL), como una de las medidas para combatir la carencia alimentaria en el pa\u00eds.<\/span><\/p>\n<p class=\"m_-3508814843266264028x_MsoNormal\" style=\"text-align: left;\"><span lang=\"ES\">Cabe se\u00f1alar que el pasado 12 de marzo, el Presidente de la Rep\u00fablica Mexicana, anunci\u00f3 el retiro de recursos de 5 mil 709 comedores comunitarios en el pa\u00eds.<\/span><\/p>\n<\/div>\n<\/div>\n<\/div>\n<\/blockquote>\n<\/div>\n","protected":false},"excerpt":{"rendered":"<p>La Diputada local de la LXV Legislatura del Congreso del Estado de Veracruz, Andrea de Guadalupe Yunes Yunes, se expres\u00f3 en desacuerdo con la desaparici\u00f3n del Programa que permit\u00eda la existencia de los Comedores Comunitarios de la ahora Secretar\u00eda de Bienestar, que alimenta a m\u00e1s de medio mill\u00f3n de personas de escasos recursos en el [&hellip;]<\/p>\n","protected":false},"author":2,"featured_media":47395,"comment_status":"open","ping_status":"open","sticky":false,"template":"","format":"standard","meta":{"tdm_status":"","tdm_grid_status":"","footnotes":""},"categories":[73],"tags":[9564,11786,14248,195],"class_list":{"0":"post-47394","1":"post","2":"type-post","3":"status-publish","4":"format-standard","5":"has-post-thumbnail","7":"category-de-boleto","8":"tag-comedores-comunitarios","9":"tag-lxv-legislatura","10":"tag-secretaria-de-bienestar","11":"tag-veracruz"},"yoast_head":"<!-- This site is optimized with the Yoast SEO plugin v27.4 - https:\/\/yoast.com\/product\/yoast-seo-wordpress\/ -->\n<title>Desaparecer comedores comunitarios, es negar alimentaci\u00f3n a quien m\u00e1s lo necesita: Andrea - Los pol\u00edticos Veracruz<\/title>\n<meta name=\"robots\" content=\"index, follow, max-snippet:-1, max-image-preview:large, max-video-preview:-1\" \/>\n<link rel=\"canonical\" href=\"https:\/\/lospoliticosveracruz.com\/?p=47394\" \/>\n<meta property=\"og:locale\" content=\"es_ES\" \/>\n<meta property=\"og:type\" content=\"article\" \/>\n<meta property=\"og:title\" content=\"Desaparecer comedores comunitarios, es negar alimentaci\u00f3n a quien m\u00e1s lo necesita: Andrea - Los pol\u00edticos Veracruz\" \/>\n<meta property=\"og:description\" content=\"La Diputada local de la LXV Legislatura del Congreso del Estado de Veracruz, Andrea de Guadalupe Yunes Yunes, se expres\u00f3 en desacuerdo con la desaparici\u00f3n del Programa que permit\u00eda la existencia de los Comedores Comunitarios de la ahora Secretar\u00eda de Bienestar, que alimenta a m\u00e1s de medio mill\u00f3n de personas de escasos recursos en el [&hellip;]\" \/>\n<meta property=\"og:url\" content=\"https:\/\/lospoliticosveracruz.com\/?p=47394\" \/>\n<meta property=\"og:site_name\" content=\"Los pol\u00edticos Veracruz\" \/>\n<meta property=\"article:publisher\" content=\"https:\/\/www.facebook.com\/people\/Notimemes-de-los-Polticos\/61565672886568\/\" \/>\n<meta property=\"article:published_time\" content=\"2019-03-16T00:32:11+00:00\" \/>\n<meta property=\"og:image\" content=\"https:\/\/lospoliticosveracruz.com\/wp-content\/uploads\/2019\/03\/Andrea.jpg\" \/>\n\t<meta property=\"og:image:width\" content=\"600\" \/>\n\t<meta property=\"og:image:height\" content=\"450\" \/>\n\t<meta property=\"og:image:type\" content=\"image\/jpeg\" \/>\n<meta name=\"author\" content=\"Lo viste en Los Pol\u00edticos\" \/>\n<meta name=\"twitter:card\" content=\"summary_large_image\" \/>\n<meta name=\"twitter:creator\" content=\"@LosPoliticosVer\" \/>\n<meta name=\"twitter:site\" content=\"@LosPoliticosVer\" \/>\n<meta name=\"twitter:label1\" content=\"Escrito por\" \/>\n\t<meta name=\"twitter:data1\" content=\"Lo viste en Los Pol\u00edticos\" \/>\n\t<meta name=\"twitter:label2\" content=\"Tiempo de lectura\" \/>\n\t<meta name=\"twitter:data2\" content=\"1 minuto\" \/>\n<script type=\"application\/ld+json\" class=\"yoast-schema-graph\">{\"@context\":\"https:\\\/\\\/schema.org\",\"@graph\":[{\"@type\":\"Article\",\"@id\":\"https:\\\/\\\/lospoliticosveracruz.com\\\/?p=47394#article\",\"isPartOf\":{\"@id\":\"https:\\\/\\\/lospoliticosveracruz.com\\\/?p=47394\"},\"author\":{\"name\":\"Lo viste en Los Pol\u00edticos\",\"@id\":\"https:\\\/\\\/lospoliticosveracruz.com\\\/#\\\/schema\\\/person\\\/b8702bb0e538456e6efd07080bf2a4a2\"},\"headline\":\"Desaparecer comedores comunitarios, es negar alimentaci\u00f3n a quien m\u00e1s lo necesita: Andrea\",\"datePublished\":\"2019-03-16T00:32:11+00:00\",\"mainEntityOfPage\":{\"@id\":\"https:\\\/\\\/lospoliticosveracruz.com\\\/?p=47394\"},\"wordCount\":311,\"commentCount\":0,\"publisher\":{\"@id\":\"https:\\\/\\\/lospoliticosveracruz.com\\\/#organization\"},\"image\":{\"@id\":\"https:\\\/\\\/lospoliticosveracruz.com\\\/?p=47394#primaryimage\"},\"thumbnailUrl\":\"https:\\\/\\\/lospoliticosveracruz.com\\\/wp-content\\\/uploads\\\/2019\\\/03\\\/Andrea.jpg\",\"keywords\":[\"comedores comunitarios\",\"LXV Legislatura\",\"Secretar\u00eda de Bienestar\",\"Veracruz\"],\"articleSection\":[\"De Boleto\"],\"inLanguage\":\"es\",\"potentialAction\":[{\"@type\":\"CommentAction\",\"name\":\"Comment\",\"target\":[\"https:\\\/\\\/lospoliticosveracruz.com\\\/?p=47394#respond\"]}]},{\"@type\":\"WebPage\",\"@id\":\"https:\\\/\\\/lospoliticosveracruz.com\\\/?p=47394\",\"url\":\"https:\\\/\\\/lospoliticosveracruz.com\\\/?p=47394\",\"name\":\"Desaparecer comedores comunitarios, es negar alimentaci\u00f3n a quien m\u00e1s lo necesita: Andrea - Los pol\u00edticos Veracruz\",\"isPartOf\":{\"@id\":\"https:\\\/\\\/lospoliticosveracruz.com\\\/#website\"},\"primaryImageOfPage\":{\"@id\":\"https:\\\/\\\/lospoliticosveracruz.com\\\/?p=47394#primaryimage\"},\"image\":{\"@id\":\"https:\\\/\\\/lospoliticosveracruz.com\\\/?p=47394#primaryimage\"},\"thumbnailUrl\":\"https:\\\/\\\/lospoliticosveracruz.com\\\/wp-content\\\/uploads\\\/2019\\\/03\\\/Andrea.jpg\",\"datePublished\":\"2019-03-16T00:32:11+00:00\",\"breadcrumb\":{\"@id\":\"https:\\\/\\\/lospoliticosveracruz.com\\\/?p=47394#breadcrumb\"},\"inLanguage\":\"es\",\"potentialAction\":[{\"@type\":\"ReadAction\",\"target\":[\"https:\\\/\\\/lospoliticosveracruz.com\\\/?p=47394\"]}]},{\"@type\":\"ImageObject\",\"inLanguage\":\"es\",\"@id\":\"https:\\\/\\\/lospoliticosveracruz.com\\\/?p=47394#primaryimage\",\"url\":\"https:\\\/\\\/lospoliticosveracruz.com\\\/wp-content\\\/uploads\\\/2019\\\/03\\\/Andrea.jpg\",\"contentUrl\":\"https:\\\/\\\/lospoliticosveracruz.com\\\/wp-content\\\/uploads\\\/2019\\\/03\\\/Andrea.jpg\",\"width\":600,\"height\":450},{\"@type\":\"BreadcrumbList\",\"@id\":\"https:\\\/\\\/lospoliticosveracruz.com\\\/?p=47394#breadcrumb\",\"itemListElement\":[{\"@type\":\"ListItem\",\"position\":1,\"name\":\"Portada\",\"item\":\"https:\\\/\\\/lospoliticosveracruz.com\\\/\"},{\"@type\":\"ListItem\",\"position\":2,\"name\":\"Desaparecer comedores comunitarios, es negar alimentaci\u00f3n a quien m\u00e1s lo necesita: Andrea\"}]},{\"@type\":\"WebSite\",\"@id\":\"https:\\\/\\\/lospoliticosveracruz.com\\\/#website\",\"url\":\"https:\\\/\\\/lospoliticosveracruz.com\\\/\",\"name\":\"Los pol\u00edticos Veracruz\",\"description\":\"\",\"publisher\":{\"@id\":\"https:\\\/\\\/lospoliticosveracruz.com\\\/#organization\"},\"potentialAction\":[{\"@type\":\"SearchAction\",\"target\":{\"@type\":\"EntryPoint\",\"urlTemplate\":\"https:\\\/\\\/lospoliticosveracruz.com\\\/?s={search_term_string}\"},\"query-input\":{\"@type\":\"PropertyValueSpecification\",\"valueRequired\":true,\"valueName\":\"search_term_string\"}}],\"inLanguage\":\"es\"},{\"@type\":\"Organization\",\"@id\":\"https:\\\/\\\/lospoliticosveracruz.com\\\/#organization\",\"name\":\"Los pol\u00edticos Veracruz\",\"url\":\"https:\\\/\\\/lospoliticosveracruz.com\\\/\",\"logo\":{\"@type\":\"ImageObject\",\"inLanguage\":\"es\",\"@id\":\"https:\\\/\\\/lospoliticosveracruz.com\\\/#\\\/schema\\\/logo\\\/image\\\/\",\"url\":\"https:\\\/\\\/lospoliticosveracruz.com\\\/wp-content\\\/uploads\\\/2025\\\/12\\\/Logo-Nuevo-LOS-POLITICOS-1.jpg\",\"contentUrl\":\"https:\\\/\\\/lospoliticosveracruz.com\\\/wp-content\\\/uploads\\\/2025\\\/12\\\/Logo-Nuevo-LOS-POLITICOS-1.jpg\",\"width\":260,\"height\":70,\"caption\":\"Los pol\u00edticos Veracruz\"},\"image\":{\"@id\":\"https:\\\/\\\/lospoliticosveracruz.com\\\/#\\\/schema\\\/logo\\\/image\\\/\"},\"sameAs\":[\"https:\\\/\\\/www.facebook.com\\\/people\\\/Notimemes-de-los-Polticos\\\/61565672886568\\\/\",\"https:\\\/\\\/x.com\\\/LosPoliticosVer\"]},{\"@type\":\"Person\",\"@id\":\"https:\\\/\\\/lospoliticosveracruz.com\\\/#\\\/schema\\\/person\\\/b8702bb0e538456e6efd07080bf2a4a2\",\"name\":\"Lo viste en Los Pol\u00edticos\",\"image\":{\"@type\":\"ImageObject\",\"inLanguage\":\"es\",\"@id\":\"https:\\\/\\\/secure.gravatar.com\\\/avatar\\\/3a8de04a2656d44082be478bd6c086daa447c4651605818287b9532d3d0bd435?s=96&d=mm&r=g\",\"url\":\"https:\\\/\\\/secure.gravatar.com\\\/avatar\\\/3a8de04a2656d44082be478bd6c086daa447c4651605818287b9532d3d0bd435?s=96&d=mm&r=g\",\"contentUrl\":\"https:\\\/\\\/secure.gravatar.com\\\/avatar\\\/3a8de04a2656d44082be478bd6c086daa447c4651605818287b9532d3d0bd435?s=96&d=mm&r=g\",\"caption\":\"Lo viste en Los Pol\u00edticos\"},\"url\":\"https:\\\/\\\/lospoliticosveracruz.com\\\/?author=2\"}]}<\/script>\n<!-- \/ Yoast SEO plugin. -->","yoast_head_json":{"title":"Desaparecer comedores comunitarios, es negar alimentaci\u00f3n a quien m\u00e1s lo necesita: Andrea - Los pol\u00edticos Veracruz","robots":{"index":"index","follow":"follow","max-snippet":"max-snippet:-1","max-image-preview":"max-image-preview:large","max-video-preview":"max-video-preview:-1"},"canonical":"https:\/\/lospoliticosveracruz.com\/?p=47394","og_locale":"es_ES","og_type":"article","og_title":"Desaparecer comedores comunitarios, es negar alimentaci\u00f3n a quien m\u00e1s lo necesita: Andrea - Los pol\u00edticos Veracruz","og_description":"La Diputada local de la LXV Legislatura del Congreso del Estado de Veracruz, Andrea de Guadalupe Yunes Yunes, se expres\u00f3 en desacuerdo con la desaparici\u00f3n del Programa que permit\u00eda la existencia de los Comedores Comunitarios de la ahora Secretar\u00eda de Bienestar, que alimenta a m\u00e1s de medio mill\u00f3n de personas de escasos recursos en el [&hellip;]","og_url":"https:\/\/lospoliticosveracruz.com\/?p=47394","og_site_name":"Los pol\u00edticos Veracruz","article_publisher":"https:\/\/www.facebook.com\/people\/Notimemes-de-los-Polticos\/61565672886568\/","article_published_time":"2019-03-16T00:32:11+00:00","og_image":[{"width":600,"height":450,"url":"https:\/\/lospoliticosveracruz.com\/wp-content\/uploads\/2019\/03\/Andrea.jpg","type":"image\/jpeg"}],"author":"Lo viste en Los Pol\u00edticos","twitter_card":"summary_large_image","twitter_creator":"@LosPoliticosVer","twitter_site":"@LosPoliticosVer","twitter_misc":{"Escrito por":"Lo viste en Los Pol\u00edticos","Tiempo de lectura":"1 minuto"},"schema":{"@context":"https:\/\/schema.org","@graph":[{"@type":"Article","@id":"https:\/\/lospoliticosveracruz.com\/?p=47394#article","isPartOf":{"@id":"https:\/\/lospoliticosveracruz.com\/?p=47394"},"author":{"name":"Lo viste en Los Pol\u00edticos","@id":"https:\/\/lospoliticosveracruz.com\/#\/schema\/person\/b8702bb0e538456e6efd07080bf2a4a2"},"headline":"Desaparecer comedores comunitarios, es negar alimentaci\u00f3n a quien m\u00e1s lo necesita: Andrea","datePublished":"2019-03-16T00:32:11+00:00","mainEntityOfPage":{"@id":"https:\/\/lospoliticosveracruz.com\/?p=47394"},"wordCount":311,"commentCount":0,"publisher":{"@id":"https:\/\/lospoliticosveracruz.com\/#organization"},"image":{"@id":"https:\/\/lospoliticosveracruz.com\/?p=47394#primaryimage"},"thumbnailUrl":"https:\/\/lospoliticosveracruz.com\/wp-content\/uploads\/2019\/03\/Andrea.jpg","keywords":["comedores comunitarios","LXV Legislatura","Secretar\u00eda de Bienestar","Veracruz"],"articleSection":["De Boleto"],"inLanguage":"es","potentialAction":[{"@type":"CommentAction","name":"Comment","target":["https:\/\/lospoliticosveracruz.com\/?p=47394#respond"]}]},{"@type":"WebPage","@id":"https:\/\/lospoliticosveracruz.com\/?p=47394","url":"https:\/\/lospoliticosveracruz.com\/?p=47394","name":"Desaparecer comedores comunitarios, es negar alimentaci\u00f3n a quien m\u00e1s lo necesita: Andrea - Los pol\u00edticos Veracruz","isPartOf":{"@id":"https:\/\/lospoliticosveracruz.com\/#website"},"primaryImageOfPage":{"@id":"https:\/\/lospoliticosveracruz.com\/?p=47394#primaryimage"},"image":{"@id":"https:\/\/lospoliticosveracruz.com\/?p=47394#primaryimage"},"thumbnailUrl":"https:\/\/lospoliticosveracruz.com\/wp-content\/uploads\/2019\/03\/Andrea.jpg","datePublished":"2019-03-16T00:32:11+00:00","breadcrumb":{"@id":"https:\/\/lospoliticosveracruz.com\/?p=47394#breadcrumb"},"inLanguage":"es","potentialAction":[{"@type":"ReadAction","target":["https:\/\/lospoliticosveracruz.com\/?p=47394"]}]},{"@type":"ImageObject","inLanguage":"es","@id":"https:\/\/lospoliticosveracruz.com\/?p=47394#primaryimage","url":"https:\/\/lospoliticosveracruz.com\/wp-content\/uploads\/2019\/03\/Andrea.jpg","contentUrl":"https:\/\/lospoliticosveracruz.com\/wp-content\/uploads\/2019\/03\/Andrea.jpg","width":600,"height":450},{"@type":"BreadcrumbList","@id":"https:\/\/lospoliticosveracruz.com\/?p=47394#breadcrumb","itemListElement":[{"@type":"ListItem","position":1,"name":"Portada","item":"https:\/\/lospoliticosveracruz.com\/"},{"@type":"ListItem","position":2,"name":"Desaparecer comedores comunitarios, es negar alimentaci\u00f3n a quien m\u00e1s lo necesita: Andrea"}]},{"@type":"WebSite","@id":"https:\/\/lospoliticosveracruz.com\/#website","url":"https:\/\/lospoliticosveracruz.com\/","name":"Los pol\u00edticos Veracruz","description":"","publisher":{"@id":"https:\/\/lospoliticosveracruz.com\/#organization"},"potentialAction":[{"@type":"SearchAction","target":{"@type":"EntryPoint","urlTemplate":"https:\/\/lospoliticosveracruz.com\/?s={search_term_string}"},"query-input":{"@type":"PropertyValueSpecification","valueRequired":true,"valueName":"search_term_string"}}],"inLanguage":"es"},{"@type":"Organization","@id":"https:\/\/lospoliticosveracruz.com\/#organization","name":"Los pol\u00edticos Veracruz","url":"https:\/\/lospoliticosveracruz.com\/","logo":{"@type":"ImageObject","inLanguage":"es","@id":"https:\/\/lospoliticosveracruz.com\/#\/schema\/logo\/image\/","url":"https:\/\/lospoliticosveracruz.com\/wp-content\/uploads\/2025\/12\/Logo-Nuevo-LOS-POLITICOS-1.jpg","contentUrl":"https:\/\/lospoliticosveracruz.com\/wp-content\/uploads\/2025\/12\/Logo-Nuevo-LOS-POLITICOS-1.jpg","width":260,"height":70,"caption":"Los pol\u00edticos Veracruz"},"image":{"@id":"https:\/\/lospoliticosveracruz.com\/#\/schema\/logo\/image\/"},"sameAs":["https:\/\/www.facebook.com\/people\/Notimemes-de-los-Polticos\/61565672886568\/","https:\/\/x.com\/LosPoliticosVer"]},{"@type":"Person","@id":"https:\/\/lospoliticosveracruz.com\/#\/schema\/person\/b8702bb0e538456e6efd07080bf2a4a2","name":"Lo viste en Los Pol\u00edticos","image":{"@type":"ImageObject","inLanguage":"es","@id":"https:\/\/secure.gravatar.com\/avatar\/3a8de04a2656d44082be478bd6c086daa447c4651605818287b9532d3d0bd435?s=96&d=mm&r=g","url":"https:\/\/secure.gravatar.com\/avatar\/3a8de04a2656d44082be478bd6c086daa447c4651605818287b9532d3d0bd435?s=96&d=mm&r=g","contentUrl":"https:\/\/secure.gravatar.com\/avatar\/3a8de04a2656d44082be478bd6c086daa447c4651605818287b9532d3d0bd435?s=96&d=mm&r=g","caption":"Lo viste en Los Pol\u00edticos"},"url":"https:\/\/lospoliticosveracruz.com\/?author=2"}]}},"_links":{"self":[{"href":"https:\/\/lospoliticosveracruz.com\/index.php?rest_route=\/wp\/v2\/posts\/47394","targetHints":{"allow":["GET"]}}],"collection":[{"href":"https:\/\/lospoliticosveracruz.com\/index.php?rest_route=\/wp\/v2\/posts"}],"about":[{"href":"https:\/\/lospoliticosveracruz.com\/index.php?rest_route=\/wp\/v2\/types\/post"}],"author":[{"embeddable":true,"href":"https:\/\/lospoliticosveracruz.com\/index.php?rest_route=\/wp\/v2\/users\/2"}],"replies":[{"embeddable":true,"href":"https:\/\/lospoliticosveracruz.com\/index.php?rest_route=%2Fwp%2Fv2%2Fcomments&post=47394"}],"version-history":[{"count":1,"href":"https:\/\/lospoliticosveracruz.com\/index.php?rest_route=\/wp\/v2\/posts\/47394\/revisions"}],"predecessor-version":[{"id":47396,"href":"https:\/\/lospoliticosveracruz.com\/index.php?rest_route=\/wp\/v2\/posts\/47394\/revisions\/47396"}],"wp:featuredmedia":[{"embeddable":true,"href":"https:\/\/lospoliticosveracruz.com\/index.php?rest_route=\/wp\/v2\/media\/47395"}],"wp:attachment":[{"href":"https:\/\/lospoliticosveracruz.com\/index.php?rest_route=%2Fwp%2Fv2%2Fmedia&parent=47394"}],"wp:term":[{"taxonomy":"category","embeddable":true,"href":"https:\/\/lospoliticosveracruz.com\/index.php?rest_route=%2Fwp%2Fv2%2Fcategories&post=47394"},{"taxonomy":"post_tag","embeddable":true,"href":"https:\/\/lospoliticosveracruz.com\/index.php?rest_route=%2Fwp%2Fv2%2Ftags&post=47394"}],"curies":[{"name":"wp","href":"https:\/\/api.w.org\/{rel}","templated":true}]}}