{"id":47400,"date":"2019-03-16T16:48:44","date_gmt":"2019-03-16T22:48:44","guid":{"rendered":"http:\/\/www.lospoliticosveracruz.com.mx\/?p=47400"},"modified":"2019-03-16T16:48:44","modified_gmt":"2019-03-16T22:48:44","slug":"casas-de-enlace-vinculo-familiar-y-puente-con-autoridades","status":"publish","type":"post","link":"https:\/\/lospoliticosveracruz.com\/?p=47400","title":{"rendered":"Casas de Enlace, v\u00ednculo familiar y puente con autoridades"},"content":{"rendered":"<p>De la necesidad de rescatar Veracruz, las Casas de Enlace han permanecido como una iniciativa de participaci\u00f3n ciudadana que d\u00eda a d\u00eda contribuye a un cambio, para crear una mejor sociedad.<\/p>\n<p>En la Expo Casas de Enlace de Xalapa celebrada este s\u00e1bado en la Plaza Lerdo de esta ciudad, el diputado Sergio Hern\u00e1ndez Hern\u00e1ndez, felicit\u00f3 a los cientos de mujeres que actualmente integran esta iniciativa de participaci\u00f3n ciudadana y a sus 200 coordinadoras al frente de los nueve talleres que se imparten en las colonias xalape\u00f1as.<\/p>\n<p>Hern\u00e1ndez Hern\u00e1ndez destac\u00f3 que a trav\u00e9s de la integraci\u00f3n de la poblaci\u00f3n en las colonias capitalinas, se est\u00e1 logrando conformar un censo sobre las necesidades primordiales de los xalape\u00f1os; esto con la finalidad de comunicarlas a las autoridades y buscar una soluci\u00f3n a las demandas.<\/p>\n<p>El legislador de Xalapa por PAN, detall\u00f3 que en este mismo a\u00f1o dio inicio una nueva temporada de las Casas de Enlace.<\/p>\n<p>En ese sentido invit\u00f3 a la sociedad a participar, pues existen testimonios de \u00e9xito que han permitido generar mejores condiciones de vida y que a su vez ha fomentado la integraci\u00f3n entre las familias.<\/p>\n<p>\u00abHace 28 meses inici\u00f3 el proyecto Casas de Enlace con cien de ellas y hoy hay 200. Iniciamos en ese entonces con mil 800 participantes, hoy despu\u00e9s de 28 meses ya son m\u00e1s de diez mil personas xalape\u00f1as que han pasado por este noble proyecto de participaci\u00f3n ciudadana que hemos construido juntos y del que me siento orgulloso\u00bb, se\u00f1al\u00f3 el legislador blanquiazul.<\/p>\n<p>Sergio Hern\u00e1ndez reflexion\u00f3 y se\u00f1al\u00f3 que los cambios no se dan \u00fanicamente a trav\u00e9s de los funcionarios p\u00fablicos, sino que tambi\u00e9n se logran gracias al inter\u00e9s de la ciudadan\u00eda, \u00absin ustedes los cambios no llegan\u00bb.<\/p>\n<p>El diputado estuvo acompa\u00f1ado de su esposa Laura Rodr\u00edguez, su pap\u00e1 Mart\u00edn Espinosa Rold\u00e1n, actual coordinador de las Casas de Enlace y su madre, la se\u00f1ora Reyna Hern\u00e1ndez. El regidor Pedro Alvarado, as\u00ed como del equipo de trabajo y las coordinadoras de las casas.<\/p>\n","protected":false},"excerpt":{"rendered":"<p>De la necesidad de rescatar Veracruz, las Casas de Enlace han permanecido como una iniciativa de participaci\u00f3n ciudadana que d\u00eda a d\u00eda contribuye a un cambio, para crear una mejor sociedad. En la Expo Casas de Enlace de Xalapa celebrada este s\u00e1bado en la Plaza Lerdo de esta ciudad, el diputado Sergio Hern\u00e1ndez Hern\u00e1ndez, felicit\u00f3 [&hellip;]<\/p>\n","protected":false},"author":2,"featured_media":47401,"comment_status":"open","ping_status":"open","sticky":false,"template":"","format":"standard","meta":{"tdm_status":"","tdm_grid_status":"","footnotes":""},"categories":[73],"tags":[14249,6481,96],"class_list":{"0":"post-47400","1":"post","2":"type-post","3":"status-publish","4":"format-standard","5":"has-post-thumbnail","7":"category-de-boleto","8":"tag-casa-de-enlace","9":"tag-sergio-hernandez-hernandez","10":"tag-xalapa"},"yoast_head":"<!-- This site is optimized with the Yoast SEO plugin v27.4 - https:\/\/yoast.com\/product\/yoast-seo-wordpress\/ -->\n<title>Casas de Enlace, v\u00ednculo familiar y puente con autoridades - Los pol\u00edticos Veracruz<\/title>\n<meta name=\"robots\" content=\"index, follow, max-snippet:-1, max-image-preview:large, max-video-preview:-1\" \/>\n<link rel=\"canonical\" href=\"https:\/\/lospoliticosveracruz.com\/?p=47400\" \/>\n<meta property=\"og:locale\" content=\"es_ES\" \/>\n<meta property=\"og:type\" content=\"article\" \/>\n<meta property=\"og:title\" content=\"Casas de Enlace, v\u00ednculo familiar y puente con autoridades - Los pol\u00edticos Veracruz\" \/>\n<meta property=\"og:description\" content=\"De la necesidad de rescatar Veracruz, las Casas de Enlace han permanecido como una iniciativa de participaci\u00f3n ciudadana que d\u00eda a d\u00eda contribuye a un cambio, para crear una mejor sociedad. En la Expo Casas de Enlace de Xalapa celebrada este s\u00e1bado en la Plaza Lerdo de esta ciudad, el diputado Sergio Hern\u00e1ndez Hern\u00e1ndez, felicit\u00f3 [&hellip;]\" \/>\n<meta property=\"og:url\" content=\"https:\/\/lospoliticosveracruz.com\/?p=47400\" \/>\n<meta property=\"og:site_name\" content=\"Los pol\u00edticos Veracruz\" \/>\n<meta property=\"article:publisher\" content=\"https:\/\/www.facebook.com\/people\/Notimemes-de-los-Polticos\/61565672886568\/\" \/>\n<meta property=\"article:published_time\" content=\"2019-03-16T22:48:44+00:00\" \/>\n<meta property=\"og:image\" content=\"https:\/\/lospoliticosveracruz.com\/wp-content\/uploads\/2019\/03\/D2EFEA9E-ADE5-458F-A9BF-6F14060A2BFE.jpeg\" \/>\n\t<meta property=\"og:image:width\" content=\"1182\" \/>\n\t<meta property=\"og:image:height\" content=\"646\" \/>\n\t<meta property=\"og:image:type\" content=\"image\/jpeg\" \/>\n<meta name=\"author\" content=\"Lo viste en Los Pol\u00edticos\" \/>\n<meta name=\"twitter:card\" content=\"summary_large_image\" \/>\n<meta name=\"twitter:creator\" content=\"@LosPoliticosVer\" \/>\n<meta name=\"twitter:site\" content=\"@LosPoliticosVer\" \/>\n<meta name=\"twitter:label1\" content=\"Escrito por\" \/>\n\t<meta name=\"twitter:data1\" content=\"Lo viste en Los Pol\u00edticos\" \/>\n\t<meta name=\"twitter:label2\" content=\"Tiempo de lectura\" \/>\n\t<meta name=\"twitter:data2\" content=\"2 minutos\" \/>\n<script type=\"application\/ld+json\" class=\"yoast-schema-graph\">{\"@context\":\"https:\\\/\\\/schema.org\",\"@graph\":[{\"@type\":\"Article\",\"@id\":\"https:\\\/\\\/lospoliticosveracruz.com\\\/?p=47400#article\",\"isPartOf\":{\"@id\":\"https:\\\/\\\/lospoliticosveracruz.com\\\/?p=47400\"},\"author\":{\"name\":\"Lo viste en Los Pol\u00edticos\",\"@id\":\"https:\\\/\\\/lospoliticosveracruz.com\\\/#\\\/schema\\\/person\\\/b8702bb0e538456e6efd07080bf2a4a2\"},\"headline\":\"Casas de Enlace, v\u00ednculo familiar y puente con autoridades\",\"datePublished\":\"2019-03-16T22:48:44+00:00\",\"mainEntityOfPage\":{\"@id\":\"https:\\\/\\\/lospoliticosveracruz.com\\\/?p=47400\"},\"wordCount\":368,\"commentCount\":0,\"publisher\":{\"@id\":\"https:\\\/\\\/lospoliticosveracruz.com\\\/#organization\"},\"image\":{\"@id\":\"https:\\\/\\\/lospoliticosveracruz.com\\\/?p=47400#primaryimage\"},\"thumbnailUrl\":\"https:\\\/\\\/lospoliticosveracruz.com\\\/wp-content\\\/uploads\\\/2019\\\/03\\\/D2EFEA9E-ADE5-458F-A9BF-6F14060A2BFE.jpeg\",\"keywords\":[\"Casa de Enlace\",\"Sergio Hern\u00e1ndez Hern\u00e1ndez\",\"Xalapa\"],\"articleSection\":[\"De Boleto\"],\"inLanguage\":\"es\",\"potentialAction\":[{\"@type\":\"CommentAction\",\"name\":\"Comment\",\"target\":[\"https:\\\/\\\/lospoliticosveracruz.com\\\/?p=47400#respond\"]}]},{\"@type\":\"WebPage\",\"@id\":\"https:\\\/\\\/lospoliticosveracruz.com\\\/?p=47400\",\"url\":\"https:\\\/\\\/lospoliticosveracruz.com\\\/?p=47400\",\"name\":\"Casas de Enlace, v\u00ednculo familiar y puente con autoridades - Los pol\u00edticos Veracruz\",\"isPartOf\":{\"@id\":\"https:\\\/\\\/lospoliticosveracruz.com\\\/#website\"},\"primaryImageOfPage\":{\"@id\":\"https:\\\/\\\/lospoliticosveracruz.com\\\/?p=47400#primaryimage\"},\"image\":{\"@id\":\"https:\\\/\\\/lospoliticosveracruz.com\\\/?p=47400#primaryimage\"},\"thumbnailUrl\":\"https:\\\/\\\/lospoliticosveracruz.com\\\/wp-content\\\/uploads\\\/2019\\\/03\\\/D2EFEA9E-ADE5-458F-A9BF-6F14060A2BFE.jpeg\",\"datePublished\":\"2019-03-16T22:48:44+00:00\",\"breadcrumb\":{\"@id\":\"https:\\\/\\\/lospoliticosveracruz.com\\\/?p=47400#breadcrumb\"},\"inLanguage\":\"es\",\"potentialAction\":[{\"@type\":\"ReadAction\",\"target\":[\"https:\\\/\\\/lospoliticosveracruz.com\\\/?p=47400\"]}]},{\"@type\":\"ImageObject\",\"inLanguage\":\"es\",\"@id\":\"https:\\\/\\\/lospoliticosveracruz.com\\\/?p=47400#primaryimage\",\"url\":\"https:\\\/\\\/lospoliticosveracruz.com\\\/wp-content\\\/uploads\\\/2019\\\/03\\\/D2EFEA9E-ADE5-458F-A9BF-6F14060A2BFE.jpeg\",\"contentUrl\":\"https:\\\/\\\/lospoliticosveracruz.com\\\/wp-content\\\/uploads\\\/2019\\\/03\\\/D2EFEA9E-ADE5-458F-A9BF-6F14060A2BFE.jpeg\",\"width\":1182,\"height\":646},{\"@type\":\"BreadcrumbList\",\"@id\":\"https:\\\/\\\/lospoliticosveracruz.com\\\/?p=47400#breadcrumb\",\"itemListElement\":[{\"@type\":\"ListItem\",\"position\":1,\"name\":\"Portada\",\"item\":\"https:\\\/\\\/lospoliticosveracruz.com\\\/\"},{\"@type\":\"ListItem\",\"position\":2,\"name\":\"Casas de Enlace, v\u00ednculo familiar y puente con autoridades\"}]},{\"@type\":\"WebSite\",\"@id\":\"https:\\\/\\\/lospoliticosveracruz.com\\\/#website\",\"url\":\"https:\\\/\\\/lospoliticosveracruz.com\\\/\",\"name\":\"Los pol\u00edticos Veracruz\",\"description\":\"\",\"publisher\":{\"@id\":\"https:\\\/\\\/lospoliticosveracruz.com\\\/#organization\"},\"potentialAction\":[{\"@type\":\"SearchAction\",\"target\":{\"@type\":\"EntryPoint\",\"urlTemplate\":\"https:\\\/\\\/lospoliticosveracruz.com\\\/?s={search_term_string}\"},\"query-input\":{\"@type\":\"PropertyValueSpecification\",\"valueRequired\":true,\"valueName\":\"search_term_string\"}}],\"inLanguage\":\"es\"},{\"@type\":\"Organization\",\"@id\":\"https:\\\/\\\/lospoliticosveracruz.com\\\/#organization\",\"name\":\"Los pol\u00edticos Veracruz\",\"url\":\"https:\\\/\\\/lospoliticosveracruz.com\\\/\",\"logo\":{\"@type\":\"ImageObject\",\"inLanguage\":\"es\",\"@id\":\"https:\\\/\\\/lospoliticosveracruz.com\\\/#\\\/schema\\\/logo\\\/image\\\/\",\"url\":\"https:\\\/\\\/lospoliticosveracruz.com\\\/wp-content\\\/uploads\\\/2025\\\/12\\\/Logo-Nuevo-LOS-POLITICOS-1.jpg\",\"contentUrl\":\"https:\\\/\\\/lospoliticosveracruz.com\\\/wp-content\\\/uploads\\\/2025\\\/12\\\/Logo-Nuevo-LOS-POLITICOS-1.jpg\",\"width\":260,\"height\":70,\"caption\":\"Los pol\u00edticos Veracruz\"},\"image\":{\"@id\":\"https:\\\/\\\/lospoliticosveracruz.com\\\/#\\\/schema\\\/logo\\\/image\\\/\"},\"sameAs\":[\"https:\\\/\\\/www.facebook.com\\\/people\\\/Notimemes-de-los-Polticos\\\/61565672886568\\\/\",\"https:\\\/\\\/x.com\\\/LosPoliticosVer\"]},{\"@type\":\"Person\",\"@id\":\"https:\\\/\\\/lospoliticosveracruz.com\\\/#\\\/schema\\\/person\\\/b8702bb0e538456e6efd07080bf2a4a2\",\"name\":\"Lo viste en Los Pol\u00edticos\",\"image\":{\"@type\":\"ImageObject\",\"inLanguage\":\"es\",\"@id\":\"https:\\\/\\\/secure.gravatar.com\\\/avatar\\\/3a8de04a2656d44082be478bd6c086daa447c4651605818287b9532d3d0bd435?s=96&d=mm&r=g\",\"url\":\"https:\\\/\\\/secure.gravatar.com\\\/avatar\\\/3a8de04a2656d44082be478bd6c086daa447c4651605818287b9532d3d0bd435?s=96&d=mm&r=g\",\"contentUrl\":\"https:\\\/\\\/secure.gravatar.com\\\/avatar\\\/3a8de04a2656d44082be478bd6c086daa447c4651605818287b9532d3d0bd435?s=96&d=mm&r=g\",\"caption\":\"Lo viste en Los Pol\u00edticos\"},\"url\":\"https:\\\/\\\/lospoliticosveracruz.com\\\/?author=2\"}]}<\/script>\n<!-- \/ Yoast SEO plugin. -->","yoast_head_json":{"title":"Casas de Enlace, v\u00ednculo familiar y puente con autoridades - Los pol\u00edticos Veracruz","robots":{"index":"index","follow":"follow","max-snippet":"max-snippet:-1","max-image-preview":"max-image-preview:large","max-video-preview":"max-video-preview:-1"},"canonical":"https:\/\/lospoliticosveracruz.com\/?p=47400","og_locale":"es_ES","og_type":"article","og_title":"Casas de Enlace, v\u00ednculo familiar y puente con autoridades - Los pol\u00edticos Veracruz","og_description":"De la necesidad de rescatar Veracruz, las Casas de Enlace han permanecido como una iniciativa de participaci\u00f3n ciudadana que d\u00eda a d\u00eda contribuye a un cambio, para crear una mejor sociedad. En la Expo Casas de Enlace de Xalapa celebrada este s\u00e1bado en la Plaza Lerdo de esta ciudad, el diputado Sergio Hern\u00e1ndez Hern\u00e1ndez, felicit\u00f3 [&hellip;]","og_url":"https:\/\/lospoliticosveracruz.com\/?p=47400","og_site_name":"Los pol\u00edticos Veracruz","article_publisher":"https:\/\/www.facebook.com\/people\/Notimemes-de-los-Polticos\/61565672886568\/","article_published_time":"2019-03-16T22:48:44+00:00","og_image":[{"width":1182,"height":646,"url":"https:\/\/lospoliticosveracruz.com\/wp-content\/uploads\/2019\/03\/D2EFEA9E-ADE5-458F-A9BF-6F14060A2BFE.jpeg","type":"image\/jpeg"}],"author":"Lo viste en Los Pol\u00edticos","twitter_card":"summary_large_image","twitter_creator":"@LosPoliticosVer","twitter_site":"@LosPoliticosVer","twitter_misc":{"Escrito por":"Lo viste en Los Pol\u00edticos","Tiempo de lectura":"2 minutos"},"schema":{"@context":"https:\/\/schema.org","@graph":[{"@type":"Article","@id":"https:\/\/lospoliticosveracruz.com\/?p=47400#article","isPartOf":{"@id":"https:\/\/lospoliticosveracruz.com\/?p=47400"},"author":{"name":"Lo viste en Los Pol\u00edticos","@id":"https:\/\/lospoliticosveracruz.com\/#\/schema\/person\/b8702bb0e538456e6efd07080bf2a4a2"},"headline":"Casas de Enlace, v\u00ednculo familiar y puente con autoridades","datePublished":"2019-03-16T22:48:44+00:00","mainEntityOfPage":{"@id":"https:\/\/lospoliticosveracruz.com\/?p=47400"},"wordCount":368,"commentCount":0,"publisher":{"@id":"https:\/\/lospoliticosveracruz.com\/#organization"},"image":{"@id":"https:\/\/lospoliticosveracruz.com\/?p=47400#primaryimage"},"thumbnailUrl":"https:\/\/lospoliticosveracruz.com\/wp-content\/uploads\/2019\/03\/D2EFEA9E-ADE5-458F-A9BF-6F14060A2BFE.jpeg","keywords":["Casa de Enlace","Sergio Hern\u00e1ndez Hern\u00e1ndez","Xalapa"],"articleSection":["De Boleto"],"inLanguage":"es","potentialAction":[{"@type":"CommentAction","name":"Comment","target":["https:\/\/lospoliticosveracruz.com\/?p=47400#respond"]}]},{"@type":"WebPage","@id":"https:\/\/lospoliticosveracruz.com\/?p=47400","url":"https:\/\/lospoliticosveracruz.com\/?p=47400","name":"Casas de Enlace, v\u00ednculo familiar y puente con autoridades - Los pol\u00edticos Veracruz","isPartOf":{"@id":"https:\/\/lospoliticosveracruz.com\/#website"},"primaryImageOfPage":{"@id":"https:\/\/lospoliticosveracruz.com\/?p=47400#primaryimage"},"image":{"@id":"https:\/\/lospoliticosveracruz.com\/?p=47400#primaryimage"},"thumbnailUrl":"https:\/\/lospoliticosveracruz.com\/wp-content\/uploads\/2019\/03\/D2EFEA9E-ADE5-458F-A9BF-6F14060A2BFE.jpeg","datePublished":"2019-03-16T22:48:44+00:00","breadcrumb":{"@id":"https:\/\/lospoliticosveracruz.com\/?p=47400#breadcrumb"},"inLanguage":"es","potentialAction":[{"@type":"ReadAction","target":["https:\/\/lospoliticosveracruz.com\/?p=47400"]}]},{"@type":"ImageObject","inLanguage":"es","@id":"https:\/\/lospoliticosveracruz.com\/?p=47400#primaryimage","url":"https:\/\/lospoliticosveracruz.com\/wp-content\/uploads\/2019\/03\/D2EFEA9E-ADE5-458F-A9BF-6F14060A2BFE.jpeg","contentUrl":"https:\/\/lospoliticosveracruz.com\/wp-content\/uploads\/2019\/03\/D2EFEA9E-ADE5-458F-A9BF-6F14060A2BFE.jpeg","width":1182,"height":646},{"@type":"BreadcrumbList","@id":"https:\/\/lospoliticosveracruz.com\/?p=47400#breadcrumb","itemListElement":[{"@type":"ListItem","position":1,"name":"Portada","item":"https:\/\/lospoliticosveracruz.com\/"},{"@type":"ListItem","position":2,"name":"Casas de Enlace, v\u00ednculo familiar y puente con autoridades"}]},{"@type":"WebSite","@id":"https:\/\/lospoliticosveracruz.com\/#website","url":"https:\/\/lospoliticosveracruz.com\/","name":"Los pol\u00edticos Veracruz","description":"","publisher":{"@id":"https:\/\/lospoliticosveracruz.com\/#organization"},"potentialAction":[{"@type":"SearchAction","target":{"@type":"EntryPoint","urlTemplate":"https:\/\/lospoliticosveracruz.com\/?s={search_term_string}"},"query-input":{"@type":"PropertyValueSpecification","valueRequired":true,"valueName":"search_term_string"}}],"inLanguage":"es"},{"@type":"Organization","@id":"https:\/\/lospoliticosveracruz.com\/#organization","name":"Los pol\u00edticos Veracruz","url":"https:\/\/lospoliticosveracruz.com\/","logo":{"@type":"ImageObject","inLanguage":"es","@id":"https:\/\/lospoliticosveracruz.com\/#\/schema\/logo\/image\/","url":"https:\/\/lospoliticosveracruz.com\/wp-content\/uploads\/2025\/12\/Logo-Nuevo-LOS-POLITICOS-1.jpg","contentUrl":"https:\/\/lospoliticosveracruz.com\/wp-content\/uploads\/2025\/12\/Logo-Nuevo-LOS-POLITICOS-1.jpg","width":260,"height":70,"caption":"Los pol\u00edticos Veracruz"},"image":{"@id":"https:\/\/lospoliticosveracruz.com\/#\/schema\/logo\/image\/"},"sameAs":["https:\/\/www.facebook.com\/people\/Notimemes-de-los-Polticos\/61565672886568\/","https:\/\/x.com\/LosPoliticosVer"]},{"@type":"Person","@id":"https:\/\/lospoliticosveracruz.com\/#\/schema\/person\/b8702bb0e538456e6efd07080bf2a4a2","name":"Lo viste en Los Pol\u00edticos","image":{"@type":"ImageObject","inLanguage":"es","@id":"https:\/\/secure.gravatar.com\/avatar\/3a8de04a2656d44082be478bd6c086daa447c4651605818287b9532d3d0bd435?s=96&d=mm&r=g","url":"https:\/\/secure.gravatar.com\/avatar\/3a8de04a2656d44082be478bd6c086daa447c4651605818287b9532d3d0bd435?s=96&d=mm&r=g","contentUrl":"https:\/\/secure.gravatar.com\/avatar\/3a8de04a2656d44082be478bd6c086daa447c4651605818287b9532d3d0bd435?s=96&d=mm&r=g","caption":"Lo viste en Los Pol\u00edticos"},"url":"https:\/\/lospoliticosveracruz.com\/?author=2"}]}},"_links":{"self":[{"href":"https:\/\/lospoliticosveracruz.com\/index.php?rest_route=\/wp\/v2\/posts\/47400","targetHints":{"allow":["GET"]}}],"collection":[{"href":"https:\/\/lospoliticosveracruz.com\/index.php?rest_route=\/wp\/v2\/posts"}],"about":[{"href":"https:\/\/lospoliticosveracruz.com\/index.php?rest_route=\/wp\/v2\/types\/post"}],"author":[{"embeddable":true,"href":"https:\/\/lospoliticosveracruz.com\/index.php?rest_route=\/wp\/v2\/users\/2"}],"replies":[{"embeddable":true,"href":"https:\/\/lospoliticosveracruz.com\/index.php?rest_route=%2Fwp%2Fv2%2Fcomments&post=47400"}],"version-history":[{"count":1,"href":"https:\/\/lospoliticosveracruz.com\/index.php?rest_route=\/wp\/v2\/posts\/47400\/revisions"}],"predecessor-version":[{"id":47402,"href":"https:\/\/lospoliticosveracruz.com\/index.php?rest_route=\/wp\/v2\/posts\/47400\/revisions\/47402"}],"wp:featuredmedia":[{"embeddable":true,"href":"https:\/\/lospoliticosveracruz.com\/index.php?rest_route=\/wp\/v2\/media\/47401"}],"wp:attachment":[{"href":"https:\/\/lospoliticosveracruz.com\/index.php?rest_route=%2Fwp%2Fv2%2Fmedia&parent=47400"}],"wp:term":[{"taxonomy":"category","embeddable":true,"href":"https:\/\/lospoliticosveracruz.com\/index.php?rest_route=%2Fwp%2Fv2%2Fcategories&post=47400"},{"taxonomy":"post_tag","embeddable":true,"href":"https:\/\/lospoliticosveracruz.com\/index.php?rest_route=%2Fwp%2Fv2%2Ftags&post=47400"}],"curies":[{"name":"wp","href":"https:\/\/api.w.org\/{rel}","templated":true}]}}