{"id":47410,"date":"2019-03-18T10:32:48","date_gmt":"2019-03-18T16:32:48","guid":{"rendered":"http:\/\/www.lospoliticosveracruz.com.mx\/?p=47410"},"modified":"2019-03-18T10:32:48","modified_gmt":"2019-03-18T16:32:48","slug":"bloqueos-y-la-lealtad-de-ivan","status":"publish","type":"post","link":"https:\/\/lospoliticosveracruz.com\/?p=47410","title":{"rendered":"Bloqueos y la lealtad de Iv\u00e1n"},"content":{"rendered":"<p><strong>Ricardo Ch\u00faa<\/strong><br \/>\n<em>Sale y Vale<\/em><br \/>\nSIN REMITENTE&#8230; Ya empez\u00f3 a trabajar quien le lleva las cuentas de redes sociales al gobernador, Cuitl\u00e1huac Garc\u00eda&#8230; Ya se ve m\u00e1s movimiento en su twitter, pero tambi\u00e9n empez\u00f3 una pr\u00e1ctica com\u00fan de los funcionarios de MORENA: \u00abFuchi\u00bb a todo al que le cuestiona&#8230; Sea azul, amarillo, verde o naranja&#8230;. La cuenta de Cuitl\u00e1huac empez\u00f3 a bloquear a periodistas que le hacen se\u00f1alamientos&#8230; Lo que tanto critico a PapaYunes, pues, ahora lo pone en pr\u00e1ctica&#8230; Los jugadores cambian, el juego no.. Ni los veo, ni los leo.. GRAVE TEMA&#8230;<\/p>\n<p>Pero ese bloqueo no lo hace Iv\u00e1n Luna&#8230; \u00bfPa qu\u00e9?&#8230; Ya se vio que la operatividad pol\u00edtica-medi\u00e1tica no es lo suyo&#8230; Dec\u00eda un Asesor de MORENA&#8230; que a Luna, el gobernador no lo va a quitar del cargo porque aunque carece de muchas cosas, est\u00e1 probada su LEALTAD hac\u00eda \u00e9l&#8230; Se ir\u00e1 cuando, \u00e9l se vaya aunque esto le cueste su ca\u00edda en su imagen p\u00fablica como mandatario y porque no comunica nada que defina el actual de la investidura que lleva&#8230; Y ni aunque en 2021, Cuitl\u00e1huac Garc\u00eda no salve en nada a MORENA&#8230; No se va&#8230;<\/p>\n<p>Si Luna pr\u00e1ctica la auto-cr\u00edtica&#8230; Algo que deben de hacer los que se dedican a la comunicaci\u00f3n pol\u00edtica&#8230; A estas alturas sabe de sus fallas en esa materia.. Y no precisamente por los convenios publicitarios con medios&#8230; Simplemente en la CRISIS DE COMUNICACI\u00d3N que vive y si tiene que actuar de diferente a lo que est\u00e1 acostumbrado, lo va a tener que hacer&#8230; La presi\u00f3n para su jefe es bastante y no la va a soportar&#8230; Y si, en verdad, le es LEAL&#8230; Va a tener que operar o dejarlo, que es una opci\u00f3n para no da\u00f1arlo&#8230;. Si en verdad le es leal&#8230;<\/p>\n<p>Caso contrario estar\u00edamos hablando de posturas dem\u00e1gogas en el decir y hacer&#8230; A veces hacerse a un lado, cuando no se puede o no se debe estar ah\u00ed, por cualquiera raz\u00f3n, es la mejor manera de mostrar esa LEALTAD&#8230; Y no es \u00abgrilla\u00bb es s\u00f3lo resultados&#8230; Los n\u00fameros no mienten&#8230; La imagen del gobierno est\u00e1 mal ante la clase pensante en Veracruz&#8230; Los programas sociales no ser\u00e1n suficientes&#8230; Vean la historia y lo que le paso a PapaYunes&#8230; Ah\u00ed tienen la respuesta&#8230; Pero Cuitl\u00e1huac no tomar\u00e1 la decisi\u00f3n&#8230; Esa es de Iv\u00e1n Luna&#8230; Por lealtad&#8230;<\/p>\n<p>OJO&#8230; Ah\u00ed va el otro ejemplo&#8230; Ayer en redes sociales tambi\u00e9n tundieron al alcalde de Veracruz, Chiquinando Yunes, por haber ido a participar a una marath\u00f3n a Nueva York&#8230; Lo acusaron de dejar solo a la ciudad cuando est\u00e1 sumida en una crisis de inseguridad.. Pero si el mun\u00edcipe, ve que el gobernador y sus funcionarios estatales no dieron la cara para hablar del tema, hasta la noche del s\u00e1bado cuando fueron a comer hot dog en Tierra Blanca y por 3 d\u00edas no se supo nada de ellos&#8230;\u00bfY qu\u00e9 les pas\u00f3?&#8230; Nada&#8230; \u00bfQu\u00e9 le puede pasar a \u00e9l?&#8230; Nada&#8230;<\/p>\n<p>Si ellos como autoridades ven que en gobierno estatal no pasa nada&#8230; Cuando tus polic\u00edas se rebelan y no pasa&#8230; Que no se enfrentan con bandas fuera de la ley y no pasa nada&#8230; Que hay casos de nepotismo y no pasa nada&#8230; Que alcaldes de MORENA tiene caos en inseguridad y se van a CDMX a recibir premios y no pasa nada, que no pudiste contra Winckler y nadie pago culpas&#8230; Ellos que son de otro partido y no se pelan&#8230; \u00bfLes va a importar qu\u00e9 los ataques?&#8230; Triste caso en Comunicaci\u00f3n Pol\u00edtica&#8230; Tan, Tan.. C\u00f3mo criticas algo que no practicas&#8230;.<\/p>\n<p>EL HORNO NO EST\u00c1 PA BOLLOS&#8230;. A pesar de todo lo sucedido en estos 4 d\u00edas en Veracruz por inseguridad&#8230; Pareciera que el gobierno del Estado no entienden que no hay argumentos para echarle la culpa a \u00abel pasado\u00bb u otros entes de la grave crisis que se vive en esa materia&#8230; De nuevo se volvieron a pelear con Winckler culp\u00e1ndolo de inseguridad y eso \u00bfen qu\u00e9 abona?&#8230; Eric Cisneros, no Cuitl\u00e1huac Garc\u00eda, lo volvi\u00f3 hacer.. En vez de sentarse con \u00e9l para resolver el problemas, pues, no lo hace.. Se vuelve a pelear con \u00e9l&#8230; Pa qu\u00e9.. Sirvi\u00f3 de algo..<\/p>\n<p>Dan percepci\u00f3n que \u00e9l y funcionarios estatales no asumen su responsabilidad para detener la violencia.. Adem\u00e1s es de risa, los argumentos que utilizan (En t\u00e9rminos beisboleros que es deporte oficial de AMLO) porque le \u00abdan base por bola\u00bb al Fiscal y sus \u00abaliados\u00bb para refutarles con raz\u00f3n, que la lucha contra crimen organizado es tema de la Fiscal\u00eda General de la Rep\u00fablica, no de la estatal&#8230; Ah\u00ed s\u00f3lo engrandecen al Winckler y hasta los se\u00f1ala de ineficientes como gobierno estatal&#8230; Pero bueno la violencia sigue y la demogogia siguen&#8230; AMEN&#8230;<\/p>\n<p>UNO&#8230; A todo lo sucedido desde jueves pasado&#8230; Se le tiene que sumar el FEMENICIDIO n\u00famero 50 en el gobierno de Cuitl\u00e1huac Garc\u00eda&#8230; De nuevo una mujer acribillada a tiros, con meses de embarazo&#8230; El evento funesto sucedi\u00f3 en Alamo, de nuevo en el norte de la entidad&#8230; La mujer estaba arriba de un taxi cuando fue acribillada&#8230; Y el colmo es que nadie sabe y nadie supo los motivos&#8230; Pero ah\u00ed est\u00e1 la cifra&#8230;.<\/p>\n<p>DOS&#8230;. El twitter de la se\u00f1ora, Isabel Miranda de Wallace, la presidenta de la Asociaci\u00f3n Civil \u00abAlto al Secuestro\u00bb, lo dice de manera clara y va textual: \u00abEl crecimiento del secuestro en Veracruz es de no creerse, durante los primeros dos meses del 2019 (Gobierno de MORENA-Cuitl\u00e1huac) se registraron 108 casos&#8230; Y en el mismo periodo del 2018, durante el mandato de su acerrimo rival PapaYunes fueron 38&#8230; Es decir, en el primer bimestre del 2019, el secuestro aumento un 184.2 por ciento en comparaci\u00f3n del 2018&#8230;. MOCOS PETRA&#8230;<\/p>\n<p>TRES&#8230;. Los ni\u00f1os no est\u00e1n acudiendo a clases a escuelas p\u00fablicas que est\u00e1n en Tierra Blanca, La Tinaja y Joachin&#8230; A pesar que el secretario de Educaci\u00f3n, Zenyanzen Escobar, diga lo contrario desde el pasado jueves los ni\u00f1os no acuden a estas aulas porque los padres tienen miedo que queden en medio de alg\u00fan enfrentamiento armado y que d\u00edas despu\u00e9s s\u00f3lo se les ocurra pedir una disculpa p\u00fablica&#8230; Si no creen que verifique cuantas aulas cerraron esos d\u00edas&#8230;. Ni los maestros fueron&#8230; Si dice lo contrario entonces MIENTE&#8230;<\/p>\n<p>CUATRO&#8230; En juzgados de Veracruz, pero sobre todo los que est\u00e1n cerca de penales o comandancias de polic\u00edas&#8230; Est\u00e1n en comunicaci\u00f3n con Xalapa todo el d\u00eda&#8230; Los juzgados parecen fortalezas est\u00e1n resguardados por muchos polic\u00edas&#8230; No dejan pasar a nadie sin antes revisarte&#8230; Los jueces tienen miedo y no quieren estar ah\u00ed en su sitio de trabajo&#8230; Cuando salen lo custodian elementos polic\u00edacos hasta sus casas&#8230; Respiran porque hoy no trabajan&#8230; El martirio para ellos, de nuevo, es ma\u00f1ana martes&#8230; Desde el s\u00e1bado se ven estos operativos&#8230;<\/p>\n<p>EL FINAL&#8230; Ya de inseguridad y todo lo que pasa alrededorstado&#8230; No hay m\u00e1s que decir&#8230; Las redes sociales tienen inundado todo sobre el tema&#8230; No podemos abonar m\u00e1s a la crisis&#8230; S\u00f3lo tendremos que se\u00f1alar que el gobierno tiene que garantizar la paz social&#8230; La sociedad voto por un cambio&#8230; No para estar sufriendo lo mismo&#8230; Ya echarle la culpa al pasado, ya no funciona&#8230;. Las victimas son ahora responsabilidad del gobierno de MORENA&#8230; Ojal\u00e1 esto acabe pronto&#8230; AMEN&#8230;<\/p>\n","protected":false},"excerpt":{"rendered":"<p>Ricardo Ch\u00faa Sale y Vale SIN REMITENTE&#8230; Ya empez\u00f3 a trabajar quien le lleva las cuentas de redes sociales al gobernador, Cuitl\u00e1huac Garc\u00eda&#8230; Ya se ve m\u00e1s movimiento en su twitter, pero tambi\u00e9n empez\u00f3 una pr\u00e1ctica com\u00fan de los funcionarios de MORENA: \u00abFuchi\u00bb a todo al que le cuestiona&#8230; Sea azul, amarillo, verde o naranja&#8230;. [&hellip;]<\/p>\n","protected":false},"author":2,"featured_media":47412,"comment_status":"open","ping_status":"open","sticky":false,"template":"","format":"standard","meta":{"tdm_status":"","tdm_grid_status":"","footnotes":""},"categories":[70],"tags":[1563,12299,196,551,195],"class_list":{"0":"post-47410","1":"post","2":"type-post","3":"status-publish","4":"format-standard","5":"has-post-thumbnail","7":"category-de-opinion","8":"tag-cuitlahuac-garcia-jimenez","9":"tag-eric-cisneros-burgos","10":"tag-inseguridad","11":"tag-redes-sociales","12":"tag-veracruz"},"yoast_head":"<!-- This site is optimized with the Yoast SEO plugin v27.4 - https:\/\/yoast.com\/product\/yoast-seo-wordpress\/ -->\n<title>Bloqueos y la lealtad de Iv\u00e1n - Los pol\u00edticos Veracruz<\/title>\n<meta name=\"robots\" content=\"index, follow, max-snippet:-1, max-image-preview:large, max-video-preview:-1\" \/>\n<link rel=\"canonical\" href=\"https:\/\/lospoliticosveracruz.com\/?p=47410\" \/>\n<meta property=\"og:locale\" content=\"es_ES\" \/>\n<meta property=\"og:type\" content=\"article\" \/>\n<meta property=\"og:title\" content=\"Bloqueos y la lealtad de Iv\u00e1n - Los pol\u00edticos Veracruz\" \/>\n<meta property=\"og:description\" content=\"Ricardo Ch\u00faa Sale y Vale SIN REMITENTE&#8230; Ya empez\u00f3 a trabajar quien le lleva las cuentas de redes sociales al gobernador, Cuitl\u00e1huac Garc\u00eda&#8230; Ya se ve m\u00e1s movimiento en su twitter, pero tambi\u00e9n empez\u00f3 una pr\u00e1ctica com\u00fan de los funcionarios de MORENA: \u00abFuchi\u00bb a todo al que le cuestiona&#8230; Sea azul, amarillo, verde o naranja&#8230;. [&hellip;]\" \/>\n<meta property=\"og:url\" content=\"https:\/\/lospoliticosveracruz.com\/?p=47410\" \/>\n<meta property=\"og:site_name\" content=\"Los pol\u00edticos Veracruz\" \/>\n<meta property=\"article:publisher\" content=\"https:\/\/www.facebook.com\/people\/Notimemes-de-los-Polticos\/61565672886568\/\" \/>\n<meta property=\"article:published_time\" content=\"2019-03-18T16:32:48+00:00\" \/>\n<meta property=\"og:image\" content=\"https:\/\/lospoliticosveracruz.com\/wp-content\/uploads\/2019\/03\/Cuic-bloqueo.jpg\" \/>\n\t<meta property=\"og:image:width\" content=\"600\" \/>\n\t<meta property=\"og:image:height\" content=\"450\" \/>\n\t<meta property=\"og:image:type\" content=\"image\/jpeg\" \/>\n<meta name=\"author\" content=\"Lo viste en Los Pol\u00edticos\" \/>\n<meta name=\"twitter:card\" content=\"summary_large_image\" \/>\n<meta name=\"twitter:creator\" content=\"@LosPoliticosVer\" \/>\n<meta name=\"twitter:site\" content=\"@LosPoliticosVer\" \/>\n<meta name=\"twitter:label1\" content=\"Escrito por\" \/>\n\t<meta name=\"twitter:data1\" content=\"Lo viste en Los Pol\u00edticos\" \/>\n\t<meta name=\"twitter:label2\" content=\"Tiempo de lectura\" \/>\n\t<meta name=\"twitter:data2\" content=\"6 minutos\" \/>\n<script type=\"application\/ld+json\" class=\"yoast-schema-graph\">{\"@context\":\"https:\\\/\\\/schema.org\",\"@graph\":[{\"@type\":\"Article\",\"@id\":\"https:\\\/\\\/lospoliticosveracruz.com\\\/?p=47410#article\",\"isPartOf\":{\"@id\":\"https:\\\/\\\/lospoliticosveracruz.com\\\/?p=47410\"},\"author\":{\"name\":\"Lo viste en Los Pol\u00edticos\",\"@id\":\"https:\\\/\\\/lospoliticosveracruz.com\\\/#\\\/schema\\\/person\\\/b8702bb0e538456e6efd07080bf2a4a2\"},\"headline\":\"Bloqueos y la lealtad de Iv\u00e1n\",\"datePublished\":\"2019-03-18T16:32:48+00:00\",\"mainEntityOfPage\":{\"@id\":\"https:\\\/\\\/lospoliticosveracruz.com\\\/?p=47410\"},\"wordCount\":1289,\"commentCount\":0,\"publisher\":{\"@id\":\"https:\\\/\\\/lospoliticosveracruz.com\\\/#organization\"},\"image\":{\"@id\":\"https:\\\/\\\/lospoliticosveracruz.com\\\/?p=47410#primaryimage\"},\"thumbnailUrl\":\"https:\\\/\\\/lospoliticosveracruz.com\\\/wp-content\\\/uploads\\\/2019\\\/03\\\/Cuic-bloqueo.jpg\",\"keywords\":[\"Cuitl\u00e1huac Garc\u00eda Jim\u00e9nez\",\"Eric Cisneros Burgos\",\"inseguridad\",\"redes sociales\",\"Veracruz\"],\"articleSection\":[\"De Opini\u00f3n\"],\"inLanguage\":\"es\",\"potentialAction\":[{\"@type\":\"CommentAction\",\"name\":\"Comment\",\"target\":[\"https:\\\/\\\/lospoliticosveracruz.com\\\/?p=47410#respond\"]}]},{\"@type\":\"WebPage\",\"@id\":\"https:\\\/\\\/lospoliticosveracruz.com\\\/?p=47410\",\"url\":\"https:\\\/\\\/lospoliticosveracruz.com\\\/?p=47410\",\"name\":\"Bloqueos y la lealtad de Iv\u00e1n - Los pol\u00edticos Veracruz\",\"isPartOf\":{\"@id\":\"https:\\\/\\\/lospoliticosveracruz.com\\\/#website\"},\"primaryImageOfPage\":{\"@id\":\"https:\\\/\\\/lospoliticosveracruz.com\\\/?p=47410#primaryimage\"},\"image\":{\"@id\":\"https:\\\/\\\/lospoliticosveracruz.com\\\/?p=47410#primaryimage\"},\"thumbnailUrl\":\"https:\\\/\\\/lospoliticosveracruz.com\\\/wp-content\\\/uploads\\\/2019\\\/03\\\/Cuic-bloqueo.jpg\",\"datePublished\":\"2019-03-18T16:32:48+00:00\",\"breadcrumb\":{\"@id\":\"https:\\\/\\\/lospoliticosveracruz.com\\\/?p=47410#breadcrumb\"},\"inLanguage\":\"es\",\"potentialAction\":[{\"@type\":\"ReadAction\",\"target\":[\"https:\\\/\\\/lospoliticosveracruz.com\\\/?p=47410\"]}]},{\"@type\":\"ImageObject\",\"inLanguage\":\"es\",\"@id\":\"https:\\\/\\\/lospoliticosveracruz.com\\\/?p=47410#primaryimage\",\"url\":\"https:\\\/\\\/lospoliticosveracruz.com\\\/wp-content\\\/uploads\\\/2019\\\/03\\\/Cuic-bloqueo.jpg\",\"contentUrl\":\"https:\\\/\\\/lospoliticosveracruz.com\\\/wp-content\\\/uploads\\\/2019\\\/03\\\/Cuic-bloqueo.jpg\",\"width\":600,\"height\":450},{\"@type\":\"BreadcrumbList\",\"@id\":\"https:\\\/\\\/lospoliticosveracruz.com\\\/?p=47410#breadcrumb\",\"itemListElement\":[{\"@type\":\"ListItem\",\"position\":1,\"name\":\"Portada\",\"item\":\"https:\\\/\\\/lospoliticosveracruz.com\\\/\"},{\"@type\":\"ListItem\",\"position\":2,\"name\":\"Bloqueos y la lealtad de Iv\u00e1n\"}]},{\"@type\":\"WebSite\",\"@id\":\"https:\\\/\\\/lospoliticosveracruz.com\\\/#website\",\"url\":\"https:\\\/\\\/lospoliticosveracruz.com\\\/\",\"name\":\"Los pol\u00edticos Veracruz\",\"description\":\"\",\"publisher\":{\"@id\":\"https:\\\/\\\/lospoliticosveracruz.com\\\/#organization\"},\"potentialAction\":[{\"@type\":\"SearchAction\",\"target\":{\"@type\":\"EntryPoint\",\"urlTemplate\":\"https:\\\/\\\/lospoliticosveracruz.com\\\/?s={search_term_string}\"},\"query-input\":{\"@type\":\"PropertyValueSpecification\",\"valueRequired\":true,\"valueName\":\"search_term_string\"}}],\"inLanguage\":\"es\"},{\"@type\":\"Organization\",\"@id\":\"https:\\\/\\\/lospoliticosveracruz.com\\\/#organization\",\"name\":\"Los pol\u00edticos Veracruz\",\"url\":\"https:\\\/\\\/lospoliticosveracruz.com\\\/\",\"logo\":{\"@type\":\"ImageObject\",\"inLanguage\":\"es\",\"@id\":\"https:\\\/\\\/lospoliticosveracruz.com\\\/#\\\/schema\\\/logo\\\/image\\\/\",\"url\":\"https:\\\/\\\/lospoliticosveracruz.com\\\/wp-content\\\/uploads\\\/2025\\\/12\\\/Logo-Nuevo-LOS-POLITICOS-1.jpg\",\"contentUrl\":\"https:\\\/\\\/lospoliticosveracruz.com\\\/wp-content\\\/uploads\\\/2025\\\/12\\\/Logo-Nuevo-LOS-POLITICOS-1.jpg\",\"width\":260,\"height\":70,\"caption\":\"Los pol\u00edticos Veracruz\"},\"image\":{\"@id\":\"https:\\\/\\\/lospoliticosveracruz.com\\\/#\\\/schema\\\/logo\\\/image\\\/\"},\"sameAs\":[\"https:\\\/\\\/www.facebook.com\\\/people\\\/Notimemes-de-los-Polticos\\\/61565672886568\\\/\",\"https:\\\/\\\/x.com\\\/LosPoliticosVer\"]},{\"@type\":\"Person\",\"@id\":\"https:\\\/\\\/lospoliticosveracruz.com\\\/#\\\/schema\\\/person\\\/b8702bb0e538456e6efd07080bf2a4a2\",\"name\":\"Lo viste en Los Pol\u00edticos\",\"image\":{\"@type\":\"ImageObject\",\"inLanguage\":\"es\",\"@id\":\"https:\\\/\\\/secure.gravatar.com\\\/avatar\\\/3a8de04a2656d44082be478bd6c086daa447c4651605818287b9532d3d0bd435?s=96&d=mm&r=g\",\"url\":\"https:\\\/\\\/secure.gravatar.com\\\/avatar\\\/3a8de04a2656d44082be478bd6c086daa447c4651605818287b9532d3d0bd435?s=96&d=mm&r=g\",\"contentUrl\":\"https:\\\/\\\/secure.gravatar.com\\\/avatar\\\/3a8de04a2656d44082be478bd6c086daa447c4651605818287b9532d3d0bd435?s=96&d=mm&r=g\",\"caption\":\"Lo viste en Los Pol\u00edticos\"},\"url\":\"https:\\\/\\\/lospoliticosveracruz.com\\\/?author=2\"}]}<\/script>\n<!-- \/ Yoast SEO plugin. -->","yoast_head_json":{"title":"Bloqueos y la lealtad de Iv\u00e1n - Los pol\u00edticos Veracruz","robots":{"index":"index","follow":"follow","max-snippet":"max-snippet:-1","max-image-preview":"max-image-preview:large","max-video-preview":"max-video-preview:-1"},"canonical":"https:\/\/lospoliticosveracruz.com\/?p=47410","og_locale":"es_ES","og_type":"article","og_title":"Bloqueos y la lealtad de Iv\u00e1n - Los pol\u00edticos Veracruz","og_description":"Ricardo Ch\u00faa Sale y Vale SIN REMITENTE&#8230; Ya empez\u00f3 a trabajar quien le lleva las cuentas de redes sociales al gobernador, Cuitl\u00e1huac Garc\u00eda&#8230; Ya se ve m\u00e1s movimiento en su twitter, pero tambi\u00e9n empez\u00f3 una pr\u00e1ctica com\u00fan de los funcionarios de MORENA: \u00abFuchi\u00bb a todo al que le cuestiona&#8230; Sea azul, amarillo, verde o naranja&#8230;. [&hellip;]","og_url":"https:\/\/lospoliticosveracruz.com\/?p=47410","og_site_name":"Los pol\u00edticos Veracruz","article_publisher":"https:\/\/www.facebook.com\/people\/Notimemes-de-los-Polticos\/61565672886568\/","article_published_time":"2019-03-18T16:32:48+00:00","og_image":[{"width":600,"height":450,"url":"https:\/\/lospoliticosveracruz.com\/wp-content\/uploads\/2019\/03\/Cuic-bloqueo.jpg","type":"image\/jpeg"}],"author":"Lo viste en Los Pol\u00edticos","twitter_card":"summary_large_image","twitter_creator":"@LosPoliticosVer","twitter_site":"@LosPoliticosVer","twitter_misc":{"Escrito por":"Lo viste en Los Pol\u00edticos","Tiempo de lectura":"6 minutos"},"schema":{"@context":"https:\/\/schema.org","@graph":[{"@type":"Article","@id":"https:\/\/lospoliticosveracruz.com\/?p=47410#article","isPartOf":{"@id":"https:\/\/lospoliticosveracruz.com\/?p=47410"},"author":{"name":"Lo viste en Los Pol\u00edticos","@id":"https:\/\/lospoliticosveracruz.com\/#\/schema\/person\/b8702bb0e538456e6efd07080bf2a4a2"},"headline":"Bloqueos y la lealtad de Iv\u00e1n","datePublished":"2019-03-18T16:32:48+00:00","mainEntityOfPage":{"@id":"https:\/\/lospoliticosveracruz.com\/?p=47410"},"wordCount":1289,"commentCount":0,"publisher":{"@id":"https:\/\/lospoliticosveracruz.com\/#organization"},"image":{"@id":"https:\/\/lospoliticosveracruz.com\/?p=47410#primaryimage"},"thumbnailUrl":"https:\/\/lospoliticosveracruz.com\/wp-content\/uploads\/2019\/03\/Cuic-bloqueo.jpg","keywords":["Cuitl\u00e1huac Garc\u00eda Jim\u00e9nez","Eric Cisneros Burgos","inseguridad","redes sociales","Veracruz"],"articleSection":["De Opini\u00f3n"],"inLanguage":"es","potentialAction":[{"@type":"CommentAction","name":"Comment","target":["https:\/\/lospoliticosveracruz.com\/?p=47410#respond"]}]},{"@type":"WebPage","@id":"https:\/\/lospoliticosveracruz.com\/?p=47410","url":"https:\/\/lospoliticosveracruz.com\/?p=47410","name":"Bloqueos y la lealtad de Iv\u00e1n - Los pol\u00edticos Veracruz","isPartOf":{"@id":"https:\/\/lospoliticosveracruz.com\/#website"},"primaryImageOfPage":{"@id":"https:\/\/lospoliticosveracruz.com\/?p=47410#primaryimage"},"image":{"@id":"https:\/\/lospoliticosveracruz.com\/?p=47410#primaryimage"},"thumbnailUrl":"https:\/\/lospoliticosveracruz.com\/wp-content\/uploads\/2019\/03\/Cuic-bloqueo.jpg","datePublished":"2019-03-18T16:32:48+00:00","breadcrumb":{"@id":"https:\/\/lospoliticosveracruz.com\/?p=47410#breadcrumb"},"inLanguage":"es","potentialAction":[{"@type":"ReadAction","target":["https:\/\/lospoliticosveracruz.com\/?p=47410"]}]},{"@type":"ImageObject","inLanguage":"es","@id":"https:\/\/lospoliticosveracruz.com\/?p=47410#primaryimage","url":"https:\/\/lospoliticosveracruz.com\/wp-content\/uploads\/2019\/03\/Cuic-bloqueo.jpg","contentUrl":"https:\/\/lospoliticosveracruz.com\/wp-content\/uploads\/2019\/03\/Cuic-bloqueo.jpg","width":600,"height":450},{"@type":"BreadcrumbList","@id":"https:\/\/lospoliticosveracruz.com\/?p=47410#breadcrumb","itemListElement":[{"@type":"ListItem","position":1,"name":"Portada","item":"https:\/\/lospoliticosveracruz.com\/"},{"@type":"ListItem","position":2,"name":"Bloqueos y la lealtad de Iv\u00e1n"}]},{"@type":"WebSite","@id":"https:\/\/lospoliticosveracruz.com\/#website","url":"https:\/\/lospoliticosveracruz.com\/","name":"Los pol\u00edticos Veracruz","description":"","publisher":{"@id":"https:\/\/lospoliticosveracruz.com\/#organization"},"potentialAction":[{"@type":"SearchAction","target":{"@type":"EntryPoint","urlTemplate":"https:\/\/lospoliticosveracruz.com\/?s={search_term_string}"},"query-input":{"@type":"PropertyValueSpecification","valueRequired":true,"valueName":"search_term_string"}}],"inLanguage":"es"},{"@type":"Organization","@id":"https:\/\/lospoliticosveracruz.com\/#organization","name":"Los pol\u00edticos Veracruz","url":"https:\/\/lospoliticosveracruz.com\/","logo":{"@type":"ImageObject","inLanguage":"es","@id":"https:\/\/lospoliticosveracruz.com\/#\/schema\/logo\/image\/","url":"https:\/\/lospoliticosveracruz.com\/wp-content\/uploads\/2025\/12\/Logo-Nuevo-LOS-POLITICOS-1.jpg","contentUrl":"https:\/\/lospoliticosveracruz.com\/wp-content\/uploads\/2025\/12\/Logo-Nuevo-LOS-POLITICOS-1.jpg","width":260,"height":70,"caption":"Los pol\u00edticos Veracruz"},"image":{"@id":"https:\/\/lospoliticosveracruz.com\/#\/schema\/logo\/image\/"},"sameAs":["https:\/\/www.facebook.com\/people\/Notimemes-de-los-Polticos\/61565672886568\/","https:\/\/x.com\/LosPoliticosVer"]},{"@type":"Person","@id":"https:\/\/lospoliticosveracruz.com\/#\/schema\/person\/b8702bb0e538456e6efd07080bf2a4a2","name":"Lo viste en Los Pol\u00edticos","image":{"@type":"ImageObject","inLanguage":"es","@id":"https:\/\/secure.gravatar.com\/avatar\/3a8de04a2656d44082be478bd6c086daa447c4651605818287b9532d3d0bd435?s=96&d=mm&r=g","url":"https:\/\/secure.gravatar.com\/avatar\/3a8de04a2656d44082be478bd6c086daa447c4651605818287b9532d3d0bd435?s=96&d=mm&r=g","contentUrl":"https:\/\/secure.gravatar.com\/avatar\/3a8de04a2656d44082be478bd6c086daa447c4651605818287b9532d3d0bd435?s=96&d=mm&r=g","caption":"Lo viste en Los Pol\u00edticos"},"url":"https:\/\/lospoliticosveracruz.com\/?author=2"}]}},"_links":{"self":[{"href":"https:\/\/lospoliticosveracruz.com\/index.php?rest_route=\/wp\/v2\/posts\/47410","targetHints":{"allow":["GET"]}}],"collection":[{"href":"https:\/\/lospoliticosveracruz.com\/index.php?rest_route=\/wp\/v2\/posts"}],"about":[{"href":"https:\/\/lospoliticosveracruz.com\/index.php?rest_route=\/wp\/v2\/types\/post"}],"author":[{"embeddable":true,"href":"https:\/\/lospoliticosveracruz.com\/index.php?rest_route=\/wp\/v2\/users\/2"}],"replies":[{"embeddable":true,"href":"https:\/\/lospoliticosveracruz.com\/index.php?rest_route=%2Fwp%2Fv2%2Fcomments&post=47410"}],"version-history":[{"count":2,"href":"https:\/\/lospoliticosveracruz.com\/index.php?rest_route=\/wp\/v2\/posts\/47410\/revisions"}],"predecessor-version":[{"id":47413,"href":"https:\/\/lospoliticosveracruz.com\/index.php?rest_route=\/wp\/v2\/posts\/47410\/revisions\/47413"}],"wp:featuredmedia":[{"embeddable":true,"href":"https:\/\/lospoliticosveracruz.com\/index.php?rest_route=\/wp\/v2\/media\/47412"}],"wp:attachment":[{"href":"https:\/\/lospoliticosveracruz.com\/index.php?rest_route=%2Fwp%2Fv2%2Fmedia&parent=47410"}],"wp:term":[{"taxonomy":"category","embeddable":true,"href":"https:\/\/lospoliticosveracruz.com\/index.php?rest_route=%2Fwp%2Fv2%2Fcategories&post=47410"},{"taxonomy":"post_tag","embeddable":true,"href":"https:\/\/lospoliticosveracruz.com\/index.php?rest_route=%2Fwp%2Fv2%2Ftags&post=47410"}],"curies":[{"name":"wp","href":"https:\/\/api.w.org\/{rel}","templated":true}]}}