{"id":47465,"date":"2019-03-20T22:55:41","date_gmt":"2019-03-21T04:55:41","guid":{"rendered":"http:\/\/www.lospoliticosveracruz.com.mx\/?p=47465"},"modified":"2019-03-20T19:26:51","modified_gmt":"2019-03-21T01:26:51","slug":"revocacion-de-inmediato","status":"publish","type":"post","link":"https:\/\/lospoliticosveracruz.com\/?p=47465","title":{"rendered":"Revocaci\u00f3n \u00a1de inmediato!"},"content":{"rendered":"<p><strong>Salvador Mu\u00f1oz<\/strong><\/p>\n<p><em>Los Pol\u00edticos<\/em><\/p>\n<p><span style=\"font-weight: 400;\">Tiburones o Revocaci\u00f3n de Mandato, he ah\u00ed el dilema a la hora de escribir estas l\u00edneas\u2026 s\u00ed, no le voy a los escualos ni me llevo con Fidel Kuri Grajales, y quiz\u00e1s eso pudiera darme m\u00e1s licencia para dar una opini\u00f3n ajena a colores y filias\u2026 por eso considero que pagar m\u00e1s de cien millones de pesos por la permanencia en el m\u00e1ximo circuito se me hace una ofensa tanto para los equipos que se han partido la m\u00e1user al igual que los Tiburones (aunque \u00e9stos sin \u00e9xito) para no descender, como para el aficionado\u2026 si bien es una soluci\u00f3n que est\u00e1 permitida en el reglamento de la Femexfut, le quita a la justa deportiva el valor de ganar un lugar y hasta de perderlo, bajo una tesis simple\u2026 con dinero, todo se puede\u2026 creo que mejor platicamos de la Revocaci\u00f3n de Mandato.<\/span><\/p>\n<p><span style=\"font-weight: 400;\">En lo particular, la Revocaci\u00f3n de Mandato es una excelente oportunidad democr\u00e1tica para que los ciudadanos manden a la tiznada a un mal representante popular, visto \u00e9ste como el Presidente de la Rep\u00fablica, un Gobernador, un alcalde, y de paso, por qu\u00e9 no, diputados federales y locales as\u00ed como senadores.<\/span><\/p>\n<p><span style=\"font-weight: 400;\">Quiero enfatizar dos cosas respecto al p\u00e1rrafo anterior:<\/span><\/p>\n<p><span style=\"font-weight: 400;\">La primera) La oportunidad de los ciudadanos.<\/span><\/p>\n<p><span style=\"font-weight: 400;\">S\u00ed, la Revocaci\u00f3n debe ser una facultad de la sociedad al considerar y sea evidente que sus representantes populares incurren en actos de corrupci\u00f3n o ineptitud en la funci\u00f3n desempe\u00f1ada, as\u00ed como el incumplimiento de promesas de campa\u00f1a, pues por eso se vot\u00f3 por ellos. La Revocaci\u00f3n de Mandato debe emanar de la sociedad, no de la autoridad en turno.<\/span><\/p>\n<p><span style=\"font-weight: 400;\">Repito: Oportunidad para los ciudadanos, no para nuestros representantes populares, porque si no, en lugar de Revocaci\u00f3n, mejor le ponemos Ratificaci\u00f3n.<\/span><\/p>\n<p><span style=\"font-weight: 400;\">La segunda) Meto a todos los que de alg\u00fan modo u otro, llegaron a trav\u00e9s del voto, incluido los Pluris, porque ellos tambi\u00e9n son consecuencia de un sufragio, sea a favor o en contra de su partido.<\/span><\/p>\n<p><span style=\"font-weight: 400;\">Hasta este momento, tengo muy en claro esto que les platico de la Revocaci\u00f3n de Mandato\u2026 lo que me genera dudas es el tiempo que la sociedad tiene que esperar para que se lleve a cabo este proceso democr\u00e1tico\u2026 porque es seguro que muchos xalape\u00f1os podr\u00edan decir \u201c\u00a1Ya! \u00a1Revocaci\u00f3n de inmediato (que no de mandato) para Hip\u00f3lito!\u201d por considerar que su trabajo es ineficiente, quiz\u00e1s que por los baches, por la falta de cumplimiento de sus propuestas de campa\u00f1a (internet en toda la ciudad\u2026 jejeje; y la que m\u00e1s me interesaba: la separaci\u00f3n de basura y un nuevo sistema de recolecci\u00f3n), la ausencia de una polic\u00eda municipal (las unidades las manejan otras instancias de Seguridad), ineptitud al tener que devolver recursos no utilizados y lo que usted quiera agregar\u2026 no s\u00e9 en Coatzacoalcos qu\u00e9 digan sus habitantes, o los porte\u00f1os, o los orizabe\u00f1os, o los misantecos\u2026 o la ciudad que usted quiera\u2026 el asunto es que al menos estas autoridades, ya llevan m\u00e1s de un a\u00f1o ejerciendo\u2026 \u00bfse tendr\u00eda que esperar a un proceso electoral intermedio para poner en marcha la Revocaci\u00f3n de Mandato? \u00bfse tendr\u00eda que esperar la media de su administraci\u00f3n para actuar?<\/span><\/p>\n<p><span style=\"font-weight: 400;\">\u00a1Ah! Esperen, d\u00e9jenme que les rompa el coraz\u00f3n\u2026<\/span><\/p>\n<p><span style=\"font-weight: 400;\">No soy docto en Derecho ni nada parecido, pero si acaso se hiciera realidad la Revocaci\u00f3n de Mandato, en cualesquiera de los t\u00e9rminos, ajustes, apretones de tuerca y dem\u00e1s que se dieran en el Congreso de la Uni\u00f3n, tengo una duda todav\u00eda m\u00e1s enorme: \u00bfse har\u00e1 patente eso de la No Retroactividad de la Ley? Es decir, no se aplicar\u00eda al Presidente, Gobernador, alcaldes, diputados y senadores actuales.<\/span><\/p>\n<p><span style=\"font-weight: 400;\">Bueno, eso me lleva a otra duda\u2026 entonces, \u00a1qu\u00e9 chiste! \u00a1Ah! Pero si los Tiburones que est\u00e1n en el descenso, pueden seguir en el M\u00e1ximo Circuito, \u00bfpor qu\u00e9 no dictar que la Revocaci\u00f3n de Mandato puede surtir efecto en las autoridades que ya ejecutan administraciones?<\/span><\/p>\n<p><span style=\"font-weight: 400;\">Como sea, la Revocaci\u00f3n de Mandato es una excelente oportunidad democr\u00e1tica para que los ciudadanos podamos mandar a la tiznada a quien no est\u00e9 haciendo bien su trabajo\u2026 \u00a1l\u00e1stima que los veracruzanos o la Femexfut no pueda hacer la Revocaci\u00f3n de Mandato en el due\u00f1o de los Tiburones!<\/span><\/p>\n<p>&nbsp;<\/p>\n<p><span style=\"font-weight: 400;\">smcainito@gmail.com<\/span><\/p>\n<p>&nbsp;<\/p>\n","protected":false},"excerpt":{"rendered":"<p>Salvador Mu\u00f1oz Los Pol\u00edticos Tiburones o Revocaci\u00f3n de Mandato, he ah\u00ed el dilema a la hora de escribir estas l\u00edneas\u2026 s\u00ed, no le voy a los escualos ni me llevo con Fidel Kuri Grajales, y quiz\u00e1s eso pudiera darme m\u00e1s licencia para dar una opini\u00f3n ajena a colores y filias\u2026 por eso considero que pagar [&hellip;]<\/p>\n","protected":false},"author":2,"featured_media":47466,"comment_status":"open","ping_status":"open","sticky":false,"template":"","format":"standard","meta":{"tdm_status":"","tdm_grid_status":"","footnotes":""},"categories":[70],"tags":[7620,12694,14240,2646,4239,195],"class_list":{"0":"post-47465","1":"post","2":"type-post","3":"status-publish","4":"format-standard","5":"has-post-thumbnail","7":"category-de-opinion","8":"tag-hipolito-rodriguez-herrero","9":"tag-presidente-de-la-republica","10":"tag-revocacion-de-mandato","11":"tag-salvador-munoz","12":"tag-tiburones","13":"tag-veracruz"},"yoast_head":"<!-- This site is optimized with the Yoast SEO plugin v27.4 - https:\/\/yoast.com\/product\/yoast-seo-wordpress\/ -->\n<title>Revocaci\u00f3n \u00a1de inmediato! - Los pol\u00edticos Veracruz<\/title>\n<meta name=\"robots\" content=\"index, follow, max-snippet:-1, max-image-preview:large, max-video-preview:-1\" \/>\n<link rel=\"canonical\" href=\"https:\/\/lospoliticosveracruz.com\/?p=47465\" \/>\n<meta property=\"og:locale\" content=\"es_ES\" \/>\n<meta property=\"og:type\" content=\"article\" \/>\n<meta property=\"og:title\" content=\"Revocaci\u00f3n \u00a1de inmediato! - Los pol\u00edticos Veracruz\" \/>\n<meta property=\"og:description\" content=\"Salvador Mu\u00f1oz Los Pol\u00edticos Tiburones o Revocaci\u00f3n de Mandato, he ah\u00ed el dilema a la hora de escribir estas l\u00edneas\u2026 s\u00ed, no le voy a los escualos ni me llevo con Fidel Kuri Grajales, y quiz\u00e1s eso pudiera darme m\u00e1s licencia para dar una opini\u00f3n ajena a colores y filias\u2026 por eso considero que pagar [&hellip;]\" \/>\n<meta property=\"og:url\" content=\"https:\/\/lospoliticosveracruz.com\/?p=47465\" \/>\n<meta property=\"og:site_name\" content=\"Los pol\u00edticos Veracruz\" \/>\n<meta property=\"article:publisher\" content=\"https:\/\/www.facebook.com\/people\/Notimemes-de-los-Polticos\/61565672886568\/\" \/>\n<meta property=\"article:published_time\" content=\"2019-03-21T04:55:41+00:00\" \/>\n<meta property=\"og:image\" content=\"https:\/\/lospoliticosveracruz.com\/wp-content\/uploads\/2019\/03\/Revocar1.jpg\" \/>\n\t<meta property=\"og:image:width\" content=\"600\" \/>\n\t<meta property=\"og:image:height\" content=\"328\" \/>\n\t<meta property=\"og:image:type\" content=\"image\/jpeg\" \/>\n<meta name=\"author\" content=\"Lo viste en Los Pol\u00edticos\" \/>\n<meta name=\"twitter:card\" content=\"summary_large_image\" \/>\n<meta name=\"twitter:creator\" content=\"@LosPoliticosVer\" \/>\n<meta name=\"twitter:site\" content=\"@LosPoliticosVer\" \/>\n<meta name=\"twitter:label1\" content=\"Escrito por\" \/>\n\t<meta name=\"twitter:data1\" content=\"Lo viste en Los Pol\u00edticos\" \/>\n\t<meta name=\"twitter:label2\" content=\"Tiempo de lectura\" \/>\n\t<meta name=\"twitter:data2\" content=\"4 minutos\" \/>\n<script type=\"application\/ld+json\" class=\"yoast-schema-graph\">{\"@context\":\"https:\\\/\\\/schema.org\",\"@graph\":[{\"@type\":\"Article\",\"@id\":\"https:\\\/\\\/lospoliticosveracruz.com\\\/?p=47465#article\",\"isPartOf\":{\"@id\":\"https:\\\/\\\/lospoliticosveracruz.com\\\/?p=47465\"},\"author\":{\"name\":\"Lo viste en Los Pol\u00edticos\",\"@id\":\"https:\\\/\\\/lospoliticosveracruz.com\\\/#\\\/schema\\\/person\\\/b8702bb0e538456e6efd07080bf2a4a2\"},\"headline\":\"Revocaci\u00f3n \u00a1de inmediato!\",\"datePublished\":\"2019-03-21T04:55:41+00:00\",\"mainEntityOfPage\":{\"@id\":\"https:\\\/\\\/lospoliticosveracruz.com\\\/?p=47465\"},\"wordCount\":767,\"commentCount\":0,\"publisher\":{\"@id\":\"https:\\\/\\\/lospoliticosveracruz.com\\\/#organization\"},\"image\":{\"@id\":\"https:\\\/\\\/lospoliticosveracruz.com\\\/?p=47465#primaryimage\"},\"thumbnailUrl\":\"https:\\\/\\\/lospoliticosveracruz.com\\\/wp-content\\\/uploads\\\/2019\\\/03\\\/Revocar1.jpg\",\"keywords\":[\"Hip\u00f3lito Rodr\u00edguez Herrero\",\"Presidente de la Rep\u00fablica\",\"Revocaci\u00f3n de Mandato\",\"Salvador Mu\u00f1oz\",\"Tiburones\",\"Veracruz\"],\"articleSection\":[\"De Opini\u00f3n\"],\"inLanguage\":\"es\",\"potentialAction\":[{\"@type\":\"CommentAction\",\"name\":\"Comment\",\"target\":[\"https:\\\/\\\/lospoliticosveracruz.com\\\/?p=47465#respond\"]}]},{\"@type\":\"WebPage\",\"@id\":\"https:\\\/\\\/lospoliticosveracruz.com\\\/?p=47465\",\"url\":\"https:\\\/\\\/lospoliticosveracruz.com\\\/?p=47465\",\"name\":\"Revocaci\u00f3n \u00a1de inmediato! - Los pol\u00edticos Veracruz\",\"isPartOf\":{\"@id\":\"https:\\\/\\\/lospoliticosveracruz.com\\\/#website\"},\"primaryImageOfPage\":{\"@id\":\"https:\\\/\\\/lospoliticosveracruz.com\\\/?p=47465#primaryimage\"},\"image\":{\"@id\":\"https:\\\/\\\/lospoliticosveracruz.com\\\/?p=47465#primaryimage\"},\"thumbnailUrl\":\"https:\\\/\\\/lospoliticosveracruz.com\\\/wp-content\\\/uploads\\\/2019\\\/03\\\/Revocar1.jpg\",\"datePublished\":\"2019-03-21T04:55:41+00:00\",\"breadcrumb\":{\"@id\":\"https:\\\/\\\/lospoliticosveracruz.com\\\/?p=47465#breadcrumb\"},\"inLanguage\":\"es\",\"potentialAction\":[{\"@type\":\"ReadAction\",\"target\":[\"https:\\\/\\\/lospoliticosveracruz.com\\\/?p=47465\"]}]},{\"@type\":\"ImageObject\",\"inLanguage\":\"es\",\"@id\":\"https:\\\/\\\/lospoliticosveracruz.com\\\/?p=47465#primaryimage\",\"url\":\"https:\\\/\\\/lospoliticosveracruz.com\\\/wp-content\\\/uploads\\\/2019\\\/03\\\/Revocar1.jpg\",\"contentUrl\":\"https:\\\/\\\/lospoliticosveracruz.com\\\/wp-content\\\/uploads\\\/2019\\\/03\\\/Revocar1.jpg\",\"width\":600,\"height\":328},{\"@type\":\"BreadcrumbList\",\"@id\":\"https:\\\/\\\/lospoliticosveracruz.com\\\/?p=47465#breadcrumb\",\"itemListElement\":[{\"@type\":\"ListItem\",\"position\":1,\"name\":\"Portada\",\"item\":\"https:\\\/\\\/lospoliticosveracruz.com\\\/\"},{\"@type\":\"ListItem\",\"position\":2,\"name\":\"Revocaci\u00f3n \u00a1de inmediato!\"}]},{\"@type\":\"WebSite\",\"@id\":\"https:\\\/\\\/lospoliticosveracruz.com\\\/#website\",\"url\":\"https:\\\/\\\/lospoliticosveracruz.com\\\/\",\"name\":\"Los pol\u00edticos Veracruz\",\"description\":\"\",\"publisher\":{\"@id\":\"https:\\\/\\\/lospoliticosveracruz.com\\\/#organization\"},\"potentialAction\":[{\"@type\":\"SearchAction\",\"target\":{\"@type\":\"EntryPoint\",\"urlTemplate\":\"https:\\\/\\\/lospoliticosveracruz.com\\\/?s={search_term_string}\"},\"query-input\":{\"@type\":\"PropertyValueSpecification\",\"valueRequired\":true,\"valueName\":\"search_term_string\"}}],\"inLanguage\":\"es\"},{\"@type\":\"Organization\",\"@id\":\"https:\\\/\\\/lospoliticosveracruz.com\\\/#organization\",\"name\":\"Los pol\u00edticos Veracruz\",\"url\":\"https:\\\/\\\/lospoliticosveracruz.com\\\/\",\"logo\":{\"@type\":\"ImageObject\",\"inLanguage\":\"es\",\"@id\":\"https:\\\/\\\/lospoliticosveracruz.com\\\/#\\\/schema\\\/logo\\\/image\\\/\",\"url\":\"https:\\\/\\\/lospoliticosveracruz.com\\\/wp-content\\\/uploads\\\/2025\\\/12\\\/Logo-Nuevo-LOS-POLITICOS-1.jpg\",\"contentUrl\":\"https:\\\/\\\/lospoliticosveracruz.com\\\/wp-content\\\/uploads\\\/2025\\\/12\\\/Logo-Nuevo-LOS-POLITICOS-1.jpg\",\"width\":260,\"height\":70,\"caption\":\"Los pol\u00edticos Veracruz\"},\"image\":{\"@id\":\"https:\\\/\\\/lospoliticosveracruz.com\\\/#\\\/schema\\\/logo\\\/image\\\/\"},\"sameAs\":[\"https:\\\/\\\/www.facebook.com\\\/people\\\/Notimemes-de-los-Polticos\\\/61565672886568\\\/\",\"https:\\\/\\\/x.com\\\/LosPoliticosVer\"]},{\"@type\":\"Person\",\"@id\":\"https:\\\/\\\/lospoliticosveracruz.com\\\/#\\\/schema\\\/person\\\/b8702bb0e538456e6efd07080bf2a4a2\",\"name\":\"Lo viste en Los Pol\u00edticos\",\"image\":{\"@type\":\"ImageObject\",\"inLanguage\":\"es\",\"@id\":\"https:\\\/\\\/secure.gravatar.com\\\/avatar\\\/3a8de04a2656d44082be478bd6c086daa447c4651605818287b9532d3d0bd435?s=96&d=mm&r=g\",\"url\":\"https:\\\/\\\/secure.gravatar.com\\\/avatar\\\/3a8de04a2656d44082be478bd6c086daa447c4651605818287b9532d3d0bd435?s=96&d=mm&r=g\",\"contentUrl\":\"https:\\\/\\\/secure.gravatar.com\\\/avatar\\\/3a8de04a2656d44082be478bd6c086daa447c4651605818287b9532d3d0bd435?s=96&d=mm&r=g\",\"caption\":\"Lo viste en Los Pol\u00edticos\"},\"url\":\"https:\\\/\\\/lospoliticosveracruz.com\\\/?author=2\"}]}<\/script>\n<!-- \/ Yoast SEO plugin. -->","yoast_head_json":{"title":"Revocaci\u00f3n \u00a1de inmediato! - Los pol\u00edticos Veracruz","robots":{"index":"index","follow":"follow","max-snippet":"max-snippet:-1","max-image-preview":"max-image-preview:large","max-video-preview":"max-video-preview:-1"},"canonical":"https:\/\/lospoliticosveracruz.com\/?p=47465","og_locale":"es_ES","og_type":"article","og_title":"Revocaci\u00f3n \u00a1de inmediato! - Los pol\u00edticos Veracruz","og_description":"Salvador Mu\u00f1oz Los Pol\u00edticos Tiburones o Revocaci\u00f3n de Mandato, he ah\u00ed el dilema a la hora de escribir estas l\u00edneas\u2026 s\u00ed, no le voy a los escualos ni me llevo con Fidel Kuri Grajales, y quiz\u00e1s eso pudiera darme m\u00e1s licencia para dar una opini\u00f3n ajena a colores y filias\u2026 por eso considero que pagar [&hellip;]","og_url":"https:\/\/lospoliticosveracruz.com\/?p=47465","og_site_name":"Los pol\u00edticos Veracruz","article_publisher":"https:\/\/www.facebook.com\/people\/Notimemes-de-los-Polticos\/61565672886568\/","article_published_time":"2019-03-21T04:55:41+00:00","og_image":[{"width":600,"height":328,"url":"https:\/\/lospoliticosveracruz.com\/wp-content\/uploads\/2019\/03\/Revocar1.jpg","type":"image\/jpeg"}],"author":"Lo viste en Los Pol\u00edticos","twitter_card":"summary_large_image","twitter_creator":"@LosPoliticosVer","twitter_site":"@LosPoliticosVer","twitter_misc":{"Escrito por":"Lo viste en Los Pol\u00edticos","Tiempo de lectura":"4 minutos"},"schema":{"@context":"https:\/\/schema.org","@graph":[{"@type":"Article","@id":"https:\/\/lospoliticosveracruz.com\/?p=47465#article","isPartOf":{"@id":"https:\/\/lospoliticosveracruz.com\/?p=47465"},"author":{"name":"Lo viste en Los Pol\u00edticos","@id":"https:\/\/lospoliticosveracruz.com\/#\/schema\/person\/b8702bb0e538456e6efd07080bf2a4a2"},"headline":"Revocaci\u00f3n \u00a1de inmediato!","datePublished":"2019-03-21T04:55:41+00:00","mainEntityOfPage":{"@id":"https:\/\/lospoliticosveracruz.com\/?p=47465"},"wordCount":767,"commentCount":0,"publisher":{"@id":"https:\/\/lospoliticosveracruz.com\/#organization"},"image":{"@id":"https:\/\/lospoliticosveracruz.com\/?p=47465#primaryimage"},"thumbnailUrl":"https:\/\/lospoliticosveracruz.com\/wp-content\/uploads\/2019\/03\/Revocar1.jpg","keywords":["Hip\u00f3lito Rodr\u00edguez Herrero","Presidente de la Rep\u00fablica","Revocaci\u00f3n de Mandato","Salvador Mu\u00f1oz","Tiburones","Veracruz"],"articleSection":["De Opini\u00f3n"],"inLanguage":"es","potentialAction":[{"@type":"CommentAction","name":"Comment","target":["https:\/\/lospoliticosveracruz.com\/?p=47465#respond"]}]},{"@type":"WebPage","@id":"https:\/\/lospoliticosveracruz.com\/?p=47465","url":"https:\/\/lospoliticosveracruz.com\/?p=47465","name":"Revocaci\u00f3n \u00a1de inmediato! - Los pol\u00edticos Veracruz","isPartOf":{"@id":"https:\/\/lospoliticosveracruz.com\/#website"},"primaryImageOfPage":{"@id":"https:\/\/lospoliticosveracruz.com\/?p=47465#primaryimage"},"image":{"@id":"https:\/\/lospoliticosveracruz.com\/?p=47465#primaryimage"},"thumbnailUrl":"https:\/\/lospoliticosveracruz.com\/wp-content\/uploads\/2019\/03\/Revocar1.jpg","datePublished":"2019-03-21T04:55:41+00:00","breadcrumb":{"@id":"https:\/\/lospoliticosveracruz.com\/?p=47465#breadcrumb"},"inLanguage":"es","potentialAction":[{"@type":"ReadAction","target":["https:\/\/lospoliticosveracruz.com\/?p=47465"]}]},{"@type":"ImageObject","inLanguage":"es","@id":"https:\/\/lospoliticosveracruz.com\/?p=47465#primaryimage","url":"https:\/\/lospoliticosveracruz.com\/wp-content\/uploads\/2019\/03\/Revocar1.jpg","contentUrl":"https:\/\/lospoliticosveracruz.com\/wp-content\/uploads\/2019\/03\/Revocar1.jpg","width":600,"height":328},{"@type":"BreadcrumbList","@id":"https:\/\/lospoliticosveracruz.com\/?p=47465#breadcrumb","itemListElement":[{"@type":"ListItem","position":1,"name":"Portada","item":"https:\/\/lospoliticosveracruz.com\/"},{"@type":"ListItem","position":2,"name":"Revocaci\u00f3n \u00a1de inmediato!"}]},{"@type":"WebSite","@id":"https:\/\/lospoliticosveracruz.com\/#website","url":"https:\/\/lospoliticosveracruz.com\/","name":"Los pol\u00edticos Veracruz","description":"","publisher":{"@id":"https:\/\/lospoliticosveracruz.com\/#organization"},"potentialAction":[{"@type":"SearchAction","target":{"@type":"EntryPoint","urlTemplate":"https:\/\/lospoliticosveracruz.com\/?s={search_term_string}"},"query-input":{"@type":"PropertyValueSpecification","valueRequired":true,"valueName":"search_term_string"}}],"inLanguage":"es"},{"@type":"Organization","@id":"https:\/\/lospoliticosveracruz.com\/#organization","name":"Los pol\u00edticos Veracruz","url":"https:\/\/lospoliticosveracruz.com\/","logo":{"@type":"ImageObject","inLanguage":"es","@id":"https:\/\/lospoliticosveracruz.com\/#\/schema\/logo\/image\/","url":"https:\/\/lospoliticosveracruz.com\/wp-content\/uploads\/2025\/12\/Logo-Nuevo-LOS-POLITICOS-1.jpg","contentUrl":"https:\/\/lospoliticosveracruz.com\/wp-content\/uploads\/2025\/12\/Logo-Nuevo-LOS-POLITICOS-1.jpg","width":260,"height":70,"caption":"Los pol\u00edticos Veracruz"},"image":{"@id":"https:\/\/lospoliticosveracruz.com\/#\/schema\/logo\/image\/"},"sameAs":["https:\/\/www.facebook.com\/people\/Notimemes-de-los-Polticos\/61565672886568\/","https:\/\/x.com\/LosPoliticosVer"]},{"@type":"Person","@id":"https:\/\/lospoliticosveracruz.com\/#\/schema\/person\/b8702bb0e538456e6efd07080bf2a4a2","name":"Lo viste en Los Pol\u00edticos","image":{"@type":"ImageObject","inLanguage":"es","@id":"https:\/\/secure.gravatar.com\/avatar\/3a8de04a2656d44082be478bd6c086daa447c4651605818287b9532d3d0bd435?s=96&d=mm&r=g","url":"https:\/\/secure.gravatar.com\/avatar\/3a8de04a2656d44082be478bd6c086daa447c4651605818287b9532d3d0bd435?s=96&d=mm&r=g","contentUrl":"https:\/\/secure.gravatar.com\/avatar\/3a8de04a2656d44082be478bd6c086daa447c4651605818287b9532d3d0bd435?s=96&d=mm&r=g","caption":"Lo viste en Los Pol\u00edticos"},"url":"https:\/\/lospoliticosveracruz.com\/?author=2"}]}},"_links":{"self":[{"href":"https:\/\/lospoliticosveracruz.com\/index.php?rest_route=\/wp\/v2\/posts\/47465","targetHints":{"allow":["GET"]}}],"collection":[{"href":"https:\/\/lospoliticosveracruz.com\/index.php?rest_route=\/wp\/v2\/posts"}],"about":[{"href":"https:\/\/lospoliticosveracruz.com\/index.php?rest_route=\/wp\/v2\/types\/post"}],"author":[{"embeddable":true,"href":"https:\/\/lospoliticosveracruz.com\/index.php?rest_route=\/wp\/v2\/users\/2"}],"replies":[{"embeddable":true,"href":"https:\/\/lospoliticosveracruz.com\/index.php?rest_route=%2Fwp%2Fv2%2Fcomments&post=47465"}],"version-history":[{"count":1,"href":"https:\/\/lospoliticosveracruz.com\/index.php?rest_route=\/wp\/v2\/posts\/47465\/revisions"}],"predecessor-version":[{"id":47467,"href":"https:\/\/lospoliticosveracruz.com\/index.php?rest_route=\/wp\/v2\/posts\/47465\/revisions\/47467"}],"wp:featuredmedia":[{"embeddable":true,"href":"https:\/\/lospoliticosveracruz.com\/index.php?rest_route=\/wp\/v2\/media\/47466"}],"wp:attachment":[{"href":"https:\/\/lospoliticosveracruz.com\/index.php?rest_route=%2Fwp%2Fv2%2Fmedia&parent=47465"}],"wp:term":[{"taxonomy":"category","embeddable":true,"href":"https:\/\/lospoliticosveracruz.com\/index.php?rest_route=%2Fwp%2Fv2%2Fcategories&post=47465"},{"taxonomy":"post_tag","embeddable":true,"href":"https:\/\/lospoliticosveracruz.com\/index.php?rest_route=%2Fwp%2Fv2%2Ftags&post=47465"}],"curies":[{"name":"wp","href":"https:\/\/api.w.org\/{rel}","templated":true}]}}