{"id":47480,"date":"2019-03-21T22:55:27","date_gmt":"2019-03-22T04:55:27","guid":{"rendered":"http:\/\/www.lospoliticosveracruz.com.mx\/?p=47480"},"modified":"2019-03-21T21:34:35","modified_gmt":"2019-03-22T03:34:35","slug":"pinche-gente-y-pinches-medios","status":"publish","type":"post","link":"https:\/\/lospoliticosveracruz.com\/?p=47480","title":{"rendered":"\u00a1Pinche gente y pinches medios!"},"content":{"rendered":"<p><strong>Salvador Mu\u00f1oz<\/strong><\/p>\n<p><em>Los Pol\u00edticos<\/em><\/p>\n<p><span style=\"font-weight: 400;\">Llegu\u00e9 a la Plaza Animas y me ubiqu\u00e9 frente al restaurante donde habr\u00eda de reunirme con un amigo. Al descender, enfrente de m\u00ed, una mujer, en su carro, se maquillaba. Nada hay de extraordinario en ello de no ser porque estaba aparcando en un \u00e1rea demarcada en color azul\u2026 quise darle el beneficio de la duda y cre\u00ed que estaba esperando a alguien\u2026 quiz\u00e1s a una embarazada\u2026 quiz\u00e1s a un anciano\u2026 quiz\u00e1s a una persona con alguna discapacidad\u2026 entr\u00e9 al restaurante y me sent\u00e9 frente a las \u00e1reas azules donde vi a la mujer del maquillaje descender campante, imagino rumbo a su trabajo pues iban a dar las nueve de la ma\u00f1ana\u2026 no estaba esperando a nadie.<\/span><\/p>\n<p><span style=\"font-weight: 400;\">No bien hab\u00eda pasado un minuto, cuando un se\u00f1or no mayor de 40 a\u00f1os se estacion\u00f3 en otra \u00e1rea azul, descendi\u00f3 y abri\u00f3 la puerta de atr\u00e1s y dije: \u201cva a bajar a alguien o algo\u201d\u2026 a lo mejor una silla de ruedas\u2026 \u00a1no! s\u00f3lo acomod\u00f3 algunas cosas y se retir\u00f3\u2026 observ\u00e9 el aparcamiento al lado, vac\u00edo\u2026 no hab\u00eda una imagen de \u00e9sas que ponen a alguien en silla de ruedas o de alguna embarazada\u2026 otro carro lleg\u00f3 y de all\u00ed descendieron dos mujeres j\u00f3venes\u2026 ya, entend\u00ed\u2026 \u00a1a la gente le vale madres esos espacios!<\/span><\/p>\n<p><span style=\"font-weight: 400;\">II<\/span><\/p>\n<p><span style=\"font-weight: 400;\">Por equis o ye, es recurrente que tengamos que acudir a la Central de Autobuses de Xalapa (CAXA). Es incre\u00edble el caos que pueden provocar los taxis que se han apoderado del \u00e1rea de descenso de la terminal que ya han convertido en \u201cascenso\u201d, porque si uno sale de las salas, de inmediato hay personas que ponen a tu disposici\u00f3n el servicio de taxi para evitarte la fatiga de recorrer unos metros m\u00e1s y abordar uno de los que llaman \u201cTaxi Seguro\u201d&#8230; agregue que estos taxis a veces invaden las banquetas y parte del carril que lleva a la terminal porque ya hicieron su \u201csitio\u201d all\u00ed mientras esperan pasaje.<\/span><\/p>\n<p><span style=\"font-weight: 400;\">Ve\u00eda en un video la confrontaci\u00f3n a golpes entre dos ruleteros por la disputa del pasaje. No s\u00e9 en qu\u00e9 haya terminado el conflicto, pero siempre nos hemos preguntado c\u00f3mo es que un \u00e1rea considerada federal, simplemente se convirti\u00f3 en tierra de nadie\u2026 bueno, m\u00e1s bien, territorio chafirete, porque esos taxistas se han adue\u00f1ado de CAXA.<\/span><\/p>\n<p><span style=\"font-weight: 400;\">III<\/span><\/p>\n<p><span style=\"font-weight: 400;\">Leo que la diputada Margarita Corro dice que los medios magnifican los hechos de violencia y agrega la difusi\u00f3n de noticias falsas que son las causas que haya incertidumbre en la poblaci\u00f3n, en especial la de su terru\u00f1o, Tierra Blanca.<\/span><\/p>\n<p><span style=\"font-weight: 400;\">Leo a la diputada Rosalinda Galindo Silva decir que hay violencia en Veracruz y en todo el pa\u00eds, pero las redes sociales maximizan tales y hay mucho fake-news\u2026 <\/span><\/p>\n<p><span style=\"font-weight: 400;\">Leo que el alcalde Hip\u00f3lito Rodr\u00edguez Herrero defiende su administraci\u00f3n argumentando que hay muchas fake-news que desestabilizan su labor como presidente municipal\u2026<\/span><\/p>\n<p><span style=\"font-weight: 400;\">Tres representantes del partido Morena argumentando exageraci\u00f3n en medios y redes sociales adem\u00e1s de fake-news\u2026 me parece que es un tema de propaganda partidista para justificar la situaci\u00f3n que se vive en Veracruz\u2026 o peor a\u00fan: su nulo trabajo.<\/span><\/p>\n<p><span style=\"font-weight: 400;\">IV<\/span><\/p>\n<p><span style=\"font-weight: 400;\">Estoy de acuerdo\u2026 no podemos pedir al cien por ciento a nuestras autoridades cambios en nuestra sociedad. Est\u00e1 muy cabr\u00f3n cuando en cosas tan simples y elementales, como respetar el espacio para personas con discapacidad o embarazadas, nos vale madres o cuando se aplica la Ley del M\u00e1s Fuerte en CAXA por encima del usuario y de las mismas autoridades federales (las que por cierto, no hacen nada). Est\u00e1 muy cabr\u00f3n exigir el cambio de la Cuarta Transformaci\u00f3n a algunos representantes populares cuando se excusan y a todas luces, sus \u201centendederas\u201d \u00a0s\u00f3lo les da para justificar los hechos con un \u201cson inventos de las fake-news\u201d, como el del Nepotismo, o \u201cinventos de las fake-news\u201d, como el de la ineptitud de un alcalde\u2026<\/span><\/p>\n<p><span style=\"font-weight: 400;\">A todas luces, algo me queda claro\u2026 tanto en el \u00e1mbito social como pol\u00edtico, requerimos ciudadanos comprometidos, pero no con su ego\u00edsmo o partido, sino con la intenci\u00f3n de hacer las cosas bien, sin enga\u00f1ar ni enga\u00f1arse a s\u00ed mismos\u2026 porque es feo caer en el \u201c\u00a1Pinche gente!\u201d aunque m\u00e1s gacho es recordar al \u00ednclito de los \u201c\u00a1Pinches medios!\u201d al escuchar ahora a los Morenos\u2026<\/span><\/p>\n<p>&nbsp;<\/p>\n<p><span style=\"font-weight: 400;\">smcainito@gmail.com<\/span><\/p>\n","protected":false},"excerpt":{"rendered":"<p>Salvador Mu\u00f1oz Los Pol\u00edticos Llegu\u00e9 a la Plaza Animas y me ubiqu\u00e9 frente al restaurante donde habr\u00eda de reunirme con un amigo. Al descender, enfrente de m\u00ed, una mujer, en su carro, se maquillaba. Nada hay de extraordinario en ello de no ser porque estaba aparcando en un \u00e1rea demarcada en color azul\u2026 quise darle [&hellip;]<\/p>\n","protected":false},"author":2,"featured_media":47481,"comment_status":"open","ping_status":"open","sticky":false,"template":"","format":"standard","meta":{"tdm_status":"","tdm_grid_status":"","footnotes":""},"categories":[70],"tags":[6764,12744,7620,13442,1026,4556,10669],"class_list":{"0":"post-47480","1":"post","2":"type-post","3":"status-publish","4":"format-standard","5":"has-post-thumbnail","7":"category-de-opinion","8":"tag-caxa","9":"tag-cuarta-transformacion","10":"tag-hipolito-rodriguez-herrero","11":"tag-margarita-corro","12":"tag-morena","13":"tag-pinches-medios","14":"tag-rosalinda-galindo-silva"},"yoast_head":"<!-- This site is optimized with the Yoast SEO plugin v27.4 - https:\/\/yoast.com\/product\/yoast-seo-wordpress\/ -->\n<title>\u00a1Pinche gente y pinches medios! - Los pol\u00edticos Veracruz<\/title>\n<meta name=\"robots\" content=\"index, follow, max-snippet:-1, max-image-preview:large, max-video-preview:-1\" \/>\n<link rel=\"canonical\" href=\"https:\/\/lospoliticosveracruz.com\/?p=47480\" \/>\n<meta property=\"og:locale\" content=\"es_ES\" \/>\n<meta property=\"og:type\" content=\"article\" \/>\n<meta property=\"og:title\" content=\"\u00a1Pinche gente y pinches medios! - Los pol\u00edticos Veracruz\" \/>\n<meta property=\"og:description\" content=\"Salvador Mu\u00f1oz Los Pol\u00edticos Llegu\u00e9 a la Plaza Animas y me ubiqu\u00e9 frente al restaurante donde habr\u00eda de reunirme con un amigo. Al descender, enfrente de m\u00ed, una mujer, en su carro, se maquillaba. Nada hay de extraordinario en ello de no ser porque estaba aparcando en un \u00e1rea demarcada en color azul\u2026 quise darle [&hellip;]\" \/>\n<meta property=\"og:url\" content=\"https:\/\/lospoliticosveracruz.com\/?p=47480\" \/>\n<meta property=\"og:site_name\" content=\"Los pol\u00edticos Veracruz\" \/>\n<meta property=\"article:publisher\" content=\"https:\/\/www.facebook.com\/people\/Notimemes-de-los-Polticos\/61565672886568\/\" \/>\n<meta property=\"article:published_time\" content=\"2019-03-22T04:55:27+00:00\" \/>\n<meta property=\"og:image\" content=\"https:\/\/lospoliticosveracruz.com\/wp-content\/uploads\/2019\/03\/Pinches.jpg\" \/>\n\t<meta property=\"og:image:width\" content=\"600\" \/>\n\t<meta property=\"og:image:height\" content=\"450\" \/>\n\t<meta property=\"og:image:type\" content=\"image\/jpeg\" \/>\n<meta name=\"author\" content=\"Lo viste en Los Pol\u00edticos\" \/>\n<meta name=\"twitter:card\" content=\"summary_large_image\" \/>\n<meta name=\"twitter:creator\" content=\"@LosPoliticosVer\" \/>\n<meta name=\"twitter:site\" content=\"@LosPoliticosVer\" \/>\n<meta name=\"twitter:label1\" content=\"Escrito por\" \/>\n\t<meta name=\"twitter:data1\" content=\"Lo viste en Los Pol\u00edticos\" \/>\n\t<meta name=\"twitter:label2\" content=\"Tiempo de lectura\" \/>\n\t<meta name=\"twitter:data2\" content=\"4 minutos\" \/>\n<script type=\"application\/ld+json\" class=\"yoast-schema-graph\">{\"@context\":\"https:\\\/\\\/schema.org\",\"@graph\":[{\"@type\":\"Article\",\"@id\":\"https:\\\/\\\/lospoliticosveracruz.com\\\/?p=47480#article\",\"isPartOf\":{\"@id\":\"https:\\\/\\\/lospoliticosveracruz.com\\\/?p=47480\"},\"author\":{\"name\":\"Lo viste en Los Pol\u00edticos\",\"@id\":\"https:\\\/\\\/lospoliticosveracruz.com\\\/#\\\/schema\\\/person\\\/b8702bb0e538456e6efd07080bf2a4a2\"},\"headline\":\"\u00a1Pinche gente y pinches medios!\",\"datePublished\":\"2019-03-22T04:55:27+00:00\",\"mainEntityOfPage\":{\"@id\":\"https:\\\/\\\/lospoliticosveracruz.com\\\/?p=47480\"},\"wordCount\":753,\"commentCount\":0,\"publisher\":{\"@id\":\"https:\\\/\\\/lospoliticosveracruz.com\\\/#organization\"},\"image\":{\"@id\":\"https:\\\/\\\/lospoliticosveracruz.com\\\/?p=47480#primaryimage\"},\"thumbnailUrl\":\"https:\\\/\\\/lospoliticosveracruz.com\\\/wp-content\\\/uploads\\\/2019\\\/03\\\/Pinches.jpg\",\"keywords\":[\"CAXA\",\"Cuarta Transformaci\u00f3n\",\"Hip\u00f3lito Rodr\u00edguez Herrero\",\"Margarita Corro\",\"Morena\",\"pinches medios\",\"Rosalinda Galindo Silva\"],\"articleSection\":[\"De Opini\u00f3n\"],\"inLanguage\":\"es\",\"potentialAction\":[{\"@type\":\"CommentAction\",\"name\":\"Comment\",\"target\":[\"https:\\\/\\\/lospoliticosveracruz.com\\\/?p=47480#respond\"]}]},{\"@type\":\"WebPage\",\"@id\":\"https:\\\/\\\/lospoliticosveracruz.com\\\/?p=47480\",\"url\":\"https:\\\/\\\/lospoliticosveracruz.com\\\/?p=47480\",\"name\":\"\u00a1Pinche gente y pinches medios! - Los pol\u00edticos Veracruz\",\"isPartOf\":{\"@id\":\"https:\\\/\\\/lospoliticosveracruz.com\\\/#website\"},\"primaryImageOfPage\":{\"@id\":\"https:\\\/\\\/lospoliticosveracruz.com\\\/?p=47480#primaryimage\"},\"image\":{\"@id\":\"https:\\\/\\\/lospoliticosveracruz.com\\\/?p=47480#primaryimage\"},\"thumbnailUrl\":\"https:\\\/\\\/lospoliticosveracruz.com\\\/wp-content\\\/uploads\\\/2019\\\/03\\\/Pinches.jpg\",\"datePublished\":\"2019-03-22T04:55:27+00:00\",\"breadcrumb\":{\"@id\":\"https:\\\/\\\/lospoliticosveracruz.com\\\/?p=47480#breadcrumb\"},\"inLanguage\":\"es\",\"potentialAction\":[{\"@type\":\"ReadAction\",\"target\":[\"https:\\\/\\\/lospoliticosveracruz.com\\\/?p=47480\"]}]},{\"@type\":\"ImageObject\",\"inLanguage\":\"es\",\"@id\":\"https:\\\/\\\/lospoliticosveracruz.com\\\/?p=47480#primaryimage\",\"url\":\"https:\\\/\\\/lospoliticosveracruz.com\\\/wp-content\\\/uploads\\\/2019\\\/03\\\/Pinches.jpg\",\"contentUrl\":\"https:\\\/\\\/lospoliticosveracruz.com\\\/wp-content\\\/uploads\\\/2019\\\/03\\\/Pinches.jpg\",\"width\":600,\"height\":450},{\"@type\":\"BreadcrumbList\",\"@id\":\"https:\\\/\\\/lospoliticosveracruz.com\\\/?p=47480#breadcrumb\",\"itemListElement\":[{\"@type\":\"ListItem\",\"position\":1,\"name\":\"Portada\",\"item\":\"https:\\\/\\\/lospoliticosveracruz.com\\\/\"},{\"@type\":\"ListItem\",\"position\":2,\"name\":\"\u00a1Pinche gente y pinches medios!\"}]},{\"@type\":\"WebSite\",\"@id\":\"https:\\\/\\\/lospoliticosveracruz.com\\\/#website\",\"url\":\"https:\\\/\\\/lospoliticosveracruz.com\\\/\",\"name\":\"Los pol\u00edticos Veracruz\",\"description\":\"\",\"publisher\":{\"@id\":\"https:\\\/\\\/lospoliticosveracruz.com\\\/#organization\"},\"potentialAction\":[{\"@type\":\"SearchAction\",\"target\":{\"@type\":\"EntryPoint\",\"urlTemplate\":\"https:\\\/\\\/lospoliticosveracruz.com\\\/?s={search_term_string}\"},\"query-input\":{\"@type\":\"PropertyValueSpecification\",\"valueRequired\":true,\"valueName\":\"search_term_string\"}}],\"inLanguage\":\"es\"},{\"@type\":\"Organization\",\"@id\":\"https:\\\/\\\/lospoliticosveracruz.com\\\/#organization\",\"name\":\"Los pol\u00edticos Veracruz\",\"url\":\"https:\\\/\\\/lospoliticosveracruz.com\\\/\",\"logo\":{\"@type\":\"ImageObject\",\"inLanguage\":\"es\",\"@id\":\"https:\\\/\\\/lospoliticosveracruz.com\\\/#\\\/schema\\\/logo\\\/image\\\/\",\"url\":\"https:\\\/\\\/lospoliticosveracruz.com\\\/wp-content\\\/uploads\\\/2025\\\/12\\\/Logo-Nuevo-LOS-POLITICOS-1.jpg\",\"contentUrl\":\"https:\\\/\\\/lospoliticosveracruz.com\\\/wp-content\\\/uploads\\\/2025\\\/12\\\/Logo-Nuevo-LOS-POLITICOS-1.jpg\",\"width\":260,\"height\":70,\"caption\":\"Los pol\u00edticos Veracruz\"},\"image\":{\"@id\":\"https:\\\/\\\/lospoliticosveracruz.com\\\/#\\\/schema\\\/logo\\\/image\\\/\"},\"sameAs\":[\"https:\\\/\\\/www.facebook.com\\\/people\\\/Notimemes-de-los-Polticos\\\/61565672886568\\\/\",\"https:\\\/\\\/x.com\\\/LosPoliticosVer\"]},{\"@type\":\"Person\",\"@id\":\"https:\\\/\\\/lospoliticosveracruz.com\\\/#\\\/schema\\\/person\\\/b8702bb0e538456e6efd07080bf2a4a2\",\"name\":\"Lo viste en Los Pol\u00edticos\",\"image\":{\"@type\":\"ImageObject\",\"inLanguage\":\"es\",\"@id\":\"https:\\\/\\\/secure.gravatar.com\\\/avatar\\\/3a8de04a2656d44082be478bd6c086daa447c4651605818287b9532d3d0bd435?s=96&d=mm&r=g\",\"url\":\"https:\\\/\\\/secure.gravatar.com\\\/avatar\\\/3a8de04a2656d44082be478bd6c086daa447c4651605818287b9532d3d0bd435?s=96&d=mm&r=g\",\"contentUrl\":\"https:\\\/\\\/secure.gravatar.com\\\/avatar\\\/3a8de04a2656d44082be478bd6c086daa447c4651605818287b9532d3d0bd435?s=96&d=mm&r=g\",\"caption\":\"Lo viste en Los Pol\u00edticos\"},\"url\":\"https:\\\/\\\/lospoliticosveracruz.com\\\/?author=2\"}]}<\/script>\n<!-- \/ Yoast SEO plugin. -->","yoast_head_json":{"title":"\u00a1Pinche gente y pinches medios! - Los pol\u00edticos Veracruz","robots":{"index":"index","follow":"follow","max-snippet":"max-snippet:-1","max-image-preview":"max-image-preview:large","max-video-preview":"max-video-preview:-1"},"canonical":"https:\/\/lospoliticosveracruz.com\/?p=47480","og_locale":"es_ES","og_type":"article","og_title":"\u00a1Pinche gente y pinches medios! - Los pol\u00edticos Veracruz","og_description":"Salvador Mu\u00f1oz Los Pol\u00edticos Llegu\u00e9 a la Plaza Animas y me ubiqu\u00e9 frente al restaurante donde habr\u00eda de reunirme con un amigo. Al descender, enfrente de m\u00ed, una mujer, en su carro, se maquillaba. Nada hay de extraordinario en ello de no ser porque estaba aparcando en un \u00e1rea demarcada en color azul\u2026 quise darle [&hellip;]","og_url":"https:\/\/lospoliticosveracruz.com\/?p=47480","og_site_name":"Los pol\u00edticos Veracruz","article_publisher":"https:\/\/www.facebook.com\/people\/Notimemes-de-los-Polticos\/61565672886568\/","article_published_time":"2019-03-22T04:55:27+00:00","og_image":[{"width":600,"height":450,"url":"https:\/\/lospoliticosveracruz.com\/wp-content\/uploads\/2019\/03\/Pinches.jpg","type":"image\/jpeg"}],"author":"Lo viste en Los Pol\u00edticos","twitter_card":"summary_large_image","twitter_creator":"@LosPoliticosVer","twitter_site":"@LosPoliticosVer","twitter_misc":{"Escrito por":"Lo viste en Los Pol\u00edticos","Tiempo de lectura":"4 minutos"},"schema":{"@context":"https:\/\/schema.org","@graph":[{"@type":"Article","@id":"https:\/\/lospoliticosveracruz.com\/?p=47480#article","isPartOf":{"@id":"https:\/\/lospoliticosveracruz.com\/?p=47480"},"author":{"name":"Lo viste en Los Pol\u00edticos","@id":"https:\/\/lospoliticosveracruz.com\/#\/schema\/person\/b8702bb0e538456e6efd07080bf2a4a2"},"headline":"\u00a1Pinche gente y pinches medios!","datePublished":"2019-03-22T04:55:27+00:00","mainEntityOfPage":{"@id":"https:\/\/lospoliticosveracruz.com\/?p=47480"},"wordCount":753,"commentCount":0,"publisher":{"@id":"https:\/\/lospoliticosveracruz.com\/#organization"},"image":{"@id":"https:\/\/lospoliticosveracruz.com\/?p=47480#primaryimage"},"thumbnailUrl":"https:\/\/lospoliticosveracruz.com\/wp-content\/uploads\/2019\/03\/Pinches.jpg","keywords":["CAXA","Cuarta Transformaci\u00f3n","Hip\u00f3lito Rodr\u00edguez Herrero","Margarita Corro","Morena","pinches medios","Rosalinda Galindo Silva"],"articleSection":["De Opini\u00f3n"],"inLanguage":"es","potentialAction":[{"@type":"CommentAction","name":"Comment","target":["https:\/\/lospoliticosveracruz.com\/?p=47480#respond"]}]},{"@type":"WebPage","@id":"https:\/\/lospoliticosveracruz.com\/?p=47480","url":"https:\/\/lospoliticosveracruz.com\/?p=47480","name":"\u00a1Pinche gente y pinches medios! - Los pol\u00edticos Veracruz","isPartOf":{"@id":"https:\/\/lospoliticosveracruz.com\/#website"},"primaryImageOfPage":{"@id":"https:\/\/lospoliticosveracruz.com\/?p=47480#primaryimage"},"image":{"@id":"https:\/\/lospoliticosveracruz.com\/?p=47480#primaryimage"},"thumbnailUrl":"https:\/\/lospoliticosveracruz.com\/wp-content\/uploads\/2019\/03\/Pinches.jpg","datePublished":"2019-03-22T04:55:27+00:00","breadcrumb":{"@id":"https:\/\/lospoliticosveracruz.com\/?p=47480#breadcrumb"},"inLanguage":"es","potentialAction":[{"@type":"ReadAction","target":["https:\/\/lospoliticosveracruz.com\/?p=47480"]}]},{"@type":"ImageObject","inLanguage":"es","@id":"https:\/\/lospoliticosveracruz.com\/?p=47480#primaryimage","url":"https:\/\/lospoliticosveracruz.com\/wp-content\/uploads\/2019\/03\/Pinches.jpg","contentUrl":"https:\/\/lospoliticosveracruz.com\/wp-content\/uploads\/2019\/03\/Pinches.jpg","width":600,"height":450},{"@type":"BreadcrumbList","@id":"https:\/\/lospoliticosveracruz.com\/?p=47480#breadcrumb","itemListElement":[{"@type":"ListItem","position":1,"name":"Portada","item":"https:\/\/lospoliticosveracruz.com\/"},{"@type":"ListItem","position":2,"name":"\u00a1Pinche gente y pinches medios!"}]},{"@type":"WebSite","@id":"https:\/\/lospoliticosveracruz.com\/#website","url":"https:\/\/lospoliticosveracruz.com\/","name":"Los pol\u00edticos Veracruz","description":"","publisher":{"@id":"https:\/\/lospoliticosveracruz.com\/#organization"},"potentialAction":[{"@type":"SearchAction","target":{"@type":"EntryPoint","urlTemplate":"https:\/\/lospoliticosveracruz.com\/?s={search_term_string}"},"query-input":{"@type":"PropertyValueSpecification","valueRequired":true,"valueName":"search_term_string"}}],"inLanguage":"es"},{"@type":"Organization","@id":"https:\/\/lospoliticosveracruz.com\/#organization","name":"Los pol\u00edticos Veracruz","url":"https:\/\/lospoliticosveracruz.com\/","logo":{"@type":"ImageObject","inLanguage":"es","@id":"https:\/\/lospoliticosveracruz.com\/#\/schema\/logo\/image\/","url":"https:\/\/lospoliticosveracruz.com\/wp-content\/uploads\/2025\/12\/Logo-Nuevo-LOS-POLITICOS-1.jpg","contentUrl":"https:\/\/lospoliticosveracruz.com\/wp-content\/uploads\/2025\/12\/Logo-Nuevo-LOS-POLITICOS-1.jpg","width":260,"height":70,"caption":"Los pol\u00edticos Veracruz"},"image":{"@id":"https:\/\/lospoliticosveracruz.com\/#\/schema\/logo\/image\/"},"sameAs":["https:\/\/www.facebook.com\/people\/Notimemes-de-los-Polticos\/61565672886568\/","https:\/\/x.com\/LosPoliticosVer"]},{"@type":"Person","@id":"https:\/\/lospoliticosveracruz.com\/#\/schema\/person\/b8702bb0e538456e6efd07080bf2a4a2","name":"Lo viste en Los Pol\u00edticos","image":{"@type":"ImageObject","inLanguage":"es","@id":"https:\/\/secure.gravatar.com\/avatar\/3a8de04a2656d44082be478bd6c086daa447c4651605818287b9532d3d0bd435?s=96&d=mm&r=g","url":"https:\/\/secure.gravatar.com\/avatar\/3a8de04a2656d44082be478bd6c086daa447c4651605818287b9532d3d0bd435?s=96&d=mm&r=g","contentUrl":"https:\/\/secure.gravatar.com\/avatar\/3a8de04a2656d44082be478bd6c086daa447c4651605818287b9532d3d0bd435?s=96&d=mm&r=g","caption":"Lo viste en Los Pol\u00edticos"},"url":"https:\/\/lospoliticosveracruz.com\/?author=2"}]}},"_links":{"self":[{"href":"https:\/\/lospoliticosveracruz.com\/index.php?rest_route=\/wp\/v2\/posts\/47480","targetHints":{"allow":["GET"]}}],"collection":[{"href":"https:\/\/lospoliticosveracruz.com\/index.php?rest_route=\/wp\/v2\/posts"}],"about":[{"href":"https:\/\/lospoliticosveracruz.com\/index.php?rest_route=\/wp\/v2\/types\/post"}],"author":[{"embeddable":true,"href":"https:\/\/lospoliticosveracruz.com\/index.php?rest_route=\/wp\/v2\/users\/2"}],"replies":[{"embeddable":true,"href":"https:\/\/lospoliticosveracruz.com\/index.php?rest_route=%2Fwp%2Fv2%2Fcomments&post=47480"}],"version-history":[{"count":1,"href":"https:\/\/lospoliticosveracruz.com\/index.php?rest_route=\/wp\/v2\/posts\/47480\/revisions"}],"predecessor-version":[{"id":47482,"href":"https:\/\/lospoliticosveracruz.com\/index.php?rest_route=\/wp\/v2\/posts\/47480\/revisions\/47482"}],"wp:featuredmedia":[{"embeddable":true,"href":"https:\/\/lospoliticosveracruz.com\/index.php?rest_route=\/wp\/v2\/media\/47481"}],"wp:attachment":[{"href":"https:\/\/lospoliticosveracruz.com\/index.php?rest_route=%2Fwp%2Fv2%2Fmedia&parent=47480"}],"wp:term":[{"taxonomy":"category","embeddable":true,"href":"https:\/\/lospoliticosveracruz.com\/index.php?rest_route=%2Fwp%2Fv2%2Fcategories&post=47480"},{"taxonomy":"post_tag","embeddable":true,"href":"https:\/\/lospoliticosveracruz.com\/index.php?rest_route=%2Fwp%2Fv2%2Ftags&post=47480"}],"curies":[{"name":"wp","href":"https:\/\/api.w.org\/{rel}","templated":true}]}}