{"id":47599,"date":"2019-03-28T22:55:54","date_gmt":"2019-03-29T04:55:54","guid":{"rendered":"http:\/\/www.lospoliticosveracruz.com.mx\/?p=47599"},"modified":"2019-03-28T21:29:35","modified_gmt":"2019-03-29T03:29:35","slug":"entre-la-basura-y-nuestras-autoridades","status":"publish","type":"post","link":"https:\/\/lospoliticosveracruz.com\/?p=47599","title":{"rendered":"Entre la basura y nuestras autoridades"},"content":{"rendered":"<p><strong>Salvador Mu\u00f1oz<\/strong><\/p>\n<p><em>Los Pol\u00edticos<\/em><\/p>\n<p><span style=\"font-weight: 400;\">Ac\u00e1, en su casa, se cumplieron cuatro d\u00edas de que el servicio de Limpia P\u00fablica no pasa\u2026 a diferencia de otros lugares, en el vecindario tenemos contenedores, es decir, no se est\u00e1 a la espera de escuchar el campanazo para salir en chinga con las bolsas de basura y dejarlas en la esquina. Aqu\u00ed, hay vecinos que religiosamente sacan sus desechos todos los d\u00edas y hay otros como yo \u201cmerengues\u201d, que cada tres o cuatro d\u00edas lo hace y no por ecol\u00f3gico, sino por \u201cdistra\u00eddo\u201d&#8230; se me olvida sacarla, hasta que obligo a la Mujer a record\u00e1rmela para que tome la bolsa y la lleve al contenedor.<\/span><\/p>\n<p><span style=\"font-weight: 400;\">El problema no es que lleve cuatro d\u00edas sin que pase el carro de la basura por esta su casa, no\u2026 realmente el problema ser\u00e1 cuando pase. No tarda en que cuando camine a un lado del contenedor, se pise la gran cantidad de gusanos. Sigo sin entender c\u00f3mo es que los p\u00e1jaros no llegan a tan abultado men\u00fa. \u00a1Ah! Lo he platicado una y otra vez, tanto en esta administraci\u00f3n municipal como en la anterior: hay una taquer\u00eda sobre la avenida Arr\u00f3niz, a una cuadra del contenedor, que todos los d\u00edas deposita sus residuos org\u00e1nicos\u2026 \u00a1se\u00f1ores bolsones! \u00a1Gigantescos! Y a veces tan pesados, que al momento de arrojarlos al dep\u00f3sito, se rompen, desperdig\u00e1ndose restos de carne o m\u00e1s bien, pellejos, as\u00ed como lo propio que acompa\u00f1a a una buena Ca\u00edda de la Gran Tenochtitl\u00e1n\u2026 es decir, un buen plato de tacos de carnitas y derivados, como el cilantro, tomate, salsas y m\u00e1s&#8230;<\/span><\/p>\n<p><span style=\"font-weight: 400;\">Si a los gusanos le sumamos que cuando por fin pase la basura, tenemos que mantener las ventanas cerradas porque se alborotan las moscas patonas y el hedor se apodera de los rincones de la casa\u2026<\/span><\/p>\n<p><span style=\"font-weight: 400;\">\u00bfY todo este cuento de tener cuatro d\u00edas sin que pase la basura por su casa a qu\u00e9 obedece?<\/span><\/p>\n<p><span style=\"font-weight: 400;\">A dos elementales cosas:<\/span><\/p>\n<p><span style=\"font-weight: 400;\">1.- Como la mayor\u00eda de los xalape\u00f1os, uno cumpli\u00f3 cabalmente con el pago de ese impuesto que nos clavan por recoger nuestros desechos. La autoridad municipal no te pregunta si tienes empleo, c\u00f3mo te fue en tus ventas, si te sobr\u00f3 algo despu\u00e9s de la Navidad, A\u00f1o Nuevo y Reyes Magos\u2026 a ella nada m\u00e1s le interesa que junto con el Predial, \u201cte caigas cad\u00e1ver\u201d con tus impuestos anuales\u2026<\/span><\/p>\n<p><span style=\"font-weight: 400;\">2.- \u00bfHay un pleito legal entre el Ayuntamiento y la empresa que se encarga de los residuos, desechos o simplemente basura? Estamos de acuerdo, si alguien incumple con el contrato, que pague, as\u00ed, como nosotros los ciudadanos pagamos por el servicio, pero al igual que a nuestras autoridades, en lo particular no me interesa si Hip\u00f3lito Rodr\u00edguez tiene raz\u00f3n o Veolia. A m\u00ed me interesa que me cumpla como autoridad municipal con el servicio de recoger los desechos, residuos o basura, con el nombre que quiera llamarle.<\/span><\/p>\n<p><span style=\"font-weight: 400;\">A lo mejor en la misma tesitura, como ciudadano, no me interesa lo que tenga que hacer el alcalde, como abrir mediante la fuerza de Seguridad P\u00fablica, el relleno sanitario para tener d\u00f3nde depositar la basura, porque hasta donde \u00e9l, como autoridad, me ha exigido que cumpla con mis \u201cdeberes ciudadanos\u201d, se ha hecho\u2026 y en el dar, uno como xalape\u00f1o, espera recibir.<\/span><\/p>\n<p><span style=\"font-weight: 400;\">As\u00ed, como ciudadano, desde la casa, en espera de que pase el carro de la basura, oigo a Jos\u00e9 Manuel Pozos Castro acompa\u00f1ado de la diputada Rosalinda Galindo Silva, diciendo que el Poder Legislativo apoya las acciones emprendidas por el alcalde\u2026 en serio, no me importa si lo apoyan o no\u2026 en Xalapa tenemos m\u00e1s de diez representantes populares entre el alcalde, el gobernador, diputados locales, federales y senadores, de Morena, PAN y PRI, y percibo m\u00e1s cuatro d\u00edas con basura, que una acci\u00f3n clara, contundente y positiva, de cualquiera de ellos ante este problema.<\/span><\/p>\n<p>&nbsp;<\/p>\n<p><span style=\"font-weight: 400;\">smcainito@gmail.com<\/span><\/p>\n","protected":false},"excerpt":{"rendered":"<p>Salvador Mu\u00f1oz Los Pol\u00edticos Ac\u00e1, en su casa, se cumplieron cuatro d\u00edas de que el servicio de Limpia P\u00fablica no pasa\u2026 a diferencia de otros lugares, en el vecindario tenemos contenedores, es decir, no se est\u00e1 a la espera de escuchar el campanazo para salir en chinga con las bolsas de basura y dejarlas en [&hellip;]<\/p>\n","protected":false},"author":2,"featured_media":47600,"comment_status":"open","ping_status":"open","sticky":false,"template":"","format":"standard","meta":{"tdm_status":"","tdm_grid_status":"","footnotes":""},"categories":[70],"tags":[7620,11958,1344,1026,266,251,9117,177,96],"class_list":{"0":"post-47599","1":"post","2":"type-post","3":"status-publish","4":"format-standard","5":"has-post-thumbnail","7":"category-de-opinion","8":"tag-hipolito-rodriguez-herrero","9":"tag-jose-manuel-pozos-castro","10":"tag-limpia-publica","11":"tag-morena","12":"tag-pan","13":"tag-pri","14":"tag-relleno-sanitario","15":"tag-seguridad-publica","16":"tag-xalapa"},"yoast_head":"<!-- This site is optimized with the Yoast SEO plugin v27.4 - https:\/\/yoast.com\/product\/yoast-seo-wordpress\/ -->\n<title>Entre la basura y nuestras autoridades - Los pol\u00edticos Veracruz<\/title>\n<meta name=\"robots\" content=\"index, follow, max-snippet:-1, max-image-preview:large, max-video-preview:-1\" \/>\n<link rel=\"canonical\" href=\"https:\/\/lospoliticosveracruz.com\/?p=47599\" \/>\n<meta property=\"og:locale\" content=\"es_ES\" \/>\n<meta property=\"og:type\" content=\"article\" \/>\n<meta property=\"og:title\" content=\"Entre la basura y nuestras autoridades - Los pol\u00edticos Veracruz\" \/>\n<meta property=\"og:description\" content=\"Salvador Mu\u00f1oz Los Pol\u00edticos Ac\u00e1, en su casa, se cumplieron cuatro d\u00edas de que el servicio de Limpia P\u00fablica no pasa\u2026 a diferencia de otros lugares, en el vecindario tenemos contenedores, es decir, no se est\u00e1 a la espera de escuchar el campanazo para salir en chinga con las bolsas de basura y dejarlas en [&hellip;]\" \/>\n<meta property=\"og:url\" content=\"https:\/\/lospoliticosveracruz.com\/?p=47599\" \/>\n<meta property=\"og:site_name\" content=\"Los pol\u00edticos Veracruz\" \/>\n<meta property=\"article:publisher\" content=\"https:\/\/www.facebook.com\/people\/Notimemes-de-los-Polticos\/61565672886568\/\" \/>\n<meta property=\"article:published_time\" content=\"2019-03-29T04:55:54+00:00\" \/>\n<meta property=\"og:image\" content=\"https:\/\/lospoliticosveracruz.com\/wp-content\/uploads\/2019\/03\/Basura1.jpeg\" \/>\n\t<meta property=\"og:image:width\" content=\"600\" \/>\n\t<meta property=\"og:image:height\" content=\"400\" \/>\n\t<meta property=\"og:image:type\" content=\"image\/jpeg\" \/>\n<meta name=\"author\" content=\"Lo viste en Los Pol\u00edticos\" \/>\n<meta name=\"twitter:card\" content=\"summary_large_image\" \/>\n<meta name=\"twitter:creator\" content=\"@LosPoliticosVer\" \/>\n<meta name=\"twitter:site\" content=\"@LosPoliticosVer\" \/>\n<meta name=\"twitter:label1\" content=\"Escrito por\" \/>\n\t<meta name=\"twitter:data1\" content=\"Lo viste en Los Pol\u00edticos\" \/>\n\t<meta name=\"twitter:label2\" content=\"Tiempo de lectura\" \/>\n\t<meta name=\"twitter:data2\" content=\"3 minutos\" \/>\n<script type=\"application\/ld+json\" class=\"yoast-schema-graph\">{\"@context\":\"https:\\\/\\\/schema.org\",\"@graph\":[{\"@type\":\"Article\",\"@id\":\"https:\\\/\\\/lospoliticosveracruz.com\\\/?p=47599#article\",\"isPartOf\":{\"@id\":\"https:\\\/\\\/lospoliticosveracruz.com\\\/?p=47599\"},\"author\":{\"name\":\"Lo viste en Los Pol\u00edticos\",\"@id\":\"https:\\\/\\\/lospoliticosveracruz.com\\\/#\\\/schema\\\/person\\\/b8702bb0e538456e6efd07080bf2a4a2\"},\"headline\":\"Entre la basura y nuestras autoridades\",\"datePublished\":\"2019-03-29T04:55:54+00:00\",\"mainEntityOfPage\":{\"@id\":\"https:\\\/\\\/lospoliticosveracruz.com\\\/?p=47599\"},\"wordCount\":691,\"commentCount\":0,\"publisher\":{\"@id\":\"https:\\\/\\\/lospoliticosveracruz.com\\\/#organization\"},\"image\":{\"@id\":\"https:\\\/\\\/lospoliticosveracruz.com\\\/?p=47599#primaryimage\"},\"thumbnailUrl\":\"https:\\\/\\\/lospoliticosveracruz.com\\\/wp-content\\\/uploads\\\/2019\\\/03\\\/Basura1.jpeg\",\"keywords\":[\"Hip\u00f3lito Rodr\u00edguez Herrero\",\"Jos\u00e9 Manuel Pozos Castro\",\"Limpia P\u00fablica\",\"Morena\",\"PAN\",\"PRI\",\"relleno sanitario\",\"Seguridad P\u00fablica\",\"Xalapa\"],\"articleSection\":[\"De Opini\u00f3n\"],\"inLanguage\":\"es\",\"potentialAction\":[{\"@type\":\"CommentAction\",\"name\":\"Comment\",\"target\":[\"https:\\\/\\\/lospoliticosveracruz.com\\\/?p=47599#respond\"]}]},{\"@type\":\"WebPage\",\"@id\":\"https:\\\/\\\/lospoliticosveracruz.com\\\/?p=47599\",\"url\":\"https:\\\/\\\/lospoliticosveracruz.com\\\/?p=47599\",\"name\":\"Entre la basura y nuestras autoridades - Los pol\u00edticos Veracruz\",\"isPartOf\":{\"@id\":\"https:\\\/\\\/lospoliticosveracruz.com\\\/#website\"},\"primaryImageOfPage\":{\"@id\":\"https:\\\/\\\/lospoliticosveracruz.com\\\/?p=47599#primaryimage\"},\"image\":{\"@id\":\"https:\\\/\\\/lospoliticosveracruz.com\\\/?p=47599#primaryimage\"},\"thumbnailUrl\":\"https:\\\/\\\/lospoliticosveracruz.com\\\/wp-content\\\/uploads\\\/2019\\\/03\\\/Basura1.jpeg\",\"datePublished\":\"2019-03-29T04:55:54+00:00\",\"breadcrumb\":{\"@id\":\"https:\\\/\\\/lospoliticosveracruz.com\\\/?p=47599#breadcrumb\"},\"inLanguage\":\"es\",\"potentialAction\":[{\"@type\":\"ReadAction\",\"target\":[\"https:\\\/\\\/lospoliticosveracruz.com\\\/?p=47599\"]}]},{\"@type\":\"ImageObject\",\"inLanguage\":\"es\",\"@id\":\"https:\\\/\\\/lospoliticosveracruz.com\\\/?p=47599#primaryimage\",\"url\":\"https:\\\/\\\/lospoliticosveracruz.com\\\/wp-content\\\/uploads\\\/2019\\\/03\\\/Basura1.jpeg\",\"contentUrl\":\"https:\\\/\\\/lospoliticosveracruz.com\\\/wp-content\\\/uploads\\\/2019\\\/03\\\/Basura1.jpeg\",\"width\":600,\"height\":400},{\"@type\":\"BreadcrumbList\",\"@id\":\"https:\\\/\\\/lospoliticosveracruz.com\\\/?p=47599#breadcrumb\",\"itemListElement\":[{\"@type\":\"ListItem\",\"position\":1,\"name\":\"Portada\",\"item\":\"https:\\\/\\\/lospoliticosveracruz.com\\\/\"},{\"@type\":\"ListItem\",\"position\":2,\"name\":\"Entre la basura y nuestras autoridades\"}]},{\"@type\":\"WebSite\",\"@id\":\"https:\\\/\\\/lospoliticosveracruz.com\\\/#website\",\"url\":\"https:\\\/\\\/lospoliticosveracruz.com\\\/\",\"name\":\"Los pol\u00edticos Veracruz\",\"description\":\"\",\"publisher\":{\"@id\":\"https:\\\/\\\/lospoliticosveracruz.com\\\/#organization\"},\"potentialAction\":[{\"@type\":\"SearchAction\",\"target\":{\"@type\":\"EntryPoint\",\"urlTemplate\":\"https:\\\/\\\/lospoliticosveracruz.com\\\/?s={search_term_string}\"},\"query-input\":{\"@type\":\"PropertyValueSpecification\",\"valueRequired\":true,\"valueName\":\"search_term_string\"}}],\"inLanguage\":\"es\"},{\"@type\":\"Organization\",\"@id\":\"https:\\\/\\\/lospoliticosveracruz.com\\\/#organization\",\"name\":\"Los pol\u00edticos Veracruz\",\"url\":\"https:\\\/\\\/lospoliticosveracruz.com\\\/\",\"logo\":{\"@type\":\"ImageObject\",\"inLanguage\":\"es\",\"@id\":\"https:\\\/\\\/lospoliticosveracruz.com\\\/#\\\/schema\\\/logo\\\/image\\\/\",\"url\":\"https:\\\/\\\/lospoliticosveracruz.com\\\/wp-content\\\/uploads\\\/2025\\\/12\\\/Logo-Nuevo-LOS-POLITICOS-1.jpg\",\"contentUrl\":\"https:\\\/\\\/lospoliticosveracruz.com\\\/wp-content\\\/uploads\\\/2025\\\/12\\\/Logo-Nuevo-LOS-POLITICOS-1.jpg\",\"width\":260,\"height\":70,\"caption\":\"Los pol\u00edticos Veracruz\"},\"image\":{\"@id\":\"https:\\\/\\\/lospoliticosveracruz.com\\\/#\\\/schema\\\/logo\\\/image\\\/\"},\"sameAs\":[\"https:\\\/\\\/www.facebook.com\\\/people\\\/Notimemes-de-los-Polticos\\\/61565672886568\\\/\",\"https:\\\/\\\/x.com\\\/LosPoliticosVer\"]},{\"@type\":\"Person\",\"@id\":\"https:\\\/\\\/lospoliticosveracruz.com\\\/#\\\/schema\\\/person\\\/b8702bb0e538456e6efd07080bf2a4a2\",\"name\":\"Lo viste en Los Pol\u00edticos\",\"image\":{\"@type\":\"ImageObject\",\"inLanguage\":\"es\",\"@id\":\"https:\\\/\\\/secure.gravatar.com\\\/avatar\\\/3a8de04a2656d44082be478bd6c086daa447c4651605818287b9532d3d0bd435?s=96&d=mm&r=g\",\"url\":\"https:\\\/\\\/secure.gravatar.com\\\/avatar\\\/3a8de04a2656d44082be478bd6c086daa447c4651605818287b9532d3d0bd435?s=96&d=mm&r=g\",\"contentUrl\":\"https:\\\/\\\/secure.gravatar.com\\\/avatar\\\/3a8de04a2656d44082be478bd6c086daa447c4651605818287b9532d3d0bd435?s=96&d=mm&r=g\",\"caption\":\"Lo viste en Los Pol\u00edticos\"},\"url\":\"https:\\\/\\\/lospoliticosveracruz.com\\\/?author=2\"}]}<\/script>\n<!-- \/ Yoast SEO plugin. -->","yoast_head_json":{"title":"Entre la basura y nuestras autoridades - Los pol\u00edticos Veracruz","robots":{"index":"index","follow":"follow","max-snippet":"max-snippet:-1","max-image-preview":"max-image-preview:large","max-video-preview":"max-video-preview:-1"},"canonical":"https:\/\/lospoliticosveracruz.com\/?p=47599","og_locale":"es_ES","og_type":"article","og_title":"Entre la basura y nuestras autoridades - Los pol\u00edticos Veracruz","og_description":"Salvador Mu\u00f1oz Los Pol\u00edticos Ac\u00e1, en su casa, se cumplieron cuatro d\u00edas de que el servicio de Limpia P\u00fablica no pasa\u2026 a diferencia de otros lugares, en el vecindario tenemos contenedores, es decir, no se est\u00e1 a la espera de escuchar el campanazo para salir en chinga con las bolsas de basura y dejarlas en [&hellip;]","og_url":"https:\/\/lospoliticosveracruz.com\/?p=47599","og_site_name":"Los pol\u00edticos Veracruz","article_publisher":"https:\/\/www.facebook.com\/people\/Notimemes-de-los-Polticos\/61565672886568\/","article_published_time":"2019-03-29T04:55:54+00:00","og_image":[{"width":600,"height":400,"url":"https:\/\/lospoliticosveracruz.com\/wp-content\/uploads\/2019\/03\/Basura1.jpeg","type":"image\/jpeg"}],"author":"Lo viste en Los Pol\u00edticos","twitter_card":"summary_large_image","twitter_creator":"@LosPoliticosVer","twitter_site":"@LosPoliticosVer","twitter_misc":{"Escrito por":"Lo viste en Los Pol\u00edticos","Tiempo de lectura":"3 minutos"},"schema":{"@context":"https:\/\/schema.org","@graph":[{"@type":"Article","@id":"https:\/\/lospoliticosveracruz.com\/?p=47599#article","isPartOf":{"@id":"https:\/\/lospoliticosveracruz.com\/?p=47599"},"author":{"name":"Lo viste en Los Pol\u00edticos","@id":"https:\/\/lospoliticosveracruz.com\/#\/schema\/person\/b8702bb0e538456e6efd07080bf2a4a2"},"headline":"Entre la basura y nuestras autoridades","datePublished":"2019-03-29T04:55:54+00:00","mainEntityOfPage":{"@id":"https:\/\/lospoliticosveracruz.com\/?p=47599"},"wordCount":691,"commentCount":0,"publisher":{"@id":"https:\/\/lospoliticosveracruz.com\/#organization"},"image":{"@id":"https:\/\/lospoliticosveracruz.com\/?p=47599#primaryimage"},"thumbnailUrl":"https:\/\/lospoliticosveracruz.com\/wp-content\/uploads\/2019\/03\/Basura1.jpeg","keywords":["Hip\u00f3lito Rodr\u00edguez Herrero","Jos\u00e9 Manuel Pozos Castro","Limpia P\u00fablica","Morena","PAN","PRI","relleno sanitario","Seguridad P\u00fablica","Xalapa"],"articleSection":["De Opini\u00f3n"],"inLanguage":"es","potentialAction":[{"@type":"CommentAction","name":"Comment","target":["https:\/\/lospoliticosveracruz.com\/?p=47599#respond"]}]},{"@type":"WebPage","@id":"https:\/\/lospoliticosveracruz.com\/?p=47599","url":"https:\/\/lospoliticosveracruz.com\/?p=47599","name":"Entre la basura y nuestras autoridades - Los pol\u00edticos Veracruz","isPartOf":{"@id":"https:\/\/lospoliticosveracruz.com\/#website"},"primaryImageOfPage":{"@id":"https:\/\/lospoliticosveracruz.com\/?p=47599#primaryimage"},"image":{"@id":"https:\/\/lospoliticosveracruz.com\/?p=47599#primaryimage"},"thumbnailUrl":"https:\/\/lospoliticosveracruz.com\/wp-content\/uploads\/2019\/03\/Basura1.jpeg","datePublished":"2019-03-29T04:55:54+00:00","breadcrumb":{"@id":"https:\/\/lospoliticosveracruz.com\/?p=47599#breadcrumb"},"inLanguage":"es","potentialAction":[{"@type":"ReadAction","target":["https:\/\/lospoliticosveracruz.com\/?p=47599"]}]},{"@type":"ImageObject","inLanguage":"es","@id":"https:\/\/lospoliticosveracruz.com\/?p=47599#primaryimage","url":"https:\/\/lospoliticosveracruz.com\/wp-content\/uploads\/2019\/03\/Basura1.jpeg","contentUrl":"https:\/\/lospoliticosveracruz.com\/wp-content\/uploads\/2019\/03\/Basura1.jpeg","width":600,"height":400},{"@type":"BreadcrumbList","@id":"https:\/\/lospoliticosveracruz.com\/?p=47599#breadcrumb","itemListElement":[{"@type":"ListItem","position":1,"name":"Portada","item":"https:\/\/lospoliticosveracruz.com\/"},{"@type":"ListItem","position":2,"name":"Entre la basura y nuestras autoridades"}]},{"@type":"WebSite","@id":"https:\/\/lospoliticosveracruz.com\/#website","url":"https:\/\/lospoliticosveracruz.com\/","name":"Los pol\u00edticos Veracruz","description":"","publisher":{"@id":"https:\/\/lospoliticosveracruz.com\/#organization"},"potentialAction":[{"@type":"SearchAction","target":{"@type":"EntryPoint","urlTemplate":"https:\/\/lospoliticosveracruz.com\/?s={search_term_string}"},"query-input":{"@type":"PropertyValueSpecification","valueRequired":true,"valueName":"search_term_string"}}],"inLanguage":"es"},{"@type":"Organization","@id":"https:\/\/lospoliticosveracruz.com\/#organization","name":"Los pol\u00edticos Veracruz","url":"https:\/\/lospoliticosveracruz.com\/","logo":{"@type":"ImageObject","inLanguage":"es","@id":"https:\/\/lospoliticosveracruz.com\/#\/schema\/logo\/image\/","url":"https:\/\/lospoliticosveracruz.com\/wp-content\/uploads\/2025\/12\/Logo-Nuevo-LOS-POLITICOS-1.jpg","contentUrl":"https:\/\/lospoliticosveracruz.com\/wp-content\/uploads\/2025\/12\/Logo-Nuevo-LOS-POLITICOS-1.jpg","width":260,"height":70,"caption":"Los pol\u00edticos Veracruz"},"image":{"@id":"https:\/\/lospoliticosveracruz.com\/#\/schema\/logo\/image\/"},"sameAs":["https:\/\/www.facebook.com\/people\/Notimemes-de-los-Polticos\/61565672886568\/","https:\/\/x.com\/LosPoliticosVer"]},{"@type":"Person","@id":"https:\/\/lospoliticosveracruz.com\/#\/schema\/person\/b8702bb0e538456e6efd07080bf2a4a2","name":"Lo viste en Los Pol\u00edticos","image":{"@type":"ImageObject","inLanguage":"es","@id":"https:\/\/secure.gravatar.com\/avatar\/3a8de04a2656d44082be478bd6c086daa447c4651605818287b9532d3d0bd435?s=96&d=mm&r=g","url":"https:\/\/secure.gravatar.com\/avatar\/3a8de04a2656d44082be478bd6c086daa447c4651605818287b9532d3d0bd435?s=96&d=mm&r=g","contentUrl":"https:\/\/secure.gravatar.com\/avatar\/3a8de04a2656d44082be478bd6c086daa447c4651605818287b9532d3d0bd435?s=96&d=mm&r=g","caption":"Lo viste en Los Pol\u00edticos"},"url":"https:\/\/lospoliticosveracruz.com\/?author=2"}]}},"_links":{"self":[{"href":"https:\/\/lospoliticosveracruz.com\/index.php?rest_route=\/wp\/v2\/posts\/47599","targetHints":{"allow":["GET"]}}],"collection":[{"href":"https:\/\/lospoliticosveracruz.com\/index.php?rest_route=\/wp\/v2\/posts"}],"about":[{"href":"https:\/\/lospoliticosveracruz.com\/index.php?rest_route=\/wp\/v2\/types\/post"}],"author":[{"embeddable":true,"href":"https:\/\/lospoliticosveracruz.com\/index.php?rest_route=\/wp\/v2\/users\/2"}],"replies":[{"embeddable":true,"href":"https:\/\/lospoliticosveracruz.com\/index.php?rest_route=%2Fwp%2Fv2%2Fcomments&post=47599"}],"version-history":[{"count":1,"href":"https:\/\/lospoliticosveracruz.com\/index.php?rest_route=\/wp\/v2\/posts\/47599\/revisions"}],"predecessor-version":[{"id":47601,"href":"https:\/\/lospoliticosveracruz.com\/index.php?rest_route=\/wp\/v2\/posts\/47599\/revisions\/47601"}],"wp:featuredmedia":[{"embeddable":true,"href":"https:\/\/lospoliticosveracruz.com\/index.php?rest_route=\/wp\/v2\/media\/47600"}],"wp:attachment":[{"href":"https:\/\/lospoliticosveracruz.com\/index.php?rest_route=%2Fwp%2Fv2%2Fmedia&parent=47599"}],"wp:term":[{"taxonomy":"category","embeddable":true,"href":"https:\/\/lospoliticosveracruz.com\/index.php?rest_route=%2Fwp%2Fv2%2Fcategories&post=47599"},{"taxonomy":"post_tag","embeddable":true,"href":"https:\/\/lospoliticosveracruz.com\/index.php?rest_route=%2Fwp%2Fv2%2Ftags&post=47599"}],"curies":[{"name":"wp","href":"https:\/\/api.w.org\/{rel}","templated":true}]}}