{"id":47638,"date":"2019-04-01T07:04:55","date_gmt":"2019-04-01T13:04:55","guid":{"rendered":"http:\/\/www.lospoliticosveracruz.com.mx\/?p=47638"},"modified":"2019-04-01T07:04:55","modified_gmt":"2019-04-01T13:04:55","slug":"reprueban-a-cuic","status":"publish","type":"post","link":"https:\/\/lospoliticosveracruz.com\/?p=47638","title":{"rendered":"Reprueban a Cuic"},"content":{"rendered":"<p><strong>Salvador Mu\u00f1oz<\/strong><\/p>\n<p><em>Los Pol\u00edticos<\/em><\/p>\n<p><span style=\"font-weight: 400;\">La sentencia del Pejedente L\u00f3pez Obrador fue clara: \u201cme da much\u00edsimo gusto el que aqu\u00ed, en Veracruz, gobierne Cuitl\u00e1huac Garc\u00eda, un hombre honesto, con convicciones\u201d.<\/span><\/p>\n<p><span style=\"font-weight: 400;\">Los morenos de Veracruz celebraron el adjetivo y todav\u00eda pusieron la cereza cuando AMLO <\/span><span style=\"font-weight: 400;\">afirm\u00f3: \u201cestamos trabajando de com\u00fan acuerdo\u201d. Todo esto, en la gira del fin de semana que realiz\u00f3 el mandatario Andr\u00e9s Manuel por la entidad.<\/span><\/p>\n<p><span style=\"font-weight: 400;\">Quiz\u00e1s por eso, en la reciente encuesta que realiz\u00f3 Arias Consultores, Garc\u00eda Jim\u00e9nez aparezca en el sexto lugar como uno de los Gobernadores que mejor relaci\u00f3n guarda con el Presidente de la Rep\u00fablica. Recuerden que mucho se ha dicho o sembrado que Cuitl\u00e1huac es una especie de \u201cNene Consentido\u201d del tabasque\u00f1o (que no \u201cBodoque de L\u00f3pez Obrador\u201d, dixit el mismo Cuic) ya sea por empat\u00eda con el xalape\u00f1o o ya sea empat\u00eda con la entidad, pues el Peje grita a los cuatro vientos que tambi\u00e9n es veracruzano.<\/span><\/p>\n<p><span style=\"font-weight: 400;\">Si bien es cierto, los morenos pueden celebrar la \u00faltima pregunta que hace esta encuesta de Arias Consultores celebrada el pasado fin de semana, v\u00eda Facebook, igual deber\u00eda de analizarse desde otro contexto, m\u00e1s cuando por encima de Cuitl\u00e1huac aparece un gobernador del PRI y uno del PAN (Quirino Ordaz, Sinaloa; y Mauricio Vila, Yucat\u00e1n) y la \u201cl\u00f3gica pol\u00edtica\u201d deber\u00eda ser que despu\u00e9s de Claudia Sheinbaum (Ciudad de M\u00e9xico) y Ad\u00e1n Augusto L\u00f3pez (Tabasco), \u201cel Bodoque de L\u00f3pez Obrador\u201d ocupara el tercer lugar que tiene otro estado pejista: Chiapas, con Rutilio Moreno. No obstante, el sexto lugar es bueno, demasiado bueno, cuando se analiza el resto de las diez preguntas que hace Arias Consultores, as\u00ed como sus resultados.<\/span><\/p>\n<p><span style=\"font-weight: 400;\">Por ejemplo, en la calificaci\u00f3n en el desempe\u00f1o de los gobernadores, aparece en primer lugar el pri\u00edsta Quirino Ordaz Coppel (Sinaloa) seguido del panista Mauricio Vila (Yucat\u00e1n) y en tercer lugar, otro panista, Joaqu\u00edn Rosas Aispuro (Durango). En el lugar 25, de 32, aparece Cuitl\u00e1huac Garc\u00eda Jim\u00e9nez. En t\u00e9rminos llanos: reprobado.<\/span><\/p>\n<p><span style=\"font-weight: 400;\">Al cuestionamiento de qu\u00e9 tanto de confianza se le tiene al Gobernador, tanto Quirino Ordaz como Mauricio Vila aparecen en primer y tercer lugar respectivamente. El segundo lugar se lo lleva Diego Sinhu\u00e9 Rodr\u00edguez Vallejo, otro panista, pero mandatario de Guanajuato. Jim\u00e9nez Garc\u00eda aparece en el puesto 18 con un 70% aproximado de desconfianza.<\/span><\/p>\n<p><span style=\"font-weight: 400;\">Sobre si el cibernauta considera que si ha mejorado la confianza del empresario para invertir en el estado, los yucatecos en primer lugar, piensan que s\u00ed, seguidos de los sinaloenses y queretanos, \u00e9stos \u00faltimos, gobernados por Francisco Dom\u00ednguez, panista. Los veracruzanos externaron su poca fe en que haya inversiones ubicando a la entidad en el lugar 26.<\/span><\/p>\n<p><span style=\"font-weight: 400;\">Sobre si ha mejorado la entrega de apoyos a personas de escasos recursos, los de Sinaloa creen que s\u00ed al igual que los de Yucat\u00e1n y Tamaulipas; esta \u00faltima entidad, gobernada por el panista Francisco Garc\u00eda Cabeza de Vaca. En el lugar 21 se ubic\u00f3 a Veracruz.<\/span><\/p>\n<p><span style=\"font-weight: 400;\">Esta pregunta es harto interesante, m\u00e1s cuando hace unos d\u00edas prometi\u00f3 la millonada L\u00f3pez Obrador para Veracruz en materia de infraestructura: \u00bfHa mejorado la obra p\u00fablica estatal? Los internautas de Sinaloa, Yucat\u00e1n y Quer\u00e9taro se llevan en ese orden los tres primeros lugares. Los veracruzanos consideran que no, al ubicarse la entidad en el lugar 26.<\/span><\/p>\n<p><span style=\"font-weight: 400;\">De seguro han de haber visto al doctor Roberto Ramos Alor, titular de Salud, moverse con su bata de galeno por todos lados. Igual deben haber escuchado a Cuitl\u00e1huac Garc\u00eda Jim\u00e9nez contar una y otra vez que el doctor Ramos, en navidad y a\u00f1o nuevo, fue el \u00fanico funcionario que prest\u00f3 sus servicios haciendo guardia en algunos nosocomios lejos de su hogar. La referencia viene a cuento porque la siguiente pregunta cuestiona si han mejorado los servicios de Salud. Pues en Yucat\u00e1n, Quer\u00e9taro y Sinaloa creen que s\u00ed\u2026 \u00bfY en Veracruz? Estando en el lugar 24, con el casi 80 por ciento de respuestas negativas, parece que la percepci\u00f3n es de que no, ni con la bata del doctor ni con las an\u00e9cdotas de Cuic.<\/span><\/p>\n<p><span style=\"font-weight: 400;\">\u00bfY en materia de Turismo? Yucat\u00e1n, Sinaloa y Quer\u00e9taro est\u00e1n por encima de entidades que uno pudiera tener como referencia inmediata en esta actividad, como es Quintana Roo (lugar 22), Oaxaca (4), Baja California Sur (5), Guerrero (11), Guanajuato (12) y Ciudad de M\u00e9xico (26)&#8230; \u00bfy Veracruz, entidad rica en diversas ramas tur\u00edsticas? Ocupa el lugar 27, cuya percepci\u00f3n es que al menos en estos cuatro meses, la Industria sin Chimenea no se ve ni se siente.<\/span><\/p>\n<p><span style=\"font-weight: 400;\">Sobre si se cree que ha disminuido la corrupci\u00f3n, una de las banderas de Morena en el poder, Yucat\u00e1n y Quer\u00e9taro se llevan los dos primeros lugares y aparece en escena Aguascalientes, del panista Mart\u00edn Orozco Sandoval. Si bien Veracruz aparece en el lugar 16, el 77.4 por ciento de los encuestados cree que no ha disminuido. \u00bfQu\u00e9 factores pueden incluir en ello? Puede ser la reciente deuda contra\u00edda y unos millones de \u00e9sa que qui\u00e9n sabe a d\u00f3nde fueron a parar, o bien, los esc\u00e1ndalos de nepotismo entre sus funcionarios y diputados\u2026<\/span><\/p>\n<p><span style=\"font-weight: 400;\">\u00bfCree que ha mejorado la Seguridad? Si bien Cuitl\u00e1huac Garc\u00eda ha insistido que los resultados en esta materia se ver\u00e1n en dos a\u00f1os, a los ciudadanos les interesa el ahora, y quiz\u00e1s por eso, los internautas ubican a Veracruz en el lugar 29, y en descenso Baja California, Quintana Roo y Morelos. \u00a1Ah! Los primeros lugares positivos se los lleva Yucat\u00e1n, Aguascalientes y Baja California Sur, gobernado por el panista Carlos Mendoza Davis.<\/span><\/p>\n<p><span style=\"font-weight: 400;\">\u00bfC\u00f3mo te sientes viviendo en tu estado? El 90 por ciento de los encuestados en Veracruz respondieron que \u201cInseguro\u201d. Lugar 29. Los tres primeros lugares donde la gente se siente segura, son los mismos anteriores.<\/span><\/p>\n<p><span style=\"font-weight: 400;\">S\u00ed, hablamos de percepci\u00f3n porque al final, en una encuesta, eso es lo que se maneja\u2026 percepci\u00f3n, que es la misma que aplica Andr\u00e9s Manuel L\u00f3pez Obrador cuando califica a Cuitl\u00e1huac Garc\u00eda Jim\u00e9nez como honesto\u2026 aunque si bien no deja de ser una buena cualidad, est\u00e1 claro que se requieren mucho m\u00e1s que valores para Gobernar, como experiencia, conocimiento, inteligencia, visi\u00f3n que bien pudi\u00e9ramos resumirlo en tres: Capacidad, Autoridad y Respeto y con ello, abrir una nueva encuesta\u2026 \u00bfCree que el Cuic tiene capacidad, autoridad y el respeto de los veracruzanos? S\u00ed \/ No.<\/span><\/p>\n<p>&nbsp;<\/p>\n<p><span style=\"font-weight: 400;\">smcainito@gmail.com<\/span><\/p>\n","protected":false},"excerpt":{"rendered":"<p>Salvador Mu\u00f1oz Los Pol\u00edticos La sentencia del Pejedente L\u00f3pez Obrador fue clara: \u201cme da much\u00edsimo gusto el que aqu\u00ed, en Veracruz, gobierne Cuitl\u00e1huac Garc\u00eda, un hombre honesto, con convicciones\u201d. Los morenos de Veracruz celebraron el adjetivo y todav\u00eda pusieron la cereza cuando AMLO afirm\u00f3: \u201cestamos trabajando de com\u00fan acuerdo\u201d. Todo esto, en la gira del [&hellip;]<\/p>\n","protected":false},"author":2,"featured_media":47639,"comment_status":"open","ping_status":"open","sticky":false,"template":"","format":"standard","meta":{"tdm_status":"","tdm_grid_status":"","footnotes":""},"categories":[70],"tags":[618,8981,544,3795,9627,1563,14366,4108,242,14367,2356,14365,14362,14361,12606,14364,90,6868,2231,380,5360],"class_list":{"0":"post-47638","1":"post","2":"type-post","3":"status-publish","4":"format-standard","5":"has-post-thumbnail","7":"category-de-opinion","8":"tag-andres-manuel-lopez-obrador","9":"tag-carlos-mendoza-davis","10":"tag-chiapas","11":"tag-ciudad-de-mexico","12":"tag-claudia-sheinbaum","13":"tag-cuitlahuac-garcia-jimenez","14":"tag-diego-sinhue-rodriguez-vallejo","15":"tag-durango","16":"tag-facebook","17":"tag-francisco-garcia-cabeza-de-vaca","18":"tag-guanajuato","19":"tag-joaquin-rosas-aispuro","20":"tag-mauricio-vila","21":"tag-quirino-ordaz","22":"tag-roberto-ramos-alor","23":"tag-rutilio-moreno","24":"tag-salud","25":"tag-sinaloa","26":"tag-tabasco","27":"tag-tamaulipas","28":"tag-yucatan"},"yoast_head":"<!-- This site is optimized with the Yoast SEO plugin v27.4 - https:\/\/yoast.com\/product\/yoast-seo-wordpress\/ -->\n<title>Reprueban a Cuic - Los pol\u00edticos Veracruz<\/title>\n<meta name=\"robots\" content=\"index, follow, max-snippet:-1, max-image-preview:large, max-video-preview:-1\" \/>\n<link rel=\"canonical\" href=\"https:\/\/lospoliticosveracruz.com\/?p=47638\" \/>\n<meta property=\"og:locale\" content=\"es_ES\" \/>\n<meta property=\"og:type\" content=\"article\" \/>\n<meta property=\"og:title\" content=\"Reprueban a Cuic - Los pol\u00edticos Veracruz\" \/>\n<meta property=\"og:description\" content=\"Salvador Mu\u00f1oz Los Pol\u00edticos La sentencia del Pejedente L\u00f3pez Obrador fue clara: \u201cme da much\u00edsimo gusto el que aqu\u00ed, en Veracruz, gobierne Cuitl\u00e1huac Garc\u00eda, un hombre honesto, con convicciones\u201d. Los morenos de Veracruz celebraron el adjetivo y todav\u00eda pusieron la cereza cuando AMLO afirm\u00f3: \u201cestamos trabajando de com\u00fan acuerdo\u201d. Todo esto, en la gira del [&hellip;]\" \/>\n<meta property=\"og:url\" content=\"https:\/\/lospoliticosveracruz.com\/?p=47638\" \/>\n<meta property=\"og:site_name\" content=\"Los pol\u00edticos Veracruz\" \/>\n<meta property=\"article:publisher\" content=\"https:\/\/www.facebook.com\/people\/Notimemes-de-los-Polticos\/61565672886568\/\" \/>\n<meta property=\"article:published_time\" content=\"2019-04-01T13:04:55+00:00\" \/>\n<meta property=\"og:image\" content=\"https:\/\/lospoliticosveracruz.com\/wp-content\/uploads\/2019\/03\/Gobernador.jpg\" \/>\n\t<meta property=\"og:image:width\" content=\"600\" \/>\n\t<meta property=\"og:image:height\" content=\"437\" \/>\n\t<meta property=\"og:image:type\" content=\"image\/jpeg\" \/>\n<meta name=\"author\" content=\"Lo viste en Los Pol\u00edticos\" \/>\n<meta name=\"twitter:card\" content=\"summary_large_image\" \/>\n<meta name=\"twitter:creator\" content=\"@LosPoliticosVer\" \/>\n<meta name=\"twitter:site\" content=\"@LosPoliticosVer\" \/>\n<meta name=\"twitter:label1\" content=\"Escrito por\" \/>\n\t<meta name=\"twitter:data1\" content=\"Lo viste en Los Pol\u00edticos\" \/>\n\t<meta name=\"twitter:label2\" content=\"Tiempo de lectura\" \/>\n\t<meta name=\"twitter:data2\" content=\"6 minutos\" \/>\n<script type=\"application\/ld+json\" class=\"yoast-schema-graph\">{\"@context\":\"https:\\\/\\\/schema.org\",\"@graph\":[{\"@type\":\"Article\",\"@id\":\"https:\\\/\\\/lospoliticosveracruz.com\\\/?p=47638#article\",\"isPartOf\":{\"@id\":\"https:\\\/\\\/lospoliticosveracruz.com\\\/?p=47638\"},\"author\":{\"name\":\"Lo viste en Los Pol\u00edticos\",\"@id\":\"https:\\\/\\\/lospoliticosveracruz.com\\\/#\\\/schema\\\/person\\\/b8702bb0e538456e6efd07080bf2a4a2\"},\"headline\":\"Reprueban a Cuic\",\"datePublished\":\"2019-04-01T13:04:55+00:00\",\"mainEntityOfPage\":{\"@id\":\"https:\\\/\\\/lospoliticosveracruz.com\\\/?p=47638\"},\"wordCount\":1113,\"commentCount\":0,\"publisher\":{\"@id\":\"https:\\\/\\\/lospoliticosveracruz.com\\\/#organization\"},\"image\":{\"@id\":\"https:\\\/\\\/lospoliticosveracruz.com\\\/?p=47638#primaryimage\"},\"thumbnailUrl\":\"https:\\\/\\\/lospoliticosveracruz.com\\\/wp-content\\\/uploads\\\/2019\\\/03\\\/Gobernador.jpg\",\"keywords\":[\"Andr\u00e9s Manuel L\u00f3pez Obrador\",\"Carlos Mendoza Davis\",\"Chiapas\",\"Ciudad de M\u00e9xico\",\"Claudia Sheinbaum\",\"Cuitl\u00e1huac Garc\u00eda Jim\u00e9nez\",\"Diego Sinhu\u00e9 Rodr\u00edguez Vallejo\",\"Durango\",\"facebook\",\"Francisco Garc\u00eda Cabeza de Vaca\",\"Guanajuato\",\"Joaqu\u00edn Rosas Aispuro\",\"Mauricio Vila\",\"Quirino Ordaz\",\"Roberto Ramos Alor\",\"Rutilio Moreno\",\"Salud\",\"Sinaloa\",\"Tabasco\",\"Tamaulipas\",\"Yucat\u00e1n\"],\"articleSection\":[\"De Opini\u00f3n\"],\"inLanguage\":\"es\",\"potentialAction\":[{\"@type\":\"CommentAction\",\"name\":\"Comment\",\"target\":[\"https:\\\/\\\/lospoliticosveracruz.com\\\/?p=47638#respond\"]}]},{\"@type\":\"WebPage\",\"@id\":\"https:\\\/\\\/lospoliticosveracruz.com\\\/?p=47638\",\"url\":\"https:\\\/\\\/lospoliticosveracruz.com\\\/?p=47638\",\"name\":\"Reprueban a Cuic - Los pol\u00edticos Veracruz\",\"isPartOf\":{\"@id\":\"https:\\\/\\\/lospoliticosveracruz.com\\\/#website\"},\"primaryImageOfPage\":{\"@id\":\"https:\\\/\\\/lospoliticosveracruz.com\\\/?p=47638#primaryimage\"},\"image\":{\"@id\":\"https:\\\/\\\/lospoliticosveracruz.com\\\/?p=47638#primaryimage\"},\"thumbnailUrl\":\"https:\\\/\\\/lospoliticosveracruz.com\\\/wp-content\\\/uploads\\\/2019\\\/03\\\/Gobernador.jpg\",\"datePublished\":\"2019-04-01T13:04:55+00:00\",\"breadcrumb\":{\"@id\":\"https:\\\/\\\/lospoliticosveracruz.com\\\/?p=47638#breadcrumb\"},\"inLanguage\":\"es\",\"potentialAction\":[{\"@type\":\"ReadAction\",\"target\":[\"https:\\\/\\\/lospoliticosveracruz.com\\\/?p=47638\"]}]},{\"@type\":\"ImageObject\",\"inLanguage\":\"es\",\"@id\":\"https:\\\/\\\/lospoliticosveracruz.com\\\/?p=47638#primaryimage\",\"url\":\"https:\\\/\\\/lospoliticosveracruz.com\\\/wp-content\\\/uploads\\\/2019\\\/03\\\/Gobernador.jpg\",\"contentUrl\":\"https:\\\/\\\/lospoliticosveracruz.com\\\/wp-content\\\/uploads\\\/2019\\\/03\\\/Gobernador.jpg\",\"width\":600,\"height\":437},{\"@type\":\"BreadcrumbList\",\"@id\":\"https:\\\/\\\/lospoliticosveracruz.com\\\/?p=47638#breadcrumb\",\"itemListElement\":[{\"@type\":\"ListItem\",\"position\":1,\"name\":\"Portada\",\"item\":\"https:\\\/\\\/lospoliticosveracruz.com\\\/\"},{\"@type\":\"ListItem\",\"position\":2,\"name\":\"Reprueban a Cuic\"}]},{\"@type\":\"WebSite\",\"@id\":\"https:\\\/\\\/lospoliticosveracruz.com\\\/#website\",\"url\":\"https:\\\/\\\/lospoliticosveracruz.com\\\/\",\"name\":\"Los pol\u00edticos Veracruz\",\"description\":\"\",\"publisher\":{\"@id\":\"https:\\\/\\\/lospoliticosveracruz.com\\\/#organization\"},\"potentialAction\":[{\"@type\":\"SearchAction\",\"target\":{\"@type\":\"EntryPoint\",\"urlTemplate\":\"https:\\\/\\\/lospoliticosveracruz.com\\\/?s={search_term_string}\"},\"query-input\":{\"@type\":\"PropertyValueSpecification\",\"valueRequired\":true,\"valueName\":\"search_term_string\"}}],\"inLanguage\":\"es\"},{\"@type\":\"Organization\",\"@id\":\"https:\\\/\\\/lospoliticosveracruz.com\\\/#organization\",\"name\":\"Los pol\u00edticos Veracruz\",\"url\":\"https:\\\/\\\/lospoliticosveracruz.com\\\/\",\"logo\":{\"@type\":\"ImageObject\",\"inLanguage\":\"es\",\"@id\":\"https:\\\/\\\/lospoliticosveracruz.com\\\/#\\\/schema\\\/logo\\\/image\\\/\",\"url\":\"https:\\\/\\\/lospoliticosveracruz.com\\\/wp-content\\\/uploads\\\/2025\\\/12\\\/Logo-Nuevo-LOS-POLITICOS-1.jpg\",\"contentUrl\":\"https:\\\/\\\/lospoliticosveracruz.com\\\/wp-content\\\/uploads\\\/2025\\\/12\\\/Logo-Nuevo-LOS-POLITICOS-1.jpg\",\"width\":260,\"height\":70,\"caption\":\"Los pol\u00edticos Veracruz\"},\"image\":{\"@id\":\"https:\\\/\\\/lospoliticosveracruz.com\\\/#\\\/schema\\\/logo\\\/image\\\/\"},\"sameAs\":[\"https:\\\/\\\/www.facebook.com\\\/people\\\/Notimemes-de-los-Polticos\\\/61565672886568\\\/\",\"https:\\\/\\\/x.com\\\/LosPoliticosVer\"]},{\"@type\":\"Person\",\"@id\":\"https:\\\/\\\/lospoliticosveracruz.com\\\/#\\\/schema\\\/person\\\/b8702bb0e538456e6efd07080bf2a4a2\",\"name\":\"Lo viste en Los Pol\u00edticos\",\"image\":{\"@type\":\"ImageObject\",\"inLanguage\":\"es\",\"@id\":\"https:\\\/\\\/secure.gravatar.com\\\/avatar\\\/3a8de04a2656d44082be478bd6c086daa447c4651605818287b9532d3d0bd435?s=96&d=mm&r=g\",\"url\":\"https:\\\/\\\/secure.gravatar.com\\\/avatar\\\/3a8de04a2656d44082be478bd6c086daa447c4651605818287b9532d3d0bd435?s=96&d=mm&r=g\",\"contentUrl\":\"https:\\\/\\\/secure.gravatar.com\\\/avatar\\\/3a8de04a2656d44082be478bd6c086daa447c4651605818287b9532d3d0bd435?s=96&d=mm&r=g\",\"caption\":\"Lo viste en Los Pol\u00edticos\"},\"url\":\"https:\\\/\\\/lospoliticosveracruz.com\\\/?author=2\"}]}<\/script>\n<!-- \/ Yoast SEO plugin. -->","yoast_head_json":{"title":"Reprueban a Cuic - Los pol\u00edticos Veracruz","robots":{"index":"index","follow":"follow","max-snippet":"max-snippet:-1","max-image-preview":"max-image-preview:large","max-video-preview":"max-video-preview:-1"},"canonical":"https:\/\/lospoliticosveracruz.com\/?p=47638","og_locale":"es_ES","og_type":"article","og_title":"Reprueban a Cuic - Los pol\u00edticos Veracruz","og_description":"Salvador Mu\u00f1oz Los Pol\u00edticos La sentencia del Pejedente L\u00f3pez Obrador fue clara: \u201cme da much\u00edsimo gusto el que aqu\u00ed, en Veracruz, gobierne Cuitl\u00e1huac Garc\u00eda, un hombre honesto, con convicciones\u201d. Los morenos de Veracruz celebraron el adjetivo y todav\u00eda pusieron la cereza cuando AMLO afirm\u00f3: \u201cestamos trabajando de com\u00fan acuerdo\u201d. Todo esto, en la gira del [&hellip;]","og_url":"https:\/\/lospoliticosveracruz.com\/?p=47638","og_site_name":"Los pol\u00edticos Veracruz","article_publisher":"https:\/\/www.facebook.com\/people\/Notimemes-de-los-Polticos\/61565672886568\/","article_published_time":"2019-04-01T13:04:55+00:00","og_image":[{"width":600,"height":437,"url":"https:\/\/lospoliticosveracruz.com\/wp-content\/uploads\/2019\/03\/Gobernador.jpg","type":"image\/jpeg"}],"author":"Lo viste en Los Pol\u00edticos","twitter_card":"summary_large_image","twitter_creator":"@LosPoliticosVer","twitter_site":"@LosPoliticosVer","twitter_misc":{"Escrito por":"Lo viste en Los Pol\u00edticos","Tiempo de lectura":"6 minutos"},"schema":{"@context":"https:\/\/schema.org","@graph":[{"@type":"Article","@id":"https:\/\/lospoliticosveracruz.com\/?p=47638#article","isPartOf":{"@id":"https:\/\/lospoliticosveracruz.com\/?p=47638"},"author":{"name":"Lo viste en Los Pol\u00edticos","@id":"https:\/\/lospoliticosveracruz.com\/#\/schema\/person\/b8702bb0e538456e6efd07080bf2a4a2"},"headline":"Reprueban a Cuic","datePublished":"2019-04-01T13:04:55+00:00","mainEntityOfPage":{"@id":"https:\/\/lospoliticosveracruz.com\/?p=47638"},"wordCount":1113,"commentCount":0,"publisher":{"@id":"https:\/\/lospoliticosveracruz.com\/#organization"},"image":{"@id":"https:\/\/lospoliticosveracruz.com\/?p=47638#primaryimage"},"thumbnailUrl":"https:\/\/lospoliticosveracruz.com\/wp-content\/uploads\/2019\/03\/Gobernador.jpg","keywords":["Andr\u00e9s Manuel L\u00f3pez Obrador","Carlos Mendoza Davis","Chiapas","Ciudad de M\u00e9xico","Claudia Sheinbaum","Cuitl\u00e1huac Garc\u00eda Jim\u00e9nez","Diego Sinhu\u00e9 Rodr\u00edguez Vallejo","Durango","facebook","Francisco Garc\u00eda Cabeza de Vaca","Guanajuato","Joaqu\u00edn Rosas Aispuro","Mauricio Vila","Quirino Ordaz","Roberto Ramos Alor","Rutilio Moreno","Salud","Sinaloa","Tabasco","Tamaulipas","Yucat\u00e1n"],"articleSection":["De Opini\u00f3n"],"inLanguage":"es","potentialAction":[{"@type":"CommentAction","name":"Comment","target":["https:\/\/lospoliticosveracruz.com\/?p=47638#respond"]}]},{"@type":"WebPage","@id":"https:\/\/lospoliticosveracruz.com\/?p=47638","url":"https:\/\/lospoliticosveracruz.com\/?p=47638","name":"Reprueban a Cuic - Los pol\u00edticos Veracruz","isPartOf":{"@id":"https:\/\/lospoliticosveracruz.com\/#website"},"primaryImageOfPage":{"@id":"https:\/\/lospoliticosveracruz.com\/?p=47638#primaryimage"},"image":{"@id":"https:\/\/lospoliticosveracruz.com\/?p=47638#primaryimage"},"thumbnailUrl":"https:\/\/lospoliticosveracruz.com\/wp-content\/uploads\/2019\/03\/Gobernador.jpg","datePublished":"2019-04-01T13:04:55+00:00","breadcrumb":{"@id":"https:\/\/lospoliticosveracruz.com\/?p=47638#breadcrumb"},"inLanguage":"es","potentialAction":[{"@type":"ReadAction","target":["https:\/\/lospoliticosveracruz.com\/?p=47638"]}]},{"@type":"ImageObject","inLanguage":"es","@id":"https:\/\/lospoliticosveracruz.com\/?p=47638#primaryimage","url":"https:\/\/lospoliticosveracruz.com\/wp-content\/uploads\/2019\/03\/Gobernador.jpg","contentUrl":"https:\/\/lospoliticosveracruz.com\/wp-content\/uploads\/2019\/03\/Gobernador.jpg","width":600,"height":437},{"@type":"BreadcrumbList","@id":"https:\/\/lospoliticosveracruz.com\/?p=47638#breadcrumb","itemListElement":[{"@type":"ListItem","position":1,"name":"Portada","item":"https:\/\/lospoliticosveracruz.com\/"},{"@type":"ListItem","position":2,"name":"Reprueban a Cuic"}]},{"@type":"WebSite","@id":"https:\/\/lospoliticosveracruz.com\/#website","url":"https:\/\/lospoliticosveracruz.com\/","name":"Los pol\u00edticos Veracruz","description":"","publisher":{"@id":"https:\/\/lospoliticosveracruz.com\/#organization"},"potentialAction":[{"@type":"SearchAction","target":{"@type":"EntryPoint","urlTemplate":"https:\/\/lospoliticosveracruz.com\/?s={search_term_string}"},"query-input":{"@type":"PropertyValueSpecification","valueRequired":true,"valueName":"search_term_string"}}],"inLanguage":"es"},{"@type":"Organization","@id":"https:\/\/lospoliticosveracruz.com\/#organization","name":"Los pol\u00edticos Veracruz","url":"https:\/\/lospoliticosveracruz.com\/","logo":{"@type":"ImageObject","inLanguage":"es","@id":"https:\/\/lospoliticosveracruz.com\/#\/schema\/logo\/image\/","url":"https:\/\/lospoliticosveracruz.com\/wp-content\/uploads\/2025\/12\/Logo-Nuevo-LOS-POLITICOS-1.jpg","contentUrl":"https:\/\/lospoliticosveracruz.com\/wp-content\/uploads\/2025\/12\/Logo-Nuevo-LOS-POLITICOS-1.jpg","width":260,"height":70,"caption":"Los pol\u00edticos Veracruz"},"image":{"@id":"https:\/\/lospoliticosveracruz.com\/#\/schema\/logo\/image\/"},"sameAs":["https:\/\/www.facebook.com\/people\/Notimemes-de-los-Polticos\/61565672886568\/","https:\/\/x.com\/LosPoliticosVer"]},{"@type":"Person","@id":"https:\/\/lospoliticosveracruz.com\/#\/schema\/person\/b8702bb0e538456e6efd07080bf2a4a2","name":"Lo viste en Los Pol\u00edticos","image":{"@type":"ImageObject","inLanguage":"es","@id":"https:\/\/secure.gravatar.com\/avatar\/3a8de04a2656d44082be478bd6c086daa447c4651605818287b9532d3d0bd435?s=96&d=mm&r=g","url":"https:\/\/secure.gravatar.com\/avatar\/3a8de04a2656d44082be478bd6c086daa447c4651605818287b9532d3d0bd435?s=96&d=mm&r=g","contentUrl":"https:\/\/secure.gravatar.com\/avatar\/3a8de04a2656d44082be478bd6c086daa447c4651605818287b9532d3d0bd435?s=96&d=mm&r=g","caption":"Lo viste en Los Pol\u00edticos"},"url":"https:\/\/lospoliticosveracruz.com\/?author=2"}]}},"_links":{"self":[{"href":"https:\/\/lospoliticosveracruz.com\/index.php?rest_route=\/wp\/v2\/posts\/47638","targetHints":{"allow":["GET"]}}],"collection":[{"href":"https:\/\/lospoliticosveracruz.com\/index.php?rest_route=\/wp\/v2\/posts"}],"about":[{"href":"https:\/\/lospoliticosveracruz.com\/index.php?rest_route=\/wp\/v2\/types\/post"}],"author":[{"embeddable":true,"href":"https:\/\/lospoliticosveracruz.com\/index.php?rest_route=\/wp\/v2\/users\/2"}],"replies":[{"embeddable":true,"href":"https:\/\/lospoliticosveracruz.com\/index.php?rest_route=%2Fwp%2Fv2%2Fcomments&post=47638"}],"version-history":[{"count":1,"href":"https:\/\/lospoliticosveracruz.com\/index.php?rest_route=\/wp\/v2\/posts\/47638\/revisions"}],"predecessor-version":[{"id":47640,"href":"https:\/\/lospoliticosveracruz.com\/index.php?rest_route=\/wp\/v2\/posts\/47638\/revisions\/47640"}],"wp:featuredmedia":[{"embeddable":true,"href":"https:\/\/lospoliticosveracruz.com\/index.php?rest_route=\/wp\/v2\/media\/47639"}],"wp:attachment":[{"href":"https:\/\/lospoliticosveracruz.com\/index.php?rest_route=%2Fwp%2Fv2%2Fmedia&parent=47638"}],"wp:term":[{"taxonomy":"category","embeddable":true,"href":"https:\/\/lospoliticosveracruz.com\/index.php?rest_route=%2Fwp%2Fv2%2Fcategories&post=47638"},{"taxonomy":"post_tag","embeddable":true,"href":"https:\/\/lospoliticosveracruz.com\/index.php?rest_route=%2Fwp%2Fv2%2Ftags&post=47638"}],"curies":[{"name":"wp","href":"https:\/\/api.w.org\/{rel}","templated":true}]}}