{"id":47676,"date":"2019-04-02T22:50:14","date_gmt":"2019-04-03T04:50:14","guid":{"rendered":"http:\/\/www.lospoliticosveracruz.com.mx\/?p=47676"},"modified":"2019-04-02T21:11:31","modified_gmt":"2019-04-03T03:11:31","slug":"cuic-a-la-perro-bermudez","status":"publish","type":"post","link":"https:\/\/lospoliticosveracruz.com\/?p=47676","title":{"rendered":"Cuic, \u00a1a la Perro Berm\u00fadez!"},"content":{"rendered":"<p><strong>Salvador Mu\u00f1oz<\/strong><\/p>\n<p><em>Los Pol\u00edticos<\/em><\/p>\n<p><span style=\"font-weight: 400;\">S\u00f3lo un necio negar\u00eda que la percepci\u00f3n que se tiene del Gobierno de Veracruz, es que guarda un estado de anemia pol\u00edtica incre\u00edble; se encuentra d\u00e9bil y muy, pero muy lejos de la expectativa que gener\u00f3 la alternancia en la sede del Poder Ejecutivo en la calle de Enr\u00edquez. Por supuesto, esto pudiera ser una oportunidad para cualquier partido opositor al sistema que hoy mandata, como pudiera ser el PAN o el PRI, por citar a los m\u00e1s emblem\u00e1ticos en este momento, aunque en realidad, los \u00fanicos perjudicados son los veracruzanos, la sociedad en general, ajenos a pugnas pol\u00edticas de quienes tienen, anhelan y a\u00f1oran el poder.<\/span><\/p>\n<p><span style=\"font-weight: 400;\">\u00a1Qu\u00e9 tan d\u00e9bil se ha de ver el Gobierno que todo le critican! Mire: el pasado lunes, en el V Encuentro Nacional Deportivo de la Unidad de Educaci\u00f3n Media Superior Tecnol\u00f3gica Industrial y de Servicios de la Secretar\u00eda de Educaci\u00f3n P\u00fablica (SEP), Garc\u00eda Jim\u00e9nez, para dar por inaugurado el evento, <a href=\"https:\/\/www.facebook.com\/PoliticosVeracruz\/videos\/398140404316628\/\" target=\"_blank\">cobra un penalti<\/a> ante la portera Daniela Montero Cancino, \u00a1y lo falla! No es que haya detenido el tiro la cancerbera, sino que Cuitl\u00e1huac lo manda a un lado de la porter\u00eda.<\/span><\/p>\n<p><span style=\"font-weight: 400;\">El resumen de comentarios al yerro se pudiera resumir as\u00ed: \u201c\u00a1Ni para eso sirve!\u201d<\/span><\/p>\n<p><span style=\"font-weight: 400;\">Es una sentencia dura, fr\u00eda, contundente en las redes sociales, pero exhibe sin querer, el desencanto prematuro en un gobierno en ciernes.<\/span><\/p>\n<p><span style=\"font-weight: 400;\">En descargo de Cuitl\u00e1huac Garc\u00eda Jim\u00e9nez, desde mi punto de vista, es el menos culpable, no de fallar el penalti, sino de la situaci\u00f3n por la que atraviesa su d\u00e9bil gobierno. Me explico:<\/span><\/p>\n<p><span style=\"font-weight: 400;\">Quienes recuerdan a Cuitl\u00e1huac en campa\u00f1a, han de evocar a un candidato muy aguerrido, muy entr\u00f3n, muy cr\u00edtico tanto del sistema en el poder, como de su principal contrincante (me refiero a la pasada elecci\u00f3n; en la del 2016, se vio muy tibio). Incluso, baste evocar a ese diputado federal que se met\u00eda entre los polic\u00edas para luchar contra la evaluaci\u00f3n magisterial o aquel ciudadano que entraba al Museo de Antropolog\u00eda y no le importaba ser jaloneado por los elementos de Seguridad con tal de exponer su protesta\u2026<\/span><\/p>\n<p><span style=\"font-weight: 400;\">El asunto de este candidato era a la hora de exponer proyectos, propuestas, ideas\u2026<\/span><\/p>\n<p><span style=\"font-weight: 400;\">Cuitl\u00e1huac gan\u00f3, algunos dicen que por el efecto AMLO, otros porque el PRI no estaba dispuesto a perpetuar a los Yunes seis a\u00f1os m\u00e1s (fuera azul o rojo), pero \u201chaiga sido como haiga sido\u201d, gan\u00f3. La pregunta es: \u00bfse prepar\u00f3 para ello? Del d\u00eda de la elecci\u00f3n a su toma de protesta, usted puede tener la mejor opini\u00f3n. La m\u00eda es que no.<\/span><\/p>\n<p><span style=\"font-weight: 400;\">\u00bfEs una exageraci\u00f3n calificar a un gobierno a trav\u00e9s de un penalti fallido? Quiz\u00e1s, pero el asunto es que la analog\u00eda que en las redes sociales se hace, es que si as\u00ed cobra un penalti, igual gobierna.<\/span><\/p>\n<p><span style=\"font-weight: 400;\">Ahora, en descargo de Cuitl\u00e1huac, d\u00e9jeme decirle que hubo un gobernador que no s\u00f3lo fall\u00f3 un penalti, \u00a1sino cuatro!<\/span><\/p>\n<p><span style=\"font-weight: 400;\">En agosto de 2014, la Selecci\u00f3n Mexicana de futbol, acudi\u00f3 al estadio V\u00edctor Manuel Reyna, previo a un encuentro que habr\u00eda de disputar con Honduras. Durante el entrenamiento, visto por cerca de 300 aficionados, se hizo presente el entonces <a href=\"https:\/\/youtu.be\/jjtnoQnLRbI\" target=\"_blank\">gobernador Manuel Velasco Coello<\/a> quien salud\u00f3 a cada uno de los verdes y al final, intercambi\u00f3 algunas palabras con Memo Ochoa, quien se puso bajo los tres palos y el mandatario estatal colocaba el bal\u00f3n en el manch\u00f3n penal. Mientras, el resto de los seleccionados se acercaban a las gradas para firmar aut\u00f3grafos y tomarse selfies, pero muchos se dieron cuenta de los \u201ckikinazos\u201d del G\u00fcero Velasco:<\/span><\/p>\n<p><span style=\"font-weight: 400;\">El primer tiro, por fuera, ni siquiera ara\u00f1\u00f3 el poste izquierdo, aunque eso s\u00ed, se llev\u00f3 un grito de \u201c\u00a1Eeeeee&#8230; \u00a0puto!\u201d<\/span><\/p>\n<p><span style=\"font-weight: 400;\">El segundo cobro, en las mismas condiciones, s\u00f3lo que al lado derecho\u2026 \u00a1un calcetinazo! \u00a1ya ni le gritaron!<\/span><\/p>\n<p><span style=\"font-weight: 400;\">El tercero, s\u00f3lo se recost\u00f3 a su izquierda Memo Ochoa y lo detuvo con facilidad.<\/span><\/p>\n<p><span style=\"font-weight: 400;\">El cuarto, con m\u00e1s fuerza pero al mismo lado, que el cancerbero rechaz\u00f3.<\/span><\/p>\n<p><span style=\"font-weight: 400;\">El quinto, fue a la derecha, y lo adivin\u00f3 Memo Ochoa pero el \u201c\u00a1Yaaa! \u00a1No mames!\u201d de quien grababa, dej\u00f3 en claro que se dej\u00f3 meter el gol.<\/span><\/p>\n<p><span style=\"font-weight: 400;\">S\u00ed, nada quiz\u00e1s tenga que ver que Cuitl\u00e1huac falle un penal, pero lo m\u00e1s preocupante del caso es que a cuatro meses de mandato, uno no deje de pensar que al menos en su d\u00e9bil gobierno, \u00e9l apueste m\u00e1s a un \u201c\u00a1Tuya, m\u00eda, tenla, te la presto! \u00a1Acar\u00edciala!\u201d porque todo parece que \u201c\u00a1La ten\u00eda! \u00a1era suya! \u00a1y la esta dejando ir!\u201d<\/span><\/p>\n<p>&nbsp;<\/p>\n<p><span style=\"font-weight: 400;\">smcainito@gmail.com<\/span><\/p>\n<p>&nbsp;<\/p>\n","protected":false},"excerpt":{"rendered":"<p>Salvador Mu\u00f1oz Los Pol\u00edticos S\u00f3lo un necio negar\u00eda que la percepci\u00f3n que se tiene del Gobierno de Veracruz, es que guarda un estado de anemia pol\u00edtica incre\u00edble; se encuentra d\u00e9bil y muy, pero muy lejos de la expectativa que gener\u00f3 la alternancia en la sede del Poder Ejecutivo en la calle de Enr\u00edquez. Por supuesto, [&hellip;]<\/p>\n","protected":false},"author":2,"featured_media":47677,"comment_status":"open","ping_status":"open","sticky":false,"template":"","format":"standard","meta":{"tdm_status":"","tdm_grid_status":"","footnotes":""},"categories":[70],"tags":[1563,2932,964,266,14391,251],"class_list":{"0":"post-47676","1":"post","2":"type-post","3":"status-publish","4":"format-standard","5":"has-post-thumbnail","7":"category-de-opinion","8":"tag-cuitlahuac-garcia-jimenez","9":"tag-gobierno-de-veracruz","10":"tag-manuel-velasco-coello","11":"tag-pan","12":"tag-penalti","13":"tag-pri"},"yoast_head":"<!-- This site is optimized with the Yoast SEO plugin v27.4 - https:\/\/yoast.com\/product\/yoast-seo-wordpress\/ -->\n<title>Cuic, \u00a1a la Perro Berm\u00fadez! - Los pol\u00edticos Veracruz<\/title>\n<meta name=\"robots\" content=\"index, follow, max-snippet:-1, max-image-preview:large, max-video-preview:-1\" \/>\n<link rel=\"canonical\" href=\"https:\/\/lospoliticosveracruz.com\/?p=47676\" \/>\n<meta property=\"og:locale\" content=\"es_ES\" \/>\n<meta property=\"og:type\" content=\"article\" \/>\n<meta property=\"og:title\" content=\"Cuic, \u00a1a la Perro Berm\u00fadez! - Los pol\u00edticos Veracruz\" \/>\n<meta property=\"og:description\" content=\"Salvador Mu\u00f1oz Los Pol\u00edticos S\u00f3lo un necio negar\u00eda que la percepci\u00f3n que se tiene del Gobierno de Veracruz, es que guarda un estado de anemia pol\u00edtica incre\u00edble; se encuentra d\u00e9bil y muy, pero muy lejos de la expectativa que gener\u00f3 la alternancia en la sede del Poder Ejecutivo en la calle de Enr\u00edquez. Por supuesto, [&hellip;]\" \/>\n<meta property=\"og:url\" content=\"https:\/\/lospoliticosveracruz.com\/?p=47676\" \/>\n<meta property=\"og:site_name\" content=\"Los pol\u00edticos Veracruz\" \/>\n<meta property=\"article:publisher\" content=\"https:\/\/www.facebook.com\/people\/Notimemes-de-los-Polticos\/61565672886568\/\" \/>\n<meta property=\"article:published_time\" content=\"2019-04-03T04:50:14+00:00\" \/>\n<meta property=\"og:image\" content=\"https:\/\/lospoliticosveracruz.com\/wp-content\/uploads\/2019\/04\/Cuic-penal.jpg\" \/>\n\t<meta property=\"og:image:width\" content=\"600\" \/>\n\t<meta property=\"og:image:height\" content=\"399\" \/>\n\t<meta property=\"og:image:type\" content=\"image\/jpeg\" \/>\n<meta name=\"author\" content=\"Lo viste en Los Pol\u00edticos\" \/>\n<meta name=\"twitter:card\" content=\"summary_large_image\" \/>\n<meta name=\"twitter:creator\" content=\"@LosPoliticosVer\" \/>\n<meta name=\"twitter:site\" content=\"@LosPoliticosVer\" \/>\n<meta name=\"twitter:label1\" content=\"Escrito por\" \/>\n\t<meta name=\"twitter:data1\" content=\"Lo viste en Los Pol\u00edticos\" \/>\n\t<meta name=\"twitter:label2\" content=\"Tiempo de lectura\" \/>\n\t<meta name=\"twitter:data2\" content=\"4 minutos\" \/>\n<script type=\"application\/ld+json\" class=\"yoast-schema-graph\">{\"@context\":\"https:\\\/\\\/schema.org\",\"@graph\":[{\"@type\":\"Article\",\"@id\":\"https:\\\/\\\/lospoliticosveracruz.com\\\/?p=47676#article\",\"isPartOf\":{\"@id\":\"https:\\\/\\\/lospoliticosveracruz.com\\\/?p=47676\"},\"author\":{\"name\":\"Lo viste en Los Pol\u00edticos\",\"@id\":\"https:\\\/\\\/lospoliticosveracruz.com\\\/#\\\/schema\\\/person\\\/b8702bb0e538456e6efd07080bf2a4a2\"},\"headline\":\"Cuic, \u00a1a la Perro Berm\u00fadez!\",\"datePublished\":\"2019-04-03T04:50:14+00:00\",\"mainEntityOfPage\":{\"@id\":\"https:\\\/\\\/lospoliticosveracruz.com\\\/?p=47676\"},\"wordCount\":823,\"commentCount\":0,\"publisher\":{\"@id\":\"https:\\\/\\\/lospoliticosveracruz.com\\\/#organization\"},\"image\":{\"@id\":\"https:\\\/\\\/lospoliticosveracruz.com\\\/?p=47676#primaryimage\"},\"thumbnailUrl\":\"https:\\\/\\\/lospoliticosveracruz.com\\\/wp-content\\\/uploads\\\/2019\\\/04\\\/Cuic-penal.jpg\",\"keywords\":[\"Cuitl\u00e1huac Garc\u00eda Jim\u00e9nez\",\"gobierno de Veracruz\",\"Manuel Velasco Coello\",\"PAN\",\"penalti\",\"PRI\"],\"articleSection\":[\"De Opini\u00f3n\"],\"inLanguage\":\"es\",\"potentialAction\":[{\"@type\":\"CommentAction\",\"name\":\"Comment\",\"target\":[\"https:\\\/\\\/lospoliticosveracruz.com\\\/?p=47676#respond\"]}]},{\"@type\":\"WebPage\",\"@id\":\"https:\\\/\\\/lospoliticosveracruz.com\\\/?p=47676\",\"url\":\"https:\\\/\\\/lospoliticosveracruz.com\\\/?p=47676\",\"name\":\"Cuic, \u00a1a la Perro Berm\u00fadez! - Los pol\u00edticos Veracruz\",\"isPartOf\":{\"@id\":\"https:\\\/\\\/lospoliticosveracruz.com\\\/#website\"},\"primaryImageOfPage\":{\"@id\":\"https:\\\/\\\/lospoliticosveracruz.com\\\/?p=47676#primaryimage\"},\"image\":{\"@id\":\"https:\\\/\\\/lospoliticosveracruz.com\\\/?p=47676#primaryimage\"},\"thumbnailUrl\":\"https:\\\/\\\/lospoliticosveracruz.com\\\/wp-content\\\/uploads\\\/2019\\\/04\\\/Cuic-penal.jpg\",\"datePublished\":\"2019-04-03T04:50:14+00:00\",\"breadcrumb\":{\"@id\":\"https:\\\/\\\/lospoliticosveracruz.com\\\/?p=47676#breadcrumb\"},\"inLanguage\":\"es\",\"potentialAction\":[{\"@type\":\"ReadAction\",\"target\":[\"https:\\\/\\\/lospoliticosveracruz.com\\\/?p=47676\"]}]},{\"@type\":\"ImageObject\",\"inLanguage\":\"es\",\"@id\":\"https:\\\/\\\/lospoliticosveracruz.com\\\/?p=47676#primaryimage\",\"url\":\"https:\\\/\\\/lospoliticosveracruz.com\\\/wp-content\\\/uploads\\\/2019\\\/04\\\/Cuic-penal.jpg\",\"contentUrl\":\"https:\\\/\\\/lospoliticosveracruz.com\\\/wp-content\\\/uploads\\\/2019\\\/04\\\/Cuic-penal.jpg\",\"width\":600,\"height\":399},{\"@type\":\"BreadcrumbList\",\"@id\":\"https:\\\/\\\/lospoliticosveracruz.com\\\/?p=47676#breadcrumb\",\"itemListElement\":[{\"@type\":\"ListItem\",\"position\":1,\"name\":\"Portada\",\"item\":\"https:\\\/\\\/lospoliticosveracruz.com\\\/\"},{\"@type\":\"ListItem\",\"position\":2,\"name\":\"Cuic, \u00a1a la Perro Berm\u00fadez!\"}]},{\"@type\":\"WebSite\",\"@id\":\"https:\\\/\\\/lospoliticosveracruz.com\\\/#website\",\"url\":\"https:\\\/\\\/lospoliticosveracruz.com\\\/\",\"name\":\"Los pol\u00edticos Veracruz\",\"description\":\"\",\"publisher\":{\"@id\":\"https:\\\/\\\/lospoliticosveracruz.com\\\/#organization\"},\"potentialAction\":[{\"@type\":\"SearchAction\",\"target\":{\"@type\":\"EntryPoint\",\"urlTemplate\":\"https:\\\/\\\/lospoliticosveracruz.com\\\/?s={search_term_string}\"},\"query-input\":{\"@type\":\"PropertyValueSpecification\",\"valueRequired\":true,\"valueName\":\"search_term_string\"}}],\"inLanguage\":\"es\"},{\"@type\":\"Organization\",\"@id\":\"https:\\\/\\\/lospoliticosveracruz.com\\\/#organization\",\"name\":\"Los pol\u00edticos Veracruz\",\"url\":\"https:\\\/\\\/lospoliticosveracruz.com\\\/\",\"logo\":{\"@type\":\"ImageObject\",\"inLanguage\":\"es\",\"@id\":\"https:\\\/\\\/lospoliticosveracruz.com\\\/#\\\/schema\\\/logo\\\/image\\\/\",\"url\":\"https:\\\/\\\/lospoliticosveracruz.com\\\/wp-content\\\/uploads\\\/2025\\\/12\\\/Logo-Nuevo-LOS-POLITICOS-1.jpg\",\"contentUrl\":\"https:\\\/\\\/lospoliticosveracruz.com\\\/wp-content\\\/uploads\\\/2025\\\/12\\\/Logo-Nuevo-LOS-POLITICOS-1.jpg\",\"width\":260,\"height\":70,\"caption\":\"Los pol\u00edticos Veracruz\"},\"image\":{\"@id\":\"https:\\\/\\\/lospoliticosveracruz.com\\\/#\\\/schema\\\/logo\\\/image\\\/\"},\"sameAs\":[\"https:\\\/\\\/www.facebook.com\\\/people\\\/Notimemes-de-los-Polticos\\\/61565672886568\\\/\",\"https:\\\/\\\/x.com\\\/LosPoliticosVer\"]},{\"@type\":\"Person\",\"@id\":\"https:\\\/\\\/lospoliticosveracruz.com\\\/#\\\/schema\\\/person\\\/b8702bb0e538456e6efd07080bf2a4a2\",\"name\":\"Lo viste en Los Pol\u00edticos\",\"image\":{\"@type\":\"ImageObject\",\"inLanguage\":\"es\",\"@id\":\"https:\\\/\\\/secure.gravatar.com\\\/avatar\\\/3a8de04a2656d44082be478bd6c086daa447c4651605818287b9532d3d0bd435?s=96&d=mm&r=g\",\"url\":\"https:\\\/\\\/secure.gravatar.com\\\/avatar\\\/3a8de04a2656d44082be478bd6c086daa447c4651605818287b9532d3d0bd435?s=96&d=mm&r=g\",\"contentUrl\":\"https:\\\/\\\/secure.gravatar.com\\\/avatar\\\/3a8de04a2656d44082be478bd6c086daa447c4651605818287b9532d3d0bd435?s=96&d=mm&r=g\",\"caption\":\"Lo viste en Los Pol\u00edticos\"},\"url\":\"https:\\\/\\\/lospoliticosveracruz.com\\\/?author=2\"}]}<\/script>\n<!-- \/ Yoast SEO plugin. -->","yoast_head_json":{"title":"Cuic, \u00a1a la Perro Berm\u00fadez! - Los pol\u00edticos Veracruz","robots":{"index":"index","follow":"follow","max-snippet":"max-snippet:-1","max-image-preview":"max-image-preview:large","max-video-preview":"max-video-preview:-1"},"canonical":"https:\/\/lospoliticosveracruz.com\/?p=47676","og_locale":"es_ES","og_type":"article","og_title":"Cuic, \u00a1a la Perro Berm\u00fadez! - Los pol\u00edticos Veracruz","og_description":"Salvador Mu\u00f1oz Los Pol\u00edticos S\u00f3lo un necio negar\u00eda que la percepci\u00f3n que se tiene del Gobierno de Veracruz, es que guarda un estado de anemia pol\u00edtica incre\u00edble; se encuentra d\u00e9bil y muy, pero muy lejos de la expectativa que gener\u00f3 la alternancia en la sede del Poder Ejecutivo en la calle de Enr\u00edquez. Por supuesto, [&hellip;]","og_url":"https:\/\/lospoliticosveracruz.com\/?p=47676","og_site_name":"Los pol\u00edticos Veracruz","article_publisher":"https:\/\/www.facebook.com\/people\/Notimemes-de-los-Polticos\/61565672886568\/","article_published_time":"2019-04-03T04:50:14+00:00","og_image":[{"width":600,"height":399,"url":"https:\/\/lospoliticosveracruz.com\/wp-content\/uploads\/2019\/04\/Cuic-penal.jpg","type":"image\/jpeg"}],"author":"Lo viste en Los Pol\u00edticos","twitter_card":"summary_large_image","twitter_creator":"@LosPoliticosVer","twitter_site":"@LosPoliticosVer","twitter_misc":{"Escrito por":"Lo viste en Los Pol\u00edticos","Tiempo de lectura":"4 minutos"},"schema":{"@context":"https:\/\/schema.org","@graph":[{"@type":"Article","@id":"https:\/\/lospoliticosveracruz.com\/?p=47676#article","isPartOf":{"@id":"https:\/\/lospoliticosveracruz.com\/?p=47676"},"author":{"name":"Lo viste en Los Pol\u00edticos","@id":"https:\/\/lospoliticosveracruz.com\/#\/schema\/person\/b8702bb0e538456e6efd07080bf2a4a2"},"headline":"Cuic, \u00a1a la Perro Berm\u00fadez!","datePublished":"2019-04-03T04:50:14+00:00","mainEntityOfPage":{"@id":"https:\/\/lospoliticosveracruz.com\/?p=47676"},"wordCount":823,"commentCount":0,"publisher":{"@id":"https:\/\/lospoliticosveracruz.com\/#organization"},"image":{"@id":"https:\/\/lospoliticosveracruz.com\/?p=47676#primaryimage"},"thumbnailUrl":"https:\/\/lospoliticosveracruz.com\/wp-content\/uploads\/2019\/04\/Cuic-penal.jpg","keywords":["Cuitl\u00e1huac Garc\u00eda Jim\u00e9nez","gobierno de Veracruz","Manuel Velasco Coello","PAN","penalti","PRI"],"articleSection":["De Opini\u00f3n"],"inLanguage":"es","potentialAction":[{"@type":"CommentAction","name":"Comment","target":["https:\/\/lospoliticosveracruz.com\/?p=47676#respond"]}]},{"@type":"WebPage","@id":"https:\/\/lospoliticosveracruz.com\/?p=47676","url":"https:\/\/lospoliticosveracruz.com\/?p=47676","name":"Cuic, \u00a1a la Perro Berm\u00fadez! - Los pol\u00edticos Veracruz","isPartOf":{"@id":"https:\/\/lospoliticosveracruz.com\/#website"},"primaryImageOfPage":{"@id":"https:\/\/lospoliticosveracruz.com\/?p=47676#primaryimage"},"image":{"@id":"https:\/\/lospoliticosveracruz.com\/?p=47676#primaryimage"},"thumbnailUrl":"https:\/\/lospoliticosveracruz.com\/wp-content\/uploads\/2019\/04\/Cuic-penal.jpg","datePublished":"2019-04-03T04:50:14+00:00","breadcrumb":{"@id":"https:\/\/lospoliticosveracruz.com\/?p=47676#breadcrumb"},"inLanguage":"es","potentialAction":[{"@type":"ReadAction","target":["https:\/\/lospoliticosveracruz.com\/?p=47676"]}]},{"@type":"ImageObject","inLanguage":"es","@id":"https:\/\/lospoliticosveracruz.com\/?p=47676#primaryimage","url":"https:\/\/lospoliticosveracruz.com\/wp-content\/uploads\/2019\/04\/Cuic-penal.jpg","contentUrl":"https:\/\/lospoliticosveracruz.com\/wp-content\/uploads\/2019\/04\/Cuic-penal.jpg","width":600,"height":399},{"@type":"BreadcrumbList","@id":"https:\/\/lospoliticosveracruz.com\/?p=47676#breadcrumb","itemListElement":[{"@type":"ListItem","position":1,"name":"Portada","item":"https:\/\/lospoliticosveracruz.com\/"},{"@type":"ListItem","position":2,"name":"Cuic, \u00a1a la Perro Berm\u00fadez!"}]},{"@type":"WebSite","@id":"https:\/\/lospoliticosveracruz.com\/#website","url":"https:\/\/lospoliticosveracruz.com\/","name":"Los pol\u00edticos Veracruz","description":"","publisher":{"@id":"https:\/\/lospoliticosveracruz.com\/#organization"},"potentialAction":[{"@type":"SearchAction","target":{"@type":"EntryPoint","urlTemplate":"https:\/\/lospoliticosveracruz.com\/?s={search_term_string}"},"query-input":{"@type":"PropertyValueSpecification","valueRequired":true,"valueName":"search_term_string"}}],"inLanguage":"es"},{"@type":"Organization","@id":"https:\/\/lospoliticosveracruz.com\/#organization","name":"Los pol\u00edticos Veracruz","url":"https:\/\/lospoliticosveracruz.com\/","logo":{"@type":"ImageObject","inLanguage":"es","@id":"https:\/\/lospoliticosveracruz.com\/#\/schema\/logo\/image\/","url":"https:\/\/lospoliticosveracruz.com\/wp-content\/uploads\/2025\/12\/Logo-Nuevo-LOS-POLITICOS-1.jpg","contentUrl":"https:\/\/lospoliticosveracruz.com\/wp-content\/uploads\/2025\/12\/Logo-Nuevo-LOS-POLITICOS-1.jpg","width":260,"height":70,"caption":"Los pol\u00edticos Veracruz"},"image":{"@id":"https:\/\/lospoliticosveracruz.com\/#\/schema\/logo\/image\/"},"sameAs":["https:\/\/www.facebook.com\/people\/Notimemes-de-los-Polticos\/61565672886568\/","https:\/\/x.com\/LosPoliticosVer"]},{"@type":"Person","@id":"https:\/\/lospoliticosveracruz.com\/#\/schema\/person\/b8702bb0e538456e6efd07080bf2a4a2","name":"Lo viste en Los Pol\u00edticos","image":{"@type":"ImageObject","inLanguage":"es","@id":"https:\/\/secure.gravatar.com\/avatar\/3a8de04a2656d44082be478bd6c086daa447c4651605818287b9532d3d0bd435?s=96&d=mm&r=g","url":"https:\/\/secure.gravatar.com\/avatar\/3a8de04a2656d44082be478bd6c086daa447c4651605818287b9532d3d0bd435?s=96&d=mm&r=g","contentUrl":"https:\/\/secure.gravatar.com\/avatar\/3a8de04a2656d44082be478bd6c086daa447c4651605818287b9532d3d0bd435?s=96&d=mm&r=g","caption":"Lo viste en Los Pol\u00edticos"},"url":"https:\/\/lospoliticosveracruz.com\/?author=2"}]}},"_links":{"self":[{"href":"https:\/\/lospoliticosveracruz.com\/index.php?rest_route=\/wp\/v2\/posts\/47676","targetHints":{"allow":["GET"]}}],"collection":[{"href":"https:\/\/lospoliticosveracruz.com\/index.php?rest_route=\/wp\/v2\/posts"}],"about":[{"href":"https:\/\/lospoliticosveracruz.com\/index.php?rest_route=\/wp\/v2\/types\/post"}],"author":[{"embeddable":true,"href":"https:\/\/lospoliticosveracruz.com\/index.php?rest_route=\/wp\/v2\/users\/2"}],"replies":[{"embeddable":true,"href":"https:\/\/lospoliticosveracruz.com\/index.php?rest_route=%2Fwp%2Fv2%2Fcomments&post=47676"}],"version-history":[{"count":2,"href":"https:\/\/lospoliticosveracruz.com\/index.php?rest_route=\/wp\/v2\/posts\/47676\/revisions"}],"predecessor-version":[{"id":47684,"href":"https:\/\/lospoliticosveracruz.com\/index.php?rest_route=\/wp\/v2\/posts\/47676\/revisions\/47684"}],"wp:featuredmedia":[{"embeddable":true,"href":"https:\/\/lospoliticosveracruz.com\/index.php?rest_route=\/wp\/v2\/media\/47677"}],"wp:attachment":[{"href":"https:\/\/lospoliticosveracruz.com\/index.php?rest_route=%2Fwp%2Fv2%2Fmedia&parent=47676"}],"wp:term":[{"taxonomy":"category","embeddable":true,"href":"https:\/\/lospoliticosveracruz.com\/index.php?rest_route=%2Fwp%2Fv2%2Fcategories&post=47676"},{"taxonomy":"post_tag","embeddable":true,"href":"https:\/\/lospoliticosveracruz.com\/index.php?rest_route=%2Fwp%2Fv2%2Ftags&post=47676"}],"curies":[{"name":"wp","href":"https:\/\/api.w.org\/{rel}","templated":true}]}}