{"id":47688,"date":"2019-04-02T18:51:32","date_gmt":"2019-04-03T00:51:32","guid":{"rendered":"http:\/\/www.lospoliticosveracruz.com.mx\/?p=47688"},"modified":"2019-04-02T18:51:32","modified_gmt":"2019-04-03T00:51:32","slug":"morenos-del-senado-oficialia-de-partes-del-pejedente-julen","status":"publish","type":"post","link":"https:\/\/lospoliticosveracruz.com\/?p=47688","title":{"rendered":"Morenos del Senado, \u00aboficial\u00eda de partes\u00bb del Pejedente: Julen"},"content":{"rendered":"<p>Con el voto mayoritario de Morena, la Comisi\u00f3n de Energ\u00eda del Senado de la Rep\u00fablica, y posteriormente el pleno de la C\u00e1mara Alta, validaron el dictamen de \u201celegibilidad\u201d de\u00a0los 12 aspirantes que integran las ternas enviadas por el Ejecutivo federal para ocupar los cargos de comisionados de la CRE.<\/p>\n<p>\u201cDebemos entender que este Senado no es una Oficial\u00eda de Partes que todo lo que nos manden lo tenemos que aprobar, esas mayor\u00edas mec\u00e1nicas, que antes critic\u00e1bamos, hoy estamos viendo tambi\u00e9n que siguen la misma l\u00ednea de mayor\u00edas mec\u00e1nicas\u201d, destac\u00f3 \u00e9l senador Julen Rementer\u00eda del Puerto.<\/p>\n<p>As\u00ed tambi\u00e9n precis\u00f3 que no nos est\u00e1n ayudando a una reflexi\u00f3n correcta para tomar las mejores decisiones en nuestro pa\u00eds, y a\u00f1adi\u00f3 \u201cSomos el Senado de la Rep\u00fablica, somos un poder legislativo que da equilibrio, que da estabilidad a nuestro pa\u00eds, y como tal debemos actuar con esa responsabilidad\u201d.<\/p>\n<p>El legislador veracruzano tom\u00f3 como una \u201cburla\u201d por parte del Presidente de la Rep\u00fablica el mandar a los mismos candidatos que ya hab\u00edan sido rechazados anteriormente.<\/p>\n<p>\u201cPor el bien de M\u00e9xico debemos proponer y encontrar perfiles id\u00f3neos para los diferentes cargos del servicio p\u00fablico en todo nuestro pa\u00eds. Es nuestra obligaci\u00f3n a trav\u00e9s de las comisiones vigilar que los candidatos que se presenten re\u00fanan los requisitos que marcan las leyes respectivas\u201d precis\u00f3 Rementer\u00eda.<\/p>\n<p>Rementer\u00eda del Puerto, reiter\u00f3 que se presentar\u00e1 un amparo por la violaci\u00f3n al procedimiento en la aprobaci\u00f3n de estos aspirantes, y solicitar\u00e1n a la Mesa Directiva del Senado, que interponga una controversia constitucional ante la Suprema Corte de Justicia de la Naci\u00f3n contra las ternas propuestas por L\u00f3pez Obrador, para ocupar las vacantes en la CRE. Jajajajajaja<\/p>\n<p>Despu\u00e9s de la votaci\u00f3n, primero en Comisi\u00f3n y posteriormente en el pleno, dicho dictamen se remiti\u00f3 a la Junta de Coordinaci\u00f3n Pol\u00edtica, a efecto de que se impulsen los acuerdos que permitan llevar a cabo la elecci\u00f3n por c\u00e9dula de los 12 aspirantes para la CRE.<\/p>\n<p>Concluy\u00f3 que s\u00ed ahora los candidatos que se volvieron a presentar lo hicieron de forma prepotente, que se puede esperar cuando lleguen al cargo, -como nos dicen en los pueblos, si este es el candidato que va buscando el voto y ni siquiera nos escucha y ni siquiera nos sonr\u00ede, qu\u00e9 esperanza cuando llegue al cargo-.<\/p>\n","protected":false},"excerpt":{"rendered":"<p>Con el voto mayoritario de Morena, la Comisi\u00f3n de Energ\u00eda del Senado de la Rep\u00fablica, y posteriormente el pleno de la C\u00e1mara Alta, validaron el dictamen de \u201celegibilidad\u201d de\u00a0los 12 aspirantes que integran las ternas enviadas por el Ejecutivo federal para ocupar los cargos de comisionados de la CRE. \u201cDebemos entender que este Senado no [&hellip;]<\/p>\n","protected":false},"author":2,"featured_media":47689,"comment_status":"open","ping_status":"open","sticky":false,"template":"","format":"standard","meta":{"tdm_status":"","tdm_grid_status":"","footnotes":""},"categories":[73],"tags":[14399,14400,14401,1026,1315],"class_list":{"0":"post-47688","1":"post","2":"type-post","3":"status-publish","4":"format-standard","5":"has-post-thumbnail","7":"category-de-boleto","8":"tag-comision-de-energia","9":"tag-comisionados-de-la-cre","10":"tag-julen-rementeria-del","11":"tag-morena","12":"tag-senado-de-la-republica"},"yoast_head":"<!-- This site is optimized with the Yoast SEO plugin v27.4 - https:\/\/yoast.com\/product\/yoast-seo-wordpress\/ -->\n<title>Morenos del Senado, &quot;oficial\u00eda de partes&quot; del Pejedente: Julen - Los pol\u00edticos Veracruz<\/title>\n<meta name=\"robots\" content=\"index, follow, max-snippet:-1, max-image-preview:large, max-video-preview:-1\" \/>\n<link rel=\"canonical\" href=\"https:\/\/lospoliticosveracruz.com\/?p=47688\" \/>\n<meta property=\"og:locale\" content=\"es_ES\" \/>\n<meta property=\"og:type\" content=\"article\" \/>\n<meta property=\"og:title\" content=\"Morenos del Senado, &quot;oficial\u00eda de partes&quot; del Pejedente: Julen - Los pol\u00edticos Veracruz\" \/>\n<meta property=\"og:description\" content=\"Con el voto mayoritario de Morena, la Comisi\u00f3n de Energ\u00eda del Senado de la Rep\u00fablica, y posteriormente el pleno de la C\u00e1mara Alta, validaron el dictamen de \u201celegibilidad\u201d de\u00a0los 12 aspirantes que integran las ternas enviadas por el Ejecutivo federal para ocupar los cargos de comisionados de la CRE. \u201cDebemos entender que este Senado no [&hellip;]\" \/>\n<meta property=\"og:url\" content=\"https:\/\/lospoliticosveracruz.com\/?p=47688\" \/>\n<meta property=\"og:site_name\" content=\"Los pol\u00edticos Veracruz\" \/>\n<meta property=\"article:publisher\" content=\"https:\/\/www.facebook.com\/people\/Notimemes-de-los-Polticos\/61565672886568\/\" \/>\n<meta property=\"article:published_time\" content=\"2019-04-03T00:51:32+00:00\" \/>\n<meta property=\"og:image\" content=\"https:\/\/lospoliticosveracruz.com\/wp-content\/uploads\/2019\/04\/Julen.jpeg\" \/>\n\t<meta property=\"og:image:width\" content=\"600\" \/>\n\t<meta property=\"og:image:height\" content=\"400\" \/>\n\t<meta property=\"og:image:type\" content=\"image\/jpeg\" \/>\n<meta name=\"author\" content=\"Lo viste en Los Pol\u00edticos\" \/>\n<meta name=\"twitter:card\" content=\"summary_large_image\" \/>\n<meta name=\"twitter:creator\" content=\"@LosPoliticosVer\" \/>\n<meta name=\"twitter:site\" content=\"@LosPoliticosVer\" \/>\n<meta name=\"twitter:label1\" content=\"Escrito por\" \/>\n\t<meta name=\"twitter:data1\" content=\"Lo viste en Los Pol\u00edticos\" \/>\n\t<meta name=\"twitter:label2\" content=\"Tiempo de lectura\" \/>\n\t<meta name=\"twitter:data2\" content=\"2 minutos\" \/>\n<script type=\"application\/ld+json\" class=\"yoast-schema-graph\">{\"@context\":\"https:\\\/\\\/schema.org\",\"@graph\":[{\"@type\":\"Article\",\"@id\":\"https:\\\/\\\/lospoliticosveracruz.com\\\/?p=47688#article\",\"isPartOf\":{\"@id\":\"https:\\\/\\\/lospoliticosveracruz.com\\\/?p=47688\"},\"author\":{\"name\":\"Lo viste en Los Pol\u00edticos\",\"@id\":\"https:\\\/\\\/lospoliticosveracruz.com\\\/#\\\/schema\\\/person\\\/b8702bb0e538456e6efd07080bf2a4a2\"},\"headline\":\"Morenos del Senado, \u00aboficial\u00eda de partes\u00bb del Pejedente: Julen\",\"datePublished\":\"2019-04-03T00:51:32+00:00\",\"mainEntityOfPage\":{\"@id\":\"https:\\\/\\\/lospoliticosveracruz.com\\\/?p=47688\"},\"wordCount\":429,\"commentCount\":0,\"publisher\":{\"@id\":\"https:\\\/\\\/lospoliticosveracruz.com\\\/#organization\"},\"image\":{\"@id\":\"https:\\\/\\\/lospoliticosveracruz.com\\\/?p=47688#primaryimage\"},\"thumbnailUrl\":\"https:\\\/\\\/lospoliticosveracruz.com\\\/wp-content\\\/uploads\\\/2019\\\/04\\\/Julen.jpeg\",\"keywords\":[\"Comisi\u00f3n de Energ\u00eda\",\"comisionados de la CRE\",\"Julen Rementer\u00eda del\",\"Morena\",\"Senado de la Rep\u00fablica\"],\"articleSection\":[\"De Boleto\"],\"inLanguage\":\"es\",\"potentialAction\":[{\"@type\":\"CommentAction\",\"name\":\"Comment\",\"target\":[\"https:\\\/\\\/lospoliticosveracruz.com\\\/?p=47688#respond\"]}]},{\"@type\":\"WebPage\",\"@id\":\"https:\\\/\\\/lospoliticosveracruz.com\\\/?p=47688\",\"url\":\"https:\\\/\\\/lospoliticosveracruz.com\\\/?p=47688\",\"name\":\"Morenos del Senado, \\\"oficial\u00eda de partes\\\" del Pejedente: Julen - Los pol\u00edticos Veracruz\",\"isPartOf\":{\"@id\":\"https:\\\/\\\/lospoliticosveracruz.com\\\/#website\"},\"primaryImageOfPage\":{\"@id\":\"https:\\\/\\\/lospoliticosveracruz.com\\\/?p=47688#primaryimage\"},\"image\":{\"@id\":\"https:\\\/\\\/lospoliticosveracruz.com\\\/?p=47688#primaryimage\"},\"thumbnailUrl\":\"https:\\\/\\\/lospoliticosveracruz.com\\\/wp-content\\\/uploads\\\/2019\\\/04\\\/Julen.jpeg\",\"datePublished\":\"2019-04-03T00:51:32+00:00\",\"breadcrumb\":{\"@id\":\"https:\\\/\\\/lospoliticosveracruz.com\\\/?p=47688#breadcrumb\"},\"inLanguage\":\"es\",\"potentialAction\":[{\"@type\":\"ReadAction\",\"target\":[\"https:\\\/\\\/lospoliticosveracruz.com\\\/?p=47688\"]}]},{\"@type\":\"ImageObject\",\"inLanguage\":\"es\",\"@id\":\"https:\\\/\\\/lospoliticosveracruz.com\\\/?p=47688#primaryimage\",\"url\":\"https:\\\/\\\/lospoliticosveracruz.com\\\/wp-content\\\/uploads\\\/2019\\\/04\\\/Julen.jpeg\",\"contentUrl\":\"https:\\\/\\\/lospoliticosveracruz.com\\\/wp-content\\\/uploads\\\/2019\\\/04\\\/Julen.jpeg\",\"width\":600,\"height\":400},{\"@type\":\"BreadcrumbList\",\"@id\":\"https:\\\/\\\/lospoliticosveracruz.com\\\/?p=47688#breadcrumb\",\"itemListElement\":[{\"@type\":\"ListItem\",\"position\":1,\"name\":\"Portada\",\"item\":\"https:\\\/\\\/lospoliticosveracruz.com\\\/\"},{\"@type\":\"ListItem\",\"position\":2,\"name\":\"Morenos del Senado, \u00aboficial\u00eda de partes\u00bb del Pejedente: Julen\"}]},{\"@type\":\"WebSite\",\"@id\":\"https:\\\/\\\/lospoliticosveracruz.com\\\/#website\",\"url\":\"https:\\\/\\\/lospoliticosveracruz.com\\\/\",\"name\":\"Los pol\u00edticos Veracruz\",\"description\":\"\",\"publisher\":{\"@id\":\"https:\\\/\\\/lospoliticosveracruz.com\\\/#organization\"},\"potentialAction\":[{\"@type\":\"SearchAction\",\"target\":{\"@type\":\"EntryPoint\",\"urlTemplate\":\"https:\\\/\\\/lospoliticosveracruz.com\\\/?s={search_term_string}\"},\"query-input\":{\"@type\":\"PropertyValueSpecification\",\"valueRequired\":true,\"valueName\":\"search_term_string\"}}],\"inLanguage\":\"es\"},{\"@type\":\"Organization\",\"@id\":\"https:\\\/\\\/lospoliticosveracruz.com\\\/#organization\",\"name\":\"Los pol\u00edticos Veracruz\",\"url\":\"https:\\\/\\\/lospoliticosveracruz.com\\\/\",\"logo\":{\"@type\":\"ImageObject\",\"inLanguage\":\"es\",\"@id\":\"https:\\\/\\\/lospoliticosveracruz.com\\\/#\\\/schema\\\/logo\\\/image\\\/\",\"url\":\"https:\\\/\\\/lospoliticosveracruz.com\\\/wp-content\\\/uploads\\\/2025\\\/12\\\/Logo-Nuevo-LOS-POLITICOS-1.jpg\",\"contentUrl\":\"https:\\\/\\\/lospoliticosveracruz.com\\\/wp-content\\\/uploads\\\/2025\\\/12\\\/Logo-Nuevo-LOS-POLITICOS-1.jpg\",\"width\":260,\"height\":70,\"caption\":\"Los pol\u00edticos Veracruz\"},\"image\":{\"@id\":\"https:\\\/\\\/lospoliticosveracruz.com\\\/#\\\/schema\\\/logo\\\/image\\\/\"},\"sameAs\":[\"https:\\\/\\\/www.facebook.com\\\/people\\\/Notimemes-de-los-Polticos\\\/61565672886568\\\/\",\"https:\\\/\\\/x.com\\\/LosPoliticosVer\"]},{\"@type\":\"Person\",\"@id\":\"https:\\\/\\\/lospoliticosveracruz.com\\\/#\\\/schema\\\/person\\\/b8702bb0e538456e6efd07080bf2a4a2\",\"name\":\"Lo viste en Los Pol\u00edticos\",\"image\":{\"@type\":\"ImageObject\",\"inLanguage\":\"es\",\"@id\":\"https:\\\/\\\/secure.gravatar.com\\\/avatar\\\/3a8de04a2656d44082be478bd6c086daa447c4651605818287b9532d3d0bd435?s=96&d=mm&r=g\",\"url\":\"https:\\\/\\\/secure.gravatar.com\\\/avatar\\\/3a8de04a2656d44082be478bd6c086daa447c4651605818287b9532d3d0bd435?s=96&d=mm&r=g\",\"contentUrl\":\"https:\\\/\\\/secure.gravatar.com\\\/avatar\\\/3a8de04a2656d44082be478bd6c086daa447c4651605818287b9532d3d0bd435?s=96&d=mm&r=g\",\"caption\":\"Lo viste en Los Pol\u00edticos\"},\"url\":\"https:\\\/\\\/lospoliticosveracruz.com\\\/?author=2\"}]}<\/script>\n<!-- \/ Yoast SEO plugin. -->","yoast_head_json":{"title":"Morenos del Senado, \"oficial\u00eda de partes\" del Pejedente: Julen - Los pol\u00edticos Veracruz","robots":{"index":"index","follow":"follow","max-snippet":"max-snippet:-1","max-image-preview":"max-image-preview:large","max-video-preview":"max-video-preview:-1"},"canonical":"https:\/\/lospoliticosveracruz.com\/?p=47688","og_locale":"es_ES","og_type":"article","og_title":"Morenos del Senado, \"oficial\u00eda de partes\" del Pejedente: Julen - Los pol\u00edticos Veracruz","og_description":"Con el voto mayoritario de Morena, la Comisi\u00f3n de Energ\u00eda del Senado de la Rep\u00fablica, y posteriormente el pleno de la C\u00e1mara Alta, validaron el dictamen de \u201celegibilidad\u201d de\u00a0los 12 aspirantes que integran las ternas enviadas por el Ejecutivo federal para ocupar los cargos de comisionados de la CRE. \u201cDebemos entender que este Senado no [&hellip;]","og_url":"https:\/\/lospoliticosveracruz.com\/?p=47688","og_site_name":"Los pol\u00edticos Veracruz","article_publisher":"https:\/\/www.facebook.com\/people\/Notimemes-de-los-Polticos\/61565672886568\/","article_published_time":"2019-04-03T00:51:32+00:00","og_image":[{"width":600,"height":400,"url":"https:\/\/lospoliticosveracruz.com\/wp-content\/uploads\/2019\/04\/Julen.jpeg","type":"image\/jpeg"}],"author":"Lo viste en Los Pol\u00edticos","twitter_card":"summary_large_image","twitter_creator":"@LosPoliticosVer","twitter_site":"@LosPoliticosVer","twitter_misc":{"Escrito por":"Lo viste en Los Pol\u00edticos","Tiempo de lectura":"2 minutos"},"schema":{"@context":"https:\/\/schema.org","@graph":[{"@type":"Article","@id":"https:\/\/lospoliticosveracruz.com\/?p=47688#article","isPartOf":{"@id":"https:\/\/lospoliticosveracruz.com\/?p=47688"},"author":{"name":"Lo viste en Los Pol\u00edticos","@id":"https:\/\/lospoliticosveracruz.com\/#\/schema\/person\/b8702bb0e538456e6efd07080bf2a4a2"},"headline":"Morenos del Senado, \u00aboficial\u00eda de partes\u00bb del Pejedente: Julen","datePublished":"2019-04-03T00:51:32+00:00","mainEntityOfPage":{"@id":"https:\/\/lospoliticosveracruz.com\/?p=47688"},"wordCount":429,"commentCount":0,"publisher":{"@id":"https:\/\/lospoliticosveracruz.com\/#organization"},"image":{"@id":"https:\/\/lospoliticosveracruz.com\/?p=47688#primaryimage"},"thumbnailUrl":"https:\/\/lospoliticosveracruz.com\/wp-content\/uploads\/2019\/04\/Julen.jpeg","keywords":["Comisi\u00f3n de Energ\u00eda","comisionados de la CRE","Julen Rementer\u00eda del","Morena","Senado de la Rep\u00fablica"],"articleSection":["De Boleto"],"inLanguage":"es","potentialAction":[{"@type":"CommentAction","name":"Comment","target":["https:\/\/lospoliticosveracruz.com\/?p=47688#respond"]}]},{"@type":"WebPage","@id":"https:\/\/lospoliticosveracruz.com\/?p=47688","url":"https:\/\/lospoliticosveracruz.com\/?p=47688","name":"Morenos del Senado, \"oficial\u00eda de partes\" del Pejedente: Julen - Los pol\u00edticos Veracruz","isPartOf":{"@id":"https:\/\/lospoliticosveracruz.com\/#website"},"primaryImageOfPage":{"@id":"https:\/\/lospoliticosveracruz.com\/?p=47688#primaryimage"},"image":{"@id":"https:\/\/lospoliticosveracruz.com\/?p=47688#primaryimage"},"thumbnailUrl":"https:\/\/lospoliticosveracruz.com\/wp-content\/uploads\/2019\/04\/Julen.jpeg","datePublished":"2019-04-03T00:51:32+00:00","breadcrumb":{"@id":"https:\/\/lospoliticosveracruz.com\/?p=47688#breadcrumb"},"inLanguage":"es","potentialAction":[{"@type":"ReadAction","target":["https:\/\/lospoliticosveracruz.com\/?p=47688"]}]},{"@type":"ImageObject","inLanguage":"es","@id":"https:\/\/lospoliticosveracruz.com\/?p=47688#primaryimage","url":"https:\/\/lospoliticosveracruz.com\/wp-content\/uploads\/2019\/04\/Julen.jpeg","contentUrl":"https:\/\/lospoliticosveracruz.com\/wp-content\/uploads\/2019\/04\/Julen.jpeg","width":600,"height":400},{"@type":"BreadcrumbList","@id":"https:\/\/lospoliticosveracruz.com\/?p=47688#breadcrumb","itemListElement":[{"@type":"ListItem","position":1,"name":"Portada","item":"https:\/\/lospoliticosveracruz.com\/"},{"@type":"ListItem","position":2,"name":"Morenos del Senado, \u00aboficial\u00eda de partes\u00bb del Pejedente: Julen"}]},{"@type":"WebSite","@id":"https:\/\/lospoliticosveracruz.com\/#website","url":"https:\/\/lospoliticosveracruz.com\/","name":"Los pol\u00edticos Veracruz","description":"","publisher":{"@id":"https:\/\/lospoliticosveracruz.com\/#organization"},"potentialAction":[{"@type":"SearchAction","target":{"@type":"EntryPoint","urlTemplate":"https:\/\/lospoliticosveracruz.com\/?s={search_term_string}"},"query-input":{"@type":"PropertyValueSpecification","valueRequired":true,"valueName":"search_term_string"}}],"inLanguage":"es"},{"@type":"Organization","@id":"https:\/\/lospoliticosveracruz.com\/#organization","name":"Los pol\u00edticos Veracruz","url":"https:\/\/lospoliticosveracruz.com\/","logo":{"@type":"ImageObject","inLanguage":"es","@id":"https:\/\/lospoliticosveracruz.com\/#\/schema\/logo\/image\/","url":"https:\/\/lospoliticosveracruz.com\/wp-content\/uploads\/2025\/12\/Logo-Nuevo-LOS-POLITICOS-1.jpg","contentUrl":"https:\/\/lospoliticosveracruz.com\/wp-content\/uploads\/2025\/12\/Logo-Nuevo-LOS-POLITICOS-1.jpg","width":260,"height":70,"caption":"Los pol\u00edticos Veracruz"},"image":{"@id":"https:\/\/lospoliticosveracruz.com\/#\/schema\/logo\/image\/"},"sameAs":["https:\/\/www.facebook.com\/people\/Notimemes-de-los-Polticos\/61565672886568\/","https:\/\/x.com\/LosPoliticosVer"]},{"@type":"Person","@id":"https:\/\/lospoliticosveracruz.com\/#\/schema\/person\/b8702bb0e538456e6efd07080bf2a4a2","name":"Lo viste en Los Pol\u00edticos","image":{"@type":"ImageObject","inLanguage":"es","@id":"https:\/\/secure.gravatar.com\/avatar\/3a8de04a2656d44082be478bd6c086daa447c4651605818287b9532d3d0bd435?s=96&d=mm&r=g","url":"https:\/\/secure.gravatar.com\/avatar\/3a8de04a2656d44082be478bd6c086daa447c4651605818287b9532d3d0bd435?s=96&d=mm&r=g","contentUrl":"https:\/\/secure.gravatar.com\/avatar\/3a8de04a2656d44082be478bd6c086daa447c4651605818287b9532d3d0bd435?s=96&d=mm&r=g","caption":"Lo viste en Los Pol\u00edticos"},"url":"https:\/\/lospoliticosveracruz.com\/?author=2"}]}},"_links":{"self":[{"href":"https:\/\/lospoliticosveracruz.com\/index.php?rest_route=\/wp\/v2\/posts\/47688","targetHints":{"allow":["GET"]}}],"collection":[{"href":"https:\/\/lospoliticosveracruz.com\/index.php?rest_route=\/wp\/v2\/posts"}],"about":[{"href":"https:\/\/lospoliticosveracruz.com\/index.php?rest_route=\/wp\/v2\/types\/post"}],"author":[{"embeddable":true,"href":"https:\/\/lospoliticosveracruz.com\/index.php?rest_route=\/wp\/v2\/users\/2"}],"replies":[{"embeddable":true,"href":"https:\/\/lospoliticosveracruz.com\/index.php?rest_route=%2Fwp%2Fv2%2Fcomments&post=47688"}],"version-history":[{"count":1,"href":"https:\/\/lospoliticosveracruz.com\/index.php?rest_route=\/wp\/v2\/posts\/47688\/revisions"}],"predecessor-version":[{"id":47690,"href":"https:\/\/lospoliticosveracruz.com\/index.php?rest_route=\/wp\/v2\/posts\/47688\/revisions\/47690"}],"wp:featuredmedia":[{"embeddable":true,"href":"https:\/\/lospoliticosveracruz.com\/index.php?rest_route=\/wp\/v2\/media\/47689"}],"wp:attachment":[{"href":"https:\/\/lospoliticosveracruz.com\/index.php?rest_route=%2Fwp%2Fv2%2Fmedia&parent=47688"}],"wp:term":[{"taxonomy":"category","embeddable":true,"href":"https:\/\/lospoliticosveracruz.com\/index.php?rest_route=%2Fwp%2Fv2%2Fcategories&post=47688"},{"taxonomy":"post_tag","embeddable":true,"href":"https:\/\/lospoliticosveracruz.com\/index.php?rest_route=%2Fwp%2Fv2%2Ftags&post=47688"}],"curies":[{"name":"wp","href":"https:\/\/api.w.org\/{rel}","templated":true}]}}