{"id":47693,"date":"2019-04-03T09:34:01","date_gmt":"2019-04-03T15:34:01","guid":{"rendered":"http:\/\/www.lospoliticosveracruz.com.mx\/?p=47693"},"modified":"2019-04-03T09:34:01","modified_gmt":"2019-04-03T15:34:01","slug":"mas-que-cambios-sorpresas-en-el-imss","status":"publish","type":"post","link":"https:\/\/lospoliticosveracruz.com\/?p=47693","title":{"rendered":"M\u00e1s que cambios, \u00a1sorpresas en el IMSS!"},"content":{"rendered":"<p><strong>Ricardo Ch\u00faa<\/strong><\/p>\n<p><em>Sale y Vale<\/em><\/p>\n<p>SIN REMITENTE&#8230; Si alg\u00fan mensaje \u00abentre l\u00edneas\u00bb quiso mandar el gobernador, Cuitl\u00e1huac Garc\u00eda al NO ASISTIR a la entrega del Plan Veracruzano de Desarrollo (PVD), pues, no fue el mejor, al no acudir personalmente hacerlo&#8230; La lectura que da es: Que no le importa como se va a gobernar Veracruz&#8230; El sabr\u00e1 los motivos pero pareciera no querer hacerse responsable de sus actos de gobierno&#8230; El PVD ser\u00e1 el \u00abeje rector\u00bb de su gobierno y no asiste&#8230; Acaso no gobernar\u00e1 los 6 a\u00f1os&#8230; Es la duda con especulaci\u00f3n (Pero provocada por \u00e9l)&#8230; Sin palabras&#8230;<\/p>\n<p>EXCLUSIVA&#8230; El pr\u00f3ximo jueves a las 11:00 horas en Xalapa habr\u00e1 cambios en las delegaciones federales en Veracruz&#8230; Si tomaron en cuenta a Manuel Huerta o no, es otro \u00abcantar\u00bb&#8230; Pero llegaran los nuevos delegados de Semarnat, Profepa e IMSS (zona norte)&#8230; Ellos vienen con nombramiento desde Palacio Nacional, seg\u00fan se sabe, y, esos cambios son parte de los movimientos que est\u00e1n haciendo las oficinas contiguas a la de L\u00f3pez Obrador&#8230; HABEMUS DELEGADOS&#8230;<\/p>\n<p>Lo raro del asunto&#8230; Es que hace apenas menos de un mes, lleg\u00f3 el nuevo delegado del IMSS Zona Norte, en la persona del tabasque\u00f1o, Candelario P\u00e9rez Alvarado, y, pues, de manera muy pero muy rara, lo van a mover de este sitio cuando no tiene ni 30 d\u00edas en el cargo, para dejar ah\u00ed a un reconocido doctor veracruzano (OJO No es de nuevo, Jon Rementer\u00eda) para que se quede en este sitio&#8230; Qu\u00e9 \u00abgrilla\u00bb le habr\u00e1n metido por que as\u00ed de a gratis no lo quitaron&#8230;<\/p>\n<p>Ojal\u00e1 Manuel Huerta como \u00abSuper\u00bb delegado federal en Veracruz y con la confianza que de nuevo le tiene L\u00f3pez Obrador&#8230; Explique el motivo de la remoci\u00f3n&#8230; Para que especular&#8230; Lo que sabemos es que el IMSS desaparece en sus dos delegaciones, no habr\u00e1 ni sur, ni norte&#8230; Ser\u00e1 una estatal con sede en Xalapa&#8230; Por lo cual, Mart\u00edn Cabrera Zavaleta ser\u00e1 removido a sub delegado en Orizaba bajo las \u00f3rdenes del nuevo doctor que llega al cargo por el tabasque\u00f1o&#8230; CONSUMATUM EST&#8230;<\/p>\n<p>LA JUGADA&#8230; Pese a lo que digan, es un hecho que qued\u00f3 al descubierto que m\u00e1s de un aspirante a la dirigencia estatal del PRI en Veraruz intenta por todas las formas, el querer JUDICIALIZAR el proceso electoral interno para elegir presidente de este organismo&#8230; Lo quieren hacer porque saben que sus espacios no ser\u00e1n los mismos con la nueva camada que llegue&#8230; Algo normal en una renovaci\u00f3n de un comit\u00e9 pol\u00edtico&#8230; Pero como es la \u00fanica \u00abminita\u00bb que queda, la pelean como si fuera una alcald\u00eda&#8230;<\/p>\n<p>Ya un aspirante a la presidencia&#8230; Ese que trae alianzas con los Morenos y Palacio de Gobierno est\u00e1 atacando no s\u00f3lo a Marl\u00f3n Ram\u00edrez, al que acusan de ser el \u00abtapado\u00bb&#8230; Sino tambi\u00e9n a la presidenta de ese partido, Lilian Zepahua, ya que este personaje culpa a los secretarios de las distintas carteras del PRI estatal de favorecer a un aspirante&#8230; Mientras el CEN del tricolor se\u00f1ala que en Veracruz hay \u00abpiso parejo\u00bb para todos&#8230; As\u00ed que \u00abla guerra\u00bb viene con El PRIMOR POWER&#8230;<\/p>\n<p>La idea que tiene EL PRIMOR POWER es mandar a impugnar la elecci\u00f3n&#8230; Buscar a otro \u00abcandidato\u00bb&#8230; Ya que quien est\u00e1 represent\u00e1ndolos, es un aspirante d\u00e9bil, que en sus cargos pol\u00edticos tuvo un desempe\u00f1o pobre y carente de luces propias y que para efectos pr\u00e1cticos ya no les servir\u00eda&#8230; Intentar\u00e1n \u00abResucitar\u00bb al que se les baj\u00f3 de la contienda&#8230; Tambi\u00e9n Inhabilitar a Marlon&#8230; Ponerle un \u00abpie\u00bb en la Presidencia de Lil\u00edan Zepahua&#8230; Y de esa manera que todo se detenga&#8230; A poco creen que Los T\u00edos y el coordinador est\u00e1n jugando a otra cosa..<\/p>\n<p>Al final buscar\u00e1n que se quede otro un interino negociado con ellos y el comit\u00e9 nacional&#8230; Obvio con el \u00abrespaldo\u00bb del Gobierno de Veracruz.. Ya que saben que el elegir al Presidente por voto directo con la militancia&#8230; EL PRIMOR no gana, ni bailando con \u00abEl Cristo Negro\u00bb de Otatitlan&#8230; Van ahora por el conflicto interno, a judicializar el proceso electoral&#8230; Y uno de sus argumentos ser\u00e1 lo de las casillas, intentando dar \u00abgolpe\u00bb jur\u00eddico porque no hay certeza donde votar, y suponen que es una causal fuerte&#8230;<\/p>\n<p>La elecci\u00f3n es el 28 de abril, en este mes, y aun no saben d\u00f3nde votar por parte de la militancia activa&#8230; De ah\u00ed se pretenden agarrar para llevar este proceso a los tribunales cuando vean que el resultado no les favoreci\u00f3&#8230; En pocas palabras, no est\u00e1n jugando a alcanzar a Marl\u00f3n&#8230; Los T\u00edos y el coordinador y los miembros del PRIMOR juegan a impugnar la elecci\u00f3n&#8230; No les queda de otra&#8230; Finalmente si gana Marl\u00f3n&#8230; Es muy obvio que gana Yunes&#8230; Pero PEPE&#8230; Tan&#8230; Tan&#8230;<\/p>\n<p>EL ERROR DE \u00abLOS DINOS\u00bb&#8230; El grave error de los \u00abDnosuarios\u00bb del PRI estatal fue bajar a su exponente que ten\u00eda en esta contienda por la presidencia del partido&#8230; Que era Antonio Bentinez Lucho&#8230; El ex diputado federal es el representantes de ese priismo&#8230; Que opera con todos, hasta con otros organismos pol\u00edticos&#8230; Por eso, su grupo fue que \u00abarrop\u00f3\u00bb a Adolfo Ram\u00edrez Arana&#8230; Para que les \u00ables deba\u00bb su triunfo&#8230; Si es que llega a ganar y si es que les llega a cumplir&#8230; Siempre y cuando Fidel no le meta el pie a H\u00e9ctor&#8230; Ellos sabr\u00e1n&#8230;<\/p>\n<p>El caso es que al bajarse Lucho, \u00abLos Dinos\u00bb se quedaron sin poder de negociaci\u00f3n con los otros aspirantes que buscan la dirigencia&#8230; Esto explica que sea cual sea el resultado&#8230; Gane qui\u00e9n gane&#8230; Ninguno de los aspirante que compitieron, es un representante de esa clase pol\u00edtica&#8230; La cual las nuevas generaciones, al dejar de participar Lucho, les ganaron el \u00abbrinco\u00bb de manera directa&#8230; No hay nadie de ellos que pueda negociar posiciones, por eso buscaron operar detr\u00e1s de otro aspirante&#8230;<\/p>\n<p>Hay que observar que ni Ram\u00edrez Arana, ni Marl\u00f3n Ram\u00edrez, ni Damara Ruiz, ni Carlos Aceves son miembros de esa clase pol\u00edtica&#8230; Ese fue un ERROR que no midieron y pensando que presionando a la actual dirigencia iban a \u00absacar raja\u00bb pero MOCOS PETRA no los \u00abpelaron\u00bb y al no participar liberaron a los nuevos grupos priistas y ahora qui\u00e9n llegue al poder, lo har\u00e1 con otro grupo&#8230; No con los de siempre&#8230; Por eso la idea es impugnar la elecci\u00f3n&#8230; AMEN&#8230;<\/p>\n","protected":false},"excerpt":{"rendered":"<p>Ricardo Ch\u00faa Sale y Vale SIN REMITENTE&#8230; Si alg\u00fan mensaje \u00abentre l\u00edneas\u00bb quiso mandar el gobernador, Cuitl\u00e1huac Garc\u00eda al NO ASISTIR a la entrega del Plan Veracruzano de Desarrollo (PVD), pues, no fue el mejor, al no acudir personalmente hacerlo&#8230; La lectura que da es: Que no le importa como se va a gobernar Veracruz&#8230; [&hellip;]<\/p>\n","protected":false},"author":2,"featured_media":0,"comment_status":"open","ping_status":"open","sticky":false,"template":"","format":"standard","meta":{"tdm_status":"","tdm_grid_status":"","footnotes":""},"categories":[70],"tags":[14130,1681,14402,1003,14403,6298,195],"class_list":{"0":"post-47693","1":"post","2":"type-post","3":"status-publish","4":"format-standard","6":"category-de-opinion","7":"tag-candelario-perez-alvarado","8":"tag-cuitlahuac-garcia","9":"tag-jon-rementeria","10":"tag-lopez-obrador","11":"tag-martin-cabrera-zavaleta","12":"tag-plan-veracruzano-de-desarrollo","13":"tag-veracruz"},"yoast_head":"<!-- This site is optimized with the Yoast SEO plugin v27.4 - https:\/\/yoast.com\/product\/yoast-seo-wordpress\/ -->\n<title>M\u00e1s que cambios, \u00a1sorpresas en el IMSS! - Los pol\u00edticos Veracruz<\/title>\n<meta name=\"robots\" content=\"index, follow, max-snippet:-1, max-image-preview:large, max-video-preview:-1\" \/>\n<link rel=\"canonical\" href=\"https:\/\/lospoliticosveracruz.com\/?p=47693\" \/>\n<meta property=\"og:locale\" content=\"es_ES\" \/>\n<meta property=\"og:type\" content=\"article\" \/>\n<meta property=\"og:title\" content=\"M\u00e1s que cambios, \u00a1sorpresas en el IMSS! - Los pol\u00edticos Veracruz\" \/>\n<meta property=\"og:description\" content=\"Ricardo Ch\u00faa Sale y Vale SIN REMITENTE&#8230; Si alg\u00fan mensaje \u00abentre l\u00edneas\u00bb quiso mandar el gobernador, Cuitl\u00e1huac Garc\u00eda al NO ASISTIR a la entrega del Plan Veracruzano de Desarrollo (PVD), pues, no fue el mejor, al no acudir personalmente hacerlo&#8230; La lectura que da es: Que no le importa como se va a gobernar Veracruz&#8230; [&hellip;]\" \/>\n<meta property=\"og:url\" content=\"https:\/\/lospoliticosveracruz.com\/?p=47693\" \/>\n<meta property=\"og:site_name\" content=\"Los pol\u00edticos Veracruz\" \/>\n<meta property=\"article:publisher\" content=\"https:\/\/www.facebook.com\/people\/Notimemes-de-los-Polticos\/61565672886568\/\" \/>\n<meta property=\"article:published_time\" content=\"2019-04-03T15:34:01+00:00\" \/>\n<meta property=\"og:image\" content=\"https:\/\/lospoliticosveracruz.com\/wp-content\/uploads\/2016\/07\/Logo-Dor.jpg\" \/>\n\t<meta property=\"og:image:width\" content=\"200\" \/>\n\t<meta property=\"og:image:height\" content=\"200\" \/>\n\t<meta property=\"og:image:type\" content=\"image\/jpeg\" \/>\n<meta name=\"author\" content=\"Lo viste en Los Pol\u00edticos\" \/>\n<meta name=\"twitter:card\" content=\"summary_large_image\" \/>\n<meta name=\"twitter:creator\" content=\"@LosPoliticosVer\" \/>\n<meta name=\"twitter:site\" content=\"@LosPoliticosVer\" \/>\n<meta name=\"twitter:label1\" content=\"Escrito por\" \/>\n\t<meta name=\"twitter:data1\" content=\"Lo viste en Los Pol\u00edticos\" \/>\n\t<meta name=\"twitter:label2\" content=\"Tiempo de lectura\" \/>\n\t<meta name=\"twitter:data2\" content=\"6 minutos\" \/>\n<script type=\"application\/ld+json\" class=\"yoast-schema-graph\">{\"@context\":\"https:\\\/\\\/schema.org\",\"@graph\":[{\"@type\":\"Article\",\"@id\":\"https:\\\/\\\/lospoliticosveracruz.com\\\/?p=47693#article\",\"isPartOf\":{\"@id\":\"https:\\\/\\\/lospoliticosveracruz.com\\\/?p=47693\"},\"author\":{\"name\":\"Lo viste en Los Pol\u00edticos\",\"@id\":\"https:\\\/\\\/lospoliticosveracruz.com\\\/#\\\/schema\\\/person\\\/b8702bb0e538456e6efd07080bf2a4a2\"},\"headline\":\"M\u00e1s que cambios, \u00a1sorpresas en el IMSS!\",\"datePublished\":\"2019-04-03T15:34:01+00:00\",\"mainEntityOfPage\":{\"@id\":\"https:\\\/\\\/lospoliticosveracruz.com\\\/?p=47693\"},\"wordCount\":1112,\"commentCount\":0,\"publisher\":{\"@id\":\"https:\\\/\\\/lospoliticosveracruz.com\\\/#organization\"},\"keywords\":[\"Candelario P\u00e9rez Alvarado\",\"Cuitl\u00e1huac Garc\u00eda\",\"Jon Rementer\u00eda\",\"L\u00f3pez Obrador\",\"Mart\u00edn Cabrera Zavaleta\",\"Plan Veracruzano de Desarrollo\",\"Veracruz\"],\"articleSection\":[\"De Opini\u00f3n\"],\"inLanguage\":\"es\",\"potentialAction\":[{\"@type\":\"CommentAction\",\"name\":\"Comment\",\"target\":[\"https:\\\/\\\/lospoliticosveracruz.com\\\/?p=47693#respond\"]}]},{\"@type\":\"WebPage\",\"@id\":\"https:\\\/\\\/lospoliticosveracruz.com\\\/?p=47693\",\"url\":\"https:\\\/\\\/lospoliticosveracruz.com\\\/?p=47693\",\"name\":\"M\u00e1s que cambios, \u00a1sorpresas en el IMSS! - Los pol\u00edticos Veracruz\",\"isPartOf\":{\"@id\":\"https:\\\/\\\/lospoliticosveracruz.com\\\/#website\"},\"datePublished\":\"2019-04-03T15:34:01+00:00\",\"breadcrumb\":{\"@id\":\"https:\\\/\\\/lospoliticosveracruz.com\\\/?p=47693#breadcrumb\"},\"inLanguage\":\"es\",\"potentialAction\":[{\"@type\":\"ReadAction\",\"target\":[\"https:\\\/\\\/lospoliticosveracruz.com\\\/?p=47693\"]}]},{\"@type\":\"BreadcrumbList\",\"@id\":\"https:\\\/\\\/lospoliticosveracruz.com\\\/?p=47693#breadcrumb\",\"itemListElement\":[{\"@type\":\"ListItem\",\"position\":1,\"name\":\"Portada\",\"item\":\"https:\\\/\\\/lospoliticosveracruz.com\\\/\"},{\"@type\":\"ListItem\",\"position\":2,\"name\":\"M\u00e1s que cambios, \u00a1sorpresas en el IMSS!\"}]},{\"@type\":\"WebSite\",\"@id\":\"https:\\\/\\\/lospoliticosveracruz.com\\\/#website\",\"url\":\"https:\\\/\\\/lospoliticosveracruz.com\\\/\",\"name\":\"Los pol\u00edticos Veracruz\",\"description\":\"\",\"publisher\":{\"@id\":\"https:\\\/\\\/lospoliticosveracruz.com\\\/#organization\"},\"potentialAction\":[{\"@type\":\"SearchAction\",\"target\":{\"@type\":\"EntryPoint\",\"urlTemplate\":\"https:\\\/\\\/lospoliticosveracruz.com\\\/?s={search_term_string}\"},\"query-input\":{\"@type\":\"PropertyValueSpecification\",\"valueRequired\":true,\"valueName\":\"search_term_string\"}}],\"inLanguage\":\"es\"},{\"@type\":\"Organization\",\"@id\":\"https:\\\/\\\/lospoliticosveracruz.com\\\/#organization\",\"name\":\"Los pol\u00edticos Veracruz\",\"url\":\"https:\\\/\\\/lospoliticosveracruz.com\\\/\",\"logo\":{\"@type\":\"ImageObject\",\"inLanguage\":\"es\",\"@id\":\"https:\\\/\\\/lospoliticosveracruz.com\\\/#\\\/schema\\\/logo\\\/image\\\/\",\"url\":\"https:\\\/\\\/lospoliticosveracruz.com\\\/wp-content\\\/uploads\\\/2025\\\/12\\\/Logo-Nuevo-LOS-POLITICOS-1.jpg\",\"contentUrl\":\"https:\\\/\\\/lospoliticosveracruz.com\\\/wp-content\\\/uploads\\\/2025\\\/12\\\/Logo-Nuevo-LOS-POLITICOS-1.jpg\",\"width\":260,\"height\":70,\"caption\":\"Los pol\u00edticos Veracruz\"},\"image\":{\"@id\":\"https:\\\/\\\/lospoliticosveracruz.com\\\/#\\\/schema\\\/logo\\\/image\\\/\"},\"sameAs\":[\"https:\\\/\\\/www.facebook.com\\\/people\\\/Notimemes-de-los-Polticos\\\/61565672886568\\\/\",\"https:\\\/\\\/x.com\\\/LosPoliticosVer\"]},{\"@type\":\"Person\",\"@id\":\"https:\\\/\\\/lospoliticosveracruz.com\\\/#\\\/schema\\\/person\\\/b8702bb0e538456e6efd07080bf2a4a2\",\"name\":\"Lo viste en Los Pol\u00edticos\",\"image\":{\"@type\":\"ImageObject\",\"inLanguage\":\"es\",\"@id\":\"https:\\\/\\\/secure.gravatar.com\\\/avatar\\\/3a8de04a2656d44082be478bd6c086daa447c4651605818287b9532d3d0bd435?s=96&d=mm&r=g\",\"url\":\"https:\\\/\\\/secure.gravatar.com\\\/avatar\\\/3a8de04a2656d44082be478bd6c086daa447c4651605818287b9532d3d0bd435?s=96&d=mm&r=g\",\"contentUrl\":\"https:\\\/\\\/secure.gravatar.com\\\/avatar\\\/3a8de04a2656d44082be478bd6c086daa447c4651605818287b9532d3d0bd435?s=96&d=mm&r=g\",\"caption\":\"Lo viste en Los Pol\u00edticos\"},\"url\":\"https:\\\/\\\/lospoliticosveracruz.com\\\/?author=2\"}]}<\/script>\n<!-- \/ Yoast SEO plugin. -->","yoast_head_json":{"title":"M\u00e1s que cambios, \u00a1sorpresas en el IMSS! - Los pol\u00edticos Veracruz","robots":{"index":"index","follow":"follow","max-snippet":"max-snippet:-1","max-image-preview":"max-image-preview:large","max-video-preview":"max-video-preview:-1"},"canonical":"https:\/\/lospoliticosveracruz.com\/?p=47693","og_locale":"es_ES","og_type":"article","og_title":"M\u00e1s que cambios, \u00a1sorpresas en el IMSS! - Los pol\u00edticos Veracruz","og_description":"Ricardo Ch\u00faa Sale y Vale SIN REMITENTE&#8230; Si alg\u00fan mensaje \u00abentre l\u00edneas\u00bb quiso mandar el gobernador, Cuitl\u00e1huac Garc\u00eda al NO ASISTIR a la entrega del Plan Veracruzano de Desarrollo (PVD), pues, no fue el mejor, al no acudir personalmente hacerlo&#8230; La lectura que da es: Que no le importa como se va a gobernar Veracruz&#8230; [&hellip;]","og_url":"https:\/\/lospoliticosveracruz.com\/?p=47693","og_site_name":"Los pol\u00edticos Veracruz","article_publisher":"https:\/\/www.facebook.com\/people\/Notimemes-de-los-Polticos\/61565672886568\/","article_published_time":"2019-04-03T15:34:01+00:00","og_image":[{"width":200,"height":200,"url":"https:\/\/lospoliticosveracruz.com\/wp-content\/uploads\/2016\/07\/Logo-Dor.jpg","type":"image\/jpeg"}],"author":"Lo viste en Los Pol\u00edticos","twitter_card":"summary_large_image","twitter_creator":"@LosPoliticosVer","twitter_site":"@LosPoliticosVer","twitter_misc":{"Escrito por":"Lo viste en Los Pol\u00edticos","Tiempo de lectura":"6 minutos"},"schema":{"@context":"https:\/\/schema.org","@graph":[{"@type":"Article","@id":"https:\/\/lospoliticosveracruz.com\/?p=47693#article","isPartOf":{"@id":"https:\/\/lospoliticosveracruz.com\/?p=47693"},"author":{"name":"Lo viste en Los Pol\u00edticos","@id":"https:\/\/lospoliticosveracruz.com\/#\/schema\/person\/b8702bb0e538456e6efd07080bf2a4a2"},"headline":"M\u00e1s que cambios, \u00a1sorpresas en el IMSS!","datePublished":"2019-04-03T15:34:01+00:00","mainEntityOfPage":{"@id":"https:\/\/lospoliticosveracruz.com\/?p=47693"},"wordCount":1112,"commentCount":0,"publisher":{"@id":"https:\/\/lospoliticosveracruz.com\/#organization"},"keywords":["Candelario P\u00e9rez Alvarado","Cuitl\u00e1huac Garc\u00eda","Jon Rementer\u00eda","L\u00f3pez Obrador","Mart\u00edn Cabrera Zavaleta","Plan Veracruzano de Desarrollo","Veracruz"],"articleSection":["De Opini\u00f3n"],"inLanguage":"es","potentialAction":[{"@type":"CommentAction","name":"Comment","target":["https:\/\/lospoliticosveracruz.com\/?p=47693#respond"]}]},{"@type":"WebPage","@id":"https:\/\/lospoliticosveracruz.com\/?p=47693","url":"https:\/\/lospoliticosveracruz.com\/?p=47693","name":"M\u00e1s que cambios, \u00a1sorpresas en el IMSS! - Los pol\u00edticos Veracruz","isPartOf":{"@id":"https:\/\/lospoliticosveracruz.com\/#website"},"datePublished":"2019-04-03T15:34:01+00:00","breadcrumb":{"@id":"https:\/\/lospoliticosveracruz.com\/?p=47693#breadcrumb"},"inLanguage":"es","potentialAction":[{"@type":"ReadAction","target":["https:\/\/lospoliticosveracruz.com\/?p=47693"]}]},{"@type":"BreadcrumbList","@id":"https:\/\/lospoliticosveracruz.com\/?p=47693#breadcrumb","itemListElement":[{"@type":"ListItem","position":1,"name":"Portada","item":"https:\/\/lospoliticosveracruz.com\/"},{"@type":"ListItem","position":2,"name":"M\u00e1s que cambios, \u00a1sorpresas en el IMSS!"}]},{"@type":"WebSite","@id":"https:\/\/lospoliticosveracruz.com\/#website","url":"https:\/\/lospoliticosveracruz.com\/","name":"Los pol\u00edticos Veracruz","description":"","publisher":{"@id":"https:\/\/lospoliticosveracruz.com\/#organization"},"potentialAction":[{"@type":"SearchAction","target":{"@type":"EntryPoint","urlTemplate":"https:\/\/lospoliticosveracruz.com\/?s={search_term_string}"},"query-input":{"@type":"PropertyValueSpecification","valueRequired":true,"valueName":"search_term_string"}}],"inLanguage":"es"},{"@type":"Organization","@id":"https:\/\/lospoliticosveracruz.com\/#organization","name":"Los pol\u00edticos Veracruz","url":"https:\/\/lospoliticosveracruz.com\/","logo":{"@type":"ImageObject","inLanguage":"es","@id":"https:\/\/lospoliticosveracruz.com\/#\/schema\/logo\/image\/","url":"https:\/\/lospoliticosveracruz.com\/wp-content\/uploads\/2025\/12\/Logo-Nuevo-LOS-POLITICOS-1.jpg","contentUrl":"https:\/\/lospoliticosveracruz.com\/wp-content\/uploads\/2025\/12\/Logo-Nuevo-LOS-POLITICOS-1.jpg","width":260,"height":70,"caption":"Los pol\u00edticos Veracruz"},"image":{"@id":"https:\/\/lospoliticosveracruz.com\/#\/schema\/logo\/image\/"},"sameAs":["https:\/\/www.facebook.com\/people\/Notimemes-de-los-Polticos\/61565672886568\/","https:\/\/x.com\/LosPoliticosVer"]},{"@type":"Person","@id":"https:\/\/lospoliticosveracruz.com\/#\/schema\/person\/b8702bb0e538456e6efd07080bf2a4a2","name":"Lo viste en Los Pol\u00edticos","image":{"@type":"ImageObject","inLanguage":"es","@id":"https:\/\/secure.gravatar.com\/avatar\/3a8de04a2656d44082be478bd6c086daa447c4651605818287b9532d3d0bd435?s=96&d=mm&r=g","url":"https:\/\/secure.gravatar.com\/avatar\/3a8de04a2656d44082be478bd6c086daa447c4651605818287b9532d3d0bd435?s=96&d=mm&r=g","contentUrl":"https:\/\/secure.gravatar.com\/avatar\/3a8de04a2656d44082be478bd6c086daa447c4651605818287b9532d3d0bd435?s=96&d=mm&r=g","caption":"Lo viste en Los Pol\u00edticos"},"url":"https:\/\/lospoliticosveracruz.com\/?author=2"}]}},"_links":{"self":[{"href":"https:\/\/lospoliticosveracruz.com\/index.php?rest_route=\/wp\/v2\/posts\/47693","targetHints":{"allow":["GET"]}}],"collection":[{"href":"https:\/\/lospoliticosveracruz.com\/index.php?rest_route=\/wp\/v2\/posts"}],"about":[{"href":"https:\/\/lospoliticosveracruz.com\/index.php?rest_route=\/wp\/v2\/types\/post"}],"author":[{"embeddable":true,"href":"https:\/\/lospoliticosveracruz.com\/index.php?rest_route=\/wp\/v2\/users\/2"}],"replies":[{"embeddable":true,"href":"https:\/\/lospoliticosveracruz.com\/index.php?rest_route=%2Fwp%2Fv2%2Fcomments&post=47693"}],"version-history":[{"count":1,"href":"https:\/\/lospoliticosveracruz.com\/index.php?rest_route=\/wp\/v2\/posts\/47693\/revisions"}],"predecessor-version":[{"id":47695,"href":"https:\/\/lospoliticosveracruz.com\/index.php?rest_route=\/wp\/v2\/posts\/47693\/revisions\/47695"}],"wp:attachment":[{"href":"https:\/\/lospoliticosveracruz.com\/index.php?rest_route=%2Fwp%2Fv2%2Fmedia&parent=47693"}],"wp:term":[{"taxonomy":"category","embeddable":true,"href":"https:\/\/lospoliticosveracruz.com\/index.php?rest_route=%2Fwp%2Fv2%2Fcategories&post=47693"},{"taxonomy":"post_tag","embeddable":true,"href":"https:\/\/lospoliticosveracruz.com\/index.php?rest_route=%2Fwp%2Fv2%2Ftags&post=47693"}],"curies":[{"name":"wp","href":"https:\/\/api.w.org\/{rel}","templated":true}]}}