{"id":47705,"date":"2019-04-04T10:58:02","date_gmt":"2019-04-04T16:58:02","guid":{"rendered":"http:\/\/www.lospoliticosveracruz.com.mx\/?p=47705"},"modified":"2019-04-04T10:58:02","modified_gmt":"2019-04-04T16:58:02","slug":"gatopardismo-de-la-4t","status":"publish","type":"post","link":"https:\/\/lospoliticosveracruz.com\/?p=47705","title":{"rendered":"Gatopardismo de la 4T"},"content":{"rendered":"<div><strong><span lang=\"ES-MX\">Ricardo V\u00e1zquez S.<\/span><\/strong><\/div>\n<div><em>Esfera Pol\u00edtica<\/em><\/div>\n<div>\n<p><span lang=\"ES-MX\">En nuestra columna del 14 de marzo pasado, titulada: \u00bfPara cu\u00e1ndo se van a ocupar del presente y mirar al futuro? coincidimos con el reconocido periodista y escritor Andr\u00e9s Oppenheimer, quien en un noticiero radiof\u00f3nico de cobertura nacional en d\u00edas pasados coment\u00f3: que mientras pa\u00edses como China y Jap\u00f3n \u2013por mencionar solo dos- estaban preocupados y actuaban viendo hacia el futuro; la administraci\u00f3n federal en M\u00e9xico est\u00e1 ocupada en el pasado. Hac\u00eda referencia a las solicitudes internacionales de patente que presentan cada a\u00f1o diferentes pa\u00edses: Jap\u00f3n y China, 50 mil cada potencia; M\u00e9xico, \u00fanicamente 270. Oppenheimer insisti\u00f3 en que un gran n\u00famero de naciones est\u00e1n ocupados de lleno hacia el futuro. En M\u00e9xico est\u00e1n enfrascados en el pasado, sin mirar hacia adelante. La cancelaci\u00f3n del Nuevo Aeropuerto Internacional de M\u00e9xico, es un claro ejemplo.<\/span><\/p>\n<p><span lang=\"ES-MX\">En efecto, en nuestro pa\u00eds los poderes Ejecutivo y Legislativo le siguen apostando al pasado, al\u00a0 petr\u00f3leo y al carb\u00f3n, haciendo a un lado las energ\u00edas renovables, sin medir las consecuencias de la contaminaci\u00f3n que tarde o temprano la madre naturaleza va a cobrar.<\/span><\/p>\n<p><span lang=\"ES-MX\">La pobreza legislativa mira hacia atr\u00e1s. Teresa Ramos Arreola, diputada en la CDMX por el Partido Verde, hizo una propuesta formal ante el Congreso local para retirar de la capital del pa\u00eds todos los monumentos de Crist\u00f3bal Col\u00f3n y Hern\u00e1n Cort\u00e9s, porque: \u201cEstas dos personas constituyeron el origen y la consumaci\u00f3n de una Conquista cruel\u201d, afirm\u00f3 la legisladora Ramos. En Puebla la diputada local por Morena, Cristina Tello Rosas propuso iniciar una campa\u00f1a de exterminio en contra de perros y gatos callejeros, \u201cporque estorban y generan enfermedades\u201d, argument\u00f3 Tello Rosas. La senadora por Morena, Jesusa Rodr\u00edguez ya cobr\u00f3 fama por sus pifias de cada semana; cuando no dice que \u201cel cl\u00edtoris es como la marihuana\u201d, dice que \u00abricos, pobres, clase media, todos somos animales\u00bb. Es interminable la lista de disparates legislativos, as\u00ed se la llevan, en ese sentido, o sinsentido: No hay propuestas serias, no tienen capacidad para debatir; con declarar verdaderas estupideces justifican un elevado salario y dem\u00e1s canonj\u00edas que reciben, sin generar ning\u00fan beneficio para la poblaci\u00f3n.<\/span><\/p>\n<p><span lang=\"ES-MX\">Es innegable el gatopardismo de la 4T: \u201cSi queremos que todo siga como est\u00e1, es necesario que todo cambie\u201d. Lo preocupante para los mexicanos va m\u00e1s all\u00e1 de que las cosas sigan igual; lo alarmante es que las cosas empeoren. Nepotismo y asignaciones de obra p\u00fablica sin licitaci\u00f3n, son formas de corrupci\u00f3n. Haber impuesto funcionarios carentes de capacidad para ocupar un cargo, sin vocaci\u00f3n de servicio, ni responsabilidad, est\u00e1 complicando la problem\u00e1tica que existe en nuestro pa\u00eds, en especial en varias entidades. No hay resultados, no hay ning\u00fan problema; por lo que las cosas no siguen igual, empeoran. Lo que se hace arriba, se reproduce abajo. \u00a0\u00a0\u00a0\u00a0\u00a0\u00a0<\/span><\/p>\n<p><span lang=\"ES-MX\">Los ac\u00f3litos de San L\u00e1zaro, de la C\u00e1mara Alta, por alguna raz\u00f3n no aceptaron cargar con el paquete de aprobaci\u00f3n de los aspirantes a formar parte de la Comisi\u00f3n Reguladora de Energ\u00eda, CRE. El Pleno del Senado rechaz\u00f3 por segunda ocasi\u00f3n\u00a0 las ternas enviadas por el Presidente de la Rep\u00fablica para ocupar un cargo como comisionado en la CRE. Ahora ceder\u00e1n al monarca hacer uso del derecho divino para que haga el nombramiento directo de los consejeros, que por supuesto, ser\u00e1n los mismos que ha venido proponiendo. El Senado de la Rep\u00fablica no escapa al desaseo, al acusar que apareci\u00f3 la firma de una senadora ausente. \u00a0<\/span><\/p>\n<p><span lang=\"ES-MX\">Con el nombramiento directo de los consejeros del CRE, por parte del presidente L\u00f3pez Obrador, la inminente renuncia de los consejeros independientes de Pemex \u2013por no estar de acuerdo con las decisiones y la conducci\u00f3n de la paraestatal-, aunado a la insistencia de seguir comprometiendo recursos para invertirlos en refinaci\u00f3n, sin contar todav\u00eda con financiamiento para llevar a cabo labores de exploraci\u00f3n y producci\u00f3n de hidrocarburo, posiblemente Fitch, Moody\u2019s y Standard and Poor\u2019s, no tengan que esperar a que se cumpla el plazo de seis meses de beneficio de duda que Fitch le otorg\u00f3 a Pemex, para emitir una nueva calificaci\u00f3n.\u00a0<\/span><\/p>\n<p><span lang=\"ES-MX\">El riesgo es que Pemex llegue a perder el \u201cgrado de inversi\u00f3n\u201d \u2013ojal\u00e1 no sea as\u00ed-. La situaci\u00f3n se complicar\u00eda para el pa\u00eds.<\/span><\/p>\n<p><span lang=\"ES-MX\">Las calificadoras est\u00e1n mirando a Pemex y a la administraci\u00f3n federal, no con lupa; est\u00e1n atentos observando con microscopio cada movimiento, cada ocurrencia.<\/span><\/p>\n<p><span lang=\"ES-MX\">Lo delicado no es que las cosas sigan igual. Lo grave es que empeoren.<\/span><\/p>\n<p><span lang=\"ES-MX\">Gatopardismo de la 4T. \u00a0<\/span><\/p>\n<p><a href=\"mailto:rvazquez002@yahoo.com.mx\" target=\"_blank\"><span lang=\"ES-MX\">rvazquez002@yahoo.com.mx<\/span><\/a><\/div>\n","protected":false},"excerpt":{"rendered":"<p>Ricardo V\u00e1zquez S. Esfera Pol\u00edtica En nuestra columna del 14 de marzo pasado, titulada: \u00bfPara cu\u00e1ndo se van a ocupar del presente y mirar al futuro? coincidimos con el reconocido periodista y escritor Andr\u00e9s Oppenheimer, quien en un noticiero radiof\u00f3nico de cobertura nacional en d\u00edas pasados coment\u00f3: que mientras pa\u00edses como China y Jap\u00f3n \u2013por [&hellip;]<\/p>\n","protected":false},"author":2,"featured_media":47706,"comment_status":"open","ping_status":"open","sticky":false,"template":"","format":"standard","meta":{"tdm_status":"","tdm_grid_status":"","footnotes":""},"categories":[70],"tags":[811,10055],"class_list":{"0":"post-47705","1":"post","2":"type-post","3":"status-publish","4":"format-standard","5":"has-post-thumbnail","7":"category-de-opinion","8":"tag-china","9":"tag-japon"},"yoast_head":"<!-- This site is optimized with the Yoast SEO plugin v27.4 - https:\/\/yoast.com\/product\/yoast-seo-wordpress\/ -->\n<title>Gatopardismo de la 4T - Los pol\u00edticos Veracruz<\/title>\n<meta name=\"robots\" content=\"index, follow, max-snippet:-1, max-image-preview:large, max-video-preview:-1\" \/>\n<link rel=\"canonical\" href=\"https:\/\/lospoliticosveracruz.com\/?p=47705\" \/>\n<meta property=\"og:locale\" content=\"es_ES\" \/>\n<meta property=\"og:type\" content=\"article\" \/>\n<meta property=\"og:title\" content=\"Gatopardismo de la 4T - Los pol\u00edticos Veracruz\" \/>\n<meta property=\"og:description\" content=\"Ricardo V\u00e1zquez S. Esfera Pol\u00edtica En nuestra columna del 14 de marzo pasado, titulada: \u00bfPara cu\u00e1ndo se van a ocupar del presente y mirar al futuro? coincidimos con el reconocido periodista y escritor Andr\u00e9s Oppenheimer, quien en un noticiero radiof\u00f3nico de cobertura nacional en d\u00edas pasados coment\u00f3: que mientras pa\u00edses como China y Jap\u00f3n \u2013por [&hellip;]\" \/>\n<meta property=\"og:url\" content=\"https:\/\/lospoliticosveracruz.com\/?p=47705\" \/>\n<meta property=\"og:site_name\" content=\"Los pol\u00edticos Veracruz\" \/>\n<meta property=\"article:publisher\" content=\"https:\/\/www.facebook.com\/people\/Notimemes-de-los-Polticos\/61565672886568\/\" \/>\n<meta property=\"article:published_time\" content=\"2019-04-04T16:58:02+00:00\" \/>\n<meta property=\"og:image\" content=\"https:\/\/lospoliticosveracruz.com\/wp-content\/uploads\/2019\/04\/4t.jpeg\" \/>\n\t<meta property=\"og:image:width\" content=\"600\" \/>\n\t<meta property=\"og:image:height\" content=\"379\" \/>\n\t<meta property=\"og:image:type\" content=\"image\/jpeg\" \/>\n<meta name=\"author\" content=\"Lo viste en Los Pol\u00edticos\" \/>\n<meta name=\"twitter:card\" content=\"summary_large_image\" \/>\n<meta name=\"twitter:creator\" content=\"@LosPoliticosVer\" \/>\n<meta name=\"twitter:site\" content=\"@LosPoliticosVer\" \/>\n<meta name=\"twitter:label1\" content=\"Escrito por\" \/>\n\t<meta name=\"twitter:data1\" content=\"Lo viste en Los Pol\u00edticos\" \/>\n\t<meta name=\"twitter:label2\" content=\"Tiempo de lectura\" \/>\n\t<meta name=\"twitter:data2\" content=\"4 minutos\" \/>\n<script type=\"application\/ld+json\" class=\"yoast-schema-graph\">{\"@context\":\"https:\\\/\\\/schema.org\",\"@graph\":[{\"@type\":\"Article\",\"@id\":\"https:\\\/\\\/lospoliticosveracruz.com\\\/?p=47705#article\",\"isPartOf\":{\"@id\":\"https:\\\/\\\/lospoliticosveracruz.com\\\/?p=47705\"},\"author\":{\"name\":\"Lo viste en Los Pol\u00edticos\",\"@id\":\"https:\\\/\\\/lospoliticosveracruz.com\\\/#\\\/schema\\\/person\\\/b8702bb0e538456e6efd07080bf2a4a2\"},\"headline\":\"Gatopardismo de la 4T\",\"datePublished\":\"2019-04-04T16:58:02+00:00\",\"mainEntityOfPage\":{\"@id\":\"https:\\\/\\\/lospoliticosveracruz.com\\\/?p=47705\"},\"wordCount\":811,\"commentCount\":0,\"publisher\":{\"@id\":\"https:\\\/\\\/lospoliticosveracruz.com\\\/#organization\"},\"image\":{\"@id\":\"https:\\\/\\\/lospoliticosveracruz.com\\\/?p=47705#primaryimage\"},\"thumbnailUrl\":\"https:\\\/\\\/lospoliticosveracruz.com\\\/wp-content\\\/uploads\\\/2019\\\/04\\\/4t.jpeg\",\"keywords\":[\"China\",\"Jap\u00f3n\"],\"articleSection\":[\"De Opini\u00f3n\"],\"inLanguage\":\"es\",\"potentialAction\":[{\"@type\":\"CommentAction\",\"name\":\"Comment\",\"target\":[\"https:\\\/\\\/lospoliticosveracruz.com\\\/?p=47705#respond\"]}]},{\"@type\":\"WebPage\",\"@id\":\"https:\\\/\\\/lospoliticosveracruz.com\\\/?p=47705\",\"url\":\"https:\\\/\\\/lospoliticosveracruz.com\\\/?p=47705\",\"name\":\"Gatopardismo de la 4T - Los pol\u00edticos Veracruz\",\"isPartOf\":{\"@id\":\"https:\\\/\\\/lospoliticosveracruz.com\\\/#website\"},\"primaryImageOfPage\":{\"@id\":\"https:\\\/\\\/lospoliticosveracruz.com\\\/?p=47705#primaryimage\"},\"image\":{\"@id\":\"https:\\\/\\\/lospoliticosveracruz.com\\\/?p=47705#primaryimage\"},\"thumbnailUrl\":\"https:\\\/\\\/lospoliticosveracruz.com\\\/wp-content\\\/uploads\\\/2019\\\/04\\\/4t.jpeg\",\"datePublished\":\"2019-04-04T16:58:02+00:00\",\"breadcrumb\":{\"@id\":\"https:\\\/\\\/lospoliticosveracruz.com\\\/?p=47705#breadcrumb\"},\"inLanguage\":\"es\",\"potentialAction\":[{\"@type\":\"ReadAction\",\"target\":[\"https:\\\/\\\/lospoliticosveracruz.com\\\/?p=47705\"]}]},{\"@type\":\"ImageObject\",\"inLanguage\":\"es\",\"@id\":\"https:\\\/\\\/lospoliticosveracruz.com\\\/?p=47705#primaryimage\",\"url\":\"https:\\\/\\\/lospoliticosveracruz.com\\\/wp-content\\\/uploads\\\/2019\\\/04\\\/4t.jpeg\",\"contentUrl\":\"https:\\\/\\\/lospoliticosveracruz.com\\\/wp-content\\\/uploads\\\/2019\\\/04\\\/4t.jpeg\",\"width\":600,\"height\":379},{\"@type\":\"BreadcrumbList\",\"@id\":\"https:\\\/\\\/lospoliticosveracruz.com\\\/?p=47705#breadcrumb\",\"itemListElement\":[{\"@type\":\"ListItem\",\"position\":1,\"name\":\"Portada\",\"item\":\"https:\\\/\\\/lospoliticosveracruz.com\\\/\"},{\"@type\":\"ListItem\",\"position\":2,\"name\":\"Gatopardismo de la 4T\"}]},{\"@type\":\"WebSite\",\"@id\":\"https:\\\/\\\/lospoliticosveracruz.com\\\/#website\",\"url\":\"https:\\\/\\\/lospoliticosveracruz.com\\\/\",\"name\":\"Los pol\u00edticos Veracruz\",\"description\":\"\",\"publisher\":{\"@id\":\"https:\\\/\\\/lospoliticosveracruz.com\\\/#organization\"},\"potentialAction\":[{\"@type\":\"SearchAction\",\"target\":{\"@type\":\"EntryPoint\",\"urlTemplate\":\"https:\\\/\\\/lospoliticosveracruz.com\\\/?s={search_term_string}\"},\"query-input\":{\"@type\":\"PropertyValueSpecification\",\"valueRequired\":true,\"valueName\":\"search_term_string\"}}],\"inLanguage\":\"es\"},{\"@type\":\"Organization\",\"@id\":\"https:\\\/\\\/lospoliticosveracruz.com\\\/#organization\",\"name\":\"Los pol\u00edticos Veracruz\",\"url\":\"https:\\\/\\\/lospoliticosveracruz.com\\\/\",\"logo\":{\"@type\":\"ImageObject\",\"inLanguage\":\"es\",\"@id\":\"https:\\\/\\\/lospoliticosveracruz.com\\\/#\\\/schema\\\/logo\\\/image\\\/\",\"url\":\"https:\\\/\\\/lospoliticosveracruz.com\\\/wp-content\\\/uploads\\\/2025\\\/12\\\/Logo-Nuevo-LOS-POLITICOS-1.jpg\",\"contentUrl\":\"https:\\\/\\\/lospoliticosveracruz.com\\\/wp-content\\\/uploads\\\/2025\\\/12\\\/Logo-Nuevo-LOS-POLITICOS-1.jpg\",\"width\":260,\"height\":70,\"caption\":\"Los pol\u00edticos Veracruz\"},\"image\":{\"@id\":\"https:\\\/\\\/lospoliticosveracruz.com\\\/#\\\/schema\\\/logo\\\/image\\\/\"},\"sameAs\":[\"https:\\\/\\\/www.facebook.com\\\/people\\\/Notimemes-de-los-Polticos\\\/61565672886568\\\/\",\"https:\\\/\\\/x.com\\\/LosPoliticosVer\"]},{\"@type\":\"Person\",\"@id\":\"https:\\\/\\\/lospoliticosveracruz.com\\\/#\\\/schema\\\/person\\\/b8702bb0e538456e6efd07080bf2a4a2\",\"name\":\"Lo viste en Los Pol\u00edticos\",\"image\":{\"@type\":\"ImageObject\",\"inLanguage\":\"es\",\"@id\":\"https:\\\/\\\/secure.gravatar.com\\\/avatar\\\/3a8de04a2656d44082be478bd6c086daa447c4651605818287b9532d3d0bd435?s=96&d=mm&r=g\",\"url\":\"https:\\\/\\\/secure.gravatar.com\\\/avatar\\\/3a8de04a2656d44082be478bd6c086daa447c4651605818287b9532d3d0bd435?s=96&d=mm&r=g\",\"contentUrl\":\"https:\\\/\\\/secure.gravatar.com\\\/avatar\\\/3a8de04a2656d44082be478bd6c086daa447c4651605818287b9532d3d0bd435?s=96&d=mm&r=g\",\"caption\":\"Lo viste en Los Pol\u00edticos\"},\"url\":\"https:\\\/\\\/lospoliticosveracruz.com\\\/?author=2\"}]}<\/script>\n<!-- \/ Yoast SEO plugin. -->","yoast_head_json":{"title":"Gatopardismo de la 4T - Los pol\u00edticos Veracruz","robots":{"index":"index","follow":"follow","max-snippet":"max-snippet:-1","max-image-preview":"max-image-preview:large","max-video-preview":"max-video-preview:-1"},"canonical":"https:\/\/lospoliticosveracruz.com\/?p=47705","og_locale":"es_ES","og_type":"article","og_title":"Gatopardismo de la 4T - Los pol\u00edticos Veracruz","og_description":"Ricardo V\u00e1zquez S. Esfera Pol\u00edtica En nuestra columna del 14 de marzo pasado, titulada: \u00bfPara cu\u00e1ndo se van a ocupar del presente y mirar al futuro? coincidimos con el reconocido periodista y escritor Andr\u00e9s Oppenheimer, quien en un noticiero radiof\u00f3nico de cobertura nacional en d\u00edas pasados coment\u00f3: que mientras pa\u00edses como China y Jap\u00f3n \u2013por [&hellip;]","og_url":"https:\/\/lospoliticosveracruz.com\/?p=47705","og_site_name":"Los pol\u00edticos Veracruz","article_publisher":"https:\/\/www.facebook.com\/people\/Notimemes-de-los-Polticos\/61565672886568\/","article_published_time":"2019-04-04T16:58:02+00:00","og_image":[{"width":600,"height":379,"url":"https:\/\/lospoliticosveracruz.com\/wp-content\/uploads\/2019\/04\/4t.jpeg","type":"image\/jpeg"}],"author":"Lo viste en Los Pol\u00edticos","twitter_card":"summary_large_image","twitter_creator":"@LosPoliticosVer","twitter_site":"@LosPoliticosVer","twitter_misc":{"Escrito por":"Lo viste en Los Pol\u00edticos","Tiempo de lectura":"4 minutos"},"schema":{"@context":"https:\/\/schema.org","@graph":[{"@type":"Article","@id":"https:\/\/lospoliticosveracruz.com\/?p=47705#article","isPartOf":{"@id":"https:\/\/lospoliticosveracruz.com\/?p=47705"},"author":{"name":"Lo viste en Los Pol\u00edticos","@id":"https:\/\/lospoliticosveracruz.com\/#\/schema\/person\/b8702bb0e538456e6efd07080bf2a4a2"},"headline":"Gatopardismo de la 4T","datePublished":"2019-04-04T16:58:02+00:00","mainEntityOfPage":{"@id":"https:\/\/lospoliticosveracruz.com\/?p=47705"},"wordCount":811,"commentCount":0,"publisher":{"@id":"https:\/\/lospoliticosveracruz.com\/#organization"},"image":{"@id":"https:\/\/lospoliticosveracruz.com\/?p=47705#primaryimage"},"thumbnailUrl":"https:\/\/lospoliticosveracruz.com\/wp-content\/uploads\/2019\/04\/4t.jpeg","keywords":["China","Jap\u00f3n"],"articleSection":["De Opini\u00f3n"],"inLanguage":"es","potentialAction":[{"@type":"CommentAction","name":"Comment","target":["https:\/\/lospoliticosveracruz.com\/?p=47705#respond"]}]},{"@type":"WebPage","@id":"https:\/\/lospoliticosveracruz.com\/?p=47705","url":"https:\/\/lospoliticosveracruz.com\/?p=47705","name":"Gatopardismo de la 4T - Los pol\u00edticos Veracruz","isPartOf":{"@id":"https:\/\/lospoliticosveracruz.com\/#website"},"primaryImageOfPage":{"@id":"https:\/\/lospoliticosveracruz.com\/?p=47705#primaryimage"},"image":{"@id":"https:\/\/lospoliticosveracruz.com\/?p=47705#primaryimage"},"thumbnailUrl":"https:\/\/lospoliticosveracruz.com\/wp-content\/uploads\/2019\/04\/4t.jpeg","datePublished":"2019-04-04T16:58:02+00:00","breadcrumb":{"@id":"https:\/\/lospoliticosveracruz.com\/?p=47705#breadcrumb"},"inLanguage":"es","potentialAction":[{"@type":"ReadAction","target":["https:\/\/lospoliticosveracruz.com\/?p=47705"]}]},{"@type":"ImageObject","inLanguage":"es","@id":"https:\/\/lospoliticosveracruz.com\/?p=47705#primaryimage","url":"https:\/\/lospoliticosveracruz.com\/wp-content\/uploads\/2019\/04\/4t.jpeg","contentUrl":"https:\/\/lospoliticosveracruz.com\/wp-content\/uploads\/2019\/04\/4t.jpeg","width":600,"height":379},{"@type":"BreadcrumbList","@id":"https:\/\/lospoliticosveracruz.com\/?p=47705#breadcrumb","itemListElement":[{"@type":"ListItem","position":1,"name":"Portada","item":"https:\/\/lospoliticosveracruz.com\/"},{"@type":"ListItem","position":2,"name":"Gatopardismo de la 4T"}]},{"@type":"WebSite","@id":"https:\/\/lospoliticosveracruz.com\/#website","url":"https:\/\/lospoliticosveracruz.com\/","name":"Los pol\u00edticos Veracruz","description":"","publisher":{"@id":"https:\/\/lospoliticosveracruz.com\/#organization"},"potentialAction":[{"@type":"SearchAction","target":{"@type":"EntryPoint","urlTemplate":"https:\/\/lospoliticosveracruz.com\/?s={search_term_string}"},"query-input":{"@type":"PropertyValueSpecification","valueRequired":true,"valueName":"search_term_string"}}],"inLanguage":"es"},{"@type":"Organization","@id":"https:\/\/lospoliticosveracruz.com\/#organization","name":"Los pol\u00edticos Veracruz","url":"https:\/\/lospoliticosveracruz.com\/","logo":{"@type":"ImageObject","inLanguage":"es","@id":"https:\/\/lospoliticosveracruz.com\/#\/schema\/logo\/image\/","url":"https:\/\/lospoliticosveracruz.com\/wp-content\/uploads\/2025\/12\/Logo-Nuevo-LOS-POLITICOS-1.jpg","contentUrl":"https:\/\/lospoliticosveracruz.com\/wp-content\/uploads\/2025\/12\/Logo-Nuevo-LOS-POLITICOS-1.jpg","width":260,"height":70,"caption":"Los pol\u00edticos Veracruz"},"image":{"@id":"https:\/\/lospoliticosveracruz.com\/#\/schema\/logo\/image\/"},"sameAs":["https:\/\/www.facebook.com\/people\/Notimemes-de-los-Polticos\/61565672886568\/","https:\/\/x.com\/LosPoliticosVer"]},{"@type":"Person","@id":"https:\/\/lospoliticosveracruz.com\/#\/schema\/person\/b8702bb0e538456e6efd07080bf2a4a2","name":"Lo viste en Los Pol\u00edticos","image":{"@type":"ImageObject","inLanguage":"es","@id":"https:\/\/secure.gravatar.com\/avatar\/3a8de04a2656d44082be478bd6c086daa447c4651605818287b9532d3d0bd435?s=96&d=mm&r=g","url":"https:\/\/secure.gravatar.com\/avatar\/3a8de04a2656d44082be478bd6c086daa447c4651605818287b9532d3d0bd435?s=96&d=mm&r=g","contentUrl":"https:\/\/secure.gravatar.com\/avatar\/3a8de04a2656d44082be478bd6c086daa447c4651605818287b9532d3d0bd435?s=96&d=mm&r=g","caption":"Lo viste en Los Pol\u00edticos"},"url":"https:\/\/lospoliticosveracruz.com\/?author=2"}]}},"_links":{"self":[{"href":"https:\/\/lospoliticosveracruz.com\/index.php?rest_route=\/wp\/v2\/posts\/47705","targetHints":{"allow":["GET"]}}],"collection":[{"href":"https:\/\/lospoliticosveracruz.com\/index.php?rest_route=\/wp\/v2\/posts"}],"about":[{"href":"https:\/\/lospoliticosveracruz.com\/index.php?rest_route=\/wp\/v2\/types\/post"}],"author":[{"embeddable":true,"href":"https:\/\/lospoliticosveracruz.com\/index.php?rest_route=\/wp\/v2\/users\/2"}],"replies":[{"embeddable":true,"href":"https:\/\/lospoliticosveracruz.com\/index.php?rest_route=%2Fwp%2Fv2%2Fcomments&post=47705"}],"version-history":[{"count":1,"href":"https:\/\/lospoliticosveracruz.com\/index.php?rest_route=\/wp\/v2\/posts\/47705\/revisions"}],"predecessor-version":[{"id":47707,"href":"https:\/\/lospoliticosveracruz.com\/index.php?rest_route=\/wp\/v2\/posts\/47705\/revisions\/47707"}],"wp:featuredmedia":[{"embeddable":true,"href":"https:\/\/lospoliticosveracruz.com\/index.php?rest_route=\/wp\/v2\/media\/47706"}],"wp:attachment":[{"href":"https:\/\/lospoliticosveracruz.com\/index.php?rest_route=%2Fwp%2Fv2%2Fmedia&parent=47705"}],"wp:term":[{"taxonomy":"category","embeddable":true,"href":"https:\/\/lospoliticosveracruz.com\/index.php?rest_route=%2Fwp%2Fv2%2Fcategories&post=47705"},{"taxonomy":"post_tag","embeddable":true,"href":"https:\/\/lospoliticosveracruz.com\/index.php?rest_route=%2Fwp%2Fv2%2Ftags&post=47705"}],"curies":[{"name":"wp","href":"https:\/\/api.w.org\/{rel}","templated":true}]}}