{"id":47712,"date":"2019-04-04T15:59:51","date_gmt":"2019-04-04T21:59:51","guid":{"rendered":"http:\/\/www.lospoliticosveracruz.com.mx\/?p=47712"},"modified":"2019-04-04T15:59:51","modified_gmt":"2019-04-04T21:59:51","slug":"se-solicita-medicos-especialistas-informes-en-imss-veracruz-norte","status":"publish","type":"post","link":"https:\/\/lospoliticosveracruz.com\/?p=47712","title":{"rendered":"\u00a1Se solicita M\u00e9dicos Especialistas! Informes, en IMSS Veracruz Norte"},"content":{"rendered":"<p>La Delegaci\u00f3n Regional del Instituto Mexicano del Seguro Social (IMSS) en Veracruz Norte en conjunto con la Secci\u00f3n IX del SNTSS, solicitan m\u00e9dicos especialistas para laborar en Hospitales Generales de Zona y Unidades M\u00e9dicas Familiares, inform\u00f3 el delegado Candelario P\u00e9rez Alvarado.<\/p>\n<p>Las vacantes est\u00e1n disponibles en la zonas Tuxpan-Poza Rica, Xalapa-Veracruz y Lerdo de Tejada-San Andr\u00e9s Tuxtla, para Cirug\u00eda General, Cardiolog\u00eda, Dermatolog\u00eda, Ginecolog\u00eda y Obstetricia, Medicina Interna, Neumolog\u00eda, Neurolog\u00eda, Oftalmolog\u00eda, Traumatolog\u00eda y Ortopedia, Audiolog\u00eda, Neurocirug\u00eda, Cirug\u00eda Pedi\u00e1trica, Oncolog\u00eda M\u00e9dica, Cirug\u00eda Pl\u00e1stica y Reconstructiva, Terapia Intensiva, Urgencias, Salud en el Trabajo, Salud Comunitaria, Anestesiolog\u00eda, Otorrinolaringolog\u00eda, Hemodinamia y Radiodiagn\u00f3stico.<\/p>\n<p>Acudir invariablemente con original y copia (tama\u00f1o carta, de ambos lados en blanco y negro) de los siguientes documentos: Identificaci\u00f3n oficial vigente con fotograf\u00eda (INE, pasaporte), acta de nacimiento, comprobante de domicilio, CURP, RFC (emitido por el SAT), tres fotograf\u00edas tama\u00f1o infantil a color y comprobante de pago en caso de contar con antecedentes laborales en el IMSS.<\/p>\n<p>Egresados de\u00a0 instituciones p\u00fablicas generaci\u00f3n 2019: Diploma Institucional de la Especialidad emitida a Nivel Federal o de Organismos P\u00fablicos Descentralizados; para \u00a0egresados de instituciones privadas: Constancia Institucional de la Especialidad y cabe destacar, que \u00fanicamente se atender\u00e1n a egresados \u00a0de instituciones reconocidas por\u00a0 la Comisi\u00f3n Interinstitucional para la Formaci\u00f3n de Recursos Humanos para la Salud (CIFRHS).<\/p>\n<p>Generaciones anteriores incluyendo IMSS: t\u00edtulo y c\u00e9dula de licenciatura, t\u00edtulo universitario de la especialidad a la que solicita ingreso y c\u00e9dula para ejercer dicha especialidad y consejo de cada especialidad. Interesados presentarse en la oficina de la Subcomisi\u00f3n Mixta de Bolsa de Trabajo IMSS-SNTSS, ubicada en el edificio administrativo, tercer piso, en Lomas del Estadio S\/N, Col. Centro, Xalapa, Veracruz.<\/p>\n","protected":false},"excerpt":{"rendered":"<p>La Delegaci\u00f3n Regional del Instituto Mexicano del Seguro Social (IMSS) en Veracruz Norte en conjunto con la Secci\u00f3n IX del SNTSS, solicitan m\u00e9dicos especialistas para laborar en Hospitales Generales de Zona y Unidades M\u00e9dicas Familiares, inform\u00f3 el delegado Candelario P\u00e9rez Alvarado. Las vacantes est\u00e1n disponibles en la zonas Tuxpan-Poza Rica, Xalapa-Veracruz y Lerdo de Tejada-San [&hellip;]<\/p>\n","protected":false},"author":2,"featured_media":47713,"comment_status":"open","ping_status":"open","sticky":false,"template":"","format":"standard","meta":{"tdm_status":"","tdm_grid_status":"","footnotes":""},"categories":[73],"tags":[14130,6371,14003,14425,14427,14419,14420,14429,1208,14418,14005,14415,14421,14424,14006,14007,14426,14428,14009,14008,13378,7913,14422,14416,11159],"class_list":{"0":"post-47712","1":"post","2":"type-post","3":"status-publish","4":"format-standard","5":"has-post-thumbnail","7":"category-de-boleto","8":"tag-candelario-perez-alvarado","9":"tag-cardiologia","10":"tag-cirugia-general","11":"tag-cirugia-pediatrica","12":"tag-cirugia-plastica-y-reconstructiva","13":"tag-dermatologia","14":"tag-ginecologia-y-obstetricia","15":"tag-hemodinamia","16":"tag-imss","17":"tag-lerdo-de-tejada-san-andres-tuxtla","18":"tag-medicina-interna","19":"tag-medicos-especialistas","20":"tag-neumologia","21":"tag-neurocirugia","22":"tag-neurologia","23":"tag-oftalmologia","24":"tag-oncologia-medica","25":"tag-otorrinolaringologia","26":"tag-radiodiagnostico","27":"tag-salud-comunitaria","28":"tag-salud-en-el-trabajo","29":"tag-terapia-intensiva","30":"tag-traumatologia-y-ortopedia","31":"tag-tuxpan-poza-rica","32":"tag-veracruz-norte"},"yoast_head":"<!-- This site is optimized with the Yoast SEO plugin v27.4 - https:\/\/yoast.com\/product\/yoast-seo-wordpress\/ -->\n<title>\u00a1Se solicita M\u00e9dicos Especialistas! Informes, en IMSS Veracruz Norte - Los pol\u00edticos Veracruz<\/title>\n<meta name=\"robots\" content=\"index, follow, max-snippet:-1, max-image-preview:large, max-video-preview:-1\" \/>\n<link rel=\"canonical\" href=\"https:\/\/lospoliticosveracruz.com\/?p=47712\" \/>\n<meta property=\"og:locale\" content=\"es_ES\" \/>\n<meta property=\"og:type\" content=\"article\" \/>\n<meta property=\"og:title\" content=\"\u00a1Se solicita M\u00e9dicos Especialistas! Informes, en IMSS Veracruz Norte - Los pol\u00edticos Veracruz\" \/>\n<meta property=\"og:description\" content=\"La Delegaci\u00f3n Regional del Instituto Mexicano del Seguro Social (IMSS) en Veracruz Norte en conjunto con la Secci\u00f3n IX del SNTSS, solicitan m\u00e9dicos especialistas para laborar en Hospitales Generales de Zona y Unidades M\u00e9dicas Familiares, inform\u00f3 el delegado Candelario P\u00e9rez Alvarado. Las vacantes est\u00e1n disponibles en la zonas Tuxpan-Poza Rica, Xalapa-Veracruz y Lerdo de Tejada-San [&hellip;]\" \/>\n<meta property=\"og:url\" content=\"https:\/\/lospoliticosveracruz.com\/?p=47712\" \/>\n<meta property=\"og:site_name\" content=\"Los pol\u00edticos Veracruz\" \/>\n<meta property=\"article:publisher\" content=\"https:\/\/www.facebook.com\/people\/Notimemes-de-los-Polticos\/61565672886568\/\" \/>\n<meta property=\"article:published_time\" content=\"2019-04-04T21:59:51+00:00\" \/>\n<meta property=\"og:image\" content=\"https:\/\/lospoliticosveracruz.com\/wp-content\/uploads\/2019\/04\/IMSS1.jpeg\" \/>\n\t<meta property=\"og:image:width\" content=\"600\" \/>\n\t<meta property=\"og:image:height\" content=\"284\" \/>\n\t<meta property=\"og:image:type\" content=\"image\/jpeg\" \/>\n<meta name=\"author\" content=\"Lo viste en Los Pol\u00edticos\" \/>\n<meta name=\"twitter:card\" content=\"summary_large_image\" \/>\n<meta name=\"twitter:creator\" content=\"@LosPoliticosVer\" \/>\n<meta name=\"twitter:site\" content=\"@LosPoliticosVer\" \/>\n<meta name=\"twitter:label1\" content=\"Escrito por\" \/>\n\t<meta name=\"twitter:data1\" content=\"Lo viste en Los Pol\u00edticos\" \/>\n\t<meta name=\"twitter:label2\" content=\"Tiempo de lectura\" \/>\n\t<meta name=\"twitter:data2\" content=\"2 minutos\" \/>\n<script type=\"application\/ld+json\" class=\"yoast-schema-graph\">{\"@context\":\"https:\\\/\\\/schema.org\",\"@graph\":[{\"@type\":\"Article\",\"@id\":\"https:\\\/\\\/lospoliticosveracruz.com\\\/?p=47712#article\",\"isPartOf\":{\"@id\":\"https:\\\/\\\/lospoliticosveracruz.com\\\/?p=47712\"},\"author\":{\"name\":\"Lo viste en Los Pol\u00edticos\",\"@id\":\"https:\\\/\\\/lospoliticosveracruz.com\\\/#\\\/schema\\\/person\\\/b8702bb0e538456e6efd07080bf2a4a2\"},\"headline\":\"\u00a1Se solicita M\u00e9dicos Especialistas! Informes, en IMSS Veracruz Norte\",\"datePublished\":\"2019-04-04T21:59:51+00:00\",\"mainEntityOfPage\":{\"@id\":\"https:\\\/\\\/lospoliticosveracruz.com\\\/?p=47712\"},\"wordCount\":323,\"commentCount\":0,\"publisher\":{\"@id\":\"https:\\\/\\\/lospoliticosveracruz.com\\\/#organization\"},\"image\":{\"@id\":\"https:\\\/\\\/lospoliticosveracruz.com\\\/?p=47712#primaryimage\"},\"thumbnailUrl\":\"https:\\\/\\\/lospoliticosveracruz.com\\\/wp-content\\\/uploads\\\/2019\\\/04\\\/IMSS1.jpeg\",\"keywords\":[\"Candelario P\u00e9rez Alvarado\",\"Cardiolog\u00eda\",\"Cirug\u00eda General\",\"Cirug\u00eda Pedi\u00e1trica\",\"Cirug\u00eda Pl\u00e1stica y Reconstructiva\",\"Dermatolog\u00eda\",\"Ginecolog\u00eda y Obstetricia\",\"Hemodinamia\",\"IMSS\",\"Lerdo de Tejada-San Andr\u00e9s Tuxtla\",\"Medicina Interna\",\"m\u00e9dicos especialistas\",\"Neumolog\u00eda\",\"Neurocirug\u00eda\",\"Neurolog\u00eda\",\"Oftalmolog\u00eda\",\"Oncolog\u00eda M\u00e9dica\",\"Otorrinolaringolog\u00eda\",\"Radiodiagn\u00f3stico\",\"Salud Comunitaria\",\"Salud en el Trabajo\",\"Terapia intensiva\",\"Traumatolog\u00eda y Ortopedia\",\"Tuxpan-Poza Rica\",\"Veracruz Norte\"],\"articleSection\":[\"De Boleto\"],\"inLanguage\":\"es\",\"potentialAction\":[{\"@type\":\"CommentAction\",\"name\":\"Comment\",\"target\":[\"https:\\\/\\\/lospoliticosveracruz.com\\\/?p=47712#respond\"]}]},{\"@type\":\"WebPage\",\"@id\":\"https:\\\/\\\/lospoliticosveracruz.com\\\/?p=47712\",\"url\":\"https:\\\/\\\/lospoliticosveracruz.com\\\/?p=47712\",\"name\":\"\u00a1Se solicita M\u00e9dicos Especialistas! Informes, en IMSS Veracruz Norte - Los pol\u00edticos Veracruz\",\"isPartOf\":{\"@id\":\"https:\\\/\\\/lospoliticosveracruz.com\\\/#website\"},\"primaryImageOfPage\":{\"@id\":\"https:\\\/\\\/lospoliticosveracruz.com\\\/?p=47712#primaryimage\"},\"image\":{\"@id\":\"https:\\\/\\\/lospoliticosveracruz.com\\\/?p=47712#primaryimage\"},\"thumbnailUrl\":\"https:\\\/\\\/lospoliticosveracruz.com\\\/wp-content\\\/uploads\\\/2019\\\/04\\\/IMSS1.jpeg\",\"datePublished\":\"2019-04-04T21:59:51+00:00\",\"breadcrumb\":{\"@id\":\"https:\\\/\\\/lospoliticosveracruz.com\\\/?p=47712#breadcrumb\"},\"inLanguage\":\"es\",\"potentialAction\":[{\"@type\":\"ReadAction\",\"target\":[\"https:\\\/\\\/lospoliticosveracruz.com\\\/?p=47712\"]}]},{\"@type\":\"ImageObject\",\"inLanguage\":\"es\",\"@id\":\"https:\\\/\\\/lospoliticosveracruz.com\\\/?p=47712#primaryimage\",\"url\":\"https:\\\/\\\/lospoliticosveracruz.com\\\/wp-content\\\/uploads\\\/2019\\\/04\\\/IMSS1.jpeg\",\"contentUrl\":\"https:\\\/\\\/lospoliticosveracruz.com\\\/wp-content\\\/uploads\\\/2019\\\/04\\\/IMSS1.jpeg\",\"width\":600,\"height\":284},{\"@type\":\"BreadcrumbList\",\"@id\":\"https:\\\/\\\/lospoliticosveracruz.com\\\/?p=47712#breadcrumb\",\"itemListElement\":[{\"@type\":\"ListItem\",\"position\":1,\"name\":\"Portada\",\"item\":\"https:\\\/\\\/lospoliticosveracruz.com\\\/\"},{\"@type\":\"ListItem\",\"position\":2,\"name\":\"\u00a1Se solicita M\u00e9dicos Especialistas! Informes, en IMSS Veracruz Norte\"}]},{\"@type\":\"WebSite\",\"@id\":\"https:\\\/\\\/lospoliticosveracruz.com\\\/#website\",\"url\":\"https:\\\/\\\/lospoliticosveracruz.com\\\/\",\"name\":\"Los pol\u00edticos Veracruz\",\"description\":\"\",\"publisher\":{\"@id\":\"https:\\\/\\\/lospoliticosveracruz.com\\\/#organization\"},\"potentialAction\":[{\"@type\":\"SearchAction\",\"target\":{\"@type\":\"EntryPoint\",\"urlTemplate\":\"https:\\\/\\\/lospoliticosveracruz.com\\\/?s={search_term_string}\"},\"query-input\":{\"@type\":\"PropertyValueSpecification\",\"valueRequired\":true,\"valueName\":\"search_term_string\"}}],\"inLanguage\":\"es\"},{\"@type\":\"Organization\",\"@id\":\"https:\\\/\\\/lospoliticosveracruz.com\\\/#organization\",\"name\":\"Los pol\u00edticos Veracruz\",\"url\":\"https:\\\/\\\/lospoliticosveracruz.com\\\/\",\"logo\":{\"@type\":\"ImageObject\",\"inLanguage\":\"es\",\"@id\":\"https:\\\/\\\/lospoliticosveracruz.com\\\/#\\\/schema\\\/logo\\\/image\\\/\",\"url\":\"https:\\\/\\\/lospoliticosveracruz.com\\\/wp-content\\\/uploads\\\/2025\\\/12\\\/Logo-Nuevo-LOS-POLITICOS-1.jpg\",\"contentUrl\":\"https:\\\/\\\/lospoliticosveracruz.com\\\/wp-content\\\/uploads\\\/2025\\\/12\\\/Logo-Nuevo-LOS-POLITICOS-1.jpg\",\"width\":260,\"height\":70,\"caption\":\"Los pol\u00edticos Veracruz\"},\"image\":{\"@id\":\"https:\\\/\\\/lospoliticosveracruz.com\\\/#\\\/schema\\\/logo\\\/image\\\/\"},\"sameAs\":[\"https:\\\/\\\/www.facebook.com\\\/people\\\/Notimemes-de-los-Polticos\\\/61565672886568\\\/\",\"https:\\\/\\\/x.com\\\/LosPoliticosVer\"]},{\"@type\":\"Person\",\"@id\":\"https:\\\/\\\/lospoliticosveracruz.com\\\/#\\\/schema\\\/person\\\/b8702bb0e538456e6efd07080bf2a4a2\",\"name\":\"Lo viste en Los Pol\u00edticos\",\"image\":{\"@type\":\"ImageObject\",\"inLanguage\":\"es\",\"@id\":\"https:\\\/\\\/secure.gravatar.com\\\/avatar\\\/3a8de04a2656d44082be478bd6c086daa447c4651605818287b9532d3d0bd435?s=96&d=mm&r=g\",\"url\":\"https:\\\/\\\/secure.gravatar.com\\\/avatar\\\/3a8de04a2656d44082be478bd6c086daa447c4651605818287b9532d3d0bd435?s=96&d=mm&r=g\",\"contentUrl\":\"https:\\\/\\\/secure.gravatar.com\\\/avatar\\\/3a8de04a2656d44082be478bd6c086daa447c4651605818287b9532d3d0bd435?s=96&d=mm&r=g\",\"caption\":\"Lo viste en Los Pol\u00edticos\"},\"url\":\"https:\\\/\\\/lospoliticosveracruz.com\\\/?author=2\"}]}<\/script>\n<!-- \/ Yoast SEO plugin. -->","yoast_head_json":{"title":"\u00a1Se solicita M\u00e9dicos Especialistas! Informes, en IMSS Veracruz Norte - Los pol\u00edticos Veracruz","robots":{"index":"index","follow":"follow","max-snippet":"max-snippet:-1","max-image-preview":"max-image-preview:large","max-video-preview":"max-video-preview:-1"},"canonical":"https:\/\/lospoliticosveracruz.com\/?p=47712","og_locale":"es_ES","og_type":"article","og_title":"\u00a1Se solicita M\u00e9dicos Especialistas! Informes, en IMSS Veracruz Norte - Los pol\u00edticos Veracruz","og_description":"La Delegaci\u00f3n Regional del Instituto Mexicano del Seguro Social (IMSS) en Veracruz Norte en conjunto con la Secci\u00f3n IX del SNTSS, solicitan m\u00e9dicos especialistas para laborar en Hospitales Generales de Zona y Unidades M\u00e9dicas Familiares, inform\u00f3 el delegado Candelario P\u00e9rez Alvarado. Las vacantes est\u00e1n disponibles en la zonas Tuxpan-Poza Rica, Xalapa-Veracruz y Lerdo de Tejada-San [&hellip;]","og_url":"https:\/\/lospoliticosveracruz.com\/?p=47712","og_site_name":"Los pol\u00edticos Veracruz","article_publisher":"https:\/\/www.facebook.com\/people\/Notimemes-de-los-Polticos\/61565672886568\/","article_published_time":"2019-04-04T21:59:51+00:00","og_image":[{"width":600,"height":284,"url":"https:\/\/lospoliticosveracruz.com\/wp-content\/uploads\/2019\/04\/IMSS1.jpeg","type":"image\/jpeg"}],"author":"Lo viste en Los Pol\u00edticos","twitter_card":"summary_large_image","twitter_creator":"@LosPoliticosVer","twitter_site":"@LosPoliticosVer","twitter_misc":{"Escrito por":"Lo viste en Los Pol\u00edticos","Tiempo de lectura":"2 minutos"},"schema":{"@context":"https:\/\/schema.org","@graph":[{"@type":"Article","@id":"https:\/\/lospoliticosveracruz.com\/?p=47712#article","isPartOf":{"@id":"https:\/\/lospoliticosveracruz.com\/?p=47712"},"author":{"name":"Lo viste en Los Pol\u00edticos","@id":"https:\/\/lospoliticosveracruz.com\/#\/schema\/person\/b8702bb0e538456e6efd07080bf2a4a2"},"headline":"\u00a1Se solicita M\u00e9dicos Especialistas! Informes, en IMSS Veracruz Norte","datePublished":"2019-04-04T21:59:51+00:00","mainEntityOfPage":{"@id":"https:\/\/lospoliticosveracruz.com\/?p=47712"},"wordCount":323,"commentCount":0,"publisher":{"@id":"https:\/\/lospoliticosveracruz.com\/#organization"},"image":{"@id":"https:\/\/lospoliticosveracruz.com\/?p=47712#primaryimage"},"thumbnailUrl":"https:\/\/lospoliticosveracruz.com\/wp-content\/uploads\/2019\/04\/IMSS1.jpeg","keywords":["Candelario P\u00e9rez Alvarado","Cardiolog\u00eda","Cirug\u00eda General","Cirug\u00eda Pedi\u00e1trica","Cirug\u00eda Pl\u00e1stica y Reconstructiva","Dermatolog\u00eda","Ginecolog\u00eda y Obstetricia","Hemodinamia","IMSS","Lerdo de Tejada-San Andr\u00e9s Tuxtla","Medicina Interna","m\u00e9dicos especialistas","Neumolog\u00eda","Neurocirug\u00eda","Neurolog\u00eda","Oftalmolog\u00eda","Oncolog\u00eda M\u00e9dica","Otorrinolaringolog\u00eda","Radiodiagn\u00f3stico","Salud Comunitaria","Salud en el Trabajo","Terapia intensiva","Traumatolog\u00eda y Ortopedia","Tuxpan-Poza Rica","Veracruz Norte"],"articleSection":["De Boleto"],"inLanguage":"es","potentialAction":[{"@type":"CommentAction","name":"Comment","target":["https:\/\/lospoliticosveracruz.com\/?p=47712#respond"]}]},{"@type":"WebPage","@id":"https:\/\/lospoliticosveracruz.com\/?p=47712","url":"https:\/\/lospoliticosveracruz.com\/?p=47712","name":"\u00a1Se solicita M\u00e9dicos Especialistas! Informes, en IMSS Veracruz Norte - Los pol\u00edticos Veracruz","isPartOf":{"@id":"https:\/\/lospoliticosveracruz.com\/#website"},"primaryImageOfPage":{"@id":"https:\/\/lospoliticosveracruz.com\/?p=47712#primaryimage"},"image":{"@id":"https:\/\/lospoliticosveracruz.com\/?p=47712#primaryimage"},"thumbnailUrl":"https:\/\/lospoliticosveracruz.com\/wp-content\/uploads\/2019\/04\/IMSS1.jpeg","datePublished":"2019-04-04T21:59:51+00:00","breadcrumb":{"@id":"https:\/\/lospoliticosveracruz.com\/?p=47712#breadcrumb"},"inLanguage":"es","potentialAction":[{"@type":"ReadAction","target":["https:\/\/lospoliticosveracruz.com\/?p=47712"]}]},{"@type":"ImageObject","inLanguage":"es","@id":"https:\/\/lospoliticosveracruz.com\/?p=47712#primaryimage","url":"https:\/\/lospoliticosveracruz.com\/wp-content\/uploads\/2019\/04\/IMSS1.jpeg","contentUrl":"https:\/\/lospoliticosveracruz.com\/wp-content\/uploads\/2019\/04\/IMSS1.jpeg","width":600,"height":284},{"@type":"BreadcrumbList","@id":"https:\/\/lospoliticosveracruz.com\/?p=47712#breadcrumb","itemListElement":[{"@type":"ListItem","position":1,"name":"Portada","item":"https:\/\/lospoliticosveracruz.com\/"},{"@type":"ListItem","position":2,"name":"\u00a1Se solicita M\u00e9dicos Especialistas! Informes, en IMSS Veracruz Norte"}]},{"@type":"WebSite","@id":"https:\/\/lospoliticosveracruz.com\/#website","url":"https:\/\/lospoliticosveracruz.com\/","name":"Los pol\u00edticos Veracruz","description":"","publisher":{"@id":"https:\/\/lospoliticosveracruz.com\/#organization"},"potentialAction":[{"@type":"SearchAction","target":{"@type":"EntryPoint","urlTemplate":"https:\/\/lospoliticosveracruz.com\/?s={search_term_string}"},"query-input":{"@type":"PropertyValueSpecification","valueRequired":true,"valueName":"search_term_string"}}],"inLanguage":"es"},{"@type":"Organization","@id":"https:\/\/lospoliticosveracruz.com\/#organization","name":"Los pol\u00edticos Veracruz","url":"https:\/\/lospoliticosveracruz.com\/","logo":{"@type":"ImageObject","inLanguage":"es","@id":"https:\/\/lospoliticosveracruz.com\/#\/schema\/logo\/image\/","url":"https:\/\/lospoliticosveracruz.com\/wp-content\/uploads\/2025\/12\/Logo-Nuevo-LOS-POLITICOS-1.jpg","contentUrl":"https:\/\/lospoliticosveracruz.com\/wp-content\/uploads\/2025\/12\/Logo-Nuevo-LOS-POLITICOS-1.jpg","width":260,"height":70,"caption":"Los pol\u00edticos Veracruz"},"image":{"@id":"https:\/\/lospoliticosveracruz.com\/#\/schema\/logo\/image\/"},"sameAs":["https:\/\/www.facebook.com\/people\/Notimemes-de-los-Polticos\/61565672886568\/","https:\/\/x.com\/LosPoliticosVer"]},{"@type":"Person","@id":"https:\/\/lospoliticosveracruz.com\/#\/schema\/person\/b8702bb0e538456e6efd07080bf2a4a2","name":"Lo viste en Los Pol\u00edticos","image":{"@type":"ImageObject","inLanguage":"es","@id":"https:\/\/secure.gravatar.com\/avatar\/3a8de04a2656d44082be478bd6c086daa447c4651605818287b9532d3d0bd435?s=96&d=mm&r=g","url":"https:\/\/secure.gravatar.com\/avatar\/3a8de04a2656d44082be478bd6c086daa447c4651605818287b9532d3d0bd435?s=96&d=mm&r=g","contentUrl":"https:\/\/secure.gravatar.com\/avatar\/3a8de04a2656d44082be478bd6c086daa447c4651605818287b9532d3d0bd435?s=96&d=mm&r=g","caption":"Lo viste en Los Pol\u00edticos"},"url":"https:\/\/lospoliticosveracruz.com\/?author=2"}]}},"_links":{"self":[{"href":"https:\/\/lospoliticosveracruz.com\/index.php?rest_route=\/wp\/v2\/posts\/47712","targetHints":{"allow":["GET"]}}],"collection":[{"href":"https:\/\/lospoliticosveracruz.com\/index.php?rest_route=\/wp\/v2\/posts"}],"about":[{"href":"https:\/\/lospoliticosveracruz.com\/index.php?rest_route=\/wp\/v2\/types\/post"}],"author":[{"embeddable":true,"href":"https:\/\/lospoliticosveracruz.com\/index.php?rest_route=\/wp\/v2\/users\/2"}],"replies":[{"embeddable":true,"href":"https:\/\/lospoliticosveracruz.com\/index.php?rest_route=%2Fwp%2Fv2%2Fcomments&post=47712"}],"version-history":[{"count":1,"href":"https:\/\/lospoliticosveracruz.com\/index.php?rest_route=\/wp\/v2\/posts\/47712\/revisions"}],"predecessor-version":[{"id":47714,"href":"https:\/\/lospoliticosveracruz.com\/index.php?rest_route=\/wp\/v2\/posts\/47712\/revisions\/47714"}],"wp:featuredmedia":[{"embeddable":true,"href":"https:\/\/lospoliticosveracruz.com\/index.php?rest_route=\/wp\/v2\/media\/47713"}],"wp:attachment":[{"href":"https:\/\/lospoliticosveracruz.com\/index.php?rest_route=%2Fwp%2Fv2%2Fmedia&parent=47712"}],"wp:term":[{"taxonomy":"category","embeddable":true,"href":"https:\/\/lospoliticosveracruz.com\/index.php?rest_route=%2Fwp%2Fv2%2Fcategories&post=47712"},{"taxonomy":"post_tag","embeddable":true,"href":"https:\/\/lospoliticosveracruz.com\/index.php?rest_route=%2Fwp%2Fv2%2Ftags&post=47712"}],"curies":[{"name":"wp","href":"https:\/\/api.w.org\/{rel}","templated":true}]}}