{"id":47812,"date":"2019-04-12T09:37:46","date_gmt":"2019-04-12T14:37:46","guid":{"rendered":"http:\/\/www.lospoliticosveracruz.com.mx\/?p=47812"},"modified":"2019-04-12T09:37:46","modified_gmt":"2019-04-12T14:37:46","slug":"pri-padron-poco-confiable","status":"publish","type":"post","link":"https:\/\/lospoliticosveracruz.com\/?p=47812","title":{"rendered":"PRI, padr\u00f3n poco confiable"},"content":{"rendered":"<p><strong>Luis Alberto Romero<\/strong><\/p>\n<p><em>Hora Cero<\/em><\/p>\n<p>El Partido Revolucionario Institucional se prepara para la renovaci\u00f3n de su Comit\u00e9 Directivo Estatal; sale Lillian Zepahua, interina, y podr\u00eda llegar uno de los cuatro candidatos registrados, Damara G\u00f3mez, Adolfo Ram\u00edrez, Carlos Aceves o Marlon Ram\u00edrez.<\/p>\n<p>Los cuatro aspirantes est\u00e1n en campa\u00f1a para intentar convencer a un electorado de poco m\u00e1s de 160 mil militantes.<\/p>\n<p>El problema, sin embargo, se relaciona con un padr\u00f3n poco confiable, cuya \u00faltima actualizaci\u00f3n data de hace cuatro a\u00f1os, 2015.<\/p>\n<p>Por tanto, ese padr\u00f3n incluye lo mismo a personas que fallecieron en los \u00faltimos a\u00f1os, que a quienes eran priistas pero hoy ya se encuentran en otros partidos.<\/p>\n<p>Tenemos el caso, por ejemplo, del actual regidor del ayuntamiento Xalapa, Rafael P\u00e9rez S\u00e1nchez, quien llega al Cabildo como integrante de la planilla del Movimiento de Regeneraci\u00f3n Nacional; sin embargo, el padr\u00f3n que es usado para el presente proceso interno del PRI le reconoce como militante y, por tanto, tendr\u00eda derecho a participar o al menos a votar.<\/p>\n<p>Otro caso: en el puerto de Veracruz, el padr\u00f3n priista reconoce como militante a Fernando Arteaga Aponte, quien fuera operador pol\u00edtico del PRI hace algunos a\u00f1os; sin embargo, el famoso \u201cHuevo\u201d Arteaga fue candidato de Morena a diputado en el proceso electoral de 2018; hoy, al igual que el xalape\u00f1o Rafael P\u00e9rez, podr\u00eda acudir a votar por una de las cuatro f\u00f3rmulas que disputan la dirigencia estatal.<\/p>\n<p>Habr\u00eda que decir que como esos dos ejemplos hay otros casos similares en pr\u00e1cticamente todos los distritos de la entidad: personas a las que el partido reconoce como militantes pero que hoy simpatizan con otras fuerzas pol\u00edticas.<\/p>\n<p>Eso sin contar los casos de priistas que han muerto en los \u00faltimos a\u00f1os y, dado que no existe un padr\u00f3n actualizado, todav\u00eda aparecen con derecho al voto.<\/p>\n<p>Por el contrario, hay otros casos de priistas que han formado parte por a\u00f1os de la llamada estructura electoral, de los seccionales del partido, que no fueron incluidos en el padr\u00f3n que reconoce el Instituto Nacional Electoral y, por tanto, est\u00e1n impedidos para votar.<\/p>\n<p>El PRI, por cierto, corre el riesgo de ver un proceso judicializado, como ocurri\u00f3 con la elecci\u00f3n interna panista, si es que prevalece la trampa y el fraude.<\/p>\n<p>Recordemos que por la noche de este mi\u00e9rcoles, el Tribunal Electoral de Veracruz anul\u00f3 la elecci\u00f3n interna del Partido Acci\u00f3n Nacional, con lo que ech\u00f3 abajo el resultado que favorec\u00eda a Jos\u00e9 de Jes\u00fas Mancha.<\/p>\n<p>Al desahogar los recursos de impugnaci\u00f3n presentados por Joaqu\u00edn Rosendo Guzm\u00e1n Avil\u00e9s, el Tribunal determin\u00f3 que dicho proceso no garantizaba los principios constitucionales de certeza, por lo que el partido tendr\u00e1 que convocar a una elecci\u00f3n extraordinaria.<\/p>\n<p>La competencia entre los dos candidatos panistas, Mancha Alarc\u00f3n y Guzm\u00e1n Avil\u00e9s, termin\u00f3 por judicializarse y el mismo riesgo corre ahora el Revolucionario Institucional.<\/p>\n<p>De entrada, Damara G\u00f3mez, la \u00fanica mujer y la \u00fanica joven de la contienda priista, anuncia que present\u00f3 cinco recursos de impugnaci\u00f3n al proceso interno de su partido.<\/p>\n<p>Otros aspirantes, como Carlos Aceves Amezcua, han optado por una actitud institucional, descartan irregularidades y se niegan a hablar de dados cargados.<\/p>\n<p>Lo cierto es que sin importar quien gane en el proceso interno del PRI, el partido enfrenta el reto de no dividirse a\u00fan m\u00e1s, porque a este paso terminar\u00e1 todav\u00eda m\u00e1s reducido, balcanizado. @luisromero85<\/p>\n","protected":false},"excerpt":{"rendered":"<p>Luis Alberto Romero Hora Cero El Partido Revolucionario Institucional se prepara para la renovaci\u00f3n de su Comit\u00e9 Directivo Estatal; sale Lillian Zepahua, interina, y podr\u00eda llegar uno de los cuatro candidatos registrados, Damara G\u00f3mez, Adolfo Ram\u00edrez, Carlos Aceves o Marlon Ram\u00edrez. Los cuatro aspirantes est\u00e1n en campa\u00f1a para intentar convencer a un electorado de poco [&hellip;]<\/p>\n","protected":false},"author":2,"featured_media":0,"comment_status":"open","ping_status":"open","sticky":false,"template":"","format":"standard","meta":{"tdm_status":"","tdm_grid_status":"","footnotes":""},"categories":[70],"tags":[6231,12809,1183,2814,4017,1706,1026,835,266,251,2423,195,96],"class_list":{"0":"post-47812","1":"post","2":"type-post","3":"status-publish","4":"format-standard","6":"category-de-opinion","7":"tag-carlos-aceves","8":"tag-damara-gomez","9":"tag-fernando-arteaga-aponte","10":"tag-joaquin-rosendo-guzman-aviles","11":"tag-jose-de-jesus-mancha","12":"tag-marlon-ramirez","13":"tag-morena","14":"tag-padron","15":"tag-pan","16":"tag-pri","17":"tag-rafael-perez-sanchez","18":"tag-veracruz","19":"tag-xalapa"},"yoast_head":"<!-- This site is optimized with the Yoast SEO plugin v27.4 - https:\/\/yoast.com\/product\/yoast-seo-wordpress\/ -->\n<title>PRI, padr\u00f3n poco confiable - Los pol\u00edticos Veracruz<\/title>\n<meta name=\"robots\" content=\"index, follow, max-snippet:-1, max-image-preview:large, max-video-preview:-1\" \/>\n<link rel=\"canonical\" href=\"https:\/\/lospoliticosveracruz.com\/?p=47812\" \/>\n<meta property=\"og:locale\" content=\"es_ES\" \/>\n<meta property=\"og:type\" content=\"article\" \/>\n<meta property=\"og:title\" content=\"PRI, padr\u00f3n poco confiable - Los pol\u00edticos Veracruz\" \/>\n<meta property=\"og:description\" content=\"Luis Alberto Romero Hora Cero El Partido Revolucionario Institucional se prepara para la renovaci\u00f3n de su Comit\u00e9 Directivo Estatal; sale Lillian Zepahua, interina, y podr\u00eda llegar uno de los cuatro candidatos registrados, Damara G\u00f3mez, Adolfo Ram\u00edrez, Carlos Aceves o Marlon Ram\u00edrez. Los cuatro aspirantes est\u00e1n en campa\u00f1a para intentar convencer a un electorado de poco [&hellip;]\" \/>\n<meta property=\"og:url\" content=\"https:\/\/lospoliticosveracruz.com\/?p=47812\" \/>\n<meta property=\"og:site_name\" content=\"Los pol\u00edticos Veracruz\" \/>\n<meta property=\"article:publisher\" content=\"https:\/\/www.facebook.com\/people\/Notimemes-de-los-Polticos\/61565672886568\/\" \/>\n<meta property=\"article:published_time\" content=\"2019-04-12T14:37:46+00:00\" \/>\n<meta property=\"og:image\" content=\"https:\/\/lospoliticosveracruz.com\/wp-content\/uploads\/2016\/07\/Logo-Dor.jpg\" \/>\n\t<meta property=\"og:image:width\" content=\"200\" \/>\n\t<meta property=\"og:image:height\" content=\"200\" \/>\n\t<meta property=\"og:image:type\" content=\"image\/jpeg\" \/>\n<meta name=\"author\" content=\"Lo viste en Los Pol\u00edticos\" \/>\n<meta name=\"twitter:card\" content=\"summary_large_image\" \/>\n<meta name=\"twitter:creator\" content=\"@LosPoliticosVer\" \/>\n<meta name=\"twitter:site\" content=\"@LosPoliticosVer\" \/>\n<meta name=\"twitter:label1\" content=\"Escrito por\" \/>\n\t<meta name=\"twitter:data1\" content=\"Lo viste en Los Pol\u00edticos\" \/>\n\t<meta name=\"twitter:label2\" content=\"Tiempo de lectura\" \/>\n\t<meta name=\"twitter:data2\" content=\"3 minutos\" \/>\n<script type=\"application\/ld+json\" class=\"yoast-schema-graph\">{\"@context\":\"https:\\\/\\\/schema.org\",\"@graph\":[{\"@type\":\"Article\",\"@id\":\"https:\\\/\\\/lospoliticosveracruz.com\\\/?p=47812#article\",\"isPartOf\":{\"@id\":\"https:\\\/\\\/lospoliticosveracruz.com\\\/?p=47812\"},\"author\":{\"name\":\"Lo viste en Los Pol\u00edticos\",\"@id\":\"https:\\\/\\\/lospoliticosveracruz.com\\\/#\\\/schema\\\/person\\\/b8702bb0e538456e6efd07080bf2a4a2\"},\"headline\":\"PRI, padr\u00f3n poco confiable\",\"datePublished\":\"2019-04-12T14:37:46+00:00\",\"mainEntityOfPage\":{\"@id\":\"https:\\\/\\\/lospoliticosveracruz.com\\\/?p=47812\"},\"wordCount\":606,\"commentCount\":0,\"publisher\":{\"@id\":\"https:\\\/\\\/lospoliticosveracruz.com\\\/#organization\"},\"keywords\":[\"Carlos Aceves\",\"Damara G\u00f3mez\",\"Fernando Arteaga Aponte\",\"Joaqu\u00edn Rosendo Guzm\u00e1n Avil\u00e9s\",\"Jos\u00e9 de Jes\u00fas Mancha\",\"Marlon Ram\u00edrez\",\"Morena\",\"padr\u00f3n\",\"PAN\",\"PRI\",\"Rafael P\u00e9rez S\u00e1nchez\",\"Veracruz\",\"Xalapa\"],\"articleSection\":[\"De Opini\u00f3n\"],\"inLanguage\":\"es\",\"potentialAction\":[{\"@type\":\"CommentAction\",\"name\":\"Comment\",\"target\":[\"https:\\\/\\\/lospoliticosveracruz.com\\\/?p=47812#respond\"]}]},{\"@type\":\"WebPage\",\"@id\":\"https:\\\/\\\/lospoliticosveracruz.com\\\/?p=47812\",\"url\":\"https:\\\/\\\/lospoliticosveracruz.com\\\/?p=47812\",\"name\":\"PRI, padr\u00f3n poco confiable - Los pol\u00edticos Veracruz\",\"isPartOf\":{\"@id\":\"https:\\\/\\\/lospoliticosveracruz.com\\\/#website\"},\"datePublished\":\"2019-04-12T14:37:46+00:00\",\"breadcrumb\":{\"@id\":\"https:\\\/\\\/lospoliticosveracruz.com\\\/?p=47812#breadcrumb\"},\"inLanguage\":\"es\",\"potentialAction\":[{\"@type\":\"ReadAction\",\"target\":[\"https:\\\/\\\/lospoliticosveracruz.com\\\/?p=47812\"]}]},{\"@type\":\"BreadcrumbList\",\"@id\":\"https:\\\/\\\/lospoliticosveracruz.com\\\/?p=47812#breadcrumb\",\"itemListElement\":[{\"@type\":\"ListItem\",\"position\":1,\"name\":\"Portada\",\"item\":\"https:\\\/\\\/lospoliticosveracruz.com\\\/\"},{\"@type\":\"ListItem\",\"position\":2,\"name\":\"PRI, padr\u00f3n poco confiable\"}]},{\"@type\":\"WebSite\",\"@id\":\"https:\\\/\\\/lospoliticosveracruz.com\\\/#website\",\"url\":\"https:\\\/\\\/lospoliticosveracruz.com\\\/\",\"name\":\"Los pol\u00edticos Veracruz\",\"description\":\"\",\"publisher\":{\"@id\":\"https:\\\/\\\/lospoliticosveracruz.com\\\/#organization\"},\"potentialAction\":[{\"@type\":\"SearchAction\",\"target\":{\"@type\":\"EntryPoint\",\"urlTemplate\":\"https:\\\/\\\/lospoliticosveracruz.com\\\/?s={search_term_string}\"},\"query-input\":{\"@type\":\"PropertyValueSpecification\",\"valueRequired\":true,\"valueName\":\"search_term_string\"}}],\"inLanguage\":\"es\"},{\"@type\":\"Organization\",\"@id\":\"https:\\\/\\\/lospoliticosveracruz.com\\\/#organization\",\"name\":\"Los pol\u00edticos Veracruz\",\"url\":\"https:\\\/\\\/lospoliticosveracruz.com\\\/\",\"logo\":{\"@type\":\"ImageObject\",\"inLanguage\":\"es\",\"@id\":\"https:\\\/\\\/lospoliticosveracruz.com\\\/#\\\/schema\\\/logo\\\/image\\\/\",\"url\":\"https:\\\/\\\/lospoliticosveracruz.com\\\/wp-content\\\/uploads\\\/2025\\\/12\\\/Logo-Nuevo-LOS-POLITICOS-1.jpg\",\"contentUrl\":\"https:\\\/\\\/lospoliticosveracruz.com\\\/wp-content\\\/uploads\\\/2025\\\/12\\\/Logo-Nuevo-LOS-POLITICOS-1.jpg\",\"width\":260,\"height\":70,\"caption\":\"Los pol\u00edticos Veracruz\"},\"image\":{\"@id\":\"https:\\\/\\\/lospoliticosveracruz.com\\\/#\\\/schema\\\/logo\\\/image\\\/\"},\"sameAs\":[\"https:\\\/\\\/www.facebook.com\\\/people\\\/Notimemes-de-los-Polticos\\\/61565672886568\\\/\",\"https:\\\/\\\/x.com\\\/LosPoliticosVer\"]},{\"@type\":\"Person\",\"@id\":\"https:\\\/\\\/lospoliticosveracruz.com\\\/#\\\/schema\\\/person\\\/b8702bb0e538456e6efd07080bf2a4a2\",\"name\":\"Lo viste en Los Pol\u00edticos\",\"image\":{\"@type\":\"ImageObject\",\"inLanguage\":\"es\",\"@id\":\"https:\\\/\\\/secure.gravatar.com\\\/avatar\\\/3a8de04a2656d44082be478bd6c086daa447c4651605818287b9532d3d0bd435?s=96&d=mm&r=g\",\"url\":\"https:\\\/\\\/secure.gravatar.com\\\/avatar\\\/3a8de04a2656d44082be478bd6c086daa447c4651605818287b9532d3d0bd435?s=96&d=mm&r=g\",\"contentUrl\":\"https:\\\/\\\/secure.gravatar.com\\\/avatar\\\/3a8de04a2656d44082be478bd6c086daa447c4651605818287b9532d3d0bd435?s=96&d=mm&r=g\",\"caption\":\"Lo viste en Los Pol\u00edticos\"},\"url\":\"https:\\\/\\\/lospoliticosveracruz.com\\\/?author=2\"}]}<\/script>\n<!-- \/ Yoast SEO plugin. -->","yoast_head_json":{"title":"PRI, padr\u00f3n poco confiable - Los pol\u00edticos Veracruz","robots":{"index":"index","follow":"follow","max-snippet":"max-snippet:-1","max-image-preview":"max-image-preview:large","max-video-preview":"max-video-preview:-1"},"canonical":"https:\/\/lospoliticosveracruz.com\/?p=47812","og_locale":"es_ES","og_type":"article","og_title":"PRI, padr\u00f3n poco confiable - Los pol\u00edticos Veracruz","og_description":"Luis Alberto Romero Hora Cero El Partido Revolucionario Institucional se prepara para la renovaci\u00f3n de su Comit\u00e9 Directivo Estatal; sale Lillian Zepahua, interina, y podr\u00eda llegar uno de los cuatro candidatos registrados, Damara G\u00f3mez, Adolfo Ram\u00edrez, Carlos Aceves o Marlon Ram\u00edrez. Los cuatro aspirantes est\u00e1n en campa\u00f1a para intentar convencer a un electorado de poco [&hellip;]","og_url":"https:\/\/lospoliticosveracruz.com\/?p=47812","og_site_name":"Los pol\u00edticos Veracruz","article_publisher":"https:\/\/www.facebook.com\/people\/Notimemes-de-los-Polticos\/61565672886568\/","article_published_time":"2019-04-12T14:37:46+00:00","og_image":[{"width":200,"height":200,"url":"https:\/\/lospoliticosveracruz.com\/wp-content\/uploads\/2016\/07\/Logo-Dor.jpg","type":"image\/jpeg"}],"author":"Lo viste en Los Pol\u00edticos","twitter_card":"summary_large_image","twitter_creator":"@LosPoliticosVer","twitter_site":"@LosPoliticosVer","twitter_misc":{"Escrito por":"Lo viste en Los Pol\u00edticos","Tiempo de lectura":"3 minutos"},"schema":{"@context":"https:\/\/schema.org","@graph":[{"@type":"Article","@id":"https:\/\/lospoliticosveracruz.com\/?p=47812#article","isPartOf":{"@id":"https:\/\/lospoliticosveracruz.com\/?p=47812"},"author":{"name":"Lo viste en Los Pol\u00edticos","@id":"https:\/\/lospoliticosveracruz.com\/#\/schema\/person\/b8702bb0e538456e6efd07080bf2a4a2"},"headline":"PRI, padr\u00f3n poco confiable","datePublished":"2019-04-12T14:37:46+00:00","mainEntityOfPage":{"@id":"https:\/\/lospoliticosveracruz.com\/?p=47812"},"wordCount":606,"commentCount":0,"publisher":{"@id":"https:\/\/lospoliticosveracruz.com\/#organization"},"keywords":["Carlos Aceves","Damara G\u00f3mez","Fernando Arteaga Aponte","Joaqu\u00edn Rosendo Guzm\u00e1n Avil\u00e9s","Jos\u00e9 de Jes\u00fas Mancha","Marlon Ram\u00edrez","Morena","padr\u00f3n","PAN","PRI","Rafael P\u00e9rez S\u00e1nchez","Veracruz","Xalapa"],"articleSection":["De Opini\u00f3n"],"inLanguage":"es","potentialAction":[{"@type":"CommentAction","name":"Comment","target":["https:\/\/lospoliticosveracruz.com\/?p=47812#respond"]}]},{"@type":"WebPage","@id":"https:\/\/lospoliticosveracruz.com\/?p=47812","url":"https:\/\/lospoliticosveracruz.com\/?p=47812","name":"PRI, padr\u00f3n poco confiable - Los pol\u00edticos Veracruz","isPartOf":{"@id":"https:\/\/lospoliticosveracruz.com\/#website"},"datePublished":"2019-04-12T14:37:46+00:00","breadcrumb":{"@id":"https:\/\/lospoliticosveracruz.com\/?p=47812#breadcrumb"},"inLanguage":"es","potentialAction":[{"@type":"ReadAction","target":["https:\/\/lospoliticosveracruz.com\/?p=47812"]}]},{"@type":"BreadcrumbList","@id":"https:\/\/lospoliticosveracruz.com\/?p=47812#breadcrumb","itemListElement":[{"@type":"ListItem","position":1,"name":"Portada","item":"https:\/\/lospoliticosveracruz.com\/"},{"@type":"ListItem","position":2,"name":"PRI, padr\u00f3n poco confiable"}]},{"@type":"WebSite","@id":"https:\/\/lospoliticosveracruz.com\/#website","url":"https:\/\/lospoliticosveracruz.com\/","name":"Los pol\u00edticos Veracruz","description":"","publisher":{"@id":"https:\/\/lospoliticosveracruz.com\/#organization"},"potentialAction":[{"@type":"SearchAction","target":{"@type":"EntryPoint","urlTemplate":"https:\/\/lospoliticosveracruz.com\/?s={search_term_string}"},"query-input":{"@type":"PropertyValueSpecification","valueRequired":true,"valueName":"search_term_string"}}],"inLanguage":"es"},{"@type":"Organization","@id":"https:\/\/lospoliticosveracruz.com\/#organization","name":"Los pol\u00edticos Veracruz","url":"https:\/\/lospoliticosveracruz.com\/","logo":{"@type":"ImageObject","inLanguage":"es","@id":"https:\/\/lospoliticosveracruz.com\/#\/schema\/logo\/image\/","url":"https:\/\/lospoliticosveracruz.com\/wp-content\/uploads\/2025\/12\/Logo-Nuevo-LOS-POLITICOS-1.jpg","contentUrl":"https:\/\/lospoliticosveracruz.com\/wp-content\/uploads\/2025\/12\/Logo-Nuevo-LOS-POLITICOS-1.jpg","width":260,"height":70,"caption":"Los pol\u00edticos Veracruz"},"image":{"@id":"https:\/\/lospoliticosveracruz.com\/#\/schema\/logo\/image\/"},"sameAs":["https:\/\/www.facebook.com\/people\/Notimemes-de-los-Polticos\/61565672886568\/","https:\/\/x.com\/LosPoliticosVer"]},{"@type":"Person","@id":"https:\/\/lospoliticosveracruz.com\/#\/schema\/person\/b8702bb0e538456e6efd07080bf2a4a2","name":"Lo viste en Los Pol\u00edticos","image":{"@type":"ImageObject","inLanguage":"es","@id":"https:\/\/secure.gravatar.com\/avatar\/3a8de04a2656d44082be478bd6c086daa447c4651605818287b9532d3d0bd435?s=96&d=mm&r=g","url":"https:\/\/secure.gravatar.com\/avatar\/3a8de04a2656d44082be478bd6c086daa447c4651605818287b9532d3d0bd435?s=96&d=mm&r=g","contentUrl":"https:\/\/secure.gravatar.com\/avatar\/3a8de04a2656d44082be478bd6c086daa447c4651605818287b9532d3d0bd435?s=96&d=mm&r=g","caption":"Lo viste en Los Pol\u00edticos"},"url":"https:\/\/lospoliticosveracruz.com\/?author=2"}]}},"_links":{"self":[{"href":"https:\/\/lospoliticosveracruz.com\/index.php?rest_route=\/wp\/v2\/posts\/47812","targetHints":{"allow":["GET"]}}],"collection":[{"href":"https:\/\/lospoliticosveracruz.com\/index.php?rest_route=\/wp\/v2\/posts"}],"about":[{"href":"https:\/\/lospoliticosveracruz.com\/index.php?rest_route=\/wp\/v2\/types\/post"}],"author":[{"embeddable":true,"href":"https:\/\/lospoliticosveracruz.com\/index.php?rest_route=\/wp\/v2\/users\/2"}],"replies":[{"embeddable":true,"href":"https:\/\/lospoliticosveracruz.com\/index.php?rest_route=%2Fwp%2Fv2%2Fcomments&post=47812"}],"version-history":[{"count":1,"href":"https:\/\/lospoliticosveracruz.com\/index.php?rest_route=\/wp\/v2\/posts\/47812\/revisions"}],"predecessor-version":[{"id":47813,"href":"https:\/\/lospoliticosveracruz.com\/index.php?rest_route=\/wp\/v2\/posts\/47812\/revisions\/47813"}],"wp:attachment":[{"href":"https:\/\/lospoliticosveracruz.com\/index.php?rest_route=%2Fwp%2Fv2%2Fmedia&parent=47812"}],"wp:term":[{"taxonomy":"category","embeddable":true,"href":"https:\/\/lospoliticosveracruz.com\/index.php?rest_route=%2Fwp%2Fv2%2Fcategories&post=47812"},{"taxonomy":"post_tag","embeddable":true,"href":"https:\/\/lospoliticosveracruz.com\/index.php?rest_route=%2Fwp%2Fv2%2Ftags&post=47812"}],"curies":[{"name":"wp","href":"https:\/\/api.w.org\/{rel}","templated":true}]}}