{"id":47852,"date":"2019-04-16T22:55:18","date_gmt":"2019-04-17T03:55:18","guid":{"rendered":"http:\/\/www.lospoliticosveracruz.com.mx\/?p=47852"},"modified":"2019-04-16T21:04:17","modified_gmt":"2019-04-17T02:04:17","slug":"dr-strange-morena-y-xalapa","status":"publish","type":"post","link":"https:\/\/lospoliticosveracruz.com\/?p=47852","title":{"rendered":"Dr. Strange, Morena y Xalapa"},"content":{"rendered":"<p><strong>Salvador Mu\u00f1oz<\/strong><\/p>\n<p><em>Los Pol\u00edticos<\/em><\/p>\n<p><span style=\"font-weight: 400;\">Imagine por favor el siguiente escenario proyectado en dos a\u00f1os\u2026 Andr\u00e9s Manuel L\u00f3pez Obrador inaugurando una magna obra en Xalapa\u2026 no, no la rehabilitaci\u00f3n de una fuente\u2026 no una callecita que ni genera circuitos\u2026 no unas letritas k\u00edkiris que reflejan todo lo contrario al florecimiento de la capital\u2026 \u00a1hablamos de una obra chingona! \u00a1De \u00e9sas fregonas! \u00a1En las que dice uno: aqu\u00ed est\u00e1n mis impuestos trabajando! Conste\u2026 les dije que lo imaginen. Alrededor de AMLO, varios diputados ornamentales de Morena, tanto locales como federales, y por all\u00ed, nuestros xalape\u00f1os senadores. En una de \u00e9sas, El Pejedente le levanta la mano \u00a1a Ana Miriam Ferr\u00e1ez!<\/span><\/p>\n<p><span style=\"font-weight: 400;\">\u00bfRecuerdan al Doctor Strange de la pel\u00edcula \u201cInfinity War\u201d? Bueno, nosotros no le vamos a dar 14 millones 605 mil posibilidades, pero s\u00ed dos o tres\u2026<\/span><\/p>\n<p><span style=\"font-weight: 400;\">Por favor, vuelva a imaginar el mismo escenario proyectado en 2021, mismos personajes pero ahora, El Pejedente le levanta la mano \u00a1a Rosalinda Galindo Silva!<\/span><\/p>\n<p><span style=\"font-weight: 400;\">Aplicamos otra posibilidad: El Pejedente alza la mano \u00a1a Rafael Hern\u00e1ndez Villalpando! \u00a1Unas \u00a0m\u00e1s! Que le levantara la mano a Dorheny Garc\u00eda Cayetano y Claudia Tello Espinosa\u2026<\/span><\/p>\n<p><span style=\"font-weight: 400;\">La \u00faltima: A Ernesto P\u00e9rez Astorga\u2026<\/span><\/p>\n<p><span style=\"font-weight: 400;\">\u00bfA qu\u00e9 voy con mi juego de Doctor Strange y nuestros flamantes pol\u00edticos de Morena? A plantear otra pregunta: \u00bfQui\u00e9n de todos estos personajes ser\u00eda capaz de contrarrestar lo que hasta el momento es un a\u00f1o y cuatro meses de un burdo trabajo municipal a cargo de Hip\u00f3lito Rodr\u00edguez Herrero?<\/span><\/p>\n<p><span style=\"font-weight: 400;\">\u00bfAna Miriam? \u00bfV\u00edctima de sus propios alcances y de la enorme distancia entre la materia gris y la palabra?<\/span><\/p>\n<p><span style=\"font-weight: 400;\">\u00bfRosalinda? Quien hizo lo que cualquier pol\u00edtico en su sano juicio hubiera hecho por su familia una vez en el poder: \u00a1conseguirle trabajo!<\/span><\/p>\n<p><span style=\"font-weight: 400;\">\u00bfVillalpando? Un diputado al que se le esperaba un poquito de gracia pero que se ha perdido en la inmensidad de San L\u00e1zaro y al menos en Xalapa, dio el Cuitlahuacazo, es decir, hasta el momento, no se sabe que haya bajado alg\u00fan recurso para la \u201cA-penas Veracruzana\u201d&#8230; aunque en su descargo, uno bien podr\u00eda decir: \u00bfPara qu\u00e9 bajar recursos, si al final, el fake-alcalde los va a devolver?<\/span><\/p>\n<p><span style=\"font-weight: 400;\">Ocupar l\u00edneas en Dorheny y Claudia est\u00e1 de m\u00e1s porque si de Villalapando no se le conoce hasta el momento trabajo, a las damas ni por nombre se les identifica.<\/span><\/p>\n<p><span style=\"font-weight: 400;\">Hay morenos que ven en P\u00e9rez Astorga la esperanza para que el partido del Pejedente mantenga la capital en sus patas\u2026 digo, para lo que ha hecho en un a\u00f1o y cuatro meses, est\u00e1 claro que fue con las patas, \u00a1que no los gansos!<\/span><\/p>\n<p><span style=\"font-weight: 400;\">\u00a1Ah! pero hay que dejar en claro algo: Neto P\u00e9rez no implica una \u201cesperanza\u201d en s\u00ed por ser parte del Gabinetazo de Cuitl\u00e1huac Garc\u00eda Jim\u00e9nez, quien bien merece una columna aparte llena de sus posibilidades, tanto futuras como pasadas\u2026<\/span><\/p>\n<p><span style=\"font-weight: 400;\">P\u00e9rez Astorga est\u00e1 ubicado como persona allegada, cercana, apegada al senador Ricardo Ahued Bardahuil, quien hasta el momento, es el \u00fanico que sabe jugar sus cartas pol\u00edticas en el escenario xalape\u00f1o. Lo mismo le da un jal\u00f3n de orejas a Hip\u00f3lito Rodr\u00edguez, que lo mismo le da calor al Pejedente\u2026 maneja bien el \u201cScore\u201d pol\u00edtico, pues.<\/span><\/p>\n<p><span style=\"font-weight: 400;\">Ahora, plantee este escenario: El Pejedente y Ahued, levantando los brazos a P\u00e9rez Astorga. Es el empresario del pl\u00e1stico quien le vendr\u00eda a dar el plus que pudiera esperar un xalape\u00f1o decepcionado de esta administraci\u00f3n municipal durante este a\u00f1o y cuatro meses que lleva mintiendo que trabaja, bajo la idea de que si Neto es amigo, compa\u00f1ero, ahijado de Ricardo Ahued, pudiera dar resultados, no como Hip\u00f3lito, a quien no se le ve posibilidades, ya no en el futuro pol\u00edtico, sino en que pueda hacer alg\u00fan d\u00eda bien su trabajo\u2026<\/span><\/p>\n<p>&nbsp;<\/p>\n<p><span style=\"font-weight: 400;\">smcainito@gmail.com<\/span><\/p>\n","protected":false},"excerpt":{"rendered":"<p>Salvador Mu\u00f1oz Los Pol\u00edticos Imagine por favor el siguiente escenario proyectado en dos a\u00f1os\u2026 Andr\u00e9s Manuel L\u00f3pez Obrador inaugurando una magna obra en Xalapa\u2026 no, no la rehabilitaci\u00f3n de una fuente\u2026 no una callecita que ni genera circuitos\u2026 no unas letritas k\u00edkiris que reflejan todo lo contrario al florecimiento de la capital\u2026 \u00a1hablamos de una [&hellip;]<\/p>\n","protected":false},"author":2,"featured_media":47853,"comment_status":"open","ping_status":"open","sticky":false,"template":"","format":"standard","meta":{"tdm_status":"","tdm_grid_status":"","footnotes":""},"categories":[70],"tags":[7408,618,13953,1563,14499,13952,12605,7620,14500,1026,13511,11992,2812,10669,96],"class_list":{"0":"post-47852","1":"post","2":"type-post","3":"status-publish","4":"format-standard","5":"has-post-thumbnail","7":"category-de-opinion","8":"tag-ana-miriam-ferraez","9":"tag-andres-manuel-lopez-obrador","10":"tag-claudia-tello-espinosa","11":"tag-cuitlahuac-garcia-jimenez","12":"tag-doctor-strange","13":"tag-dorheny-garcia-cayetano","14":"tag-ernesto-perez-astorga","15":"tag-hipolito-rodriguez-herrero","16":"tag-infinity-war","17":"tag-morena","18":"tag-pejedente","19":"tag-rafael-hernandez-villalpando","20":"tag-ricardo-ahued-bardahuil","21":"tag-rosalinda-galindo-silva","22":"tag-xalapa"},"yoast_head":"<!-- This site is optimized with the Yoast SEO plugin v27.4 - https:\/\/yoast.com\/product\/yoast-seo-wordpress\/ -->\n<title>Dr. Strange, Morena y Xalapa - Los pol\u00edticos Veracruz<\/title>\n<meta name=\"robots\" content=\"index, follow, max-snippet:-1, max-image-preview:large, max-video-preview:-1\" \/>\n<link rel=\"canonical\" href=\"https:\/\/lospoliticosveracruz.com\/?p=47852\" \/>\n<meta property=\"og:locale\" content=\"es_ES\" \/>\n<meta property=\"og:type\" content=\"article\" \/>\n<meta property=\"og:title\" content=\"Dr. Strange, Morena y Xalapa - Los pol\u00edticos Veracruz\" \/>\n<meta property=\"og:description\" content=\"Salvador Mu\u00f1oz Los Pol\u00edticos Imagine por favor el siguiente escenario proyectado en dos a\u00f1os\u2026 Andr\u00e9s Manuel L\u00f3pez Obrador inaugurando una magna obra en Xalapa\u2026 no, no la rehabilitaci\u00f3n de una fuente\u2026 no una callecita que ni genera circuitos\u2026 no unas letritas k\u00edkiris que reflejan todo lo contrario al florecimiento de la capital\u2026 \u00a1hablamos de una [&hellip;]\" \/>\n<meta property=\"og:url\" content=\"https:\/\/lospoliticosveracruz.com\/?p=47852\" \/>\n<meta property=\"og:site_name\" content=\"Los pol\u00edticos Veracruz\" \/>\n<meta property=\"article:publisher\" content=\"https:\/\/www.facebook.com\/people\/Notimemes-de-los-Polticos\/61565672886568\/\" \/>\n<meta property=\"article:published_time\" content=\"2019-04-17T03:55:18+00:00\" \/>\n<meta property=\"og:image\" content=\"https:\/\/lospoliticosveracruz.com\/wp-content\/uploads\/2019\/04\/Xalapa.jpg\" \/>\n\t<meta property=\"og:image:width\" content=\"600\" \/>\n\t<meta property=\"og:image:height\" content=\"337\" \/>\n\t<meta property=\"og:image:type\" content=\"image\/jpeg\" \/>\n<meta name=\"author\" content=\"Lo viste en Los Pol\u00edticos\" \/>\n<meta name=\"twitter:card\" content=\"summary_large_image\" \/>\n<meta name=\"twitter:creator\" content=\"@LosPoliticosVer\" \/>\n<meta name=\"twitter:site\" content=\"@LosPoliticosVer\" \/>\n<meta name=\"twitter:label1\" content=\"Escrito por\" \/>\n\t<meta name=\"twitter:data1\" content=\"Lo viste en Los Pol\u00edticos\" \/>\n\t<meta name=\"twitter:label2\" content=\"Tiempo de lectura\" \/>\n\t<meta name=\"twitter:data2\" content=\"3 minutos\" \/>\n<script type=\"application\/ld+json\" class=\"yoast-schema-graph\">{\"@context\":\"https:\\\/\\\/schema.org\",\"@graph\":[{\"@type\":\"Article\",\"@id\":\"https:\\\/\\\/lospoliticosveracruz.com\\\/?p=47852#article\",\"isPartOf\":{\"@id\":\"https:\\\/\\\/lospoliticosveracruz.com\\\/?p=47852\"},\"author\":{\"name\":\"Lo viste en Los Pol\u00edticos\",\"@id\":\"https:\\\/\\\/lospoliticosveracruz.com\\\/#\\\/schema\\\/person\\\/b8702bb0e538456e6efd07080bf2a4a2\"},\"headline\":\"Dr. Strange, Morena y Xalapa\",\"datePublished\":\"2019-04-17T03:55:18+00:00\",\"mainEntityOfPage\":{\"@id\":\"https:\\\/\\\/lospoliticosveracruz.com\\\/?p=47852\"},\"wordCount\":670,\"commentCount\":0,\"publisher\":{\"@id\":\"https:\\\/\\\/lospoliticosveracruz.com\\\/#organization\"},\"image\":{\"@id\":\"https:\\\/\\\/lospoliticosveracruz.com\\\/?p=47852#primaryimage\"},\"thumbnailUrl\":\"https:\\\/\\\/lospoliticosveracruz.com\\\/wp-content\\\/uploads\\\/2019\\\/04\\\/Xalapa.jpg\",\"keywords\":[\"Ana Miriam Ferr\u00e1ez\",\"Andr\u00e9s Manuel L\u00f3pez Obrador\",\"Claudia Tello Espinosa\",\"Cuitl\u00e1huac Garc\u00eda Jim\u00e9nez\",\"Doctor Strange\",\"Dorheny Garc\u00eda Cayetano\",\"Ernesto P\u00e9rez Astorga\",\"Hip\u00f3lito Rodr\u00edguez Herrero\",\"Infinity War\",\"Morena\",\"Pejedente\",\"Rafael Hern\u00e1ndez Villalpando\",\"Ricardo Ahued Bardahuil\",\"Rosalinda Galindo Silva\",\"Xalapa\"],\"articleSection\":[\"De Opini\u00f3n\"],\"inLanguage\":\"es\",\"potentialAction\":[{\"@type\":\"CommentAction\",\"name\":\"Comment\",\"target\":[\"https:\\\/\\\/lospoliticosveracruz.com\\\/?p=47852#respond\"]}]},{\"@type\":\"WebPage\",\"@id\":\"https:\\\/\\\/lospoliticosveracruz.com\\\/?p=47852\",\"url\":\"https:\\\/\\\/lospoliticosveracruz.com\\\/?p=47852\",\"name\":\"Dr. Strange, Morena y Xalapa - Los pol\u00edticos Veracruz\",\"isPartOf\":{\"@id\":\"https:\\\/\\\/lospoliticosveracruz.com\\\/#website\"},\"primaryImageOfPage\":{\"@id\":\"https:\\\/\\\/lospoliticosveracruz.com\\\/?p=47852#primaryimage\"},\"image\":{\"@id\":\"https:\\\/\\\/lospoliticosveracruz.com\\\/?p=47852#primaryimage\"},\"thumbnailUrl\":\"https:\\\/\\\/lospoliticosveracruz.com\\\/wp-content\\\/uploads\\\/2019\\\/04\\\/Xalapa.jpg\",\"datePublished\":\"2019-04-17T03:55:18+00:00\",\"breadcrumb\":{\"@id\":\"https:\\\/\\\/lospoliticosveracruz.com\\\/?p=47852#breadcrumb\"},\"inLanguage\":\"es\",\"potentialAction\":[{\"@type\":\"ReadAction\",\"target\":[\"https:\\\/\\\/lospoliticosveracruz.com\\\/?p=47852\"]}]},{\"@type\":\"ImageObject\",\"inLanguage\":\"es\",\"@id\":\"https:\\\/\\\/lospoliticosveracruz.com\\\/?p=47852#primaryimage\",\"url\":\"https:\\\/\\\/lospoliticosveracruz.com\\\/wp-content\\\/uploads\\\/2019\\\/04\\\/Xalapa.jpg\",\"contentUrl\":\"https:\\\/\\\/lospoliticosveracruz.com\\\/wp-content\\\/uploads\\\/2019\\\/04\\\/Xalapa.jpg\",\"width\":600,\"height\":337},{\"@type\":\"BreadcrumbList\",\"@id\":\"https:\\\/\\\/lospoliticosveracruz.com\\\/?p=47852#breadcrumb\",\"itemListElement\":[{\"@type\":\"ListItem\",\"position\":1,\"name\":\"Portada\",\"item\":\"https:\\\/\\\/lospoliticosveracruz.com\\\/\"},{\"@type\":\"ListItem\",\"position\":2,\"name\":\"Dr. Strange, Morena y Xalapa\"}]},{\"@type\":\"WebSite\",\"@id\":\"https:\\\/\\\/lospoliticosveracruz.com\\\/#website\",\"url\":\"https:\\\/\\\/lospoliticosveracruz.com\\\/\",\"name\":\"Los pol\u00edticos Veracruz\",\"description\":\"\",\"publisher\":{\"@id\":\"https:\\\/\\\/lospoliticosveracruz.com\\\/#organization\"},\"potentialAction\":[{\"@type\":\"SearchAction\",\"target\":{\"@type\":\"EntryPoint\",\"urlTemplate\":\"https:\\\/\\\/lospoliticosveracruz.com\\\/?s={search_term_string}\"},\"query-input\":{\"@type\":\"PropertyValueSpecification\",\"valueRequired\":true,\"valueName\":\"search_term_string\"}}],\"inLanguage\":\"es\"},{\"@type\":\"Organization\",\"@id\":\"https:\\\/\\\/lospoliticosveracruz.com\\\/#organization\",\"name\":\"Los pol\u00edticos Veracruz\",\"url\":\"https:\\\/\\\/lospoliticosveracruz.com\\\/\",\"logo\":{\"@type\":\"ImageObject\",\"inLanguage\":\"es\",\"@id\":\"https:\\\/\\\/lospoliticosveracruz.com\\\/#\\\/schema\\\/logo\\\/image\\\/\",\"url\":\"https:\\\/\\\/lospoliticosveracruz.com\\\/wp-content\\\/uploads\\\/2025\\\/12\\\/Logo-Nuevo-LOS-POLITICOS-1.jpg\",\"contentUrl\":\"https:\\\/\\\/lospoliticosveracruz.com\\\/wp-content\\\/uploads\\\/2025\\\/12\\\/Logo-Nuevo-LOS-POLITICOS-1.jpg\",\"width\":260,\"height\":70,\"caption\":\"Los pol\u00edticos Veracruz\"},\"image\":{\"@id\":\"https:\\\/\\\/lospoliticosveracruz.com\\\/#\\\/schema\\\/logo\\\/image\\\/\"},\"sameAs\":[\"https:\\\/\\\/www.facebook.com\\\/people\\\/Notimemes-de-los-Polticos\\\/61565672886568\\\/\",\"https:\\\/\\\/x.com\\\/LosPoliticosVer\"]},{\"@type\":\"Person\",\"@id\":\"https:\\\/\\\/lospoliticosveracruz.com\\\/#\\\/schema\\\/person\\\/b8702bb0e538456e6efd07080bf2a4a2\",\"name\":\"Lo viste en Los Pol\u00edticos\",\"image\":{\"@type\":\"ImageObject\",\"inLanguage\":\"es\",\"@id\":\"https:\\\/\\\/secure.gravatar.com\\\/avatar\\\/3a8de04a2656d44082be478bd6c086daa447c4651605818287b9532d3d0bd435?s=96&d=mm&r=g\",\"url\":\"https:\\\/\\\/secure.gravatar.com\\\/avatar\\\/3a8de04a2656d44082be478bd6c086daa447c4651605818287b9532d3d0bd435?s=96&d=mm&r=g\",\"contentUrl\":\"https:\\\/\\\/secure.gravatar.com\\\/avatar\\\/3a8de04a2656d44082be478bd6c086daa447c4651605818287b9532d3d0bd435?s=96&d=mm&r=g\",\"caption\":\"Lo viste en Los Pol\u00edticos\"},\"url\":\"https:\\\/\\\/lospoliticosveracruz.com\\\/?author=2\"}]}<\/script>\n<!-- \/ Yoast SEO plugin. -->","yoast_head_json":{"title":"Dr. Strange, Morena y Xalapa - Los pol\u00edticos Veracruz","robots":{"index":"index","follow":"follow","max-snippet":"max-snippet:-1","max-image-preview":"max-image-preview:large","max-video-preview":"max-video-preview:-1"},"canonical":"https:\/\/lospoliticosveracruz.com\/?p=47852","og_locale":"es_ES","og_type":"article","og_title":"Dr. Strange, Morena y Xalapa - Los pol\u00edticos Veracruz","og_description":"Salvador Mu\u00f1oz Los Pol\u00edticos Imagine por favor el siguiente escenario proyectado en dos a\u00f1os\u2026 Andr\u00e9s Manuel L\u00f3pez Obrador inaugurando una magna obra en Xalapa\u2026 no, no la rehabilitaci\u00f3n de una fuente\u2026 no una callecita que ni genera circuitos\u2026 no unas letritas k\u00edkiris que reflejan todo lo contrario al florecimiento de la capital\u2026 \u00a1hablamos de una [&hellip;]","og_url":"https:\/\/lospoliticosveracruz.com\/?p=47852","og_site_name":"Los pol\u00edticos Veracruz","article_publisher":"https:\/\/www.facebook.com\/people\/Notimemes-de-los-Polticos\/61565672886568\/","article_published_time":"2019-04-17T03:55:18+00:00","og_image":[{"width":600,"height":337,"url":"https:\/\/lospoliticosveracruz.com\/wp-content\/uploads\/2019\/04\/Xalapa.jpg","type":"image\/jpeg"}],"author":"Lo viste en Los Pol\u00edticos","twitter_card":"summary_large_image","twitter_creator":"@LosPoliticosVer","twitter_site":"@LosPoliticosVer","twitter_misc":{"Escrito por":"Lo viste en Los Pol\u00edticos","Tiempo de lectura":"3 minutos"},"schema":{"@context":"https:\/\/schema.org","@graph":[{"@type":"Article","@id":"https:\/\/lospoliticosveracruz.com\/?p=47852#article","isPartOf":{"@id":"https:\/\/lospoliticosveracruz.com\/?p=47852"},"author":{"name":"Lo viste en Los Pol\u00edticos","@id":"https:\/\/lospoliticosveracruz.com\/#\/schema\/person\/b8702bb0e538456e6efd07080bf2a4a2"},"headline":"Dr. Strange, Morena y Xalapa","datePublished":"2019-04-17T03:55:18+00:00","mainEntityOfPage":{"@id":"https:\/\/lospoliticosveracruz.com\/?p=47852"},"wordCount":670,"commentCount":0,"publisher":{"@id":"https:\/\/lospoliticosveracruz.com\/#organization"},"image":{"@id":"https:\/\/lospoliticosveracruz.com\/?p=47852#primaryimage"},"thumbnailUrl":"https:\/\/lospoliticosveracruz.com\/wp-content\/uploads\/2019\/04\/Xalapa.jpg","keywords":["Ana Miriam Ferr\u00e1ez","Andr\u00e9s Manuel L\u00f3pez Obrador","Claudia Tello Espinosa","Cuitl\u00e1huac Garc\u00eda Jim\u00e9nez","Doctor Strange","Dorheny Garc\u00eda Cayetano","Ernesto P\u00e9rez Astorga","Hip\u00f3lito Rodr\u00edguez Herrero","Infinity War","Morena","Pejedente","Rafael Hern\u00e1ndez Villalpando","Ricardo Ahued Bardahuil","Rosalinda Galindo Silva","Xalapa"],"articleSection":["De Opini\u00f3n"],"inLanguage":"es","potentialAction":[{"@type":"CommentAction","name":"Comment","target":["https:\/\/lospoliticosveracruz.com\/?p=47852#respond"]}]},{"@type":"WebPage","@id":"https:\/\/lospoliticosveracruz.com\/?p=47852","url":"https:\/\/lospoliticosveracruz.com\/?p=47852","name":"Dr. Strange, Morena y Xalapa - Los pol\u00edticos Veracruz","isPartOf":{"@id":"https:\/\/lospoliticosveracruz.com\/#website"},"primaryImageOfPage":{"@id":"https:\/\/lospoliticosveracruz.com\/?p=47852#primaryimage"},"image":{"@id":"https:\/\/lospoliticosveracruz.com\/?p=47852#primaryimage"},"thumbnailUrl":"https:\/\/lospoliticosveracruz.com\/wp-content\/uploads\/2019\/04\/Xalapa.jpg","datePublished":"2019-04-17T03:55:18+00:00","breadcrumb":{"@id":"https:\/\/lospoliticosveracruz.com\/?p=47852#breadcrumb"},"inLanguage":"es","potentialAction":[{"@type":"ReadAction","target":["https:\/\/lospoliticosveracruz.com\/?p=47852"]}]},{"@type":"ImageObject","inLanguage":"es","@id":"https:\/\/lospoliticosveracruz.com\/?p=47852#primaryimage","url":"https:\/\/lospoliticosveracruz.com\/wp-content\/uploads\/2019\/04\/Xalapa.jpg","contentUrl":"https:\/\/lospoliticosveracruz.com\/wp-content\/uploads\/2019\/04\/Xalapa.jpg","width":600,"height":337},{"@type":"BreadcrumbList","@id":"https:\/\/lospoliticosveracruz.com\/?p=47852#breadcrumb","itemListElement":[{"@type":"ListItem","position":1,"name":"Portada","item":"https:\/\/lospoliticosveracruz.com\/"},{"@type":"ListItem","position":2,"name":"Dr. Strange, Morena y Xalapa"}]},{"@type":"WebSite","@id":"https:\/\/lospoliticosveracruz.com\/#website","url":"https:\/\/lospoliticosveracruz.com\/","name":"Los pol\u00edticos Veracruz","description":"","publisher":{"@id":"https:\/\/lospoliticosveracruz.com\/#organization"},"potentialAction":[{"@type":"SearchAction","target":{"@type":"EntryPoint","urlTemplate":"https:\/\/lospoliticosveracruz.com\/?s={search_term_string}"},"query-input":{"@type":"PropertyValueSpecification","valueRequired":true,"valueName":"search_term_string"}}],"inLanguage":"es"},{"@type":"Organization","@id":"https:\/\/lospoliticosveracruz.com\/#organization","name":"Los pol\u00edticos Veracruz","url":"https:\/\/lospoliticosveracruz.com\/","logo":{"@type":"ImageObject","inLanguage":"es","@id":"https:\/\/lospoliticosveracruz.com\/#\/schema\/logo\/image\/","url":"https:\/\/lospoliticosveracruz.com\/wp-content\/uploads\/2025\/12\/Logo-Nuevo-LOS-POLITICOS-1.jpg","contentUrl":"https:\/\/lospoliticosveracruz.com\/wp-content\/uploads\/2025\/12\/Logo-Nuevo-LOS-POLITICOS-1.jpg","width":260,"height":70,"caption":"Los pol\u00edticos Veracruz"},"image":{"@id":"https:\/\/lospoliticosveracruz.com\/#\/schema\/logo\/image\/"},"sameAs":["https:\/\/www.facebook.com\/people\/Notimemes-de-los-Polticos\/61565672886568\/","https:\/\/x.com\/LosPoliticosVer"]},{"@type":"Person","@id":"https:\/\/lospoliticosveracruz.com\/#\/schema\/person\/b8702bb0e538456e6efd07080bf2a4a2","name":"Lo viste en Los Pol\u00edticos","image":{"@type":"ImageObject","inLanguage":"es","@id":"https:\/\/secure.gravatar.com\/avatar\/3a8de04a2656d44082be478bd6c086daa447c4651605818287b9532d3d0bd435?s=96&d=mm&r=g","url":"https:\/\/secure.gravatar.com\/avatar\/3a8de04a2656d44082be478bd6c086daa447c4651605818287b9532d3d0bd435?s=96&d=mm&r=g","contentUrl":"https:\/\/secure.gravatar.com\/avatar\/3a8de04a2656d44082be478bd6c086daa447c4651605818287b9532d3d0bd435?s=96&d=mm&r=g","caption":"Lo viste en Los Pol\u00edticos"},"url":"https:\/\/lospoliticosveracruz.com\/?author=2"}]}},"_links":{"self":[{"href":"https:\/\/lospoliticosveracruz.com\/index.php?rest_route=\/wp\/v2\/posts\/47852","targetHints":{"allow":["GET"]}}],"collection":[{"href":"https:\/\/lospoliticosveracruz.com\/index.php?rest_route=\/wp\/v2\/posts"}],"about":[{"href":"https:\/\/lospoliticosveracruz.com\/index.php?rest_route=\/wp\/v2\/types\/post"}],"author":[{"embeddable":true,"href":"https:\/\/lospoliticosveracruz.com\/index.php?rest_route=\/wp\/v2\/users\/2"}],"replies":[{"embeddable":true,"href":"https:\/\/lospoliticosveracruz.com\/index.php?rest_route=%2Fwp%2Fv2%2Fcomments&post=47852"}],"version-history":[{"count":1,"href":"https:\/\/lospoliticosveracruz.com\/index.php?rest_route=\/wp\/v2\/posts\/47852\/revisions"}],"predecessor-version":[{"id":47854,"href":"https:\/\/lospoliticosveracruz.com\/index.php?rest_route=\/wp\/v2\/posts\/47852\/revisions\/47854"}],"wp:featuredmedia":[{"embeddable":true,"href":"https:\/\/lospoliticosveracruz.com\/index.php?rest_route=\/wp\/v2\/media\/47853"}],"wp:attachment":[{"href":"https:\/\/lospoliticosveracruz.com\/index.php?rest_route=%2Fwp%2Fv2%2Fmedia&parent=47852"}],"wp:term":[{"taxonomy":"category","embeddable":true,"href":"https:\/\/lospoliticosveracruz.com\/index.php?rest_route=%2Fwp%2Fv2%2Fcategories&post=47852"},{"taxonomy":"post_tag","embeddable":true,"href":"https:\/\/lospoliticosveracruz.com\/index.php?rest_route=%2Fwp%2Fv2%2Ftags&post=47852"}],"curies":[{"name":"wp","href":"https:\/\/api.w.org\/{rel}","templated":true}]}}