{"id":47858,"date":"2019-04-17T22:55:30","date_gmt":"2019-04-18T03:55:30","guid":{"rendered":"http:\/\/www.lospoliticosveracruz.com.mx\/?p=47858"},"modified":"2019-04-17T21:24:09","modified_gmt":"2019-04-18T02:24:09","slug":"una-griega-para-la-atenas","status":"publish","type":"post","link":"https:\/\/lospoliticosveracruz.com\/?p=47858","title":{"rendered":"Una griega para la Atenas"},"content":{"rendered":"<p><strong>Salvador Mu\u00f1oz<\/strong><\/p>\n<p><em>Los Pol\u00edticos<\/em><\/p>\n<p><span style=\"font-weight: 400;\">En Morena todav\u00eda hay la esperanza de conservar la Capital veracruzana en el DH, es decir, Despu\u00e9s de Hip\u00f3lito, y no tanto porque se crea que vaya a enderezar la nave en lo que le falta de su administraci\u00f3n, porque est\u00e1n seguros que si decimos \u201cle sobra de administraci\u00f3n\u201d, es capaz de intentarlo regresar a la Federaci\u00f3n. Esto lo comento con relaci\u00f3n a la columna anterior (Dr. Strange, Morena y Xalapa) donde hablaba de los posibles candidatos a la alcald\u00eda de la A-penas Veracruzana, entre los que citaba a diputadas locales en especial as\u00ed como al titular de Sedecop, Ernesto P\u00e9rez Astorga, y aunque no lo crean, salieron a relucir los fans de dos legisladoras que las apuntalan para buscar ser las ungidas por el Moreno de Macuspana.<\/span><\/p>\n<p><span style=\"font-weight: 400;\">En el caso de Ana Miriam Ferr\u00e1ez dicen que ella no quita el dedo del rengl\u00f3n para que en la pr\u00f3xima contienda municipal, vuelva a postularse por este cargo que busc\u00f3 en su momento bajo las siglas del PAN-PRD, la que por cierto perdi\u00f3 con Hip\u00f3lito Rodr\u00edguez Herrero\u2026 los atenienses se preguntan si estar\u00edamos igual o peor con Ana Miriam si ella hubiera ganado.<\/span><\/p>\n<p><span style=\"font-weight: 400;\">Rosalinda Galindo Silva era \u201cla consen\u201d de Cuitl\u00e1huac Garc\u00eda hasta que fue desbancada por Dorheny Garc\u00eda Cayetano, la joven diputada federal a quien se\u00f1alan de bautizar a Elio Hern\u00e1ndez Guti\u00e9rrez, titular de la SIOP, como #LordCu\u00f1ado, con eso de que le cuelgan varios milagros a la novel legisladora, como haber sido factor importante para poner a su cu\u00f1ado en tal puesto, o a su hermana Ailett, como directora jur\u00eddica de la secretar\u00eda de Seguridad P\u00fablica, y por si fuera poco, \u00a1hasta le endilgan de haber colocado a importante n\u00famero de egresados de la Facultad de Ciencias Administrativas y Sociales en la Coordinaci\u00f3n de Comunicaci\u00f3n Social a cargo del otro joven Iv\u00e1n Luna\u2026!<\/span><\/p>\n<p><span style=\"font-weight: 400;\">No obstante, la diputada Rosalinda todav\u00eda goza de derecho de picaporte y mantiene su pugna por lograr la candidatura a la alcald\u00eda, en aras de lograr lo que pocos y pocas pueden hacer en poco tiempo: del Congreso a la Alcald\u00eda; mientras que su esposo, el regidor Juan de Dios Alvarado podr\u00eda saltar, si no al Palacio de Encanto, s\u00ed a un cargo en el Gobierno estatal\u2026<\/span><\/p>\n<p><span style=\"font-weight: 400;\">Claro que ambas legisladoras, Ana Miriam y Rosalinda, est\u00e1n al tanto de lo que se estudia en el Altiplano y tienen su Plan B si en las negociaciones a ellas las batean por otro candidato\u2026 o candidata.<\/span><\/p>\n<p><span style=\"font-weight: 400;\">Hay quienes creen que si no va Ana Miriam ni Rosalinda, puede entrar Cinthya Lobato Calder\u00f3n por el papel que desempe\u00f1\u00f3 en su paso por la LXIV Legislatura al grado de participar en la toma del Congreso local previo a la renovaci\u00f3n de diputados, aunque tambi\u00e9n hay los que suponen que si Garrido S\u00e1nchez logra formalizar su partido \u201cPodemos\u201d, ella pudiera participar en la nueva aventura de Paco, pero si creen que pudiera ir directo a la candidatura por la alcald\u00eda, no ser\u00e1 f\u00e1cil\u2026 pues dicen que all\u00ed ya est\u00e1 apalabrado Paco con Vicho Velasco Chedraui\u2026<\/span><\/p>\n<p><span style=\"font-weight: 400;\">Luego entonces, si no es Ana Miriam ni Rosalinda y tampoco Cinthya\u2026 \u00bfqui\u00e9n?<\/span><\/p>\n<p><span style=\"font-weight: 400;\">Hay una deuda pendiente que tiene Morena con una mujer a la que le quitaron a la mala, su diputaci\u00f3n federal\u2026 Daniela Griego Ceballos, la titular del IPE.<\/span><\/p>\n<p><span style=\"font-weight: 400;\">A diferencia de las citadas, Daniela Griego guarda una reputaci\u00f3n pol\u00edtica excelente y si se trata de caminar, camellar, \u201ctalachear\u201d, no se raja\u2026 \u00a1ah! pero lo m\u00e1s importante: guarda una congruencia incre\u00edble tanto con los ciudadanos como con ella mismo, que eso es lo m\u00e1s importante.<\/span><\/p>\n<p><span style=\"font-weight: 400;\">As\u00ed que si hay una esperanza o posibilidad para que Morena mantenga en sus patas a la capital veracruzana, en el altiplano se tiene bien claro que para la Atenas, en lugar de una Morena, \u00a1por qu\u00e9 no mejor una Griega! para hacerla de PT.<\/span><\/p>\n<p>&nbsp;<\/p>\n<p><span style=\"font-weight: 400;\">smcainito@gmail.com<\/span><\/p>\n<p>&nbsp;<\/p>\n","protected":false},"excerpt":{"rendered":"<p>Salvador Mu\u00f1oz Los Pol\u00edticos En Morena todav\u00eda hay la esperanza de conservar la Capital veracruzana en el DH, es decir, Despu\u00e9s de Hip\u00f3lito, y no tanto porque se crea que vaya a enderezar la nave en lo que le falta de su administraci\u00f3n, porque est\u00e1n seguros que si decimos \u201cle sobra de administraci\u00f3n\u201d, es capaz [&hellip;]<\/p>\n","protected":false},"author":2,"featured_media":47859,"comment_status":"open","ping_status":"open","sticky":false,"template":"","format":"standard","meta":{"tdm_status":"","tdm_grid_status":"","footnotes":""},"categories":[70],"tags":[7408,5021,1681,407,13952,14501,12605,4248,14502,1026,3616,13365,10669,5102,342,96],"class_list":{"0":"post-47858","1":"post","2":"type-post","3":"status-publish","4":"format-standard","5":"has-post-thumbnail","7":"category-de-opinion","8":"tag-ana-miriam-ferraez","9":"tag-cinthya-lobato-calderon","10":"tag-cuitlahuac-garcia","11":"tag-david-velasco-chedraui","12":"tag-dorheny-garcia-cayetano","13":"tag-elio-hernandez-gutierrez","14":"tag-ernesto-perez-astorga","15":"tag-ipe","16":"tag-juan-de-dios-alvarado","17":"tag-morena","18":"tag-paco-garrido-sanchez","19":"tag-podemos","20":"tag-rosalinda-galindo-silva","21":"tag-sedecop","22":"tag-siop","23":"tag-xalapa"},"yoast_head":"<!-- This site is optimized with the Yoast SEO plugin v27.4 - https:\/\/yoast.com\/product\/yoast-seo-wordpress\/ -->\n<title>Una griega para la Atenas - Los pol\u00edticos Veracruz<\/title>\n<meta name=\"robots\" content=\"index, follow, max-snippet:-1, max-image-preview:large, max-video-preview:-1\" \/>\n<link rel=\"canonical\" href=\"https:\/\/lospoliticosveracruz.com\/?p=47858\" \/>\n<meta property=\"og:locale\" content=\"es_ES\" \/>\n<meta property=\"og:type\" content=\"article\" \/>\n<meta property=\"og:title\" content=\"Una griega para la Atenas - Los pol\u00edticos Veracruz\" \/>\n<meta property=\"og:description\" content=\"Salvador Mu\u00f1oz Los Pol\u00edticos En Morena todav\u00eda hay la esperanza de conservar la Capital veracruzana en el DH, es decir, Despu\u00e9s de Hip\u00f3lito, y no tanto porque se crea que vaya a enderezar la nave en lo que le falta de su administraci\u00f3n, porque est\u00e1n seguros que si decimos \u201cle sobra de administraci\u00f3n\u201d, es capaz [&hellip;]\" \/>\n<meta property=\"og:url\" content=\"https:\/\/lospoliticosveracruz.com\/?p=47858\" \/>\n<meta property=\"og:site_name\" content=\"Los pol\u00edticos Veracruz\" \/>\n<meta property=\"article:publisher\" content=\"https:\/\/www.facebook.com\/people\/Notimemes-de-los-Polticos\/61565672886568\/\" \/>\n<meta property=\"article:published_time\" content=\"2019-04-18T03:55:30+00:00\" \/>\n<meta property=\"og:image\" content=\"https:\/\/lospoliticosveracruz.com\/wp-content\/uploads\/2019\/04\/Morenas.jpg\" \/>\n\t<meta property=\"og:image:width\" content=\"600\" \/>\n\t<meta property=\"og:image:height\" content=\"280\" \/>\n\t<meta property=\"og:image:type\" content=\"image\/jpeg\" \/>\n<meta name=\"author\" content=\"Lo viste en Los Pol\u00edticos\" \/>\n<meta name=\"twitter:card\" content=\"summary_large_image\" \/>\n<meta name=\"twitter:creator\" content=\"@LosPoliticosVer\" \/>\n<meta name=\"twitter:site\" content=\"@LosPoliticosVer\" \/>\n<meta name=\"twitter:label1\" content=\"Escrito por\" \/>\n\t<meta name=\"twitter:data1\" content=\"Lo viste en Los Pol\u00edticos\" \/>\n\t<meta name=\"twitter:label2\" content=\"Tiempo de lectura\" \/>\n\t<meta name=\"twitter:data2\" content=\"3 minutos\" \/>\n<script type=\"application\/ld+json\" class=\"yoast-schema-graph\">{\"@context\":\"https:\\\/\\\/schema.org\",\"@graph\":[{\"@type\":\"Article\",\"@id\":\"https:\\\/\\\/lospoliticosveracruz.com\\\/?p=47858#article\",\"isPartOf\":{\"@id\":\"https:\\\/\\\/lospoliticosveracruz.com\\\/?p=47858\"},\"author\":{\"name\":\"Lo viste en Los Pol\u00edticos\",\"@id\":\"https:\\\/\\\/lospoliticosveracruz.com\\\/#\\\/schema\\\/person\\\/b8702bb0e538456e6efd07080bf2a4a2\"},\"headline\":\"Una griega para la Atenas\",\"datePublished\":\"2019-04-18T03:55:30+00:00\",\"mainEntityOfPage\":{\"@id\":\"https:\\\/\\\/lospoliticosveracruz.com\\\/?p=47858\"},\"wordCount\":701,\"commentCount\":0,\"publisher\":{\"@id\":\"https:\\\/\\\/lospoliticosveracruz.com\\\/#organization\"},\"image\":{\"@id\":\"https:\\\/\\\/lospoliticosveracruz.com\\\/?p=47858#primaryimage\"},\"thumbnailUrl\":\"https:\\\/\\\/lospoliticosveracruz.com\\\/wp-content\\\/uploads\\\/2019\\\/04\\\/Morenas.jpg\",\"keywords\":[\"Ana Miriam Ferr\u00e1ez\",\"Cinthya Lobato Calder\u00f3n\",\"Cuitl\u00e1huac Garc\u00eda\",\"David Velasco Chedraui\",\"Dorheny Garc\u00eda Cayetano\",\"Elio Hern\u00e1ndez Guti\u00e9rrez\",\"Ernesto P\u00e9rez Astorga\",\"IPE\",\"Juan de Dios Alvarado\",\"Morena\",\"Paco Garrido S\u00e1nchez\",\"Podemos\",\"Rosalinda Galindo Silva\",\"Sedecop\",\"SIOP\",\"Xalapa\"],\"articleSection\":[\"De Opini\u00f3n\"],\"inLanguage\":\"es\",\"potentialAction\":[{\"@type\":\"CommentAction\",\"name\":\"Comment\",\"target\":[\"https:\\\/\\\/lospoliticosveracruz.com\\\/?p=47858#respond\"]}]},{\"@type\":\"WebPage\",\"@id\":\"https:\\\/\\\/lospoliticosveracruz.com\\\/?p=47858\",\"url\":\"https:\\\/\\\/lospoliticosveracruz.com\\\/?p=47858\",\"name\":\"Una griega para la Atenas - Los pol\u00edticos Veracruz\",\"isPartOf\":{\"@id\":\"https:\\\/\\\/lospoliticosveracruz.com\\\/#website\"},\"primaryImageOfPage\":{\"@id\":\"https:\\\/\\\/lospoliticosveracruz.com\\\/?p=47858#primaryimage\"},\"image\":{\"@id\":\"https:\\\/\\\/lospoliticosveracruz.com\\\/?p=47858#primaryimage\"},\"thumbnailUrl\":\"https:\\\/\\\/lospoliticosveracruz.com\\\/wp-content\\\/uploads\\\/2019\\\/04\\\/Morenas.jpg\",\"datePublished\":\"2019-04-18T03:55:30+00:00\",\"breadcrumb\":{\"@id\":\"https:\\\/\\\/lospoliticosveracruz.com\\\/?p=47858#breadcrumb\"},\"inLanguage\":\"es\",\"potentialAction\":[{\"@type\":\"ReadAction\",\"target\":[\"https:\\\/\\\/lospoliticosveracruz.com\\\/?p=47858\"]}]},{\"@type\":\"ImageObject\",\"inLanguage\":\"es\",\"@id\":\"https:\\\/\\\/lospoliticosveracruz.com\\\/?p=47858#primaryimage\",\"url\":\"https:\\\/\\\/lospoliticosveracruz.com\\\/wp-content\\\/uploads\\\/2019\\\/04\\\/Morenas.jpg\",\"contentUrl\":\"https:\\\/\\\/lospoliticosveracruz.com\\\/wp-content\\\/uploads\\\/2019\\\/04\\\/Morenas.jpg\",\"width\":600,\"height\":280},{\"@type\":\"BreadcrumbList\",\"@id\":\"https:\\\/\\\/lospoliticosveracruz.com\\\/?p=47858#breadcrumb\",\"itemListElement\":[{\"@type\":\"ListItem\",\"position\":1,\"name\":\"Portada\",\"item\":\"https:\\\/\\\/lospoliticosveracruz.com\\\/\"},{\"@type\":\"ListItem\",\"position\":2,\"name\":\"Una griega para la Atenas\"}]},{\"@type\":\"WebSite\",\"@id\":\"https:\\\/\\\/lospoliticosveracruz.com\\\/#website\",\"url\":\"https:\\\/\\\/lospoliticosveracruz.com\\\/\",\"name\":\"Los pol\u00edticos Veracruz\",\"description\":\"\",\"publisher\":{\"@id\":\"https:\\\/\\\/lospoliticosveracruz.com\\\/#organization\"},\"potentialAction\":[{\"@type\":\"SearchAction\",\"target\":{\"@type\":\"EntryPoint\",\"urlTemplate\":\"https:\\\/\\\/lospoliticosveracruz.com\\\/?s={search_term_string}\"},\"query-input\":{\"@type\":\"PropertyValueSpecification\",\"valueRequired\":true,\"valueName\":\"search_term_string\"}}],\"inLanguage\":\"es\"},{\"@type\":\"Organization\",\"@id\":\"https:\\\/\\\/lospoliticosveracruz.com\\\/#organization\",\"name\":\"Los pol\u00edticos Veracruz\",\"url\":\"https:\\\/\\\/lospoliticosveracruz.com\\\/\",\"logo\":{\"@type\":\"ImageObject\",\"inLanguage\":\"es\",\"@id\":\"https:\\\/\\\/lospoliticosveracruz.com\\\/#\\\/schema\\\/logo\\\/image\\\/\",\"url\":\"https:\\\/\\\/lospoliticosveracruz.com\\\/wp-content\\\/uploads\\\/2025\\\/12\\\/Logo-Nuevo-LOS-POLITICOS-1.jpg\",\"contentUrl\":\"https:\\\/\\\/lospoliticosveracruz.com\\\/wp-content\\\/uploads\\\/2025\\\/12\\\/Logo-Nuevo-LOS-POLITICOS-1.jpg\",\"width\":260,\"height\":70,\"caption\":\"Los pol\u00edticos Veracruz\"},\"image\":{\"@id\":\"https:\\\/\\\/lospoliticosveracruz.com\\\/#\\\/schema\\\/logo\\\/image\\\/\"},\"sameAs\":[\"https:\\\/\\\/www.facebook.com\\\/people\\\/Notimemes-de-los-Polticos\\\/61565672886568\\\/\",\"https:\\\/\\\/x.com\\\/LosPoliticosVer\"]},{\"@type\":\"Person\",\"@id\":\"https:\\\/\\\/lospoliticosveracruz.com\\\/#\\\/schema\\\/person\\\/b8702bb0e538456e6efd07080bf2a4a2\",\"name\":\"Lo viste en Los Pol\u00edticos\",\"image\":{\"@type\":\"ImageObject\",\"inLanguage\":\"es\",\"@id\":\"https:\\\/\\\/secure.gravatar.com\\\/avatar\\\/3a8de04a2656d44082be478bd6c086daa447c4651605818287b9532d3d0bd435?s=96&d=mm&r=g\",\"url\":\"https:\\\/\\\/secure.gravatar.com\\\/avatar\\\/3a8de04a2656d44082be478bd6c086daa447c4651605818287b9532d3d0bd435?s=96&d=mm&r=g\",\"contentUrl\":\"https:\\\/\\\/secure.gravatar.com\\\/avatar\\\/3a8de04a2656d44082be478bd6c086daa447c4651605818287b9532d3d0bd435?s=96&d=mm&r=g\",\"caption\":\"Lo viste en Los Pol\u00edticos\"},\"url\":\"https:\\\/\\\/lospoliticosveracruz.com\\\/?author=2\"}]}<\/script>\n<!-- \/ Yoast SEO plugin. -->","yoast_head_json":{"title":"Una griega para la Atenas - Los pol\u00edticos Veracruz","robots":{"index":"index","follow":"follow","max-snippet":"max-snippet:-1","max-image-preview":"max-image-preview:large","max-video-preview":"max-video-preview:-1"},"canonical":"https:\/\/lospoliticosveracruz.com\/?p=47858","og_locale":"es_ES","og_type":"article","og_title":"Una griega para la Atenas - Los pol\u00edticos Veracruz","og_description":"Salvador Mu\u00f1oz Los Pol\u00edticos En Morena todav\u00eda hay la esperanza de conservar la Capital veracruzana en el DH, es decir, Despu\u00e9s de Hip\u00f3lito, y no tanto porque se crea que vaya a enderezar la nave en lo que le falta de su administraci\u00f3n, porque est\u00e1n seguros que si decimos \u201cle sobra de administraci\u00f3n\u201d, es capaz [&hellip;]","og_url":"https:\/\/lospoliticosveracruz.com\/?p=47858","og_site_name":"Los pol\u00edticos Veracruz","article_publisher":"https:\/\/www.facebook.com\/people\/Notimemes-de-los-Polticos\/61565672886568\/","article_published_time":"2019-04-18T03:55:30+00:00","og_image":[{"width":600,"height":280,"url":"https:\/\/lospoliticosveracruz.com\/wp-content\/uploads\/2019\/04\/Morenas.jpg","type":"image\/jpeg"}],"author":"Lo viste en Los Pol\u00edticos","twitter_card":"summary_large_image","twitter_creator":"@LosPoliticosVer","twitter_site":"@LosPoliticosVer","twitter_misc":{"Escrito por":"Lo viste en Los Pol\u00edticos","Tiempo de lectura":"3 minutos"},"schema":{"@context":"https:\/\/schema.org","@graph":[{"@type":"Article","@id":"https:\/\/lospoliticosveracruz.com\/?p=47858#article","isPartOf":{"@id":"https:\/\/lospoliticosveracruz.com\/?p=47858"},"author":{"name":"Lo viste en Los Pol\u00edticos","@id":"https:\/\/lospoliticosveracruz.com\/#\/schema\/person\/b8702bb0e538456e6efd07080bf2a4a2"},"headline":"Una griega para la Atenas","datePublished":"2019-04-18T03:55:30+00:00","mainEntityOfPage":{"@id":"https:\/\/lospoliticosveracruz.com\/?p=47858"},"wordCount":701,"commentCount":0,"publisher":{"@id":"https:\/\/lospoliticosveracruz.com\/#organization"},"image":{"@id":"https:\/\/lospoliticosveracruz.com\/?p=47858#primaryimage"},"thumbnailUrl":"https:\/\/lospoliticosveracruz.com\/wp-content\/uploads\/2019\/04\/Morenas.jpg","keywords":["Ana Miriam Ferr\u00e1ez","Cinthya Lobato Calder\u00f3n","Cuitl\u00e1huac Garc\u00eda","David Velasco Chedraui","Dorheny Garc\u00eda Cayetano","Elio Hern\u00e1ndez Guti\u00e9rrez","Ernesto P\u00e9rez Astorga","IPE","Juan de Dios Alvarado","Morena","Paco Garrido S\u00e1nchez","Podemos","Rosalinda Galindo Silva","Sedecop","SIOP","Xalapa"],"articleSection":["De Opini\u00f3n"],"inLanguage":"es","potentialAction":[{"@type":"CommentAction","name":"Comment","target":["https:\/\/lospoliticosveracruz.com\/?p=47858#respond"]}]},{"@type":"WebPage","@id":"https:\/\/lospoliticosveracruz.com\/?p=47858","url":"https:\/\/lospoliticosveracruz.com\/?p=47858","name":"Una griega para la Atenas - Los pol\u00edticos Veracruz","isPartOf":{"@id":"https:\/\/lospoliticosveracruz.com\/#website"},"primaryImageOfPage":{"@id":"https:\/\/lospoliticosveracruz.com\/?p=47858#primaryimage"},"image":{"@id":"https:\/\/lospoliticosveracruz.com\/?p=47858#primaryimage"},"thumbnailUrl":"https:\/\/lospoliticosveracruz.com\/wp-content\/uploads\/2019\/04\/Morenas.jpg","datePublished":"2019-04-18T03:55:30+00:00","breadcrumb":{"@id":"https:\/\/lospoliticosveracruz.com\/?p=47858#breadcrumb"},"inLanguage":"es","potentialAction":[{"@type":"ReadAction","target":["https:\/\/lospoliticosveracruz.com\/?p=47858"]}]},{"@type":"ImageObject","inLanguage":"es","@id":"https:\/\/lospoliticosveracruz.com\/?p=47858#primaryimage","url":"https:\/\/lospoliticosveracruz.com\/wp-content\/uploads\/2019\/04\/Morenas.jpg","contentUrl":"https:\/\/lospoliticosveracruz.com\/wp-content\/uploads\/2019\/04\/Morenas.jpg","width":600,"height":280},{"@type":"BreadcrumbList","@id":"https:\/\/lospoliticosveracruz.com\/?p=47858#breadcrumb","itemListElement":[{"@type":"ListItem","position":1,"name":"Portada","item":"https:\/\/lospoliticosveracruz.com\/"},{"@type":"ListItem","position":2,"name":"Una griega para la Atenas"}]},{"@type":"WebSite","@id":"https:\/\/lospoliticosveracruz.com\/#website","url":"https:\/\/lospoliticosveracruz.com\/","name":"Los pol\u00edticos Veracruz","description":"","publisher":{"@id":"https:\/\/lospoliticosveracruz.com\/#organization"},"potentialAction":[{"@type":"SearchAction","target":{"@type":"EntryPoint","urlTemplate":"https:\/\/lospoliticosveracruz.com\/?s={search_term_string}"},"query-input":{"@type":"PropertyValueSpecification","valueRequired":true,"valueName":"search_term_string"}}],"inLanguage":"es"},{"@type":"Organization","@id":"https:\/\/lospoliticosveracruz.com\/#organization","name":"Los pol\u00edticos Veracruz","url":"https:\/\/lospoliticosveracruz.com\/","logo":{"@type":"ImageObject","inLanguage":"es","@id":"https:\/\/lospoliticosveracruz.com\/#\/schema\/logo\/image\/","url":"https:\/\/lospoliticosveracruz.com\/wp-content\/uploads\/2025\/12\/Logo-Nuevo-LOS-POLITICOS-1.jpg","contentUrl":"https:\/\/lospoliticosveracruz.com\/wp-content\/uploads\/2025\/12\/Logo-Nuevo-LOS-POLITICOS-1.jpg","width":260,"height":70,"caption":"Los pol\u00edticos Veracruz"},"image":{"@id":"https:\/\/lospoliticosveracruz.com\/#\/schema\/logo\/image\/"},"sameAs":["https:\/\/www.facebook.com\/people\/Notimemes-de-los-Polticos\/61565672886568\/","https:\/\/x.com\/LosPoliticosVer"]},{"@type":"Person","@id":"https:\/\/lospoliticosveracruz.com\/#\/schema\/person\/b8702bb0e538456e6efd07080bf2a4a2","name":"Lo viste en Los Pol\u00edticos","image":{"@type":"ImageObject","inLanguage":"es","@id":"https:\/\/secure.gravatar.com\/avatar\/3a8de04a2656d44082be478bd6c086daa447c4651605818287b9532d3d0bd435?s=96&d=mm&r=g","url":"https:\/\/secure.gravatar.com\/avatar\/3a8de04a2656d44082be478bd6c086daa447c4651605818287b9532d3d0bd435?s=96&d=mm&r=g","contentUrl":"https:\/\/secure.gravatar.com\/avatar\/3a8de04a2656d44082be478bd6c086daa447c4651605818287b9532d3d0bd435?s=96&d=mm&r=g","caption":"Lo viste en Los Pol\u00edticos"},"url":"https:\/\/lospoliticosveracruz.com\/?author=2"}]}},"_links":{"self":[{"href":"https:\/\/lospoliticosveracruz.com\/index.php?rest_route=\/wp\/v2\/posts\/47858","targetHints":{"allow":["GET"]}}],"collection":[{"href":"https:\/\/lospoliticosveracruz.com\/index.php?rest_route=\/wp\/v2\/posts"}],"about":[{"href":"https:\/\/lospoliticosveracruz.com\/index.php?rest_route=\/wp\/v2\/types\/post"}],"author":[{"embeddable":true,"href":"https:\/\/lospoliticosveracruz.com\/index.php?rest_route=\/wp\/v2\/users\/2"}],"replies":[{"embeddable":true,"href":"https:\/\/lospoliticosveracruz.com\/index.php?rest_route=%2Fwp%2Fv2%2Fcomments&post=47858"}],"version-history":[{"count":1,"href":"https:\/\/lospoliticosveracruz.com\/index.php?rest_route=\/wp\/v2\/posts\/47858\/revisions"}],"predecessor-version":[{"id":47860,"href":"https:\/\/lospoliticosveracruz.com\/index.php?rest_route=\/wp\/v2\/posts\/47858\/revisions\/47860"}],"wp:featuredmedia":[{"embeddable":true,"href":"https:\/\/lospoliticosveracruz.com\/index.php?rest_route=\/wp\/v2\/media\/47859"}],"wp:attachment":[{"href":"https:\/\/lospoliticosveracruz.com\/index.php?rest_route=%2Fwp%2Fv2%2Fmedia&parent=47858"}],"wp:term":[{"taxonomy":"category","embeddable":true,"href":"https:\/\/lospoliticosveracruz.com\/index.php?rest_route=%2Fwp%2Fv2%2Fcategories&post=47858"},{"taxonomy":"post_tag","embeddable":true,"href":"https:\/\/lospoliticosveracruz.com\/index.php?rest_route=%2Fwp%2Fv2%2Ftags&post=47858"}],"curies":[{"name":"wp","href":"https:\/\/api.w.org\/{rel}","templated":true}]}}