{"id":47862,"date":"2019-04-18T23:43:03","date_gmt":"2019-04-19T04:43:03","guid":{"rendered":"http:\/\/www.lospoliticosveracruz.com.mx\/?p=47862"},"modified":"2019-04-18T23:43:03","modified_gmt":"2019-04-19T04:43:03","slug":"ignacio-y-sonia","status":"publish","type":"post","link":"https:\/\/lospoliticosveracruz.com\/?p=47862","title":{"rendered":"Ignacio y Sonia"},"content":{"rendered":"<p><strong>Salvador Mu\u00f1oz<\/strong><\/p>\n<p><em>Los Pol\u00edticos<\/em><\/p>\n<p><span style=\"font-weight: 400;\">Recibir notificaciones del Reportero Ignacio Carvajal estremecen. No, no lo veo como un agorero, al contrario, sino como un Reportero (as\u00ed, con altas) cumpliendo su papel social: enterarnos de lo que acontece en nuestro estado y en una secci\u00f3n dentro del periodismo que por lo regular es dura: la nota policiaca.<\/span><\/p>\n<p><span style=\"font-weight: 400;\">As\u00ed, cuando mi celular me marca que Ignacio Carvajal ha subido una nota, lo que menos quiero es que sea un n\u00famero, porque en estas \u00faltimas fechas, en serio que estremece saber de un feminicidio\u2026<\/span><\/p>\n<p><span style=\"font-weight: 400;\">Este Jueves Santo, Nacho hizo algo que hace mucho no sent\u00eda&#8230; a pesar de los m\u00e1s de 28 grados que hab\u00eda en la capital veracruzana, su noticia hizo que un fr\u00edo recorriera mi cuerpo y se estancara en mis manos: \u201cSonia Ram\u00edrez Trujillo, encargada de Hacienda en Tierra Blanca, destacada priista, fue asesinada a balazos este d\u00eda en ese municipio\u201d.<\/span><\/p>\n<p><span style=\"font-weight: 400;\">No da pena decir que la Mujer y yo lloramos. Y estoy seguro que el pri\u00edsmo debe llorar a esa militante, echada pa\u2019lante, que se confront\u00f3 al panismo hace dos a\u00f1os, que cada elecci\u00f3n, fuera chica, grande o del tama\u00f1o que sea, la hac\u00eda ver como una guerrera fiera defendiendo sus colores\u2026<\/span><\/p>\n<p><span style=\"font-weight: 400;\">Nosotros lloramos a la amiga que nos abri\u00f3 su coraz\u00f3n de una forma tan transparente que nos hac\u00eda sentir como de su familia, aunque yo creo que si hab\u00eda algo que resaltara a Sonia, era ese inmenso amor que brindaba por su hija Yelssy Roxany\u2026<\/span><\/p>\n<p><span style=\"font-weight: 400;\">S\u00ed, esta ocasi\u00f3n, no pude evitar decirle a Ignacio Carvajal que hoy, su noticia, me hizo estremecer m\u00e1s de lo habitual, porque hoy, la inseguridad mortal alcanz\u00f3 a una amiga\u2026<\/span><\/p>\n<p><span style=\"font-weight: 400;\">II<\/span><\/p>\n<p><b>Quien no transa, no avanza<\/b><\/p>\n<p><span style=\"font-weight: 400;\">As\u00ed expresa el dicho que refleja un mundo de corrupci\u00f3n en el que vivimos los mexicanos y que se expande en todas las condiciones sociales de nuestro entorno. Le cuento tres escenarios:<\/span><\/p>\n<p><span style=\"font-weight: 400;\">En un video situado en la Ciudad de M\u00e9xico, agarraron a un ladr\u00f3n que hab\u00eda hecho v\u00edctima a una joven. Le rompieron el hocico, lo golpearon, lo zarandearon y retuvieron mientras se esperaba el arribo de la polic\u00eda. El \u201cDedos de Seda\u201d ped\u00eda a la mujer que lo se\u00f1al\u00f3, que lo perdonara, porque ten\u00eda dos o tres hijos que mantener, la verdad no recuerdo la cifra exacta, pero a su llanto, quienes le rodeaban, le respond\u00edan: \u201cNosotros trabajamos\u201d, \u201cB\u00fascate una chamba\u201d, \u201cDebiste pensarlo antes\u201d. Lo cierto es que por m\u00e1s que implor\u00f3, no lo soltaron y todav\u00eda, cuando lleg\u00f3 la polic\u00eda por \u00e9l, hubo por all\u00ed un ciudadano que le pidi\u00f3\/pregunt\u00f3 al polic\u00eda: \u201c\u00bfQu\u00e9? \u00bfHay chance de otros madrazos?\u201d<\/span><\/p>\n<p><span style=\"font-weight: 400;\">Este \u201cDos de Bastos\u201d no tuvo suerte\u2026 pero en la siguiente historia, todo fue diferente. \u00c9sta ocurri\u00f3 en Xalapa, cerca del famoso mercado de La Rotonda, en la verduler\u00eda Chucho. La v\u00edctima, una amiga de la cual que me reservo su nombre. A ella le sustrajeron el celular de su bolso de mano. El truco: una se\u00f1ora us\u00f3 la bandeja que se usa para depositar las verduras, frutas o legumbres, para ocultar por debajo su mano derecha que se introdujo a la bolsa. De acuerdo a lo comentado en el video que circula por redes, la se\u00f1ora sigui\u00f3 a la amiga desde que entr\u00f3 a la verduler\u00eda\u2026 en este lugar son habituales los ligeros empujones porque los pasillos son estrechos, por lo que en uno de \u00e9sos, se aprovech\u00f3 el hurto.<\/span><\/p>\n<p><span style=\"font-weight: 400;\">El tercer caso me toc\u00f3 a m\u00ed&#8230;<\/span><\/p>\n<p><span style=\"font-weight: 400;\">Recibo una llamada de tel\u00e9fono desconocido\u2026 respondo y me dicen que son de Bancomer, est\u00e1n interesados en saber si hice una compra por tres mil pesos en Liverpool\u2026 hace un mes aproximadamente liquid\u00e9 todas mis deudas con esa departamental que tiene rato que religiosamente, me manda todos los d\u00edas a mi correo electr\u00f3nico, cantidad de ofertas propias de la temporada\u2026 la respuesta que doy a la se\u00f1orita es un autom\u00e1tico \u201cNo\u201d, pero para eso, ya puse el altavoz mientras que me dirijo a la aplicaci\u00f3n que tengo del Banco en cuesti\u00f3n y checo mis movimientos\u2026 no, no tengo ning\u00fan cargo por la cantidad que me dicen, y mientras tanto, en el altavoz, la se\u00f1orita me dice que me pasar\u00e1 con un ejecutivo, a la vez que me dice que entregue mis datos para levantar un acta o sepa la madre qu\u00e9, le agradezco la atenci\u00f3n y s\u00ed, el sonidito de espera se hace sentir y de inmediato, oigo la voz cl\u00e1sica grabada del Banco que me pide que marque los n\u00fameros de mi tarjeta\u2026 \u00a1por supuesto! \u00a1Ah\u00ed fue que colgu\u00e9!<\/span><\/p>\n<p><span style=\"font-weight: 400;\">A todas luces es una trampa en la que el ma\u00f1oso (como dice Damara G\u00f3mez) utiliza la sorpresa para meter a la olla al interlocutor\u2026<\/span><\/p>\n<p><span style=\"font-weight: 400;\">Lo incre\u00edble de todo esto, es el ambiente bancario que le ponen a la llamada telef\u00f3nica estos cabrones y hasta la voz de la se\u00f1orita, quien sigue el libreto habitual o el ritual bancario, desde que te dicen: \u201c\u00bfHablo con fulano sutano perengano? Me llamo Merengana y bla bla bla\u201d.<\/span><\/p>\n<p><span style=\"font-weight: 400;\">Se las dejo ah\u00ed, que nos es lo mismo que se las dejen ir alguno de estos vivales que han hecho un modo de vida \u201cel que no transa, no avanza\u201d.<\/span><\/p>\n<p>&nbsp;<\/p>\n<p><span style=\"font-weight: 400;\">smcainito@gmail.com<\/span><\/p>\n<p>&nbsp;<\/p>\n","protected":false},"excerpt":{"rendered":"<p>Salvador Mu\u00f1oz Los Pol\u00edticos Recibir notificaciones del Reportero Ignacio Carvajal estremecen. No, no lo veo como un agorero, al contrario, sino como un Reportero (as\u00ed, con altas) cumpliendo su papel social: enterarnos de lo que acontece en nuestro estado y en una secci\u00f3n dentro del periodismo que por lo regular es dura: la nota policiaca. [&hellip;]<\/p>\n","protected":false},"author":2,"featured_media":47863,"comment_status":"open","ping_status":"open","sticky":false,"template":"","format":"standard","meta":{"tdm_status":"","tdm_grid_status":"","footnotes":""},"categories":[1],"tags":[13534,2646,14503,3198],"class_list":{"0":"post-47862","1":"post","2":"type-post","3":"status-publish","4":"format-standard","5":"has-post-thumbnail","7":"category-sin-categoria","8":"tag-ignacio-carvajal","9":"tag-salvador-munoz","10":"tag-sonia-ramirez-trujillo","11":"tag-tierra-blanca"},"yoast_head":"<!-- This site is optimized with the Yoast SEO plugin v27.4 - https:\/\/yoast.com\/product\/yoast-seo-wordpress\/ -->\n<title>Ignacio y Sonia - Los pol\u00edticos Veracruz<\/title>\n<meta name=\"robots\" content=\"index, follow, max-snippet:-1, max-image-preview:large, max-video-preview:-1\" \/>\n<link rel=\"canonical\" href=\"https:\/\/lospoliticosveracruz.com\/?p=47862\" \/>\n<meta property=\"og:locale\" content=\"es_ES\" \/>\n<meta property=\"og:type\" content=\"article\" \/>\n<meta property=\"og:title\" content=\"Ignacio y Sonia - Los pol\u00edticos Veracruz\" \/>\n<meta property=\"og:description\" content=\"Salvador Mu\u00f1oz Los Pol\u00edticos Recibir notificaciones del Reportero Ignacio Carvajal estremecen. No, no lo veo como un agorero, al contrario, sino como un Reportero (as\u00ed, con altas) cumpliendo su papel social: enterarnos de lo que acontece en nuestro estado y en una secci\u00f3n dentro del periodismo que por lo regular es dura: la nota policiaca. [&hellip;]\" \/>\n<meta property=\"og:url\" content=\"https:\/\/lospoliticosveracruz.com\/?p=47862\" \/>\n<meta property=\"og:site_name\" content=\"Los pol\u00edticos Veracruz\" \/>\n<meta property=\"article:publisher\" content=\"https:\/\/www.facebook.com\/people\/Notimemes-de-los-Polticos\/61565672886568\/\" \/>\n<meta property=\"article:published_time\" content=\"2019-04-19T04:43:03+00:00\" \/>\n<meta property=\"og:image\" content=\"https:\/\/lospoliticosveracruz.com\/wp-content\/uploads\/2019\/04\/Sonia.jpeg\" \/>\n\t<meta property=\"og:image:width\" content=\"600\" \/>\n\t<meta property=\"og:image:height\" content=\"418\" \/>\n\t<meta property=\"og:image:type\" content=\"image\/jpeg\" \/>\n<meta name=\"author\" content=\"Lo viste en Los Pol\u00edticos\" \/>\n<meta name=\"twitter:card\" content=\"summary_large_image\" \/>\n<meta name=\"twitter:creator\" content=\"@LosPoliticosVer\" \/>\n<meta name=\"twitter:site\" content=\"@LosPoliticosVer\" \/>\n<meta name=\"twitter:label1\" content=\"Escrito por\" \/>\n\t<meta name=\"twitter:data1\" content=\"Lo viste en Los Pol\u00edticos\" \/>\n\t<meta name=\"twitter:label2\" content=\"Tiempo de lectura\" \/>\n\t<meta name=\"twitter:data2\" content=\"5 minutos\" \/>\n<script type=\"application\/ld+json\" class=\"yoast-schema-graph\">{\"@context\":\"https:\\\/\\\/schema.org\",\"@graph\":[{\"@type\":\"Article\",\"@id\":\"https:\\\/\\\/lospoliticosveracruz.com\\\/?p=47862#article\",\"isPartOf\":{\"@id\":\"https:\\\/\\\/lospoliticosveracruz.com\\\/?p=47862\"},\"author\":{\"name\":\"Lo viste en Los Pol\u00edticos\",\"@id\":\"https:\\\/\\\/lospoliticosveracruz.com\\\/#\\\/schema\\\/person\\\/b8702bb0e538456e6efd07080bf2a4a2\"},\"headline\":\"Ignacio y Sonia\",\"datePublished\":\"2019-04-19T04:43:03+00:00\",\"mainEntityOfPage\":{\"@id\":\"https:\\\/\\\/lospoliticosveracruz.com\\\/?p=47862\"},\"wordCount\":925,\"commentCount\":0,\"publisher\":{\"@id\":\"https:\\\/\\\/lospoliticosveracruz.com\\\/#organization\"},\"image\":{\"@id\":\"https:\\\/\\\/lospoliticosveracruz.com\\\/?p=47862#primaryimage\"},\"thumbnailUrl\":\"https:\\\/\\\/lospoliticosveracruz.com\\\/wp-content\\\/uploads\\\/2019\\\/04\\\/Sonia.jpeg\",\"keywords\":[\"Ignacio Carvajal\",\"Salvador Mu\u00f1oz\",\"Sonia Ram\u00edrez Trujillo\",\"Tierra Blanca\"],\"inLanguage\":\"es\",\"potentialAction\":[{\"@type\":\"CommentAction\",\"name\":\"Comment\",\"target\":[\"https:\\\/\\\/lospoliticosveracruz.com\\\/?p=47862#respond\"]}]},{\"@type\":\"WebPage\",\"@id\":\"https:\\\/\\\/lospoliticosveracruz.com\\\/?p=47862\",\"url\":\"https:\\\/\\\/lospoliticosveracruz.com\\\/?p=47862\",\"name\":\"Ignacio y Sonia - Los pol\u00edticos Veracruz\",\"isPartOf\":{\"@id\":\"https:\\\/\\\/lospoliticosveracruz.com\\\/#website\"},\"primaryImageOfPage\":{\"@id\":\"https:\\\/\\\/lospoliticosveracruz.com\\\/?p=47862#primaryimage\"},\"image\":{\"@id\":\"https:\\\/\\\/lospoliticosveracruz.com\\\/?p=47862#primaryimage\"},\"thumbnailUrl\":\"https:\\\/\\\/lospoliticosveracruz.com\\\/wp-content\\\/uploads\\\/2019\\\/04\\\/Sonia.jpeg\",\"datePublished\":\"2019-04-19T04:43:03+00:00\",\"breadcrumb\":{\"@id\":\"https:\\\/\\\/lospoliticosveracruz.com\\\/?p=47862#breadcrumb\"},\"inLanguage\":\"es\",\"potentialAction\":[{\"@type\":\"ReadAction\",\"target\":[\"https:\\\/\\\/lospoliticosveracruz.com\\\/?p=47862\"]}]},{\"@type\":\"ImageObject\",\"inLanguage\":\"es\",\"@id\":\"https:\\\/\\\/lospoliticosveracruz.com\\\/?p=47862#primaryimage\",\"url\":\"https:\\\/\\\/lospoliticosveracruz.com\\\/wp-content\\\/uploads\\\/2019\\\/04\\\/Sonia.jpeg\",\"contentUrl\":\"https:\\\/\\\/lospoliticosveracruz.com\\\/wp-content\\\/uploads\\\/2019\\\/04\\\/Sonia.jpeg\",\"width\":600,\"height\":418},{\"@type\":\"BreadcrumbList\",\"@id\":\"https:\\\/\\\/lospoliticosveracruz.com\\\/?p=47862#breadcrumb\",\"itemListElement\":[{\"@type\":\"ListItem\",\"position\":1,\"name\":\"Portada\",\"item\":\"https:\\\/\\\/lospoliticosveracruz.com\\\/\"},{\"@type\":\"ListItem\",\"position\":2,\"name\":\"Ignacio y Sonia\"}]},{\"@type\":\"WebSite\",\"@id\":\"https:\\\/\\\/lospoliticosveracruz.com\\\/#website\",\"url\":\"https:\\\/\\\/lospoliticosveracruz.com\\\/\",\"name\":\"Los pol\u00edticos Veracruz\",\"description\":\"\",\"publisher\":{\"@id\":\"https:\\\/\\\/lospoliticosveracruz.com\\\/#organization\"},\"potentialAction\":[{\"@type\":\"SearchAction\",\"target\":{\"@type\":\"EntryPoint\",\"urlTemplate\":\"https:\\\/\\\/lospoliticosveracruz.com\\\/?s={search_term_string}\"},\"query-input\":{\"@type\":\"PropertyValueSpecification\",\"valueRequired\":true,\"valueName\":\"search_term_string\"}}],\"inLanguage\":\"es\"},{\"@type\":\"Organization\",\"@id\":\"https:\\\/\\\/lospoliticosveracruz.com\\\/#organization\",\"name\":\"Los pol\u00edticos Veracruz\",\"url\":\"https:\\\/\\\/lospoliticosveracruz.com\\\/\",\"logo\":{\"@type\":\"ImageObject\",\"inLanguage\":\"es\",\"@id\":\"https:\\\/\\\/lospoliticosveracruz.com\\\/#\\\/schema\\\/logo\\\/image\\\/\",\"url\":\"https:\\\/\\\/lospoliticosveracruz.com\\\/wp-content\\\/uploads\\\/2025\\\/12\\\/Logo-Nuevo-LOS-POLITICOS-1.jpg\",\"contentUrl\":\"https:\\\/\\\/lospoliticosveracruz.com\\\/wp-content\\\/uploads\\\/2025\\\/12\\\/Logo-Nuevo-LOS-POLITICOS-1.jpg\",\"width\":260,\"height\":70,\"caption\":\"Los pol\u00edticos Veracruz\"},\"image\":{\"@id\":\"https:\\\/\\\/lospoliticosveracruz.com\\\/#\\\/schema\\\/logo\\\/image\\\/\"},\"sameAs\":[\"https:\\\/\\\/www.facebook.com\\\/people\\\/Notimemes-de-los-Polticos\\\/61565672886568\\\/\",\"https:\\\/\\\/x.com\\\/LosPoliticosVer\"]},{\"@type\":\"Person\",\"@id\":\"https:\\\/\\\/lospoliticosveracruz.com\\\/#\\\/schema\\\/person\\\/b8702bb0e538456e6efd07080bf2a4a2\",\"name\":\"Lo viste en Los Pol\u00edticos\",\"image\":{\"@type\":\"ImageObject\",\"inLanguage\":\"es\",\"@id\":\"https:\\\/\\\/secure.gravatar.com\\\/avatar\\\/3a8de04a2656d44082be478bd6c086daa447c4651605818287b9532d3d0bd435?s=96&d=mm&r=g\",\"url\":\"https:\\\/\\\/secure.gravatar.com\\\/avatar\\\/3a8de04a2656d44082be478bd6c086daa447c4651605818287b9532d3d0bd435?s=96&d=mm&r=g\",\"contentUrl\":\"https:\\\/\\\/secure.gravatar.com\\\/avatar\\\/3a8de04a2656d44082be478bd6c086daa447c4651605818287b9532d3d0bd435?s=96&d=mm&r=g\",\"caption\":\"Lo viste en Los Pol\u00edticos\"},\"url\":\"https:\\\/\\\/lospoliticosveracruz.com\\\/?author=2\"}]}<\/script>\n<!-- \/ Yoast SEO plugin. -->","yoast_head_json":{"title":"Ignacio y Sonia - Los pol\u00edticos Veracruz","robots":{"index":"index","follow":"follow","max-snippet":"max-snippet:-1","max-image-preview":"max-image-preview:large","max-video-preview":"max-video-preview:-1"},"canonical":"https:\/\/lospoliticosveracruz.com\/?p=47862","og_locale":"es_ES","og_type":"article","og_title":"Ignacio y Sonia - Los pol\u00edticos Veracruz","og_description":"Salvador Mu\u00f1oz Los Pol\u00edticos Recibir notificaciones del Reportero Ignacio Carvajal estremecen. No, no lo veo como un agorero, al contrario, sino como un Reportero (as\u00ed, con altas) cumpliendo su papel social: enterarnos de lo que acontece en nuestro estado y en una secci\u00f3n dentro del periodismo que por lo regular es dura: la nota policiaca. [&hellip;]","og_url":"https:\/\/lospoliticosveracruz.com\/?p=47862","og_site_name":"Los pol\u00edticos Veracruz","article_publisher":"https:\/\/www.facebook.com\/people\/Notimemes-de-los-Polticos\/61565672886568\/","article_published_time":"2019-04-19T04:43:03+00:00","og_image":[{"width":600,"height":418,"url":"https:\/\/lospoliticosveracruz.com\/wp-content\/uploads\/2019\/04\/Sonia.jpeg","type":"image\/jpeg"}],"author":"Lo viste en Los Pol\u00edticos","twitter_card":"summary_large_image","twitter_creator":"@LosPoliticosVer","twitter_site":"@LosPoliticosVer","twitter_misc":{"Escrito por":"Lo viste en Los Pol\u00edticos","Tiempo de lectura":"5 minutos"},"schema":{"@context":"https:\/\/schema.org","@graph":[{"@type":"Article","@id":"https:\/\/lospoliticosveracruz.com\/?p=47862#article","isPartOf":{"@id":"https:\/\/lospoliticosveracruz.com\/?p=47862"},"author":{"name":"Lo viste en Los Pol\u00edticos","@id":"https:\/\/lospoliticosveracruz.com\/#\/schema\/person\/b8702bb0e538456e6efd07080bf2a4a2"},"headline":"Ignacio y Sonia","datePublished":"2019-04-19T04:43:03+00:00","mainEntityOfPage":{"@id":"https:\/\/lospoliticosveracruz.com\/?p=47862"},"wordCount":925,"commentCount":0,"publisher":{"@id":"https:\/\/lospoliticosveracruz.com\/#organization"},"image":{"@id":"https:\/\/lospoliticosveracruz.com\/?p=47862#primaryimage"},"thumbnailUrl":"https:\/\/lospoliticosveracruz.com\/wp-content\/uploads\/2019\/04\/Sonia.jpeg","keywords":["Ignacio Carvajal","Salvador Mu\u00f1oz","Sonia Ram\u00edrez Trujillo","Tierra Blanca"],"inLanguage":"es","potentialAction":[{"@type":"CommentAction","name":"Comment","target":["https:\/\/lospoliticosveracruz.com\/?p=47862#respond"]}]},{"@type":"WebPage","@id":"https:\/\/lospoliticosveracruz.com\/?p=47862","url":"https:\/\/lospoliticosveracruz.com\/?p=47862","name":"Ignacio y Sonia - Los pol\u00edticos Veracruz","isPartOf":{"@id":"https:\/\/lospoliticosveracruz.com\/#website"},"primaryImageOfPage":{"@id":"https:\/\/lospoliticosveracruz.com\/?p=47862#primaryimage"},"image":{"@id":"https:\/\/lospoliticosveracruz.com\/?p=47862#primaryimage"},"thumbnailUrl":"https:\/\/lospoliticosveracruz.com\/wp-content\/uploads\/2019\/04\/Sonia.jpeg","datePublished":"2019-04-19T04:43:03+00:00","breadcrumb":{"@id":"https:\/\/lospoliticosveracruz.com\/?p=47862#breadcrumb"},"inLanguage":"es","potentialAction":[{"@type":"ReadAction","target":["https:\/\/lospoliticosveracruz.com\/?p=47862"]}]},{"@type":"ImageObject","inLanguage":"es","@id":"https:\/\/lospoliticosveracruz.com\/?p=47862#primaryimage","url":"https:\/\/lospoliticosveracruz.com\/wp-content\/uploads\/2019\/04\/Sonia.jpeg","contentUrl":"https:\/\/lospoliticosveracruz.com\/wp-content\/uploads\/2019\/04\/Sonia.jpeg","width":600,"height":418},{"@type":"BreadcrumbList","@id":"https:\/\/lospoliticosveracruz.com\/?p=47862#breadcrumb","itemListElement":[{"@type":"ListItem","position":1,"name":"Portada","item":"https:\/\/lospoliticosveracruz.com\/"},{"@type":"ListItem","position":2,"name":"Ignacio y Sonia"}]},{"@type":"WebSite","@id":"https:\/\/lospoliticosveracruz.com\/#website","url":"https:\/\/lospoliticosveracruz.com\/","name":"Los pol\u00edticos Veracruz","description":"","publisher":{"@id":"https:\/\/lospoliticosveracruz.com\/#organization"},"potentialAction":[{"@type":"SearchAction","target":{"@type":"EntryPoint","urlTemplate":"https:\/\/lospoliticosveracruz.com\/?s={search_term_string}"},"query-input":{"@type":"PropertyValueSpecification","valueRequired":true,"valueName":"search_term_string"}}],"inLanguage":"es"},{"@type":"Organization","@id":"https:\/\/lospoliticosveracruz.com\/#organization","name":"Los pol\u00edticos Veracruz","url":"https:\/\/lospoliticosveracruz.com\/","logo":{"@type":"ImageObject","inLanguage":"es","@id":"https:\/\/lospoliticosveracruz.com\/#\/schema\/logo\/image\/","url":"https:\/\/lospoliticosveracruz.com\/wp-content\/uploads\/2025\/12\/Logo-Nuevo-LOS-POLITICOS-1.jpg","contentUrl":"https:\/\/lospoliticosveracruz.com\/wp-content\/uploads\/2025\/12\/Logo-Nuevo-LOS-POLITICOS-1.jpg","width":260,"height":70,"caption":"Los pol\u00edticos Veracruz"},"image":{"@id":"https:\/\/lospoliticosveracruz.com\/#\/schema\/logo\/image\/"},"sameAs":["https:\/\/www.facebook.com\/people\/Notimemes-de-los-Polticos\/61565672886568\/","https:\/\/x.com\/LosPoliticosVer"]},{"@type":"Person","@id":"https:\/\/lospoliticosveracruz.com\/#\/schema\/person\/b8702bb0e538456e6efd07080bf2a4a2","name":"Lo viste en Los Pol\u00edticos","image":{"@type":"ImageObject","inLanguage":"es","@id":"https:\/\/secure.gravatar.com\/avatar\/3a8de04a2656d44082be478bd6c086daa447c4651605818287b9532d3d0bd435?s=96&d=mm&r=g","url":"https:\/\/secure.gravatar.com\/avatar\/3a8de04a2656d44082be478bd6c086daa447c4651605818287b9532d3d0bd435?s=96&d=mm&r=g","contentUrl":"https:\/\/secure.gravatar.com\/avatar\/3a8de04a2656d44082be478bd6c086daa447c4651605818287b9532d3d0bd435?s=96&d=mm&r=g","caption":"Lo viste en Los Pol\u00edticos"},"url":"https:\/\/lospoliticosveracruz.com\/?author=2"}]}},"_links":{"self":[{"href":"https:\/\/lospoliticosveracruz.com\/index.php?rest_route=\/wp\/v2\/posts\/47862","targetHints":{"allow":["GET"]}}],"collection":[{"href":"https:\/\/lospoliticosveracruz.com\/index.php?rest_route=\/wp\/v2\/posts"}],"about":[{"href":"https:\/\/lospoliticosveracruz.com\/index.php?rest_route=\/wp\/v2\/types\/post"}],"author":[{"embeddable":true,"href":"https:\/\/lospoliticosveracruz.com\/index.php?rest_route=\/wp\/v2\/users\/2"}],"replies":[{"embeddable":true,"href":"https:\/\/lospoliticosveracruz.com\/index.php?rest_route=%2Fwp%2Fv2%2Fcomments&post=47862"}],"version-history":[{"count":1,"href":"https:\/\/lospoliticosveracruz.com\/index.php?rest_route=\/wp\/v2\/posts\/47862\/revisions"}],"predecessor-version":[{"id":47864,"href":"https:\/\/lospoliticosveracruz.com\/index.php?rest_route=\/wp\/v2\/posts\/47862\/revisions\/47864"}],"wp:featuredmedia":[{"embeddable":true,"href":"https:\/\/lospoliticosveracruz.com\/index.php?rest_route=\/wp\/v2\/media\/47863"}],"wp:attachment":[{"href":"https:\/\/lospoliticosveracruz.com\/index.php?rest_route=%2Fwp%2Fv2%2Fmedia&parent=47862"}],"wp:term":[{"taxonomy":"category","embeddable":true,"href":"https:\/\/lospoliticosveracruz.com\/index.php?rest_route=%2Fwp%2Fv2%2Fcategories&post=47862"},{"taxonomy":"post_tag","embeddable":true,"href":"https:\/\/lospoliticosveracruz.com\/index.php?rest_route=%2Fwp%2Fv2%2Ftags&post=47862"}],"curies":[{"name":"wp","href":"https:\/\/api.w.org\/{rel}","templated":true}]}}