{"id":47870,"date":"2019-04-19T14:03:54","date_gmt":"2019-04-19T19:03:54","guid":{"rendered":"http:\/\/www.lospoliticosveracruz.com.mx\/?p=47870"},"modified":"2019-04-19T14:03:54","modified_gmt":"2019-04-19T19:03:54","slug":"mexico-libre-ni-tan-libre-de-viejas-practicas","status":"publish","type":"post","link":"https:\/\/lospoliticosveracruz.com\/?p=47870","title":{"rendered":"M\u00e9xico Libre, ni tan libre de viejas pr\u00e1cticas"},"content":{"rendered":"<p>Ricardo Garc\u00eda del \u00c1ngel,\u00a0coordinador distrital en Tuxpan de M\u00e9xico Libre, organizaci\u00f3n\u00a0que\u00a0buscan\u00a0Felipe Calder\u00f3n y Margarita Zavala hacer partido, denunci\u00f3\u00a0el\u00a0intento de destituci\u00f3n de su cargo.\u00a0Cuenta que\u00a0durante una reuni\u00f3n en el restaurant del Hotel May Palace, fue abordado por el coordinador operativo de M\u00e9xico Libre en Veracruz, Demetrio Gonz\u00e1lez Hern\u00e1ndez, el cual le exig\u00eda su renuncia ya que supuestamente no cubr\u00eda el perfil para ser coordinador, a lo que este \u00faltimo se neg\u00f3.<\/p>\n<p>A pesar de que Ricardo Garc\u00eda del \u00c1ngel\u00a0pidi\u00f3\u00a0una explicaci\u00f3n\u00a0sobre\u00a0la petici\u00f3n de\u00a0renuncia, se la negaron y se retir\u00f3 del lugar; horas m\u00e1s tarde, a trav\u00e9s de las redes sociales, se enter\u00f3 que\u00a0el Coordinador Operativo estatal, Demetrio Gonz\u00e1lez Hern\u00e1ndez hab\u00eda designado a un nuevo coordinador, aunque para Ricardo Garc\u00eda, tal nombramiento no tiene validez debido a que \u00e9l no present\u00f3 \u00a0renuncia y no fue notificado formalmente de su destituci\u00f3n, \u00abpor lo que sigo\u00a0siendo el Coordinador Distrital en esta regi\u00f3n del estado\u00bb.<\/p>\n<p>El \u00abnuevo\u00bb coordinador distrital es el empresario tuxpe\u00f1o Ernesto Ferrer Salas, ex dirigente del Partido Humanista en dicho puerto, a quien se\u00f1alan\u00a0de llevar a ese partido a la debacle en este municipio.<\/p>\n<p>Como dato, Ricardo Garcia del Angel fue nombrado \u00a0coordinador distrital por el Tercer\u00a0Distrito Electoral de Veracruz el pasado 9 de marzo, \u00a0en la ciudad de Veracruz, estando presente la\u00a0coordinadora nacional operativa, Margarita Zavala G\u00f3mez del Campo.<\/p>\n<p>\u00abNos hemos tratado de comunicar con el coordinador Alejandro Coss\u00edo, pero hasta hoy no \u00a0responde las llamadas y ya hemos recibido amenazas de parte del Demetrio&#8230; esto es un intento de golpe de estado, y tiene toda la pinta de corrupci\u00f3n y de haberse vendido al mejor postor de parte del coordinador operativo estatal \u2013se\u00f1al\u00f3 Ricardo\u00a0Garc\u00eda.\u00a0Esto no es lo que quieren Felipe y Margarita, luchamos para que las pr\u00e1cticas que se ven\u00edan dando en Acci\u00f3n Nacional no se repitan en esta nueva organizaci\u00f3n pol\u00edtica y resulta que estamos cayendo en el mismo error cuando ni siquiera el registro hemos obtenido\u00bb.<\/p>\n","protected":false},"excerpt":{"rendered":"<p>Ricardo Garc\u00eda del \u00c1ngel,\u00a0coordinador distrital en Tuxpan de M\u00e9xico Libre, organizaci\u00f3n\u00a0que\u00a0buscan\u00a0Felipe Calder\u00f3n y Margarita Zavala hacer partido, denunci\u00f3\u00a0el\u00a0intento de destituci\u00f3n de su cargo.\u00a0Cuenta que\u00a0durante una reuni\u00f3n en el restaurant del Hotel May Palace, fue abordado por el coordinador operativo de M\u00e9xico Libre en Veracruz, Demetrio Gonz\u00e1lez Hern\u00e1ndez, el cual le exig\u00eda su renuncia ya que [&hellip;]<\/p>\n","protected":false},"author":2,"featured_media":47871,"comment_status":"open","ping_status":"open","sticky":false,"template":"","format":"standard","meta":{"tdm_status":"","tdm_grid_status":"","footnotes":""},"categories":[72],"tags":[14508,1032,1441,14506,14507],"class_list":{"0":"post-47870","1":"post","2":"type-post","3":"status-publish","4":"format-standard","5":"has-post-thumbnail","7":"category-palomazos","8":"tag-demetrio-gonzalez-hernandez","9":"tag-felipe-calderon-hinojosa","10":"tag-margarita-zavala","11":"tag-mexico-libre","12":"tag-ricardo-garcia-del-angel"},"yoast_head":"<!-- This site is optimized with the Yoast SEO plugin v27.4 - https:\/\/yoast.com\/product\/yoast-seo-wordpress\/ -->\n<title>M\u00e9xico Libre, ni tan libre de viejas pr\u00e1cticas - Los pol\u00edticos Veracruz<\/title>\n<meta name=\"robots\" content=\"index, follow, max-snippet:-1, max-image-preview:large, max-video-preview:-1\" \/>\n<link rel=\"canonical\" href=\"https:\/\/lospoliticosveracruz.com\/?p=47870\" \/>\n<meta property=\"og:locale\" content=\"es_ES\" \/>\n<meta property=\"og:type\" content=\"article\" \/>\n<meta property=\"og:title\" content=\"M\u00e9xico Libre, ni tan libre de viejas pr\u00e1cticas - Los pol\u00edticos Veracruz\" \/>\n<meta property=\"og:description\" content=\"Ricardo Garc\u00eda del \u00c1ngel,\u00a0coordinador distrital en Tuxpan de M\u00e9xico Libre, organizaci\u00f3n\u00a0que\u00a0buscan\u00a0Felipe Calder\u00f3n y Margarita Zavala hacer partido, denunci\u00f3\u00a0el\u00a0intento de destituci\u00f3n de su cargo.\u00a0Cuenta que\u00a0durante una reuni\u00f3n en el restaurant del Hotel May Palace, fue abordado por el coordinador operativo de M\u00e9xico Libre en Veracruz, Demetrio Gonz\u00e1lez Hern\u00e1ndez, el cual le exig\u00eda su renuncia ya que [&hellip;]\" \/>\n<meta property=\"og:url\" content=\"https:\/\/lospoliticosveracruz.com\/?p=47870\" \/>\n<meta property=\"og:site_name\" content=\"Los pol\u00edticos Veracruz\" \/>\n<meta property=\"article:publisher\" content=\"https:\/\/www.facebook.com\/people\/Notimemes-de-los-Polticos\/61565672886568\/\" \/>\n<meta property=\"article:published_time\" content=\"2019-04-19T19:03:54+00:00\" \/>\n<meta property=\"og:image\" content=\"https:\/\/lospoliticosveracruz.com\/wp-content\/uploads\/2019\/04\/Ricardo-Garc\u00eda.jpg\" \/>\n\t<meta property=\"og:image:width\" content=\"600\" \/>\n\t<meta property=\"og:image:height\" content=\"449\" \/>\n\t<meta property=\"og:image:type\" content=\"image\/jpeg\" \/>\n<meta name=\"author\" content=\"Lo viste en Los Pol\u00edticos\" \/>\n<meta name=\"twitter:card\" content=\"summary_large_image\" \/>\n<meta name=\"twitter:creator\" content=\"@LosPoliticosVer\" \/>\n<meta name=\"twitter:site\" content=\"@LosPoliticosVer\" \/>\n<meta name=\"twitter:label1\" content=\"Escrito por\" \/>\n\t<meta name=\"twitter:data1\" content=\"Lo viste en Los Pol\u00edticos\" \/>\n\t<meta name=\"twitter:label2\" content=\"Tiempo de lectura\" \/>\n\t<meta name=\"twitter:data2\" content=\"2 minutos\" \/>\n<script type=\"application\/ld+json\" class=\"yoast-schema-graph\">{\"@context\":\"https:\\\/\\\/schema.org\",\"@graph\":[{\"@type\":\"Article\",\"@id\":\"https:\\\/\\\/lospoliticosveracruz.com\\\/?p=47870#article\",\"isPartOf\":{\"@id\":\"https:\\\/\\\/lospoliticosveracruz.com\\\/?p=47870\"},\"author\":{\"name\":\"Lo viste en Los Pol\u00edticos\",\"@id\":\"https:\\\/\\\/lospoliticosveracruz.com\\\/#\\\/schema\\\/person\\\/b8702bb0e538456e6efd07080bf2a4a2\"},\"headline\":\"M\u00e9xico Libre, ni tan libre de viejas pr\u00e1cticas\",\"datePublished\":\"2019-04-19T19:03:54+00:00\",\"mainEntityOfPage\":{\"@id\":\"https:\\\/\\\/lospoliticosveracruz.com\\\/?p=47870\"},\"wordCount\":380,\"commentCount\":0,\"publisher\":{\"@id\":\"https:\\\/\\\/lospoliticosveracruz.com\\\/#organization\"},\"image\":{\"@id\":\"https:\\\/\\\/lospoliticosveracruz.com\\\/?p=47870#primaryimage\"},\"thumbnailUrl\":\"https:\\\/\\\/lospoliticosveracruz.com\\\/wp-content\\\/uploads\\\/2019\\\/04\\\/Ricardo-Garc\u00eda.jpg\",\"keywords\":[\"Demetrio Gonz\u00e1lez Hern\u00e1ndez\",\"Felipe Calder\u00f3n Hinojosa\",\"Margarita Zavala\",\"M\u00e9xico Libre\",\"Ricardo Garc\u00eda del Angel\"],\"articleSection\":[\"Palomazos\"],\"inLanguage\":\"es\",\"potentialAction\":[{\"@type\":\"CommentAction\",\"name\":\"Comment\",\"target\":[\"https:\\\/\\\/lospoliticosveracruz.com\\\/?p=47870#respond\"]}]},{\"@type\":\"WebPage\",\"@id\":\"https:\\\/\\\/lospoliticosveracruz.com\\\/?p=47870\",\"url\":\"https:\\\/\\\/lospoliticosveracruz.com\\\/?p=47870\",\"name\":\"M\u00e9xico Libre, ni tan libre de viejas pr\u00e1cticas - Los pol\u00edticos Veracruz\",\"isPartOf\":{\"@id\":\"https:\\\/\\\/lospoliticosveracruz.com\\\/#website\"},\"primaryImageOfPage\":{\"@id\":\"https:\\\/\\\/lospoliticosveracruz.com\\\/?p=47870#primaryimage\"},\"image\":{\"@id\":\"https:\\\/\\\/lospoliticosveracruz.com\\\/?p=47870#primaryimage\"},\"thumbnailUrl\":\"https:\\\/\\\/lospoliticosveracruz.com\\\/wp-content\\\/uploads\\\/2019\\\/04\\\/Ricardo-Garc\u00eda.jpg\",\"datePublished\":\"2019-04-19T19:03:54+00:00\",\"breadcrumb\":{\"@id\":\"https:\\\/\\\/lospoliticosveracruz.com\\\/?p=47870#breadcrumb\"},\"inLanguage\":\"es\",\"potentialAction\":[{\"@type\":\"ReadAction\",\"target\":[\"https:\\\/\\\/lospoliticosveracruz.com\\\/?p=47870\"]}]},{\"@type\":\"ImageObject\",\"inLanguage\":\"es\",\"@id\":\"https:\\\/\\\/lospoliticosveracruz.com\\\/?p=47870#primaryimage\",\"url\":\"https:\\\/\\\/lospoliticosveracruz.com\\\/wp-content\\\/uploads\\\/2019\\\/04\\\/Ricardo-Garc\u00eda.jpg\",\"contentUrl\":\"https:\\\/\\\/lospoliticosveracruz.com\\\/wp-content\\\/uploads\\\/2019\\\/04\\\/Ricardo-Garc\u00eda.jpg\",\"width\":600,\"height\":449},{\"@type\":\"BreadcrumbList\",\"@id\":\"https:\\\/\\\/lospoliticosveracruz.com\\\/?p=47870#breadcrumb\",\"itemListElement\":[{\"@type\":\"ListItem\",\"position\":1,\"name\":\"Portada\",\"item\":\"https:\\\/\\\/lospoliticosveracruz.com\\\/\"},{\"@type\":\"ListItem\",\"position\":2,\"name\":\"M\u00e9xico Libre, ni tan libre de viejas pr\u00e1cticas\"}]},{\"@type\":\"WebSite\",\"@id\":\"https:\\\/\\\/lospoliticosveracruz.com\\\/#website\",\"url\":\"https:\\\/\\\/lospoliticosveracruz.com\\\/\",\"name\":\"Los pol\u00edticos Veracruz\",\"description\":\"\",\"publisher\":{\"@id\":\"https:\\\/\\\/lospoliticosveracruz.com\\\/#organization\"},\"potentialAction\":[{\"@type\":\"SearchAction\",\"target\":{\"@type\":\"EntryPoint\",\"urlTemplate\":\"https:\\\/\\\/lospoliticosveracruz.com\\\/?s={search_term_string}\"},\"query-input\":{\"@type\":\"PropertyValueSpecification\",\"valueRequired\":true,\"valueName\":\"search_term_string\"}}],\"inLanguage\":\"es\"},{\"@type\":\"Organization\",\"@id\":\"https:\\\/\\\/lospoliticosveracruz.com\\\/#organization\",\"name\":\"Los pol\u00edticos Veracruz\",\"url\":\"https:\\\/\\\/lospoliticosveracruz.com\\\/\",\"logo\":{\"@type\":\"ImageObject\",\"inLanguage\":\"es\",\"@id\":\"https:\\\/\\\/lospoliticosveracruz.com\\\/#\\\/schema\\\/logo\\\/image\\\/\",\"url\":\"https:\\\/\\\/lospoliticosveracruz.com\\\/wp-content\\\/uploads\\\/2025\\\/12\\\/Logo-Nuevo-LOS-POLITICOS-1.jpg\",\"contentUrl\":\"https:\\\/\\\/lospoliticosveracruz.com\\\/wp-content\\\/uploads\\\/2025\\\/12\\\/Logo-Nuevo-LOS-POLITICOS-1.jpg\",\"width\":260,\"height\":70,\"caption\":\"Los pol\u00edticos Veracruz\"},\"image\":{\"@id\":\"https:\\\/\\\/lospoliticosveracruz.com\\\/#\\\/schema\\\/logo\\\/image\\\/\"},\"sameAs\":[\"https:\\\/\\\/www.facebook.com\\\/people\\\/Notimemes-de-los-Polticos\\\/61565672886568\\\/\",\"https:\\\/\\\/x.com\\\/LosPoliticosVer\"]},{\"@type\":\"Person\",\"@id\":\"https:\\\/\\\/lospoliticosveracruz.com\\\/#\\\/schema\\\/person\\\/b8702bb0e538456e6efd07080bf2a4a2\",\"name\":\"Lo viste en Los Pol\u00edticos\",\"image\":{\"@type\":\"ImageObject\",\"inLanguage\":\"es\",\"@id\":\"https:\\\/\\\/secure.gravatar.com\\\/avatar\\\/3a8de04a2656d44082be478bd6c086daa447c4651605818287b9532d3d0bd435?s=96&d=mm&r=g\",\"url\":\"https:\\\/\\\/secure.gravatar.com\\\/avatar\\\/3a8de04a2656d44082be478bd6c086daa447c4651605818287b9532d3d0bd435?s=96&d=mm&r=g\",\"contentUrl\":\"https:\\\/\\\/secure.gravatar.com\\\/avatar\\\/3a8de04a2656d44082be478bd6c086daa447c4651605818287b9532d3d0bd435?s=96&d=mm&r=g\",\"caption\":\"Lo viste en Los Pol\u00edticos\"},\"url\":\"https:\\\/\\\/lospoliticosveracruz.com\\\/?author=2\"}]}<\/script>\n<!-- \/ Yoast SEO plugin. -->","yoast_head_json":{"title":"M\u00e9xico Libre, ni tan libre de viejas pr\u00e1cticas - Los pol\u00edticos Veracruz","robots":{"index":"index","follow":"follow","max-snippet":"max-snippet:-1","max-image-preview":"max-image-preview:large","max-video-preview":"max-video-preview:-1"},"canonical":"https:\/\/lospoliticosveracruz.com\/?p=47870","og_locale":"es_ES","og_type":"article","og_title":"M\u00e9xico Libre, ni tan libre de viejas pr\u00e1cticas - Los pol\u00edticos Veracruz","og_description":"Ricardo Garc\u00eda del \u00c1ngel,\u00a0coordinador distrital en Tuxpan de M\u00e9xico Libre, organizaci\u00f3n\u00a0que\u00a0buscan\u00a0Felipe Calder\u00f3n y Margarita Zavala hacer partido, denunci\u00f3\u00a0el\u00a0intento de destituci\u00f3n de su cargo.\u00a0Cuenta que\u00a0durante una reuni\u00f3n en el restaurant del Hotel May Palace, fue abordado por el coordinador operativo de M\u00e9xico Libre en Veracruz, Demetrio Gonz\u00e1lez Hern\u00e1ndez, el cual le exig\u00eda su renuncia ya que [&hellip;]","og_url":"https:\/\/lospoliticosveracruz.com\/?p=47870","og_site_name":"Los pol\u00edticos Veracruz","article_publisher":"https:\/\/www.facebook.com\/people\/Notimemes-de-los-Polticos\/61565672886568\/","article_published_time":"2019-04-19T19:03:54+00:00","og_image":[{"width":600,"height":449,"url":"https:\/\/lospoliticosveracruz.com\/wp-content\/uploads\/2019\/04\/Ricardo-Garc\u00eda.jpg","type":"image\/jpeg"}],"author":"Lo viste en Los Pol\u00edticos","twitter_card":"summary_large_image","twitter_creator":"@LosPoliticosVer","twitter_site":"@LosPoliticosVer","twitter_misc":{"Escrito por":"Lo viste en Los Pol\u00edticos","Tiempo de lectura":"2 minutos"},"schema":{"@context":"https:\/\/schema.org","@graph":[{"@type":"Article","@id":"https:\/\/lospoliticosveracruz.com\/?p=47870#article","isPartOf":{"@id":"https:\/\/lospoliticosveracruz.com\/?p=47870"},"author":{"name":"Lo viste en Los Pol\u00edticos","@id":"https:\/\/lospoliticosveracruz.com\/#\/schema\/person\/b8702bb0e538456e6efd07080bf2a4a2"},"headline":"M\u00e9xico Libre, ni tan libre de viejas pr\u00e1cticas","datePublished":"2019-04-19T19:03:54+00:00","mainEntityOfPage":{"@id":"https:\/\/lospoliticosveracruz.com\/?p=47870"},"wordCount":380,"commentCount":0,"publisher":{"@id":"https:\/\/lospoliticosveracruz.com\/#organization"},"image":{"@id":"https:\/\/lospoliticosveracruz.com\/?p=47870#primaryimage"},"thumbnailUrl":"https:\/\/lospoliticosveracruz.com\/wp-content\/uploads\/2019\/04\/Ricardo-Garc\u00eda.jpg","keywords":["Demetrio Gonz\u00e1lez Hern\u00e1ndez","Felipe Calder\u00f3n Hinojosa","Margarita Zavala","M\u00e9xico Libre","Ricardo Garc\u00eda del Angel"],"articleSection":["Palomazos"],"inLanguage":"es","potentialAction":[{"@type":"CommentAction","name":"Comment","target":["https:\/\/lospoliticosveracruz.com\/?p=47870#respond"]}]},{"@type":"WebPage","@id":"https:\/\/lospoliticosveracruz.com\/?p=47870","url":"https:\/\/lospoliticosveracruz.com\/?p=47870","name":"M\u00e9xico Libre, ni tan libre de viejas pr\u00e1cticas - Los pol\u00edticos Veracruz","isPartOf":{"@id":"https:\/\/lospoliticosveracruz.com\/#website"},"primaryImageOfPage":{"@id":"https:\/\/lospoliticosveracruz.com\/?p=47870#primaryimage"},"image":{"@id":"https:\/\/lospoliticosveracruz.com\/?p=47870#primaryimage"},"thumbnailUrl":"https:\/\/lospoliticosveracruz.com\/wp-content\/uploads\/2019\/04\/Ricardo-Garc\u00eda.jpg","datePublished":"2019-04-19T19:03:54+00:00","breadcrumb":{"@id":"https:\/\/lospoliticosveracruz.com\/?p=47870#breadcrumb"},"inLanguage":"es","potentialAction":[{"@type":"ReadAction","target":["https:\/\/lospoliticosveracruz.com\/?p=47870"]}]},{"@type":"ImageObject","inLanguage":"es","@id":"https:\/\/lospoliticosveracruz.com\/?p=47870#primaryimage","url":"https:\/\/lospoliticosveracruz.com\/wp-content\/uploads\/2019\/04\/Ricardo-Garc\u00eda.jpg","contentUrl":"https:\/\/lospoliticosveracruz.com\/wp-content\/uploads\/2019\/04\/Ricardo-Garc\u00eda.jpg","width":600,"height":449},{"@type":"BreadcrumbList","@id":"https:\/\/lospoliticosveracruz.com\/?p=47870#breadcrumb","itemListElement":[{"@type":"ListItem","position":1,"name":"Portada","item":"https:\/\/lospoliticosveracruz.com\/"},{"@type":"ListItem","position":2,"name":"M\u00e9xico Libre, ni tan libre de viejas pr\u00e1cticas"}]},{"@type":"WebSite","@id":"https:\/\/lospoliticosveracruz.com\/#website","url":"https:\/\/lospoliticosveracruz.com\/","name":"Los pol\u00edticos Veracruz","description":"","publisher":{"@id":"https:\/\/lospoliticosveracruz.com\/#organization"},"potentialAction":[{"@type":"SearchAction","target":{"@type":"EntryPoint","urlTemplate":"https:\/\/lospoliticosveracruz.com\/?s={search_term_string}"},"query-input":{"@type":"PropertyValueSpecification","valueRequired":true,"valueName":"search_term_string"}}],"inLanguage":"es"},{"@type":"Organization","@id":"https:\/\/lospoliticosveracruz.com\/#organization","name":"Los pol\u00edticos Veracruz","url":"https:\/\/lospoliticosveracruz.com\/","logo":{"@type":"ImageObject","inLanguage":"es","@id":"https:\/\/lospoliticosveracruz.com\/#\/schema\/logo\/image\/","url":"https:\/\/lospoliticosveracruz.com\/wp-content\/uploads\/2025\/12\/Logo-Nuevo-LOS-POLITICOS-1.jpg","contentUrl":"https:\/\/lospoliticosveracruz.com\/wp-content\/uploads\/2025\/12\/Logo-Nuevo-LOS-POLITICOS-1.jpg","width":260,"height":70,"caption":"Los pol\u00edticos Veracruz"},"image":{"@id":"https:\/\/lospoliticosveracruz.com\/#\/schema\/logo\/image\/"},"sameAs":["https:\/\/www.facebook.com\/people\/Notimemes-de-los-Polticos\/61565672886568\/","https:\/\/x.com\/LosPoliticosVer"]},{"@type":"Person","@id":"https:\/\/lospoliticosveracruz.com\/#\/schema\/person\/b8702bb0e538456e6efd07080bf2a4a2","name":"Lo viste en Los Pol\u00edticos","image":{"@type":"ImageObject","inLanguage":"es","@id":"https:\/\/secure.gravatar.com\/avatar\/3a8de04a2656d44082be478bd6c086daa447c4651605818287b9532d3d0bd435?s=96&d=mm&r=g","url":"https:\/\/secure.gravatar.com\/avatar\/3a8de04a2656d44082be478bd6c086daa447c4651605818287b9532d3d0bd435?s=96&d=mm&r=g","contentUrl":"https:\/\/secure.gravatar.com\/avatar\/3a8de04a2656d44082be478bd6c086daa447c4651605818287b9532d3d0bd435?s=96&d=mm&r=g","caption":"Lo viste en Los Pol\u00edticos"},"url":"https:\/\/lospoliticosveracruz.com\/?author=2"}]}},"_links":{"self":[{"href":"https:\/\/lospoliticosveracruz.com\/index.php?rest_route=\/wp\/v2\/posts\/47870","targetHints":{"allow":["GET"]}}],"collection":[{"href":"https:\/\/lospoliticosveracruz.com\/index.php?rest_route=\/wp\/v2\/posts"}],"about":[{"href":"https:\/\/lospoliticosveracruz.com\/index.php?rest_route=\/wp\/v2\/types\/post"}],"author":[{"embeddable":true,"href":"https:\/\/lospoliticosveracruz.com\/index.php?rest_route=\/wp\/v2\/users\/2"}],"replies":[{"embeddable":true,"href":"https:\/\/lospoliticosveracruz.com\/index.php?rest_route=%2Fwp%2Fv2%2Fcomments&post=47870"}],"version-history":[{"count":1,"href":"https:\/\/lospoliticosveracruz.com\/index.php?rest_route=\/wp\/v2\/posts\/47870\/revisions"}],"predecessor-version":[{"id":47872,"href":"https:\/\/lospoliticosveracruz.com\/index.php?rest_route=\/wp\/v2\/posts\/47870\/revisions\/47872"}],"wp:featuredmedia":[{"embeddable":true,"href":"https:\/\/lospoliticosveracruz.com\/index.php?rest_route=\/wp\/v2\/media\/47871"}],"wp:attachment":[{"href":"https:\/\/lospoliticosveracruz.com\/index.php?rest_route=%2Fwp%2Fv2%2Fmedia&parent=47870"}],"wp:term":[{"taxonomy":"category","embeddable":true,"href":"https:\/\/lospoliticosveracruz.com\/index.php?rest_route=%2Fwp%2Fv2%2Fcategories&post=47870"},{"taxonomy":"post_tag","embeddable":true,"href":"https:\/\/lospoliticosveracruz.com\/index.php?rest_route=%2Fwp%2Fv2%2Ftags&post=47870"}],"curies":[{"name":"wp","href":"https:\/\/api.w.org\/{rel}","templated":true}]}}