{"id":47881,"date":"2019-04-22T07:09:56","date_gmt":"2019-04-22T12:09:56","guid":{"rendered":"http:\/\/www.lospoliticosveracruz.com.mx\/?p=47881"},"modified":"2019-04-22T07:09:56","modified_gmt":"2019-04-22T12:09:56","slug":"duele-mina","status":"publish","type":"post","link":"https:\/\/lospoliticosveracruz.com\/?p=47881","title":{"rendered":"Duele Mina"},"content":{"rendered":"<p><strong>Brenda Caballero<\/strong><\/p>\n<p><em>N\u00fameros Rojos<\/em><\/p>\n<p>\u201cSeremos amigos te amo y te amar\u00e9 toda la vida! Perd\u00f3name si no fui el mejor hermano dar\u00eda mi vida por ti! No lo creo, no puedo! Me har\u00edas tanta falta, mi beb\u00e9 el amor de mi vida! yo te vi crecer, llorar y re\u00edr y s\u00e9 que eso no volver\u00e1 a pasar, me duele tanto te amamos tanto, mam\u00e1 estar\u00e1 bien y Karla Tambi\u00e9n! Tu padre te adora te prometo har\u00e9 lo imposible por cuidarlos, te amo hermana, te amo tanto!\u201d, escribi\u00f3 Jaime en sus redes sociales para despedirse de su hermana Claudia Patricia Cabrera Ramos.<\/p>\n<p>Patricia nunca imagin\u00f3 que la fiesta en la Palapa \u201cLa Potra\u201d a la que hab\u00eda sido invitada por sus familiares, ser\u00eda la \u00faltima a la que asistir\u00eda. Estudiaba el octavo semestre de la carrera de Nutrici\u00f3n en la Universidad del Valle de M\u00e9xico Campus Puebla y en estas vacaciones de Semana Santa se traslad\u00f3 a su natal Minatitl\u00e1n para estar con su familia y hermana mayor.<\/p>\n<p>Patricia y algunos familiares, entre ellos su hermana, salieron a la fatal reuni\u00f3n del viernes santo.<\/p>\n<p>Karla tuvo la fortuna de sobrevivir, los m\u00e9dicos la intervinieron quir\u00fargicamente, no as\u00ed Patricia quien falleci\u00f3 en el lugar y ya no regresar\u00e1 a Puebla donde radicaba desde hace cuatro a\u00f1os.<\/p>\n<p>Junto a Patricia murieron otras 3 mujeres: Felicitas Cabrera Gil, Ana Mar\u00eda Santos Hern\u00e1ndez e Irma Barrera \u00c1lvarez, quien su hijo Marcos Aurelio Davis Barrera, se encuentra muy delicado de salud. Incluso familiares solicitan no sea incluido en la lista de los asesinados, ya que Marcos sigue luchando por su vida.<\/p>\n<p>Irma era prima de C\u00e9sar Hern\u00e1ndez Barrera a quien asesinaron junto a su peque\u00f1o hijo \u00a0Santiago que acababa de cumplir un a\u00f1o de edad. \u00bfQu\u00e9 hab\u00eda hecho Santiago para morir as\u00ed?<\/p>\n<p>Sin duda la muerte del peque\u00f1o debe indignarnos como sociedad, pues es inconcebible que un peque\u00f1o muera de una manera tan cruel y sanguinaria.<\/p>\n<p>Felicitas Cabrera tambi\u00e9n fue recordada en redes sociales como una mujer muy alegre, de sonrisa contagiosa y sus pasos a ritmo de toda m\u00fasica.<\/p>\n<p>Tambi\u00e9n fueron ultimados: Alfredo Meugniot, Juan Ren\u00e9 L\u00f3pez Vel\u00e1zquez, Hebert Reyes Mart\u00ednez, (due\u00f1o de la palapa), Ra\u00fal Palacios Vasconcelos, Leobardo Salinas Jim\u00e9nez, Julio C\u00e9sar V\u00e1zquez L\u00f3pez y Julio C\u00e9sar Gonz\u00e1lez Reyna, transexual mejor conocido como Becky y a quien se\u00f1alan como el objetivo principal del comando armado que ingres\u00f3 a la palapa para asesinar a 14 personas.<\/p>\n<p>Ya las autoridades han mencionado que est\u00e1n haciendo investigaciones al respecto para deslindar responsables y dar con el paradero de los asesinos.<\/p>\n<p>Lo triste de todos estos hechos ocurridos el fin de semana en Mina, es que empezamos a buscar culpables y no se vale que haya quien hasta escribe en los muros de las v\u00edctimas que por \u00e9l o ella mataron a los dem\u00e1s.<\/p>\n<p>Incluso ya se empieza a crear el rumor de que fue un crimen de odio contra la comunidad LGBT.<\/p>\n<p>Es verdad Veracruz se encuentra en el primer lugar nacional en cr\u00edmenes de odio por orientaci\u00f3n sexual e identidad de g\u00e9nero, seg\u00fan informaci\u00f3n proporcionada a medios por la Coalici\u00f3n Mexicana LGBTTI+, incluso el n\u00famero que se maneja es ocho asesinatos.<\/p>\n<p>Ser\u00eda triste pensar en que el caso de Minatitl\u00e1n sea un crimen de odio contra la comunidad LGBT, pero lo que s\u00ed es seguro es que s\u00ed es un crimen de odio.<\/p>\n<p>Tanto odio que no distingue entre hombres mujeres y ni\u00f1os.<\/p>\n<p>Insisto. Tenemos un pa\u00eds muy polarizado que todos los d\u00edas se acent\u00faa m\u00e1s, necesitamos inmediatamente que nuestras autoridades manden un mensaje de unidad, sin colores, sin partidos, sin clases sociales, sin distinci\u00f3n de g\u00e9neros. Urge como nunca restablecer un poco de paz y armon\u00eda en los mexicanos.<\/p>\n<p>&nbsp;<\/p>\n<p><a href=\"mailto:caballero_brenda@hotnail.com\">caballero_brenda@hotnail.com<\/a><\/p>\n<p>@NumerosRojos_BC<\/p>\n","protected":false},"excerpt":{"rendered":"<p>Brenda Caballero N\u00fameros Rojos \u201cSeremos amigos te amo y te amar\u00e9 toda la vida! Perd\u00f3name si no fui el mejor hermano dar\u00eda mi vida por ti! No lo creo, no puedo! Me har\u00edas tanta falta, mi beb\u00e9 el amor de mi vida! yo te vi crecer, llorar y re\u00edr y s\u00e9 que eso no volver\u00e1 [&hellip;]<\/p>\n","protected":false},"author":2,"featured_media":47882,"comment_status":"open","ping_status":"open","sticky":false,"template":"","format":"standard","meta":{"tdm_status":"","tdm_grid_status":"","footnotes":""},"categories":[70],"tags":[14520,14512,14515,14523,14517,14522,14527,14526,14513,14525,5605,14518,373,3132,14524,14519,14514],"class_list":{"0":"post-47881","1":"post","2":"type-post","3":"status-publish","4":"format-standard","5":"has-post-thumbnail","7":"category-de-opinion","8":"tag-cesar-hernandez-barrera","9":"tag-claudia-patricia-cabrera-ramos","10":"tag-felicitas-cabrera-gil","11":"tag-hebert-reyes-martinez","12":"tag-irma-barrera-alvarez","13":"tag-juan-rene-lopez-velazquez","14":"tag-julio-cesar-gonzalez-reyna","15":"tag-julio-cesar-vazquez-lopez","16":"tag-la-potra","17":"tag-leobardo-salinas-jimenez","18":"tag-lgbt","19":"tag-marcos-aurelio-davis-barrera","20":"tag-minatitlan","21":"tag-puebla","22":"tag-raul-palacios-vasconcelos","23":"tag-santiago","24":"tag-universidad-del-valle-de-mexico"},"yoast_head":"<!-- This site is optimized with the Yoast SEO plugin v27.4 - https:\/\/yoast.com\/product\/yoast-seo-wordpress\/ -->\n<title>Duele Mina - Los pol\u00edticos Veracruz<\/title>\n<meta name=\"robots\" content=\"index, follow, max-snippet:-1, max-image-preview:large, max-video-preview:-1\" \/>\n<link rel=\"canonical\" href=\"https:\/\/lospoliticosveracruz.com\/?p=47881\" \/>\n<meta property=\"og:locale\" content=\"es_ES\" \/>\n<meta property=\"og:type\" content=\"article\" \/>\n<meta property=\"og:title\" content=\"Duele Mina - Los pol\u00edticos Veracruz\" \/>\n<meta property=\"og:description\" content=\"Brenda Caballero N\u00fameros Rojos \u201cSeremos amigos te amo y te amar\u00e9 toda la vida! Perd\u00f3name si no fui el mejor hermano dar\u00eda mi vida por ti! No lo creo, no puedo! Me har\u00edas tanta falta, mi beb\u00e9 el amor de mi vida! yo te vi crecer, llorar y re\u00edr y s\u00e9 que eso no volver\u00e1 [&hellip;]\" \/>\n<meta property=\"og:url\" content=\"https:\/\/lospoliticosveracruz.com\/?p=47881\" \/>\n<meta property=\"og:site_name\" content=\"Los pol\u00edticos Veracruz\" \/>\n<meta property=\"article:publisher\" content=\"https:\/\/www.facebook.com\/people\/Notimemes-de-los-Polticos\/61565672886568\/\" \/>\n<meta property=\"article:published_time\" content=\"2019-04-22T12:09:56+00:00\" \/>\n<meta property=\"og:image\" content=\"https:\/\/lospoliticosveracruz.com\/wp-content\/uploads\/2019\/04\/Mina.jpg\" \/>\n\t<meta property=\"og:image:width\" content=\"640\" \/>\n\t<meta property=\"og:image:height\" content=\"360\" \/>\n\t<meta property=\"og:image:type\" content=\"image\/jpeg\" \/>\n<meta name=\"author\" content=\"Lo viste en Los Pol\u00edticos\" \/>\n<meta name=\"twitter:card\" content=\"summary_large_image\" \/>\n<meta name=\"twitter:creator\" content=\"@LosPoliticosVer\" \/>\n<meta name=\"twitter:site\" content=\"@LosPoliticosVer\" \/>\n<meta name=\"twitter:label1\" content=\"Escrito por\" \/>\n\t<meta name=\"twitter:data1\" content=\"Lo viste en Los Pol\u00edticos\" \/>\n\t<meta name=\"twitter:label2\" content=\"Tiempo de lectura\" \/>\n\t<meta name=\"twitter:data2\" content=\"3 minutos\" \/>\n<script type=\"application\/ld+json\" class=\"yoast-schema-graph\">{\"@context\":\"https:\\\/\\\/schema.org\",\"@graph\":[{\"@type\":\"Article\",\"@id\":\"https:\\\/\\\/lospoliticosveracruz.com\\\/?p=47881#article\",\"isPartOf\":{\"@id\":\"https:\\\/\\\/lospoliticosveracruz.com\\\/?p=47881\"},\"author\":{\"name\":\"Lo viste en Los Pol\u00edticos\",\"@id\":\"https:\\\/\\\/lospoliticosveracruz.com\\\/#\\\/schema\\\/person\\\/b8702bb0e538456e6efd07080bf2a4a2\"},\"headline\":\"Duele Mina\",\"datePublished\":\"2019-04-22T12:09:56+00:00\",\"mainEntityOfPage\":{\"@id\":\"https:\\\/\\\/lospoliticosveracruz.com\\\/?p=47881\"},\"wordCount\":681,\"commentCount\":0,\"publisher\":{\"@id\":\"https:\\\/\\\/lospoliticosveracruz.com\\\/#organization\"},\"image\":{\"@id\":\"https:\\\/\\\/lospoliticosveracruz.com\\\/?p=47881#primaryimage\"},\"thumbnailUrl\":\"https:\\\/\\\/lospoliticosveracruz.com\\\/wp-content\\\/uploads\\\/2019\\\/04\\\/Mina.jpg\",\"keywords\":[\"C\u00e9sar Hern\u00e1ndez Barrera\",\"Claudia Patricia Cabrera Ramos\",\"Felicitas Cabrera Gil\",\"Hebert Reyes Mart\u00ednez\",\"Irma Barrera \u00c1lvarez\",\"Juan Ren\u00e9 L\u00f3pez Vel\u00e1zquez\",\"Julio C\u00e9sar Gonz\u00e1lez Reyna\",\"Julio C\u00e9sar V\u00e1zquez L\u00f3pez\",\"La Potra\",\"Leobardo Salinas Jim\u00e9nez\",\"LGBT\",\"Marcos Aurelio Davis Barrera\",\"Minatitl\u00e1n\",\"Puebla\",\"Ra\u00fal Palacios Vasconcelos\",\"Santiago\",\"Universidad del Valle de M\u00e9xico\"],\"articleSection\":[\"De Opini\u00f3n\"],\"inLanguage\":\"es\",\"potentialAction\":[{\"@type\":\"CommentAction\",\"name\":\"Comment\",\"target\":[\"https:\\\/\\\/lospoliticosveracruz.com\\\/?p=47881#respond\"]}]},{\"@type\":\"WebPage\",\"@id\":\"https:\\\/\\\/lospoliticosveracruz.com\\\/?p=47881\",\"url\":\"https:\\\/\\\/lospoliticosveracruz.com\\\/?p=47881\",\"name\":\"Duele Mina - Los pol\u00edticos Veracruz\",\"isPartOf\":{\"@id\":\"https:\\\/\\\/lospoliticosveracruz.com\\\/#website\"},\"primaryImageOfPage\":{\"@id\":\"https:\\\/\\\/lospoliticosveracruz.com\\\/?p=47881#primaryimage\"},\"image\":{\"@id\":\"https:\\\/\\\/lospoliticosveracruz.com\\\/?p=47881#primaryimage\"},\"thumbnailUrl\":\"https:\\\/\\\/lospoliticosveracruz.com\\\/wp-content\\\/uploads\\\/2019\\\/04\\\/Mina.jpg\",\"datePublished\":\"2019-04-22T12:09:56+00:00\",\"breadcrumb\":{\"@id\":\"https:\\\/\\\/lospoliticosveracruz.com\\\/?p=47881#breadcrumb\"},\"inLanguage\":\"es\",\"potentialAction\":[{\"@type\":\"ReadAction\",\"target\":[\"https:\\\/\\\/lospoliticosveracruz.com\\\/?p=47881\"]}]},{\"@type\":\"ImageObject\",\"inLanguage\":\"es\",\"@id\":\"https:\\\/\\\/lospoliticosveracruz.com\\\/?p=47881#primaryimage\",\"url\":\"https:\\\/\\\/lospoliticosveracruz.com\\\/wp-content\\\/uploads\\\/2019\\\/04\\\/Mina.jpg\",\"contentUrl\":\"https:\\\/\\\/lospoliticosveracruz.com\\\/wp-content\\\/uploads\\\/2019\\\/04\\\/Mina.jpg\",\"width\":640,\"height\":360},{\"@type\":\"BreadcrumbList\",\"@id\":\"https:\\\/\\\/lospoliticosveracruz.com\\\/?p=47881#breadcrumb\",\"itemListElement\":[{\"@type\":\"ListItem\",\"position\":1,\"name\":\"Portada\",\"item\":\"https:\\\/\\\/lospoliticosveracruz.com\\\/\"},{\"@type\":\"ListItem\",\"position\":2,\"name\":\"Duele Mina\"}]},{\"@type\":\"WebSite\",\"@id\":\"https:\\\/\\\/lospoliticosveracruz.com\\\/#website\",\"url\":\"https:\\\/\\\/lospoliticosveracruz.com\\\/\",\"name\":\"Los pol\u00edticos Veracruz\",\"description\":\"\",\"publisher\":{\"@id\":\"https:\\\/\\\/lospoliticosveracruz.com\\\/#organization\"},\"potentialAction\":[{\"@type\":\"SearchAction\",\"target\":{\"@type\":\"EntryPoint\",\"urlTemplate\":\"https:\\\/\\\/lospoliticosveracruz.com\\\/?s={search_term_string}\"},\"query-input\":{\"@type\":\"PropertyValueSpecification\",\"valueRequired\":true,\"valueName\":\"search_term_string\"}}],\"inLanguage\":\"es\"},{\"@type\":\"Organization\",\"@id\":\"https:\\\/\\\/lospoliticosveracruz.com\\\/#organization\",\"name\":\"Los pol\u00edticos Veracruz\",\"url\":\"https:\\\/\\\/lospoliticosveracruz.com\\\/\",\"logo\":{\"@type\":\"ImageObject\",\"inLanguage\":\"es\",\"@id\":\"https:\\\/\\\/lospoliticosveracruz.com\\\/#\\\/schema\\\/logo\\\/image\\\/\",\"url\":\"https:\\\/\\\/lospoliticosveracruz.com\\\/wp-content\\\/uploads\\\/2025\\\/12\\\/Logo-Nuevo-LOS-POLITICOS-1.jpg\",\"contentUrl\":\"https:\\\/\\\/lospoliticosveracruz.com\\\/wp-content\\\/uploads\\\/2025\\\/12\\\/Logo-Nuevo-LOS-POLITICOS-1.jpg\",\"width\":260,\"height\":70,\"caption\":\"Los pol\u00edticos Veracruz\"},\"image\":{\"@id\":\"https:\\\/\\\/lospoliticosveracruz.com\\\/#\\\/schema\\\/logo\\\/image\\\/\"},\"sameAs\":[\"https:\\\/\\\/www.facebook.com\\\/people\\\/Notimemes-de-los-Polticos\\\/61565672886568\\\/\",\"https:\\\/\\\/x.com\\\/LosPoliticosVer\"]},{\"@type\":\"Person\",\"@id\":\"https:\\\/\\\/lospoliticosveracruz.com\\\/#\\\/schema\\\/person\\\/b8702bb0e538456e6efd07080bf2a4a2\",\"name\":\"Lo viste en Los Pol\u00edticos\",\"image\":{\"@type\":\"ImageObject\",\"inLanguage\":\"es\",\"@id\":\"https:\\\/\\\/secure.gravatar.com\\\/avatar\\\/3a8de04a2656d44082be478bd6c086daa447c4651605818287b9532d3d0bd435?s=96&d=mm&r=g\",\"url\":\"https:\\\/\\\/secure.gravatar.com\\\/avatar\\\/3a8de04a2656d44082be478bd6c086daa447c4651605818287b9532d3d0bd435?s=96&d=mm&r=g\",\"contentUrl\":\"https:\\\/\\\/secure.gravatar.com\\\/avatar\\\/3a8de04a2656d44082be478bd6c086daa447c4651605818287b9532d3d0bd435?s=96&d=mm&r=g\",\"caption\":\"Lo viste en Los Pol\u00edticos\"},\"url\":\"https:\\\/\\\/lospoliticosveracruz.com\\\/?author=2\"}]}<\/script>\n<!-- \/ Yoast SEO plugin. -->","yoast_head_json":{"title":"Duele Mina - Los pol\u00edticos Veracruz","robots":{"index":"index","follow":"follow","max-snippet":"max-snippet:-1","max-image-preview":"max-image-preview:large","max-video-preview":"max-video-preview:-1"},"canonical":"https:\/\/lospoliticosveracruz.com\/?p=47881","og_locale":"es_ES","og_type":"article","og_title":"Duele Mina - Los pol\u00edticos Veracruz","og_description":"Brenda Caballero N\u00fameros Rojos \u201cSeremos amigos te amo y te amar\u00e9 toda la vida! Perd\u00f3name si no fui el mejor hermano dar\u00eda mi vida por ti! No lo creo, no puedo! Me har\u00edas tanta falta, mi beb\u00e9 el amor de mi vida! yo te vi crecer, llorar y re\u00edr y s\u00e9 que eso no volver\u00e1 [&hellip;]","og_url":"https:\/\/lospoliticosveracruz.com\/?p=47881","og_site_name":"Los pol\u00edticos Veracruz","article_publisher":"https:\/\/www.facebook.com\/people\/Notimemes-de-los-Polticos\/61565672886568\/","article_published_time":"2019-04-22T12:09:56+00:00","og_image":[{"width":640,"height":360,"url":"https:\/\/lospoliticosveracruz.com\/wp-content\/uploads\/2019\/04\/Mina.jpg","type":"image\/jpeg"}],"author":"Lo viste en Los Pol\u00edticos","twitter_card":"summary_large_image","twitter_creator":"@LosPoliticosVer","twitter_site":"@LosPoliticosVer","twitter_misc":{"Escrito por":"Lo viste en Los Pol\u00edticos","Tiempo de lectura":"3 minutos"},"schema":{"@context":"https:\/\/schema.org","@graph":[{"@type":"Article","@id":"https:\/\/lospoliticosveracruz.com\/?p=47881#article","isPartOf":{"@id":"https:\/\/lospoliticosveracruz.com\/?p=47881"},"author":{"name":"Lo viste en Los Pol\u00edticos","@id":"https:\/\/lospoliticosveracruz.com\/#\/schema\/person\/b8702bb0e538456e6efd07080bf2a4a2"},"headline":"Duele Mina","datePublished":"2019-04-22T12:09:56+00:00","mainEntityOfPage":{"@id":"https:\/\/lospoliticosveracruz.com\/?p=47881"},"wordCount":681,"commentCount":0,"publisher":{"@id":"https:\/\/lospoliticosveracruz.com\/#organization"},"image":{"@id":"https:\/\/lospoliticosveracruz.com\/?p=47881#primaryimage"},"thumbnailUrl":"https:\/\/lospoliticosveracruz.com\/wp-content\/uploads\/2019\/04\/Mina.jpg","keywords":["C\u00e9sar Hern\u00e1ndez Barrera","Claudia Patricia Cabrera Ramos","Felicitas Cabrera Gil","Hebert Reyes Mart\u00ednez","Irma Barrera \u00c1lvarez","Juan Ren\u00e9 L\u00f3pez Vel\u00e1zquez","Julio C\u00e9sar Gonz\u00e1lez Reyna","Julio C\u00e9sar V\u00e1zquez L\u00f3pez","La Potra","Leobardo Salinas Jim\u00e9nez","LGBT","Marcos Aurelio Davis Barrera","Minatitl\u00e1n","Puebla","Ra\u00fal Palacios Vasconcelos","Santiago","Universidad del Valle de M\u00e9xico"],"articleSection":["De Opini\u00f3n"],"inLanguage":"es","potentialAction":[{"@type":"CommentAction","name":"Comment","target":["https:\/\/lospoliticosveracruz.com\/?p=47881#respond"]}]},{"@type":"WebPage","@id":"https:\/\/lospoliticosveracruz.com\/?p=47881","url":"https:\/\/lospoliticosveracruz.com\/?p=47881","name":"Duele Mina - Los pol\u00edticos Veracruz","isPartOf":{"@id":"https:\/\/lospoliticosveracruz.com\/#website"},"primaryImageOfPage":{"@id":"https:\/\/lospoliticosveracruz.com\/?p=47881#primaryimage"},"image":{"@id":"https:\/\/lospoliticosveracruz.com\/?p=47881#primaryimage"},"thumbnailUrl":"https:\/\/lospoliticosveracruz.com\/wp-content\/uploads\/2019\/04\/Mina.jpg","datePublished":"2019-04-22T12:09:56+00:00","breadcrumb":{"@id":"https:\/\/lospoliticosveracruz.com\/?p=47881#breadcrumb"},"inLanguage":"es","potentialAction":[{"@type":"ReadAction","target":["https:\/\/lospoliticosveracruz.com\/?p=47881"]}]},{"@type":"ImageObject","inLanguage":"es","@id":"https:\/\/lospoliticosveracruz.com\/?p=47881#primaryimage","url":"https:\/\/lospoliticosveracruz.com\/wp-content\/uploads\/2019\/04\/Mina.jpg","contentUrl":"https:\/\/lospoliticosveracruz.com\/wp-content\/uploads\/2019\/04\/Mina.jpg","width":640,"height":360},{"@type":"BreadcrumbList","@id":"https:\/\/lospoliticosveracruz.com\/?p=47881#breadcrumb","itemListElement":[{"@type":"ListItem","position":1,"name":"Portada","item":"https:\/\/lospoliticosveracruz.com\/"},{"@type":"ListItem","position":2,"name":"Duele Mina"}]},{"@type":"WebSite","@id":"https:\/\/lospoliticosveracruz.com\/#website","url":"https:\/\/lospoliticosveracruz.com\/","name":"Los pol\u00edticos Veracruz","description":"","publisher":{"@id":"https:\/\/lospoliticosveracruz.com\/#organization"},"potentialAction":[{"@type":"SearchAction","target":{"@type":"EntryPoint","urlTemplate":"https:\/\/lospoliticosveracruz.com\/?s={search_term_string}"},"query-input":{"@type":"PropertyValueSpecification","valueRequired":true,"valueName":"search_term_string"}}],"inLanguage":"es"},{"@type":"Organization","@id":"https:\/\/lospoliticosveracruz.com\/#organization","name":"Los pol\u00edticos Veracruz","url":"https:\/\/lospoliticosveracruz.com\/","logo":{"@type":"ImageObject","inLanguage":"es","@id":"https:\/\/lospoliticosveracruz.com\/#\/schema\/logo\/image\/","url":"https:\/\/lospoliticosveracruz.com\/wp-content\/uploads\/2025\/12\/Logo-Nuevo-LOS-POLITICOS-1.jpg","contentUrl":"https:\/\/lospoliticosveracruz.com\/wp-content\/uploads\/2025\/12\/Logo-Nuevo-LOS-POLITICOS-1.jpg","width":260,"height":70,"caption":"Los pol\u00edticos Veracruz"},"image":{"@id":"https:\/\/lospoliticosveracruz.com\/#\/schema\/logo\/image\/"},"sameAs":["https:\/\/www.facebook.com\/people\/Notimemes-de-los-Polticos\/61565672886568\/","https:\/\/x.com\/LosPoliticosVer"]},{"@type":"Person","@id":"https:\/\/lospoliticosveracruz.com\/#\/schema\/person\/b8702bb0e538456e6efd07080bf2a4a2","name":"Lo viste en Los Pol\u00edticos","image":{"@type":"ImageObject","inLanguage":"es","@id":"https:\/\/secure.gravatar.com\/avatar\/3a8de04a2656d44082be478bd6c086daa447c4651605818287b9532d3d0bd435?s=96&d=mm&r=g","url":"https:\/\/secure.gravatar.com\/avatar\/3a8de04a2656d44082be478bd6c086daa447c4651605818287b9532d3d0bd435?s=96&d=mm&r=g","contentUrl":"https:\/\/secure.gravatar.com\/avatar\/3a8de04a2656d44082be478bd6c086daa447c4651605818287b9532d3d0bd435?s=96&d=mm&r=g","caption":"Lo viste en Los Pol\u00edticos"},"url":"https:\/\/lospoliticosveracruz.com\/?author=2"}]}},"_links":{"self":[{"href":"https:\/\/lospoliticosveracruz.com\/index.php?rest_route=\/wp\/v2\/posts\/47881","targetHints":{"allow":["GET"]}}],"collection":[{"href":"https:\/\/lospoliticosveracruz.com\/index.php?rest_route=\/wp\/v2\/posts"}],"about":[{"href":"https:\/\/lospoliticosveracruz.com\/index.php?rest_route=\/wp\/v2\/types\/post"}],"author":[{"embeddable":true,"href":"https:\/\/lospoliticosveracruz.com\/index.php?rest_route=\/wp\/v2\/users\/2"}],"replies":[{"embeddable":true,"href":"https:\/\/lospoliticosveracruz.com\/index.php?rest_route=%2Fwp%2Fv2%2Fcomments&post=47881"}],"version-history":[{"count":1,"href":"https:\/\/lospoliticosveracruz.com\/index.php?rest_route=\/wp\/v2\/posts\/47881\/revisions"}],"predecessor-version":[{"id":47883,"href":"https:\/\/lospoliticosveracruz.com\/index.php?rest_route=\/wp\/v2\/posts\/47881\/revisions\/47883"}],"wp:featuredmedia":[{"embeddable":true,"href":"https:\/\/lospoliticosveracruz.com\/index.php?rest_route=\/wp\/v2\/media\/47882"}],"wp:attachment":[{"href":"https:\/\/lospoliticosveracruz.com\/index.php?rest_route=%2Fwp%2Fv2%2Fmedia&parent=47881"}],"wp:term":[{"taxonomy":"category","embeddable":true,"href":"https:\/\/lospoliticosveracruz.com\/index.php?rest_route=%2Fwp%2Fv2%2Fcategories&post=47881"},{"taxonomy":"post_tag","embeddable":true,"href":"https:\/\/lospoliticosveracruz.com\/index.php?rest_route=%2Fwp%2Fv2%2Ftags&post=47881"}],"curies":[{"name":"wp","href":"https:\/\/api.w.org\/{rel}","templated":true}]}}