{"id":47894,"date":"2019-04-22T22:55:49","date_gmt":"2019-04-23T03:55:49","guid":{"rendered":"http:\/\/www.lospoliticosveracruz.com.mx\/?p=47894"},"modified":"2019-04-22T21:16:04","modified_gmt":"2019-04-23T02:16:04","slug":"viva-cuitlahuac","status":"publish","type":"post","link":"https:\/\/lospoliticosveracruz.com\/?p=47894","title":{"rendered":"\u00a1Viva Cuitl\u00e1huac!"},"content":{"rendered":"<p><strong>Salvador Mu\u00f1oz<\/strong><\/p>\n<p><em>Los Pol\u00edticos<\/em><\/p>\n<p><span style=\"font-weight: 400;\">Para ellos, el Pejedente vino a lo que ten\u00eda que venir: darle por en\u00e9sima ocasi\u00f3n un espaldarazo a Cuitl\u00e1huac Garc\u00eda Jim\u00e9nez, reconocerle sus virtudes que as\u00ed como lo dijo, \u201ccomprometido con el pueblo, y sobre todo, honesto\u2026 incapaz de enga\u00f1ar, de llevar a cabo una acci\u00f3n perversa en contra de nadie\u2026 Cuitl\u00e1huac no es de malas entra\u00f1as\u2026 Cuitl\u00e1huac es honrado\u2026\u201d, podr\u00edamos decir que le falt\u00f3 decir algo: \u201c\u00a1Un mejor gobernador!\u201d y con eso, hubiera englobado todo, pero no lo dijo\u2026 esperen, a lo mejor el viernes.<\/span><\/p>\n<p><span style=\"font-weight: 400;\">Es evidente que algunos de esos atributos que le confiere el Pejedente a Cuic son baluartes importantes en el buen quehacer administrativo, pero en estos cuatro meses de gobierno, a gritos nos dice Garc\u00eda Jim\u00e9nez que no son suficientes, \u00bfpor qu\u00e9? Por algo muy simple:<\/span><\/p>\n<p><span style=\"font-weight: 400;\">Uno, como veracruzano, esperaba o\u00edr con el arribo del Pejedente, un mensaje de aliento, de fortaleza, de \u00e1nimo, as\u00ed como de consuelo y apoyo a estas familias que han perdido un ser querido, no s\u00f3lo en Minatitl\u00e1n, tambi\u00e9n en Tierra Blanca, Las Choapas, Coatzacoalcos, Xalapa, y cualesquier puntos del estado donde la violencia se ha hecho presente&#8230; pero no hubo tal. Lo m\u00e1s cercano que tuvo el Pejedente como mensaje para con los veracruzanos, fue la promesa de que en seis meses, s\u00ed, seis meses, no en dos a\u00f1os como se mantiene Cuitl\u00e1huac, mejorar\u00e1 la Seguridad en Veracruz, as\u00ed como en el resto del pa\u00eds\u2026 otra promesa\u2026 prometer hasta meter, y una vez metido, olvidar lo prometido. Sucede en Morena, en el PAN, en el PRI&#8230;<\/span><\/p>\n<p><span style=\"font-weight: 400;\">Se entender\u00eda todo el respaldo del Pejedente a Cuitl\u00e1huac bajo una simple tesis: que Garc\u00eda Jim\u00e9nez fuera capaz de transmitir ese apoyo que recibe de L\u00f3pez Obrador a los veracruzanos, pero lo que Natura non da\u2026<\/span><\/p>\n<p><span style=\"font-weight: 400;\">Cuando pregunto, hay morenos que me aseguran que si Cuitl\u00e1huac no asiste a eventos como el incendio en Las Vigas o al punto de la masacre en Minatitl\u00e1n, es porque no le gustar\u00eda sacar raja pol\u00edtica de una desgracia.<\/span><\/p>\n<p><span style=\"font-weight: 400;\">Estoy de acuerdo si es as\u00ed su posicionamiento, pero es seguro que si un veracruzano sufre una desgracia, como la acontecida en el Sur de Veracruz recientemente, la presencia de una figura como tal no deja de ser esa v\u00e1lvula de escape que quiz\u00e1s pueda ayudar a calmar el alma&#8230; o a agitarla\u2026 no se sabe, y por supuesto, Cuitl\u00e1huac al parecer, no est\u00e1 dispuesto a averiguarlo.<\/span><\/p>\n<p><span style=\"font-weight: 400;\">S\u00ed, y lo mismo que dijo AMLO de Garc\u00eda Jim\u00e9nez, otros morenos me lo han dicho\u2026 me hablan de su bondad, de su honestidad, de su \u201cbuena gente\u201d&#8230; pero no se perciben esos atributos en su mandato cuando los familiares de sus diputadas favoritas engrosan la n\u00f3mina del Gobierno, de cuando achacan al Fiscal abrir la caja de Pandora evadiendo responsabilidades y evitando coordinaci\u00f3n, de cuando en la frivolidad de sus mensajes dicen trabajar en operativos subiendo fotos de d\u00edas pasados, o hasta cuando el mismo secretario particular de poderoso funcionario mete a su novia a trabajar a una de las dependencias m\u00e1s cuestionadas (haga bien o mal) de cualquier administraci\u00f3n\u2026 bueno, hasta el mismo Cuitl\u00e1huac cuenta con parientes incrustados en su gobierno\u2026<\/span><\/p>\n<p><span style=\"font-weight: 400;\">El mensaje que esper\u00e1bamos del Pejedente no lleg\u00f3\u2026 y conste, no me refiero a esos #RenunciaCuitlahuac\u2026 tengo en claro que por disposici\u00f3n democr\u00e1tica, vamos a tener estos gobiernos, incluido el federal, por el tiempo que le fue conferido, pero si se les exige, es porque ellos mismos no s\u00f3lo generaron expectativas muy altas en el votante que confi\u00f3 su sufragio en el proyecto de Naci\u00f3n que pretenden, sino que a voz de cuello, lo firmaron, confirmaron y afirmaron\u2026<\/span><\/p>\n<p><span style=\"font-weight: 400;\">\u00bfQui\u00e9n es el responsable de la seguridad en Veracruz? El Gobernador.<\/span><\/p>\n<p><span style=\"font-weight: 400;\">\u00bfQui\u00e9n prometi\u00f3 que el segundo d\u00eda de su mandato todo iba a cambiar? L\u00f3pez Obrador.<\/span><\/p>\n<p><span style=\"font-weight: 400;\">Los videos de sus compromisos ah\u00ed est\u00e1n\u2026 por eso hay quienes les exigen; como igual de manera t\u00e1cita, silenciosa, se esperaba escuchar un pronunciamiento del Pejedente, duro, fuerte, claro, algo que los veracruzanos dijeran: \u201c\u00a1Mira! \u00a1Le est\u00e1 exigiendo resultados a su bodoque!\u201d, \u00a1con qu\u00e9 pinche gusto se hubiera aplaudido su perorata!, pero le sale el lado paternal que lejos de ayudar a Garc\u00eda Jim\u00e9nez, lo hunde en el \u00e1nimo ciudadano al grito de: \u201c\u00a1Viva Cuitl\u00e1huac!\u201d cuando todos los d\u00edas matan a veracruzanos.<\/span><\/p>\n<p>&nbsp;<\/p>\n<p><span style=\"font-weight: 400;\">smcainito@gmail.com<\/span><\/p>\n<p>&nbsp;<\/p>\n","protected":false},"excerpt":{"rendered":"<p>Salvador Mu\u00f1oz Los Pol\u00edticos Para ellos, el Pejedente vino a lo que ten\u00eda que venir: darle por en\u00e9sima ocasi\u00f3n un espaldarazo a Cuitl\u00e1huac Garc\u00eda Jim\u00e9nez, reconocerle sus virtudes que as\u00ed como lo dijo, \u201ccomprometido con el pueblo, y sobre todo, honesto\u2026 incapaz de enga\u00f1ar, de llevar a cabo una acci\u00f3n perversa en contra de nadie\u2026 [&hellip;]<\/p>\n","protected":false},"author":2,"featured_media":47895,"comment_status":"open","ping_status":"open","sticky":false,"template":"","format":"standard","meta":{"tdm_status":"","tdm_grid_status":"","footnotes":""},"categories":[70],"tags":[618,1563,3628,373,3198,195],"class_list":{"0":"post-47894","1":"post","2":"type-post","3":"status-publish","4":"format-standard","5":"has-post-thumbnail","7":"category-de-opinion","8":"tag-andres-manuel-lopez-obrador","9":"tag-cuitlahuac-garcia-jimenez","10":"tag-las-choapas","11":"tag-minatitlan","12":"tag-tierra-blanca","13":"tag-veracruz"},"yoast_head":"<!-- This site is optimized with the Yoast SEO plugin v27.4 - https:\/\/yoast.com\/product\/yoast-seo-wordpress\/ -->\n<title>\u00a1Viva Cuitl\u00e1huac! - Los pol\u00edticos Veracruz<\/title>\n<meta name=\"robots\" content=\"index, follow, max-snippet:-1, max-image-preview:large, max-video-preview:-1\" \/>\n<link rel=\"canonical\" href=\"https:\/\/lospoliticosveracruz.com\/?p=47894\" \/>\n<meta property=\"og:locale\" content=\"es_ES\" \/>\n<meta property=\"og:type\" content=\"article\" \/>\n<meta property=\"og:title\" content=\"\u00a1Viva Cuitl\u00e1huac! - Los pol\u00edticos Veracruz\" \/>\n<meta property=\"og:description\" content=\"Salvador Mu\u00f1oz Los Pol\u00edticos Para ellos, el Pejedente vino a lo que ten\u00eda que venir: darle por en\u00e9sima ocasi\u00f3n un espaldarazo a Cuitl\u00e1huac Garc\u00eda Jim\u00e9nez, reconocerle sus virtudes que as\u00ed como lo dijo, \u201ccomprometido con el pueblo, y sobre todo, honesto\u2026 incapaz de enga\u00f1ar, de llevar a cabo una acci\u00f3n perversa en contra de nadie\u2026 [&hellip;]\" \/>\n<meta property=\"og:url\" content=\"https:\/\/lospoliticosveracruz.com\/?p=47894\" \/>\n<meta property=\"og:site_name\" content=\"Los pol\u00edticos Veracruz\" \/>\n<meta property=\"article:publisher\" content=\"https:\/\/www.facebook.com\/people\/Notimemes-de-los-Polticos\/61565672886568\/\" \/>\n<meta property=\"article:published_time\" content=\"2019-04-23T03:55:49+00:00\" \/>\n<meta property=\"og:image\" content=\"https:\/\/lospoliticosveracruz.com\/wp-content\/uploads\/2019\/04\/Viva-Cuic.jpg\" \/>\n\t<meta property=\"og:image:width\" content=\"600\" \/>\n\t<meta property=\"og:image:height\" content=\"338\" \/>\n\t<meta property=\"og:image:type\" content=\"image\/jpeg\" \/>\n<meta name=\"author\" content=\"Lo viste en Los Pol\u00edticos\" \/>\n<meta name=\"twitter:card\" content=\"summary_large_image\" \/>\n<meta name=\"twitter:creator\" content=\"@LosPoliticosVer\" \/>\n<meta name=\"twitter:site\" content=\"@LosPoliticosVer\" \/>\n<meta name=\"twitter:label1\" content=\"Escrito por\" \/>\n\t<meta name=\"twitter:data1\" content=\"Lo viste en Los Pol\u00edticos\" \/>\n\t<meta name=\"twitter:label2\" content=\"Tiempo de lectura\" \/>\n\t<meta name=\"twitter:data2\" content=\"4 minutos\" \/>\n<script type=\"application\/ld+json\" class=\"yoast-schema-graph\">{\"@context\":\"https:\\\/\\\/schema.org\",\"@graph\":[{\"@type\":\"Article\",\"@id\":\"https:\\\/\\\/lospoliticosveracruz.com\\\/?p=47894#article\",\"isPartOf\":{\"@id\":\"https:\\\/\\\/lospoliticosveracruz.com\\\/?p=47894\"},\"author\":{\"name\":\"Lo viste en Los Pol\u00edticos\",\"@id\":\"https:\\\/\\\/lospoliticosveracruz.com\\\/#\\\/schema\\\/person\\\/b8702bb0e538456e6efd07080bf2a4a2\"},\"headline\":\"\u00a1Viva Cuitl\u00e1huac!\",\"datePublished\":\"2019-04-23T03:55:49+00:00\",\"mainEntityOfPage\":{\"@id\":\"https:\\\/\\\/lospoliticosveracruz.com\\\/?p=47894\"},\"wordCount\":779,\"commentCount\":0,\"publisher\":{\"@id\":\"https:\\\/\\\/lospoliticosveracruz.com\\\/#organization\"},\"image\":{\"@id\":\"https:\\\/\\\/lospoliticosveracruz.com\\\/?p=47894#primaryimage\"},\"thumbnailUrl\":\"https:\\\/\\\/lospoliticosveracruz.com\\\/wp-content\\\/uploads\\\/2019\\\/04\\\/Viva-Cuic.jpg\",\"keywords\":[\"Andr\u00e9s Manuel L\u00f3pez Obrador\",\"Cuitl\u00e1huac Garc\u00eda Jim\u00e9nez\",\"Las Choapas\",\"Minatitl\u00e1n\",\"Tierra Blanca\",\"Veracruz\"],\"articleSection\":[\"De Opini\u00f3n\"],\"inLanguage\":\"es\",\"potentialAction\":[{\"@type\":\"CommentAction\",\"name\":\"Comment\",\"target\":[\"https:\\\/\\\/lospoliticosveracruz.com\\\/?p=47894#respond\"]}]},{\"@type\":\"WebPage\",\"@id\":\"https:\\\/\\\/lospoliticosveracruz.com\\\/?p=47894\",\"url\":\"https:\\\/\\\/lospoliticosveracruz.com\\\/?p=47894\",\"name\":\"\u00a1Viva Cuitl\u00e1huac! - Los pol\u00edticos Veracruz\",\"isPartOf\":{\"@id\":\"https:\\\/\\\/lospoliticosveracruz.com\\\/#website\"},\"primaryImageOfPage\":{\"@id\":\"https:\\\/\\\/lospoliticosveracruz.com\\\/?p=47894#primaryimage\"},\"image\":{\"@id\":\"https:\\\/\\\/lospoliticosveracruz.com\\\/?p=47894#primaryimage\"},\"thumbnailUrl\":\"https:\\\/\\\/lospoliticosveracruz.com\\\/wp-content\\\/uploads\\\/2019\\\/04\\\/Viva-Cuic.jpg\",\"datePublished\":\"2019-04-23T03:55:49+00:00\",\"breadcrumb\":{\"@id\":\"https:\\\/\\\/lospoliticosveracruz.com\\\/?p=47894#breadcrumb\"},\"inLanguage\":\"es\",\"potentialAction\":[{\"@type\":\"ReadAction\",\"target\":[\"https:\\\/\\\/lospoliticosveracruz.com\\\/?p=47894\"]}]},{\"@type\":\"ImageObject\",\"inLanguage\":\"es\",\"@id\":\"https:\\\/\\\/lospoliticosveracruz.com\\\/?p=47894#primaryimage\",\"url\":\"https:\\\/\\\/lospoliticosveracruz.com\\\/wp-content\\\/uploads\\\/2019\\\/04\\\/Viva-Cuic.jpg\",\"contentUrl\":\"https:\\\/\\\/lospoliticosveracruz.com\\\/wp-content\\\/uploads\\\/2019\\\/04\\\/Viva-Cuic.jpg\",\"width\":600,\"height\":338},{\"@type\":\"BreadcrumbList\",\"@id\":\"https:\\\/\\\/lospoliticosveracruz.com\\\/?p=47894#breadcrumb\",\"itemListElement\":[{\"@type\":\"ListItem\",\"position\":1,\"name\":\"Portada\",\"item\":\"https:\\\/\\\/lospoliticosveracruz.com\\\/\"},{\"@type\":\"ListItem\",\"position\":2,\"name\":\"\u00a1Viva Cuitl\u00e1huac!\"}]},{\"@type\":\"WebSite\",\"@id\":\"https:\\\/\\\/lospoliticosveracruz.com\\\/#website\",\"url\":\"https:\\\/\\\/lospoliticosveracruz.com\\\/\",\"name\":\"Los pol\u00edticos Veracruz\",\"description\":\"\",\"publisher\":{\"@id\":\"https:\\\/\\\/lospoliticosveracruz.com\\\/#organization\"},\"potentialAction\":[{\"@type\":\"SearchAction\",\"target\":{\"@type\":\"EntryPoint\",\"urlTemplate\":\"https:\\\/\\\/lospoliticosveracruz.com\\\/?s={search_term_string}\"},\"query-input\":{\"@type\":\"PropertyValueSpecification\",\"valueRequired\":true,\"valueName\":\"search_term_string\"}}],\"inLanguage\":\"es\"},{\"@type\":\"Organization\",\"@id\":\"https:\\\/\\\/lospoliticosveracruz.com\\\/#organization\",\"name\":\"Los pol\u00edticos Veracruz\",\"url\":\"https:\\\/\\\/lospoliticosveracruz.com\\\/\",\"logo\":{\"@type\":\"ImageObject\",\"inLanguage\":\"es\",\"@id\":\"https:\\\/\\\/lospoliticosveracruz.com\\\/#\\\/schema\\\/logo\\\/image\\\/\",\"url\":\"https:\\\/\\\/lospoliticosveracruz.com\\\/wp-content\\\/uploads\\\/2025\\\/12\\\/Logo-Nuevo-LOS-POLITICOS-1.jpg\",\"contentUrl\":\"https:\\\/\\\/lospoliticosveracruz.com\\\/wp-content\\\/uploads\\\/2025\\\/12\\\/Logo-Nuevo-LOS-POLITICOS-1.jpg\",\"width\":260,\"height\":70,\"caption\":\"Los pol\u00edticos Veracruz\"},\"image\":{\"@id\":\"https:\\\/\\\/lospoliticosveracruz.com\\\/#\\\/schema\\\/logo\\\/image\\\/\"},\"sameAs\":[\"https:\\\/\\\/www.facebook.com\\\/people\\\/Notimemes-de-los-Polticos\\\/61565672886568\\\/\",\"https:\\\/\\\/x.com\\\/LosPoliticosVer\"]},{\"@type\":\"Person\",\"@id\":\"https:\\\/\\\/lospoliticosveracruz.com\\\/#\\\/schema\\\/person\\\/b8702bb0e538456e6efd07080bf2a4a2\",\"name\":\"Lo viste en Los Pol\u00edticos\",\"image\":{\"@type\":\"ImageObject\",\"inLanguage\":\"es\",\"@id\":\"https:\\\/\\\/secure.gravatar.com\\\/avatar\\\/3a8de04a2656d44082be478bd6c086daa447c4651605818287b9532d3d0bd435?s=96&d=mm&r=g\",\"url\":\"https:\\\/\\\/secure.gravatar.com\\\/avatar\\\/3a8de04a2656d44082be478bd6c086daa447c4651605818287b9532d3d0bd435?s=96&d=mm&r=g\",\"contentUrl\":\"https:\\\/\\\/secure.gravatar.com\\\/avatar\\\/3a8de04a2656d44082be478bd6c086daa447c4651605818287b9532d3d0bd435?s=96&d=mm&r=g\",\"caption\":\"Lo viste en Los Pol\u00edticos\"},\"url\":\"https:\\\/\\\/lospoliticosveracruz.com\\\/?author=2\"}]}<\/script>\n<!-- \/ Yoast SEO plugin. -->","yoast_head_json":{"title":"\u00a1Viva Cuitl\u00e1huac! - Los pol\u00edticos Veracruz","robots":{"index":"index","follow":"follow","max-snippet":"max-snippet:-1","max-image-preview":"max-image-preview:large","max-video-preview":"max-video-preview:-1"},"canonical":"https:\/\/lospoliticosveracruz.com\/?p=47894","og_locale":"es_ES","og_type":"article","og_title":"\u00a1Viva Cuitl\u00e1huac! - Los pol\u00edticos Veracruz","og_description":"Salvador Mu\u00f1oz Los Pol\u00edticos Para ellos, el Pejedente vino a lo que ten\u00eda que venir: darle por en\u00e9sima ocasi\u00f3n un espaldarazo a Cuitl\u00e1huac Garc\u00eda Jim\u00e9nez, reconocerle sus virtudes que as\u00ed como lo dijo, \u201ccomprometido con el pueblo, y sobre todo, honesto\u2026 incapaz de enga\u00f1ar, de llevar a cabo una acci\u00f3n perversa en contra de nadie\u2026 [&hellip;]","og_url":"https:\/\/lospoliticosveracruz.com\/?p=47894","og_site_name":"Los pol\u00edticos Veracruz","article_publisher":"https:\/\/www.facebook.com\/people\/Notimemes-de-los-Polticos\/61565672886568\/","article_published_time":"2019-04-23T03:55:49+00:00","og_image":[{"width":600,"height":338,"url":"https:\/\/lospoliticosveracruz.com\/wp-content\/uploads\/2019\/04\/Viva-Cuic.jpg","type":"image\/jpeg"}],"author":"Lo viste en Los Pol\u00edticos","twitter_card":"summary_large_image","twitter_creator":"@LosPoliticosVer","twitter_site":"@LosPoliticosVer","twitter_misc":{"Escrito por":"Lo viste en Los Pol\u00edticos","Tiempo de lectura":"4 minutos"},"schema":{"@context":"https:\/\/schema.org","@graph":[{"@type":"Article","@id":"https:\/\/lospoliticosveracruz.com\/?p=47894#article","isPartOf":{"@id":"https:\/\/lospoliticosveracruz.com\/?p=47894"},"author":{"name":"Lo viste en Los Pol\u00edticos","@id":"https:\/\/lospoliticosveracruz.com\/#\/schema\/person\/b8702bb0e538456e6efd07080bf2a4a2"},"headline":"\u00a1Viva Cuitl\u00e1huac!","datePublished":"2019-04-23T03:55:49+00:00","mainEntityOfPage":{"@id":"https:\/\/lospoliticosveracruz.com\/?p=47894"},"wordCount":779,"commentCount":0,"publisher":{"@id":"https:\/\/lospoliticosveracruz.com\/#organization"},"image":{"@id":"https:\/\/lospoliticosveracruz.com\/?p=47894#primaryimage"},"thumbnailUrl":"https:\/\/lospoliticosveracruz.com\/wp-content\/uploads\/2019\/04\/Viva-Cuic.jpg","keywords":["Andr\u00e9s Manuel L\u00f3pez Obrador","Cuitl\u00e1huac Garc\u00eda Jim\u00e9nez","Las Choapas","Minatitl\u00e1n","Tierra Blanca","Veracruz"],"articleSection":["De Opini\u00f3n"],"inLanguage":"es","potentialAction":[{"@type":"CommentAction","name":"Comment","target":["https:\/\/lospoliticosveracruz.com\/?p=47894#respond"]}]},{"@type":"WebPage","@id":"https:\/\/lospoliticosveracruz.com\/?p=47894","url":"https:\/\/lospoliticosveracruz.com\/?p=47894","name":"\u00a1Viva Cuitl\u00e1huac! - Los pol\u00edticos Veracruz","isPartOf":{"@id":"https:\/\/lospoliticosveracruz.com\/#website"},"primaryImageOfPage":{"@id":"https:\/\/lospoliticosveracruz.com\/?p=47894#primaryimage"},"image":{"@id":"https:\/\/lospoliticosveracruz.com\/?p=47894#primaryimage"},"thumbnailUrl":"https:\/\/lospoliticosveracruz.com\/wp-content\/uploads\/2019\/04\/Viva-Cuic.jpg","datePublished":"2019-04-23T03:55:49+00:00","breadcrumb":{"@id":"https:\/\/lospoliticosveracruz.com\/?p=47894#breadcrumb"},"inLanguage":"es","potentialAction":[{"@type":"ReadAction","target":["https:\/\/lospoliticosveracruz.com\/?p=47894"]}]},{"@type":"ImageObject","inLanguage":"es","@id":"https:\/\/lospoliticosveracruz.com\/?p=47894#primaryimage","url":"https:\/\/lospoliticosveracruz.com\/wp-content\/uploads\/2019\/04\/Viva-Cuic.jpg","contentUrl":"https:\/\/lospoliticosveracruz.com\/wp-content\/uploads\/2019\/04\/Viva-Cuic.jpg","width":600,"height":338},{"@type":"BreadcrumbList","@id":"https:\/\/lospoliticosveracruz.com\/?p=47894#breadcrumb","itemListElement":[{"@type":"ListItem","position":1,"name":"Portada","item":"https:\/\/lospoliticosveracruz.com\/"},{"@type":"ListItem","position":2,"name":"\u00a1Viva Cuitl\u00e1huac!"}]},{"@type":"WebSite","@id":"https:\/\/lospoliticosveracruz.com\/#website","url":"https:\/\/lospoliticosveracruz.com\/","name":"Los pol\u00edticos Veracruz","description":"","publisher":{"@id":"https:\/\/lospoliticosveracruz.com\/#organization"},"potentialAction":[{"@type":"SearchAction","target":{"@type":"EntryPoint","urlTemplate":"https:\/\/lospoliticosveracruz.com\/?s={search_term_string}"},"query-input":{"@type":"PropertyValueSpecification","valueRequired":true,"valueName":"search_term_string"}}],"inLanguage":"es"},{"@type":"Organization","@id":"https:\/\/lospoliticosveracruz.com\/#organization","name":"Los pol\u00edticos Veracruz","url":"https:\/\/lospoliticosveracruz.com\/","logo":{"@type":"ImageObject","inLanguage":"es","@id":"https:\/\/lospoliticosveracruz.com\/#\/schema\/logo\/image\/","url":"https:\/\/lospoliticosveracruz.com\/wp-content\/uploads\/2025\/12\/Logo-Nuevo-LOS-POLITICOS-1.jpg","contentUrl":"https:\/\/lospoliticosveracruz.com\/wp-content\/uploads\/2025\/12\/Logo-Nuevo-LOS-POLITICOS-1.jpg","width":260,"height":70,"caption":"Los pol\u00edticos Veracruz"},"image":{"@id":"https:\/\/lospoliticosveracruz.com\/#\/schema\/logo\/image\/"},"sameAs":["https:\/\/www.facebook.com\/people\/Notimemes-de-los-Polticos\/61565672886568\/","https:\/\/x.com\/LosPoliticosVer"]},{"@type":"Person","@id":"https:\/\/lospoliticosveracruz.com\/#\/schema\/person\/b8702bb0e538456e6efd07080bf2a4a2","name":"Lo viste en Los Pol\u00edticos","image":{"@type":"ImageObject","inLanguage":"es","@id":"https:\/\/secure.gravatar.com\/avatar\/3a8de04a2656d44082be478bd6c086daa447c4651605818287b9532d3d0bd435?s=96&d=mm&r=g","url":"https:\/\/secure.gravatar.com\/avatar\/3a8de04a2656d44082be478bd6c086daa447c4651605818287b9532d3d0bd435?s=96&d=mm&r=g","contentUrl":"https:\/\/secure.gravatar.com\/avatar\/3a8de04a2656d44082be478bd6c086daa447c4651605818287b9532d3d0bd435?s=96&d=mm&r=g","caption":"Lo viste en Los Pol\u00edticos"},"url":"https:\/\/lospoliticosveracruz.com\/?author=2"}]}},"_links":{"self":[{"href":"https:\/\/lospoliticosveracruz.com\/index.php?rest_route=\/wp\/v2\/posts\/47894","targetHints":{"allow":["GET"]}}],"collection":[{"href":"https:\/\/lospoliticosveracruz.com\/index.php?rest_route=\/wp\/v2\/posts"}],"about":[{"href":"https:\/\/lospoliticosveracruz.com\/index.php?rest_route=\/wp\/v2\/types\/post"}],"author":[{"embeddable":true,"href":"https:\/\/lospoliticosveracruz.com\/index.php?rest_route=\/wp\/v2\/users\/2"}],"replies":[{"embeddable":true,"href":"https:\/\/lospoliticosveracruz.com\/index.php?rest_route=%2Fwp%2Fv2%2Fcomments&post=47894"}],"version-history":[{"count":1,"href":"https:\/\/lospoliticosveracruz.com\/index.php?rest_route=\/wp\/v2\/posts\/47894\/revisions"}],"predecessor-version":[{"id":47896,"href":"https:\/\/lospoliticosveracruz.com\/index.php?rest_route=\/wp\/v2\/posts\/47894\/revisions\/47896"}],"wp:featuredmedia":[{"embeddable":true,"href":"https:\/\/lospoliticosveracruz.com\/index.php?rest_route=\/wp\/v2\/media\/47895"}],"wp:attachment":[{"href":"https:\/\/lospoliticosveracruz.com\/index.php?rest_route=%2Fwp%2Fv2%2Fmedia&parent=47894"}],"wp:term":[{"taxonomy":"category","embeddable":true,"href":"https:\/\/lospoliticosveracruz.com\/index.php?rest_route=%2Fwp%2Fv2%2Fcategories&post=47894"},{"taxonomy":"post_tag","embeddable":true,"href":"https:\/\/lospoliticosveracruz.com\/index.php?rest_route=%2Fwp%2Fv2%2Ftags&post=47894"}],"curies":[{"name":"wp","href":"https:\/\/api.w.org\/{rel}","templated":true}]}}