{"id":47898,"date":"2019-04-23T09:38:12","date_gmt":"2019-04-23T14:38:12","guid":{"rendered":"http:\/\/www.lospoliticosveracruz.com.mx\/?p=47898"},"modified":"2019-04-23T09:38:12","modified_gmt":"2019-04-23T14:38:12","slug":"margarita-luna-ramos-recibe-doctorado-honoris-causa-por-la-ux","status":"publish","type":"post","link":"https:\/\/lospoliticosveracruz.com\/?p=47898","title":{"rendered":"Margarita Luna Ramos recibe Doctorado Honoris Causa por la\u00a0UX"},"content":{"rendered":"<p class=\"Predeterminado\">Este lunes 22 de abril de 2019, fue condecorada con el Doctorado Honoris Causa la ministra en retiro, Doctora Margarita Beatriz Luna Ramos.<\/p>\n<p class=\"Predeterminado\"><span lang=\"IT\">La distinci<\/span>\u00f3<span lang=\"ES-TRAD\">n fue otorgada por las m<\/span>\u00e1<span lang=\"ES-TRAD\">ximas autoridades de la Universidad de Xalapa, el Rector Carlos Garc<\/span>\u00eda M\u00e9<span lang=\"ES-TRAD\">ndez, la Rectora Em<\/span>\u00e9<span lang=\"ES-TRAD\">rita, Isabel Soberano de la Cruz, el Vicerrector, Erik Garc<\/span>\u00ed<span lang=\"ES-TRAD\">a Herrera, y el Magister Laudi, Carlos Garc<\/span>\u00ed<span lang=\"ES-TRAD\">a Herrera; quienes se hicieron acompa\u00f1ar por el claustro acad<\/span>\u00e9<span lang=\"ES-TRAD\">mico de esta m<\/span>\u00e1<span lang=\"ES-TRAD\">xima casa de estudios, conformado por Susana Sarur Zanatta, H<\/span>\u00e9<span lang=\"ES-TRAD\">ctor Pedro Montes de Oca, Sergio Hern<\/span>\u00e1ndez M\u00e9<span lang=\"FR\">ndez, Roc<\/span>\u00ed<span lang=\"DE\">o Tlexothtli Rodr<\/span>\u00edguez Garc\u00ed<span lang=\"ES-TRAD\">a, Rafael D<\/span>\u00ed<span lang=\"ES-TRAD\">az Sobac y Sergio Amante Haddad.<\/span><\/p>\n<p class=\"Predeterminado\"><span lang=\"ES-TRAD\">Con base en su esfuerzo, trayectoria, dedicaci<\/span>\u00f3<span lang=\"ES-TRAD\">n, entrega y su noble labor al frente de la impartici<\/span>\u00f3<span lang=\"ES-TRAD\">n de justicia en M<\/span>\u00e9<span lang=\"ES-TRAD\">xico, Margarita Luna Ramos se ha convertido en una de las mujeres m<\/span>\u00e1<span lang=\"ES-TRAD\">s destacadas de la naci<\/span>\u00f3<span lang=\"PT\">n, marcando as<\/span>\u00ed<span lang=\"IT\">, una <\/span>\u00e9<span lang=\"ES-TRAD\">poca de surgimiento, trascendencia y posicionamiento de los derechos humanos, la igualdad y la no discriminaci<\/span>\u00f3n.<\/p>\n","protected":false},"excerpt":{"rendered":"<p>Este lunes 22 de abril de 2019, fue condecorada con el Doctorado Honoris Causa la ministra en retiro, Doctora Margarita Beatriz Luna Ramos. La distinci\u00f3n fue otorgada por las m\u00e1ximas autoridades de la Universidad de Xalapa, el Rector Carlos Garc\u00eda M\u00e9ndez, la Rectora Em\u00e9rita, Isabel Soberano de la Cruz, el Vicerrector, Erik Garc\u00eda Herrera, y [&hellip;]<\/p>\n","protected":false},"author":2,"featured_media":47899,"comment_status":"open","ping_status":"open","sticky":false,"template":"","format":"standard","meta":{"tdm_status":"","tdm_grid_status":"","footnotes":""},"categories":[73],"tags":[7808,14536,8504,14537,7735],"class_list":{"0":"post-47898","1":"post","2":"type-post","3":"status-publish","4":"format-standard","5":"has-post-thumbnail","7":"category-de-boleto","8":"tag-carlos-garcia-mendez","9":"tag-doctorado-honoris-causa","10":"tag-isabel-soberano-de-la-cruz","11":"tag-margarita-beatriz-luna-ramos","12":"tag-universidad-de-xalapa"},"yoast_head":"<!-- This site is optimized with the Yoast SEO plugin v27.4 - https:\/\/yoast.com\/product\/yoast-seo-wordpress\/ -->\n<title>Margarita Luna Ramos recibe Doctorado Honoris Causa por la\u00a0UX - Los pol\u00edticos Veracruz<\/title>\n<meta name=\"robots\" content=\"index, follow, max-snippet:-1, max-image-preview:large, max-video-preview:-1\" \/>\n<link rel=\"canonical\" href=\"https:\/\/lospoliticosveracruz.com\/?p=47898\" \/>\n<meta property=\"og:locale\" content=\"es_ES\" \/>\n<meta property=\"og:type\" content=\"article\" \/>\n<meta property=\"og:title\" content=\"Margarita Luna Ramos recibe Doctorado Honoris Causa por la\u00a0UX - Los pol\u00edticos Veracruz\" \/>\n<meta property=\"og:description\" content=\"Este lunes 22 de abril de 2019, fue condecorada con el Doctorado Honoris Causa la ministra en retiro, Doctora Margarita Beatriz Luna Ramos. La distinci\u00f3n fue otorgada por las m\u00e1ximas autoridades de la Universidad de Xalapa, el Rector Carlos Garc\u00eda M\u00e9ndez, la Rectora Em\u00e9rita, Isabel Soberano de la Cruz, el Vicerrector, Erik Garc\u00eda Herrera, y [&hellip;]\" \/>\n<meta property=\"og:url\" content=\"https:\/\/lospoliticosveracruz.com\/?p=47898\" \/>\n<meta property=\"og:site_name\" content=\"Los pol\u00edticos Veracruz\" \/>\n<meta property=\"article:publisher\" content=\"https:\/\/www.facebook.com\/people\/Notimemes-de-los-Polticos\/61565672886568\/\" \/>\n<meta property=\"article:published_time\" content=\"2019-04-23T14:38:12+00:00\" \/>\n<meta property=\"og:image\" content=\"https:\/\/lospoliticosveracruz.com\/wp-content\/uploads\/2019\/04\/Margarita.jpeg\" \/>\n\t<meta property=\"og:image:width\" content=\"600\" \/>\n\t<meta property=\"og:image:height\" content=\"400\" \/>\n\t<meta property=\"og:image:type\" content=\"image\/jpeg\" \/>\n<meta name=\"author\" content=\"Lo viste en Los Pol\u00edticos\" \/>\n<meta name=\"twitter:card\" content=\"summary_large_image\" \/>\n<meta name=\"twitter:creator\" content=\"@LosPoliticosVer\" \/>\n<meta name=\"twitter:site\" content=\"@LosPoliticosVer\" \/>\n<meta name=\"twitter:label1\" content=\"Escrito por\" \/>\n\t<meta name=\"twitter:data1\" content=\"Lo viste en Los Pol\u00edticos\" \/>\n\t<meta name=\"twitter:label2\" content=\"Tiempo de lectura\" \/>\n\t<meta name=\"twitter:data2\" content=\"1 minuto\" \/>\n<script type=\"application\/ld+json\" class=\"yoast-schema-graph\">{\"@context\":\"https:\\\/\\\/schema.org\",\"@graph\":[{\"@type\":\"Article\",\"@id\":\"https:\\\/\\\/lospoliticosveracruz.com\\\/?p=47898#article\",\"isPartOf\":{\"@id\":\"https:\\\/\\\/lospoliticosveracruz.com\\\/?p=47898\"},\"author\":{\"name\":\"Lo viste en Los Pol\u00edticos\",\"@id\":\"https:\\\/\\\/lospoliticosveracruz.com\\\/#\\\/schema\\\/person\\\/b8702bb0e538456e6efd07080bf2a4a2\"},\"headline\":\"Margarita Luna Ramos recibe Doctorado Honoris Causa por la\u00a0UX\",\"datePublished\":\"2019-04-23T14:38:12+00:00\",\"mainEntityOfPage\":{\"@id\":\"https:\\\/\\\/lospoliticosveracruz.com\\\/?p=47898\"},\"wordCount\":186,\"commentCount\":0,\"publisher\":{\"@id\":\"https:\\\/\\\/lospoliticosveracruz.com\\\/#organization\"},\"image\":{\"@id\":\"https:\\\/\\\/lospoliticosveracruz.com\\\/?p=47898#primaryimage\"},\"thumbnailUrl\":\"https:\\\/\\\/lospoliticosveracruz.com\\\/wp-content\\\/uploads\\\/2019\\\/04\\\/Margarita.jpeg\",\"keywords\":[\"Carlos Garc\u00eda M\u00e9ndez\",\"Doctorado Honoris Causa\",\"Isabel Soberano de la Cruz\",\"Margarita Beatriz Luna Ramos\",\"Universidad de Xalapa\"],\"articleSection\":[\"De Boleto\"],\"inLanguage\":\"es\",\"potentialAction\":[{\"@type\":\"CommentAction\",\"name\":\"Comment\",\"target\":[\"https:\\\/\\\/lospoliticosveracruz.com\\\/?p=47898#respond\"]}]},{\"@type\":\"WebPage\",\"@id\":\"https:\\\/\\\/lospoliticosveracruz.com\\\/?p=47898\",\"url\":\"https:\\\/\\\/lospoliticosveracruz.com\\\/?p=47898\",\"name\":\"Margarita Luna Ramos recibe Doctorado Honoris Causa por la\u00a0UX - Los pol\u00edticos Veracruz\",\"isPartOf\":{\"@id\":\"https:\\\/\\\/lospoliticosveracruz.com\\\/#website\"},\"primaryImageOfPage\":{\"@id\":\"https:\\\/\\\/lospoliticosveracruz.com\\\/?p=47898#primaryimage\"},\"image\":{\"@id\":\"https:\\\/\\\/lospoliticosveracruz.com\\\/?p=47898#primaryimage\"},\"thumbnailUrl\":\"https:\\\/\\\/lospoliticosveracruz.com\\\/wp-content\\\/uploads\\\/2019\\\/04\\\/Margarita.jpeg\",\"datePublished\":\"2019-04-23T14:38:12+00:00\",\"breadcrumb\":{\"@id\":\"https:\\\/\\\/lospoliticosveracruz.com\\\/?p=47898#breadcrumb\"},\"inLanguage\":\"es\",\"potentialAction\":[{\"@type\":\"ReadAction\",\"target\":[\"https:\\\/\\\/lospoliticosveracruz.com\\\/?p=47898\"]}]},{\"@type\":\"ImageObject\",\"inLanguage\":\"es\",\"@id\":\"https:\\\/\\\/lospoliticosveracruz.com\\\/?p=47898#primaryimage\",\"url\":\"https:\\\/\\\/lospoliticosveracruz.com\\\/wp-content\\\/uploads\\\/2019\\\/04\\\/Margarita.jpeg\",\"contentUrl\":\"https:\\\/\\\/lospoliticosveracruz.com\\\/wp-content\\\/uploads\\\/2019\\\/04\\\/Margarita.jpeg\",\"width\":600,\"height\":400},{\"@type\":\"BreadcrumbList\",\"@id\":\"https:\\\/\\\/lospoliticosveracruz.com\\\/?p=47898#breadcrumb\",\"itemListElement\":[{\"@type\":\"ListItem\",\"position\":1,\"name\":\"Portada\",\"item\":\"https:\\\/\\\/lospoliticosveracruz.com\\\/\"},{\"@type\":\"ListItem\",\"position\":2,\"name\":\"Margarita Luna Ramos recibe Doctorado Honoris Causa por la\u00a0UX\"}]},{\"@type\":\"WebSite\",\"@id\":\"https:\\\/\\\/lospoliticosveracruz.com\\\/#website\",\"url\":\"https:\\\/\\\/lospoliticosveracruz.com\\\/\",\"name\":\"Los pol\u00edticos Veracruz\",\"description\":\"\",\"publisher\":{\"@id\":\"https:\\\/\\\/lospoliticosveracruz.com\\\/#organization\"},\"potentialAction\":[{\"@type\":\"SearchAction\",\"target\":{\"@type\":\"EntryPoint\",\"urlTemplate\":\"https:\\\/\\\/lospoliticosveracruz.com\\\/?s={search_term_string}\"},\"query-input\":{\"@type\":\"PropertyValueSpecification\",\"valueRequired\":true,\"valueName\":\"search_term_string\"}}],\"inLanguage\":\"es\"},{\"@type\":\"Organization\",\"@id\":\"https:\\\/\\\/lospoliticosveracruz.com\\\/#organization\",\"name\":\"Los pol\u00edticos Veracruz\",\"url\":\"https:\\\/\\\/lospoliticosveracruz.com\\\/\",\"logo\":{\"@type\":\"ImageObject\",\"inLanguage\":\"es\",\"@id\":\"https:\\\/\\\/lospoliticosveracruz.com\\\/#\\\/schema\\\/logo\\\/image\\\/\",\"url\":\"https:\\\/\\\/lospoliticosveracruz.com\\\/wp-content\\\/uploads\\\/2025\\\/12\\\/Logo-Nuevo-LOS-POLITICOS-1.jpg\",\"contentUrl\":\"https:\\\/\\\/lospoliticosveracruz.com\\\/wp-content\\\/uploads\\\/2025\\\/12\\\/Logo-Nuevo-LOS-POLITICOS-1.jpg\",\"width\":260,\"height\":70,\"caption\":\"Los pol\u00edticos Veracruz\"},\"image\":{\"@id\":\"https:\\\/\\\/lospoliticosveracruz.com\\\/#\\\/schema\\\/logo\\\/image\\\/\"},\"sameAs\":[\"https:\\\/\\\/www.facebook.com\\\/people\\\/Notimemes-de-los-Polticos\\\/61565672886568\\\/\",\"https:\\\/\\\/x.com\\\/LosPoliticosVer\"]},{\"@type\":\"Person\",\"@id\":\"https:\\\/\\\/lospoliticosveracruz.com\\\/#\\\/schema\\\/person\\\/b8702bb0e538456e6efd07080bf2a4a2\",\"name\":\"Lo viste en Los Pol\u00edticos\",\"image\":{\"@type\":\"ImageObject\",\"inLanguage\":\"es\",\"@id\":\"https:\\\/\\\/secure.gravatar.com\\\/avatar\\\/3a8de04a2656d44082be478bd6c086daa447c4651605818287b9532d3d0bd435?s=96&d=mm&r=g\",\"url\":\"https:\\\/\\\/secure.gravatar.com\\\/avatar\\\/3a8de04a2656d44082be478bd6c086daa447c4651605818287b9532d3d0bd435?s=96&d=mm&r=g\",\"contentUrl\":\"https:\\\/\\\/secure.gravatar.com\\\/avatar\\\/3a8de04a2656d44082be478bd6c086daa447c4651605818287b9532d3d0bd435?s=96&d=mm&r=g\",\"caption\":\"Lo viste en Los Pol\u00edticos\"},\"url\":\"https:\\\/\\\/lospoliticosveracruz.com\\\/?author=2\"}]}<\/script>\n<!-- \/ Yoast SEO plugin. -->","yoast_head_json":{"title":"Margarita Luna Ramos recibe Doctorado Honoris Causa por la\u00a0UX - Los pol\u00edticos Veracruz","robots":{"index":"index","follow":"follow","max-snippet":"max-snippet:-1","max-image-preview":"max-image-preview:large","max-video-preview":"max-video-preview:-1"},"canonical":"https:\/\/lospoliticosveracruz.com\/?p=47898","og_locale":"es_ES","og_type":"article","og_title":"Margarita Luna Ramos recibe Doctorado Honoris Causa por la\u00a0UX - Los pol\u00edticos Veracruz","og_description":"Este lunes 22 de abril de 2019, fue condecorada con el Doctorado Honoris Causa la ministra en retiro, Doctora Margarita Beatriz Luna Ramos. La distinci\u00f3n fue otorgada por las m\u00e1ximas autoridades de la Universidad de Xalapa, el Rector Carlos Garc\u00eda M\u00e9ndez, la Rectora Em\u00e9rita, Isabel Soberano de la Cruz, el Vicerrector, Erik Garc\u00eda Herrera, y [&hellip;]","og_url":"https:\/\/lospoliticosveracruz.com\/?p=47898","og_site_name":"Los pol\u00edticos Veracruz","article_publisher":"https:\/\/www.facebook.com\/people\/Notimemes-de-los-Polticos\/61565672886568\/","article_published_time":"2019-04-23T14:38:12+00:00","og_image":[{"width":600,"height":400,"url":"https:\/\/lospoliticosveracruz.com\/wp-content\/uploads\/2019\/04\/Margarita.jpeg","type":"image\/jpeg"}],"author":"Lo viste en Los Pol\u00edticos","twitter_card":"summary_large_image","twitter_creator":"@LosPoliticosVer","twitter_site":"@LosPoliticosVer","twitter_misc":{"Escrito por":"Lo viste en Los Pol\u00edticos","Tiempo de lectura":"1 minuto"},"schema":{"@context":"https:\/\/schema.org","@graph":[{"@type":"Article","@id":"https:\/\/lospoliticosveracruz.com\/?p=47898#article","isPartOf":{"@id":"https:\/\/lospoliticosveracruz.com\/?p=47898"},"author":{"name":"Lo viste en Los Pol\u00edticos","@id":"https:\/\/lospoliticosveracruz.com\/#\/schema\/person\/b8702bb0e538456e6efd07080bf2a4a2"},"headline":"Margarita Luna Ramos recibe Doctorado Honoris Causa por la\u00a0UX","datePublished":"2019-04-23T14:38:12+00:00","mainEntityOfPage":{"@id":"https:\/\/lospoliticosveracruz.com\/?p=47898"},"wordCount":186,"commentCount":0,"publisher":{"@id":"https:\/\/lospoliticosveracruz.com\/#organization"},"image":{"@id":"https:\/\/lospoliticosveracruz.com\/?p=47898#primaryimage"},"thumbnailUrl":"https:\/\/lospoliticosveracruz.com\/wp-content\/uploads\/2019\/04\/Margarita.jpeg","keywords":["Carlos Garc\u00eda M\u00e9ndez","Doctorado Honoris Causa","Isabel Soberano de la Cruz","Margarita Beatriz Luna Ramos","Universidad de Xalapa"],"articleSection":["De Boleto"],"inLanguage":"es","potentialAction":[{"@type":"CommentAction","name":"Comment","target":["https:\/\/lospoliticosveracruz.com\/?p=47898#respond"]}]},{"@type":"WebPage","@id":"https:\/\/lospoliticosveracruz.com\/?p=47898","url":"https:\/\/lospoliticosveracruz.com\/?p=47898","name":"Margarita Luna Ramos recibe Doctorado Honoris Causa por la\u00a0UX - Los pol\u00edticos Veracruz","isPartOf":{"@id":"https:\/\/lospoliticosveracruz.com\/#website"},"primaryImageOfPage":{"@id":"https:\/\/lospoliticosveracruz.com\/?p=47898#primaryimage"},"image":{"@id":"https:\/\/lospoliticosveracruz.com\/?p=47898#primaryimage"},"thumbnailUrl":"https:\/\/lospoliticosveracruz.com\/wp-content\/uploads\/2019\/04\/Margarita.jpeg","datePublished":"2019-04-23T14:38:12+00:00","breadcrumb":{"@id":"https:\/\/lospoliticosveracruz.com\/?p=47898#breadcrumb"},"inLanguage":"es","potentialAction":[{"@type":"ReadAction","target":["https:\/\/lospoliticosveracruz.com\/?p=47898"]}]},{"@type":"ImageObject","inLanguage":"es","@id":"https:\/\/lospoliticosveracruz.com\/?p=47898#primaryimage","url":"https:\/\/lospoliticosveracruz.com\/wp-content\/uploads\/2019\/04\/Margarita.jpeg","contentUrl":"https:\/\/lospoliticosveracruz.com\/wp-content\/uploads\/2019\/04\/Margarita.jpeg","width":600,"height":400},{"@type":"BreadcrumbList","@id":"https:\/\/lospoliticosveracruz.com\/?p=47898#breadcrumb","itemListElement":[{"@type":"ListItem","position":1,"name":"Portada","item":"https:\/\/lospoliticosveracruz.com\/"},{"@type":"ListItem","position":2,"name":"Margarita Luna Ramos recibe Doctorado Honoris Causa por la\u00a0UX"}]},{"@type":"WebSite","@id":"https:\/\/lospoliticosveracruz.com\/#website","url":"https:\/\/lospoliticosveracruz.com\/","name":"Los pol\u00edticos Veracruz","description":"","publisher":{"@id":"https:\/\/lospoliticosveracruz.com\/#organization"},"potentialAction":[{"@type":"SearchAction","target":{"@type":"EntryPoint","urlTemplate":"https:\/\/lospoliticosveracruz.com\/?s={search_term_string}"},"query-input":{"@type":"PropertyValueSpecification","valueRequired":true,"valueName":"search_term_string"}}],"inLanguage":"es"},{"@type":"Organization","@id":"https:\/\/lospoliticosveracruz.com\/#organization","name":"Los pol\u00edticos Veracruz","url":"https:\/\/lospoliticosveracruz.com\/","logo":{"@type":"ImageObject","inLanguage":"es","@id":"https:\/\/lospoliticosveracruz.com\/#\/schema\/logo\/image\/","url":"https:\/\/lospoliticosveracruz.com\/wp-content\/uploads\/2025\/12\/Logo-Nuevo-LOS-POLITICOS-1.jpg","contentUrl":"https:\/\/lospoliticosveracruz.com\/wp-content\/uploads\/2025\/12\/Logo-Nuevo-LOS-POLITICOS-1.jpg","width":260,"height":70,"caption":"Los pol\u00edticos Veracruz"},"image":{"@id":"https:\/\/lospoliticosveracruz.com\/#\/schema\/logo\/image\/"},"sameAs":["https:\/\/www.facebook.com\/people\/Notimemes-de-los-Polticos\/61565672886568\/","https:\/\/x.com\/LosPoliticosVer"]},{"@type":"Person","@id":"https:\/\/lospoliticosveracruz.com\/#\/schema\/person\/b8702bb0e538456e6efd07080bf2a4a2","name":"Lo viste en Los Pol\u00edticos","image":{"@type":"ImageObject","inLanguage":"es","@id":"https:\/\/secure.gravatar.com\/avatar\/3a8de04a2656d44082be478bd6c086daa447c4651605818287b9532d3d0bd435?s=96&d=mm&r=g","url":"https:\/\/secure.gravatar.com\/avatar\/3a8de04a2656d44082be478bd6c086daa447c4651605818287b9532d3d0bd435?s=96&d=mm&r=g","contentUrl":"https:\/\/secure.gravatar.com\/avatar\/3a8de04a2656d44082be478bd6c086daa447c4651605818287b9532d3d0bd435?s=96&d=mm&r=g","caption":"Lo viste en Los Pol\u00edticos"},"url":"https:\/\/lospoliticosveracruz.com\/?author=2"}]}},"_links":{"self":[{"href":"https:\/\/lospoliticosveracruz.com\/index.php?rest_route=\/wp\/v2\/posts\/47898","targetHints":{"allow":["GET"]}}],"collection":[{"href":"https:\/\/lospoliticosveracruz.com\/index.php?rest_route=\/wp\/v2\/posts"}],"about":[{"href":"https:\/\/lospoliticosveracruz.com\/index.php?rest_route=\/wp\/v2\/types\/post"}],"author":[{"embeddable":true,"href":"https:\/\/lospoliticosveracruz.com\/index.php?rest_route=\/wp\/v2\/users\/2"}],"replies":[{"embeddable":true,"href":"https:\/\/lospoliticosveracruz.com\/index.php?rest_route=%2Fwp%2Fv2%2Fcomments&post=47898"}],"version-history":[{"count":1,"href":"https:\/\/lospoliticosveracruz.com\/index.php?rest_route=\/wp\/v2\/posts\/47898\/revisions"}],"predecessor-version":[{"id":47900,"href":"https:\/\/lospoliticosveracruz.com\/index.php?rest_route=\/wp\/v2\/posts\/47898\/revisions\/47900"}],"wp:featuredmedia":[{"embeddable":true,"href":"https:\/\/lospoliticosveracruz.com\/index.php?rest_route=\/wp\/v2\/media\/47899"}],"wp:attachment":[{"href":"https:\/\/lospoliticosveracruz.com\/index.php?rest_route=%2Fwp%2Fv2%2Fmedia&parent=47898"}],"wp:term":[{"taxonomy":"category","embeddable":true,"href":"https:\/\/lospoliticosveracruz.com\/index.php?rest_route=%2Fwp%2Fv2%2Fcategories&post=47898"},{"taxonomy":"post_tag","embeddable":true,"href":"https:\/\/lospoliticosveracruz.com\/index.php?rest_route=%2Fwp%2Fv2%2Ftags&post=47898"}],"curies":[{"name":"wp","href":"https:\/\/api.w.org\/{rel}","templated":true}]}}