{"id":48012,"date":"2019-05-03T10:01:20","date_gmt":"2019-05-03T15:01:20","guid":{"rendered":"http:\/\/www.lospoliticosveracruz.com.mx\/?p=48012"},"modified":"2019-05-03T10:01:20","modified_gmt":"2019-05-03T15:01:20","slug":"desabasto-de-medicamentos-demasiada-negligencia","status":"publish","type":"post","link":"https:\/\/lospoliticosveracruz.com\/?p=48012","title":{"rendered":"Desabasto de medicamentos, demasiada negligencia"},"content":{"rendered":"<div><strong>Ricardo V\u00e1zquez S.<\/strong><\/div>\n<div>\n<div><em>Esfera Pol\u00edtica<\/em><\/div>\n<div><b><br \/>\n<\/b><\/div>\n<div>Dos graves preocupaciones enfrenta nuestro pa\u00eds en estos momentos: la salud democr\u00e1tica y la salud de los mexicanos -sin excluir por supuesto-, la inseguridad, \u00a0que no responde a los abrazos. Dejemos pendiente en este espacio el primer tema y ocup\u00e9monos del segundo, dada la importancia que representa y lo que ha venido sucediendo a partir del debut la actual administraci\u00f3n federal. Revelador e ir\u00f3nico desde la perspectiva de la nueva pol\u00edtica: !Est\u00e1n cambiando demasiadas cosas para que todo siga igual! Perogrullada que cada d\u00eda se confirma y despierta mayor inquietud entre la poblaci\u00f3n al pensar que las cosas pueden ir peor.<\/div>\n<div>El lunes pasado el secretario de Salud de Veracruz, Roberto Ramos Alor hizo un intento fallido de justificar el desabasto de medicamentos en hospitales de la entidad veracruzana. El argumento que expuso Ramos Alor fue que se debe a la demanda que existe, sobre todo en tratamientos para combatir el c\u00e1ncer y VIH. \u00abSi hay desabaso de medicamentos, pero es un problema nacional y en Latinoam\u00e9rica; el mismo problema lo est\u00e1n viendo Paraguay, Nicaragua, Costa Rica, Uruguay, el desabasto de medicinas es un problema coyuntural en los sistemas de salud\u00bb, excus\u00f3 el secretario de Salud de Veracruz.<\/div>\n<div>La salud de millones de mexicanos ha caido en la incertidumbre, no precisamente porque la falta de medicinas sea un problema com\u00fan de Latinoam\u00e9rica. Es absurdo que ahora los pacientes de c\u00e1ncer del Centro Estatal de Cancerolog\u00eda, CECAN, en la capital veracruzana, se vean obligados a firmar un pagar\u00e9 para que les otorguen los medicamentos de quimioterapia, con el compromiso legal de devolver el costo total de los f\u00e1rmacos que les entregan, queja de los pacientes y sus familiares.<\/div>\n<div>!Pero qu\u00e9 ganas de estar jodiendo con el mismo tema de salud, si ya nos dijeron que vamos requetebien! -Refutar\u00edan entre la incomodidad los Amlovers-. Adem\u00e1s -dir\u00e1n con toda seguridad-, !A mi no me va a pasar esto! Y si me pasa, dispongo sin problema alguno de 60 millones de pesos para asistir a un hospital privado para recibir tratamiento. La cifra parecer\u00eda exagerada pero no lo es; la cantidad de desembolso es real, m\u00e1s si con los medicamentos que le indican le garantizan vida eterna, terrenal.<\/div>\n<div>En el escenario real el desabasto de medicamentos en los hospitales no es otra cosa m\u00e1s que negligencia. En el periodo de transici\u00f3n no se tom\u00f3 con la debida seriedad la recomendaci\u00f3n que se ten\u00eda que renovar la compra de medicamentos para abastecer a los hospitales p\u00fablicos. Rafael Gual, director general de la C\u00e1mara Nacional de la Industria Farmac\u00e9utica, ya hab\u00eda advertido a fines de enero pasado: \u201cEn este momento hay un total abasto de medicamentos\u201d, sin embargo, \u201cla industria farmac\u00e9utica depende de materias primas de importaci\u00f3n, en este caso se tiene que otorgar estos permisos, si estos no se dan se dificulta la fabricaci\u00f3n del producto por lo que de no darse una soluci\u00f3n s\u00ed podr\u00edamos empezar a tener problemas de alg\u00fan faltante de medicamento\u201d. la Comisi\u00f3n Federal de Protecci\u00f3n contra Riesgos Sanitarios, COFEPRIS, debe agilizar lo m\u00e1s pronto posible los permisos para la importaci\u00f3n de materia prima, con el fin de evitar un desabasto de medicamentos\u00bb, expuso Rafael Gual.<\/div>\n<div>Pero como las decisiones ma\u00f1aneras est\u00e1n basadas en el \u00abtumba y quema\u00bb, desaparecer todo lo pasado -bueno, no todo, casi todo-, las empresas proveedoras de medicamentos fueron se\u00f1aladas de monopolios, de corrupci\u00f3n, \u00a0ser empresas fif\u00ed o formar parte de la mafia del poder.<\/div>\n<div>Las reglas han cambiado.Eriza la piel saber que ya est\u00e1 en tr\u00e1mite la importaci\u00f3n de f\u00e1rmacos procedentes de China, Rusia, India, Bangladesh, naciones en las que existen empresas que tienen fama de ser fabricantes de medicamentos de dudosa calidad, e incluso ap\u00f3crifos.<\/div>\n<div>Este jueves integrantes del Movimiento Nacional de Lucha Contra el VIH, bloquearon Paseo de la Reforma, en la Ciudad de M\u00e9xico, para exigir a las autoridades se resuelva el desabasto de retrovirales que se registra en Tabasco, Nuevo Le\u00f3n, Baja California, Chihuahua, Tamaulipas, y, no pod\u00eda faltar, Veracruz.<\/div>\n<div>Desgraciadamente el panorama de salud de millones de mexicanos es preocupante. Demasiada negligencia e indolencia.<\/div>\n<div><a href=\"mailto:rvazquez002@yahoo.com.mx\" target=\"_blank\">rvazquez002@yahoo.com.mx<\/a><\/div>\n<\/div>\n","protected":false},"excerpt":{"rendered":"<p>Ricardo V\u00e1zquez S. Esfera Pol\u00edtica Dos graves preocupaciones enfrenta nuestro pa\u00eds en estos momentos: la salud democr\u00e1tica y la salud de los mexicanos -sin excluir por supuesto-, la inseguridad, \u00a0que no responde a los abrazos. Dejemos pendiente en este espacio el primer tema y ocup\u00e9monos del segundo, dada la importancia que representa y lo que [&hellip;]<\/p>\n","protected":false},"author":2,"featured_media":48013,"comment_status":"open","ping_status":"open","sticky":false,"template":"","format":"standard","meta":{"tdm_status":"","tdm_grid_status":"","footnotes":""},"categories":[70],"tags":[14600,297,275,14599,6534,14602,395,14601,12606,90,195],"class_list":{"0":"post-48012","1":"post","2":"type-post","3":"status-publish","4":"format-standard","5":"has-post-thumbnail","7":"category-de-opinion","8":"tag-cancer-y-vih","9":"tag-cecan","10":"tag-cofepris","11":"tag-desabasto-de-medicamentos","12":"tag-industria-farmaceutica","13":"tag-lucha-contra-el-vih","14":"tag-mexico","15":"tag-rafael-gual","16":"tag-roberto-ramos-alor","17":"tag-salud","18":"tag-veracruz"},"yoast_head":"<!-- This site is optimized with the Yoast SEO plugin v27.4 - https:\/\/yoast.com\/product\/yoast-seo-wordpress\/ -->\n<title>Desabasto de medicamentos, demasiada negligencia - Los pol\u00edticos Veracruz<\/title>\n<meta name=\"robots\" content=\"index, follow, max-snippet:-1, max-image-preview:large, max-video-preview:-1\" \/>\n<link rel=\"canonical\" href=\"https:\/\/lospoliticosveracruz.com\/?p=48012\" \/>\n<meta property=\"og:locale\" content=\"es_ES\" \/>\n<meta property=\"og:type\" content=\"article\" \/>\n<meta property=\"og:title\" content=\"Desabasto de medicamentos, demasiada negligencia - Los pol\u00edticos Veracruz\" \/>\n<meta property=\"og:description\" content=\"Ricardo V\u00e1zquez S. Esfera Pol\u00edtica Dos graves preocupaciones enfrenta nuestro pa\u00eds en estos momentos: la salud democr\u00e1tica y la salud de los mexicanos -sin excluir por supuesto-, la inseguridad, \u00a0que no responde a los abrazos. Dejemos pendiente en este espacio el primer tema y ocup\u00e9monos del segundo, dada la importancia que representa y lo que [&hellip;]\" \/>\n<meta property=\"og:url\" content=\"https:\/\/lospoliticosveracruz.com\/?p=48012\" \/>\n<meta property=\"og:site_name\" content=\"Los pol\u00edticos Veracruz\" \/>\n<meta property=\"article:publisher\" content=\"https:\/\/www.facebook.com\/people\/Notimemes-de-los-Polticos\/61565672886568\/\" \/>\n<meta property=\"article:published_time\" content=\"2019-05-03T15:01:20+00:00\" \/>\n<meta property=\"og:image\" content=\"https:\/\/lospoliticosveracruz.com\/wp-content\/uploads\/2019\/05\/Pacientes-con-VIH.jpg\" \/>\n\t<meta property=\"og:image:width\" content=\"600\" \/>\n\t<meta property=\"og:image:height\" content=\"369\" \/>\n\t<meta property=\"og:image:type\" content=\"image\/jpeg\" \/>\n<meta name=\"author\" content=\"Lo viste en Los Pol\u00edticos\" \/>\n<meta name=\"twitter:card\" content=\"summary_large_image\" \/>\n<meta name=\"twitter:creator\" content=\"@LosPoliticosVer\" \/>\n<meta name=\"twitter:site\" content=\"@LosPoliticosVer\" \/>\n<meta name=\"twitter:label1\" content=\"Escrito por\" \/>\n\t<meta name=\"twitter:data1\" content=\"Lo viste en Los Pol\u00edticos\" \/>\n\t<meta name=\"twitter:label2\" content=\"Tiempo de lectura\" \/>\n\t<meta name=\"twitter:data2\" content=\"4 minutos\" \/>\n<script type=\"application\/ld+json\" class=\"yoast-schema-graph\">{\"@context\":\"https:\\\/\\\/schema.org\",\"@graph\":[{\"@type\":\"Article\",\"@id\":\"https:\\\/\\\/lospoliticosveracruz.com\\\/?p=48012#article\",\"isPartOf\":{\"@id\":\"https:\\\/\\\/lospoliticosveracruz.com\\\/?p=48012\"},\"author\":{\"name\":\"Lo viste en Los Pol\u00edticos\",\"@id\":\"https:\\\/\\\/lospoliticosveracruz.com\\\/#\\\/schema\\\/person\\\/b8702bb0e538456e6efd07080bf2a4a2\"},\"headline\":\"Desabasto de medicamentos, demasiada negligencia\",\"datePublished\":\"2019-05-03T15:01:20+00:00\",\"mainEntityOfPage\":{\"@id\":\"https:\\\/\\\/lospoliticosveracruz.com\\\/?p=48012\"},\"wordCount\":740,\"commentCount\":0,\"publisher\":{\"@id\":\"https:\\\/\\\/lospoliticosveracruz.com\\\/#organization\"},\"image\":{\"@id\":\"https:\\\/\\\/lospoliticosveracruz.com\\\/?p=48012#primaryimage\"},\"thumbnailUrl\":\"https:\\\/\\\/lospoliticosveracruz.com\\\/wp-content\\\/uploads\\\/2019\\\/05\\\/Pacientes-con-VIH.jpg\",\"keywords\":[\"c\u00e1ncer y VIH\",\"Cecan\",\"Cofepris\",\"desabasto de medicamentos\",\"industria farmac\u00e9utica\",\"Lucha Contra el VIH\",\"M\u00e9xico\",\"Rafael Gual\",\"Roberto Ramos Alor\",\"Salud\",\"Veracruz\"],\"articleSection\":[\"De Opini\u00f3n\"],\"inLanguage\":\"es\",\"potentialAction\":[{\"@type\":\"CommentAction\",\"name\":\"Comment\",\"target\":[\"https:\\\/\\\/lospoliticosveracruz.com\\\/?p=48012#respond\"]}]},{\"@type\":\"WebPage\",\"@id\":\"https:\\\/\\\/lospoliticosveracruz.com\\\/?p=48012\",\"url\":\"https:\\\/\\\/lospoliticosveracruz.com\\\/?p=48012\",\"name\":\"Desabasto de medicamentos, demasiada negligencia - Los pol\u00edticos Veracruz\",\"isPartOf\":{\"@id\":\"https:\\\/\\\/lospoliticosveracruz.com\\\/#website\"},\"primaryImageOfPage\":{\"@id\":\"https:\\\/\\\/lospoliticosveracruz.com\\\/?p=48012#primaryimage\"},\"image\":{\"@id\":\"https:\\\/\\\/lospoliticosveracruz.com\\\/?p=48012#primaryimage\"},\"thumbnailUrl\":\"https:\\\/\\\/lospoliticosveracruz.com\\\/wp-content\\\/uploads\\\/2019\\\/05\\\/Pacientes-con-VIH.jpg\",\"datePublished\":\"2019-05-03T15:01:20+00:00\",\"breadcrumb\":{\"@id\":\"https:\\\/\\\/lospoliticosveracruz.com\\\/?p=48012#breadcrumb\"},\"inLanguage\":\"es\",\"potentialAction\":[{\"@type\":\"ReadAction\",\"target\":[\"https:\\\/\\\/lospoliticosveracruz.com\\\/?p=48012\"]}]},{\"@type\":\"ImageObject\",\"inLanguage\":\"es\",\"@id\":\"https:\\\/\\\/lospoliticosveracruz.com\\\/?p=48012#primaryimage\",\"url\":\"https:\\\/\\\/lospoliticosveracruz.com\\\/wp-content\\\/uploads\\\/2019\\\/05\\\/Pacientes-con-VIH.jpg\",\"contentUrl\":\"https:\\\/\\\/lospoliticosveracruz.com\\\/wp-content\\\/uploads\\\/2019\\\/05\\\/Pacientes-con-VIH.jpg\",\"width\":600,\"height\":369},{\"@type\":\"BreadcrumbList\",\"@id\":\"https:\\\/\\\/lospoliticosveracruz.com\\\/?p=48012#breadcrumb\",\"itemListElement\":[{\"@type\":\"ListItem\",\"position\":1,\"name\":\"Portada\",\"item\":\"https:\\\/\\\/lospoliticosveracruz.com\\\/\"},{\"@type\":\"ListItem\",\"position\":2,\"name\":\"Desabasto de medicamentos, demasiada negligencia\"}]},{\"@type\":\"WebSite\",\"@id\":\"https:\\\/\\\/lospoliticosveracruz.com\\\/#website\",\"url\":\"https:\\\/\\\/lospoliticosveracruz.com\\\/\",\"name\":\"Los pol\u00edticos Veracruz\",\"description\":\"\",\"publisher\":{\"@id\":\"https:\\\/\\\/lospoliticosveracruz.com\\\/#organization\"},\"potentialAction\":[{\"@type\":\"SearchAction\",\"target\":{\"@type\":\"EntryPoint\",\"urlTemplate\":\"https:\\\/\\\/lospoliticosveracruz.com\\\/?s={search_term_string}\"},\"query-input\":{\"@type\":\"PropertyValueSpecification\",\"valueRequired\":true,\"valueName\":\"search_term_string\"}}],\"inLanguage\":\"es\"},{\"@type\":\"Organization\",\"@id\":\"https:\\\/\\\/lospoliticosveracruz.com\\\/#organization\",\"name\":\"Los pol\u00edticos Veracruz\",\"url\":\"https:\\\/\\\/lospoliticosveracruz.com\\\/\",\"logo\":{\"@type\":\"ImageObject\",\"inLanguage\":\"es\",\"@id\":\"https:\\\/\\\/lospoliticosveracruz.com\\\/#\\\/schema\\\/logo\\\/image\\\/\",\"url\":\"https:\\\/\\\/lospoliticosveracruz.com\\\/wp-content\\\/uploads\\\/2025\\\/12\\\/Logo-Nuevo-LOS-POLITICOS-1.jpg\",\"contentUrl\":\"https:\\\/\\\/lospoliticosveracruz.com\\\/wp-content\\\/uploads\\\/2025\\\/12\\\/Logo-Nuevo-LOS-POLITICOS-1.jpg\",\"width\":260,\"height\":70,\"caption\":\"Los pol\u00edticos Veracruz\"},\"image\":{\"@id\":\"https:\\\/\\\/lospoliticosveracruz.com\\\/#\\\/schema\\\/logo\\\/image\\\/\"},\"sameAs\":[\"https:\\\/\\\/www.facebook.com\\\/people\\\/Notimemes-de-los-Polticos\\\/61565672886568\\\/\",\"https:\\\/\\\/x.com\\\/LosPoliticosVer\"]},{\"@type\":\"Person\",\"@id\":\"https:\\\/\\\/lospoliticosveracruz.com\\\/#\\\/schema\\\/person\\\/b8702bb0e538456e6efd07080bf2a4a2\",\"name\":\"Lo viste en Los Pol\u00edticos\",\"image\":{\"@type\":\"ImageObject\",\"inLanguage\":\"es\",\"@id\":\"https:\\\/\\\/secure.gravatar.com\\\/avatar\\\/3a8de04a2656d44082be478bd6c086daa447c4651605818287b9532d3d0bd435?s=96&d=mm&r=g\",\"url\":\"https:\\\/\\\/secure.gravatar.com\\\/avatar\\\/3a8de04a2656d44082be478bd6c086daa447c4651605818287b9532d3d0bd435?s=96&d=mm&r=g\",\"contentUrl\":\"https:\\\/\\\/secure.gravatar.com\\\/avatar\\\/3a8de04a2656d44082be478bd6c086daa447c4651605818287b9532d3d0bd435?s=96&d=mm&r=g\",\"caption\":\"Lo viste en Los Pol\u00edticos\"},\"url\":\"https:\\\/\\\/lospoliticosveracruz.com\\\/?author=2\"}]}<\/script>\n<!-- \/ Yoast SEO plugin. -->","yoast_head_json":{"title":"Desabasto de medicamentos, demasiada negligencia - Los pol\u00edticos Veracruz","robots":{"index":"index","follow":"follow","max-snippet":"max-snippet:-1","max-image-preview":"max-image-preview:large","max-video-preview":"max-video-preview:-1"},"canonical":"https:\/\/lospoliticosveracruz.com\/?p=48012","og_locale":"es_ES","og_type":"article","og_title":"Desabasto de medicamentos, demasiada negligencia - Los pol\u00edticos Veracruz","og_description":"Ricardo V\u00e1zquez S. Esfera Pol\u00edtica Dos graves preocupaciones enfrenta nuestro pa\u00eds en estos momentos: la salud democr\u00e1tica y la salud de los mexicanos -sin excluir por supuesto-, la inseguridad, \u00a0que no responde a los abrazos. Dejemos pendiente en este espacio el primer tema y ocup\u00e9monos del segundo, dada la importancia que representa y lo que [&hellip;]","og_url":"https:\/\/lospoliticosveracruz.com\/?p=48012","og_site_name":"Los pol\u00edticos Veracruz","article_publisher":"https:\/\/www.facebook.com\/people\/Notimemes-de-los-Polticos\/61565672886568\/","article_published_time":"2019-05-03T15:01:20+00:00","og_image":[{"width":600,"height":369,"url":"https:\/\/lospoliticosveracruz.com\/wp-content\/uploads\/2019\/05\/Pacientes-con-VIH.jpg","type":"image\/jpeg"}],"author":"Lo viste en Los Pol\u00edticos","twitter_card":"summary_large_image","twitter_creator":"@LosPoliticosVer","twitter_site":"@LosPoliticosVer","twitter_misc":{"Escrito por":"Lo viste en Los Pol\u00edticos","Tiempo de lectura":"4 minutos"},"schema":{"@context":"https:\/\/schema.org","@graph":[{"@type":"Article","@id":"https:\/\/lospoliticosveracruz.com\/?p=48012#article","isPartOf":{"@id":"https:\/\/lospoliticosveracruz.com\/?p=48012"},"author":{"name":"Lo viste en Los Pol\u00edticos","@id":"https:\/\/lospoliticosveracruz.com\/#\/schema\/person\/b8702bb0e538456e6efd07080bf2a4a2"},"headline":"Desabasto de medicamentos, demasiada negligencia","datePublished":"2019-05-03T15:01:20+00:00","mainEntityOfPage":{"@id":"https:\/\/lospoliticosveracruz.com\/?p=48012"},"wordCount":740,"commentCount":0,"publisher":{"@id":"https:\/\/lospoliticosveracruz.com\/#organization"},"image":{"@id":"https:\/\/lospoliticosveracruz.com\/?p=48012#primaryimage"},"thumbnailUrl":"https:\/\/lospoliticosveracruz.com\/wp-content\/uploads\/2019\/05\/Pacientes-con-VIH.jpg","keywords":["c\u00e1ncer y VIH","Cecan","Cofepris","desabasto de medicamentos","industria farmac\u00e9utica","Lucha Contra el VIH","M\u00e9xico","Rafael Gual","Roberto Ramos Alor","Salud","Veracruz"],"articleSection":["De Opini\u00f3n"],"inLanguage":"es","potentialAction":[{"@type":"CommentAction","name":"Comment","target":["https:\/\/lospoliticosveracruz.com\/?p=48012#respond"]}]},{"@type":"WebPage","@id":"https:\/\/lospoliticosveracruz.com\/?p=48012","url":"https:\/\/lospoliticosveracruz.com\/?p=48012","name":"Desabasto de medicamentos, demasiada negligencia - Los pol\u00edticos Veracruz","isPartOf":{"@id":"https:\/\/lospoliticosveracruz.com\/#website"},"primaryImageOfPage":{"@id":"https:\/\/lospoliticosveracruz.com\/?p=48012#primaryimage"},"image":{"@id":"https:\/\/lospoliticosveracruz.com\/?p=48012#primaryimage"},"thumbnailUrl":"https:\/\/lospoliticosveracruz.com\/wp-content\/uploads\/2019\/05\/Pacientes-con-VIH.jpg","datePublished":"2019-05-03T15:01:20+00:00","breadcrumb":{"@id":"https:\/\/lospoliticosveracruz.com\/?p=48012#breadcrumb"},"inLanguage":"es","potentialAction":[{"@type":"ReadAction","target":["https:\/\/lospoliticosveracruz.com\/?p=48012"]}]},{"@type":"ImageObject","inLanguage":"es","@id":"https:\/\/lospoliticosveracruz.com\/?p=48012#primaryimage","url":"https:\/\/lospoliticosveracruz.com\/wp-content\/uploads\/2019\/05\/Pacientes-con-VIH.jpg","contentUrl":"https:\/\/lospoliticosveracruz.com\/wp-content\/uploads\/2019\/05\/Pacientes-con-VIH.jpg","width":600,"height":369},{"@type":"BreadcrumbList","@id":"https:\/\/lospoliticosveracruz.com\/?p=48012#breadcrumb","itemListElement":[{"@type":"ListItem","position":1,"name":"Portada","item":"https:\/\/lospoliticosveracruz.com\/"},{"@type":"ListItem","position":2,"name":"Desabasto de medicamentos, demasiada negligencia"}]},{"@type":"WebSite","@id":"https:\/\/lospoliticosveracruz.com\/#website","url":"https:\/\/lospoliticosveracruz.com\/","name":"Los pol\u00edticos Veracruz","description":"","publisher":{"@id":"https:\/\/lospoliticosveracruz.com\/#organization"},"potentialAction":[{"@type":"SearchAction","target":{"@type":"EntryPoint","urlTemplate":"https:\/\/lospoliticosveracruz.com\/?s={search_term_string}"},"query-input":{"@type":"PropertyValueSpecification","valueRequired":true,"valueName":"search_term_string"}}],"inLanguage":"es"},{"@type":"Organization","@id":"https:\/\/lospoliticosveracruz.com\/#organization","name":"Los pol\u00edticos Veracruz","url":"https:\/\/lospoliticosveracruz.com\/","logo":{"@type":"ImageObject","inLanguage":"es","@id":"https:\/\/lospoliticosveracruz.com\/#\/schema\/logo\/image\/","url":"https:\/\/lospoliticosveracruz.com\/wp-content\/uploads\/2025\/12\/Logo-Nuevo-LOS-POLITICOS-1.jpg","contentUrl":"https:\/\/lospoliticosveracruz.com\/wp-content\/uploads\/2025\/12\/Logo-Nuevo-LOS-POLITICOS-1.jpg","width":260,"height":70,"caption":"Los pol\u00edticos Veracruz"},"image":{"@id":"https:\/\/lospoliticosveracruz.com\/#\/schema\/logo\/image\/"},"sameAs":["https:\/\/www.facebook.com\/people\/Notimemes-de-los-Polticos\/61565672886568\/","https:\/\/x.com\/LosPoliticosVer"]},{"@type":"Person","@id":"https:\/\/lospoliticosveracruz.com\/#\/schema\/person\/b8702bb0e538456e6efd07080bf2a4a2","name":"Lo viste en Los Pol\u00edticos","image":{"@type":"ImageObject","inLanguage":"es","@id":"https:\/\/secure.gravatar.com\/avatar\/3a8de04a2656d44082be478bd6c086daa447c4651605818287b9532d3d0bd435?s=96&d=mm&r=g","url":"https:\/\/secure.gravatar.com\/avatar\/3a8de04a2656d44082be478bd6c086daa447c4651605818287b9532d3d0bd435?s=96&d=mm&r=g","contentUrl":"https:\/\/secure.gravatar.com\/avatar\/3a8de04a2656d44082be478bd6c086daa447c4651605818287b9532d3d0bd435?s=96&d=mm&r=g","caption":"Lo viste en Los Pol\u00edticos"},"url":"https:\/\/lospoliticosveracruz.com\/?author=2"}]}},"_links":{"self":[{"href":"https:\/\/lospoliticosveracruz.com\/index.php?rest_route=\/wp\/v2\/posts\/48012","targetHints":{"allow":["GET"]}}],"collection":[{"href":"https:\/\/lospoliticosveracruz.com\/index.php?rest_route=\/wp\/v2\/posts"}],"about":[{"href":"https:\/\/lospoliticosveracruz.com\/index.php?rest_route=\/wp\/v2\/types\/post"}],"author":[{"embeddable":true,"href":"https:\/\/lospoliticosveracruz.com\/index.php?rest_route=\/wp\/v2\/users\/2"}],"replies":[{"embeddable":true,"href":"https:\/\/lospoliticosveracruz.com\/index.php?rest_route=%2Fwp%2Fv2%2Fcomments&post=48012"}],"version-history":[{"count":1,"href":"https:\/\/lospoliticosveracruz.com\/index.php?rest_route=\/wp\/v2\/posts\/48012\/revisions"}],"predecessor-version":[{"id":48014,"href":"https:\/\/lospoliticosveracruz.com\/index.php?rest_route=\/wp\/v2\/posts\/48012\/revisions\/48014"}],"wp:featuredmedia":[{"embeddable":true,"href":"https:\/\/lospoliticosveracruz.com\/index.php?rest_route=\/wp\/v2\/media\/48013"}],"wp:attachment":[{"href":"https:\/\/lospoliticosveracruz.com\/index.php?rest_route=%2Fwp%2Fv2%2Fmedia&parent=48012"}],"wp:term":[{"taxonomy":"category","embeddable":true,"href":"https:\/\/lospoliticosveracruz.com\/index.php?rest_route=%2Fwp%2Fv2%2Fcategories&post=48012"},{"taxonomy":"post_tag","embeddable":true,"href":"https:\/\/lospoliticosveracruz.com\/index.php?rest_route=%2Fwp%2Fv2%2Ftags&post=48012"}],"curies":[{"name":"wp","href":"https:\/\/api.w.org\/{rel}","templated":true}]}}