{"id":48115,"date":"2019-05-12T22:55:59","date_gmt":"2019-05-13T03:55:59","guid":{"rendered":"http:\/\/www.lospoliticosveracruz.com.mx\/?p=48115"},"modified":"2019-05-12T21:13:17","modified_gmt":"2019-05-13T02:13:17","slug":"hector-indira-y-julen","status":"publish","type":"post","link":"https:\/\/lospoliticosveracruz.com\/?p=48115","title":{"rendered":"H\u00e9ctor, Indira y Julen"},"content":{"rendered":"<p><strong>Salvador Mu\u00f1oz<\/strong><\/p>\n<p><em>Los Pol\u00edticos<\/em><\/p>\n<p><span style=\"font-weight: 400;\">Hasta el momento, a ojo de buen cubero, son tres los pol\u00edticos veracruzanos de corte federal que han hecho marcaje personal a una administraci\u00f3n estatal que se caracteriza por yerros y deslices, y bajo el riesgo de que me falte uno o dos, se los cito, empezando por el PRI con H\u00e9ctor Yunes Landa, seguido del PAN, con Indira Rosales San Rom\u00e1n y Julen Rementer\u00eda; el\u00a0primero, diputado en San L\u00e1zaro; los panistas, senadores.<\/span><\/p>\n<p><span style=\"font-weight: 400;\">Si bien es cierto que a nivel local hay legisladores del Palacio de Encanto que igual han puesto su fierro sobre el Gobierno estatal en diversos t\u00f3picos, siendo el principal en materia de seguridad, por esta ocasi\u00f3n s\u00f3lo nos abocaremos a los citados que est\u00e1n el Altiplano.<\/span><\/p>\n<p><span style=\"font-weight: 400;\">En el caso de H\u00e9ctor Yunes bien se pudiera decir que es el \u00fanico en el PRI que ha sabido entender lo que es ser oposici\u00f3n y si bien, se le acusa de todo, de que meti\u00f3 mano en la reciente elecci\u00f3n de dirigente del PRI, de que es parte del PRIMor, hasta de hablarse de una fracci\u00f3n yunista en el Congreso local (les falta convencer a Erika Ayala para hacer la bancada), lo cierto es que del Revolucionario Institucional es el \u00fanico que aprieta, pellizca, encima, incomoda y desgasta al Gobierno de Veracruz. \u00bfOtro pri\u00edsta? La verdad, no recuerdo.<\/span><\/p>\n<p><span style=\"font-weight: 400;\">En el caso de la senadora\u00a0Indira Rosales, son ya varias sus\u00a0participaciones haciendo se\u00f1alamientos a la administraci\u00f3n de Cuitl\u00e1huac, pero sin duda, la que m\u00e1s ruido hizo fue cuando se exhort\u00f3 al mandatario estatal a presentarse ante el Senado\u00a0para que explicara su plan de seguridad ante el clima de violencia que azota a Veracruz. \u00a1Claro! Los exhortos al final no dejan de ser como las mentadas de madre\u2026 va quien quiera ir y el Cuic no fue\u2026 lo cierto es que en su momento, Indira hizo mucho ruido y llam\u00f3 la atenci\u00f3n de todos.<\/span><\/p>\n<p><span style=\"font-weight: 400;\">Por su parte, el senador Julen Rementer\u00eda del Puerto se ha convertido en un f\u00e9rreo cr\u00edtico del sistema, tanto federal como estatal, aunque sabe dialogar con la oposici\u00f3n al grado que en su momento, ha recibido hasta el reconocimiento de los mismos morenos de la C\u00e1mara Alta. Sabe cu\u00e1ndo apoyar pero tambi\u00e9n sabe qu\u00e9 hay que se\u00f1alar.<\/span><\/p>\n<p><span style=\"font-weight: 400;\">Vamos\u2026 estamos hablando de tres figuras que en sus respectivos partidos se han convertido en arietes, puntas de lanza, en una de \u00e9sas, hasta cabeza de manada\u2026 en pocas palabras, cualquiera de ellos puede convertirse en el l\u00edder de una oposici\u00f3n ante un sistema que cada que tiene oportunidad, coopera para causar detrimento a s\u00ed mismo, sea a nivel federal, estatal, y en el caso xalape\u00f1o, hasta municipal.<\/span><\/p>\n<p><span style=\"font-weight: 400;\">Lo acepto\u2026 exagero cuando digo que \u201ccualquiera de ellos\u201d&#8230; para ser l\u00edder se requieren de muchas cualidades y los pri\u00edstas y panistas a lo mejor difieren de estos pol\u00edticos federales que cito y quiz\u00e1s tengan otros\u2026<\/span><\/p>\n<p><span style=\"font-weight: 400;\">Y es seguro que tambi\u00e9n haya quien piense que a seis meses de Gobierno y a casi un a\u00f1o de las elecciones, si hay alguien que est\u00e1 perdiendo la oportunidad de aprovechar no s\u00f3lo los yerros y deslices de esta administraci\u00f3n estatal y pol\u00edticos en ciernes, sino jugar el mismo papel que en su momento hizo el mismo AMLO en su derrota, es decir, continuar en campa\u00f1a, \u00e9se sin duda es Miguel \u00c1ngel Yunes M\u00e1rquez\u2026 a menos que ocurran dos cosas: <\/span><\/p>\n<p><span style=\"font-weight: 400;\">La primera) que haya perdido el inter\u00e9s de buscar la gubernatura\u2026<\/span><\/p>\n<p><span style=\"font-weight: 400;\">La segunda) que est\u00e9 preparando una estrategia de oposici\u00f3n que, incluso, lo lleve a recuperar el terreno que al menos, Indira y Julen le llevan ganado en el PAN o en los reflectores\u2026<\/span><\/p>\n<p><span style=\"font-weight: 400;\">Mientras tanto, H\u00e9ctor Yunes, en un partido que intenta rehacerse, va solo, camina solo, lucha solo, siendo el \u00fanico en que al parecer en el PRI, entiende lo que es ser oposici\u00f3n.<\/span><\/p>\n<p>&nbsp;<\/p>\n<p><span style=\"font-weight: 400;\">smcainito@gmail.com<\/span><\/p>\n<p>&nbsp;<\/p>\n","protected":false},"excerpt":{"rendered":"<p>Salvador Mu\u00f1oz Los Pol\u00edticos Hasta el momento, a ojo de buen cubero, son tres los pol\u00edticos veracruzanos de corte federal que han hecho marcaje personal a una administraci\u00f3n estatal que se caracteriza por yerros y deslices, y bajo el riesgo de que me falte uno o dos, se los cito, empezando por el PRI con [&hellip;]<\/p>\n","protected":false},"author":2,"featured_media":48116,"comment_status":"open","ping_status":"open","sticky":false,"template":"","format":"standard","meta":{"tdm_status":"","tdm_grid_status":"","footnotes":""},"categories":[70],"tags":[348,5506,1569,1026,711,195],"class_list":{"0":"post-48115","1":"post","2":"type-post","3":"status-publish","4":"format-standard","5":"has-post-thumbnail","7":"category-de-opinion","8":"tag-hector-yunes-landa","9":"tag-indira-rosales-san-roman","10":"tag-julen-rementeria-del-puerto","11":"tag-morena","12":"tag-senado","13":"tag-veracruz"},"yoast_head":"<!-- This site is optimized with the Yoast SEO plugin v27.4 - https:\/\/yoast.com\/product\/yoast-seo-wordpress\/ -->\n<title>H\u00e9ctor, Indira y Julen - Los pol\u00edticos Veracruz<\/title>\n<meta name=\"robots\" content=\"index, follow, max-snippet:-1, max-image-preview:large, max-video-preview:-1\" \/>\n<link rel=\"canonical\" href=\"https:\/\/lospoliticosveracruz.com\/?p=48115\" \/>\n<meta property=\"og:locale\" content=\"es_ES\" \/>\n<meta property=\"og:type\" content=\"article\" \/>\n<meta property=\"og:title\" content=\"H\u00e9ctor, Indira y Julen - Los pol\u00edticos Veracruz\" \/>\n<meta property=\"og:description\" content=\"Salvador Mu\u00f1oz Los Pol\u00edticos Hasta el momento, a ojo de buen cubero, son tres los pol\u00edticos veracruzanos de corte federal que han hecho marcaje personal a una administraci\u00f3n estatal que se caracteriza por yerros y deslices, y bajo el riesgo de que me falte uno o dos, se los cito, empezando por el PRI con [&hellip;]\" \/>\n<meta property=\"og:url\" content=\"https:\/\/lospoliticosveracruz.com\/?p=48115\" \/>\n<meta property=\"og:site_name\" content=\"Los pol\u00edticos Veracruz\" \/>\n<meta property=\"article:publisher\" content=\"https:\/\/www.facebook.com\/people\/Notimemes-de-los-Polticos\/61565672886568\/\" \/>\n<meta property=\"article:published_time\" content=\"2019-05-13T03:55:59+00:00\" \/>\n<meta property=\"og:image\" content=\"https:\/\/lospoliticosveracruz.com\/wp-content\/uploads\/2019\/05\/Hector-Indira-Julen.jpg\" \/>\n\t<meta property=\"og:image:width\" content=\"600\" \/>\n\t<meta property=\"og:image:height\" content=\"324\" \/>\n\t<meta property=\"og:image:type\" content=\"image\/jpeg\" \/>\n<meta name=\"author\" content=\"Lo viste en Los Pol\u00edticos\" \/>\n<meta name=\"twitter:card\" content=\"summary_large_image\" \/>\n<meta name=\"twitter:creator\" content=\"@LosPoliticosVer\" \/>\n<meta name=\"twitter:site\" content=\"@LosPoliticosVer\" \/>\n<meta name=\"twitter:label1\" content=\"Escrito por\" \/>\n\t<meta name=\"twitter:data1\" content=\"Lo viste en Los Pol\u00edticos\" \/>\n\t<meta name=\"twitter:label2\" content=\"Tiempo de lectura\" \/>\n\t<meta name=\"twitter:data2\" content=\"3 minutos\" \/>\n<script type=\"application\/ld+json\" class=\"yoast-schema-graph\">{\"@context\":\"https:\\\/\\\/schema.org\",\"@graph\":[{\"@type\":\"Article\",\"@id\":\"https:\\\/\\\/lospoliticosveracruz.com\\\/?p=48115#article\",\"isPartOf\":{\"@id\":\"https:\\\/\\\/lospoliticosveracruz.com\\\/?p=48115\"},\"author\":{\"name\":\"Lo viste en Los Pol\u00edticos\",\"@id\":\"https:\\\/\\\/lospoliticosveracruz.com\\\/#\\\/schema\\\/person\\\/b8702bb0e538456e6efd07080bf2a4a2\"},\"headline\":\"H\u00e9ctor, Indira y Julen\",\"datePublished\":\"2019-05-13T03:55:59+00:00\",\"mainEntityOfPage\":{\"@id\":\"https:\\\/\\\/lospoliticosveracruz.com\\\/?p=48115\"},\"wordCount\":697,\"commentCount\":0,\"publisher\":{\"@id\":\"https:\\\/\\\/lospoliticosveracruz.com\\\/#organization\"},\"image\":{\"@id\":\"https:\\\/\\\/lospoliticosveracruz.com\\\/?p=48115#primaryimage\"},\"thumbnailUrl\":\"https:\\\/\\\/lospoliticosveracruz.com\\\/wp-content\\\/uploads\\\/2019\\\/05\\\/Hector-Indira-Julen.jpg\",\"keywords\":[\"H\u00e9ctor Yunes Landa\",\"Indira Rosales San Rom\u00e1n\",\"Julen Rementer\u00eda del Puerto\",\"Morena\",\"Senado\",\"Veracruz\"],\"articleSection\":[\"De Opini\u00f3n\"],\"inLanguage\":\"es\",\"potentialAction\":[{\"@type\":\"CommentAction\",\"name\":\"Comment\",\"target\":[\"https:\\\/\\\/lospoliticosveracruz.com\\\/?p=48115#respond\"]}]},{\"@type\":\"WebPage\",\"@id\":\"https:\\\/\\\/lospoliticosveracruz.com\\\/?p=48115\",\"url\":\"https:\\\/\\\/lospoliticosveracruz.com\\\/?p=48115\",\"name\":\"H\u00e9ctor, Indira y Julen - Los pol\u00edticos Veracruz\",\"isPartOf\":{\"@id\":\"https:\\\/\\\/lospoliticosveracruz.com\\\/#website\"},\"primaryImageOfPage\":{\"@id\":\"https:\\\/\\\/lospoliticosveracruz.com\\\/?p=48115#primaryimage\"},\"image\":{\"@id\":\"https:\\\/\\\/lospoliticosveracruz.com\\\/?p=48115#primaryimage\"},\"thumbnailUrl\":\"https:\\\/\\\/lospoliticosveracruz.com\\\/wp-content\\\/uploads\\\/2019\\\/05\\\/Hector-Indira-Julen.jpg\",\"datePublished\":\"2019-05-13T03:55:59+00:00\",\"breadcrumb\":{\"@id\":\"https:\\\/\\\/lospoliticosveracruz.com\\\/?p=48115#breadcrumb\"},\"inLanguage\":\"es\",\"potentialAction\":[{\"@type\":\"ReadAction\",\"target\":[\"https:\\\/\\\/lospoliticosveracruz.com\\\/?p=48115\"]}]},{\"@type\":\"ImageObject\",\"inLanguage\":\"es\",\"@id\":\"https:\\\/\\\/lospoliticosveracruz.com\\\/?p=48115#primaryimage\",\"url\":\"https:\\\/\\\/lospoliticosveracruz.com\\\/wp-content\\\/uploads\\\/2019\\\/05\\\/Hector-Indira-Julen.jpg\",\"contentUrl\":\"https:\\\/\\\/lospoliticosveracruz.com\\\/wp-content\\\/uploads\\\/2019\\\/05\\\/Hector-Indira-Julen.jpg\",\"width\":600,\"height\":324},{\"@type\":\"BreadcrumbList\",\"@id\":\"https:\\\/\\\/lospoliticosveracruz.com\\\/?p=48115#breadcrumb\",\"itemListElement\":[{\"@type\":\"ListItem\",\"position\":1,\"name\":\"Portada\",\"item\":\"https:\\\/\\\/lospoliticosveracruz.com\\\/\"},{\"@type\":\"ListItem\",\"position\":2,\"name\":\"H\u00e9ctor, Indira y Julen\"}]},{\"@type\":\"WebSite\",\"@id\":\"https:\\\/\\\/lospoliticosveracruz.com\\\/#website\",\"url\":\"https:\\\/\\\/lospoliticosveracruz.com\\\/\",\"name\":\"Los pol\u00edticos Veracruz\",\"description\":\"\",\"publisher\":{\"@id\":\"https:\\\/\\\/lospoliticosveracruz.com\\\/#organization\"},\"potentialAction\":[{\"@type\":\"SearchAction\",\"target\":{\"@type\":\"EntryPoint\",\"urlTemplate\":\"https:\\\/\\\/lospoliticosveracruz.com\\\/?s={search_term_string}\"},\"query-input\":{\"@type\":\"PropertyValueSpecification\",\"valueRequired\":true,\"valueName\":\"search_term_string\"}}],\"inLanguage\":\"es\"},{\"@type\":\"Organization\",\"@id\":\"https:\\\/\\\/lospoliticosveracruz.com\\\/#organization\",\"name\":\"Los pol\u00edticos Veracruz\",\"url\":\"https:\\\/\\\/lospoliticosveracruz.com\\\/\",\"logo\":{\"@type\":\"ImageObject\",\"inLanguage\":\"es\",\"@id\":\"https:\\\/\\\/lospoliticosveracruz.com\\\/#\\\/schema\\\/logo\\\/image\\\/\",\"url\":\"https:\\\/\\\/lospoliticosveracruz.com\\\/wp-content\\\/uploads\\\/2025\\\/12\\\/Logo-Nuevo-LOS-POLITICOS-1.jpg\",\"contentUrl\":\"https:\\\/\\\/lospoliticosveracruz.com\\\/wp-content\\\/uploads\\\/2025\\\/12\\\/Logo-Nuevo-LOS-POLITICOS-1.jpg\",\"width\":260,\"height\":70,\"caption\":\"Los pol\u00edticos Veracruz\"},\"image\":{\"@id\":\"https:\\\/\\\/lospoliticosveracruz.com\\\/#\\\/schema\\\/logo\\\/image\\\/\"},\"sameAs\":[\"https:\\\/\\\/www.facebook.com\\\/people\\\/Notimemes-de-los-Polticos\\\/61565672886568\\\/\",\"https:\\\/\\\/x.com\\\/LosPoliticosVer\"]},{\"@type\":\"Person\",\"@id\":\"https:\\\/\\\/lospoliticosveracruz.com\\\/#\\\/schema\\\/person\\\/b8702bb0e538456e6efd07080bf2a4a2\",\"name\":\"Lo viste en Los Pol\u00edticos\",\"image\":{\"@type\":\"ImageObject\",\"inLanguage\":\"es\",\"@id\":\"https:\\\/\\\/secure.gravatar.com\\\/avatar\\\/3a8de04a2656d44082be478bd6c086daa447c4651605818287b9532d3d0bd435?s=96&d=mm&r=g\",\"url\":\"https:\\\/\\\/secure.gravatar.com\\\/avatar\\\/3a8de04a2656d44082be478bd6c086daa447c4651605818287b9532d3d0bd435?s=96&d=mm&r=g\",\"contentUrl\":\"https:\\\/\\\/secure.gravatar.com\\\/avatar\\\/3a8de04a2656d44082be478bd6c086daa447c4651605818287b9532d3d0bd435?s=96&d=mm&r=g\",\"caption\":\"Lo viste en Los Pol\u00edticos\"},\"url\":\"https:\\\/\\\/lospoliticosveracruz.com\\\/?author=2\"}]}<\/script>\n<!-- \/ Yoast SEO plugin. -->","yoast_head_json":{"title":"H\u00e9ctor, Indira y Julen - Los pol\u00edticos Veracruz","robots":{"index":"index","follow":"follow","max-snippet":"max-snippet:-1","max-image-preview":"max-image-preview:large","max-video-preview":"max-video-preview:-1"},"canonical":"https:\/\/lospoliticosveracruz.com\/?p=48115","og_locale":"es_ES","og_type":"article","og_title":"H\u00e9ctor, Indira y Julen - Los pol\u00edticos Veracruz","og_description":"Salvador Mu\u00f1oz Los Pol\u00edticos Hasta el momento, a ojo de buen cubero, son tres los pol\u00edticos veracruzanos de corte federal que han hecho marcaje personal a una administraci\u00f3n estatal que se caracteriza por yerros y deslices, y bajo el riesgo de que me falte uno o dos, se los cito, empezando por el PRI con [&hellip;]","og_url":"https:\/\/lospoliticosveracruz.com\/?p=48115","og_site_name":"Los pol\u00edticos Veracruz","article_publisher":"https:\/\/www.facebook.com\/people\/Notimemes-de-los-Polticos\/61565672886568\/","article_published_time":"2019-05-13T03:55:59+00:00","og_image":[{"width":600,"height":324,"url":"https:\/\/lospoliticosveracruz.com\/wp-content\/uploads\/2019\/05\/Hector-Indira-Julen.jpg","type":"image\/jpeg"}],"author":"Lo viste en Los Pol\u00edticos","twitter_card":"summary_large_image","twitter_creator":"@LosPoliticosVer","twitter_site":"@LosPoliticosVer","twitter_misc":{"Escrito por":"Lo viste en Los Pol\u00edticos","Tiempo de lectura":"3 minutos"},"schema":{"@context":"https:\/\/schema.org","@graph":[{"@type":"Article","@id":"https:\/\/lospoliticosveracruz.com\/?p=48115#article","isPartOf":{"@id":"https:\/\/lospoliticosveracruz.com\/?p=48115"},"author":{"name":"Lo viste en Los Pol\u00edticos","@id":"https:\/\/lospoliticosveracruz.com\/#\/schema\/person\/b8702bb0e538456e6efd07080bf2a4a2"},"headline":"H\u00e9ctor, Indira y Julen","datePublished":"2019-05-13T03:55:59+00:00","mainEntityOfPage":{"@id":"https:\/\/lospoliticosveracruz.com\/?p=48115"},"wordCount":697,"commentCount":0,"publisher":{"@id":"https:\/\/lospoliticosveracruz.com\/#organization"},"image":{"@id":"https:\/\/lospoliticosveracruz.com\/?p=48115#primaryimage"},"thumbnailUrl":"https:\/\/lospoliticosveracruz.com\/wp-content\/uploads\/2019\/05\/Hector-Indira-Julen.jpg","keywords":["H\u00e9ctor Yunes Landa","Indira Rosales San Rom\u00e1n","Julen Rementer\u00eda del Puerto","Morena","Senado","Veracruz"],"articleSection":["De Opini\u00f3n"],"inLanguage":"es","potentialAction":[{"@type":"CommentAction","name":"Comment","target":["https:\/\/lospoliticosveracruz.com\/?p=48115#respond"]}]},{"@type":"WebPage","@id":"https:\/\/lospoliticosveracruz.com\/?p=48115","url":"https:\/\/lospoliticosveracruz.com\/?p=48115","name":"H\u00e9ctor, Indira y Julen - Los pol\u00edticos Veracruz","isPartOf":{"@id":"https:\/\/lospoliticosveracruz.com\/#website"},"primaryImageOfPage":{"@id":"https:\/\/lospoliticosveracruz.com\/?p=48115#primaryimage"},"image":{"@id":"https:\/\/lospoliticosveracruz.com\/?p=48115#primaryimage"},"thumbnailUrl":"https:\/\/lospoliticosveracruz.com\/wp-content\/uploads\/2019\/05\/Hector-Indira-Julen.jpg","datePublished":"2019-05-13T03:55:59+00:00","breadcrumb":{"@id":"https:\/\/lospoliticosveracruz.com\/?p=48115#breadcrumb"},"inLanguage":"es","potentialAction":[{"@type":"ReadAction","target":["https:\/\/lospoliticosveracruz.com\/?p=48115"]}]},{"@type":"ImageObject","inLanguage":"es","@id":"https:\/\/lospoliticosveracruz.com\/?p=48115#primaryimage","url":"https:\/\/lospoliticosveracruz.com\/wp-content\/uploads\/2019\/05\/Hector-Indira-Julen.jpg","contentUrl":"https:\/\/lospoliticosveracruz.com\/wp-content\/uploads\/2019\/05\/Hector-Indira-Julen.jpg","width":600,"height":324},{"@type":"BreadcrumbList","@id":"https:\/\/lospoliticosveracruz.com\/?p=48115#breadcrumb","itemListElement":[{"@type":"ListItem","position":1,"name":"Portada","item":"https:\/\/lospoliticosveracruz.com\/"},{"@type":"ListItem","position":2,"name":"H\u00e9ctor, Indira y Julen"}]},{"@type":"WebSite","@id":"https:\/\/lospoliticosveracruz.com\/#website","url":"https:\/\/lospoliticosveracruz.com\/","name":"Los pol\u00edticos Veracruz","description":"","publisher":{"@id":"https:\/\/lospoliticosveracruz.com\/#organization"},"potentialAction":[{"@type":"SearchAction","target":{"@type":"EntryPoint","urlTemplate":"https:\/\/lospoliticosveracruz.com\/?s={search_term_string}"},"query-input":{"@type":"PropertyValueSpecification","valueRequired":true,"valueName":"search_term_string"}}],"inLanguage":"es"},{"@type":"Organization","@id":"https:\/\/lospoliticosveracruz.com\/#organization","name":"Los pol\u00edticos Veracruz","url":"https:\/\/lospoliticosveracruz.com\/","logo":{"@type":"ImageObject","inLanguage":"es","@id":"https:\/\/lospoliticosveracruz.com\/#\/schema\/logo\/image\/","url":"https:\/\/lospoliticosveracruz.com\/wp-content\/uploads\/2025\/12\/Logo-Nuevo-LOS-POLITICOS-1.jpg","contentUrl":"https:\/\/lospoliticosveracruz.com\/wp-content\/uploads\/2025\/12\/Logo-Nuevo-LOS-POLITICOS-1.jpg","width":260,"height":70,"caption":"Los pol\u00edticos Veracruz"},"image":{"@id":"https:\/\/lospoliticosveracruz.com\/#\/schema\/logo\/image\/"},"sameAs":["https:\/\/www.facebook.com\/people\/Notimemes-de-los-Polticos\/61565672886568\/","https:\/\/x.com\/LosPoliticosVer"]},{"@type":"Person","@id":"https:\/\/lospoliticosveracruz.com\/#\/schema\/person\/b8702bb0e538456e6efd07080bf2a4a2","name":"Lo viste en Los Pol\u00edticos","image":{"@type":"ImageObject","inLanguage":"es","@id":"https:\/\/secure.gravatar.com\/avatar\/3a8de04a2656d44082be478bd6c086daa447c4651605818287b9532d3d0bd435?s=96&d=mm&r=g","url":"https:\/\/secure.gravatar.com\/avatar\/3a8de04a2656d44082be478bd6c086daa447c4651605818287b9532d3d0bd435?s=96&d=mm&r=g","contentUrl":"https:\/\/secure.gravatar.com\/avatar\/3a8de04a2656d44082be478bd6c086daa447c4651605818287b9532d3d0bd435?s=96&d=mm&r=g","caption":"Lo viste en Los Pol\u00edticos"},"url":"https:\/\/lospoliticosveracruz.com\/?author=2"}]}},"_links":{"self":[{"href":"https:\/\/lospoliticosveracruz.com\/index.php?rest_route=\/wp\/v2\/posts\/48115","targetHints":{"allow":["GET"]}}],"collection":[{"href":"https:\/\/lospoliticosveracruz.com\/index.php?rest_route=\/wp\/v2\/posts"}],"about":[{"href":"https:\/\/lospoliticosveracruz.com\/index.php?rest_route=\/wp\/v2\/types\/post"}],"author":[{"embeddable":true,"href":"https:\/\/lospoliticosveracruz.com\/index.php?rest_route=\/wp\/v2\/users\/2"}],"replies":[{"embeddable":true,"href":"https:\/\/lospoliticosveracruz.com\/index.php?rest_route=%2Fwp%2Fv2%2Fcomments&post=48115"}],"version-history":[{"count":2,"href":"https:\/\/lospoliticosveracruz.com\/index.php?rest_route=\/wp\/v2\/posts\/48115\/revisions"}],"predecessor-version":[{"id":48118,"href":"https:\/\/lospoliticosveracruz.com\/index.php?rest_route=\/wp\/v2\/posts\/48115\/revisions\/48118"}],"wp:featuredmedia":[{"embeddable":true,"href":"https:\/\/lospoliticosveracruz.com\/index.php?rest_route=\/wp\/v2\/media\/48116"}],"wp:attachment":[{"href":"https:\/\/lospoliticosveracruz.com\/index.php?rest_route=%2Fwp%2Fv2%2Fmedia&parent=48115"}],"wp:term":[{"taxonomy":"category","embeddable":true,"href":"https:\/\/lospoliticosveracruz.com\/index.php?rest_route=%2Fwp%2Fv2%2Fcategories&post=48115"},{"taxonomy":"post_tag","embeddable":true,"href":"https:\/\/lospoliticosveracruz.com\/index.php?rest_route=%2Fwp%2Fv2%2Ftags&post=48115"}],"curies":[{"name":"wp","href":"https:\/\/api.w.org\/{rel}","templated":true}]}}