{"id":48120,"date":"2019-05-12T22:56:08","date_gmt":"2019-05-13T03:56:08","guid":{"rendered":"http:\/\/www.lospoliticosveracruz.com.mx\/?p=48120"},"modified":"2019-05-12T21:09:28","modified_gmt":"2019-05-13T02:09:28","slug":"acoso-en-walmart","status":"publish","type":"post","link":"https:\/\/lospoliticosveracruz.com\/?p=48120","title":{"rendered":"Acoso en Walmart"},"content":{"rendered":"<p><strong>Brenda Caballero<\/strong><\/p>\n<p><em>N\u00fameros Rojos<\/em><\/p>\n<p>\u201cSe me olvid\u00f3 la comida de Nina\u201d, le dije a mi madre, raz\u00f3n por la que regres\u00e9 al pasillo de alimento para mascotas del Walmart ubicado en la Avenida L\u00e1zaro C\u00e1rdenas, en Xalapa, Veracruz. All\u00ed recuerdo haberlo visto por primera vez. Regres\u00e9 con mi madre que para ese momento estaba con el carrito del supermercado en el \u00e1rea del papel higi\u00e9nico. Parec\u00eda un d\u00eda normal de compras, con la diferencia de que un var\u00f3n con pantal\u00f3n de mezclilla, camisa amarilla, una mariconera, cabello con corte militar y una cadena dorada al cuello nos segu\u00eda muy de cerca. Mi madre y yo seguimos comprando, mientras que el se\u00f1or hac\u00eda que compraba y no compraba nada. Tomaba las cosas del estante y despu\u00e9s de mucho observarlas las volv\u00eda a colocar en su lugar. Su carro, apenas llevaba un par de cosas.<\/p>\n<p>Quise pensar en una coincidencia, ya que muchas veces cuando uno va de compras se topa m\u00e1s de una vez con otros clientes.<\/p>\n<p>Recorrimos aproximadamente diez pasillos mi madre y yo, hasta que una bolsa de cosas que hab\u00edamos pagado en farmacia se estaba rompiendo por lo voluminosa que era, le suger\u00ed llevarla al autom\u00f3vil que hab\u00edamos dejado en el estacionamiento.<\/p>\n<p>Mi madre accedi\u00f3. Me qued\u00e9 en el pasillo de l\u00e1cteos y cereales, pues iba a comprar leche; mientras, dos promotoras en ese pasillo mostraban a los clientes sus productos. Fue all\u00ed donde corrobor\u00e9 que el se\u00f1or me estaba acosando, pues en m\u00e1s de dos ocasiones pas\u00f3 detr\u00e1s de m\u00ed, murmurando cosas, que en realidad no escuch\u00e9. Ante su actitud, me coloqu\u00e9 entre el carrito y el estante, lo m\u00e1s pegada posible, como si no lo hubiera notado.<\/p>\n<p>\u00bfEnfrentarlo verbalmente?\u00bfLlamar al 911? Por desgracia traigo una laringitis que me impide hablar; y cuando pides ayuda de inmediato, te piden infinidad de datos que no habr\u00e1n podido salir de mi garganta. \u00bfLlamar a seguridad de la tienda? Pasar\u00eda lo mismo que siempre pasa, el acosador niega todo y de imaginativa y loca no te baja.<\/p>\n<p>Ante la tardanza de mi madre, trat\u00e9 de acercarme a un \u00e1rea abierta donde hubiera m\u00e1s gente, tom\u00e9 el celular y llam\u00e9 al marido. \u00c9l volvi\u00f3 a simular seguir comprando, pero regres\u00f3.<\/p>\n<p>Harta, despu\u00e9s de 40 minutos de su persecuci\u00f3n por media tienda, saqu\u00e9 el celular, lo enfoqu\u00e9 y le tom\u00e9 una foto. En ese momento mi madre llegaba, de inmediato se lo se\u00f1al\u00e9 y el var\u00f3n jal\u00f3 el carrito y huy\u00f3 del lugar.<\/p>\n<p>Al salir de la tienda coment\u00e9 el hecho con la cajera y otra persona en la zona de salida. No hubo mayor indicaci\u00f3n, limit\u00e1ndose \u00fanicamente a decir que posiblemente quer\u00eda robarme la bolsa. \u00bfQu\u00e9 hacer en estos casos? \u00bfLlamar a la polic\u00eda? No pod\u00edan agarrarlo en flagrancia para demostrar el hecho. \u00bfDenunciar? No te hizo nada, me dicen. \u00bfPedir los videos de la tienda? No tienes orden judicial. Incluso, al acercarme a amigos de instituciones de justicia su primera pregunta fue \u00bfC\u00f3mo ibas vestida? \u00a1Por Dios! Ahora hasta tengo que pensar antes de salir de casa qu\u00e9 ponerme, para poder pasar desapercibida de los acosadores. \u00bfAcaso necesito salir disfrazada de botarga? Seguramente as\u00ed nadie me dir\u00eda nada ni me perseguir\u00eda por 40 minutos. \u00a1No te molestes! Es para descartar l\u00edneas de investigaci\u00f3n. Me dicen. Tal vez tengan raz\u00f3n, pero no se vale pasar por el acoso de alguien desconocido que te hostiga y molesta y luego cuando acudes a pedir ayuda alguien te revictimice.<\/p>\n<p>Ahora puedo entender el porqu\u00e9 muchas mujeres se amparan de manera an\u00f3nima en el movimiento #MeToo en M\u00e9xico, a trav\u00e9s de las redes sociales, pues por desgracia en nuestro pa\u00eds no existen protocolos ni condiciones para poder denunciar penalmente el acoso sexual.<\/p>\n<p>De acuerdo a cifras del Secretariado del Ejecutivo Nacional, 7 de cada 10 mujeres sufren violencia y aunque se denuncia, el 98 por ciento de los casos queda en la impunidad.<\/p>\n<p>&nbsp;<\/p>\n<p><strong><em>Cargada contra Erika <\/em><\/strong><\/p>\n<p>La semana pasada, la diputada local Erika Ayala R\u00edos recibi\u00f3 innumerables cr\u00edticas y acusaciones por supuestamente tener en la n\u00f3mina del Cobaev a parientes y amigos. Si es cierto esto, habr\u00eda que investigar primero qui\u00e9n fue el que autoriz\u00f3 las altas en la n\u00f3mina de los personajes que han citado en torno a ella\u2026 All\u00ed hay un responsable y no precisamente Erika.<\/p>\n<p>\u00bfPor qu\u00e9 los ataques? Pudiera relacionarse con su voto a favor del Fiscal o incluso para bajarla de la pelea por la Alcald\u00eda de Xalapa. Sin embargo, en mi opini\u00f3n, la principal causa es porque es mujer.<\/p>\n<p>\u00bfCu\u00e1ntos dirigentes sindicales varones tienen en n\u00f3mina a toda su parentela, amigos y hasta amantes y no pasa nada? \u00bfCu\u00e1ntos casos de funcionarios, actualmente, que metieron a sus familiares en la SEV, secretar\u00eda del Trabajo, Salud y hasta en la Legislatura, no tienen la misma atenci\u00f3n de quienes indagan y se\u00f1alan\u00a0 hoy a Erika?<\/p>\n<p>&nbsp;<\/p>\n<p><strong>\u00bfM\u00f3nica Robles Barajas a la gubernatura?<\/strong><\/p>\n<p>El fin de semana corri\u00f3 el rumor como p\u00f3lvora de que Ver\u00f3nica Aguilar Tapia renunciaba a la Direcci\u00f3n de DIF Estatal y que su lugar ser\u00eda ocupado por la diputada local M\u00f3nica Robles Barajas. \u00bfSer\u00e1 que M\u00f3nica se enfile a la gubernatura? Pues con la fuerte amistad de su familia con el Presidente Andr\u00e9s Manuel L\u00f3pez Obrador y su posible colocaci\u00f3n en un puesto vinculado con el pueblo veracruzano, bien podr\u00eda irle tirando a la silla de Palacio de Gobierno.<\/p>\n<p>&nbsp;<\/p>\n<p>caballero_brenda@hotmail.com<\/p>\n<p>@NumerosRojos_BC<\/p>\n","protected":false},"excerpt":{"rendered":"<p>Brenda Caballero N\u00fameros Rojos \u201cSe me olvid\u00f3 la comida de Nina\u201d, le dije a mi madre, raz\u00f3n por la que regres\u00e9 al pasillo de alimento para mascotas del Walmart ubicado en la Avenida L\u00e1zaro C\u00e1rdenas, en Xalapa, Veracruz. All\u00ed recuerdo haberlo visto por primera vez. Regres\u00e9 con mi madre que para ese momento estaba con [&hellip;]<\/p>\n","protected":false},"author":2,"featured_media":48121,"comment_status":"open","ping_status":"open","sticky":false,"template":"","format":"standard","meta":{"tdm_status":"","tdm_grid_status":"","footnotes":""},"categories":[70],"tags":[96],"class_list":{"0":"post-48120","1":"post","2":"type-post","3":"status-publish","4":"format-standard","5":"has-post-thumbnail","7":"category-de-opinion","8":"tag-xalapa"},"yoast_head":"<!-- This site is optimized with the Yoast SEO plugin v27.4 - https:\/\/yoast.com\/product\/yoast-seo-wordpress\/ -->\n<title>Acoso en Walmart - Los pol\u00edticos Veracruz<\/title>\n<meta name=\"robots\" content=\"index, follow, max-snippet:-1, max-image-preview:large, max-video-preview:-1\" \/>\n<link rel=\"canonical\" href=\"https:\/\/lospoliticosveracruz.com\/?p=48120\" \/>\n<meta property=\"og:locale\" content=\"es_ES\" \/>\n<meta property=\"og:type\" content=\"article\" \/>\n<meta property=\"og:title\" content=\"Acoso en Walmart - Los pol\u00edticos Veracruz\" \/>\n<meta property=\"og:description\" content=\"Brenda Caballero N\u00fameros Rojos \u201cSe me olvid\u00f3 la comida de Nina\u201d, le dije a mi madre, raz\u00f3n por la que regres\u00e9 al pasillo de alimento para mascotas del Walmart ubicado en la Avenida L\u00e1zaro C\u00e1rdenas, en Xalapa, Veracruz. All\u00ed recuerdo haberlo visto por primera vez. Regres\u00e9 con mi madre que para ese momento estaba con [&hellip;]\" \/>\n<meta property=\"og:url\" content=\"https:\/\/lospoliticosveracruz.com\/?p=48120\" \/>\n<meta property=\"og:site_name\" content=\"Los pol\u00edticos Veracruz\" \/>\n<meta property=\"article:publisher\" content=\"https:\/\/www.facebook.com\/people\/Notimemes-de-los-Polticos\/61565672886568\/\" \/>\n<meta property=\"article:published_time\" content=\"2019-05-13T03:56:08+00:00\" \/>\n<meta property=\"og:image\" content=\"https:\/\/lospoliticosveracruz.com\/wp-content\/uploads\/2019\/05\/Acosador.jpg\" \/>\n\t<meta property=\"og:image:width\" content=\"600\" \/>\n\t<meta property=\"og:image:height\" content=\"396\" \/>\n\t<meta property=\"og:image:type\" content=\"image\/jpeg\" \/>\n<meta name=\"author\" content=\"Lo viste en Los Pol\u00edticos\" \/>\n<meta name=\"twitter:card\" content=\"summary_large_image\" \/>\n<meta name=\"twitter:creator\" content=\"@LosPoliticosVer\" \/>\n<meta name=\"twitter:site\" content=\"@LosPoliticosVer\" \/>\n<meta name=\"twitter:label1\" content=\"Escrito por\" \/>\n\t<meta name=\"twitter:data1\" content=\"Lo viste en Los Pol\u00edticos\" \/>\n\t<meta name=\"twitter:label2\" content=\"Tiempo de lectura\" \/>\n\t<meta name=\"twitter:data2\" content=\"5 minutos\" \/>\n<script type=\"application\/ld+json\" class=\"yoast-schema-graph\">{\"@context\":\"https:\\\/\\\/schema.org\",\"@graph\":[{\"@type\":\"Article\",\"@id\":\"https:\\\/\\\/lospoliticosveracruz.com\\\/?p=48120#article\",\"isPartOf\":{\"@id\":\"https:\\\/\\\/lospoliticosveracruz.com\\\/?p=48120\"},\"author\":{\"name\":\"Lo viste en Los Pol\u00edticos\",\"@id\":\"https:\\\/\\\/lospoliticosveracruz.com\\\/#\\\/schema\\\/person\\\/b8702bb0e538456e6efd07080bf2a4a2\"},\"headline\":\"Acoso en Walmart\",\"datePublished\":\"2019-05-13T03:56:08+00:00\",\"mainEntityOfPage\":{\"@id\":\"https:\\\/\\\/lospoliticosveracruz.com\\\/?p=48120\"},\"wordCount\":967,\"commentCount\":0,\"publisher\":{\"@id\":\"https:\\\/\\\/lospoliticosveracruz.com\\\/#organization\"},\"image\":{\"@id\":\"https:\\\/\\\/lospoliticosveracruz.com\\\/?p=48120#primaryimage\"},\"thumbnailUrl\":\"https:\\\/\\\/lospoliticosveracruz.com\\\/wp-content\\\/uploads\\\/2019\\\/05\\\/Acosador.jpg\",\"keywords\":[\"Xalapa\"],\"articleSection\":[\"De Opini\u00f3n\"],\"inLanguage\":\"es\",\"potentialAction\":[{\"@type\":\"CommentAction\",\"name\":\"Comment\",\"target\":[\"https:\\\/\\\/lospoliticosveracruz.com\\\/?p=48120#respond\"]}]},{\"@type\":\"WebPage\",\"@id\":\"https:\\\/\\\/lospoliticosveracruz.com\\\/?p=48120\",\"url\":\"https:\\\/\\\/lospoliticosveracruz.com\\\/?p=48120\",\"name\":\"Acoso en Walmart - Los pol\u00edticos Veracruz\",\"isPartOf\":{\"@id\":\"https:\\\/\\\/lospoliticosveracruz.com\\\/#website\"},\"primaryImageOfPage\":{\"@id\":\"https:\\\/\\\/lospoliticosveracruz.com\\\/?p=48120#primaryimage\"},\"image\":{\"@id\":\"https:\\\/\\\/lospoliticosveracruz.com\\\/?p=48120#primaryimage\"},\"thumbnailUrl\":\"https:\\\/\\\/lospoliticosveracruz.com\\\/wp-content\\\/uploads\\\/2019\\\/05\\\/Acosador.jpg\",\"datePublished\":\"2019-05-13T03:56:08+00:00\",\"breadcrumb\":{\"@id\":\"https:\\\/\\\/lospoliticosveracruz.com\\\/?p=48120#breadcrumb\"},\"inLanguage\":\"es\",\"potentialAction\":[{\"@type\":\"ReadAction\",\"target\":[\"https:\\\/\\\/lospoliticosveracruz.com\\\/?p=48120\"]}]},{\"@type\":\"ImageObject\",\"inLanguage\":\"es\",\"@id\":\"https:\\\/\\\/lospoliticosveracruz.com\\\/?p=48120#primaryimage\",\"url\":\"https:\\\/\\\/lospoliticosveracruz.com\\\/wp-content\\\/uploads\\\/2019\\\/05\\\/Acosador.jpg\",\"contentUrl\":\"https:\\\/\\\/lospoliticosveracruz.com\\\/wp-content\\\/uploads\\\/2019\\\/05\\\/Acosador.jpg\",\"width\":600,\"height\":396},{\"@type\":\"BreadcrumbList\",\"@id\":\"https:\\\/\\\/lospoliticosveracruz.com\\\/?p=48120#breadcrumb\",\"itemListElement\":[{\"@type\":\"ListItem\",\"position\":1,\"name\":\"Portada\",\"item\":\"https:\\\/\\\/lospoliticosveracruz.com\\\/\"},{\"@type\":\"ListItem\",\"position\":2,\"name\":\"Acoso en Walmart\"}]},{\"@type\":\"WebSite\",\"@id\":\"https:\\\/\\\/lospoliticosveracruz.com\\\/#website\",\"url\":\"https:\\\/\\\/lospoliticosveracruz.com\\\/\",\"name\":\"Los pol\u00edticos Veracruz\",\"description\":\"\",\"publisher\":{\"@id\":\"https:\\\/\\\/lospoliticosveracruz.com\\\/#organization\"},\"potentialAction\":[{\"@type\":\"SearchAction\",\"target\":{\"@type\":\"EntryPoint\",\"urlTemplate\":\"https:\\\/\\\/lospoliticosveracruz.com\\\/?s={search_term_string}\"},\"query-input\":{\"@type\":\"PropertyValueSpecification\",\"valueRequired\":true,\"valueName\":\"search_term_string\"}}],\"inLanguage\":\"es\"},{\"@type\":\"Organization\",\"@id\":\"https:\\\/\\\/lospoliticosveracruz.com\\\/#organization\",\"name\":\"Los pol\u00edticos Veracruz\",\"url\":\"https:\\\/\\\/lospoliticosveracruz.com\\\/\",\"logo\":{\"@type\":\"ImageObject\",\"inLanguage\":\"es\",\"@id\":\"https:\\\/\\\/lospoliticosveracruz.com\\\/#\\\/schema\\\/logo\\\/image\\\/\",\"url\":\"https:\\\/\\\/lospoliticosveracruz.com\\\/wp-content\\\/uploads\\\/2025\\\/12\\\/Logo-Nuevo-LOS-POLITICOS-1.jpg\",\"contentUrl\":\"https:\\\/\\\/lospoliticosveracruz.com\\\/wp-content\\\/uploads\\\/2025\\\/12\\\/Logo-Nuevo-LOS-POLITICOS-1.jpg\",\"width\":260,\"height\":70,\"caption\":\"Los pol\u00edticos Veracruz\"},\"image\":{\"@id\":\"https:\\\/\\\/lospoliticosveracruz.com\\\/#\\\/schema\\\/logo\\\/image\\\/\"},\"sameAs\":[\"https:\\\/\\\/www.facebook.com\\\/people\\\/Notimemes-de-los-Polticos\\\/61565672886568\\\/\",\"https:\\\/\\\/x.com\\\/LosPoliticosVer\"]},{\"@type\":\"Person\",\"@id\":\"https:\\\/\\\/lospoliticosveracruz.com\\\/#\\\/schema\\\/person\\\/b8702bb0e538456e6efd07080bf2a4a2\",\"name\":\"Lo viste en Los Pol\u00edticos\",\"image\":{\"@type\":\"ImageObject\",\"inLanguage\":\"es\",\"@id\":\"https:\\\/\\\/secure.gravatar.com\\\/avatar\\\/3a8de04a2656d44082be478bd6c086daa447c4651605818287b9532d3d0bd435?s=96&d=mm&r=g\",\"url\":\"https:\\\/\\\/secure.gravatar.com\\\/avatar\\\/3a8de04a2656d44082be478bd6c086daa447c4651605818287b9532d3d0bd435?s=96&d=mm&r=g\",\"contentUrl\":\"https:\\\/\\\/secure.gravatar.com\\\/avatar\\\/3a8de04a2656d44082be478bd6c086daa447c4651605818287b9532d3d0bd435?s=96&d=mm&r=g\",\"caption\":\"Lo viste en Los Pol\u00edticos\"},\"url\":\"https:\\\/\\\/lospoliticosveracruz.com\\\/?author=2\"}]}<\/script>\n<!-- \/ Yoast SEO plugin. -->","yoast_head_json":{"title":"Acoso en Walmart - Los pol\u00edticos Veracruz","robots":{"index":"index","follow":"follow","max-snippet":"max-snippet:-1","max-image-preview":"max-image-preview:large","max-video-preview":"max-video-preview:-1"},"canonical":"https:\/\/lospoliticosveracruz.com\/?p=48120","og_locale":"es_ES","og_type":"article","og_title":"Acoso en Walmart - Los pol\u00edticos Veracruz","og_description":"Brenda Caballero N\u00fameros Rojos \u201cSe me olvid\u00f3 la comida de Nina\u201d, le dije a mi madre, raz\u00f3n por la que regres\u00e9 al pasillo de alimento para mascotas del Walmart ubicado en la Avenida L\u00e1zaro C\u00e1rdenas, en Xalapa, Veracruz. All\u00ed recuerdo haberlo visto por primera vez. Regres\u00e9 con mi madre que para ese momento estaba con [&hellip;]","og_url":"https:\/\/lospoliticosveracruz.com\/?p=48120","og_site_name":"Los pol\u00edticos Veracruz","article_publisher":"https:\/\/www.facebook.com\/people\/Notimemes-de-los-Polticos\/61565672886568\/","article_published_time":"2019-05-13T03:56:08+00:00","og_image":[{"width":600,"height":396,"url":"https:\/\/lospoliticosveracruz.com\/wp-content\/uploads\/2019\/05\/Acosador.jpg","type":"image\/jpeg"}],"author":"Lo viste en Los Pol\u00edticos","twitter_card":"summary_large_image","twitter_creator":"@LosPoliticosVer","twitter_site":"@LosPoliticosVer","twitter_misc":{"Escrito por":"Lo viste en Los Pol\u00edticos","Tiempo de lectura":"5 minutos"},"schema":{"@context":"https:\/\/schema.org","@graph":[{"@type":"Article","@id":"https:\/\/lospoliticosveracruz.com\/?p=48120#article","isPartOf":{"@id":"https:\/\/lospoliticosveracruz.com\/?p=48120"},"author":{"name":"Lo viste en Los Pol\u00edticos","@id":"https:\/\/lospoliticosveracruz.com\/#\/schema\/person\/b8702bb0e538456e6efd07080bf2a4a2"},"headline":"Acoso en Walmart","datePublished":"2019-05-13T03:56:08+00:00","mainEntityOfPage":{"@id":"https:\/\/lospoliticosveracruz.com\/?p=48120"},"wordCount":967,"commentCount":0,"publisher":{"@id":"https:\/\/lospoliticosveracruz.com\/#organization"},"image":{"@id":"https:\/\/lospoliticosveracruz.com\/?p=48120#primaryimage"},"thumbnailUrl":"https:\/\/lospoliticosveracruz.com\/wp-content\/uploads\/2019\/05\/Acosador.jpg","keywords":["Xalapa"],"articleSection":["De Opini\u00f3n"],"inLanguage":"es","potentialAction":[{"@type":"CommentAction","name":"Comment","target":["https:\/\/lospoliticosveracruz.com\/?p=48120#respond"]}]},{"@type":"WebPage","@id":"https:\/\/lospoliticosveracruz.com\/?p=48120","url":"https:\/\/lospoliticosveracruz.com\/?p=48120","name":"Acoso en Walmart - Los pol\u00edticos Veracruz","isPartOf":{"@id":"https:\/\/lospoliticosveracruz.com\/#website"},"primaryImageOfPage":{"@id":"https:\/\/lospoliticosveracruz.com\/?p=48120#primaryimage"},"image":{"@id":"https:\/\/lospoliticosveracruz.com\/?p=48120#primaryimage"},"thumbnailUrl":"https:\/\/lospoliticosveracruz.com\/wp-content\/uploads\/2019\/05\/Acosador.jpg","datePublished":"2019-05-13T03:56:08+00:00","breadcrumb":{"@id":"https:\/\/lospoliticosveracruz.com\/?p=48120#breadcrumb"},"inLanguage":"es","potentialAction":[{"@type":"ReadAction","target":["https:\/\/lospoliticosveracruz.com\/?p=48120"]}]},{"@type":"ImageObject","inLanguage":"es","@id":"https:\/\/lospoliticosveracruz.com\/?p=48120#primaryimage","url":"https:\/\/lospoliticosveracruz.com\/wp-content\/uploads\/2019\/05\/Acosador.jpg","contentUrl":"https:\/\/lospoliticosveracruz.com\/wp-content\/uploads\/2019\/05\/Acosador.jpg","width":600,"height":396},{"@type":"BreadcrumbList","@id":"https:\/\/lospoliticosveracruz.com\/?p=48120#breadcrumb","itemListElement":[{"@type":"ListItem","position":1,"name":"Portada","item":"https:\/\/lospoliticosveracruz.com\/"},{"@type":"ListItem","position":2,"name":"Acoso en Walmart"}]},{"@type":"WebSite","@id":"https:\/\/lospoliticosveracruz.com\/#website","url":"https:\/\/lospoliticosveracruz.com\/","name":"Los pol\u00edticos Veracruz","description":"","publisher":{"@id":"https:\/\/lospoliticosveracruz.com\/#organization"},"potentialAction":[{"@type":"SearchAction","target":{"@type":"EntryPoint","urlTemplate":"https:\/\/lospoliticosveracruz.com\/?s={search_term_string}"},"query-input":{"@type":"PropertyValueSpecification","valueRequired":true,"valueName":"search_term_string"}}],"inLanguage":"es"},{"@type":"Organization","@id":"https:\/\/lospoliticosveracruz.com\/#organization","name":"Los pol\u00edticos Veracruz","url":"https:\/\/lospoliticosveracruz.com\/","logo":{"@type":"ImageObject","inLanguage":"es","@id":"https:\/\/lospoliticosveracruz.com\/#\/schema\/logo\/image\/","url":"https:\/\/lospoliticosveracruz.com\/wp-content\/uploads\/2025\/12\/Logo-Nuevo-LOS-POLITICOS-1.jpg","contentUrl":"https:\/\/lospoliticosveracruz.com\/wp-content\/uploads\/2025\/12\/Logo-Nuevo-LOS-POLITICOS-1.jpg","width":260,"height":70,"caption":"Los pol\u00edticos Veracruz"},"image":{"@id":"https:\/\/lospoliticosveracruz.com\/#\/schema\/logo\/image\/"},"sameAs":["https:\/\/www.facebook.com\/people\/Notimemes-de-los-Polticos\/61565672886568\/","https:\/\/x.com\/LosPoliticosVer"]},{"@type":"Person","@id":"https:\/\/lospoliticosveracruz.com\/#\/schema\/person\/b8702bb0e538456e6efd07080bf2a4a2","name":"Lo viste en Los Pol\u00edticos","image":{"@type":"ImageObject","inLanguage":"es","@id":"https:\/\/secure.gravatar.com\/avatar\/3a8de04a2656d44082be478bd6c086daa447c4651605818287b9532d3d0bd435?s=96&d=mm&r=g","url":"https:\/\/secure.gravatar.com\/avatar\/3a8de04a2656d44082be478bd6c086daa447c4651605818287b9532d3d0bd435?s=96&d=mm&r=g","contentUrl":"https:\/\/secure.gravatar.com\/avatar\/3a8de04a2656d44082be478bd6c086daa447c4651605818287b9532d3d0bd435?s=96&d=mm&r=g","caption":"Lo viste en Los Pol\u00edticos"},"url":"https:\/\/lospoliticosveracruz.com\/?author=2"}]}},"_links":{"self":[{"href":"https:\/\/lospoliticosveracruz.com\/index.php?rest_route=\/wp\/v2\/posts\/48120","targetHints":{"allow":["GET"]}}],"collection":[{"href":"https:\/\/lospoliticosveracruz.com\/index.php?rest_route=\/wp\/v2\/posts"}],"about":[{"href":"https:\/\/lospoliticosveracruz.com\/index.php?rest_route=\/wp\/v2\/types\/post"}],"author":[{"embeddable":true,"href":"https:\/\/lospoliticosveracruz.com\/index.php?rest_route=\/wp\/v2\/users\/2"}],"replies":[{"embeddable":true,"href":"https:\/\/lospoliticosveracruz.com\/index.php?rest_route=%2Fwp%2Fv2%2Fcomments&post=48120"}],"version-history":[{"count":1,"href":"https:\/\/lospoliticosveracruz.com\/index.php?rest_route=\/wp\/v2\/posts\/48120\/revisions"}],"predecessor-version":[{"id":48122,"href":"https:\/\/lospoliticosveracruz.com\/index.php?rest_route=\/wp\/v2\/posts\/48120\/revisions\/48122"}],"wp:featuredmedia":[{"embeddable":true,"href":"https:\/\/lospoliticosveracruz.com\/index.php?rest_route=\/wp\/v2\/media\/48121"}],"wp:attachment":[{"href":"https:\/\/lospoliticosveracruz.com\/index.php?rest_route=%2Fwp%2Fv2%2Fmedia&parent=48120"}],"wp:term":[{"taxonomy":"category","embeddable":true,"href":"https:\/\/lospoliticosveracruz.com\/index.php?rest_route=%2Fwp%2Fv2%2Fcategories&post=48120"},{"taxonomy":"post_tag","embeddable":true,"href":"https:\/\/lospoliticosveracruz.com\/index.php?rest_route=%2Fwp%2Fv2%2Ftags&post=48120"}],"curies":[{"name":"wp","href":"https:\/\/api.w.org\/{rel}","templated":true}]}}