{"id":48123,"date":"2019-05-13T09:04:53","date_gmt":"2019-05-13T14:04:53","guid":{"rendered":"http:\/\/www.lospoliticosveracruz.com.mx\/?p=48123"},"modified":"2019-05-13T09:04:53","modified_gmt":"2019-05-13T14:04:53","slug":"los-otros-ogts","status":"publish","type":"post","link":"https:\/\/lospoliticosveracruz.com\/?p=48123","title":{"rendered":"Los otros OGT&#8217;s"},"content":{"rendered":"<p><strong>Ricardo Ch\u00faa<\/strong><\/p>\n<p><em>Sale y Vale<\/em><\/p>\n<p>EL OTRO OGT&#8230; Si bien es cierto no se puede borrar la forma en que gobern\u00f3 Veracruz, Javier Duarte y por lo cual est\u00e1 pagando un castigo ante la c\u00e1rcel&#8230; Pero es verdad tambi\u00e9n, que est\u00e1 parte de su vida, deja una lecci\u00f3n a todos y es la que un d\u00eda dijo \u00abMichel Corleone\u00bb, en la pelicula \u00abEl Padrino\u00bb, escrita por Mario Puzzo, que dice: \u00abEn la vida hay que saber 3 cosas: No rogarle nada a nadie, no confiar en nadie, no esperar nada de nadie\u00bb.. Esa sentencia se le cumpli\u00f3 para \u00e9l y quiz\u00e1s un d\u00eda para todos nosotros&#8230;<\/p>\n<p>Quienes conocieron de cerca a Javier Duarte, se\u00f1alan que era un hombre bueno, agradable, dicharachero, risue\u00f1o pese a todo lo que sufri\u00f3 de ni\u00f1o por no tener a su padre, fallecido en el temblor de 1985 en CDMX&#8230; Pero ya en la pol\u00edtica y en el poder todo cambi\u00f3 para aquel joven que agarraba autob\u00fas para llegar a la Universidad&#8230; Olvido a sus amigos de siempre y se dej\u00f3 rodear por una serie de \u00abcortesanos\u00bb y nuevos \u00abamigos\u00bb millonarios que lo hicieron creer que el poder es eterno&#8230; Y lo dem\u00e1s es historia&#8230;<\/p>\n<p>Ayer se dio la noticia que el Poder Judicial Federal orden\u00f3 a la Fiscal\u00eda General de la Rep\u00fablica (FGR) \u00abdescongelar\u00bb las cuentas bancarias de un personaje de nombre: Rafael Gerardo Rosas Bocardo&#8230; Que es un presunto prestanombres del ex gobernador, tan s\u00f3lo porque decidi\u00f3 cooperar con la ley&#8230; Y, obvio para hundir m\u00e1s al personaje que lo hizo millonario con dinero p\u00fablico&#8230; Aqu\u00ed s\u00f3lo queda una frase: \u00abQue poca madre\u00bb.. Y una reflexi\u00f3n: \u00abamigo, el rat\u00f3n del queso\u00bb&#8230;<\/p>\n<p>Hoy Duarte esta en la c\u00e1rcel y el otro disfrutando de su dinero que hizo de manera particular con dinero \u00abque era\u00bb del ex mandatario estatal&#8230; Muy pocos son los amigos en la desgracia&#8230; Muy pocos dan la cara por t\u00ed, a pesar de que los beneficiaste por a\u00f1os&#8230; Esto es el ejemplo que cuando las amistades se afianzan por dinero, la traici\u00f3n es eminente&#8230; hay que recordar que \u00abes m\u00e1s segura la lealtad en la complicidad, que en la amistad\u00bb&#8230; Vean d\u00f3nde est\u00e1 Tarek Abdala y en d\u00f3nde Javier&#8230; Por eso dicen que los OGTS no merecen perd\u00f3n.. AMEN&#8230;<\/p>\n<p>CUITL\u00c1HUAC, LA OTRA CA\u00cdDA&#8230; Nos dice La Fuente que la PREOCUPACI\u00d3N en Palacio Nacional sobre el gobernador, Cuitl\u00e1huac Garc\u00eda Jim\u00e9nez y su conducci\u00f3n de Veracruz, es real&#8230; Sobre todo por la INGOBERNABILIDAD que vive su administraci\u00f3n y por la forma que actuan sus adversarios pol\u00edticos para que su \u00abca\u00edda\u00bb sea segura&#8230; Por eso seguir\u00e1n pugnando que pol\u00edticamente su trabajo no alcance para lograr gobernar la entidad&#8230; Misma que por lo visto no necesita mucho de \u00abesa\u00bb ayuda&#8230; Sus aliados solitos lo empinan&#8230;<\/p>\n<p>Esa poderosa Fuente&#8230; Se\u00f1ala que los \u00abenemigos\u00bb del gobernador&#8230; No van a esperar los dichosos 2 a\u00f1os para que el Estado se encuentre sumido en crisis y se cumple ese \u00abpresagio\u00bb que L\u00f3pez Obrador, no tendr\u00e1 de otra que sacar el peque\u00f1o priista que lleva dentro, y al estilo Carlos Salinas, de remover a gobernadores que est\u00e1n llevando al \u00abquiebre\u00bb a MORENA y afecten su Cuarta Transformaci\u00f3n&#8230; Y, bueno, ver que hasta el 2020 Cuitl\u00e1huac pueda pedir licencia&#8230; Pero los tiempos se adelantaron&#8230;<\/p>\n<p>Ya que los informes que tienen, es que grupos de poder pol\u00edtico y econ\u00f3mico en Veracruz&#8230; Ya tienen un candidato para enfrentar a MORENA si es que la remoci\u00f3n es antes de los dos a\u00f1os&#8230; Y este ser\u00eda el propio Fiscal del Estado, Jorge Winckler, que pas\u00f3 de ser \u00abel malo de la pel\u00edcula al bueno de ella\u00bb, en tan s\u00f3lo 6 meses, por eso fuerzas adversarias a Morenos quieren provocar adelantar la elecci\u00f3n&#8230; Una extraordinaria&#8230; No con un Yunes de candidato, tampoco con Julen, H\u00e9ctor o Pepe&#8230; Sino con un Winckler&#8230; As\u00ed como lo leen&#8230;<\/p>\n<p>La Fuente dice que los que han hecho este an\u00e1lisis mencionan que Winckler, en este momento, ni publicidad necesita&#8230; Que tampoco ser\u00eda un personaje que requiera posicionamiento&#8230; De eso se encarg\u00f3 MORENA&#8230; Sin desearlo Cuitl\u00e1huac y Eric Cisneros lograron que sea ahora el Fiscal m\u00e1s conocido en M\u00e9xico&#8230; Con todo el pleito medi\u00e1tico inmerso&#8230; Alguien que sepa realmente de comunicaci\u00f3n pol\u00edtica, \u00bflo duda?&#8230; As\u00ed que el intento de un segundo desafuero&#8230; Lo va a volver a poner por las \u00abnubes\u00bb por las \u00abbenditas\u00bb redes sociales&#8230;<\/p>\n<p>Sobre todo ahora que en Congreso Local hay una posible \u00abfractura\u00bb entre diputados de MORENA y se analiza la posibilidad de sustituir a Juan Javier G\u00f3mez Cazarin, de la Presidencia de la Junta de Coordinaci\u00f3n Pol\u00edtica&#8230; Por lo cual, se ve que esta \u00absegunda intentona\u00bb de un Juicio Pol\u00edtico al Fiscal, quedar\u00e1 en eso, en intentona&#8230; Ya que los legisladores que NO est\u00e1n abyectos a Cuitl\u00e1huac o Eric Cisneros, saben que este gobierno no les dar\u00e1 m\u00e1s poder pol\u00edtico&#8230;. \u00bfEntonces para qu\u00e9 le son leales a sus gobernantes?&#8230;<\/p>\n<p>As\u00ed que negociando con estos grupos de poder, adversos a MORENA, pueden volver intentar la reelecci\u00f3n&#8230; Dinero tendr\u00e1n&#8230; Ya que luego de los ataques a Ericka Ayala por el tema del sindicato del COBAEV saben los dem\u00e1s que pueden correr la misma suerte, si no unen su voto permanente a la bancada del PAN&#8230; Obvio atr\u00e1s de esto, hay un talento pol\u00edtico que lo maneja y que sabe muy bien para que sirve el poder y dinero&#8230;. M\u00e1s cuando enfrente, t\u00fa rival est\u00e1 muy por debajo de tu nivel operativo y pol\u00edtico&#8230;<\/p>\n<p>La prueba real, sostiene La Fuente, ser\u00e1n esos diputados locales Morenos que har\u00e1n su bloque contra sus hom\u00f3logos&#8230; Habr\u00e1 entonces m\u00e1s divisi\u00f3n interna&#8230; Lo cual provocar\u00e1 que al gobierno de Cuitl\u00e1huac no le aprueben las iniciativas de ley, por lo tanto la INGOBERNABILIDAD se har\u00e1 m\u00e1s patente&#8230; M\u00e1s si en los dos periodos ordinarios pasados solo pudieron aprobar 4 iniciativas de ley&#8230; Lo cual significa que la productividad del Congreso del Estado es NULA.. No tienen idea de donde le llegan los \u00abmameyazos\u00bb&#8230;<\/p>\n<p>Pero m\u00e1s all\u00e1 de esto, confirma La Fuente, los adversarios de MORENA ya \u00abolieron la sangre\u00bb que los divide y con eso jugar\u00e1n para \u00abacelerar\u00bb la ca\u00edda de Garc\u00eda Jim\u00e9nez&#8230; Por eso buscan abrir ese escenario, de que se le altere la designaci\u00f3n a L\u00f3pez Obrador en este gobierno estatal y se juegue al ritmo que ellos est\u00e1n dictando&#8230; Acaso creen que los recientes ataques a PapaYunes y al propio Winckler son de \u00aba gratis\u00bb&#8230; Hasta les echan encima delitos que algunos de ellos ya prescribieron para el primero&#8230;<\/p>\n","protected":false},"excerpt":{"rendered":"<p>Ricardo Ch\u00faa Sale y Vale EL OTRO OGT&#8230; Si bien es cierto no se puede borrar la forma en que gobern\u00f3 Veracruz, Javier Duarte y por lo cual est\u00e1 pagando un castigo ante la c\u00e1rcel&#8230; Pero es verdad tambi\u00e9n, que est\u00e1 parte de su vida, deja una lecci\u00f3n a todos y es la que un [&hellip;]<\/p>\n","protected":false},"author":2,"featured_media":48124,"comment_status":"open","ping_status":"open","sticky":false,"template":"","format":"standard","meta":{"tdm_status":"","tdm_grid_status":"","footnotes":""},"categories":[70],"tags":[618,1563,260,6150,12695,6556,332],"class_list":{"0":"post-48123","1":"post","2":"type-post","3":"status-publish","4":"format-standard","5":"has-post-thumbnail","7":"category-de-opinion","8":"tag-andres-manuel-lopez-obrador","9":"tag-cuitlahuac-garcia-jimenez","10":"tag-javier-duarte-de-ochoa","11":"tag-jorge-winckler-ortiz","12":"tag-juan-javier-gomez-cazarin","13":"tag-rafael-gerardo-rosas-bocardo","14":"tag-tarek-abdala"},"yoast_head":"<!-- This site is optimized with the Yoast SEO plugin v27.4 - https:\/\/yoast.com\/product\/yoast-seo-wordpress\/ -->\n<title>Los otros OGT&#039;s - Los pol\u00edticos Veracruz<\/title>\n<meta name=\"robots\" content=\"index, follow, max-snippet:-1, max-image-preview:large, max-video-preview:-1\" \/>\n<link rel=\"canonical\" href=\"https:\/\/lospoliticosveracruz.com\/?p=48123\" \/>\n<meta property=\"og:locale\" content=\"es_ES\" \/>\n<meta property=\"og:type\" content=\"article\" \/>\n<meta property=\"og:title\" content=\"Los otros OGT&#039;s - Los pol\u00edticos Veracruz\" \/>\n<meta property=\"og:description\" content=\"Ricardo Ch\u00faa Sale y Vale EL OTRO OGT&#8230; Si bien es cierto no se puede borrar la forma en que gobern\u00f3 Veracruz, Javier Duarte y por lo cual est\u00e1 pagando un castigo ante la c\u00e1rcel&#8230; Pero es verdad tambi\u00e9n, que est\u00e1 parte de su vida, deja una lecci\u00f3n a todos y es la que un [&hellip;]\" \/>\n<meta property=\"og:url\" content=\"https:\/\/lospoliticosveracruz.com\/?p=48123\" \/>\n<meta property=\"og:site_name\" content=\"Los pol\u00edticos Veracruz\" \/>\n<meta property=\"article:publisher\" content=\"https:\/\/www.facebook.com\/people\/Notimemes-de-los-Polticos\/61565672886568\/\" \/>\n<meta property=\"article:published_time\" content=\"2019-05-13T14:04:53+00:00\" \/>\n<meta property=\"og:image\" content=\"https:\/\/lospoliticosveracruz.com\/wp-content\/uploads\/2019\/05\/Duarte-Cuic-Winckler.jpg\" \/>\n\t<meta property=\"og:image:width\" content=\"600\" \/>\n\t<meta property=\"og:image:height\" content=\"364\" \/>\n\t<meta property=\"og:image:type\" content=\"image\/jpeg\" \/>\n<meta name=\"author\" content=\"Lo viste en Los Pol\u00edticos\" \/>\n<meta name=\"twitter:card\" content=\"summary_large_image\" \/>\n<meta name=\"twitter:creator\" content=\"@LosPoliticosVer\" \/>\n<meta name=\"twitter:site\" content=\"@LosPoliticosVer\" \/>\n<meta name=\"twitter:label1\" content=\"Escrito por\" \/>\n\t<meta name=\"twitter:data1\" content=\"Lo viste en Los Pol\u00edticos\" \/>\n\t<meta name=\"twitter:label2\" content=\"Tiempo de lectura\" \/>\n\t<meta name=\"twitter:data2\" content=\"6 minutos\" \/>\n<script type=\"application\/ld+json\" class=\"yoast-schema-graph\">{\"@context\":\"https:\\\/\\\/schema.org\",\"@graph\":[{\"@type\":\"Article\",\"@id\":\"https:\\\/\\\/lospoliticosveracruz.com\\\/?p=48123#article\",\"isPartOf\":{\"@id\":\"https:\\\/\\\/lospoliticosveracruz.com\\\/?p=48123\"},\"author\":{\"name\":\"Lo viste en Los Pol\u00edticos\",\"@id\":\"https:\\\/\\\/lospoliticosveracruz.com\\\/#\\\/schema\\\/person\\\/b8702bb0e538456e6efd07080bf2a4a2\"},\"headline\":\"Los otros OGT&#8217;s\",\"datePublished\":\"2019-05-13T14:04:53+00:00\",\"mainEntityOfPage\":{\"@id\":\"https:\\\/\\\/lospoliticosveracruz.com\\\/?p=48123\"},\"wordCount\":1168,\"commentCount\":0,\"publisher\":{\"@id\":\"https:\\\/\\\/lospoliticosveracruz.com\\\/#organization\"},\"image\":{\"@id\":\"https:\\\/\\\/lospoliticosveracruz.com\\\/?p=48123#primaryimage\"},\"thumbnailUrl\":\"https:\\\/\\\/lospoliticosveracruz.com\\\/wp-content\\\/uploads\\\/2019\\\/05\\\/Duarte-Cuic-Winckler.jpg\",\"keywords\":[\"Andr\u00e9s Manuel L\u00f3pez Obrador\",\"Cuitl\u00e1huac Garc\u00eda Jim\u00e9nez\",\"Javier Duarte de Ochoa\",\"Jorge Winckler Ortiz\",\"Juan Javier G\u00f3mez Cazar\u00edn\",\"Rafael Gerardo Rosas Bocardo\",\"Tarek Abdal\u00e1\"],\"articleSection\":[\"De Opini\u00f3n\"],\"inLanguage\":\"es\",\"potentialAction\":[{\"@type\":\"CommentAction\",\"name\":\"Comment\",\"target\":[\"https:\\\/\\\/lospoliticosveracruz.com\\\/?p=48123#respond\"]}]},{\"@type\":\"WebPage\",\"@id\":\"https:\\\/\\\/lospoliticosveracruz.com\\\/?p=48123\",\"url\":\"https:\\\/\\\/lospoliticosveracruz.com\\\/?p=48123\",\"name\":\"Los otros OGT's - Los pol\u00edticos Veracruz\",\"isPartOf\":{\"@id\":\"https:\\\/\\\/lospoliticosveracruz.com\\\/#website\"},\"primaryImageOfPage\":{\"@id\":\"https:\\\/\\\/lospoliticosveracruz.com\\\/?p=48123#primaryimage\"},\"image\":{\"@id\":\"https:\\\/\\\/lospoliticosveracruz.com\\\/?p=48123#primaryimage\"},\"thumbnailUrl\":\"https:\\\/\\\/lospoliticosveracruz.com\\\/wp-content\\\/uploads\\\/2019\\\/05\\\/Duarte-Cuic-Winckler.jpg\",\"datePublished\":\"2019-05-13T14:04:53+00:00\",\"breadcrumb\":{\"@id\":\"https:\\\/\\\/lospoliticosveracruz.com\\\/?p=48123#breadcrumb\"},\"inLanguage\":\"es\",\"potentialAction\":[{\"@type\":\"ReadAction\",\"target\":[\"https:\\\/\\\/lospoliticosveracruz.com\\\/?p=48123\"]}]},{\"@type\":\"ImageObject\",\"inLanguage\":\"es\",\"@id\":\"https:\\\/\\\/lospoliticosveracruz.com\\\/?p=48123#primaryimage\",\"url\":\"https:\\\/\\\/lospoliticosveracruz.com\\\/wp-content\\\/uploads\\\/2019\\\/05\\\/Duarte-Cuic-Winckler.jpg\",\"contentUrl\":\"https:\\\/\\\/lospoliticosveracruz.com\\\/wp-content\\\/uploads\\\/2019\\\/05\\\/Duarte-Cuic-Winckler.jpg\",\"width\":600,\"height\":364},{\"@type\":\"BreadcrumbList\",\"@id\":\"https:\\\/\\\/lospoliticosveracruz.com\\\/?p=48123#breadcrumb\",\"itemListElement\":[{\"@type\":\"ListItem\",\"position\":1,\"name\":\"Portada\",\"item\":\"https:\\\/\\\/lospoliticosveracruz.com\\\/\"},{\"@type\":\"ListItem\",\"position\":2,\"name\":\"Los otros OGT&#8217;s\"}]},{\"@type\":\"WebSite\",\"@id\":\"https:\\\/\\\/lospoliticosveracruz.com\\\/#website\",\"url\":\"https:\\\/\\\/lospoliticosveracruz.com\\\/\",\"name\":\"Los pol\u00edticos Veracruz\",\"description\":\"\",\"publisher\":{\"@id\":\"https:\\\/\\\/lospoliticosveracruz.com\\\/#organization\"},\"potentialAction\":[{\"@type\":\"SearchAction\",\"target\":{\"@type\":\"EntryPoint\",\"urlTemplate\":\"https:\\\/\\\/lospoliticosveracruz.com\\\/?s={search_term_string}\"},\"query-input\":{\"@type\":\"PropertyValueSpecification\",\"valueRequired\":true,\"valueName\":\"search_term_string\"}}],\"inLanguage\":\"es\"},{\"@type\":\"Organization\",\"@id\":\"https:\\\/\\\/lospoliticosveracruz.com\\\/#organization\",\"name\":\"Los pol\u00edticos Veracruz\",\"url\":\"https:\\\/\\\/lospoliticosveracruz.com\\\/\",\"logo\":{\"@type\":\"ImageObject\",\"inLanguage\":\"es\",\"@id\":\"https:\\\/\\\/lospoliticosveracruz.com\\\/#\\\/schema\\\/logo\\\/image\\\/\",\"url\":\"https:\\\/\\\/lospoliticosveracruz.com\\\/wp-content\\\/uploads\\\/2025\\\/12\\\/Logo-Nuevo-LOS-POLITICOS-1.jpg\",\"contentUrl\":\"https:\\\/\\\/lospoliticosveracruz.com\\\/wp-content\\\/uploads\\\/2025\\\/12\\\/Logo-Nuevo-LOS-POLITICOS-1.jpg\",\"width\":260,\"height\":70,\"caption\":\"Los pol\u00edticos Veracruz\"},\"image\":{\"@id\":\"https:\\\/\\\/lospoliticosveracruz.com\\\/#\\\/schema\\\/logo\\\/image\\\/\"},\"sameAs\":[\"https:\\\/\\\/www.facebook.com\\\/people\\\/Notimemes-de-los-Polticos\\\/61565672886568\\\/\",\"https:\\\/\\\/x.com\\\/LosPoliticosVer\"]},{\"@type\":\"Person\",\"@id\":\"https:\\\/\\\/lospoliticosveracruz.com\\\/#\\\/schema\\\/person\\\/b8702bb0e538456e6efd07080bf2a4a2\",\"name\":\"Lo viste en Los Pol\u00edticos\",\"image\":{\"@type\":\"ImageObject\",\"inLanguage\":\"es\",\"@id\":\"https:\\\/\\\/secure.gravatar.com\\\/avatar\\\/3a8de04a2656d44082be478bd6c086daa447c4651605818287b9532d3d0bd435?s=96&d=mm&r=g\",\"url\":\"https:\\\/\\\/secure.gravatar.com\\\/avatar\\\/3a8de04a2656d44082be478bd6c086daa447c4651605818287b9532d3d0bd435?s=96&d=mm&r=g\",\"contentUrl\":\"https:\\\/\\\/secure.gravatar.com\\\/avatar\\\/3a8de04a2656d44082be478bd6c086daa447c4651605818287b9532d3d0bd435?s=96&d=mm&r=g\",\"caption\":\"Lo viste en Los Pol\u00edticos\"},\"url\":\"https:\\\/\\\/lospoliticosveracruz.com\\\/?author=2\"}]}<\/script>\n<!-- \/ Yoast SEO plugin. -->","yoast_head_json":{"title":"Los otros OGT's - Los pol\u00edticos Veracruz","robots":{"index":"index","follow":"follow","max-snippet":"max-snippet:-1","max-image-preview":"max-image-preview:large","max-video-preview":"max-video-preview:-1"},"canonical":"https:\/\/lospoliticosveracruz.com\/?p=48123","og_locale":"es_ES","og_type":"article","og_title":"Los otros OGT's - Los pol\u00edticos Veracruz","og_description":"Ricardo Ch\u00faa Sale y Vale EL OTRO OGT&#8230; Si bien es cierto no se puede borrar la forma en que gobern\u00f3 Veracruz, Javier Duarte y por lo cual est\u00e1 pagando un castigo ante la c\u00e1rcel&#8230; Pero es verdad tambi\u00e9n, que est\u00e1 parte de su vida, deja una lecci\u00f3n a todos y es la que un [&hellip;]","og_url":"https:\/\/lospoliticosveracruz.com\/?p=48123","og_site_name":"Los pol\u00edticos Veracruz","article_publisher":"https:\/\/www.facebook.com\/people\/Notimemes-de-los-Polticos\/61565672886568\/","article_published_time":"2019-05-13T14:04:53+00:00","og_image":[{"width":600,"height":364,"url":"https:\/\/lospoliticosveracruz.com\/wp-content\/uploads\/2019\/05\/Duarte-Cuic-Winckler.jpg","type":"image\/jpeg"}],"author":"Lo viste en Los Pol\u00edticos","twitter_card":"summary_large_image","twitter_creator":"@LosPoliticosVer","twitter_site":"@LosPoliticosVer","twitter_misc":{"Escrito por":"Lo viste en Los Pol\u00edticos","Tiempo de lectura":"6 minutos"},"schema":{"@context":"https:\/\/schema.org","@graph":[{"@type":"Article","@id":"https:\/\/lospoliticosveracruz.com\/?p=48123#article","isPartOf":{"@id":"https:\/\/lospoliticosveracruz.com\/?p=48123"},"author":{"name":"Lo viste en Los Pol\u00edticos","@id":"https:\/\/lospoliticosveracruz.com\/#\/schema\/person\/b8702bb0e538456e6efd07080bf2a4a2"},"headline":"Los otros OGT&#8217;s","datePublished":"2019-05-13T14:04:53+00:00","mainEntityOfPage":{"@id":"https:\/\/lospoliticosveracruz.com\/?p=48123"},"wordCount":1168,"commentCount":0,"publisher":{"@id":"https:\/\/lospoliticosveracruz.com\/#organization"},"image":{"@id":"https:\/\/lospoliticosveracruz.com\/?p=48123#primaryimage"},"thumbnailUrl":"https:\/\/lospoliticosveracruz.com\/wp-content\/uploads\/2019\/05\/Duarte-Cuic-Winckler.jpg","keywords":["Andr\u00e9s Manuel L\u00f3pez Obrador","Cuitl\u00e1huac Garc\u00eda Jim\u00e9nez","Javier Duarte de Ochoa","Jorge Winckler Ortiz","Juan Javier G\u00f3mez Cazar\u00edn","Rafael Gerardo Rosas Bocardo","Tarek Abdal\u00e1"],"articleSection":["De Opini\u00f3n"],"inLanguage":"es","potentialAction":[{"@type":"CommentAction","name":"Comment","target":["https:\/\/lospoliticosveracruz.com\/?p=48123#respond"]}]},{"@type":"WebPage","@id":"https:\/\/lospoliticosveracruz.com\/?p=48123","url":"https:\/\/lospoliticosveracruz.com\/?p=48123","name":"Los otros OGT's - Los pol\u00edticos Veracruz","isPartOf":{"@id":"https:\/\/lospoliticosveracruz.com\/#website"},"primaryImageOfPage":{"@id":"https:\/\/lospoliticosveracruz.com\/?p=48123#primaryimage"},"image":{"@id":"https:\/\/lospoliticosveracruz.com\/?p=48123#primaryimage"},"thumbnailUrl":"https:\/\/lospoliticosveracruz.com\/wp-content\/uploads\/2019\/05\/Duarte-Cuic-Winckler.jpg","datePublished":"2019-05-13T14:04:53+00:00","breadcrumb":{"@id":"https:\/\/lospoliticosveracruz.com\/?p=48123#breadcrumb"},"inLanguage":"es","potentialAction":[{"@type":"ReadAction","target":["https:\/\/lospoliticosveracruz.com\/?p=48123"]}]},{"@type":"ImageObject","inLanguage":"es","@id":"https:\/\/lospoliticosveracruz.com\/?p=48123#primaryimage","url":"https:\/\/lospoliticosveracruz.com\/wp-content\/uploads\/2019\/05\/Duarte-Cuic-Winckler.jpg","contentUrl":"https:\/\/lospoliticosveracruz.com\/wp-content\/uploads\/2019\/05\/Duarte-Cuic-Winckler.jpg","width":600,"height":364},{"@type":"BreadcrumbList","@id":"https:\/\/lospoliticosveracruz.com\/?p=48123#breadcrumb","itemListElement":[{"@type":"ListItem","position":1,"name":"Portada","item":"https:\/\/lospoliticosveracruz.com\/"},{"@type":"ListItem","position":2,"name":"Los otros OGT&#8217;s"}]},{"@type":"WebSite","@id":"https:\/\/lospoliticosveracruz.com\/#website","url":"https:\/\/lospoliticosveracruz.com\/","name":"Los pol\u00edticos Veracruz","description":"","publisher":{"@id":"https:\/\/lospoliticosveracruz.com\/#organization"},"potentialAction":[{"@type":"SearchAction","target":{"@type":"EntryPoint","urlTemplate":"https:\/\/lospoliticosveracruz.com\/?s={search_term_string}"},"query-input":{"@type":"PropertyValueSpecification","valueRequired":true,"valueName":"search_term_string"}}],"inLanguage":"es"},{"@type":"Organization","@id":"https:\/\/lospoliticosveracruz.com\/#organization","name":"Los pol\u00edticos Veracruz","url":"https:\/\/lospoliticosveracruz.com\/","logo":{"@type":"ImageObject","inLanguage":"es","@id":"https:\/\/lospoliticosveracruz.com\/#\/schema\/logo\/image\/","url":"https:\/\/lospoliticosveracruz.com\/wp-content\/uploads\/2025\/12\/Logo-Nuevo-LOS-POLITICOS-1.jpg","contentUrl":"https:\/\/lospoliticosveracruz.com\/wp-content\/uploads\/2025\/12\/Logo-Nuevo-LOS-POLITICOS-1.jpg","width":260,"height":70,"caption":"Los pol\u00edticos Veracruz"},"image":{"@id":"https:\/\/lospoliticosveracruz.com\/#\/schema\/logo\/image\/"},"sameAs":["https:\/\/www.facebook.com\/people\/Notimemes-de-los-Polticos\/61565672886568\/","https:\/\/x.com\/LosPoliticosVer"]},{"@type":"Person","@id":"https:\/\/lospoliticosveracruz.com\/#\/schema\/person\/b8702bb0e538456e6efd07080bf2a4a2","name":"Lo viste en Los Pol\u00edticos","image":{"@type":"ImageObject","inLanguage":"es","@id":"https:\/\/secure.gravatar.com\/avatar\/3a8de04a2656d44082be478bd6c086daa447c4651605818287b9532d3d0bd435?s=96&d=mm&r=g","url":"https:\/\/secure.gravatar.com\/avatar\/3a8de04a2656d44082be478bd6c086daa447c4651605818287b9532d3d0bd435?s=96&d=mm&r=g","contentUrl":"https:\/\/secure.gravatar.com\/avatar\/3a8de04a2656d44082be478bd6c086daa447c4651605818287b9532d3d0bd435?s=96&d=mm&r=g","caption":"Lo viste en Los Pol\u00edticos"},"url":"https:\/\/lospoliticosveracruz.com\/?author=2"}]}},"_links":{"self":[{"href":"https:\/\/lospoliticosveracruz.com\/index.php?rest_route=\/wp\/v2\/posts\/48123","targetHints":{"allow":["GET"]}}],"collection":[{"href":"https:\/\/lospoliticosveracruz.com\/index.php?rest_route=\/wp\/v2\/posts"}],"about":[{"href":"https:\/\/lospoliticosveracruz.com\/index.php?rest_route=\/wp\/v2\/types\/post"}],"author":[{"embeddable":true,"href":"https:\/\/lospoliticosveracruz.com\/index.php?rest_route=\/wp\/v2\/users\/2"}],"replies":[{"embeddable":true,"href":"https:\/\/lospoliticosveracruz.com\/index.php?rest_route=%2Fwp%2Fv2%2Fcomments&post=48123"}],"version-history":[{"count":1,"href":"https:\/\/lospoliticosveracruz.com\/index.php?rest_route=\/wp\/v2\/posts\/48123\/revisions"}],"predecessor-version":[{"id":48125,"href":"https:\/\/lospoliticosveracruz.com\/index.php?rest_route=\/wp\/v2\/posts\/48123\/revisions\/48125"}],"wp:featuredmedia":[{"embeddable":true,"href":"https:\/\/lospoliticosveracruz.com\/index.php?rest_route=\/wp\/v2\/media\/48124"}],"wp:attachment":[{"href":"https:\/\/lospoliticosveracruz.com\/index.php?rest_route=%2Fwp%2Fv2%2Fmedia&parent=48123"}],"wp:term":[{"taxonomy":"category","embeddable":true,"href":"https:\/\/lospoliticosveracruz.com\/index.php?rest_route=%2Fwp%2Fv2%2Fcategories&post=48123"},{"taxonomy":"post_tag","embeddable":true,"href":"https:\/\/lospoliticosveracruz.com\/index.php?rest_route=%2Fwp%2Fv2%2Ftags&post=48123"}],"curies":[{"name":"wp","href":"https:\/\/api.w.org\/{rel}","templated":true}]}}