{"id":48126,"date":"2019-05-13T09:20:31","date_gmt":"2019-05-13T14:20:31","guid":{"rendered":"http:\/\/www.lospoliticosveracruz.com.mx\/?p=48126"},"modified":"2019-05-13T13:21:04","modified_gmt":"2019-05-13T18:21:04","slug":"el-senor-de-las-ligas-operador-electoral-de-morena","status":"publish","type":"post","link":"https:\/\/lospoliticosveracruz.com\/?p=48126","title":{"rendered":"\u201cEl se\u00f1or de las ligas\u201d, operador electoral de Morena"},"content":{"rendered":"<p style=\"text-align: left;\" align=\"center\"><strong>Ricardo V\u00e1zquez S.<\/strong><\/p>\n<p><em><span lang=\"ES-MX\">Esfera Pol\u00edtica<\/span><\/em><\/p>\n<p><span lang=\"ES-MX\">La cuarta transformaci\u00f3n, el compromiso de acabar con la corrupci\u00f3n est\u00e1 atorado; se anuncia que avanza un paso, la realidad muestra que retrocede dos. El gobierno del cambio revela ser un simple cambio de gobierno. Acciones y reacciones dejan ver constantes cachetaditas a la esperanza de M\u00e9xico, la cual sucumbe a la ausencia de voluntad pol\u00edtica. Capacidad y preparaci\u00f3n para gobernar no se compran con ning\u00fan dinero, ni con todo el dinero p\u00fablico a la disposici\u00f3n; es algo tan complejo que tampoco se puede improvisar. \u00a0<\/span><\/p>\n<p><span lang=\"ES-MX\">El tema electoral es fundamental. El carro completo, complet\u00edsimo, debe transitar sin contratiempos para cumplir su objetivo. Se requiere pavimentar el camino al absolutismo. \u00a0\u00a0<\/span><\/p>\n<p><span lang=\"ES-MX\">Nadie en su sano juicio apostar\u00eda a que 15 a\u00f1os despu\u00e9s el famoso \u201cSe\u00f1or de las ligas\u201d, Ren\u00e9 Bejarano, se convertir\u00eda en el operador electoral, estraga pol\u00edtico del partido en el poder. Adem\u00e1s de ser el<\/span> <span lang=\"ES-MX\">encargado de vigilar que se apliquen de manera \u201ccorrecta\u201d los recursos p\u00fablicos destinados a programas sociales, tambi\u00e9n conocido como \u201cEl profe\u201d, tiene la encomienda de hacer todo por salvar a Luis Miguel Barbosa, candidato de Morena a la gubernatura de Puebla, de la inminente derrota en las urnas el 2 de junio pr\u00f3ximo. \u00a0\u00a0\u00a0<\/span><\/p>\n<p><span lang=\"ES-MX\">El \u00a1I\u00b4m back! De Bejarano esta vez se escucha estridente, con todo el poder, poder que desear\u00eda tener C\u00e9sar Y\u00e1\u00f1ez, aquel \u201caustero republicano\u201d que apareci\u00f3 en la portada de la revista Hola, con motivo de su boda fif\u00ed; Y\u00e1\u00f1ez en la actualidad enfriado, mas no congelado. Bejarano -exhibido en video en el programa de V\u00edctor Trujillo, Brozo, al momento en que se met\u00eda los fajos de billetes a las bolsas de su vestimenta, feliz reparto de utilidades, de la corrupci\u00f3n-, junto con su equipo, arribaron a la capital poblana en los primeros d\u00edas de mayo, con toda la \u201cdiscreci\u00f3n\u201d; haciendo ruido \u2013despacito- para que la gente se entere a lo que llegaron; que si consiguen el triunfo de Barbosa, a ellos les va a corresponder nombrar al secretario de Finanzas y de otras dos secretar\u00edas m\u00e1s. \u00a0\u00a0\u00a0<\/span><\/p>\n<p><span lang=\"ES-MX\">Luis Miguel Barbosa se encuentra extremadamente preocupado, la tensi\u00f3n a la que est\u00e1 sometido sigue afectando su salud, lo est\u00e1 acabando. Su familia est\u00e1 muy preocupada -comentan sus allegados-, por estar expuesto a agravar su estado de salud con tal de satisfacer su ambici\u00f3n de llegar a ser gobernador.<\/span><\/p>\n<p><span lang=\"ES-MX\">Pero para eso llega a tierra poblana Ren\u00e9 Bejarano, \u201cEl se\u00f1or de las ligas\u201d, con la fuerza de un secretario de Estado, o m\u00e1s que la de uno o dos. \u201cPor dinero no te preocupes\u201d, es parte de los acuerdos, ronronean sus allegados. Se mueven, act\u00faan, intervienen, negocian, reparten. <\/span><\/p>\n<p><span lang=\"ES-MX\">El pasado jueves se llev\u00f3 a cabo el Debate Ciudadano promovido por COPARMEX y el Consorcio Universitario de Puebla. Asistieron los candidatos del PRI, Alberto Jim\u00e9nez; y del PAN, PRD y MC, Enrique C\u00e1rdenas. Se neg\u00f3 a asistir el candidato de la coalici\u00f3n \u201cJuntos haremos historia\u201d, Morena, PT y PVEM, Luis Miguel Barbosa. El evento no fue transmitido por \u00a0Televisa Puebla, ni TV Azteca Puebla, \u00fanicamente Megacable y redes sociales se ocuparon de difundirlo. \u00a0<\/span><\/p>\n<p><span lang=\"ES-MX\">El INE organiz\u00f3 para el pr\u00f3ximo domingo 19 un debate m\u00e1s, calladito, sin ruido, para que los electores\u00a0no se den cuenta que la \u00faltima opci\u00f3n, la indeseable, es Barbosa. En esta ocasi\u00f3n solamente ser\u00e1 transmitido por youtube y redes.<\/span><\/p>\n<p><span lang=\"ES-MX\">Luis Miguel Barbosa tiene pavor de perder; sabe bien que no tiene nada que hacer ante un candidato de mucho peso, capacidad, preparaci\u00f3n y honestidad indiscutible como es el Doctor Enrique C\u00e1rdenas S\u00e1nchez.<\/span><\/p>\n<p><span lang=\"ES-MX\">\u00a1Viva la subcultura del agandalle! Bien podr\u00eda decir Ren\u00e9 Bejarano, \u201cEl se\u00f1or de las ligas\u201d. Est\u00e1 de regreso. \u00a0<\/span><\/p>\n<p><a href=\"mailto:rvazquez002@yahoo.com.mx\" target=\"_blank\"><span lang=\"ES-MX\">rvazquez002@yahoo.com.mx<\/span><\/a><\/p>\n","protected":false},"excerpt":{"rendered":"<p>Ricardo V\u00e1zquez S. Esfera Pol\u00edtica La cuarta transformaci\u00f3n, el compromiso de acabar con la corrupci\u00f3n est\u00e1 atorado; se anuncia que avanza un paso, la realidad muestra que retrocede dos. El gobierno del cambio revela ser un simple cambio de gobierno. Acciones y reacciones dejan ver constantes cachetaditas a la esperanza de M\u00e9xico, la cual sucumbe [&hellip;]<\/p>\n","protected":false},"author":2,"featured_media":0,"comment_status":"open","ping_status":"open","sticky":false,"template":"","format":"standard","meta":{"tdm_status":"","tdm_grid_status":"","footnotes":""},"categories":[70],"tags":[13629,14647,3132,8170,14646],"class_list":{"0":"post-48126","1":"post","2":"type-post","3":"status-publish","4":"format-standard","6":"category-de-opinion","7":"tag-cesar-yanez","8":"tag-luis-miguel-barbosa","9":"tag-puebla","10":"tag-rene-bejarano","11":"tag-senor-de-las-ligas"},"yoast_head":"<!-- This site is optimized with the Yoast SEO plugin v27.4 - https:\/\/yoast.com\/product\/yoast-seo-wordpress\/ -->\n<title>\u201cEl se\u00f1or de las ligas\u201d, operador electoral de Morena - Los pol\u00edticos Veracruz<\/title>\n<meta name=\"robots\" content=\"index, follow, max-snippet:-1, max-image-preview:large, max-video-preview:-1\" \/>\n<link rel=\"canonical\" href=\"https:\/\/lospoliticosveracruz.com\/?p=48126\" \/>\n<meta property=\"og:locale\" content=\"es_ES\" \/>\n<meta property=\"og:type\" content=\"article\" \/>\n<meta property=\"og:title\" content=\"\u201cEl se\u00f1or de las ligas\u201d, operador electoral de Morena - Los pol\u00edticos Veracruz\" \/>\n<meta property=\"og:description\" content=\"Ricardo V\u00e1zquez S. Esfera Pol\u00edtica La cuarta transformaci\u00f3n, el compromiso de acabar con la corrupci\u00f3n est\u00e1 atorado; se anuncia que avanza un paso, la realidad muestra que retrocede dos. El gobierno del cambio revela ser un simple cambio de gobierno. Acciones y reacciones dejan ver constantes cachetaditas a la esperanza de M\u00e9xico, la cual sucumbe [&hellip;]\" \/>\n<meta property=\"og:url\" content=\"https:\/\/lospoliticosveracruz.com\/?p=48126\" \/>\n<meta property=\"og:site_name\" content=\"Los pol\u00edticos Veracruz\" \/>\n<meta property=\"article:publisher\" content=\"https:\/\/www.facebook.com\/people\/Notimemes-de-los-Polticos\/61565672886568\/\" \/>\n<meta property=\"article:published_time\" content=\"2019-05-13T14:20:31+00:00\" \/>\n<meta property=\"article:modified_time\" content=\"2019-05-13T18:21:04+00:00\" \/>\n<meta property=\"og:image\" content=\"https:\/\/lospoliticosveracruz.com\/wp-content\/uploads\/2016\/07\/Logo-Dor.jpg\" \/>\n\t<meta property=\"og:image:width\" content=\"200\" \/>\n\t<meta property=\"og:image:height\" content=\"200\" \/>\n\t<meta property=\"og:image:type\" content=\"image\/jpeg\" \/>\n<meta name=\"author\" content=\"Lo viste en Los Pol\u00edticos\" \/>\n<meta name=\"twitter:card\" content=\"summary_large_image\" \/>\n<meta name=\"twitter:creator\" content=\"@LosPoliticosVer\" \/>\n<meta name=\"twitter:site\" content=\"@LosPoliticosVer\" \/>\n<meta name=\"twitter:label1\" content=\"Escrito por\" \/>\n\t<meta name=\"twitter:data1\" content=\"Lo viste en Los Pol\u00edticos\" \/>\n\t<meta name=\"twitter:label2\" content=\"Tiempo de lectura\" \/>\n\t<meta name=\"twitter:data2\" content=\"3 minutos\" \/>\n<script type=\"application\/ld+json\" class=\"yoast-schema-graph\">{\"@context\":\"https:\\\/\\\/schema.org\",\"@graph\":[{\"@type\":\"Article\",\"@id\":\"https:\\\/\\\/lospoliticosveracruz.com\\\/?p=48126#article\",\"isPartOf\":{\"@id\":\"https:\\\/\\\/lospoliticosveracruz.com\\\/?p=48126\"},\"author\":{\"name\":\"Lo viste en Los Pol\u00edticos\",\"@id\":\"https:\\\/\\\/lospoliticosveracruz.com\\\/#\\\/schema\\\/person\\\/b8702bb0e538456e6efd07080bf2a4a2\"},\"headline\":\"\u201cEl se\u00f1or de las ligas\u201d, operador electoral de Morena\",\"datePublished\":\"2019-05-13T14:20:31+00:00\",\"dateModified\":\"2019-05-13T18:21:04+00:00\",\"mainEntityOfPage\":{\"@id\":\"https:\\\/\\\/lospoliticosveracruz.com\\\/?p=48126\"},\"wordCount\":663,\"commentCount\":0,\"publisher\":{\"@id\":\"https:\\\/\\\/lospoliticosveracruz.com\\\/#organization\"},\"keywords\":[\"C\u00e9sar Ya\u00f1ez\",\"Luis Miguel Barbosa\",\"Puebla\",\"Ren\u00e9 Bejarano\",\"Se\u00f1or de las ligas\"],\"articleSection\":[\"De Opini\u00f3n\"],\"inLanguage\":\"es\",\"potentialAction\":[{\"@type\":\"CommentAction\",\"name\":\"Comment\",\"target\":[\"https:\\\/\\\/lospoliticosveracruz.com\\\/?p=48126#respond\"]}]},{\"@type\":\"WebPage\",\"@id\":\"https:\\\/\\\/lospoliticosveracruz.com\\\/?p=48126\",\"url\":\"https:\\\/\\\/lospoliticosveracruz.com\\\/?p=48126\",\"name\":\"\u201cEl se\u00f1or de las ligas\u201d, operador electoral de Morena - Los pol\u00edticos Veracruz\",\"isPartOf\":{\"@id\":\"https:\\\/\\\/lospoliticosveracruz.com\\\/#website\"},\"datePublished\":\"2019-05-13T14:20:31+00:00\",\"dateModified\":\"2019-05-13T18:21:04+00:00\",\"breadcrumb\":{\"@id\":\"https:\\\/\\\/lospoliticosveracruz.com\\\/?p=48126#breadcrumb\"},\"inLanguage\":\"es\",\"potentialAction\":[{\"@type\":\"ReadAction\",\"target\":[\"https:\\\/\\\/lospoliticosveracruz.com\\\/?p=48126\"]}]},{\"@type\":\"BreadcrumbList\",\"@id\":\"https:\\\/\\\/lospoliticosveracruz.com\\\/?p=48126#breadcrumb\",\"itemListElement\":[{\"@type\":\"ListItem\",\"position\":1,\"name\":\"Portada\",\"item\":\"https:\\\/\\\/lospoliticosveracruz.com\\\/\"},{\"@type\":\"ListItem\",\"position\":2,\"name\":\"\u201cEl se\u00f1or de las ligas\u201d, operador electoral de Morena\"}]},{\"@type\":\"WebSite\",\"@id\":\"https:\\\/\\\/lospoliticosveracruz.com\\\/#website\",\"url\":\"https:\\\/\\\/lospoliticosveracruz.com\\\/\",\"name\":\"Los pol\u00edticos Veracruz\",\"description\":\"\",\"publisher\":{\"@id\":\"https:\\\/\\\/lospoliticosveracruz.com\\\/#organization\"},\"potentialAction\":[{\"@type\":\"SearchAction\",\"target\":{\"@type\":\"EntryPoint\",\"urlTemplate\":\"https:\\\/\\\/lospoliticosveracruz.com\\\/?s={search_term_string}\"},\"query-input\":{\"@type\":\"PropertyValueSpecification\",\"valueRequired\":true,\"valueName\":\"search_term_string\"}}],\"inLanguage\":\"es\"},{\"@type\":\"Organization\",\"@id\":\"https:\\\/\\\/lospoliticosveracruz.com\\\/#organization\",\"name\":\"Los pol\u00edticos Veracruz\",\"url\":\"https:\\\/\\\/lospoliticosveracruz.com\\\/\",\"logo\":{\"@type\":\"ImageObject\",\"inLanguage\":\"es\",\"@id\":\"https:\\\/\\\/lospoliticosveracruz.com\\\/#\\\/schema\\\/logo\\\/image\\\/\",\"url\":\"https:\\\/\\\/lospoliticosveracruz.com\\\/wp-content\\\/uploads\\\/2025\\\/12\\\/Logo-Nuevo-LOS-POLITICOS-1.jpg\",\"contentUrl\":\"https:\\\/\\\/lospoliticosveracruz.com\\\/wp-content\\\/uploads\\\/2025\\\/12\\\/Logo-Nuevo-LOS-POLITICOS-1.jpg\",\"width\":260,\"height\":70,\"caption\":\"Los pol\u00edticos Veracruz\"},\"image\":{\"@id\":\"https:\\\/\\\/lospoliticosveracruz.com\\\/#\\\/schema\\\/logo\\\/image\\\/\"},\"sameAs\":[\"https:\\\/\\\/www.facebook.com\\\/people\\\/Notimemes-de-los-Polticos\\\/61565672886568\\\/\",\"https:\\\/\\\/x.com\\\/LosPoliticosVer\"]},{\"@type\":\"Person\",\"@id\":\"https:\\\/\\\/lospoliticosveracruz.com\\\/#\\\/schema\\\/person\\\/b8702bb0e538456e6efd07080bf2a4a2\",\"name\":\"Lo viste en Los Pol\u00edticos\",\"image\":{\"@type\":\"ImageObject\",\"inLanguage\":\"es\",\"@id\":\"https:\\\/\\\/secure.gravatar.com\\\/avatar\\\/3a8de04a2656d44082be478bd6c086daa447c4651605818287b9532d3d0bd435?s=96&d=mm&r=g\",\"url\":\"https:\\\/\\\/secure.gravatar.com\\\/avatar\\\/3a8de04a2656d44082be478bd6c086daa447c4651605818287b9532d3d0bd435?s=96&d=mm&r=g\",\"contentUrl\":\"https:\\\/\\\/secure.gravatar.com\\\/avatar\\\/3a8de04a2656d44082be478bd6c086daa447c4651605818287b9532d3d0bd435?s=96&d=mm&r=g\",\"caption\":\"Lo viste en Los Pol\u00edticos\"},\"url\":\"https:\\\/\\\/lospoliticosveracruz.com\\\/?author=2\"}]}<\/script>\n<!-- \/ Yoast SEO plugin. -->","yoast_head_json":{"title":"\u201cEl se\u00f1or de las ligas\u201d, operador electoral de Morena - Los pol\u00edticos Veracruz","robots":{"index":"index","follow":"follow","max-snippet":"max-snippet:-1","max-image-preview":"max-image-preview:large","max-video-preview":"max-video-preview:-1"},"canonical":"https:\/\/lospoliticosveracruz.com\/?p=48126","og_locale":"es_ES","og_type":"article","og_title":"\u201cEl se\u00f1or de las ligas\u201d, operador electoral de Morena - Los pol\u00edticos Veracruz","og_description":"Ricardo V\u00e1zquez S. Esfera Pol\u00edtica La cuarta transformaci\u00f3n, el compromiso de acabar con la corrupci\u00f3n est\u00e1 atorado; se anuncia que avanza un paso, la realidad muestra que retrocede dos. El gobierno del cambio revela ser un simple cambio de gobierno. Acciones y reacciones dejan ver constantes cachetaditas a la esperanza de M\u00e9xico, la cual sucumbe [&hellip;]","og_url":"https:\/\/lospoliticosveracruz.com\/?p=48126","og_site_name":"Los pol\u00edticos Veracruz","article_publisher":"https:\/\/www.facebook.com\/people\/Notimemes-de-los-Polticos\/61565672886568\/","article_published_time":"2019-05-13T14:20:31+00:00","article_modified_time":"2019-05-13T18:21:04+00:00","og_image":[{"width":200,"height":200,"url":"https:\/\/lospoliticosveracruz.com\/wp-content\/uploads\/2016\/07\/Logo-Dor.jpg","type":"image\/jpeg"}],"author":"Lo viste en Los Pol\u00edticos","twitter_card":"summary_large_image","twitter_creator":"@LosPoliticosVer","twitter_site":"@LosPoliticosVer","twitter_misc":{"Escrito por":"Lo viste en Los Pol\u00edticos","Tiempo de lectura":"3 minutos"},"schema":{"@context":"https:\/\/schema.org","@graph":[{"@type":"Article","@id":"https:\/\/lospoliticosveracruz.com\/?p=48126#article","isPartOf":{"@id":"https:\/\/lospoliticosveracruz.com\/?p=48126"},"author":{"name":"Lo viste en Los Pol\u00edticos","@id":"https:\/\/lospoliticosveracruz.com\/#\/schema\/person\/b8702bb0e538456e6efd07080bf2a4a2"},"headline":"\u201cEl se\u00f1or de las ligas\u201d, operador electoral de Morena","datePublished":"2019-05-13T14:20:31+00:00","dateModified":"2019-05-13T18:21:04+00:00","mainEntityOfPage":{"@id":"https:\/\/lospoliticosveracruz.com\/?p=48126"},"wordCount":663,"commentCount":0,"publisher":{"@id":"https:\/\/lospoliticosveracruz.com\/#organization"},"keywords":["C\u00e9sar Ya\u00f1ez","Luis Miguel Barbosa","Puebla","Ren\u00e9 Bejarano","Se\u00f1or de las ligas"],"articleSection":["De Opini\u00f3n"],"inLanguage":"es","potentialAction":[{"@type":"CommentAction","name":"Comment","target":["https:\/\/lospoliticosveracruz.com\/?p=48126#respond"]}]},{"@type":"WebPage","@id":"https:\/\/lospoliticosveracruz.com\/?p=48126","url":"https:\/\/lospoliticosveracruz.com\/?p=48126","name":"\u201cEl se\u00f1or de las ligas\u201d, operador electoral de Morena - Los pol\u00edticos Veracruz","isPartOf":{"@id":"https:\/\/lospoliticosveracruz.com\/#website"},"datePublished":"2019-05-13T14:20:31+00:00","dateModified":"2019-05-13T18:21:04+00:00","breadcrumb":{"@id":"https:\/\/lospoliticosveracruz.com\/?p=48126#breadcrumb"},"inLanguage":"es","potentialAction":[{"@type":"ReadAction","target":["https:\/\/lospoliticosveracruz.com\/?p=48126"]}]},{"@type":"BreadcrumbList","@id":"https:\/\/lospoliticosveracruz.com\/?p=48126#breadcrumb","itemListElement":[{"@type":"ListItem","position":1,"name":"Portada","item":"https:\/\/lospoliticosveracruz.com\/"},{"@type":"ListItem","position":2,"name":"\u201cEl se\u00f1or de las ligas\u201d, operador electoral de Morena"}]},{"@type":"WebSite","@id":"https:\/\/lospoliticosveracruz.com\/#website","url":"https:\/\/lospoliticosveracruz.com\/","name":"Los pol\u00edticos Veracruz","description":"","publisher":{"@id":"https:\/\/lospoliticosveracruz.com\/#organization"},"potentialAction":[{"@type":"SearchAction","target":{"@type":"EntryPoint","urlTemplate":"https:\/\/lospoliticosveracruz.com\/?s={search_term_string}"},"query-input":{"@type":"PropertyValueSpecification","valueRequired":true,"valueName":"search_term_string"}}],"inLanguage":"es"},{"@type":"Organization","@id":"https:\/\/lospoliticosveracruz.com\/#organization","name":"Los pol\u00edticos Veracruz","url":"https:\/\/lospoliticosveracruz.com\/","logo":{"@type":"ImageObject","inLanguage":"es","@id":"https:\/\/lospoliticosveracruz.com\/#\/schema\/logo\/image\/","url":"https:\/\/lospoliticosveracruz.com\/wp-content\/uploads\/2025\/12\/Logo-Nuevo-LOS-POLITICOS-1.jpg","contentUrl":"https:\/\/lospoliticosveracruz.com\/wp-content\/uploads\/2025\/12\/Logo-Nuevo-LOS-POLITICOS-1.jpg","width":260,"height":70,"caption":"Los pol\u00edticos Veracruz"},"image":{"@id":"https:\/\/lospoliticosveracruz.com\/#\/schema\/logo\/image\/"},"sameAs":["https:\/\/www.facebook.com\/people\/Notimemes-de-los-Polticos\/61565672886568\/","https:\/\/x.com\/LosPoliticosVer"]},{"@type":"Person","@id":"https:\/\/lospoliticosveracruz.com\/#\/schema\/person\/b8702bb0e538456e6efd07080bf2a4a2","name":"Lo viste en Los Pol\u00edticos","image":{"@type":"ImageObject","inLanguage":"es","@id":"https:\/\/secure.gravatar.com\/avatar\/3a8de04a2656d44082be478bd6c086daa447c4651605818287b9532d3d0bd435?s=96&d=mm&r=g","url":"https:\/\/secure.gravatar.com\/avatar\/3a8de04a2656d44082be478bd6c086daa447c4651605818287b9532d3d0bd435?s=96&d=mm&r=g","contentUrl":"https:\/\/secure.gravatar.com\/avatar\/3a8de04a2656d44082be478bd6c086daa447c4651605818287b9532d3d0bd435?s=96&d=mm&r=g","caption":"Lo viste en Los Pol\u00edticos"},"url":"https:\/\/lospoliticosveracruz.com\/?author=2"}]}},"_links":{"self":[{"href":"https:\/\/lospoliticosveracruz.com\/index.php?rest_route=\/wp\/v2\/posts\/48126","targetHints":{"allow":["GET"]}}],"collection":[{"href":"https:\/\/lospoliticosveracruz.com\/index.php?rest_route=\/wp\/v2\/posts"}],"about":[{"href":"https:\/\/lospoliticosveracruz.com\/index.php?rest_route=\/wp\/v2\/types\/post"}],"author":[{"embeddable":true,"href":"https:\/\/lospoliticosveracruz.com\/index.php?rest_route=\/wp\/v2\/users\/2"}],"replies":[{"embeddable":true,"href":"https:\/\/lospoliticosveracruz.com\/index.php?rest_route=%2Fwp%2Fv2%2Fcomments&post=48126"}],"version-history":[{"count":3,"href":"https:\/\/lospoliticosveracruz.com\/index.php?rest_route=\/wp\/v2\/posts\/48126\/revisions"}],"predecessor-version":[{"id":48129,"href":"https:\/\/lospoliticosveracruz.com\/index.php?rest_route=\/wp\/v2\/posts\/48126\/revisions\/48129"}],"wp:attachment":[{"href":"https:\/\/lospoliticosveracruz.com\/index.php?rest_route=%2Fwp%2Fv2%2Fmedia&parent=48126"}],"wp:term":[{"taxonomy":"category","embeddable":true,"href":"https:\/\/lospoliticosveracruz.com\/index.php?rest_route=%2Fwp%2Fv2%2Fcategories&post=48126"},{"taxonomy":"post_tag","embeddable":true,"href":"https:\/\/lospoliticosveracruz.com\/index.php?rest_route=%2Fwp%2Fv2%2Ftags&post=48126"}],"curies":[{"name":"wp","href":"https:\/\/api.w.org\/{rel}","templated":true}]}}