{"id":48138,"date":"2019-05-13T22:49:11","date_gmt":"2019-05-14T03:49:11","guid":{"rendered":"http:\/\/www.lospoliticosveracruz.com.mx\/?p=48138"},"modified":"2019-05-13T19:59:34","modified_gmt":"2019-05-14T00:59:34","slug":"a-que-juega-edel","status":"publish","type":"post","link":"https:\/\/lospoliticosveracruz.com\/?p=48138","title":{"rendered":"A qu\u00e9 juega Edel"},"content":{"rendered":"<p><strong>Salvador Mu\u00f1oz<\/strong><\/p>\n<p><em>Los Pol\u00edticos<\/em><\/p>\n<p><span style=\"font-weight: 400;\">Lo que son las cosas\u2026 hace unos meses, no quer\u00eda cruzar palabra con quien lo hab\u00eda amedrentado\u2026 tuvo que intervenir un pol\u00edtico para remediar ese roce que hubo entre el Poder Judicial y el que intenta ser y hacerla de 2 de Palacio de Gobierno y que provoc\u00f3 un distanciamiento entre el Presidente del Poder Judicial con el Ejecutivo\u2026 hoy, hasta se toman juntos un lechero con canillas\u2026 nadie sabe para qui\u00e9n trabaja. As\u00ed es la pol\u00edtica. Ayer, enemigos; hoy, quiz\u00e1s no amigos, pero s\u00ed imbuidos en un mismo inter\u00e9s. Conste, no se critica este nuevo rol de Edel Alvarez Pe\u00f1a ahora de la mano de Eric Cisneros, porque al final, todos y cada uno de los pol\u00edticos, tiene un prop\u00f3sito. El de Cisneros Burgos, es m\u00e1s que claro cuando ya se sabe que padece del S\u00edndrome de Pinky y Cerebro, pues \u00a0vive cada momento de su vida pol\u00edtica, con un solo objetivo: \u00a1tratar de sacar al Fiscal!<\/span><\/p>\n<p><span style=\"font-weight: 400;\">\u00bfY Edel? Qu\u00e9 es con lo que sue\u00f1a el titular del Poder Judicial en el Estado. De acuerdo a su desempe\u00f1o en el \u00e1mbito pol\u00edtico, a ojo de buen cubero, uno podr\u00eda lanzar dos ideas a lo loco:<\/span><\/p>\n<p><span style=\"font-weight: 400;\">La primera: Al ser tambi\u00e9n parte del empresariado pol\u00edtico-period\u00edstico, se pudiera suponer que es posible que a estas alturas, sus empresas ya cuenten seguro con un buen convenio comercial a cambio del papel que celebr\u00f3 la ma\u00f1ana de ayer en La Parroquia y a futuro\u2026<\/span><\/p>\n<p><span style=\"font-weight: 400;\">La segunda: Remember, remember\u2026 en diciembre del 2016, rindi\u00f3 protesta como Presidente del Poder Judicial y es en este diciembre de 2019 que concluye su periodo\u2026 a menos que quisiera reelegirse\u2026 aunque si no mal se recuerda, su periodo como Magistrado concluye en el 2020 y s\u00f3lo que buscara ampliarlo por otros cinco a\u00f1os m\u00e1s, creo que v\u00eda examen de oposici\u00f3n, y aprob\u00e1ndolo, es que tendr\u00eda la oportunidad de competir para repetir en el cargo de Presidente\u2026<\/span><\/p>\n<p><span style=\"font-weight: 400;\">Se insiste, estos dos puntos no dejan de ser \u201csupositorios\u201d que pueden tener visos de realidad pero no de veracidad.<\/span><\/p>\n<p><span style=\"font-weight: 400;\">Aunque hay quienes aseguran que si hay algo que no le interesaba a Edel Alvarez Pe\u00f1a, al menos hasta hace unos dos o tres meses, era seguir como Magistrado y mucho menos, su permanencia en el Poder Judicial como presidente. Conste, de ese tiempo para la fecha, qui\u00e9n sabe si haya cambiado de opini\u00f3n don Edel, porque al final, para nadie que est\u00e1 inmiscuido en la pol\u00edtica, le es ajeno que \u00e9sta, es igual de adictiva que el Poder\u2026 <\/span><\/p>\n<p><span style=\"font-weight: 400;\">Ahora que tambi\u00e9n no hay que olvidar que en el Congreso local, hay una petici\u00f3n de Juicio Pol\u00edtico contra Edel \u00c1lvarez Pe\u00f1a interpuesta all\u00e1 por diciembre del a\u00f1o pasado por <\/span><span style=\"font-weight: 400;\">la asociaci\u00f3n civil Observatorio y Contralor\u00eda Ciudadana, que preside <\/span><span style=\"font-weight: 400;\">Hilario Arenas Cerd\u00e1n<\/span><span style=\"font-weight: 400;\">, quien se\u00f1ala al presidente del Poder Judicial por abuso de autoridad, incumplimiento de un deber legal, ejercicio indebido del servicio p\u00fablico, entre otros delitos.<\/span><\/p>\n<p><span style=\"font-weight: 400;\">Qui\u00e9n sabe cu\u00e1ntas peticiones o demandas de Juicio Pol\u00edtico han sido interpuestas en el Congreso, donde han estado involucrados presidentes municipales, Fiscal y el titular del Poder Judicial, pero ya sabemos cu\u00e1l fue a la que se le dio celeridad y a la vez, sabemos en qu\u00e9 concluy\u00f3 el asunto\u2026 igual tambi\u00e9n sabemos el reclamo que hizo ante los medios Hilario Arenas, porque no ve que se avance en el caso que \u00e9l present\u00f3 contra Edel Alvarez Pe\u00f1a y siendo sinceros, ahora que van de la mano Poder Legislativo, Poder Ejecutivo y Poder Judicial, lo m\u00e1s recomendable al representante de la AC Observatorio y Contralor\u00eda Ciudadana es que se siente a esperar, porque dudo que le hagan caso.<\/span><\/p>\n<p><span style=\"font-weight: 400;\">Ya para concluir, creo que <\/span><span style=\"font-weight: 400;\">s\u00ed, que en el caso de \u00c1lvarez Pe\u00f1a s\u00ed hay algo igual de fuerte que la Pol\u00edtica y el Poder, y creo que se llama Familia\u2026 Edel quiere estar con su familia, quiz\u00e1s con sus nietos\u2026 El asunto es saber a qu\u00e9 juega en estos momentos antes de que pase tiempo de calidad con los suyos\u2026<\/span><\/p>\n<p>&nbsp;<\/p>\n<p><span style=\"font-weight: 400;\">smcainito@gmail.com<\/span><\/p>\n<p>&nbsp;<\/p>\n","protected":false},"excerpt":{"rendered":"<p>Salvador Mu\u00f1oz Los Pol\u00edticos Lo que son las cosas\u2026 hace unos meses, no quer\u00eda cruzar palabra con quien lo hab\u00eda amedrentado\u2026 tuvo que intervenir un pol\u00edtico para remediar ese roce que hubo entre el Poder Judicial y el que intenta ser y hacerla de 2 de Palacio de Gobierno y que provoc\u00f3 un distanciamiento entre [&hellip;]<\/p>\n","protected":false},"author":2,"featured_media":48139,"comment_status":"open","ping_status":"open","sticky":false,"template":"","format":"standard","meta":{"tdm_status":"","tdm_grid_status":"","footnotes":""},"categories":[70],"tags":[10185,12299,14650,468,82,900,195],"class_list":{"0":"post-48138","1":"post","2":"type-post","3":"status-publish","4":"format-standard","5":"has-post-thumbnail","7":"category-de-opinion","8":"tag-edel-alvarez-pena","9":"tag-eric-cisneros-burgos","10":"tag-hilario-arenas-cerdan","11":"tag-poder-ejecutivo","12":"tag-poder-judicial","13":"tag-poder-legislativo","14":"tag-veracruz"},"yoast_head":"<!-- This site is optimized with the Yoast SEO plugin v27.4 - https:\/\/yoast.com\/product\/yoast-seo-wordpress\/ -->\n<title>A qu\u00e9 juega Edel - Los pol\u00edticos Veracruz<\/title>\n<meta name=\"robots\" content=\"index, follow, max-snippet:-1, max-image-preview:large, max-video-preview:-1\" \/>\n<link rel=\"canonical\" href=\"https:\/\/lospoliticosveracruz.com\/?p=48138\" \/>\n<meta property=\"og:locale\" content=\"es_ES\" \/>\n<meta property=\"og:type\" content=\"article\" \/>\n<meta property=\"og:title\" content=\"A qu\u00e9 juega Edel - Los pol\u00edticos Veracruz\" \/>\n<meta property=\"og:description\" content=\"Salvador Mu\u00f1oz Los Pol\u00edticos Lo que son las cosas\u2026 hace unos meses, no quer\u00eda cruzar palabra con quien lo hab\u00eda amedrentado\u2026 tuvo que intervenir un pol\u00edtico para remediar ese roce que hubo entre el Poder Judicial y el que intenta ser y hacerla de 2 de Palacio de Gobierno y que provoc\u00f3 un distanciamiento entre [&hellip;]\" \/>\n<meta property=\"og:url\" content=\"https:\/\/lospoliticosveracruz.com\/?p=48138\" \/>\n<meta property=\"og:site_name\" content=\"Los pol\u00edticos Veracruz\" \/>\n<meta property=\"article:publisher\" content=\"https:\/\/www.facebook.com\/people\/Notimemes-de-los-Polticos\/61565672886568\/\" \/>\n<meta property=\"article:published_time\" content=\"2019-05-14T03:49:11+00:00\" \/>\n<meta property=\"og:image\" content=\"https:\/\/lospoliticosveracruz.com\/wp-content\/uploads\/2019\/05\/Eric-y-Edel.jpg\" \/>\n\t<meta property=\"og:image:width\" content=\"600\" \/>\n\t<meta property=\"og:image:height\" content=\"389\" \/>\n\t<meta property=\"og:image:type\" content=\"image\/jpeg\" \/>\n<meta name=\"author\" content=\"Lo viste en Los Pol\u00edticos\" \/>\n<meta name=\"twitter:card\" content=\"summary_large_image\" \/>\n<meta name=\"twitter:creator\" content=\"@LosPoliticosVer\" \/>\n<meta name=\"twitter:site\" content=\"@LosPoliticosVer\" \/>\n<meta name=\"twitter:label1\" content=\"Escrito por\" \/>\n\t<meta name=\"twitter:data1\" content=\"Lo viste en Los Pol\u00edticos\" \/>\n\t<meta name=\"twitter:label2\" content=\"Tiempo de lectura\" \/>\n\t<meta name=\"twitter:data2\" content=\"4 minutos\" \/>\n<script type=\"application\/ld+json\" class=\"yoast-schema-graph\">{\"@context\":\"https:\\\/\\\/schema.org\",\"@graph\":[{\"@type\":\"Article\",\"@id\":\"https:\\\/\\\/lospoliticosveracruz.com\\\/?p=48138#article\",\"isPartOf\":{\"@id\":\"https:\\\/\\\/lospoliticosveracruz.com\\\/?p=48138\"},\"author\":{\"name\":\"Lo viste en Los Pol\u00edticos\",\"@id\":\"https:\\\/\\\/lospoliticosveracruz.com\\\/#\\\/schema\\\/person\\\/b8702bb0e538456e6efd07080bf2a4a2\"},\"headline\":\"A qu\u00e9 juega Edel\",\"datePublished\":\"2019-05-14T03:49:11+00:00\",\"mainEntityOfPage\":{\"@id\":\"https:\\\/\\\/lospoliticosveracruz.com\\\/?p=48138\"},\"wordCount\":726,\"commentCount\":0,\"publisher\":{\"@id\":\"https:\\\/\\\/lospoliticosveracruz.com\\\/#organization\"},\"image\":{\"@id\":\"https:\\\/\\\/lospoliticosveracruz.com\\\/?p=48138#primaryimage\"},\"thumbnailUrl\":\"https:\\\/\\\/lospoliticosveracruz.com\\\/wp-content\\\/uploads\\\/2019\\\/05\\\/Eric-y-Edel.jpg\",\"keywords\":[\"Edel \u00c1lvarez Pe\u00f1a\",\"Eric Cisneros Burgos\",\"Hilario Arenas Cerd\u00e1n\",\"Poder Ejecutivo\",\"Poder Judicial\",\"poder legislativo\",\"Veracruz\"],\"articleSection\":[\"De Opini\u00f3n\"],\"inLanguage\":\"es\",\"potentialAction\":[{\"@type\":\"CommentAction\",\"name\":\"Comment\",\"target\":[\"https:\\\/\\\/lospoliticosveracruz.com\\\/?p=48138#respond\"]}]},{\"@type\":\"WebPage\",\"@id\":\"https:\\\/\\\/lospoliticosveracruz.com\\\/?p=48138\",\"url\":\"https:\\\/\\\/lospoliticosveracruz.com\\\/?p=48138\",\"name\":\"A qu\u00e9 juega Edel - Los pol\u00edticos Veracruz\",\"isPartOf\":{\"@id\":\"https:\\\/\\\/lospoliticosveracruz.com\\\/#website\"},\"primaryImageOfPage\":{\"@id\":\"https:\\\/\\\/lospoliticosveracruz.com\\\/?p=48138#primaryimage\"},\"image\":{\"@id\":\"https:\\\/\\\/lospoliticosveracruz.com\\\/?p=48138#primaryimage\"},\"thumbnailUrl\":\"https:\\\/\\\/lospoliticosveracruz.com\\\/wp-content\\\/uploads\\\/2019\\\/05\\\/Eric-y-Edel.jpg\",\"datePublished\":\"2019-05-14T03:49:11+00:00\",\"breadcrumb\":{\"@id\":\"https:\\\/\\\/lospoliticosveracruz.com\\\/?p=48138#breadcrumb\"},\"inLanguage\":\"es\",\"potentialAction\":[{\"@type\":\"ReadAction\",\"target\":[\"https:\\\/\\\/lospoliticosveracruz.com\\\/?p=48138\"]}]},{\"@type\":\"ImageObject\",\"inLanguage\":\"es\",\"@id\":\"https:\\\/\\\/lospoliticosveracruz.com\\\/?p=48138#primaryimage\",\"url\":\"https:\\\/\\\/lospoliticosveracruz.com\\\/wp-content\\\/uploads\\\/2019\\\/05\\\/Eric-y-Edel.jpg\",\"contentUrl\":\"https:\\\/\\\/lospoliticosveracruz.com\\\/wp-content\\\/uploads\\\/2019\\\/05\\\/Eric-y-Edel.jpg\",\"width\":600,\"height\":389},{\"@type\":\"BreadcrumbList\",\"@id\":\"https:\\\/\\\/lospoliticosveracruz.com\\\/?p=48138#breadcrumb\",\"itemListElement\":[{\"@type\":\"ListItem\",\"position\":1,\"name\":\"Portada\",\"item\":\"https:\\\/\\\/lospoliticosveracruz.com\\\/\"},{\"@type\":\"ListItem\",\"position\":2,\"name\":\"A qu\u00e9 juega Edel\"}]},{\"@type\":\"WebSite\",\"@id\":\"https:\\\/\\\/lospoliticosveracruz.com\\\/#website\",\"url\":\"https:\\\/\\\/lospoliticosveracruz.com\\\/\",\"name\":\"Los pol\u00edticos Veracruz\",\"description\":\"\",\"publisher\":{\"@id\":\"https:\\\/\\\/lospoliticosveracruz.com\\\/#organization\"},\"potentialAction\":[{\"@type\":\"SearchAction\",\"target\":{\"@type\":\"EntryPoint\",\"urlTemplate\":\"https:\\\/\\\/lospoliticosveracruz.com\\\/?s={search_term_string}\"},\"query-input\":{\"@type\":\"PropertyValueSpecification\",\"valueRequired\":true,\"valueName\":\"search_term_string\"}}],\"inLanguage\":\"es\"},{\"@type\":\"Organization\",\"@id\":\"https:\\\/\\\/lospoliticosveracruz.com\\\/#organization\",\"name\":\"Los pol\u00edticos Veracruz\",\"url\":\"https:\\\/\\\/lospoliticosveracruz.com\\\/\",\"logo\":{\"@type\":\"ImageObject\",\"inLanguage\":\"es\",\"@id\":\"https:\\\/\\\/lospoliticosveracruz.com\\\/#\\\/schema\\\/logo\\\/image\\\/\",\"url\":\"https:\\\/\\\/lospoliticosveracruz.com\\\/wp-content\\\/uploads\\\/2025\\\/12\\\/Logo-Nuevo-LOS-POLITICOS-1.jpg\",\"contentUrl\":\"https:\\\/\\\/lospoliticosveracruz.com\\\/wp-content\\\/uploads\\\/2025\\\/12\\\/Logo-Nuevo-LOS-POLITICOS-1.jpg\",\"width\":260,\"height\":70,\"caption\":\"Los pol\u00edticos Veracruz\"},\"image\":{\"@id\":\"https:\\\/\\\/lospoliticosveracruz.com\\\/#\\\/schema\\\/logo\\\/image\\\/\"},\"sameAs\":[\"https:\\\/\\\/www.facebook.com\\\/people\\\/Notimemes-de-los-Polticos\\\/61565672886568\\\/\",\"https:\\\/\\\/x.com\\\/LosPoliticosVer\"]},{\"@type\":\"Person\",\"@id\":\"https:\\\/\\\/lospoliticosveracruz.com\\\/#\\\/schema\\\/person\\\/b8702bb0e538456e6efd07080bf2a4a2\",\"name\":\"Lo viste en Los Pol\u00edticos\",\"image\":{\"@type\":\"ImageObject\",\"inLanguage\":\"es\",\"@id\":\"https:\\\/\\\/secure.gravatar.com\\\/avatar\\\/3a8de04a2656d44082be478bd6c086daa447c4651605818287b9532d3d0bd435?s=96&d=mm&r=g\",\"url\":\"https:\\\/\\\/secure.gravatar.com\\\/avatar\\\/3a8de04a2656d44082be478bd6c086daa447c4651605818287b9532d3d0bd435?s=96&d=mm&r=g\",\"contentUrl\":\"https:\\\/\\\/secure.gravatar.com\\\/avatar\\\/3a8de04a2656d44082be478bd6c086daa447c4651605818287b9532d3d0bd435?s=96&d=mm&r=g\",\"caption\":\"Lo viste en Los Pol\u00edticos\"},\"url\":\"https:\\\/\\\/lospoliticosveracruz.com\\\/?author=2\"}]}<\/script>\n<!-- \/ Yoast SEO plugin. -->","yoast_head_json":{"title":"A qu\u00e9 juega Edel - Los pol\u00edticos Veracruz","robots":{"index":"index","follow":"follow","max-snippet":"max-snippet:-1","max-image-preview":"max-image-preview:large","max-video-preview":"max-video-preview:-1"},"canonical":"https:\/\/lospoliticosveracruz.com\/?p=48138","og_locale":"es_ES","og_type":"article","og_title":"A qu\u00e9 juega Edel - Los pol\u00edticos Veracruz","og_description":"Salvador Mu\u00f1oz Los Pol\u00edticos Lo que son las cosas\u2026 hace unos meses, no quer\u00eda cruzar palabra con quien lo hab\u00eda amedrentado\u2026 tuvo que intervenir un pol\u00edtico para remediar ese roce que hubo entre el Poder Judicial y el que intenta ser y hacerla de 2 de Palacio de Gobierno y que provoc\u00f3 un distanciamiento entre [&hellip;]","og_url":"https:\/\/lospoliticosveracruz.com\/?p=48138","og_site_name":"Los pol\u00edticos Veracruz","article_publisher":"https:\/\/www.facebook.com\/people\/Notimemes-de-los-Polticos\/61565672886568\/","article_published_time":"2019-05-14T03:49:11+00:00","og_image":[{"width":600,"height":389,"url":"https:\/\/lospoliticosveracruz.com\/wp-content\/uploads\/2019\/05\/Eric-y-Edel.jpg","type":"image\/jpeg"}],"author":"Lo viste en Los Pol\u00edticos","twitter_card":"summary_large_image","twitter_creator":"@LosPoliticosVer","twitter_site":"@LosPoliticosVer","twitter_misc":{"Escrito por":"Lo viste en Los Pol\u00edticos","Tiempo de lectura":"4 minutos"},"schema":{"@context":"https:\/\/schema.org","@graph":[{"@type":"Article","@id":"https:\/\/lospoliticosveracruz.com\/?p=48138#article","isPartOf":{"@id":"https:\/\/lospoliticosveracruz.com\/?p=48138"},"author":{"name":"Lo viste en Los Pol\u00edticos","@id":"https:\/\/lospoliticosveracruz.com\/#\/schema\/person\/b8702bb0e538456e6efd07080bf2a4a2"},"headline":"A qu\u00e9 juega Edel","datePublished":"2019-05-14T03:49:11+00:00","mainEntityOfPage":{"@id":"https:\/\/lospoliticosveracruz.com\/?p=48138"},"wordCount":726,"commentCount":0,"publisher":{"@id":"https:\/\/lospoliticosveracruz.com\/#organization"},"image":{"@id":"https:\/\/lospoliticosveracruz.com\/?p=48138#primaryimage"},"thumbnailUrl":"https:\/\/lospoliticosveracruz.com\/wp-content\/uploads\/2019\/05\/Eric-y-Edel.jpg","keywords":["Edel \u00c1lvarez Pe\u00f1a","Eric Cisneros Burgos","Hilario Arenas Cerd\u00e1n","Poder Ejecutivo","Poder Judicial","poder legislativo","Veracruz"],"articleSection":["De Opini\u00f3n"],"inLanguage":"es","potentialAction":[{"@type":"CommentAction","name":"Comment","target":["https:\/\/lospoliticosveracruz.com\/?p=48138#respond"]}]},{"@type":"WebPage","@id":"https:\/\/lospoliticosveracruz.com\/?p=48138","url":"https:\/\/lospoliticosveracruz.com\/?p=48138","name":"A qu\u00e9 juega Edel - Los pol\u00edticos Veracruz","isPartOf":{"@id":"https:\/\/lospoliticosveracruz.com\/#website"},"primaryImageOfPage":{"@id":"https:\/\/lospoliticosveracruz.com\/?p=48138#primaryimage"},"image":{"@id":"https:\/\/lospoliticosveracruz.com\/?p=48138#primaryimage"},"thumbnailUrl":"https:\/\/lospoliticosveracruz.com\/wp-content\/uploads\/2019\/05\/Eric-y-Edel.jpg","datePublished":"2019-05-14T03:49:11+00:00","breadcrumb":{"@id":"https:\/\/lospoliticosveracruz.com\/?p=48138#breadcrumb"},"inLanguage":"es","potentialAction":[{"@type":"ReadAction","target":["https:\/\/lospoliticosveracruz.com\/?p=48138"]}]},{"@type":"ImageObject","inLanguage":"es","@id":"https:\/\/lospoliticosveracruz.com\/?p=48138#primaryimage","url":"https:\/\/lospoliticosveracruz.com\/wp-content\/uploads\/2019\/05\/Eric-y-Edel.jpg","contentUrl":"https:\/\/lospoliticosveracruz.com\/wp-content\/uploads\/2019\/05\/Eric-y-Edel.jpg","width":600,"height":389},{"@type":"BreadcrumbList","@id":"https:\/\/lospoliticosveracruz.com\/?p=48138#breadcrumb","itemListElement":[{"@type":"ListItem","position":1,"name":"Portada","item":"https:\/\/lospoliticosveracruz.com\/"},{"@type":"ListItem","position":2,"name":"A qu\u00e9 juega Edel"}]},{"@type":"WebSite","@id":"https:\/\/lospoliticosveracruz.com\/#website","url":"https:\/\/lospoliticosveracruz.com\/","name":"Los pol\u00edticos Veracruz","description":"","publisher":{"@id":"https:\/\/lospoliticosveracruz.com\/#organization"},"potentialAction":[{"@type":"SearchAction","target":{"@type":"EntryPoint","urlTemplate":"https:\/\/lospoliticosveracruz.com\/?s={search_term_string}"},"query-input":{"@type":"PropertyValueSpecification","valueRequired":true,"valueName":"search_term_string"}}],"inLanguage":"es"},{"@type":"Organization","@id":"https:\/\/lospoliticosveracruz.com\/#organization","name":"Los pol\u00edticos Veracruz","url":"https:\/\/lospoliticosveracruz.com\/","logo":{"@type":"ImageObject","inLanguage":"es","@id":"https:\/\/lospoliticosveracruz.com\/#\/schema\/logo\/image\/","url":"https:\/\/lospoliticosveracruz.com\/wp-content\/uploads\/2025\/12\/Logo-Nuevo-LOS-POLITICOS-1.jpg","contentUrl":"https:\/\/lospoliticosveracruz.com\/wp-content\/uploads\/2025\/12\/Logo-Nuevo-LOS-POLITICOS-1.jpg","width":260,"height":70,"caption":"Los pol\u00edticos Veracruz"},"image":{"@id":"https:\/\/lospoliticosveracruz.com\/#\/schema\/logo\/image\/"},"sameAs":["https:\/\/www.facebook.com\/people\/Notimemes-de-los-Polticos\/61565672886568\/","https:\/\/x.com\/LosPoliticosVer"]},{"@type":"Person","@id":"https:\/\/lospoliticosveracruz.com\/#\/schema\/person\/b8702bb0e538456e6efd07080bf2a4a2","name":"Lo viste en Los Pol\u00edticos","image":{"@type":"ImageObject","inLanguage":"es","@id":"https:\/\/secure.gravatar.com\/avatar\/3a8de04a2656d44082be478bd6c086daa447c4651605818287b9532d3d0bd435?s=96&d=mm&r=g","url":"https:\/\/secure.gravatar.com\/avatar\/3a8de04a2656d44082be478bd6c086daa447c4651605818287b9532d3d0bd435?s=96&d=mm&r=g","contentUrl":"https:\/\/secure.gravatar.com\/avatar\/3a8de04a2656d44082be478bd6c086daa447c4651605818287b9532d3d0bd435?s=96&d=mm&r=g","caption":"Lo viste en Los Pol\u00edticos"},"url":"https:\/\/lospoliticosveracruz.com\/?author=2"}]}},"_links":{"self":[{"href":"https:\/\/lospoliticosveracruz.com\/index.php?rest_route=\/wp\/v2\/posts\/48138","targetHints":{"allow":["GET"]}}],"collection":[{"href":"https:\/\/lospoliticosveracruz.com\/index.php?rest_route=\/wp\/v2\/posts"}],"about":[{"href":"https:\/\/lospoliticosveracruz.com\/index.php?rest_route=\/wp\/v2\/types\/post"}],"author":[{"embeddable":true,"href":"https:\/\/lospoliticosveracruz.com\/index.php?rest_route=\/wp\/v2\/users\/2"}],"replies":[{"embeddable":true,"href":"https:\/\/lospoliticosveracruz.com\/index.php?rest_route=%2Fwp%2Fv2%2Fcomments&post=48138"}],"version-history":[{"count":1,"href":"https:\/\/lospoliticosveracruz.com\/index.php?rest_route=\/wp\/v2\/posts\/48138\/revisions"}],"predecessor-version":[{"id":48140,"href":"https:\/\/lospoliticosveracruz.com\/index.php?rest_route=\/wp\/v2\/posts\/48138\/revisions\/48140"}],"wp:featuredmedia":[{"embeddable":true,"href":"https:\/\/lospoliticosveracruz.com\/index.php?rest_route=\/wp\/v2\/media\/48139"}],"wp:attachment":[{"href":"https:\/\/lospoliticosveracruz.com\/index.php?rest_route=%2Fwp%2Fv2%2Fmedia&parent=48138"}],"wp:term":[{"taxonomy":"category","embeddable":true,"href":"https:\/\/lospoliticosveracruz.com\/index.php?rest_route=%2Fwp%2Fv2%2Fcategories&post=48138"},{"taxonomy":"post_tag","embeddable":true,"href":"https:\/\/lospoliticosveracruz.com\/index.php?rest_route=%2Fwp%2Fv2%2Ftags&post=48138"}],"curies":[{"name":"wp","href":"https:\/\/api.w.org\/{rel}","templated":true}]}}