{"id":48147,"date":"2019-05-15T13:37:30","date_gmt":"2019-05-15T18:37:30","guid":{"rendered":"http:\/\/www.lospoliticosveracruz.com.mx\/?p=48147"},"modified":"2019-05-15T13:37:30","modified_gmt":"2019-05-15T18:37:30","slug":"las-culpas-al-pasado-y-la-libertad-de-expresion-caducaran-al-mismo-tiempo","status":"publish","type":"post","link":"https:\/\/lospoliticosveracruz.com\/?p=48147","title":{"rendered":"Las culpas al pasado y la libertad de expresi\u00f3n caducar\u00e1n al mismo tiempo"},"content":{"rendered":"<p style=\"text-align: left;\" align=\"center\"><strong>Ricardo V\u00e1zquez S.<\/strong><\/p>\n<p><em>Esfera Pol\u00edtica<\/em><\/p>\n<p><span lang=\"ES-MX\">Interminables mensajes de odio desde el templo del dolor ma\u00f1anero, un d\u00eda s\u00ed y otro tambi\u00e9n. Suena ocioso repetir: a todo aquel que cuestione, reclame o no est\u00e9 de acuerdo con las decisiones que marcan el rumbo de este pa\u00eds, \u201ces de lo peor\u201d, califica la voz del \u201ctodopoderoso\u201d de Macuspana. La dibujada fachada del \u201cescenario de la dolce vita\u201d que se ha ofrecido a los mexicanos, contrasta con el deterioro en diversas \u00e1reas, prioritarias, de vital importancia, tal es el caso del sector Salud que hoy se aprecia en plena decadencia, grave. Irreflexivo reparto de dinero, motivo de celebraci\u00f3n de unos: hoy las personas de la tercera edad tienen dinero para comprar sus pa\u00f1ales; festejo y aplausos que chocan de frente y causan mutis de saber que los enfermos de c\u00e1ncer y VIH: ni\u00f1os, j\u00f3venes y adultos, les han suspendido sus tratamientos por el desabasto de medicamentos en los hospitales, provocado por el recorte presupuestal a esta \u00e1rea, porque lo primero es lo primero: Dos Bocas y el Tren Maya. La preservaci\u00f3n de la vida de los mexicanos puede esperar.<\/span><\/p>\n<p><span lang=\"ES-MX\">All\u00e1 de aquellos que sigamos se\u00f1alando que tambi\u00e9n el recorte presupuestal de m\u00e1s de un 30 por ciento al programa de empleo temporal para la Prevenci\u00f3n de incendios forestales, ha sido la causa de que se registren m\u00e1s de 140 incendios en el centro y sur del pa\u00eds, que ha ocasionado la aguda contaminaci\u00f3n en la Ciudad de M\u00e9xico, sin que Claudia Sheimbaum y dem\u00e1s responsables sepan que hacer en estos momentos tan riesgosos. O de aquellos que insistan que la cacaraqueada reestructura de deuda de Pemex, en palabras llanas, no es otra cosa m\u00e1s que haber cavado un hoyo para tapar otro; el pago de comisi\u00f3n y generaci\u00f3n de intereses no son imaginarios, son reales. \u00a0\u00a0\u00a0\u00a0\u00a0\u00a0\u00a0\u00a0\u00a0<\/span><\/p>\n<p><span lang=\"ES-MX\">\u201cSi ustedes se pasan, pues ya saben lo que sucede\u2026 pero no soy yo, es la gente\u00bb, advirti\u00f3 el presidente Andr\u00e9s Manuel L\u00f3pez Obrador en la ma\u00f1anera del pasado lunes 15 de abril a los periodistas. Fue contundente L\u00f3pez Obrador de fijar su postura de no estar dispuesto a tolerar las cr\u00edticas.<\/span><\/p>\n<p><span lang=\"ES-MX\">Doce d\u00edas despu\u00e9s, el poderoso diario londinense The Guardian, public\u00f3 en su edici\u00f3n del d\u00eda 27: \u00abAndr\u00e9s Manuel L\u00f3pez Obrador llev\u00f3 a la izquierda mexicana al poder con la promesa de respetar a la prensa y terminar con la muerte de los periodistas. Pero ese compromiso est\u00e1 a prueba, ya que el presidente mantiene una serie de cr\u00edticas hacia un peri\u00f3dico de la Ciudad de M\u00e9xico que hace una cobertura cr\u00edtica sobre sus acciones en el poder\u00bb, apunt\u00f3 el periodista David Agren, al hacer referencia al peri\u00f3dico Reforma, por haber publicado el domicilio del presidente L\u00f3pez, lo que molest\u00f3 al mandatario. Agren precis\u00f3 en la nota: \u00abLa direcci\u00f3n era de dominio p\u00fablico pero el presidente de M\u00e9xico se quej\u00f3 p\u00fablicamente de la historia, lo que desat\u00f3 una serie de amenazas de muerte contra el editor en jefe de Reforma, Juan Pardinas\u00bb.<\/span><\/p>\n<p><span lang=\"ES-MX\">Lo hemos recalcado en entregas anteriores en este espacio: las se\u00f1ales de odio que se eructan cada ma\u00f1ana, se reproducen en los estados y municipios.<\/span><\/p>\n<p><span lang=\"ES-MX\">En forma simult\u00e1nea, cuando la realidad nos alcance y en la ma\u00f1anera ya no haya lugar para culpar de todo al pasado; cuando esos argumentos no tengan ning\u00fan efecto, podr\u00eda presentarse la reacci\u00f3n que nadie desea, la intolerancia ejercida con el prop\u00f3sito de apagar las voces que indican la continuidad de los desatinos y sus consecuencias. \u00a0\u00a0<\/span><\/p>\n<p><span lang=\"ES-MX\">La prensa internacional tiene puestos los ojos en M\u00e9xico, en especial en Veracruz. La atenci\u00f3n centrada se debe entre otras razones por estar catalogado como el segundo pa\u00eds m\u00e1s peligroso para ejercer el periodismo, despu\u00e9s de Irak. Veracruz es m\u00e1s riesgosa que cualquier otra entidad. Por consiguiente, ha sido muy criticada la sentencia que lanz\u00f3 a los periodistas el secretario de Gobierno de Veracruz, el bajacaliforniano Eric Patrocinio Cisneros Burgos, sus amenazas a la prensa han tomado revuelo y sonar\u00e1n por varios d\u00edas m\u00e1s. Ya deben haber tomado nota de ello los medios de comunicaci\u00f3n en cualquier rinc\u00f3n del orbe. \u00a0<\/span><\/p>\n<p><a href=\"mailto:rvazquez002@yahoo.com.mx\" target=\"_blank\"><span lang=\"ES-MX\">rvazquez002@yahoo.com.mx<\/span><\/a><\/p>\n","protected":false},"excerpt":{"rendered":"<p>Ricardo V\u00e1zquez S. Esfera Pol\u00edtica Interminables mensajes de odio desde el templo del dolor ma\u00f1anero, un d\u00eda s\u00ed y otro tambi\u00e9n. Suena ocioso repetir: a todo aquel que cuestione, reclame o no est\u00e9 de acuerdo con las decisiones que marcan el rumbo de este pa\u00eds, \u201ces de lo peor\u201d, califica la voz del \u201ctodopoderoso\u201d de [&hellip;]<\/p>\n","protected":false},"author":2,"featured_media":48149,"comment_status":"open","ping_status":"open","sticky":false,"template":"","format":"standard","meta":{"tdm_status":"","tdm_grid_status":"","footnotes":""},"categories":[70],"tags":[618,14600,3795,14655,14643,14654,372,7543,13466,195],"class_list":{"0":"post-48147","1":"post","2":"type-post","3":"status-publish","4":"format-standard","5":"has-post-thumbnail","7":"category-de-opinion","8":"tag-andres-manuel-lopez-obrador","9":"tag-cancer-y-vih","10":"tag-ciudad-de-mexico","11":"tag-claudia-sheimbaum","13":"tag-macuspana","14":"tag-pemex","15":"tag-the-guardian","16":"tag-tren-maya","17":"tag-veracruz"},"yoast_head":"<!-- This site is optimized with the Yoast SEO plugin v27.4 - https:\/\/yoast.com\/product\/yoast-seo-wordpress\/ -->\n<title>Las culpas al pasado y la libertad de expresi\u00f3n caducar\u00e1n al mismo tiempo - Los pol\u00edticos Veracruz<\/title>\n<meta name=\"robots\" content=\"index, follow, max-snippet:-1, max-image-preview:large, max-video-preview:-1\" \/>\n<link rel=\"canonical\" href=\"https:\/\/lospoliticosveracruz.com\/?p=48147\" \/>\n<meta property=\"og:locale\" content=\"es_ES\" \/>\n<meta property=\"og:type\" content=\"article\" \/>\n<meta property=\"og:title\" content=\"Las culpas al pasado y la libertad de expresi\u00f3n caducar\u00e1n al mismo tiempo - Los pol\u00edticos Veracruz\" \/>\n<meta property=\"og:description\" content=\"Ricardo V\u00e1zquez S. Esfera Pol\u00edtica Interminables mensajes de odio desde el templo del dolor ma\u00f1anero, un d\u00eda s\u00ed y otro tambi\u00e9n. Suena ocioso repetir: a todo aquel que cuestione, reclame o no est\u00e9 de acuerdo con las decisiones que marcan el rumbo de este pa\u00eds, \u201ces de lo peor\u201d, califica la voz del \u201ctodopoderoso\u201d de [&hellip;]\" \/>\n<meta property=\"og:url\" content=\"https:\/\/lospoliticosveracruz.com\/?p=48147\" \/>\n<meta property=\"og:site_name\" content=\"Los pol\u00edticos Veracruz\" \/>\n<meta property=\"article:publisher\" content=\"https:\/\/www.facebook.com\/people\/Notimemes-de-los-Polticos\/61565672886568\/\" \/>\n<meta property=\"article:published_time\" content=\"2019-05-15T18:37:30+00:00\" \/>\n<meta property=\"og:image\" content=\"https:\/\/lospoliticosveracruz.com\/wp-content\/uploads\/2019\/05\/Odio.jpg\" \/>\n\t<meta property=\"og:image:width\" content=\"600\" \/>\n\t<meta property=\"og:image:height\" content=\"295\" \/>\n\t<meta property=\"og:image:type\" content=\"image\/jpeg\" \/>\n<meta name=\"author\" content=\"Lo viste en Los Pol\u00edticos\" \/>\n<meta name=\"twitter:card\" content=\"summary_large_image\" \/>\n<meta name=\"twitter:creator\" content=\"@LosPoliticosVer\" \/>\n<meta name=\"twitter:site\" content=\"@LosPoliticosVer\" \/>\n<meta name=\"twitter:label1\" content=\"Escrito por\" \/>\n\t<meta name=\"twitter:data1\" content=\"Lo viste en Los Pol\u00edticos\" \/>\n\t<meta name=\"twitter:label2\" content=\"Tiempo de lectura\" \/>\n\t<meta name=\"twitter:data2\" content=\"4 minutos\" \/>\n<script type=\"application\/ld+json\" class=\"yoast-schema-graph\">{\"@context\":\"https:\\\/\\\/schema.org\",\"@graph\":[{\"@type\":\"Article\",\"@id\":\"https:\\\/\\\/lospoliticosveracruz.com\\\/?p=48147#article\",\"isPartOf\":{\"@id\":\"https:\\\/\\\/lospoliticosveracruz.com\\\/?p=48147\"},\"author\":{\"name\":\"Lo viste en Los Pol\u00edticos\",\"@id\":\"https:\\\/\\\/lospoliticosveracruz.com\\\/#\\\/schema\\\/person\\\/b8702bb0e538456e6efd07080bf2a4a2\"},\"headline\":\"Las culpas al pasado y la libertad de expresi\u00f3n caducar\u00e1n al mismo tiempo\",\"datePublished\":\"2019-05-15T18:37:30+00:00\",\"mainEntityOfPage\":{\"@id\":\"https:\\\/\\\/lospoliticosveracruz.com\\\/?p=48147\"},\"wordCount\":755,\"commentCount\":0,\"publisher\":{\"@id\":\"https:\\\/\\\/lospoliticosveracruz.com\\\/#organization\"},\"image\":{\"@id\":\"https:\\\/\\\/lospoliticosveracruz.com\\\/?p=48147#primaryimage\"},\"thumbnailUrl\":\"https:\\\/\\\/lospoliticosveracruz.com\\\/wp-content\\\/uploads\\\/2019\\\/05\\\/Odio.jpg\",\"keywords\":[\"Andr\u00e9s Manuel L\u00f3pez Obrador\",\"c\u00e1ncer y VIH\",\"Ciudad de M\u00e9xico\",\"Claudia Sheimbaum\",\"Dos Bocas\",\"Macuspana\",\"Pemex\",\"The Guardian\",\"Tren Maya\",\"Veracruz\"],\"articleSection\":[\"De Opini\u00f3n\"],\"inLanguage\":\"es\",\"potentialAction\":[{\"@type\":\"CommentAction\",\"name\":\"Comment\",\"target\":[\"https:\\\/\\\/lospoliticosveracruz.com\\\/?p=48147#respond\"]}]},{\"@type\":\"WebPage\",\"@id\":\"https:\\\/\\\/lospoliticosveracruz.com\\\/?p=48147\",\"url\":\"https:\\\/\\\/lospoliticosveracruz.com\\\/?p=48147\",\"name\":\"Las culpas al pasado y la libertad de expresi\u00f3n caducar\u00e1n al mismo tiempo - Los pol\u00edticos Veracruz\",\"isPartOf\":{\"@id\":\"https:\\\/\\\/lospoliticosveracruz.com\\\/#website\"},\"primaryImageOfPage\":{\"@id\":\"https:\\\/\\\/lospoliticosveracruz.com\\\/?p=48147#primaryimage\"},\"image\":{\"@id\":\"https:\\\/\\\/lospoliticosveracruz.com\\\/?p=48147#primaryimage\"},\"thumbnailUrl\":\"https:\\\/\\\/lospoliticosveracruz.com\\\/wp-content\\\/uploads\\\/2019\\\/05\\\/Odio.jpg\",\"datePublished\":\"2019-05-15T18:37:30+00:00\",\"breadcrumb\":{\"@id\":\"https:\\\/\\\/lospoliticosveracruz.com\\\/?p=48147#breadcrumb\"},\"inLanguage\":\"es\",\"potentialAction\":[{\"@type\":\"ReadAction\",\"target\":[\"https:\\\/\\\/lospoliticosveracruz.com\\\/?p=48147\"]}]},{\"@type\":\"ImageObject\",\"inLanguage\":\"es\",\"@id\":\"https:\\\/\\\/lospoliticosveracruz.com\\\/?p=48147#primaryimage\",\"url\":\"https:\\\/\\\/lospoliticosveracruz.com\\\/wp-content\\\/uploads\\\/2019\\\/05\\\/Odio.jpg\",\"contentUrl\":\"https:\\\/\\\/lospoliticosveracruz.com\\\/wp-content\\\/uploads\\\/2019\\\/05\\\/Odio.jpg\",\"width\":600,\"height\":295},{\"@type\":\"BreadcrumbList\",\"@id\":\"https:\\\/\\\/lospoliticosveracruz.com\\\/?p=48147#breadcrumb\",\"itemListElement\":[{\"@type\":\"ListItem\",\"position\":1,\"name\":\"Portada\",\"item\":\"https:\\\/\\\/lospoliticosveracruz.com\\\/\"},{\"@type\":\"ListItem\",\"position\":2,\"name\":\"Las culpas al pasado y la libertad de expresi\u00f3n caducar\u00e1n al mismo tiempo\"}]},{\"@type\":\"WebSite\",\"@id\":\"https:\\\/\\\/lospoliticosveracruz.com\\\/#website\",\"url\":\"https:\\\/\\\/lospoliticosveracruz.com\\\/\",\"name\":\"Los pol\u00edticos Veracruz\",\"description\":\"\",\"publisher\":{\"@id\":\"https:\\\/\\\/lospoliticosveracruz.com\\\/#organization\"},\"potentialAction\":[{\"@type\":\"SearchAction\",\"target\":{\"@type\":\"EntryPoint\",\"urlTemplate\":\"https:\\\/\\\/lospoliticosveracruz.com\\\/?s={search_term_string}\"},\"query-input\":{\"@type\":\"PropertyValueSpecification\",\"valueRequired\":true,\"valueName\":\"search_term_string\"}}],\"inLanguage\":\"es\"},{\"@type\":\"Organization\",\"@id\":\"https:\\\/\\\/lospoliticosveracruz.com\\\/#organization\",\"name\":\"Los pol\u00edticos Veracruz\",\"url\":\"https:\\\/\\\/lospoliticosveracruz.com\\\/\",\"logo\":{\"@type\":\"ImageObject\",\"inLanguage\":\"es\",\"@id\":\"https:\\\/\\\/lospoliticosveracruz.com\\\/#\\\/schema\\\/logo\\\/image\\\/\",\"url\":\"https:\\\/\\\/lospoliticosveracruz.com\\\/wp-content\\\/uploads\\\/2025\\\/12\\\/Logo-Nuevo-LOS-POLITICOS-1.jpg\",\"contentUrl\":\"https:\\\/\\\/lospoliticosveracruz.com\\\/wp-content\\\/uploads\\\/2025\\\/12\\\/Logo-Nuevo-LOS-POLITICOS-1.jpg\",\"width\":260,\"height\":70,\"caption\":\"Los pol\u00edticos Veracruz\"},\"image\":{\"@id\":\"https:\\\/\\\/lospoliticosveracruz.com\\\/#\\\/schema\\\/logo\\\/image\\\/\"},\"sameAs\":[\"https:\\\/\\\/www.facebook.com\\\/people\\\/Notimemes-de-los-Polticos\\\/61565672886568\\\/\",\"https:\\\/\\\/x.com\\\/LosPoliticosVer\"]},{\"@type\":\"Person\",\"@id\":\"https:\\\/\\\/lospoliticosveracruz.com\\\/#\\\/schema\\\/person\\\/b8702bb0e538456e6efd07080bf2a4a2\",\"name\":\"Lo viste en Los Pol\u00edticos\",\"image\":{\"@type\":\"ImageObject\",\"inLanguage\":\"es\",\"@id\":\"https:\\\/\\\/secure.gravatar.com\\\/avatar\\\/3a8de04a2656d44082be478bd6c086daa447c4651605818287b9532d3d0bd435?s=96&d=mm&r=g\",\"url\":\"https:\\\/\\\/secure.gravatar.com\\\/avatar\\\/3a8de04a2656d44082be478bd6c086daa447c4651605818287b9532d3d0bd435?s=96&d=mm&r=g\",\"contentUrl\":\"https:\\\/\\\/secure.gravatar.com\\\/avatar\\\/3a8de04a2656d44082be478bd6c086daa447c4651605818287b9532d3d0bd435?s=96&d=mm&r=g\",\"caption\":\"Lo viste en Los Pol\u00edticos\"},\"url\":\"https:\\\/\\\/lospoliticosveracruz.com\\\/?author=2\"}]}<\/script>\n<!-- \/ Yoast SEO plugin. -->","yoast_head_json":{"title":"Las culpas al pasado y la libertad de expresi\u00f3n caducar\u00e1n al mismo tiempo - Los pol\u00edticos Veracruz","robots":{"index":"index","follow":"follow","max-snippet":"max-snippet:-1","max-image-preview":"max-image-preview:large","max-video-preview":"max-video-preview:-1"},"canonical":"https:\/\/lospoliticosveracruz.com\/?p=48147","og_locale":"es_ES","og_type":"article","og_title":"Las culpas al pasado y la libertad de expresi\u00f3n caducar\u00e1n al mismo tiempo - Los pol\u00edticos Veracruz","og_description":"Ricardo V\u00e1zquez S. Esfera Pol\u00edtica Interminables mensajes de odio desde el templo del dolor ma\u00f1anero, un d\u00eda s\u00ed y otro tambi\u00e9n. Suena ocioso repetir: a todo aquel que cuestione, reclame o no est\u00e9 de acuerdo con las decisiones que marcan el rumbo de este pa\u00eds, \u201ces de lo peor\u201d, califica la voz del \u201ctodopoderoso\u201d de [&hellip;]","og_url":"https:\/\/lospoliticosveracruz.com\/?p=48147","og_site_name":"Los pol\u00edticos Veracruz","article_publisher":"https:\/\/www.facebook.com\/people\/Notimemes-de-los-Polticos\/61565672886568\/","article_published_time":"2019-05-15T18:37:30+00:00","og_image":[{"width":600,"height":295,"url":"https:\/\/lospoliticosveracruz.com\/wp-content\/uploads\/2019\/05\/Odio.jpg","type":"image\/jpeg"}],"author":"Lo viste en Los Pol\u00edticos","twitter_card":"summary_large_image","twitter_creator":"@LosPoliticosVer","twitter_site":"@LosPoliticosVer","twitter_misc":{"Escrito por":"Lo viste en Los Pol\u00edticos","Tiempo de lectura":"4 minutos"},"schema":{"@context":"https:\/\/schema.org","@graph":[{"@type":"Article","@id":"https:\/\/lospoliticosveracruz.com\/?p=48147#article","isPartOf":{"@id":"https:\/\/lospoliticosveracruz.com\/?p=48147"},"author":{"name":"Lo viste en Los Pol\u00edticos","@id":"https:\/\/lospoliticosveracruz.com\/#\/schema\/person\/b8702bb0e538456e6efd07080bf2a4a2"},"headline":"Las culpas al pasado y la libertad de expresi\u00f3n caducar\u00e1n al mismo tiempo","datePublished":"2019-05-15T18:37:30+00:00","mainEntityOfPage":{"@id":"https:\/\/lospoliticosveracruz.com\/?p=48147"},"wordCount":755,"commentCount":0,"publisher":{"@id":"https:\/\/lospoliticosveracruz.com\/#organization"},"image":{"@id":"https:\/\/lospoliticosveracruz.com\/?p=48147#primaryimage"},"thumbnailUrl":"https:\/\/lospoliticosveracruz.com\/wp-content\/uploads\/2019\/05\/Odio.jpg","keywords":["Andr\u00e9s Manuel L\u00f3pez Obrador","c\u00e1ncer y VIH","Ciudad de M\u00e9xico","Claudia Sheimbaum","Dos Bocas","Macuspana","Pemex","The Guardian","Tren Maya","Veracruz"],"articleSection":["De Opini\u00f3n"],"inLanguage":"es","potentialAction":[{"@type":"CommentAction","name":"Comment","target":["https:\/\/lospoliticosveracruz.com\/?p=48147#respond"]}]},{"@type":"WebPage","@id":"https:\/\/lospoliticosveracruz.com\/?p=48147","url":"https:\/\/lospoliticosveracruz.com\/?p=48147","name":"Las culpas al pasado y la libertad de expresi\u00f3n caducar\u00e1n al mismo tiempo - Los pol\u00edticos Veracruz","isPartOf":{"@id":"https:\/\/lospoliticosveracruz.com\/#website"},"primaryImageOfPage":{"@id":"https:\/\/lospoliticosveracruz.com\/?p=48147#primaryimage"},"image":{"@id":"https:\/\/lospoliticosveracruz.com\/?p=48147#primaryimage"},"thumbnailUrl":"https:\/\/lospoliticosveracruz.com\/wp-content\/uploads\/2019\/05\/Odio.jpg","datePublished":"2019-05-15T18:37:30+00:00","breadcrumb":{"@id":"https:\/\/lospoliticosveracruz.com\/?p=48147#breadcrumb"},"inLanguage":"es","potentialAction":[{"@type":"ReadAction","target":["https:\/\/lospoliticosveracruz.com\/?p=48147"]}]},{"@type":"ImageObject","inLanguage":"es","@id":"https:\/\/lospoliticosveracruz.com\/?p=48147#primaryimage","url":"https:\/\/lospoliticosveracruz.com\/wp-content\/uploads\/2019\/05\/Odio.jpg","contentUrl":"https:\/\/lospoliticosveracruz.com\/wp-content\/uploads\/2019\/05\/Odio.jpg","width":600,"height":295},{"@type":"BreadcrumbList","@id":"https:\/\/lospoliticosveracruz.com\/?p=48147#breadcrumb","itemListElement":[{"@type":"ListItem","position":1,"name":"Portada","item":"https:\/\/lospoliticosveracruz.com\/"},{"@type":"ListItem","position":2,"name":"Las culpas al pasado y la libertad de expresi\u00f3n caducar\u00e1n al mismo tiempo"}]},{"@type":"WebSite","@id":"https:\/\/lospoliticosveracruz.com\/#website","url":"https:\/\/lospoliticosveracruz.com\/","name":"Los pol\u00edticos Veracruz","description":"","publisher":{"@id":"https:\/\/lospoliticosveracruz.com\/#organization"},"potentialAction":[{"@type":"SearchAction","target":{"@type":"EntryPoint","urlTemplate":"https:\/\/lospoliticosveracruz.com\/?s={search_term_string}"},"query-input":{"@type":"PropertyValueSpecification","valueRequired":true,"valueName":"search_term_string"}}],"inLanguage":"es"},{"@type":"Organization","@id":"https:\/\/lospoliticosveracruz.com\/#organization","name":"Los pol\u00edticos Veracruz","url":"https:\/\/lospoliticosveracruz.com\/","logo":{"@type":"ImageObject","inLanguage":"es","@id":"https:\/\/lospoliticosveracruz.com\/#\/schema\/logo\/image\/","url":"https:\/\/lospoliticosveracruz.com\/wp-content\/uploads\/2025\/12\/Logo-Nuevo-LOS-POLITICOS-1.jpg","contentUrl":"https:\/\/lospoliticosveracruz.com\/wp-content\/uploads\/2025\/12\/Logo-Nuevo-LOS-POLITICOS-1.jpg","width":260,"height":70,"caption":"Los pol\u00edticos Veracruz"},"image":{"@id":"https:\/\/lospoliticosveracruz.com\/#\/schema\/logo\/image\/"},"sameAs":["https:\/\/www.facebook.com\/people\/Notimemes-de-los-Polticos\/61565672886568\/","https:\/\/x.com\/LosPoliticosVer"]},{"@type":"Person","@id":"https:\/\/lospoliticosveracruz.com\/#\/schema\/person\/b8702bb0e538456e6efd07080bf2a4a2","name":"Lo viste en Los Pol\u00edticos","image":{"@type":"ImageObject","inLanguage":"es","@id":"https:\/\/secure.gravatar.com\/avatar\/3a8de04a2656d44082be478bd6c086daa447c4651605818287b9532d3d0bd435?s=96&d=mm&r=g","url":"https:\/\/secure.gravatar.com\/avatar\/3a8de04a2656d44082be478bd6c086daa447c4651605818287b9532d3d0bd435?s=96&d=mm&r=g","contentUrl":"https:\/\/secure.gravatar.com\/avatar\/3a8de04a2656d44082be478bd6c086daa447c4651605818287b9532d3d0bd435?s=96&d=mm&r=g","caption":"Lo viste en Los Pol\u00edticos"},"url":"https:\/\/lospoliticosveracruz.com\/?author=2"}]}},"_links":{"self":[{"href":"https:\/\/lospoliticosveracruz.com\/index.php?rest_route=\/wp\/v2\/posts\/48147","targetHints":{"allow":["GET"]}}],"collection":[{"href":"https:\/\/lospoliticosveracruz.com\/index.php?rest_route=\/wp\/v2\/posts"}],"about":[{"href":"https:\/\/lospoliticosveracruz.com\/index.php?rest_route=\/wp\/v2\/types\/post"}],"author":[{"embeddable":true,"href":"https:\/\/lospoliticosveracruz.com\/index.php?rest_route=\/wp\/v2\/users\/2"}],"replies":[{"embeddable":true,"href":"https:\/\/lospoliticosveracruz.com\/index.php?rest_route=%2Fwp%2Fv2%2Fcomments&post=48147"}],"version-history":[{"count":1,"href":"https:\/\/lospoliticosveracruz.com\/index.php?rest_route=\/wp\/v2\/posts\/48147\/revisions"}],"predecessor-version":[{"id":48148,"href":"https:\/\/lospoliticosveracruz.com\/index.php?rest_route=\/wp\/v2\/posts\/48147\/revisions\/48148"}],"wp:featuredmedia":[{"embeddable":true,"href":"https:\/\/lospoliticosveracruz.com\/index.php?rest_route=\/wp\/v2\/media\/48149"}],"wp:attachment":[{"href":"https:\/\/lospoliticosveracruz.com\/index.php?rest_route=%2Fwp%2Fv2%2Fmedia&parent=48147"}],"wp:term":[{"taxonomy":"category","embeddable":true,"href":"https:\/\/lospoliticosveracruz.com\/index.php?rest_route=%2Fwp%2Fv2%2Fcategories&post=48147"},{"taxonomy":"post_tag","embeddable":true,"href":"https:\/\/lospoliticosveracruz.com\/index.php?rest_route=%2Fwp%2Fv2%2Ftags&post=48147"}],"curies":[{"name":"wp","href":"https:\/\/api.w.org\/{rel}","templated":true}]}}