{"id":48164,"date":"2019-05-17T10:57:36","date_gmt":"2019-05-17T15:57:36","guid":{"rendered":"http:\/\/www.lospoliticosveracruz.com.mx\/?p=48164"},"modified":"2019-05-17T10:57:36","modified_gmt":"2019-05-17T15:57:36","slug":"persecuciones-a-lo-morena","status":"publish","type":"post","link":"https:\/\/lospoliticosveracruz.com\/?p=48164","title":{"rendered":"Persecuciones a lo Morena"},"content":{"rendered":"<p><strong>Felipe de Jes\u00fas Fern\u00e1ndez Basilio<\/strong><\/p>\n<p>Desde A Janela<\/p>\n<p>Esta vez vamos a abordar dos casos que est\u00e1n ocurriendo en lugares diferentes pero que son emblem\u00e1ticos de la manera en que las autoridades actuales operan cuando se trata de perseguir a alguien hasta lograr de ser posible su destrucci\u00f3n.<\/p>\n<p>El primero de ellos es un caso criminal y ocurri\u00f3 en la Ciudad de M\u00e9xico, se trata de la maestra M\u00f3nica Garc\u00eda Naranjo, quien fuera la due\u00f1a y directora del Colegio Enrique R\u00e9bsamen, escuela cuyo edificio colaps\u00f3 en el sismo ocurrido el d\u00eda 19 de septiembre de 2017 y a quien acusan por el homicidio culposo de 26 personas, de las cuales 19 eran menores de edad y el resto adultos.<\/p>\n<p>Sin embargo, lo curioso de este asunto no es que se le haya hecho comparecer ante la autoridad judicial, ya que siempre es necesario esclarecer los hechos cuando hay la probable comisi\u00f3n de cualquier delito, mas lo que s\u00ed es de llamar la atenci\u00f3n es la manera en que se lanzaron en su persecuci\u00f3n y despu\u00e9s de ello el teatro que montaron las autoridades ministeriales de la Ciudad de M\u00e9xico en relaci\u00f3n a su captura.<\/p>\n<p>Ya que en trat\u00e1ndose de una persona perseguida por homicidio culposo y falsificaci\u00f3n de documentos, ofrecer una recompensa de 5 millones de pesos a quien diera informaci\u00f3n acerca de su paradero, es verdaderamente exagerado y m\u00e1s en un pa\u00eds en donde el crimen organizado campea a sus anchas y ni de chiste se ofrece una recompensa que se acerque a esa cifra para quien ayude esclarecer homicidios cometidos a sangre fr\u00eda y conseguir identificar y aprehender a quienes los cometen.<\/p>\n<p>Porque hay que distinguir entre el dolo o intenci\u00f3n de cometer un homicidio y la simple culpa, que en materia criminal es un descuido y aun sin descartar que solo se trate de un caso fortuito lo ocurrido ese tr\u00e1gico d\u00eda en ese colegio; ya que el origen de la tragedia fue una cat\u00e1strofe natural, no un hecho provocado intencionalmente por una persona y al parecer la hoy imputada tampoco ten\u00eda los conocimientos t\u00e9cnicos en construcci\u00f3n para poder prevenir dentro de lo humanamente posible la desgracia ocurrida.<\/p>\n<p>Mas de momento lo preocupante es que se persiga de esa manera a una persona de la que en verdad no se sabe siquiera si es culpable de los delitos que se le imputan y m\u00e1s que las presiones para lograr su captura se hayan incrementado ante la proximidad de un amparo solicitado por la entonces defensa de la maestra; presi\u00f3n que se dio hasta el grado de que el medio hermano de la buscada, haya contactado a diversas autoridades de la ciudad y sea el quien vaya a cobrar la recompensa con la consiguiente traici\u00f3n familiar y el regodeo de las autoridades capitalinas; no cabe duda que \u00a1Poderoso caballero es Don Dinero!<\/p>\n<p>El otro caso que comentaremos en esta ocasi\u00f3n es pol\u00edtico y ocurre en el estado de Veracruz, en donde para variar el villano es el fiscal general del estado, quien es perseguido compulsivamente por el gobernador y por lo mismo quiz\u00e1 sea al d\u00eda de hoy la persona m\u00e1s famosa del estado.<\/p>\n<p>Pues resulta que despu\u00e9s de fracasar en el juicio pol\u00edtico intentado en su contra, ahora el gobierno del estado lo acusa ante la Fiscal\u00eda General de la Rep\u00fablica por presuntamente haber torturado a un imputado durante su estancia en el reclusorio.<\/p>\n<p>Acusaci\u00f3n que derivan de una recomendaci\u00f3n hecha por parte de la Comisi\u00f3n Estatal de Derechos Humanos, \u00a1Vaya existe ese organismo! Ya que tiene a\u00f1os que no interviene en nada y ahora curiosamente aparece y se\u00f1ala en una recomendaci\u00f3n que el hoy fiscal regional de Jalapa, quien por cierto fuera pupilo y colaborador muy cercano de la titular de esa comisi\u00f3n, (con lo cual tambi\u00e9n se nota que los afectos y agradecimientos tienen un l\u00edmite), tortur\u00f3 en las instalaciones del reclusorio a un detenido y por lo mismo dicen que el fiscal general del estado al ser su superior jer\u00e1rquico tambi\u00e9n es responsable de ello.<\/p>\n<p>Lo cual est\u00e1 por verse si es cierto o no, ya que quien est\u00e1 a cargo de los reclusorios y por ende de los reclusos es la Secretar\u00eda de Seguridad P\u00fablica y no la fiscal\u00eda General del Estado,<\/p>\n<p>Mas por si no bastara con lo anterior, tambi\u00e9n se acusa al fiscal de haber ocultado un gran n\u00famero de \u00f3rdenes de aprehensi\u00f3n, acusaci\u00f3n en la que se suma el camale\u00f3nico presidente del Tribunal Superior de Justicia, quien primero fue seguidor de Herrera a quien le debe la magistratura que ostenta, luego lo fue de Yunes a quien le debe la presidencia del tribunal y ahora se suma al gobierno actual para posiblemente tratar de repetir en ambas cosas.<\/p>\n<p>En fin, aqu\u00ed vemos dos ejemplos de la forma en que los gobiernos de Morena tratan de perseguir, acosar e intimidar tanto a quienes tienen en la mira como a quienes los apoyan, ya que en el primer caso consiguieron la captura ofreciendo una suma de dinero que result\u00f3 irresistible para los familiares y en el segundo caso tenemos que se ofrecen todo tipo de recompensas con tal de acabar con el fiscal, destruy\u00e9ndose de paso amistades y lealtades como las que hab\u00eda entre la presidente de la Comisi\u00f3n Estatal de Derechos Humanos y el hoy Fiscal Regional de Jalapa.<\/p>\n<p><a href=\"mailto:felfebas@gmail.com\">felfebas@gmail.com<\/a><\/p>\n<p>Twitter: @FelipeFBasilio<\/p>\n","protected":false},"excerpt":{"rendered":"<p>Felipe de Jes\u00fas Fern\u00e1ndez Basilio Desde A Janela Esta vez vamos a abordar dos casos que est\u00e1n ocurriendo en lugares diferentes pero que son emblem\u00e1ticos de la manera en que las autoridades actuales operan cuando se trata de perseguir a alguien hasta lograr de ser posible su destrucci\u00f3n. El primero de ellos es un caso [&hellip;]<\/p>\n","protected":false},"author":2,"featured_media":48165,"comment_status":"open","ping_status":"open","sticky":false,"template":"","format":"standard","meta":{"tdm_status":"","tdm_grid_status":"","footnotes":""},"categories":[70],"tags":[3795,14660,4506,12261,14659,1026,4555,10798,195,96],"class_list":{"0":"post-48164","1":"post","2":"type-post","3":"status-publish","4":"format-standard","5":"has-post-thumbnail","7":"category-de-opinion","8":"tag-ciudad-de-mexico","9":"tag-colegio-enrique-rebsamen","10":"tag-comision-estatal-de-derechos-humanos","11":"tag-fiscalia-general","12":"tag-monica-garcia-naranjo","13":"tag-morena","14":"tag-secretaria-de-seguridad-publica","15":"tag-tribunal-superior-de-justicia","16":"tag-veracruz","17":"tag-xalapa"},"yoast_head":"<!-- This site is optimized with the Yoast SEO plugin v27.4 - https:\/\/yoast.com\/product\/yoast-seo-wordpress\/ -->\n<title>Persecuciones a lo Morena - Los pol\u00edticos Veracruz<\/title>\n<meta name=\"robots\" content=\"index, follow, max-snippet:-1, max-image-preview:large, max-video-preview:-1\" \/>\n<link rel=\"canonical\" href=\"https:\/\/lospoliticosveracruz.com\/?p=48164\" \/>\n<meta property=\"og:locale\" content=\"es_ES\" \/>\n<meta property=\"og:type\" content=\"article\" \/>\n<meta property=\"og:title\" content=\"Persecuciones a lo Morena - Los pol\u00edticos Veracruz\" \/>\n<meta property=\"og:description\" content=\"Felipe de Jes\u00fas Fern\u00e1ndez Basilio Desde A Janela Esta vez vamos a abordar dos casos que est\u00e1n ocurriendo en lugares diferentes pero que son emblem\u00e1ticos de la manera en que las autoridades actuales operan cuando se trata de perseguir a alguien hasta lograr de ser posible su destrucci\u00f3n. El primero de ellos es un caso [&hellip;]\" \/>\n<meta property=\"og:url\" content=\"https:\/\/lospoliticosveracruz.com\/?p=48164\" \/>\n<meta property=\"og:site_name\" content=\"Los pol\u00edticos Veracruz\" \/>\n<meta property=\"article:publisher\" content=\"https:\/\/www.facebook.com\/people\/Notimemes-de-los-Polticos\/61565672886568\/\" \/>\n<meta property=\"article:published_time\" content=\"2019-05-17T15:57:36+00:00\" \/>\n<meta property=\"og:image\" content=\"https:\/\/lospoliticosveracruz.com\/wp-content\/uploads\/2019\/05\/recompensa-rebsamen.jpg\" \/>\n\t<meta property=\"og:image:width\" content=\"688\" \/>\n\t<meta property=\"og:image:height\" content=\"598\" \/>\n\t<meta property=\"og:image:type\" content=\"image\/jpeg\" \/>\n<meta name=\"author\" content=\"Lo viste en Los Pol\u00edticos\" \/>\n<meta name=\"twitter:card\" content=\"summary_large_image\" \/>\n<meta name=\"twitter:creator\" content=\"@LosPoliticosVer\" \/>\n<meta name=\"twitter:site\" content=\"@LosPoliticosVer\" \/>\n<meta name=\"twitter:label1\" content=\"Escrito por\" \/>\n\t<meta name=\"twitter:data1\" content=\"Lo viste en Los Pol\u00edticos\" \/>\n\t<meta name=\"twitter:label2\" content=\"Tiempo de lectura\" \/>\n\t<meta name=\"twitter:data2\" content=\"5 minutos\" \/>\n<script type=\"application\/ld+json\" class=\"yoast-schema-graph\">{\"@context\":\"https:\\\/\\\/schema.org\",\"@graph\":[{\"@type\":\"Article\",\"@id\":\"https:\\\/\\\/lospoliticosveracruz.com\\\/?p=48164#article\",\"isPartOf\":{\"@id\":\"https:\\\/\\\/lospoliticosveracruz.com\\\/?p=48164\"},\"author\":{\"name\":\"Lo viste en Los Pol\u00edticos\",\"@id\":\"https:\\\/\\\/lospoliticosveracruz.com\\\/#\\\/schema\\\/person\\\/b8702bb0e538456e6efd07080bf2a4a2\"},\"headline\":\"Persecuciones a lo Morena\",\"datePublished\":\"2019-05-17T15:57:36+00:00\",\"mainEntityOfPage\":{\"@id\":\"https:\\\/\\\/lospoliticosveracruz.com\\\/?p=48164\"},\"wordCount\":955,\"commentCount\":0,\"publisher\":{\"@id\":\"https:\\\/\\\/lospoliticosveracruz.com\\\/#organization\"},\"image\":{\"@id\":\"https:\\\/\\\/lospoliticosveracruz.com\\\/?p=48164#primaryimage\"},\"thumbnailUrl\":\"https:\\\/\\\/lospoliticosveracruz.com\\\/wp-content\\\/uploads\\\/2019\\\/05\\\/recompensa-rebsamen.jpg\",\"keywords\":[\"Ciudad de M\u00e9xico\",\"Colegio Enrique R\u00e9bsamen\",\"Comisi\u00f3n Estatal de Derechos Humanos\",\"Fiscal\u00eda General\",\"M\u00f3nica Garc\u00eda Naranjo\",\"Morena\",\"Secretar\u00eda de Seguridad P\u00fablica\",\"Tribunal Superior de Justicia\",\"Veracruz\",\"Xalapa\"],\"articleSection\":[\"De Opini\u00f3n\"],\"inLanguage\":\"es\",\"potentialAction\":[{\"@type\":\"CommentAction\",\"name\":\"Comment\",\"target\":[\"https:\\\/\\\/lospoliticosveracruz.com\\\/?p=48164#respond\"]}]},{\"@type\":\"WebPage\",\"@id\":\"https:\\\/\\\/lospoliticosveracruz.com\\\/?p=48164\",\"url\":\"https:\\\/\\\/lospoliticosveracruz.com\\\/?p=48164\",\"name\":\"Persecuciones a lo Morena - Los pol\u00edticos Veracruz\",\"isPartOf\":{\"@id\":\"https:\\\/\\\/lospoliticosveracruz.com\\\/#website\"},\"primaryImageOfPage\":{\"@id\":\"https:\\\/\\\/lospoliticosveracruz.com\\\/?p=48164#primaryimage\"},\"image\":{\"@id\":\"https:\\\/\\\/lospoliticosveracruz.com\\\/?p=48164#primaryimage\"},\"thumbnailUrl\":\"https:\\\/\\\/lospoliticosveracruz.com\\\/wp-content\\\/uploads\\\/2019\\\/05\\\/recompensa-rebsamen.jpg\",\"datePublished\":\"2019-05-17T15:57:36+00:00\",\"breadcrumb\":{\"@id\":\"https:\\\/\\\/lospoliticosveracruz.com\\\/?p=48164#breadcrumb\"},\"inLanguage\":\"es\",\"potentialAction\":[{\"@type\":\"ReadAction\",\"target\":[\"https:\\\/\\\/lospoliticosveracruz.com\\\/?p=48164\"]}]},{\"@type\":\"ImageObject\",\"inLanguage\":\"es\",\"@id\":\"https:\\\/\\\/lospoliticosveracruz.com\\\/?p=48164#primaryimage\",\"url\":\"https:\\\/\\\/lospoliticosveracruz.com\\\/wp-content\\\/uploads\\\/2019\\\/05\\\/recompensa-rebsamen.jpg\",\"contentUrl\":\"https:\\\/\\\/lospoliticosveracruz.com\\\/wp-content\\\/uploads\\\/2019\\\/05\\\/recompensa-rebsamen.jpg\",\"width\":688,\"height\":598},{\"@type\":\"BreadcrumbList\",\"@id\":\"https:\\\/\\\/lospoliticosveracruz.com\\\/?p=48164#breadcrumb\",\"itemListElement\":[{\"@type\":\"ListItem\",\"position\":1,\"name\":\"Portada\",\"item\":\"https:\\\/\\\/lospoliticosveracruz.com\\\/\"},{\"@type\":\"ListItem\",\"position\":2,\"name\":\"Persecuciones a lo Morena\"}]},{\"@type\":\"WebSite\",\"@id\":\"https:\\\/\\\/lospoliticosveracruz.com\\\/#website\",\"url\":\"https:\\\/\\\/lospoliticosveracruz.com\\\/\",\"name\":\"Los pol\u00edticos Veracruz\",\"description\":\"\",\"publisher\":{\"@id\":\"https:\\\/\\\/lospoliticosveracruz.com\\\/#organization\"},\"potentialAction\":[{\"@type\":\"SearchAction\",\"target\":{\"@type\":\"EntryPoint\",\"urlTemplate\":\"https:\\\/\\\/lospoliticosveracruz.com\\\/?s={search_term_string}\"},\"query-input\":{\"@type\":\"PropertyValueSpecification\",\"valueRequired\":true,\"valueName\":\"search_term_string\"}}],\"inLanguage\":\"es\"},{\"@type\":\"Organization\",\"@id\":\"https:\\\/\\\/lospoliticosveracruz.com\\\/#organization\",\"name\":\"Los pol\u00edticos Veracruz\",\"url\":\"https:\\\/\\\/lospoliticosveracruz.com\\\/\",\"logo\":{\"@type\":\"ImageObject\",\"inLanguage\":\"es\",\"@id\":\"https:\\\/\\\/lospoliticosveracruz.com\\\/#\\\/schema\\\/logo\\\/image\\\/\",\"url\":\"https:\\\/\\\/lospoliticosveracruz.com\\\/wp-content\\\/uploads\\\/2025\\\/12\\\/Logo-Nuevo-LOS-POLITICOS-1.jpg\",\"contentUrl\":\"https:\\\/\\\/lospoliticosveracruz.com\\\/wp-content\\\/uploads\\\/2025\\\/12\\\/Logo-Nuevo-LOS-POLITICOS-1.jpg\",\"width\":260,\"height\":70,\"caption\":\"Los pol\u00edticos Veracruz\"},\"image\":{\"@id\":\"https:\\\/\\\/lospoliticosveracruz.com\\\/#\\\/schema\\\/logo\\\/image\\\/\"},\"sameAs\":[\"https:\\\/\\\/www.facebook.com\\\/people\\\/Notimemes-de-los-Polticos\\\/61565672886568\\\/\",\"https:\\\/\\\/x.com\\\/LosPoliticosVer\"]},{\"@type\":\"Person\",\"@id\":\"https:\\\/\\\/lospoliticosveracruz.com\\\/#\\\/schema\\\/person\\\/b8702bb0e538456e6efd07080bf2a4a2\",\"name\":\"Lo viste en Los Pol\u00edticos\",\"image\":{\"@type\":\"ImageObject\",\"inLanguage\":\"es\",\"@id\":\"https:\\\/\\\/secure.gravatar.com\\\/avatar\\\/3a8de04a2656d44082be478bd6c086daa447c4651605818287b9532d3d0bd435?s=96&d=mm&r=g\",\"url\":\"https:\\\/\\\/secure.gravatar.com\\\/avatar\\\/3a8de04a2656d44082be478bd6c086daa447c4651605818287b9532d3d0bd435?s=96&d=mm&r=g\",\"contentUrl\":\"https:\\\/\\\/secure.gravatar.com\\\/avatar\\\/3a8de04a2656d44082be478bd6c086daa447c4651605818287b9532d3d0bd435?s=96&d=mm&r=g\",\"caption\":\"Lo viste en Los Pol\u00edticos\"},\"url\":\"https:\\\/\\\/lospoliticosveracruz.com\\\/?author=2\"}]}<\/script>\n<!-- \/ Yoast SEO plugin. -->","yoast_head_json":{"title":"Persecuciones a lo Morena - Los pol\u00edticos Veracruz","robots":{"index":"index","follow":"follow","max-snippet":"max-snippet:-1","max-image-preview":"max-image-preview:large","max-video-preview":"max-video-preview:-1"},"canonical":"https:\/\/lospoliticosveracruz.com\/?p=48164","og_locale":"es_ES","og_type":"article","og_title":"Persecuciones a lo Morena - Los pol\u00edticos Veracruz","og_description":"Felipe de Jes\u00fas Fern\u00e1ndez Basilio Desde A Janela Esta vez vamos a abordar dos casos que est\u00e1n ocurriendo en lugares diferentes pero que son emblem\u00e1ticos de la manera en que las autoridades actuales operan cuando se trata de perseguir a alguien hasta lograr de ser posible su destrucci\u00f3n. El primero de ellos es un caso [&hellip;]","og_url":"https:\/\/lospoliticosveracruz.com\/?p=48164","og_site_name":"Los pol\u00edticos Veracruz","article_publisher":"https:\/\/www.facebook.com\/people\/Notimemes-de-los-Polticos\/61565672886568\/","article_published_time":"2019-05-17T15:57:36+00:00","og_image":[{"width":688,"height":598,"url":"https:\/\/lospoliticosveracruz.com\/wp-content\/uploads\/2019\/05\/recompensa-rebsamen.jpg","type":"image\/jpeg"}],"author":"Lo viste en Los Pol\u00edticos","twitter_card":"summary_large_image","twitter_creator":"@LosPoliticosVer","twitter_site":"@LosPoliticosVer","twitter_misc":{"Escrito por":"Lo viste en Los Pol\u00edticos","Tiempo de lectura":"5 minutos"},"schema":{"@context":"https:\/\/schema.org","@graph":[{"@type":"Article","@id":"https:\/\/lospoliticosveracruz.com\/?p=48164#article","isPartOf":{"@id":"https:\/\/lospoliticosveracruz.com\/?p=48164"},"author":{"name":"Lo viste en Los Pol\u00edticos","@id":"https:\/\/lospoliticosveracruz.com\/#\/schema\/person\/b8702bb0e538456e6efd07080bf2a4a2"},"headline":"Persecuciones a lo Morena","datePublished":"2019-05-17T15:57:36+00:00","mainEntityOfPage":{"@id":"https:\/\/lospoliticosveracruz.com\/?p=48164"},"wordCount":955,"commentCount":0,"publisher":{"@id":"https:\/\/lospoliticosveracruz.com\/#organization"},"image":{"@id":"https:\/\/lospoliticosveracruz.com\/?p=48164#primaryimage"},"thumbnailUrl":"https:\/\/lospoliticosveracruz.com\/wp-content\/uploads\/2019\/05\/recompensa-rebsamen.jpg","keywords":["Ciudad de M\u00e9xico","Colegio Enrique R\u00e9bsamen","Comisi\u00f3n Estatal de Derechos Humanos","Fiscal\u00eda General","M\u00f3nica Garc\u00eda Naranjo","Morena","Secretar\u00eda de Seguridad P\u00fablica","Tribunal Superior de Justicia","Veracruz","Xalapa"],"articleSection":["De Opini\u00f3n"],"inLanguage":"es","potentialAction":[{"@type":"CommentAction","name":"Comment","target":["https:\/\/lospoliticosveracruz.com\/?p=48164#respond"]}]},{"@type":"WebPage","@id":"https:\/\/lospoliticosveracruz.com\/?p=48164","url":"https:\/\/lospoliticosveracruz.com\/?p=48164","name":"Persecuciones a lo Morena - Los pol\u00edticos Veracruz","isPartOf":{"@id":"https:\/\/lospoliticosveracruz.com\/#website"},"primaryImageOfPage":{"@id":"https:\/\/lospoliticosveracruz.com\/?p=48164#primaryimage"},"image":{"@id":"https:\/\/lospoliticosveracruz.com\/?p=48164#primaryimage"},"thumbnailUrl":"https:\/\/lospoliticosveracruz.com\/wp-content\/uploads\/2019\/05\/recompensa-rebsamen.jpg","datePublished":"2019-05-17T15:57:36+00:00","breadcrumb":{"@id":"https:\/\/lospoliticosveracruz.com\/?p=48164#breadcrumb"},"inLanguage":"es","potentialAction":[{"@type":"ReadAction","target":["https:\/\/lospoliticosveracruz.com\/?p=48164"]}]},{"@type":"ImageObject","inLanguage":"es","@id":"https:\/\/lospoliticosveracruz.com\/?p=48164#primaryimage","url":"https:\/\/lospoliticosveracruz.com\/wp-content\/uploads\/2019\/05\/recompensa-rebsamen.jpg","contentUrl":"https:\/\/lospoliticosveracruz.com\/wp-content\/uploads\/2019\/05\/recompensa-rebsamen.jpg","width":688,"height":598},{"@type":"BreadcrumbList","@id":"https:\/\/lospoliticosveracruz.com\/?p=48164#breadcrumb","itemListElement":[{"@type":"ListItem","position":1,"name":"Portada","item":"https:\/\/lospoliticosveracruz.com\/"},{"@type":"ListItem","position":2,"name":"Persecuciones a lo Morena"}]},{"@type":"WebSite","@id":"https:\/\/lospoliticosveracruz.com\/#website","url":"https:\/\/lospoliticosveracruz.com\/","name":"Los pol\u00edticos Veracruz","description":"","publisher":{"@id":"https:\/\/lospoliticosveracruz.com\/#organization"},"potentialAction":[{"@type":"SearchAction","target":{"@type":"EntryPoint","urlTemplate":"https:\/\/lospoliticosveracruz.com\/?s={search_term_string}"},"query-input":{"@type":"PropertyValueSpecification","valueRequired":true,"valueName":"search_term_string"}}],"inLanguage":"es"},{"@type":"Organization","@id":"https:\/\/lospoliticosveracruz.com\/#organization","name":"Los pol\u00edticos Veracruz","url":"https:\/\/lospoliticosveracruz.com\/","logo":{"@type":"ImageObject","inLanguage":"es","@id":"https:\/\/lospoliticosveracruz.com\/#\/schema\/logo\/image\/","url":"https:\/\/lospoliticosveracruz.com\/wp-content\/uploads\/2025\/12\/Logo-Nuevo-LOS-POLITICOS-1.jpg","contentUrl":"https:\/\/lospoliticosveracruz.com\/wp-content\/uploads\/2025\/12\/Logo-Nuevo-LOS-POLITICOS-1.jpg","width":260,"height":70,"caption":"Los pol\u00edticos Veracruz"},"image":{"@id":"https:\/\/lospoliticosveracruz.com\/#\/schema\/logo\/image\/"},"sameAs":["https:\/\/www.facebook.com\/people\/Notimemes-de-los-Polticos\/61565672886568\/","https:\/\/x.com\/LosPoliticosVer"]},{"@type":"Person","@id":"https:\/\/lospoliticosveracruz.com\/#\/schema\/person\/b8702bb0e538456e6efd07080bf2a4a2","name":"Lo viste en Los Pol\u00edticos","image":{"@type":"ImageObject","inLanguage":"es","@id":"https:\/\/secure.gravatar.com\/avatar\/3a8de04a2656d44082be478bd6c086daa447c4651605818287b9532d3d0bd435?s=96&d=mm&r=g","url":"https:\/\/secure.gravatar.com\/avatar\/3a8de04a2656d44082be478bd6c086daa447c4651605818287b9532d3d0bd435?s=96&d=mm&r=g","contentUrl":"https:\/\/secure.gravatar.com\/avatar\/3a8de04a2656d44082be478bd6c086daa447c4651605818287b9532d3d0bd435?s=96&d=mm&r=g","caption":"Lo viste en Los Pol\u00edticos"},"url":"https:\/\/lospoliticosveracruz.com\/?author=2"}]}},"_links":{"self":[{"href":"https:\/\/lospoliticosveracruz.com\/index.php?rest_route=\/wp\/v2\/posts\/48164","targetHints":{"allow":["GET"]}}],"collection":[{"href":"https:\/\/lospoliticosveracruz.com\/index.php?rest_route=\/wp\/v2\/posts"}],"about":[{"href":"https:\/\/lospoliticosveracruz.com\/index.php?rest_route=\/wp\/v2\/types\/post"}],"author":[{"embeddable":true,"href":"https:\/\/lospoliticosveracruz.com\/index.php?rest_route=\/wp\/v2\/users\/2"}],"replies":[{"embeddable":true,"href":"https:\/\/lospoliticosveracruz.com\/index.php?rest_route=%2Fwp%2Fv2%2Fcomments&post=48164"}],"version-history":[{"count":1,"href":"https:\/\/lospoliticosveracruz.com\/index.php?rest_route=\/wp\/v2\/posts\/48164\/revisions"}],"predecessor-version":[{"id":48166,"href":"https:\/\/lospoliticosveracruz.com\/index.php?rest_route=\/wp\/v2\/posts\/48164\/revisions\/48166"}],"wp:featuredmedia":[{"embeddable":true,"href":"https:\/\/lospoliticosveracruz.com\/index.php?rest_route=\/wp\/v2\/media\/48165"}],"wp:attachment":[{"href":"https:\/\/lospoliticosveracruz.com\/index.php?rest_route=%2Fwp%2Fv2%2Fmedia&parent=48164"}],"wp:term":[{"taxonomy":"category","embeddable":true,"href":"https:\/\/lospoliticosveracruz.com\/index.php?rest_route=%2Fwp%2Fv2%2Fcategories&post=48164"},{"taxonomy":"post_tag","embeddable":true,"href":"https:\/\/lospoliticosveracruz.com\/index.php?rest_route=%2Fwp%2Fv2%2Ftags&post=48164"}],"curies":[{"name":"wp","href":"https:\/\/api.w.org\/{rel}","templated":true}]}}