{"id":48244,"date":"2019-05-27T14:00:41","date_gmt":"2019-05-27T19:00:41","guid":{"rendered":"http:\/\/www.lospoliticosveracruz.com.mx\/?p=48244"},"modified":"2019-05-27T14:00:53","modified_gmt":"2019-05-27T19:00:53","slug":"indira-no-cejara-en-bajar-las-tarifas-de-luz","status":"publish","type":"post","link":"https:\/\/lospoliticosveracruz.com\/?p=48244","title":{"rendered":"Indira no cejar\u00e1 en bajar las tarifas de luz"},"content":{"rendered":"<p>Acompa\u00f1ada del presidente de la Canaco, Jos\u00e9 Antonio Mendoza Garc\u00eda, la Senadora Indira Rosales San Rom\u00e1n se reuni\u00f3 con el consejo directivo de la C\u00e1mara Nacional de Comercio de Veracruz para tratar temas relacionados a la situaci\u00f3n econ\u00f3mica, laboral y social de la entidad.<\/p>\n<p>Rosales San Rom\u00e1n asegur\u00f3 que, trat\u00e1ndose del tema de la reducci\u00f3n de tarifas el\u00e9ctricas en el estado de Tabasco, est\u00e1 trabajando para encontrar los mecanismos legales para que en Veracruz se apliquen las mismas medidas.<\/p>\n<p>\u00abDebemos observar de qu\u00e9 manera se estar\u00e1 implementando est\u00e1 reducci\u00f3n, y entonces buscaremos la estrategia jur\u00eddica correcta, ya sea a trav\u00e9s de un amparo o de un procedimiento administrativo para que a Veracruz se le d\u00e9 un trato justo, es decir igual al que se le est\u00e1 dando al estado de Tabasco, que pareciera ser beneficiado por ser el estado natal del Presidente\u00bb, dijo.<\/p>\n<p>Asimismo, anunci\u00f3 la presentaci\u00f3n de una iniciativa en el Senado para garantizar el suministro de energ\u00eda el\u00e9ctrica a las escuelas de nivel b\u00e1sico, evitando el cobro de cuotas a los padres de familia mediante el pago de las facturas de consumo de electricidad desde la Secretar\u00eda de Educaci\u00f3n.<\/p>\n<p>Tambi\u00e9n inform\u00f3 que en el Senado de la Rep\u00fablica se est\u00e1 trabajando para combatir el desabasto de medicamentos, y lament\u00f3 que las prioridades del Gobierno Federal se encuentren en temas como el baseball y no en la salud.<\/p>\n","protected":false},"excerpt":{"rendered":"<p>Acompa\u00f1ada del presidente de la Canaco, Jos\u00e9 Antonio Mendoza Garc\u00eda, la Senadora Indira Rosales San Rom\u00e1n se reuni\u00f3 con el consejo directivo de la C\u00e1mara Nacional de Comercio de Veracruz para tratar temas relacionados a la situaci\u00f3n econ\u00f3mica, laboral y social de la entidad. Rosales San Rom\u00e1n asegur\u00f3 que, trat\u00e1ndose del tema de la reducci\u00f3n [&hellip;]<\/p>\n","protected":false},"author":2,"featured_media":48245,"comment_status":"open","ping_status":"open","sticky":false,"template":"","format":"standard","meta":{"tdm_status":"","tdm_grid_status":"","footnotes":""},"categories":[73],"tags":[6816,5506,14685,1315,2231],"class_list":{"0":"post-48244","1":"post","2":"type-post","3":"status-publish","4":"format-standard","5":"has-post-thumbnail","7":"category-de-boleto","8":"tag-canaco","9":"tag-indira-rosales-san-roman","10":"tag-jose-antonio-mendoza-garcia","11":"tag-senado-de-la-republica","12":"tag-tabasco"},"yoast_head":"<!-- This site is optimized with the Yoast SEO plugin v27.4 - https:\/\/yoast.com\/product\/yoast-seo-wordpress\/ -->\n<title>Indira no cejar\u00e1 en bajar las tarifas de luz - Los pol\u00edticos Veracruz<\/title>\n<meta name=\"robots\" content=\"index, follow, max-snippet:-1, max-image-preview:large, max-video-preview:-1\" \/>\n<link rel=\"canonical\" href=\"https:\/\/lospoliticosveracruz.com\/?p=48244\" \/>\n<meta property=\"og:locale\" content=\"es_ES\" \/>\n<meta property=\"og:type\" content=\"article\" \/>\n<meta property=\"og:title\" content=\"Indira no cejar\u00e1 en bajar las tarifas de luz - Los pol\u00edticos Veracruz\" \/>\n<meta property=\"og:description\" content=\"Acompa\u00f1ada del presidente de la Canaco, Jos\u00e9 Antonio Mendoza Garc\u00eda, la Senadora Indira Rosales San Rom\u00e1n se reuni\u00f3 con el consejo directivo de la C\u00e1mara Nacional de Comercio de Veracruz para tratar temas relacionados a la situaci\u00f3n econ\u00f3mica, laboral y social de la entidad. Rosales San Rom\u00e1n asegur\u00f3 que, trat\u00e1ndose del tema de la reducci\u00f3n [&hellip;]\" \/>\n<meta property=\"og:url\" content=\"https:\/\/lospoliticosveracruz.com\/?p=48244\" \/>\n<meta property=\"og:site_name\" content=\"Los pol\u00edticos Veracruz\" \/>\n<meta property=\"article:publisher\" content=\"https:\/\/www.facebook.com\/people\/Notimemes-de-los-Polticos\/61565672886568\/\" \/>\n<meta property=\"article:published_time\" content=\"2019-05-27T19:00:41+00:00\" \/>\n<meta property=\"article:modified_time\" content=\"2019-05-27T19:00:53+00:00\" \/>\n<meta property=\"og:image\" content=\"https:\/\/lospoliticosveracruz.com\/wp-content\/uploads\/2019\/05\/Indira.jpeg\" \/>\n\t<meta property=\"og:image:width\" content=\"600\" \/>\n\t<meta property=\"og:image:height\" content=\"400\" \/>\n\t<meta property=\"og:image:type\" content=\"image\/jpeg\" \/>\n<meta name=\"author\" content=\"Lo viste en Los Pol\u00edticos\" \/>\n<meta name=\"twitter:card\" content=\"summary_large_image\" \/>\n<meta name=\"twitter:creator\" content=\"@LosPoliticosVer\" \/>\n<meta name=\"twitter:site\" content=\"@LosPoliticosVer\" \/>\n<meta name=\"twitter:label1\" content=\"Escrito por\" \/>\n\t<meta name=\"twitter:data1\" content=\"Lo viste en Los Pol\u00edticos\" \/>\n\t<meta name=\"twitter:label2\" content=\"Tiempo de lectura\" \/>\n\t<meta name=\"twitter:data2\" content=\"1 minuto\" \/>\n<script type=\"application\/ld+json\" class=\"yoast-schema-graph\">{\"@context\":\"https:\\\/\\\/schema.org\",\"@graph\":[{\"@type\":\"Article\",\"@id\":\"https:\\\/\\\/lospoliticosveracruz.com\\\/?p=48244#article\",\"isPartOf\":{\"@id\":\"https:\\\/\\\/lospoliticosveracruz.com\\\/?p=48244\"},\"author\":{\"name\":\"Lo viste en Los Pol\u00edticos\",\"@id\":\"https:\\\/\\\/lospoliticosveracruz.com\\\/#\\\/schema\\\/person\\\/b8702bb0e538456e6efd07080bf2a4a2\"},\"headline\":\"Indira no cejar\u00e1 en bajar las tarifas de luz\",\"datePublished\":\"2019-05-27T19:00:41+00:00\",\"dateModified\":\"2019-05-27T19:00:53+00:00\",\"mainEntityOfPage\":{\"@id\":\"https:\\\/\\\/lospoliticosveracruz.com\\\/?p=48244\"},\"wordCount\":259,\"commentCount\":0,\"publisher\":{\"@id\":\"https:\\\/\\\/lospoliticosveracruz.com\\\/#organization\"},\"image\":{\"@id\":\"https:\\\/\\\/lospoliticosveracruz.com\\\/?p=48244#primaryimage\"},\"thumbnailUrl\":\"https:\\\/\\\/lospoliticosveracruz.com\\\/wp-content\\\/uploads\\\/2019\\\/05\\\/Indira.jpeg\",\"keywords\":[\"Canaco\",\"Indira Rosales San Rom\u00e1n\",\"Jos\u00e9 Antonio Mendoza Garc\u00eda\",\"Senado de la Rep\u00fablica\",\"Tabasco\"],\"articleSection\":[\"De Boleto\"],\"inLanguage\":\"es\",\"potentialAction\":[{\"@type\":\"CommentAction\",\"name\":\"Comment\",\"target\":[\"https:\\\/\\\/lospoliticosveracruz.com\\\/?p=48244#respond\"]}]},{\"@type\":\"WebPage\",\"@id\":\"https:\\\/\\\/lospoliticosveracruz.com\\\/?p=48244\",\"url\":\"https:\\\/\\\/lospoliticosveracruz.com\\\/?p=48244\",\"name\":\"Indira no cejar\u00e1 en bajar las tarifas de luz - Los pol\u00edticos Veracruz\",\"isPartOf\":{\"@id\":\"https:\\\/\\\/lospoliticosveracruz.com\\\/#website\"},\"primaryImageOfPage\":{\"@id\":\"https:\\\/\\\/lospoliticosveracruz.com\\\/?p=48244#primaryimage\"},\"image\":{\"@id\":\"https:\\\/\\\/lospoliticosveracruz.com\\\/?p=48244#primaryimage\"},\"thumbnailUrl\":\"https:\\\/\\\/lospoliticosveracruz.com\\\/wp-content\\\/uploads\\\/2019\\\/05\\\/Indira.jpeg\",\"datePublished\":\"2019-05-27T19:00:41+00:00\",\"dateModified\":\"2019-05-27T19:00:53+00:00\",\"breadcrumb\":{\"@id\":\"https:\\\/\\\/lospoliticosveracruz.com\\\/?p=48244#breadcrumb\"},\"inLanguage\":\"es\",\"potentialAction\":[{\"@type\":\"ReadAction\",\"target\":[\"https:\\\/\\\/lospoliticosveracruz.com\\\/?p=48244\"]}]},{\"@type\":\"ImageObject\",\"inLanguage\":\"es\",\"@id\":\"https:\\\/\\\/lospoliticosveracruz.com\\\/?p=48244#primaryimage\",\"url\":\"https:\\\/\\\/lospoliticosveracruz.com\\\/wp-content\\\/uploads\\\/2019\\\/05\\\/Indira.jpeg\",\"contentUrl\":\"https:\\\/\\\/lospoliticosveracruz.com\\\/wp-content\\\/uploads\\\/2019\\\/05\\\/Indira.jpeg\",\"width\":600,\"height\":400},{\"@type\":\"BreadcrumbList\",\"@id\":\"https:\\\/\\\/lospoliticosveracruz.com\\\/?p=48244#breadcrumb\",\"itemListElement\":[{\"@type\":\"ListItem\",\"position\":1,\"name\":\"Portada\",\"item\":\"https:\\\/\\\/lospoliticosveracruz.com\\\/\"},{\"@type\":\"ListItem\",\"position\":2,\"name\":\"Indira no cejar\u00e1 en bajar las tarifas de luz\"}]},{\"@type\":\"WebSite\",\"@id\":\"https:\\\/\\\/lospoliticosveracruz.com\\\/#website\",\"url\":\"https:\\\/\\\/lospoliticosveracruz.com\\\/\",\"name\":\"Los pol\u00edticos Veracruz\",\"description\":\"\",\"publisher\":{\"@id\":\"https:\\\/\\\/lospoliticosveracruz.com\\\/#organization\"},\"potentialAction\":[{\"@type\":\"SearchAction\",\"target\":{\"@type\":\"EntryPoint\",\"urlTemplate\":\"https:\\\/\\\/lospoliticosveracruz.com\\\/?s={search_term_string}\"},\"query-input\":{\"@type\":\"PropertyValueSpecification\",\"valueRequired\":true,\"valueName\":\"search_term_string\"}}],\"inLanguage\":\"es\"},{\"@type\":\"Organization\",\"@id\":\"https:\\\/\\\/lospoliticosveracruz.com\\\/#organization\",\"name\":\"Los pol\u00edticos Veracruz\",\"url\":\"https:\\\/\\\/lospoliticosveracruz.com\\\/\",\"logo\":{\"@type\":\"ImageObject\",\"inLanguage\":\"es\",\"@id\":\"https:\\\/\\\/lospoliticosveracruz.com\\\/#\\\/schema\\\/logo\\\/image\\\/\",\"url\":\"https:\\\/\\\/lospoliticosveracruz.com\\\/wp-content\\\/uploads\\\/2025\\\/12\\\/Logo-Nuevo-LOS-POLITICOS-1.jpg\",\"contentUrl\":\"https:\\\/\\\/lospoliticosveracruz.com\\\/wp-content\\\/uploads\\\/2025\\\/12\\\/Logo-Nuevo-LOS-POLITICOS-1.jpg\",\"width\":260,\"height\":70,\"caption\":\"Los pol\u00edticos Veracruz\"},\"image\":{\"@id\":\"https:\\\/\\\/lospoliticosveracruz.com\\\/#\\\/schema\\\/logo\\\/image\\\/\"},\"sameAs\":[\"https:\\\/\\\/www.facebook.com\\\/people\\\/Notimemes-de-los-Polticos\\\/61565672886568\\\/\",\"https:\\\/\\\/x.com\\\/LosPoliticosVer\"]},{\"@type\":\"Person\",\"@id\":\"https:\\\/\\\/lospoliticosveracruz.com\\\/#\\\/schema\\\/person\\\/b8702bb0e538456e6efd07080bf2a4a2\",\"name\":\"Lo viste en Los Pol\u00edticos\",\"image\":{\"@type\":\"ImageObject\",\"inLanguage\":\"es\",\"@id\":\"https:\\\/\\\/secure.gravatar.com\\\/avatar\\\/3a8de04a2656d44082be478bd6c086daa447c4651605818287b9532d3d0bd435?s=96&d=mm&r=g\",\"url\":\"https:\\\/\\\/secure.gravatar.com\\\/avatar\\\/3a8de04a2656d44082be478bd6c086daa447c4651605818287b9532d3d0bd435?s=96&d=mm&r=g\",\"contentUrl\":\"https:\\\/\\\/secure.gravatar.com\\\/avatar\\\/3a8de04a2656d44082be478bd6c086daa447c4651605818287b9532d3d0bd435?s=96&d=mm&r=g\",\"caption\":\"Lo viste en Los Pol\u00edticos\"},\"url\":\"https:\\\/\\\/lospoliticosveracruz.com\\\/?author=2\"}]}<\/script>\n<!-- \/ Yoast SEO plugin. -->","yoast_head_json":{"title":"Indira no cejar\u00e1 en bajar las tarifas de luz - Los pol\u00edticos Veracruz","robots":{"index":"index","follow":"follow","max-snippet":"max-snippet:-1","max-image-preview":"max-image-preview:large","max-video-preview":"max-video-preview:-1"},"canonical":"https:\/\/lospoliticosveracruz.com\/?p=48244","og_locale":"es_ES","og_type":"article","og_title":"Indira no cejar\u00e1 en bajar las tarifas de luz - Los pol\u00edticos Veracruz","og_description":"Acompa\u00f1ada del presidente de la Canaco, Jos\u00e9 Antonio Mendoza Garc\u00eda, la Senadora Indira Rosales San Rom\u00e1n se reuni\u00f3 con el consejo directivo de la C\u00e1mara Nacional de Comercio de Veracruz para tratar temas relacionados a la situaci\u00f3n econ\u00f3mica, laboral y social de la entidad. Rosales San Rom\u00e1n asegur\u00f3 que, trat\u00e1ndose del tema de la reducci\u00f3n [&hellip;]","og_url":"https:\/\/lospoliticosveracruz.com\/?p=48244","og_site_name":"Los pol\u00edticos Veracruz","article_publisher":"https:\/\/www.facebook.com\/people\/Notimemes-de-los-Polticos\/61565672886568\/","article_published_time":"2019-05-27T19:00:41+00:00","article_modified_time":"2019-05-27T19:00:53+00:00","og_image":[{"width":600,"height":400,"url":"https:\/\/lospoliticosveracruz.com\/wp-content\/uploads\/2019\/05\/Indira.jpeg","type":"image\/jpeg"}],"author":"Lo viste en Los Pol\u00edticos","twitter_card":"summary_large_image","twitter_creator":"@LosPoliticosVer","twitter_site":"@LosPoliticosVer","twitter_misc":{"Escrito por":"Lo viste en Los Pol\u00edticos","Tiempo de lectura":"1 minuto"},"schema":{"@context":"https:\/\/schema.org","@graph":[{"@type":"Article","@id":"https:\/\/lospoliticosveracruz.com\/?p=48244#article","isPartOf":{"@id":"https:\/\/lospoliticosveracruz.com\/?p=48244"},"author":{"name":"Lo viste en Los Pol\u00edticos","@id":"https:\/\/lospoliticosveracruz.com\/#\/schema\/person\/b8702bb0e538456e6efd07080bf2a4a2"},"headline":"Indira no cejar\u00e1 en bajar las tarifas de luz","datePublished":"2019-05-27T19:00:41+00:00","dateModified":"2019-05-27T19:00:53+00:00","mainEntityOfPage":{"@id":"https:\/\/lospoliticosveracruz.com\/?p=48244"},"wordCount":259,"commentCount":0,"publisher":{"@id":"https:\/\/lospoliticosveracruz.com\/#organization"},"image":{"@id":"https:\/\/lospoliticosveracruz.com\/?p=48244#primaryimage"},"thumbnailUrl":"https:\/\/lospoliticosveracruz.com\/wp-content\/uploads\/2019\/05\/Indira.jpeg","keywords":["Canaco","Indira Rosales San Rom\u00e1n","Jos\u00e9 Antonio Mendoza Garc\u00eda","Senado de la Rep\u00fablica","Tabasco"],"articleSection":["De Boleto"],"inLanguage":"es","potentialAction":[{"@type":"CommentAction","name":"Comment","target":["https:\/\/lospoliticosveracruz.com\/?p=48244#respond"]}]},{"@type":"WebPage","@id":"https:\/\/lospoliticosveracruz.com\/?p=48244","url":"https:\/\/lospoliticosveracruz.com\/?p=48244","name":"Indira no cejar\u00e1 en bajar las tarifas de luz - Los pol\u00edticos Veracruz","isPartOf":{"@id":"https:\/\/lospoliticosveracruz.com\/#website"},"primaryImageOfPage":{"@id":"https:\/\/lospoliticosveracruz.com\/?p=48244#primaryimage"},"image":{"@id":"https:\/\/lospoliticosveracruz.com\/?p=48244#primaryimage"},"thumbnailUrl":"https:\/\/lospoliticosveracruz.com\/wp-content\/uploads\/2019\/05\/Indira.jpeg","datePublished":"2019-05-27T19:00:41+00:00","dateModified":"2019-05-27T19:00:53+00:00","breadcrumb":{"@id":"https:\/\/lospoliticosveracruz.com\/?p=48244#breadcrumb"},"inLanguage":"es","potentialAction":[{"@type":"ReadAction","target":["https:\/\/lospoliticosveracruz.com\/?p=48244"]}]},{"@type":"ImageObject","inLanguage":"es","@id":"https:\/\/lospoliticosveracruz.com\/?p=48244#primaryimage","url":"https:\/\/lospoliticosveracruz.com\/wp-content\/uploads\/2019\/05\/Indira.jpeg","contentUrl":"https:\/\/lospoliticosveracruz.com\/wp-content\/uploads\/2019\/05\/Indira.jpeg","width":600,"height":400},{"@type":"BreadcrumbList","@id":"https:\/\/lospoliticosveracruz.com\/?p=48244#breadcrumb","itemListElement":[{"@type":"ListItem","position":1,"name":"Portada","item":"https:\/\/lospoliticosveracruz.com\/"},{"@type":"ListItem","position":2,"name":"Indira no cejar\u00e1 en bajar las tarifas de luz"}]},{"@type":"WebSite","@id":"https:\/\/lospoliticosveracruz.com\/#website","url":"https:\/\/lospoliticosveracruz.com\/","name":"Los pol\u00edticos Veracruz","description":"","publisher":{"@id":"https:\/\/lospoliticosveracruz.com\/#organization"},"potentialAction":[{"@type":"SearchAction","target":{"@type":"EntryPoint","urlTemplate":"https:\/\/lospoliticosveracruz.com\/?s={search_term_string}"},"query-input":{"@type":"PropertyValueSpecification","valueRequired":true,"valueName":"search_term_string"}}],"inLanguage":"es"},{"@type":"Organization","@id":"https:\/\/lospoliticosveracruz.com\/#organization","name":"Los pol\u00edticos Veracruz","url":"https:\/\/lospoliticosveracruz.com\/","logo":{"@type":"ImageObject","inLanguage":"es","@id":"https:\/\/lospoliticosveracruz.com\/#\/schema\/logo\/image\/","url":"https:\/\/lospoliticosveracruz.com\/wp-content\/uploads\/2025\/12\/Logo-Nuevo-LOS-POLITICOS-1.jpg","contentUrl":"https:\/\/lospoliticosveracruz.com\/wp-content\/uploads\/2025\/12\/Logo-Nuevo-LOS-POLITICOS-1.jpg","width":260,"height":70,"caption":"Los pol\u00edticos Veracruz"},"image":{"@id":"https:\/\/lospoliticosveracruz.com\/#\/schema\/logo\/image\/"},"sameAs":["https:\/\/www.facebook.com\/people\/Notimemes-de-los-Polticos\/61565672886568\/","https:\/\/x.com\/LosPoliticosVer"]},{"@type":"Person","@id":"https:\/\/lospoliticosveracruz.com\/#\/schema\/person\/b8702bb0e538456e6efd07080bf2a4a2","name":"Lo viste en Los Pol\u00edticos","image":{"@type":"ImageObject","inLanguage":"es","@id":"https:\/\/secure.gravatar.com\/avatar\/3a8de04a2656d44082be478bd6c086daa447c4651605818287b9532d3d0bd435?s=96&d=mm&r=g","url":"https:\/\/secure.gravatar.com\/avatar\/3a8de04a2656d44082be478bd6c086daa447c4651605818287b9532d3d0bd435?s=96&d=mm&r=g","contentUrl":"https:\/\/secure.gravatar.com\/avatar\/3a8de04a2656d44082be478bd6c086daa447c4651605818287b9532d3d0bd435?s=96&d=mm&r=g","caption":"Lo viste en Los Pol\u00edticos"},"url":"https:\/\/lospoliticosveracruz.com\/?author=2"}]}},"_links":{"self":[{"href":"https:\/\/lospoliticosveracruz.com\/index.php?rest_route=\/wp\/v2\/posts\/48244","targetHints":{"allow":["GET"]}}],"collection":[{"href":"https:\/\/lospoliticosveracruz.com\/index.php?rest_route=\/wp\/v2\/posts"}],"about":[{"href":"https:\/\/lospoliticosveracruz.com\/index.php?rest_route=\/wp\/v2\/types\/post"}],"author":[{"embeddable":true,"href":"https:\/\/lospoliticosveracruz.com\/index.php?rest_route=\/wp\/v2\/users\/2"}],"replies":[{"embeddable":true,"href":"https:\/\/lospoliticosveracruz.com\/index.php?rest_route=%2Fwp%2Fv2%2Fcomments&post=48244"}],"version-history":[{"count":1,"href":"https:\/\/lospoliticosveracruz.com\/index.php?rest_route=\/wp\/v2\/posts\/48244\/revisions"}],"predecessor-version":[{"id":48246,"href":"https:\/\/lospoliticosveracruz.com\/index.php?rest_route=\/wp\/v2\/posts\/48244\/revisions\/48246"}],"wp:featuredmedia":[{"embeddable":true,"href":"https:\/\/lospoliticosveracruz.com\/index.php?rest_route=\/wp\/v2\/media\/48245"}],"wp:attachment":[{"href":"https:\/\/lospoliticosveracruz.com\/index.php?rest_route=%2Fwp%2Fv2%2Fmedia&parent=48244"}],"wp:term":[{"taxonomy":"category","embeddable":true,"href":"https:\/\/lospoliticosveracruz.com\/index.php?rest_route=%2Fwp%2Fv2%2Fcategories&post=48244"},{"taxonomy":"post_tag","embeddable":true,"href":"https:\/\/lospoliticosveracruz.com\/index.php?rest_route=%2Fwp%2Fv2%2Ftags&post=48244"}],"curies":[{"name":"wp","href":"https:\/\/api.w.org\/{rel}","templated":true}]}}