{"id":48248,"date":"2019-05-27T16:31:30","date_gmt":"2019-05-27T21:31:30","guid":{"rendered":"http:\/\/www.lospoliticosveracruz.com.mx\/?p=48248"},"modified":"2019-05-27T16:31:30","modified_gmt":"2019-05-27T21:31:30","slug":"parece-que-se-lucra-con-la-pobreza-con-programas-sociales-marlon","status":"publish","type":"post","link":"https:\/\/lospoliticosveracruz.com\/?p=48248","title":{"rendered":"Parece que se lucra con la pobreza con programas sociales: Marlon"},"content":{"rendered":"<p>El dirigente estatal del PRI, Marlon Ram\u00edrez Mar\u00edn, propuso evaluar que tan productivo es o no para el Pa\u00eds, que los ciudadanos beneficiarios de los programas sociales sigan votando.<\/p>\n<p>Entrevistado en C\u00f3rdoba, explic\u00f3 que pareciera que se lucra con la pobreza con un prop\u00f3sito electoral.<\/p>\n<p>\u00abLo que nosotros tendr\u00edamos que poner en la mesa de la reflexi\u00f3n, es entrar en una discusi\u00f3n de si lo que est\u00e1n haciendo los gobiernos es ayudar a la gente para abatir la pobreza o haciendo ej\u00e9rcitos electorales\u00bb, asever\u00f3.<\/p>\n<p>De visita por el municipio para reunirse con pri\u00edstas y organizaciones afines al instituto pol\u00edtico, expuso que el Tricolor tiene que marcar dos agendas: la interna y la externa.<\/p>\n<p>Puntualiz\u00f3 que en la interna lo que tiene que hacer es recomponer al Revolucionario Institucional y agrandarse, no tener un partido m\u00e1s chico, sino m\u00e1s grande.<\/p>\n<p>Para ello, se deben tender los puentes de comunicaci\u00f3n con todos los que militan, simpatizan y ven bien al PRI.<\/p>\n<p>Y la externa, subray\u00f3 Ram\u00edrez Mar\u00edn, es definir una agenda para se\u00f1alar que la improvisaci\u00f3n y la falta de capacidad le est\u00e1 afectando a una serie de programas que ya estaban establecidos y que ven\u00edan marcando una avance program\u00e1tico en el desarrollo de la naci\u00f3n y de Veracruz.<\/p>\n<p>\u00abEs importante decir que el PRI ser\u00e1 una oposici\u00f3n responsable, pero tambi\u00e9n una oposici\u00f3n que responda. Lo que no podemos hacer bajo ninguna circunstancia, es regatearle al gobierno de Veracruz o al gobierno de la Rep\u00fablica o a los gobiernos municipales, cuando est\u00e9n proponiendo cosas para el bien de los ciudadanos, ser\u00edamos mezquinos\u00bb, consider\u00f3.<\/p>\n<p>El dirigente partidista enfatiz\u00f3 que el PRI siempre vuelve, tiene una gran capacidad de recomposici\u00f3n, de reconstituci\u00f3n y en ese sentido se\u00f1al\u00f3 que hay otras expresiones que pretenden ser partido pol\u00edtico y el PRI ya es un partido pol\u00edtico y uno grande.<\/p>\n<p>A\u00f1adi\u00f3 que a diferencia de quienes tienen una pretensi\u00f3n de ser, el PRI ya es y lo que est\u00e1 haciendo es saludando a todos aquellos que siguen militando y que creen en este partido.<\/p>\n<p>Finalmente, sobre el diputado federal tricolor H\u00e9ctor Yunes y otros pri\u00edstas, sostuvo que no puede haber reconciliaci\u00f3n donde no hubo pleito.<\/p>\n<p>\u00abEn todas las actividades humanas, en los partidos pol\u00edticos, en los centros de trabajo, en cualquier actividad donde intervenga un ser humano, hay gente que piensa similar y hay gente que no. Los partidos pol\u00edticos no tienen por qu\u00e9 ser distintos, lo que si es importante es que todos los legisladores, locales, federales, s\u00edndicos, regidores, tienen el respeto de la dirigencia, en la misma manera que lo tiene el promotor del voto m\u00e1s modesto, en el municipio m\u00e1s alejado\u00bb, garantiz\u00f3.<\/p>\n","protected":false},"excerpt":{"rendered":"<p>El dirigente estatal del PRI, Marlon Ram\u00edrez Mar\u00edn, propuso evaluar que tan productivo es o no para el Pa\u00eds, que los ciudadanos beneficiarios de los programas sociales sigan votando. Entrevistado en C\u00f3rdoba, explic\u00f3 que pareciera que se lucra con la pobreza con un prop\u00f3sito electoral. \u00abLo que nosotros tendr\u00edamos que poner en la mesa de [&hellip;]<\/p>\n","protected":false},"author":2,"featured_media":48249,"comment_status":"open","ping_status":"open","sticky":false,"template":"","format":"standard","meta":{"tdm_status":"","tdm_grid_status":"","footnotes":""},"categories":[73],"tags":[119,2908,251,10070],"class_list":{"0":"post-48248","1":"post","2":"type-post","3":"status-publish","4":"format-standard","5":"has-post-thumbnail","7":"category-de-boleto","8":"tag-hector-yunes","9":"tag-marlon-ramirez-marin","10":"tag-pri","11":"tag-programas-sociales"},"yoast_head":"<!-- This site is optimized with the Yoast SEO plugin v27.4 - https:\/\/yoast.com\/product\/yoast-seo-wordpress\/ -->\n<title>Parece que se lucra con la pobreza con programas sociales: Marlon - Los pol\u00edticos Veracruz<\/title>\n<meta name=\"robots\" content=\"index, follow, max-snippet:-1, max-image-preview:large, max-video-preview:-1\" \/>\n<link rel=\"canonical\" href=\"https:\/\/lospoliticosveracruz.com\/?p=48248\" \/>\n<meta property=\"og:locale\" content=\"es_ES\" \/>\n<meta property=\"og:type\" content=\"article\" \/>\n<meta property=\"og:title\" content=\"Parece que se lucra con la pobreza con programas sociales: Marlon - Los pol\u00edticos Veracruz\" \/>\n<meta property=\"og:description\" content=\"El dirigente estatal del PRI, Marlon Ram\u00edrez Mar\u00edn, propuso evaluar que tan productivo es o no para el Pa\u00eds, que los ciudadanos beneficiarios de los programas sociales sigan votando. Entrevistado en C\u00f3rdoba, explic\u00f3 que pareciera que se lucra con la pobreza con un prop\u00f3sito electoral. \u00abLo que nosotros tendr\u00edamos que poner en la mesa de [&hellip;]\" \/>\n<meta property=\"og:url\" content=\"https:\/\/lospoliticosveracruz.com\/?p=48248\" \/>\n<meta property=\"og:site_name\" content=\"Los pol\u00edticos Veracruz\" \/>\n<meta property=\"article:publisher\" content=\"https:\/\/www.facebook.com\/people\/Notimemes-de-los-Polticos\/61565672886568\/\" \/>\n<meta property=\"article:published_time\" content=\"2019-05-27T21:31:30+00:00\" \/>\n<meta property=\"og:image\" content=\"https:\/\/lospoliticosveracruz.com\/wp-content\/uploads\/2019\/05\/Marlon.jpg\" \/>\n\t<meta property=\"og:image:width\" content=\"659\" \/>\n\t<meta property=\"og:image:height\" content=\"511\" \/>\n\t<meta property=\"og:image:type\" content=\"image\/jpeg\" \/>\n<meta name=\"author\" content=\"Lo viste en Los Pol\u00edticos\" \/>\n<meta name=\"twitter:card\" content=\"summary_large_image\" \/>\n<meta name=\"twitter:creator\" content=\"@LosPoliticosVer\" \/>\n<meta name=\"twitter:site\" content=\"@LosPoliticosVer\" \/>\n<meta name=\"twitter:label1\" content=\"Escrito por\" \/>\n\t<meta name=\"twitter:data1\" content=\"Lo viste en Los Pol\u00edticos\" \/>\n\t<meta name=\"twitter:label2\" content=\"Tiempo de lectura\" \/>\n\t<meta name=\"twitter:data2\" content=\"2 minutos\" \/>\n<script type=\"application\/ld+json\" class=\"yoast-schema-graph\">{\"@context\":\"https:\\\/\\\/schema.org\",\"@graph\":[{\"@type\":\"Article\",\"@id\":\"https:\\\/\\\/lospoliticosveracruz.com\\\/?p=48248#article\",\"isPartOf\":{\"@id\":\"https:\\\/\\\/lospoliticosveracruz.com\\\/?p=48248\"},\"author\":{\"name\":\"Lo viste en Los Pol\u00edticos\",\"@id\":\"https:\\\/\\\/lospoliticosveracruz.com\\\/#\\\/schema\\\/person\\\/b8702bb0e538456e6efd07080bf2a4a2\"},\"headline\":\"Parece que se lucra con la pobreza con programas sociales: Marlon\",\"datePublished\":\"2019-05-27T21:31:30+00:00\",\"mainEntityOfPage\":{\"@id\":\"https:\\\/\\\/lospoliticosveracruz.com\\\/?p=48248\"},\"wordCount\":492,\"commentCount\":0,\"publisher\":{\"@id\":\"https:\\\/\\\/lospoliticosveracruz.com\\\/#organization\"},\"image\":{\"@id\":\"https:\\\/\\\/lospoliticosveracruz.com\\\/?p=48248#primaryimage\"},\"thumbnailUrl\":\"https:\\\/\\\/lospoliticosveracruz.com\\\/wp-content\\\/uploads\\\/2019\\\/05\\\/Marlon.jpg\",\"keywords\":[\"H\u00e9ctor Yunes\",\"Marlon Ram\u00edrez Mar\u00edn\",\"PRI\",\"programas sociales\"],\"articleSection\":[\"De Boleto\"],\"inLanguage\":\"es\",\"potentialAction\":[{\"@type\":\"CommentAction\",\"name\":\"Comment\",\"target\":[\"https:\\\/\\\/lospoliticosveracruz.com\\\/?p=48248#respond\"]}]},{\"@type\":\"WebPage\",\"@id\":\"https:\\\/\\\/lospoliticosveracruz.com\\\/?p=48248\",\"url\":\"https:\\\/\\\/lospoliticosveracruz.com\\\/?p=48248\",\"name\":\"Parece que se lucra con la pobreza con programas sociales: Marlon - Los pol\u00edticos Veracruz\",\"isPartOf\":{\"@id\":\"https:\\\/\\\/lospoliticosveracruz.com\\\/#website\"},\"primaryImageOfPage\":{\"@id\":\"https:\\\/\\\/lospoliticosveracruz.com\\\/?p=48248#primaryimage\"},\"image\":{\"@id\":\"https:\\\/\\\/lospoliticosveracruz.com\\\/?p=48248#primaryimage\"},\"thumbnailUrl\":\"https:\\\/\\\/lospoliticosveracruz.com\\\/wp-content\\\/uploads\\\/2019\\\/05\\\/Marlon.jpg\",\"datePublished\":\"2019-05-27T21:31:30+00:00\",\"breadcrumb\":{\"@id\":\"https:\\\/\\\/lospoliticosveracruz.com\\\/?p=48248#breadcrumb\"},\"inLanguage\":\"es\",\"potentialAction\":[{\"@type\":\"ReadAction\",\"target\":[\"https:\\\/\\\/lospoliticosveracruz.com\\\/?p=48248\"]}]},{\"@type\":\"ImageObject\",\"inLanguage\":\"es\",\"@id\":\"https:\\\/\\\/lospoliticosveracruz.com\\\/?p=48248#primaryimage\",\"url\":\"https:\\\/\\\/lospoliticosveracruz.com\\\/wp-content\\\/uploads\\\/2019\\\/05\\\/Marlon.jpg\",\"contentUrl\":\"https:\\\/\\\/lospoliticosveracruz.com\\\/wp-content\\\/uploads\\\/2019\\\/05\\\/Marlon.jpg\",\"width\":659,\"height\":511},{\"@type\":\"BreadcrumbList\",\"@id\":\"https:\\\/\\\/lospoliticosveracruz.com\\\/?p=48248#breadcrumb\",\"itemListElement\":[{\"@type\":\"ListItem\",\"position\":1,\"name\":\"Portada\",\"item\":\"https:\\\/\\\/lospoliticosveracruz.com\\\/\"},{\"@type\":\"ListItem\",\"position\":2,\"name\":\"Parece que se lucra con la pobreza con programas sociales: Marlon\"}]},{\"@type\":\"WebSite\",\"@id\":\"https:\\\/\\\/lospoliticosveracruz.com\\\/#website\",\"url\":\"https:\\\/\\\/lospoliticosveracruz.com\\\/\",\"name\":\"Los pol\u00edticos Veracruz\",\"description\":\"\",\"publisher\":{\"@id\":\"https:\\\/\\\/lospoliticosveracruz.com\\\/#organization\"},\"potentialAction\":[{\"@type\":\"SearchAction\",\"target\":{\"@type\":\"EntryPoint\",\"urlTemplate\":\"https:\\\/\\\/lospoliticosveracruz.com\\\/?s={search_term_string}\"},\"query-input\":{\"@type\":\"PropertyValueSpecification\",\"valueRequired\":true,\"valueName\":\"search_term_string\"}}],\"inLanguage\":\"es\"},{\"@type\":\"Organization\",\"@id\":\"https:\\\/\\\/lospoliticosveracruz.com\\\/#organization\",\"name\":\"Los pol\u00edticos Veracruz\",\"url\":\"https:\\\/\\\/lospoliticosveracruz.com\\\/\",\"logo\":{\"@type\":\"ImageObject\",\"inLanguage\":\"es\",\"@id\":\"https:\\\/\\\/lospoliticosveracruz.com\\\/#\\\/schema\\\/logo\\\/image\\\/\",\"url\":\"https:\\\/\\\/lospoliticosveracruz.com\\\/wp-content\\\/uploads\\\/2025\\\/12\\\/Logo-Nuevo-LOS-POLITICOS-1.jpg\",\"contentUrl\":\"https:\\\/\\\/lospoliticosveracruz.com\\\/wp-content\\\/uploads\\\/2025\\\/12\\\/Logo-Nuevo-LOS-POLITICOS-1.jpg\",\"width\":260,\"height\":70,\"caption\":\"Los pol\u00edticos Veracruz\"},\"image\":{\"@id\":\"https:\\\/\\\/lospoliticosveracruz.com\\\/#\\\/schema\\\/logo\\\/image\\\/\"},\"sameAs\":[\"https:\\\/\\\/www.facebook.com\\\/people\\\/Notimemes-de-los-Polticos\\\/61565672886568\\\/\",\"https:\\\/\\\/x.com\\\/LosPoliticosVer\"]},{\"@type\":\"Person\",\"@id\":\"https:\\\/\\\/lospoliticosveracruz.com\\\/#\\\/schema\\\/person\\\/b8702bb0e538456e6efd07080bf2a4a2\",\"name\":\"Lo viste en Los Pol\u00edticos\",\"image\":{\"@type\":\"ImageObject\",\"inLanguage\":\"es\",\"@id\":\"https:\\\/\\\/secure.gravatar.com\\\/avatar\\\/3a8de04a2656d44082be478bd6c086daa447c4651605818287b9532d3d0bd435?s=96&d=mm&r=g\",\"url\":\"https:\\\/\\\/secure.gravatar.com\\\/avatar\\\/3a8de04a2656d44082be478bd6c086daa447c4651605818287b9532d3d0bd435?s=96&d=mm&r=g\",\"contentUrl\":\"https:\\\/\\\/secure.gravatar.com\\\/avatar\\\/3a8de04a2656d44082be478bd6c086daa447c4651605818287b9532d3d0bd435?s=96&d=mm&r=g\",\"caption\":\"Lo viste en Los Pol\u00edticos\"},\"url\":\"https:\\\/\\\/lospoliticosveracruz.com\\\/?author=2\"}]}<\/script>\n<!-- \/ Yoast SEO plugin. -->","yoast_head_json":{"title":"Parece que se lucra con la pobreza con programas sociales: Marlon - Los pol\u00edticos Veracruz","robots":{"index":"index","follow":"follow","max-snippet":"max-snippet:-1","max-image-preview":"max-image-preview:large","max-video-preview":"max-video-preview:-1"},"canonical":"https:\/\/lospoliticosveracruz.com\/?p=48248","og_locale":"es_ES","og_type":"article","og_title":"Parece que se lucra con la pobreza con programas sociales: Marlon - Los pol\u00edticos Veracruz","og_description":"El dirigente estatal del PRI, Marlon Ram\u00edrez Mar\u00edn, propuso evaluar que tan productivo es o no para el Pa\u00eds, que los ciudadanos beneficiarios de los programas sociales sigan votando. Entrevistado en C\u00f3rdoba, explic\u00f3 que pareciera que se lucra con la pobreza con un prop\u00f3sito electoral. \u00abLo que nosotros tendr\u00edamos que poner en la mesa de [&hellip;]","og_url":"https:\/\/lospoliticosveracruz.com\/?p=48248","og_site_name":"Los pol\u00edticos Veracruz","article_publisher":"https:\/\/www.facebook.com\/people\/Notimemes-de-los-Polticos\/61565672886568\/","article_published_time":"2019-05-27T21:31:30+00:00","og_image":[{"width":659,"height":511,"url":"https:\/\/lospoliticosveracruz.com\/wp-content\/uploads\/2019\/05\/Marlon.jpg","type":"image\/jpeg"}],"author":"Lo viste en Los Pol\u00edticos","twitter_card":"summary_large_image","twitter_creator":"@LosPoliticosVer","twitter_site":"@LosPoliticosVer","twitter_misc":{"Escrito por":"Lo viste en Los Pol\u00edticos","Tiempo de lectura":"2 minutos"},"schema":{"@context":"https:\/\/schema.org","@graph":[{"@type":"Article","@id":"https:\/\/lospoliticosveracruz.com\/?p=48248#article","isPartOf":{"@id":"https:\/\/lospoliticosveracruz.com\/?p=48248"},"author":{"name":"Lo viste en Los Pol\u00edticos","@id":"https:\/\/lospoliticosveracruz.com\/#\/schema\/person\/b8702bb0e538456e6efd07080bf2a4a2"},"headline":"Parece que se lucra con la pobreza con programas sociales: Marlon","datePublished":"2019-05-27T21:31:30+00:00","mainEntityOfPage":{"@id":"https:\/\/lospoliticosveracruz.com\/?p=48248"},"wordCount":492,"commentCount":0,"publisher":{"@id":"https:\/\/lospoliticosveracruz.com\/#organization"},"image":{"@id":"https:\/\/lospoliticosveracruz.com\/?p=48248#primaryimage"},"thumbnailUrl":"https:\/\/lospoliticosveracruz.com\/wp-content\/uploads\/2019\/05\/Marlon.jpg","keywords":["H\u00e9ctor Yunes","Marlon Ram\u00edrez Mar\u00edn","PRI","programas sociales"],"articleSection":["De Boleto"],"inLanguage":"es","potentialAction":[{"@type":"CommentAction","name":"Comment","target":["https:\/\/lospoliticosveracruz.com\/?p=48248#respond"]}]},{"@type":"WebPage","@id":"https:\/\/lospoliticosveracruz.com\/?p=48248","url":"https:\/\/lospoliticosveracruz.com\/?p=48248","name":"Parece que se lucra con la pobreza con programas sociales: Marlon - Los pol\u00edticos Veracruz","isPartOf":{"@id":"https:\/\/lospoliticosveracruz.com\/#website"},"primaryImageOfPage":{"@id":"https:\/\/lospoliticosveracruz.com\/?p=48248#primaryimage"},"image":{"@id":"https:\/\/lospoliticosveracruz.com\/?p=48248#primaryimage"},"thumbnailUrl":"https:\/\/lospoliticosveracruz.com\/wp-content\/uploads\/2019\/05\/Marlon.jpg","datePublished":"2019-05-27T21:31:30+00:00","breadcrumb":{"@id":"https:\/\/lospoliticosveracruz.com\/?p=48248#breadcrumb"},"inLanguage":"es","potentialAction":[{"@type":"ReadAction","target":["https:\/\/lospoliticosveracruz.com\/?p=48248"]}]},{"@type":"ImageObject","inLanguage":"es","@id":"https:\/\/lospoliticosveracruz.com\/?p=48248#primaryimage","url":"https:\/\/lospoliticosveracruz.com\/wp-content\/uploads\/2019\/05\/Marlon.jpg","contentUrl":"https:\/\/lospoliticosveracruz.com\/wp-content\/uploads\/2019\/05\/Marlon.jpg","width":659,"height":511},{"@type":"BreadcrumbList","@id":"https:\/\/lospoliticosveracruz.com\/?p=48248#breadcrumb","itemListElement":[{"@type":"ListItem","position":1,"name":"Portada","item":"https:\/\/lospoliticosveracruz.com\/"},{"@type":"ListItem","position":2,"name":"Parece que se lucra con la pobreza con programas sociales: Marlon"}]},{"@type":"WebSite","@id":"https:\/\/lospoliticosveracruz.com\/#website","url":"https:\/\/lospoliticosveracruz.com\/","name":"Los pol\u00edticos Veracruz","description":"","publisher":{"@id":"https:\/\/lospoliticosveracruz.com\/#organization"},"potentialAction":[{"@type":"SearchAction","target":{"@type":"EntryPoint","urlTemplate":"https:\/\/lospoliticosveracruz.com\/?s={search_term_string}"},"query-input":{"@type":"PropertyValueSpecification","valueRequired":true,"valueName":"search_term_string"}}],"inLanguage":"es"},{"@type":"Organization","@id":"https:\/\/lospoliticosveracruz.com\/#organization","name":"Los pol\u00edticos Veracruz","url":"https:\/\/lospoliticosveracruz.com\/","logo":{"@type":"ImageObject","inLanguage":"es","@id":"https:\/\/lospoliticosveracruz.com\/#\/schema\/logo\/image\/","url":"https:\/\/lospoliticosveracruz.com\/wp-content\/uploads\/2025\/12\/Logo-Nuevo-LOS-POLITICOS-1.jpg","contentUrl":"https:\/\/lospoliticosveracruz.com\/wp-content\/uploads\/2025\/12\/Logo-Nuevo-LOS-POLITICOS-1.jpg","width":260,"height":70,"caption":"Los pol\u00edticos Veracruz"},"image":{"@id":"https:\/\/lospoliticosveracruz.com\/#\/schema\/logo\/image\/"},"sameAs":["https:\/\/www.facebook.com\/people\/Notimemes-de-los-Polticos\/61565672886568\/","https:\/\/x.com\/LosPoliticosVer"]},{"@type":"Person","@id":"https:\/\/lospoliticosveracruz.com\/#\/schema\/person\/b8702bb0e538456e6efd07080bf2a4a2","name":"Lo viste en Los Pol\u00edticos","image":{"@type":"ImageObject","inLanguage":"es","@id":"https:\/\/secure.gravatar.com\/avatar\/3a8de04a2656d44082be478bd6c086daa447c4651605818287b9532d3d0bd435?s=96&d=mm&r=g","url":"https:\/\/secure.gravatar.com\/avatar\/3a8de04a2656d44082be478bd6c086daa447c4651605818287b9532d3d0bd435?s=96&d=mm&r=g","contentUrl":"https:\/\/secure.gravatar.com\/avatar\/3a8de04a2656d44082be478bd6c086daa447c4651605818287b9532d3d0bd435?s=96&d=mm&r=g","caption":"Lo viste en Los Pol\u00edticos"},"url":"https:\/\/lospoliticosveracruz.com\/?author=2"}]}},"_links":{"self":[{"href":"https:\/\/lospoliticosveracruz.com\/index.php?rest_route=\/wp\/v2\/posts\/48248","targetHints":{"allow":["GET"]}}],"collection":[{"href":"https:\/\/lospoliticosveracruz.com\/index.php?rest_route=\/wp\/v2\/posts"}],"about":[{"href":"https:\/\/lospoliticosveracruz.com\/index.php?rest_route=\/wp\/v2\/types\/post"}],"author":[{"embeddable":true,"href":"https:\/\/lospoliticosveracruz.com\/index.php?rest_route=\/wp\/v2\/users\/2"}],"replies":[{"embeddable":true,"href":"https:\/\/lospoliticosveracruz.com\/index.php?rest_route=%2Fwp%2Fv2%2Fcomments&post=48248"}],"version-history":[{"count":1,"href":"https:\/\/lospoliticosveracruz.com\/index.php?rest_route=\/wp\/v2\/posts\/48248\/revisions"}],"predecessor-version":[{"id":48250,"href":"https:\/\/lospoliticosveracruz.com\/index.php?rest_route=\/wp\/v2\/posts\/48248\/revisions\/48250"}],"wp:featuredmedia":[{"embeddable":true,"href":"https:\/\/lospoliticosveracruz.com\/index.php?rest_route=\/wp\/v2\/media\/48249"}],"wp:attachment":[{"href":"https:\/\/lospoliticosveracruz.com\/index.php?rest_route=%2Fwp%2Fv2%2Fmedia&parent=48248"}],"wp:term":[{"taxonomy":"category","embeddable":true,"href":"https:\/\/lospoliticosveracruz.com\/index.php?rest_route=%2Fwp%2Fv2%2Fcategories&post=48248"},{"taxonomy":"post_tag","embeddable":true,"href":"https:\/\/lospoliticosveracruz.com\/index.php?rest_route=%2Fwp%2Fv2%2Ftags&post=48248"}],"curies":[{"name":"wp","href":"https:\/\/api.w.org\/{rel}","templated":true}]}}