{"id":48265,"date":"2019-05-29T22:55:42","date_gmt":"2019-05-30T03:55:42","guid":{"rendered":"http:\/\/www.lospoliticosveracruz.com.mx\/?p=48265"},"modified":"2019-05-29T21:24:48","modified_gmt":"2019-05-30T02:24:48","slug":"elecciones-y-reelecciones","status":"publish","type":"post","link":"https:\/\/lospoliticosveracruz.com\/?p=48265","title":{"rendered":"Elecciones y reelecciones"},"content":{"rendered":"<p><strong>Salvador Mu\u00f1oz<\/strong><\/p>\n<p><em>Los Pol\u00edticos<\/em><\/p>\n<p><span style=\"font-weight: 400;\">Quiz\u00e1 sea que se tenga a la vuelta de la esquina media docena de elecciones en el pa\u00eds lo que motive a algunos a pensar en la renovaci\u00f3n del Congreso local como a su vez, de las alcald\u00edas, en particular, la de Xalapa, a lo mejor por ser la capital del Estado.<\/span><\/p>\n<p><span style=\"font-weight: 400;\">En el primer caso, es decir, el congreso local, hay dos puntos interesantes: los que est\u00e1n en su segundo periodo como diputados; y los que podr\u00edan ir por su segunda vuelta por tal cargo\u2026 es decir, hacer uso de la reelecci\u00f3n como lo marca la Constituci\u00f3n local, en su Art\u00edculo 21, quinto p\u00e1rrafo.<\/span><\/p>\n<p><span style=\"font-weight: 400;\">Quienes gozan de la reelecci\u00f3n son pocos, como son Juan Manuel de Unanue, Bingen Rementer\u00eda y Maryjos\u00e9 Gamboa\u2026 aun cuando Sergio Hern\u00e1ndez y Judith Pineda Andrade estuvieron en la pasada Legislatura, ambos eran plurinominales, repitiendo como tal, el primero; y la segunda, con triunfo en las urnas en Tantoyuca. \u00c9stos, por parte del PAN. En el caso de Morena, s\u00f3lo Amado Cruz Malpica logr\u00f3 la haza\u00f1a y mantuvo hegemon\u00eda en su distrito con votos en mano.<\/span><\/p>\n<p><span style=\"font-weight: 400;\">Hay que hacer menci\u00f3n que hubo otros diputados que si bien no repitieron en el Congreso local, obtuvieron su triunfo ya fuera en las alcald\u00edas, como fue el caso de Polo Deschamps (en Medell\u00edn), Daniela Griego (curul federal Xalapa, que se la tumbaron, pero gan\u00f3 en las urnas) y Mariana Dunyaska (Distrito 12).<\/span><\/p>\n<p><span style=\"font-weight: 400;\">La duda en torno a estos diputados que hoy gozan de su segunda etapa en el Congreso local es si, teniendo oportunidad de participar en cuatro periodos consecutivos, ir\u00edan por el tercero al hilo.<\/span><\/p>\n<p><span style=\"font-weight: 400;\">En Veracruz quiz\u00e1s haya casos donde un pol\u00edtico haya ganado tres elecciones consecutivas, pero hay que hacer dos acotaciones:<\/span><\/p>\n<p><span style=\"font-weight: 400;\">La primera: Es distintos cargos\u2026<\/span><\/p>\n<p><span style=\"font-weight: 400;\">La segunda: Cuando el partido en el poder y quiz\u00e1s ya por all\u00ed algunos personajes del PAN, ataban a los perros con longaniza.<\/span><\/p>\n<p><span style=\"font-weight: 400;\">Hoy, las reformas y la democracia pondr\u00e1n a prueba a algunos diputados para ver si van por la tercera, o buscar\u00e1n otro cargo de elecci\u00f3n popular como puede ser una curul federal o presidencia municipal\u2026 o por qu\u00e9 no, imponer una nueva marca en elecciones ganadas\u2026<\/span><\/p>\n<p><span style=\"font-weight: 400;\">En el caso de Xalapa, les dec\u00eda que ya hay quienes barajan nombres para buscar la silla que hoy ocupa Hip\u00f3lito Rodr\u00edguez Herrero:<\/span><\/p>\n<p><span style=\"font-weight: 400;\">Por Morena hablan de Rosalinda Galindo Silva, Ana Miriam Ferr\u00e1ez, Cinthya Lobato, Dorheny Garc\u00eda Cayetano y Daniela Griego\u2026 s\u00ed, cuatro mujeres.<\/span><\/p>\n<p><span style=\"font-weight: 400;\">Por el PAN, todo enfila hacia Sergio Hern\u00e1ndez Hern\u00e1ndez.<\/span><\/p>\n<p><span style=\"font-weight: 400;\">Por el PRI, han soltado el rumor de que Am\u00e9rico Z\u00fa\u00f1iga podr\u00eda volver a competir con una f\u00f3rmula simple: La comparaci\u00f3n.<\/span><\/p>\n<p><span style=\"font-weight: 400;\">Hay quienes aseguran que la capital est\u00e1 perdida ante lo que llaman la p\u00e9sima administraci\u00f3n de Hip\u00f3lito Rodr\u00edguez Herrero aunado a la flaca caballada que presenta Morena con sus precandidatas\u2026 difiero: Cinthya y Daniela tienen mucho que aportar, aunque siendo sinceros, el que nada aporta es el alcalde a Morena. S\u00ed, tiene a\u00f1o y medio para tratar de enderezar la nave\u2026<\/span><\/p>\n<p><span style=\"font-weight: 400;\">Hay xalape\u00f1os que \u201chacen changuitos\u201d porque volviera a competir Ricardo Ahued por la alcald\u00eda\u2026 aunque hay otros que lo siguen viendo con tama\u00f1os para la gubernatura\u2026 sea de cuatro o seis a\u00f1os\u2026 dependiendo de la tolerancia&#8230;<\/span><\/p>\n<p><span style=\"font-weight: 400;\">Aunque todo esto, insisto, son temas que salen quiz\u00e1s motivados por la efervescencia de las elecciones del domingo\u2026 y crea que a partir de los resultados en la media docena de estados, puede que sean un excelente parteaguas para seguir barajando nombres y m\u00e1s nombres, mientras unos buscan ser oposici\u00f3n hasta alcanzar el poder y los que est\u00e1n en el poder, mantenerse\u2026<\/span><\/p>\n<p>&nbsp;<\/p>\n<p><span style=\"font-weight: 400;\">smcainito@gmail.com<\/span><\/p>\n","protected":false},"excerpt":{"rendered":"<p>Salvador Mu\u00f1oz Los Pol\u00edticos Quiz\u00e1 sea que se tenga a la vuelta de la esquina media docena de elecciones en el pa\u00eds lo que motive a algunos a pensar en la renovaci\u00f3n del Congreso local como a su vez, de las alcald\u00edas, en particular, la de Xalapa, a lo mejor por ser la capital del [&hellip;]<\/p>\n","protected":false},"author":2,"featured_media":48266,"comment_status":"open","ping_status":"open","sticky":false,"template":"","format":"standard","meta":{"tdm_status":"","tdm_grid_status":"","footnotes":""},"categories":[70],"tags":[5618,7408,4684,993,5622,13952,6732,11832,6947,1937,1026,266,876,10669,6142,752,96],"class_list":{"0":"post-48265","1":"post","2":"type-post","3":"status-publish","4":"format-standard","5":"has-post-thumbnail","7":"category-de-opinion","8":"tag-amado-cruz-malpica","9":"tag-ana-miriam-ferraez","10":"tag-bingen-rementeria","11":"tag-cinthya-lobato","12":"tag-daniela-griego","13":"tag-dorheny-garcia-cayetano","14":"tag-juan-manuel-de-unanue","15":"tag-judith-pineda-andrade","16":"tag-mariana-dunyaska","17":"tag-maryjose-gamboa","18":"tag-morena","19":"tag-pan","20":"tag-ricardo-ahued","21":"tag-rosalinda-galindo-silva","22":"tag-sergio-hernandez","23":"tag-tantoyuca","24":"tag-xalapa"},"yoast_head":"<!-- This site is optimized with the Yoast SEO plugin v27.4 - https:\/\/yoast.com\/product\/yoast-seo-wordpress\/ -->\n<title>Elecciones y reelecciones - Los pol\u00edticos Veracruz<\/title>\n<meta name=\"robots\" content=\"index, follow, max-snippet:-1, max-image-preview:large, max-video-preview:-1\" \/>\n<link rel=\"canonical\" href=\"https:\/\/lospoliticosveracruz.com\/?p=48265\" \/>\n<meta property=\"og:locale\" content=\"es_ES\" \/>\n<meta property=\"og:type\" content=\"article\" \/>\n<meta property=\"og:title\" content=\"Elecciones y reelecciones - Los pol\u00edticos Veracruz\" \/>\n<meta property=\"og:description\" content=\"Salvador Mu\u00f1oz Los Pol\u00edticos Quiz\u00e1 sea que se tenga a la vuelta de la esquina media docena de elecciones en el pa\u00eds lo que motive a algunos a pensar en la renovaci\u00f3n del Congreso local como a su vez, de las alcald\u00edas, en particular, la de Xalapa, a lo mejor por ser la capital del [&hellip;]\" \/>\n<meta property=\"og:url\" content=\"https:\/\/lospoliticosveracruz.com\/?p=48265\" \/>\n<meta property=\"og:site_name\" content=\"Los pol\u00edticos Veracruz\" \/>\n<meta property=\"article:publisher\" content=\"https:\/\/www.facebook.com\/people\/Notimemes-de-los-Polticos\/61565672886568\/\" \/>\n<meta property=\"article:published_time\" content=\"2019-05-30T03:55:42+00:00\" \/>\n<meta property=\"og:image\" content=\"https:\/\/lospoliticosveracruz.com\/wp-content\/uploads\/2019\/05\/hipolito-rodriguez.jpg\" \/>\n\t<meta property=\"og:image:width\" content=\"600\" \/>\n\t<meta property=\"og:image:height\" content=\"388\" \/>\n\t<meta property=\"og:image:type\" content=\"image\/jpeg\" \/>\n<meta name=\"author\" content=\"Lo viste en Los Pol\u00edticos\" \/>\n<meta name=\"twitter:card\" content=\"summary_large_image\" \/>\n<meta name=\"twitter:creator\" content=\"@LosPoliticosVer\" \/>\n<meta name=\"twitter:site\" content=\"@LosPoliticosVer\" \/>\n<meta name=\"twitter:label1\" content=\"Escrito por\" \/>\n\t<meta name=\"twitter:data1\" content=\"Lo viste en Los Pol\u00edticos\" \/>\n\t<meta name=\"twitter:label2\" content=\"Tiempo de lectura\" \/>\n\t<meta name=\"twitter:data2\" content=\"3 minutos\" \/>\n<script type=\"application\/ld+json\" class=\"yoast-schema-graph\">{\"@context\":\"https:\\\/\\\/schema.org\",\"@graph\":[{\"@type\":\"Article\",\"@id\":\"https:\\\/\\\/lospoliticosveracruz.com\\\/?p=48265#article\",\"isPartOf\":{\"@id\":\"https:\\\/\\\/lospoliticosveracruz.com\\\/?p=48265\"},\"author\":{\"name\":\"Lo viste en Los Pol\u00edticos\",\"@id\":\"https:\\\/\\\/lospoliticosveracruz.com\\\/#\\\/schema\\\/person\\\/b8702bb0e538456e6efd07080bf2a4a2\"},\"headline\":\"Elecciones y reelecciones\",\"datePublished\":\"2019-05-30T03:55:42+00:00\",\"mainEntityOfPage\":{\"@id\":\"https:\\\/\\\/lospoliticosveracruz.com\\\/?p=48265\"},\"wordCount\":655,\"commentCount\":0,\"publisher\":{\"@id\":\"https:\\\/\\\/lospoliticosveracruz.com\\\/#organization\"},\"image\":{\"@id\":\"https:\\\/\\\/lospoliticosveracruz.com\\\/?p=48265#primaryimage\"},\"thumbnailUrl\":\"https:\\\/\\\/lospoliticosveracruz.com\\\/wp-content\\\/uploads\\\/2019\\\/05\\\/hipolito-rodriguez.jpg\",\"keywords\":[\"Amado Cruz Malpica\",\"Ana Miriam Ferr\u00e1ez\",\"Bingen Rementer\u00eda\",\"Cinthya Lobato\",\"Daniela Griego\",\"Dorheny Garc\u00eda Cayetano\",\"Juan Manuel de Unanue\",\"Judith Pineda Andrade\",\"Mariana Dunyaska\",\"Maryjose Gamboa\",\"Morena\",\"PAN\",\"Ricardo Ahued\",\"Rosalinda Galindo Silva\",\"Sergio Hern\u00e1ndez\",\"Tantoyuca\",\"Xalapa\"],\"articleSection\":[\"De Opini\u00f3n\"],\"inLanguage\":\"es\",\"potentialAction\":[{\"@type\":\"CommentAction\",\"name\":\"Comment\",\"target\":[\"https:\\\/\\\/lospoliticosveracruz.com\\\/?p=48265#respond\"]}]},{\"@type\":\"WebPage\",\"@id\":\"https:\\\/\\\/lospoliticosveracruz.com\\\/?p=48265\",\"url\":\"https:\\\/\\\/lospoliticosveracruz.com\\\/?p=48265\",\"name\":\"Elecciones y reelecciones - Los pol\u00edticos Veracruz\",\"isPartOf\":{\"@id\":\"https:\\\/\\\/lospoliticosveracruz.com\\\/#website\"},\"primaryImageOfPage\":{\"@id\":\"https:\\\/\\\/lospoliticosveracruz.com\\\/?p=48265#primaryimage\"},\"image\":{\"@id\":\"https:\\\/\\\/lospoliticosveracruz.com\\\/?p=48265#primaryimage\"},\"thumbnailUrl\":\"https:\\\/\\\/lospoliticosveracruz.com\\\/wp-content\\\/uploads\\\/2019\\\/05\\\/hipolito-rodriguez.jpg\",\"datePublished\":\"2019-05-30T03:55:42+00:00\",\"breadcrumb\":{\"@id\":\"https:\\\/\\\/lospoliticosveracruz.com\\\/?p=48265#breadcrumb\"},\"inLanguage\":\"es\",\"potentialAction\":[{\"@type\":\"ReadAction\",\"target\":[\"https:\\\/\\\/lospoliticosveracruz.com\\\/?p=48265\"]}]},{\"@type\":\"ImageObject\",\"inLanguage\":\"es\",\"@id\":\"https:\\\/\\\/lospoliticosveracruz.com\\\/?p=48265#primaryimage\",\"url\":\"https:\\\/\\\/lospoliticosveracruz.com\\\/wp-content\\\/uploads\\\/2019\\\/05\\\/hipolito-rodriguez.jpg\",\"contentUrl\":\"https:\\\/\\\/lospoliticosveracruz.com\\\/wp-content\\\/uploads\\\/2019\\\/05\\\/hipolito-rodriguez.jpg\",\"width\":600,\"height\":388},{\"@type\":\"BreadcrumbList\",\"@id\":\"https:\\\/\\\/lospoliticosveracruz.com\\\/?p=48265#breadcrumb\",\"itemListElement\":[{\"@type\":\"ListItem\",\"position\":1,\"name\":\"Portada\",\"item\":\"https:\\\/\\\/lospoliticosveracruz.com\\\/\"},{\"@type\":\"ListItem\",\"position\":2,\"name\":\"Elecciones y reelecciones\"}]},{\"@type\":\"WebSite\",\"@id\":\"https:\\\/\\\/lospoliticosveracruz.com\\\/#website\",\"url\":\"https:\\\/\\\/lospoliticosveracruz.com\\\/\",\"name\":\"Los pol\u00edticos Veracruz\",\"description\":\"\",\"publisher\":{\"@id\":\"https:\\\/\\\/lospoliticosveracruz.com\\\/#organization\"},\"potentialAction\":[{\"@type\":\"SearchAction\",\"target\":{\"@type\":\"EntryPoint\",\"urlTemplate\":\"https:\\\/\\\/lospoliticosveracruz.com\\\/?s={search_term_string}\"},\"query-input\":{\"@type\":\"PropertyValueSpecification\",\"valueRequired\":true,\"valueName\":\"search_term_string\"}}],\"inLanguage\":\"es\"},{\"@type\":\"Organization\",\"@id\":\"https:\\\/\\\/lospoliticosveracruz.com\\\/#organization\",\"name\":\"Los pol\u00edticos Veracruz\",\"url\":\"https:\\\/\\\/lospoliticosveracruz.com\\\/\",\"logo\":{\"@type\":\"ImageObject\",\"inLanguage\":\"es\",\"@id\":\"https:\\\/\\\/lospoliticosveracruz.com\\\/#\\\/schema\\\/logo\\\/image\\\/\",\"url\":\"https:\\\/\\\/lospoliticosveracruz.com\\\/wp-content\\\/uploads\\\/2025\\\/12\\\/Logo-Nuevo-LOS-POLITICOS-1.jpg\",\"contentUrl\":\"https:\\\/\\\/lospoliticosveracruz.com\\\/wp-content\\\/uploads\\\/2025\\\/12\\\/Logo-Nuevo-LOS-POLITICOS-1.jpg\",\"width\":260,\"height\":70,\"caption\":\"Los pol\u00edticos Veracruz\"},\"image\":{\"@id\":\"https:\\\/\\\/lospoliticosveracruz.com\\\/#\\\/schema\\\/logo\\\/image\\\/\"},\"sameAs\":[\"https:\\\/\\\/www.facebook.com\\\/people\\\/Notimemes-de-los-Polticos\\\/61565672886568\\\/\",\"https:\\\/\\\/x.com\\\/LosPoliticosVer\"]},{\"@type\":\"Person\",\"@id\":\"https:\\\/\\\/lospoliticosveracruz.com\\\/#\\\/schema\\\/person\\\/b8702bb0e538456e6efd07080bf2a4a2\",\"name\":\"Lo viste en Los Pol\u00edticos\",\"image\":{\"@type\":\"ImageObject\",\"inLanguage\":\"es\",\"@id\":\"https:\\\/\\\/secure.gravatar.com\\\/avatar\\\/3a8de04a2656d44082be478bd6c086daa447c4651605818287b9532d3d0bd435?s=96&d=mm&r=g\",\"url\":\"https:\\\/\\\/secure.gravatar.com\\\/avatar\\\/3a8de04a2656d44082be478bd6c086daa447c4651605818287b9532d3d0bd435?s=96&d=mm&r=g\",\"contentUrl\":\"https:\\\/\\\/secure.gravatar.com\\\/avatar\\\/3a8de04a2656d44082be478bd6c086daa447c4651605818287b9532d3d0bd435?s=96&d=mm&r=g\",\"caption\":\"Lo viste en Los Pol\u00edticos\"},\"url\":\"https:\\\/\\\/lospoliticosveracruz.com\\\/?author=2\"}]}<\/script>\n<!-- \/ Yoast SEO plugin. -->","yoast_head_json":{"title":"Elecciones y reelecciones - Los pol\u00edticos Veracruz","robots":{"index":"index","follow":"follow","max-snippet":"max-snippet:-1","max-image-preview":"max-image-preview:large","max-video-preview":"max-video-preview:-1"},"canonical":"https:\/\/lospoliticosveracruz.com\/?p=48265","og_locale":"es_ES","og_type":"article","og_title":"Elecciones y reelecciones - Los pol\u00edticos Veracruz","og_description":"Salvador Mu\u00f1oz Los Pol\u00edticos Quiz\u00e1 sea que se tenga a la vuelta de la esquina media docena de elecciones en el pa\u00eds lo que motive a algunos a pensar en la renovaci\u00f3n del Congreso local como a su vez, de las alcald\u00edas, en particular, la de Xalapa, a lo mejor por ser la capital del [&hellip;]","og_url":"https:\/\/lospoliticosveracruz.com\/?p=48265","og_site_name":"Los pol\u00edticos Veracruz","article_publisher":"https:\/\/www.facebook.com\/people\/Notimemes-de-los-Polticos\/61565672886568\/","article_published_time":"2019-05-30T03:55:42+00:00","og_image":[{"width":600,"height":388,"url":"https:\/\/lospoliticosveracruz.com\/wp-content\/uploads\/2019\/05\/hipolito-rodriguez.jpg","type":"image\/jpeg"}],"author":"Lo viste en Los Pol\u00edticos","twitter_card":"summary_large_image","twitter_creator":"@LosPoliticosVer","twitter_site":"@LosPoliticosVer","twitter_misc":{"Escrito por":"Lo viste en Los Pol\u00edticos","Tiempo de lectura":"3 minutos"},"schema":{"@context":"https:\/\/schema.org","@graph":[{"@type":"Article","@id":"https:\/\/lospoliticosveracruz.com\/?p=48265#article","isPartOf":{"@id":"https:\/\/lospoliticosveracruz.com\/?p=48265"},"author":{"name":"Lo viste en Los Pol\u00edticos","@id":"https:\/\/lospoliticosveracruz.com\/#\/schema\/person\/b8702bb0e538456e6efd07080bf2a4a2"},"headline":"Elecciones y reelecciones","datePublished":"2019-05-30T03:55:42+00:00","mainEntityOfPage":{"@id":"https:\/\/lospoliticosveracruz.com\/?p=48265"},"wordCount":655,"commentCount":0,"publisher":{"@id":"https:\/\/lospoliticosveracruz.com\/#organization"},"image":{"@id":"https:\/\/lospoliticosveracruz.com\/?p=48265#primaryimage"},"thumbnailUrl":"https:\/\/lospoliticosveracruz.com\/wp-content\/uploads\/2019\/05\/hipolito-rodriguez.jpg","keywords":["Amado Cruz Malpica","Ana Miriam Ferr\u00e1ez","Bingen Rementer\u00eda","Cinthya Lobato","Daniela Griego","Dorheny Garc\u00eda Cayetano","Juan Manuel de Unanue","Judith Pineda Andrade","Mariana Dunyaska","Maryjose Gamboa","Morena","PAN","Ricardo Ahued","Rosalinda Galindo Silva","Sergio Hern\u00e1ndez","Tantoyuca","Xalapa"],"articleSection":["De Opini\u00f3n"],"inLanguage":"es","potentialAction":[{"@type":"CommentAction","name":"Comment","target":["https:\/\/lospoliticosveracruz.com\/?p=48265#respond"]}]},{"@type":"WebPage","@id":"https:\/\/lospoliticosveracruz.com\/?p=48265","url":"https:\/\/lospoliticosveracruz.com\/?p=48265","name":"Elecciones y reelecciones - Los pol\u00edticos Veracruz","isPartOf":{"@id":"https:\/\/lospoliticosveracruz.com\/#website"},"primaryImageOfPage":{"@id":"https:\/\/lospoliticosveracruz.com\/?p=48265#primaryimage"},"image":{"@id":"https:\/\/lospoliticosveracruz.com\/?p=48265#primaryimage"},"thumbnailUrl":"https:\/\/lospoliticosveracruz.com\/wp-content\/uploads\/2019\/05\/hipolito-rodriguez.jpg","datePublished":"2019-05-30T03:55:42+00:00","breadcrumb":{"@id":"https:\/\/lospoliticosveracruz.com\/?p=48265#breadcrumb"},"inLanguage":"es","potentialAction":[{"@type":"ReadAction","target":["https:\/\/lospoliticosveracruz.com\/?p=48265"]}]},{"@type":"ImageObject","inLanguage":"es","@id":"https:\/\/lospoliticosveracruz.com\/?p=48265#primaryimage","url":"https:\/\/lospoliticosveracruz.com\/wp-content\/uploads\/2019\/05\/hipolito-rodriguez.jpg","contentUrl":"https:\/\/lospoliticosveracruz.com\/wp-content\/uploads\/2019\/05\/hipolito-rodriguez.jpg","width":600,"height":388},{"@type":"BreadcrumbList","@id":"https:\/\/lospoliticosveracruz.com\/?p=48265#breadcrumb","itemListElement":[{"@type":"ListItem","position":1,"name":"Portada","item":"https:\/\/lospoliticosveracruz.com\/"},{"@type":"ListItem","position":2,"name":"Elecciones y reelecciones"}]},{"@type":"WebSite","@id":"https:\/\/lospoliticosveracruz.com\/#website","url":"https:\/\/lospoliticosveracruz.com\/","name":"Los pol\u00edticos Veracruz","description":"","publisher":{"@id":"https:\/\/lospoliticosveracruz.com\/#organization"},"potentialAction":[{"@type":"SearchAction","target":{"@type":"EntryPoint","urlTemplate":"https:\/\/lospoliticosveracruz.com\/?s={search_term_string}"},"query-input":{"@type":"PropertyValueSpecification","valueRequired":true,"valueName":"search_term_string"}}],"inLanguage":"es"},{"@type":"Organization","@id":"https:\/\/lospoliticosveracruz.com\/#organization","name":"Los pol\u00edticos Veracruz","url":"https:\/\/lospoliticosveracruz.com\/","logo":{"@type":"ImageObject","inLanguage":"es","@id":"https:\/\/lospoliticosveracruz.com\/#\/schema\/logo\/image\/","url":"https:\/\/lospoliticosveracruz.com\/wp-content\/uploads\/2025\/12\/Logo-Nuevo-LOS-POLITICOS-1.jpg","contentUrl":"https:\/\/lospoliticosveracruz.com\/wp-content\/uploads\/2025\/12\/Logo-Nuevo-LOS-POLITICOS-1.jpg","width":260,"height":70,"caption":"Los pol\u00edticos Veracruz"},"image":{"@id":"https:\/\/lospoliticosveracruz.com\/#\/schema\/logo\/image\/"},"sameAs":["https:\/\/www.facebook.com\/people\/Notimemes-de-los-Polticos\/61565672886568\/","https:\/\/x.com\/LosPoliticosVer"]},{"@type":"Person","@id":"https:\/\/lospoliticosveracruz.com\/#\/schema\/person\/b8702bb0e538456e6efd07080bf2a4a2","name":"Lo viste en Los Pol\u00edticos","image":{"@type":"ImageObject","inLanguage":"es","@id":"https:\/\/secure.gravatar.com\/avatar\/3a8de04a2656d44082be478bd6c086daa447c4651605818287b9532d3d0bd435?s=96&d=mm&r=g","url":"https:\/\/secure.gravatar.com\/avatar\/3a8de04a2656d44082be478bd6c086daa447c4651605818287b9532d3d0bd435?s=96&d=mm&r=g","contentUrl":"https:\/\/secure.gravatar.com\/avatar\/3a8de04a2656d44082be478bd6c086daa447c4651605818287b9532d3d0bd435?s=96&d=mm&r=g","caption":"Lo viste en Los Pol\u00edticos"},"url":"https:\/\/lospoliticosveracruz.com\/?author=2"}]}},"_links":{"self":[{"href":"https:\/\/lospoliticosveracruz.com\/index.php?rest_route=\/wp\/v2\/posts\/48265","targetHints":{"allow":["GET"]}}],"collection":[{"href":"https:\/\/lospoliticosveracruz.com\/index.php?rest_route=\/wp\/v2\/posts"}],"about":[{"href":"https:\/\/lospoliticosveracruz.com\/index.php?rest_route=\/wp\/v2\/types\/post"}],"author":[{"embeddable":true,"href":"https:\/\/lospoliticosveracruz.com\/index.php?rest_route=\/wp\/v2\/users\/2"}],"replies":[{"embeddable":true,"href":"https:\/\/lospoliticosveracruz.com\/index.php?rest_route=%2Fwp%2Fv2%2Fcomments&post=48265"}],"version-history":[{"count":1,"href":"https:\/\/lospoliticosveracruz.com\/index.php?rest_route=\/wp\/v2\/posts\/48265\/revisions"}],"predecessor-version":[{"id":48267,"href":"https:\/\/lospoliticosveracruz.com\/index.php?rest_route=\/wp\/v2\/posts\/48265\/revisions\/48267"}],"wp:featuredmedia":[{"embeddable":true,"href":"https:\/\/lospoliticosveracruz.com\/index.php?rest_route=\/wp\/v2\/media\/48266"}],"wp:attachment":[{"href":"https:\/\/lospoliticosveracruz.com\/index.php?rest_route=%2Fwp%2Fv2%2Fmedia&parent=48265"}],"wp:term":[{"taxonomy":"category","embeddable":true,"href":"https:\/\/lospoliticosveracruz.com\/index.php?rest_route=%2Fwp%2Fv2%2Fcategories&post=48265"},{"taxonomy":"post_tag","embeddable":true,"href":"https:\/\/lospoliticosveracruz.com\/index.php?rest_route=%2Fwp%2Fv2%2Ftags&post=48265"}],"curies":[{"name":"wp","href":"https:\/\/api.w.org\/{rel}","templated":true}]}}