{"id":48384,"date":"2019-06-05T22:55:08","date_gmt":"2019-06-06T03:55:08","guid":{"rendered":"http:\/\/www.lospoliticosveracruz.com.mx\/?p=48384"},"modified":"2019-06-05T20:05:00","modified_gmt":"2019-06-06T01:05:00","slug":"el-silencio-de-exsome","status":"publish","type":"post","link":"https:\/\/lospoliticosveracruz.com\/?p=48384","title":{"rendered":"El silencio de Exsome"},"content":{"rendered":"<p><strong>Salvador Mu\u00f1oz<\/strong><\/p>\n<p><em>Los Pol\u00edticos<\/em><\/p>\n<p><span style=\"font-weight: 400;\">Morena en Veracruz cuenta con 17 diputados federales uninominales y seis pluris. De los 23, son pocos los que hacen ruido, en el sentido de participaci\u00f3n tanto en el Congreso de la Uni\u00f3n como en su distrito\u2026 la mayor\u00eda de ellos pasan desapercibidos o si son noticia, es porque rompen de cierto modo, la l\u00f3gica, como es el caso de la legisladora Paola Tenorio Adame, quien al ser cuestionada sobre el tr\u00e1fico en el bulevar de San Andr\u00e9s Tuxtla, sugiri\u00f3 al interlocutor \u00a1que se levantara m\u00e1s temprano! \u00a1y pum! \u00a1embotellamiento resuelto!<\/span><\/p>\n<p><span style=\"font-weight: 400;\">Tampoco podemos negar que la diputada Carmen Mora Garc\u00eda, por el distrito de Coatepec, es una mujer que sube y que baja para gestionar por sus representados. Quiz\u00e1s por ser una empresaria, mam\u00e1 luchona, sabe la importancia del trabajo y que si quiere algo, sea para ella o su hijo, nadie se lo va a regalar\u2026<\/span><\/p>\n<p><span style=\"font-weight: 400;\">Tambi\u00e9n hay de quienes se esperaba m\u00e1s y a la hora de la hora, ni fu ni fa, como es el caso de Rafael Hern\u00e1ndez Villalpando, quien simplemente desapareci\u00f3 en la inmensidad de San L\u00e1zaro y en Xalapa, \u00a1ni sus luces!<\/span><\/p>\n<p><span style=\"font-weight: 400;\">Ricardo Exsome Zapata exhibe m\u00e1s actividades en el Congreso de la Uni\u00f3n que en su distrito\u2026 la diferencia es que cuates del porte\u00f1o presumen la amistad que \u00e9ste tiene con el Pejedente \u00a1y no necesita de espaldarazos! aunque tambi\u00e9n se habla de cierta enemistad entre el legislador y Cuitl\u00e1huac Garc\u00eda, producto de compromisos olvidados, favores pedidos, o promesas incumplidas, que s\u00f3lo la cuchara sabe el fondo de la olla\u2026 por cierto, por el mismo caminito anda Hern\u00e1ndez Villalpando con el Ejecutivo local, as\u00ed como un gran n\u00famero de \u201cfederales\u201d\u2026 en pocas palabras, la relaci\u00f3n de la mayor\u00eda de Diputados veracruzanos de San L\u00e1zaro y Cuitl\u00e1huac, no es buena\u2026 conste, dije la mayor\u00eda\u2026 caso contrario es Dorheny Garc\u00eda Cayetano, la joven promesa de Morena, que est\u00e1 ubicada como la carta fuerte para la alcald\u00eda por parte del Gobernador\u2026 aunque\u2026<\/span><\/p>\n<p><span style=\"font-weight: 400;\">Hablamos ayer de Ricardo Ahued, quien no supo descifrar el esquema de juego de Morena: Nadie opaca a Cuitl\u00e1huac (aunque est\u00e9 cabr\u00f3n opacar lo opaco) y nadie brilla m\u00e1s que el Pejedente. Veamos el caso de Amado Cruz Malpica, de los legisladores de Morena con dos dedos de frente\u2026 tiene que mantenerse al margen\u2026 y aseguran que ese mismo papel igual ha jugado Ricardo Exsome: calladito se ve m\u00e1s bonito\u2026 el asunto es, en el caso del empresario porte\u00f1o, \u00bfa cambio de qu\u00e9?<\/span><\/p>\n<p><span style=\"font-weight: 400;\">Ricardo Exsome sin alharacas, est\u00e1 en el \u00e1nimo del Pejedente\u2026 no es para menos: no lo mete en flatulencias. Dentro de las infinitas posibilidades en el multiverso de Morena, aparece Exsome (si hubiera elecciones extraordinarias o si en dos a\u00f1os, se fuera el Cuic), y si bien, para ello, s\u00f3lo basta la voluntad del Se\u00f1or (L\u00f3pez) para que as\u00ed fuera, hay que permearlo. Para ello, se estar\u00eda dejando en manos de los diputados federales de Morena, la renovaci\u00f3n de la dirigencia estatal del partido, que est\u00e1 de manera interina a cargo de Hugo Mart\u00ednez Lino.<\/span><\/p>\n<p><span style=\"font-weight: 400;\">S\u00ed, muchos pudieran enfilar a Ricardo Exsome para encabezar al partido\u2026 entr\u00f3n, experiencia en lides pol\u00edticas y sobre todo, en el manejo de medios, cosas que no se le ven al interino\u2026 pero muy independiente de qui\u00e9n fuera el cabeza de manada, el asunto estriba en que Cuitl\u00e1huac tendr\u00eda un contrapeso interesante rumbo al 2021, porque la decisi\u00f3n de los candidatos, en aras de mantener la hegemon\u00eda tanto en el Congreso de la Uni\u00f3n como en el Palacio de Encanto, \u00a1ya no est\u00e1 para t\u00f3mbolas! \u00a1Ni para experimentos! \u00a1Los ejemplos sobran! Las candidaturas estar\u00edan sopesadas por el partido y por un grupo que de un modo u otro, en estos seis meses de Gobierno, ha sido desde\u00f1ado por Cuitl\u00e1huac Garc\u00eda\u2026 lo que pone en riesgo los intereses de Roc\u00edo Nahle, Eric Cisneros y Zenyazen Escobar\u2026 mientras, Exsome calladito.<\/span><\/p>\n<p><span style=\"font-weight: 400;\">smcainito@gmail.com<\/span><\/p>\n","protected":false},"excerpt":{"rendered":"<p>Salvador Mu\u00f1oz Los Pol\u00edticos Morena en Veracruz cuenta con 17 diputados federales uninominales y seis pluris. De los 23, son pocos los que hacen ruido, en el sentido de participaci\u00f3n tanto en el Congreso de la Uni\u00f3n como en su distrito\u2026 la mayor\u00eda de ellos pasan desapercibidos o si son noticia, es porque rompen de [&hellip;]<\/p>\n","protected":false},"author":2,"featured_media":48385,"comment_status":"open","ping_status":"open","sticky":false,"template":"","format":"standard","meta":{"tdm_status":"","tdm_grid_status":"","footnotes":""},"categories":[70],"tags":[12675,1563,12686,11992,876,14721,3578,195,96],"class_list":{"0":"post-48384","1":"post","2":"type-post","3":"status-publish","4":"format-standard","5":"has-post-thumbnail","7":"category-de-opinion","8":"tag-carmen-mora-garcia","9":"tag-cuitlahuac-garcia-jimenez","10":"tag-eric-cisneros","11":"tag-rafael-hernandez-villalpando","12":"tag-ricardo-ahued","13":"tag-ricardo-exsome","14":"tag-rocio-nahle","15":"tag-veracruz","16":"tag-xalapa"},"yoast_head":"<!-- This site is optimized with the Yoast SEO plugin v27.4 - https:\/\/yoast.com\/product\/yoast-seo-wordpress\/ -->\n<title>El silencio de Exsome - Los pol\u00edticos Veracruz<\/title>\n<meta name=\"robots\" content=\"index, follow, max-snippet:-1, max-image-preview:large, max-video-preview:-1\" \/>\n<link rel=\"canonical\" href=\"https:\/\/lospoliticosveracruz.com\/?p=48384\" \/>\n<meta property=\"og:locale\" content=\"es_ES\" \/>\n<meta property=\"og:type\" content=\"article\" \/>\n<meta property=\"og:title\" content=\"El silencio de Exsome - Los pol\u00edticos Veracruz\" \/>\n<meta property=\"og:description\" content=\"Salvador Mu\u00f1oz Los Pol\u00edticos Morena en Veracruz cuenta con 17 diputados federales uninominales y seis pluris. De los 23, son pocos los que hacen ruido, en el sentido de participaci\u00f3n tanto en el Congreso de la Uni\u00f3n como en su distrito\u2026 la mayor\u00eda de ellos pasan desapercibidos o si son noticia, es porque rompen de [&hellip;]\" \/>\n<meta property=\"og:url\" content=\"https:\/\/lospoliticosveracruz.com\/?p=48384\" \/>\n<meta property=\"og:site_name\" content=\"Los pol\u00edticos Veracruz\" \/>\n<meta property=\"article:publisher\" content=\"https:\/\/www.facebook.com\/people\/Notimemes-de-los-Polticos\/61565672886568\/\" \/>\n<meta property=\"article:published_time\" content=\"2019-06-06T03:55:08+00:00\" \/>\n<meta property=\"og:image\" content=\"https:\/\/lospoliticosveracruz.com\/wp-content\/uploads\/2019\/06\/Ricardo.jpg\" \/>\n\t<meta property=\"og:image:width\" content=\"600\" \/>\n\t<meta property=\"og:image:height\" content=\"450\" \/>\n\t<meta property=\"og:image:type\" content=\"image\/jpeg\" \/>\n<meta name=\"author\" content=\"Lo viste en Los Pol\u00edticos\" \/>\n<meta name=\"twitter:card\" content=\"summary_large_image\" \/>\n<meta name=\"twitter:creator\" content=\"@LosPoliticosVer\" \/>\n<meta name=\"twitter:site\" content=\"@LosPoliticosVer\" \/>\n<meta name=\"twitter:label1\" content=\"Escrito por\" \/>\n\t<meta name=\"twitter:data1\" content=\"Lo viste en Los Pol\u00edticos\" \/>\n\t<meta name=\"twitter:label2\" content=\"Tiempo de lectura\" \/>\n\t<meta name=\"twitter:data2\" content=\"4 minutos\" \/>\n<script type=\"application\/ld+json\" class=\"yoast-schema-graph\">{\"@context\":\"https:\\\/\\\/schema.org\",\"@graph\":[{\"@type\":\"Article\",\"@id\":\"https:\\\/\\\/lospoliticosveracruz.com\\\/?p=48384#article\",\"isPartOf\":{\"@id\":\"https:\\\/\\\/lospoliticosveracruz.com\\\/?p=48384\"},\"author\":{\"name\":\"Lo viste en Los Pol\u00edticos\",\"@id\":\"https:\\\/\\\/lospoliticosveracruz.com\\\/#\\\/schema\\\/person\\\/b8702bb0e538456e6efd07080bf2a4a2\"},\"headline\":\"El silencio de Exsome\",\"datePublished\":\"2019-06-06T03:55:08+00:00\",\"mainEntityOfPage\":{\"@id\":\"https:\\\/\\\/lospoliticosveracruz.com\\\/?p=48384\"},\"wordCount\":707,\"commentCount\":0,\"publisher\":{\"@id\":\"https:\\\/\\\/lospoliticosveracruz.com\\\/#organization\"},\"image\":{\"@id\":\"https:\\\/\\\/lospoliticosveracruz.com\\\/?p=48384#primaryimage\"},\"thumbnailUrl\":\"https:\\\/\\\/lospoliticosveracruz.com\\\/wp-content\\\/uploads\\\/2019\\\/06\\\/Ricardo.jpg\",\"keywords\":[\"Carmen Mora Garc\u00eda\",\"Cuitl\u00e1huac Garc\u00eda Jim\u00e9nez\",\"Eric Cisneros\",\"Rafael Hern\u00e1ndez Villalpando\",\"Ricardo Ahued\",\"Ricardo Exsome\",\"Roc\u00edo Nahle\",\"Veracruz\",\"Xalapa\"],\"articleSection\":[\"De Opini\u00f3n\"],\"inLanguage\":\"es\",\"potentialAction\":[{\"@type\":\"CommentAction\",\"name\":\"Comment\",\"target\":[\"https:\\\/\\\/lospoliticosveracruz.com\\\/?p=48384#respond\"]}]},{\"@type\":\"WebPage\",\"@id\":\"https:\\\/\\\/lospoliticosveracruz.com\\\/?p=48384\",\"url\":\"https:\\\/\\\/lospoliticosveracruz.com\\\/?p=48384\",\"name\":\"El silencio de Exsome - Los pol\u00edticos Veracruz\",\"isPartOf\":{\"@id\":\"https:\\\/\\\/lospoliticosveracruz.com\\\/#website\"},\"primaryImageOfPage\":{\"@id\":\"https:\\\/\\\/lospoliticosveracruz.com\\\/?p=48384#primaryimage\"},\"image\":{\"@id\":\"https:\\\/\\\/lospoliticosveracruz.com\\\/?p=48384#primaryimage\"},\"thumbnailUrl\":\"https:\\\/\\\/lospoliticosveracruz.com\\\/wp-content\\\/uploads\\\/2019\\\/06\\\/Ricardo.jpg\",\"datePublished\":\"2019-06-06T03:55:08+00:00\",\"breadcrumb\":{\"@id\":\"https:\\\/\\\/lospoliticosveracruz.com\\\/?p=48384#breadcrumb\"},\"inLanguage\":\"es\",\"potentialAction\":[{\"@type\":\"ReadAction\",\"target\":[\"https:\\\/\\\/lospoliticosveracruz.com\\\/?p=48384\"]}]},{\"@type\":\"ImageObject\",\"inLanguage\":\"es\",\"@id\":\"https:\\\/\\\/lospoliticosveracruz.com\\\/?p=48384#primaryimage\",\"url\":\"https:\\\/\\\/lospoliticosveracruz.com\\\/wp-content\\\/uploads\\\/2019\\\/06\\\/Ricardo.jpg\",\"contentUrl\":\"https:\\\/\\\/lospoliticosveracruz.com\\\/wp-content\\\/uploads\\\/2019\\\/06\\\/Ricardo.jpg\",\"width\":600,\"height\":450},{\"@type\":\"BreadcrumbList\",\"@id\":\"https:\\\/\\\/lospoliticosveracruz.com\\\/?p=48384#breadcrumb\",\"itemListElement\":[{\"@type\":\"ListItem\",\"position\":1,\"name\":\"Portada\",\"item\":\"https:\\\/\\\/lospoliticosveracruz.com\\\/\"},{\"@type\":\"ListItem\",\"position\":2,\"name\":\"El silencio de Exsome\"}]},{\"@type\":\"WebSite\",\"@id\":\"https:\\\/\\\/lospoliticosveracruz.com\\\/#website\",\"url\":\"https:\\\/\\\/lospoliticosveracruz.com\\\/\",\"name\":\"Los pol\u00edticos Veracruz\",\"description\":\"\",\"publisher\":{\"@id\":\"https:\\\/\\\/lospoliticosveracruz.com\\\/#organization\"},\"potentialAction\":[{\"@type\":\"SearchAction\",\"target\":{\"@type\":\"EntryPoint\",\"urlTemplate\":\"https:\\\/\\\/lospoliticosveracruz.com\\\/?s={search_term_string}\"},\"query-input\":{\"@type\":\"PropertyValueSpecification\",\"valueRequired\":true,\"valueName\":\"search_term_string\"}}],\"inLanguage\":\"es\"},{\"@type\":\"Organization\",\"@id\":\"https:\\\/\\\/lospoliticosveracruz.com\\\/#organization\",\"name\":\"Los pol\u00edticos Veracruz\",\"url\":\"https:\\\/\\\/lospoliticosveracruz.com\\\/\",\"logo\":{\"@type\":\"ImageObject\",\"inLanguage\":\"es\",\"@id\":\"https:\\\/\\\/lospoliticosveracruz.com\\\/#\\\/schema\\\/logo\\\/image\\\/\",\"url\":\"https:\\\/\\\/lospoliticosveracruz.com\\\/wp-content\\\/uploads\\\/2025\\\/12\\\/Logo-Nuevo-LOS-POLITICOS-1.jpg\",\"contentUrl\":\"https:\\\/\\\/lospoliticosveracruz.com\\\/wp-content\\\/uploads\\\/2025\\\/12\\\/Logo-Nuevo-LOS-POLITICOS-1.jpg\",\"width\":260,\"height\":70,\"caption\":\"Los pol\u00edticos Veracruz\"},\"image\":{\"@id\":\"https:\\\/\\\/lospoliticosveracruz.com\\\/#\\\/schema\\\/logo\\\/image\\\/\"},\"sameAs\":[\"https:\\\/\\\/www.facebook.com\\\/people\\\/Notimemes-de-los-Polticos\\\/61565672886568\\\/\",\"https:\\\/\\\/x.com\\\/LosPoliticosVer\"]},{\"@type\":\"Person\",\"@id\":\"https:\\\/\\\/lospoliticosveracruz.com\\\/#\\\/schema\\\/person\\\/b8702bb0e538456e6efd07080bf2a4a2\",\"name\":\"Lo viste en Los Pol\u00edticos\",\"image\":{\"@type\":\"ImageObject\",\"inLanguage\":\"es\",\"@id\":\"https:\\\/\\\/secure.gravatar.com\\\/avatar\\\/3a8de04a2656d44082be478bd6c086daa447c4651605818287b9532d3d0bd435?s=96&d=mm&r=g\",\"url\":\"https:\\\/\\\/secure.gravatar.com\\\/avatar\\\/3a8de04a2656d44082be478bd6c086daa447c4651605818287b9532d3d0bd435?s=96&d=mm&r=g\",\"contentUrl\":\"https:\\\/\\\/secure.gravatar.com\\\/avatar\\\/3a8de04a2656d44082be478bd6c086daa447c4651605818287b9532d3d0bd435?s=96&d=mm&r=g\",\"caption\":\"Lo viste en Los Pol\u00edticos\"},\"url\":\"https:\\\/\\\/lospoliticosveracruz.com\\\/?author=2\"}]}<\/script>\n<!-- \/ Yoast SEO plugin. -->","yoast_head_json":{"title":"El silencio de Exsome - Los pol\u00edticos Veracruz","robots":{"index":"index","follow":"follow","max-snippet":"max-snippet:-1","max-image-preview":"max-image-preview:large","max-video-preview":"max-video-preview:-1"},"canonical":"https:\/\/lospoliticosveracruz.com\/?p=48384","og_locale":"es_ES","og_type":"article","og_title":"El silencio de Exsome - Los pol\u00edticos Veracruz","og_description":"Salvador Mu\u00f1oz Los Pol\u00edticos Morena en Veracruz cuenta con 17 diputados federales uninominales y seis pluris. De los 23, son pocos los que hacen ruido, en el sentido de participaci\u00f3n tanto en el Congreso de la Uni\u00f3n como en su distrito\u2026 la mayor\u00eda de ellos pasan desapercibidos o si son noticia, es porque rompen de [&hellip;]","og_url":"https:\/\/lospoliticosveracruz.com\/?p=48384","og_site_name":"Los pol\u00edticos Veracruz","article_publisher":"https:\/\/www.facebook.com\/people\/Notimemes-de-los-Polticos\/61565672886568\/","article_published_time":"2019-06-06T03:55:08+00:00","og_image":[{"width":600,"height":450,"url":"https:\/\/lospoliticosveracruz.com\/wp-content\/uploads\/2019\/06\/Ricardo.jpg","type":"image\/jpeg"}],"author":"Lo viste en Los Pol\u00edticos","twitter_card":"summary_large_image","twitter_creator":"@LosPoliticosVer","twitter_site":"@LosPoliticosVer","twitter_misc":{"Escrito por":"Lo viste en Los Pol\u00edticos","Tiempo de lectura":"4 minutos"},"schema":{"@context":"https:\/\/schema.org","@graph":[{"@type":"Article","@id":"https:\/\/lospoliticosveracruz.com\/?p=48384#article","isPartOf":{"@id":"https:\/\/lospoliticosveracruz.com\/?p=48384"},"author":{"name":"Lo viste en Los Pol\u00edticos","@id":"https:\/\/lospoliticosveracruz.com\/#\/schema\/person\/b8702bb0e538456e6efd07080bf2a4a2"},"headline":"El silencio de Exsome","datePublished":"2019-06-06T03:55:08+00:00","mainEntityOfPage":{"@id":"https:\/\/lospoliticosveracruz.com\/?p=48384"},"wordCount":707,"commentCount":0,"publisher":{"@id":"https:\/\/lospoliticosveracruz.com\/#organization"},"image":{"@id":"https:\/\/lospoliticosveracruz.com\/?p=48384#primaryimage"},"thumbnailUrl":"https:\/\/lospoliticosveracruz.com\/wp-content\/uploads\/2019\/06\/Ricardo.jpg","keywords":["Carmen Mora Garc\u00eda","Cuitl\u00e1huac Garc\u00eda Jim\u00e9nez","Eric Cisneros","Rafael Hern\u00e1ndez Villalpando","Ricardo Ahued","Ricardo Exsome","Roc\u00edo Nahle","Veracruz","Xalapa"],"articleSection":["De Opini\u00f3n"],"inLanguage":"es","potentialAction":[{"@type":"CommentAction","name":"Comment","target":["https:\/\/lospoliticosveracruz.com\/?p=48384#respond"]}]},{"@type":"WebPage","@id":"https:\/\/lospoliticosveracruz.com\/?p=48384","url":"https:\/\/lospoliticosveracruz.com\/?p=48384","name":"El silencio de Exsome - Los pol\u00edticos Veracruz","isPartOf":{"@id":"https:\/\/lospoliticosveracruz.com\/#website"},"primaryImageOfPage":{"@id":"https:\/\/lospoliticosveracruz.com\/?p=48384#primaryimage"},"image":{"@id":"https:\/\/lospoliticosveracruz.com\/?p=48384#primaryimage"},"thumbnailUrl":"https:\/\/lospoliticosveracruz.com\/wp-content\/uploads\/2019\/06\/Ricardo.jpg","datePublished":"2019-06-06T03:55:08+00:00","breadcrumb":{"@id":"https:\/\/lospoliticosveracruz.com\/?p=48384#breadcrumb"},"inLanguage":"es","potentialAction":[{"@type":"ReadAction","target":["https:\/\/lospoliticosveracruz.com\/?p=48384"]}]},{"@type":"ImageObject","inLanguage":"es","@id":"https:\/\/lospoliticosveracruz.com\/?p=48384#primaryimage","url":"https:\/\/lospoliticosveracruz.com\/wp-content\/uploads\/2019\/06\/Ricardo.jpg","contentUrl":"https:\/\/lospoliticosveracruz.com\/wp-content\/uploads\/2019\/06\/Ricardo.jpg","width":600,"height":450},{"@type":"BreadcrumbList","@id":"https:\/\/lospoliticosveracruz.com\/?p=48384#breadcrumb","itemListElement":[{"@type":"ListItem","position":1,"name":"Portada","item":"https:\/\/lospoliticosveracruz.com\/"},{"@type":"ListItem","position":2,"name":"El silencio de Exsome"}]},{"@type":"WebSite","@id":"https:\/\/lospoliticosveracruz.com\/#website","url":"https:\/\/lospoliticosveracruz.com\/","name":"Los pol\u00edticos Veracruz","description":"","publisher":{"@id":"https:\/\/lospoliticosveracruz.com\/#organization"},"potentialAction":[{"@type":"SearchAction","target":{"@type":"EntryPoint","urlTemplate":"https:\/\/lospoliticosveracruz.com\/?s={search_term_string}"},"query-input":{"@type":"PropertyValueSpecification","valueRequired":true,"valueName":"search_term_string"}}],"inLanguage":"es"},{"@type":"Organization","@id":"https:\/\/lospoliticosveracruz.com\/#organization","name":"Los pol\u00edticos Veracruz","url":"https:\/\/lospoliticosveracruz.com\/","logo":{"@type":"ImageObject","inLanguage":"es","@id":"https:\/\/lospoliticosveracruz.com\/#\/schema\/logo\/image\/","url":"https:\/\/lospoliticosveracruz.com\/wp-content\/uploads\/2025\/12\/Logo-Nuevo-LOS-POLITICOS-1.jpg","contentUrl":"https:\/\/lospoliticosveracruz.com\/wp-content\/uploads\/2025\/12\/Logo-Nuevo-LOS-POLITICOS-1.jpg","width":260,"height":70,"caption":"Los pol\u00edticos Veracruz"},"image":{"@id":"https:\/\/lospoliticosveracruz.com\/#\/schema\/logo\/image\/"},"sameAs":["https:\/\/www.facebook.com\/people\/Notimemes-de-los-Polticos\/61565672886568\/","https:\/\/x.com\/LosPoliticosVer"]},{"@type":"Person","@id":"https:\/\/lospoliticosveracruz.com\/#\/schema\/person\/b8702bb0e538456e6efd07080bf2a4a2","name":"Lo viste en Los Pol\u00edticos","image":{"@type":"ImageObject","inLanguage":"es","@id":"https:\/\/secure.gravatar.com\/avatar\/3a8de04a2656d44082be478bd6c086daa447c4651605818287b9532d3d0bd435?s=96&d=mm&r=g","url":"https:\/\/secure.gravatar.com\/avatar\/3a8de04a2656d44082be478bd6c086daa447c4651605818287b9532d3d0bd435?s=96&d=mm&r=g","contentUrl":"https:\/\/secure.gravatar.com\/avatar\/3a8de04a2656d44082be478bd6c086daa447c4651605818287b9532d3d0bd435?s=96&d=mm&r=g","caption":"Lo viste en Los Pol\u00edticos"},"url":"https:\/\/lospoliticosveracruz.com\/?author=2"}]}},"_links":{"self":[{"href":"https:\/\/lospoliticosveracruz.com\/index.php?rest_route=\/wp\/v2\/posts\/48384","targetHints":{"allow":["GET"]}}],"collection":[{"href":"https:\/\/lospoliticosveracruz.com\/index.php?rest_route=\/wp\/v2\/posts"}],"about":[{"href":"https:\/\/lospoliticosveracruz.com\/index.php?rest_route=\/wp\/v2\/types\/post"}],"author":[{"embeddable":true,"href":"https:\/\/lospoliticosveracruz.com\/index.php?rest_route=\/wp\/v2\/users\/2"}],"replies":[{"embeddable":true,"href":"https:\/\/lospoliticosveracruz.com\/index.php?rest_route=%2Fwp%2Fv2%2Fcomments&post=48384"}],"version-history":[{"count":1,"href":"https:\/\/lospoliticosveracruz.com\/index.php?rest_route=\/wp\/v2\/posts\/48384\/revisions"}],"predecessor-version":[{"id":48386,"href":"https:\/\/lospoliticosveracruz.com\/index.php?rest_route=\/wp\/v2\/posts\/48384\/revisions\/48386"}],"wp:featuredmedia":[{"embeddable":true,"href":"https:\/\/lospoliticosveracruz.com\/index.php?rest_route=\/wp\/v2\/media\/48385"}],"wp:attachment":[{"href":"https:\/\/lospoliticosveracruz.com\/index.php?rest_route=%2Fwp%2Fv2%2Fmedia&parent=48384"}],"wp:term":[{"taxonomy":"category","embeddable":true,"href":"https:\/\/lospoliticosveracruz.com\/index.php?rest_route=%2Fwp%2Fv2%2Fcategories&post=48384"},{"taxonomy":"post_tag","embeddable":true,"href":"https:\/\/lospoliticosveracruz.com\/index.php?rest_route=%2Fwp%2Fv2%2Ftags&post=48384"}],"curies":[{"name":"wp","href":"https:\/\/api.w.org\/{rel}","templated":true}]}}