{"id":48477,"date":"2019-06-10T22:58:23","date_gmt":"2019-06-11T03:58:23","guid":{"rendered":"http:\/\/www.lospoliticosveracruz.com.mx\/?p=48477"},"modified":"2019-06-10T21:08:31","modified_gmt":"2019-06-11T02:08:31","slug":"cuic-no-tiene-abuela","status":"publish","type":"post","link":"https:\/\/lospoliticosveracruz.com\/?p=48477","title":{"rendered":"Cuic no tiene abuela"},"content":{"rendered":"<p><strong>Salvador Mu\u00f1oz<\/strong><\/p>\n<p><em>Los Pol\u00edticos<\/em><\/p>\n<p><span style=\"font-weight: 400;\">Si bien es razonable que Cuitl\u00e1huac Garc\u00eda Jim\u00e9nez esgrime que los \u201cataques\u201d que recibe a su cargo y administraci\u00f3n obedezcan a intereses partidistas, de colores o apellidos, como \u00e9l mismo los calific\u00f3, tambi\u00e9n es razonable que no todas las cr\u00edticas (que no ataques) obedecen a lo antedicho, sino m\u00e1s bien al ejercicio de algunos del quehacer period\u00edstico, o bien de otros del ejercicio como oposici\u00f3n; y algunos m\u00e1s, por simplemente ser testigos del trabajo que desempe\u00f1a Garc\u00eda Jim\u00e9nez y los suyos, que por estar donde est\u00e1, es sujeto de la observancia desde cualquier \u00e1ngulo que se le vea\u2026 \u00a1vamos! en este momento, el sujeto de la acci\u00f3n es el que est\u00e1 en el Poder.<\/span><\/p>\n<p><span style=\"font-weight: 400;\">Por supuesto, tampoco se desestima que si tiene pruebas del enriquecimiento il\u00edcito de sus antecesores, lo que m\u00e1s deseamos los veracruzanos es que entonces se act\u00fae conforme a la Ley y se llegue a sus \u00faltimas consecuencias\u2026 tendr\u00e1 casi seis a\u00f1os para hacerlo\u2026 como en su momento los tuvo Fidel Herrera y Javier Duarte. Curioso, porque en dos a\u00f1os, Miguel Angel Yunes Linares\u00a0hizo m\u00e1s que cualquiera de los dos ex gobernadores anteriores aunque ah\u00ed radica uno de los poderes de la alternancia: ya no se tapan con la misma cobija.<\/span><\/p>\n<p><span style=\"font-weight: 400;\">Y es razonable la reacci\u00f3n de Cuitl\u00e1huac porque mucho se le ha se\u00f1alado de tener un Gobierno fallido. Difiero. No se puede hablar de un Gobierno fallido con seis meses de administraci\u00f3n. Siendo generosos, quiz\u00e1s debiera Veracruz pedirle cuentas a partir del primer a\u00f1o en aras de que ya no tenga pretexto para no responder con su abuela de supuestos actos de nepotismo, no s\u00f3lo de \u00e9l, sino de colaboradores y cercanos incrustados en su Gabinete; as\u00ed como para que atienda esa transparencia de la que tanto demand\u00f3 de los anteriores pero que no quiere asumir ahora que est\u00e1 en el poder, como en el caso de la compra de las patrullas o de medicamentos, que dieron origen a una frase \u201csure\u00f1a\u201d por parte de su m\u00e9dico general, que presume como Neum\u00f3logo Pediatra: \u201cno les embona ning\u00fan chile\u201d.<\/span><\/p>\n<p><span style=\"font-weight: 400;\">As\u00ed las cosas, en lugar de hablar de un Estado Fallido, bien podemos citar \u201cun semestre fallido\u201d&#8230; marcado por una bandera de honestidad sustentada en el decir y sostenida en la falacia de autoridad de un Pejedente que est\u00e1 claro, ser\u00e1 el \u201ccleaner pol\u00edtico\u201d de un biso\u00f1o Cuitl\u00e1huac que m\u00e1s que ganso, parece pato\u2026 por eso el \u201ccleaner\u201d, porque alguien tiene que limpiar las \u201cgraciosadas\u201d del Cuac, digo: Cuic.<\/span><\/p>\n<p><span style=\"font-weight: 400;\">Creo que cualquier veracruzano bien nacido espera que le vaya bien a Veracruz\u2026 y se est\u00e1 en las condiciones de que as\u00ed pudiera ser\u2026 se tiene a un Pejedente de Morena, as\u00ed como un Gobernador de Morena y en la capital veracruzana, igual tenemos a un alcalde de Morena\u2026 \u00bfqu\u00e9 pasa entonces en Xalapa, que los ciudadanos cansados de esperar la reacci\u00f3n de sus autoridades municipales, tengan que salir a su calle y pavimentarla como Dios les d\u00e9 a entender? Muchos pudieran celebrar esto y demandar que m\u00e1s vecinos act\u00faen y no s\u00f3lo pavimenten su calle, sino poden sus parques, sus jardineras, arreglen sus alumbrados, tapen sus baches, etc\u00e9tera\u2026 pero ello s\u00f3lo evidenciar\u00eda a\u00fan m\u00e1s la actitud de un gobierno municipal que presta o\u00eddos sordos a sus ciudadanos. Aqu\u00ed, con el alcalde de Xalapa, esa curva de aprendizaje ya pas\u00f3\u2026 no hay pretexto y es claro que la percepci\u00f3n que se tiene de \u00e9l, conlleva a descalificativos, porque gener\u00f3 mucha expectativa y result\u00f3 puro blof.<\/span><\/p>\n<p><span style=\"font-weight: 400;\">En el caso del Estado, con la percepci\u00f3n que se tiene de Cuitl\u00e1huac y su relaci\u00f3n con el Pejedente, uno esperar\u00eda el anuncio de magnas obras en la entidad que repercutan en inversiones, empleo, flujo monetario, actividad comercial y por ende, seguridad\u2026 pero eso es lo que se espera\u2026 y hasta el momento, nada\u2026 s\u00f3lo les queda decir que tenemos un Gobernador honesto e inteligente, pero de lo que le interesa al veracruzano de a pie, \u00a1nada! Eso s\u00ed, nadie duda que el Pejedente le tenga cari\u00f1o a Garc\u00eda Jim\u00e9nez\u2026 \u00a1nadie! \u00a1Quiere a Cuit\u00e1huac, pero tal parece que no quiere a Veracruz!<\/span><\/p>\n<p><span style=\"font-weight: 400;\">Las cacayacas a Cuitl\u00e1huac es seguro que contin\u00faen y qu\u00e9 bien que responda a ellas\u2026 pero as\u00ed como reacciona a \u00e9stas, igual se espera que tenga la misma intensidad a las cr\u00edticas al ejercicio de su funci\u00f3n y de las cuales se espera transparencia y no invocaciones al m\u00e1s all\u00e1 que s\u00f3lo sirven para que a los veracruzanos nos quede claro que Cuitl\u00e1huac \u00a1no tiene abuela!<\/span><\/p>\n<p>&nbsp;<\/p>\n<p><span style=\"font-weight: 400;\">smcainito@gmail.com<\/span><\/p>\n","protected":false},"excerpt":{"rendered":"<p>Salvador Mu\u00f1oz Los Pol\u00edticos Si bien es razonable que Cuitl\u00e1huac Garc\u00eda Jim\u00e9nez esgrime que los \u201cataques\u201d que recibe a su cargo y administraci\u00f3n obedezcan a intereses partidistas, de colores o apellidos, como \u00e9l mismo los calific\u00f3, tambi\u00e9n es razonable que no todas las cr\u00edticas (que no ataques) obedecen a lo antedicho, sino m\u00e1s bien al [&hellip;]<\/p>\n","protected":false},"author":2,"featured_media":48481,"comment_status":"open","ping_status":"open","sticky":false,"template":"","format":"standard","meta":{"tdm_status":"","tdm_grid_status":"","footnotes":""},"categories":[70],"tags":[618,1563,79,162,428,13511,195],"class_list":{"0":"post-48477","1":"post","2":"type-post","3":"status-publish","4":"format-standard","5":"has-post-thumbnail","7":"category-de-opinion","8":"tag-andres-manuel-lopez-obrador","9":"tag-cuitlahuac-garcia-jimenez","10":"tag-fidel-herrera","11":"tag-javier-duarte","12":"tag-miguel-angel-yunes-linares","13":"tag-pejedente","14":"tag-veracruz"},"yoast_head":"<!-- This site is optimized with the Yoast SEO plugin v27.4 - https:\/\/yoast.com\/product\/yoast-seo-wordpress\/ -->\n<title>Cuic no tiene abuela - Los pol\u00edticos Veracruz<\/title>\n<meta name=\"robots\" content=\"index, follow, max-snippet:-1, max-image-preview:large, max-video-preview:-1\" \/>\n<link rel=\"canonical\" href=\"https:\/\/lospoliticosveracruz.com\/?p=48477\" \/>\n<meta property=\"og:locale\" content=\"es_ES\" \/>\n<meta property=\"og:type\" content=\"article\" \/>\n<meta property=\"og:title\" content=\"Cuic no tiene abuela - Los pol\u00edticos Veracruz\" \/>\n<meta property=\"og:description\" content=\"Salvador Mu\u00f1oz Los Pol\u00edticos Si bien es razonable que Cuitl\u00e1huac Garc\u00eda Jim\u00e9nez esgrime que los \u201cataques\u201d que recibe a su cargo y administraci\u00f3n obedezcan a intereses partidistas, de colores o apellidos, como \u00e9l mismo los calific\u00f3, tambi\u00e9n es razonable que no todas las cr\u00edticas (que no ataques) obedecen a lo antedicho, sino m\u00e1s bien al [&hellip;]\" \/>\n<meta property=\"og:url\" content=\"https:\/\/lospoliticosveracruz.com\/?p=48477\" \/>\n<meta property=\"og:site_name\" content=\"Los pol\u00edticos Veracruz\" \/>\n<meta property=\"article:publisher\" content=\"https:\/\/www.facebook.com\/people\/Notimemes-de-los-Polticos\/61565672886568\/\" \/>\n<meta property=\"article:published_time\" content=\"2019-06-11T03:58:23+00:00\" \/>\n<meta property=\"og:image\" content=\"https:\/\/lospoliticosveracruz.com\/wp-content\/uploads\/2019\/06\/Margarito.jpg\" \/>\n\t<meta property=\"og:image:width\" content=\"600\" \/>\n\t<meta property=\"og:image:height\" content=\"344\" \/>\n\t<meta property=\"og:image:type\" content=\"image\/jpeg\" \/>\n<meta name=\"author\" content=\"Lo viste en Los Pol\u00edticos\" \/>\n<meta name=\"twitter:card\" content=\"summary_large_image\" \/>\n<meta name=\"twitter:creator\" content=\"@LosPoliticosVer\" \/>\n<meta name=\"twitter:site\" content=\"@LosPoliticosVer\" \/>\n<meta name=\"twitter:label1\" content=\"Escrito por\" \/>\n\t<meta name=\"twitter:data1\" content=\"Lo viste en Los Pol\u00edticos\" \/>\n\t<meta name=\"twitter:label2\" content=\"Tiempo de lectura\" \/>\n\t<meta name=\"twitter:data2\" content=\"4 minutos\" \/>\n<script type=\"application\/ld+json\" class=\"yoast-schema-graph\">{\"@context\":\"https:\\\/\\\/schema.org\",\"@graph\":[{\"@type\":\"Article\",\"@id\":\"https:\\\/\\\/lospoliticosveracruz.com\\\/?p=48477#article\",\"isPartOf\":{\"@id\":\"https:\\\/\\\/lospoliticosveracruz.com\\\/?p=48477\"},\"author\":{\"name\":\"Lo viste en Los Pol\u00edticos\",\"@id\":\"https:\\\/\\\/lospoliticosveracruz.com\\\/#\\\/schema\\\/person\\\/b8702bb0e538456e6efd07080bf2a4a2\"},\"headline\":\"Cuic no tiene abuela\",\"datePublished\":\"2019-06-11T03:58:23+00:00\",\"mainEntityOfPage\":{\"@id\":\"https:\\\/\\\/lospoliticosveracruz.com\\\/?p=48477\"},\"wordCount\":821,\"commentCount\":0,\"publisher\":{\"@id\":\"https:\\\/\\\/lospoliticosveracruz.com\\\/#organization\"},\"image\":{\"@id\":\"https:\\\/\\\/lospoliticosveracruz.com\\\/?p=48477#primaryimage\"},\"thumbnailUrl\":\"https:\\\/\\\/lospoliticosveracruz.com\\\/wp-content\\\/uploads\\\/2019\\\/06\\\/Margarito.jpg\",\"keywords\":[\"Andr\u00e9s Manuel L\u00f3pez Obrador\",\"Cuitl\u00e1huac Garc\u00eda Jim\u00e9nez\",\"Fidel Herrera\",\"Javier Duarte\",\"Miguel Angel Yunes Linares\",\"Pejedente\",\"Veracruz\"],\"articleSection\":[\"De Opini\u00f3n\"],\"inLanguage\":\"es\",\"potentialAction\":[{\"@type\":\"CommentAction\",\"name\":\"Comment\",\"target\":[\"https:\\\/\\\/lospoliticosveracruz.com\\\/?p=48477#respond\"]}]},{\"@type\":\"WebPage\",\"@id\":\"https:\\\/\\\/lospoliticosveracruz.com\\\/?p=48477\",\"url\":\"https:\\\/\\\/lospoliticosveracruz.com\\\/?p=48477\",\"name\":\"Cuic no tiene abuela - Los pol\u00edticos Veracruz\",\"isPartOf\":{\"@id\":\"https:\\\/\\\/lospoliticosveracruz.com\\\/#website\"},\"primaryImageOfPage\":{\"@id\":\"https:\\\/\\\/lospoliticosveracruz.com\\\/?p=48477#primaryimage\"},\"image\":{\"@id\":\"https:\\\/\\\/lospoliticosveracruz.com\\\/?p=48477#primaryimage\"},\"thumbnailUrl\":\"https:\\\/\\\/lospoliticosveracruz.com\\\/wp-content\\\/uploads\\\/2019\\\/06\\\/Margarito.jpg\",\"datePublished\":\"2019-06-11T03:58:23+00:00\",\"breadcrumb\":{\"@id\":\"https:\\\/\\\/lospoliticosveracruz.com\\\/?p=48477#breadcrumb\"},\"inLanguage\":\"es\",\"potentialAction\":[{\"@type\":\"ReadAction\",\"target\":[\"https:\\\/\\\/lospoliticosveracruz.com\\\/?p=48477\"]}]},{\"@type\":\"ImageObject\",\"inLanguage\":\"es\",\"@id\":\"https:\\\/\\\/lospoliticosveracruz.com\\\/?p=48477#primaryimage\",\"url\":\"https:\\\/\\\/lospoliticosveracruz.com\\\/wp-content\\\/uploads\\\/2019\\\/06\\\/Margarito.jpg\",\"contentUrl\":\"https:\\\/\\\/lospoliticosveracruz.com\\\/wp-content\\\/uploads\\\/2019\\\/06\\\/Margarito.jpg\",\"width\":600,\"height\":344},{\"@type\":\"BreadcrumbList\",\"@id\":\"https:\\\/\\\/lospoliticosveracruz.com\\\/?p=48477#breadcrumb\",\"itemListElement\":[{\"@type\":\"ListItem\",\"position\":1,\"name\":\"Portada\",\"item\":\"https:\\\/\\\/lospoliticosveracruz.com\\\/\"},{\"@type\":\"ListItem\",\"position\":2,\"name\":\"Cuic no tiene abuela\"}]},{\"@type\":\"WebSite\",\"@id\":\"https:\\\/\\\/lospoliticosveracruz.com\\\/#website\",\"url\":\"https:\\\/\\\/lospoliticosveracruz.com\\\/\",\"name\":\"Los pol\u00edticos Veracruz\",\"description\":\"\",\"publisher\":{\"@id\":\"https:\\\/\\\/lospoliticosveracruz.com\\\/#organization\"},\"potentialAction\":[{\"@type\":\"SearchAction\",\"target\":{\"@type\":\"EntryPoint\",\"urlTemplate\":\"https:\\\/\\\/lospoliticosveracruz.com\\\/?s={search_term_string}\"},\"query-input\":{\"@type\":\"PropertyValueSpecification\",\"valueRequired\":true,\"valueName\":\"search_term_string\"}}],\"inLanguage\":\"es\"},{\"@type\":\"Organization\",\"@id\":\"https:\\\/\\\/lospoliticosveracruz.com\\\/#organization\",\"name\":\"Los pol\u00edticos Veracruz\",\"url\":\"https:\\\/\\\/lospoliticosveracruz.com\\\/\",\"logo\":{\"@type\":\"ImageObject\",\"inLanguage\":\"es\",\"@id\":\"https:\\\/\\\/lospoliticosveracruz.com\\\/#\\\/schema\\\/logo\\\/image\\\/\",\"url\":\"https:\\\/\\\/lospoliticosveracruz.com\\\/wp-content\\\/uploads\\\/2025\\\/12\\\/Logo-Nuevo-LOS-POLITICOS-1.jpg\",\"contentUrl\":\"https:\\\/\\\/lospoliticosveracruz.com\\\/wp-content\\\/uploads\\\/2025\\\/12\\\/Logo-Nuevo-LOS-POLITICOS-1.jpg\",\"width\":260,\"height\":70,\"caption\":\"Los pol\u00edticos Veracruz\"},\"image\":{\"@id\":\"https:\\\/\\\/lospoliticosveracruz.com\\\/#\\\/schema\\\/logo\\\/image\\\/\"},\"sameAs\":[\"https:\\\/\\\/www.facebook.com\\\/people\\\/Notimemes-de-los-Polticos\\\/61565672886568\\\/\",\"https:\\\/\\\/x.com\\\/LosPoliticosVer\"]},{\"@type\":\"Person\",\"@id\":\"https:\\\/\\\/lospoliticosveracruz.com\\\/#\\\/schema\\\/person\\\/b8702bb0e538456e6efd07080bf2a4a2\",\"name\":\"Lo viste en Los Pol\u00edticos\",\"image\":{\"@type\":\"ImageObject\",\"inLanguage\":\"es\",\"@id\":\"https:\\\/\\\/secure.gravatar.com\\\/avatar\\\/3a8de04a2656d44082be478bd6c086daa447c4651605818287b9532d3d0bd435?s=96&d=mm&r=g\",\"url\":\"https:\\\/\\\/secure.gravatar.com\\\/avatar\\\/3a8de04a2656d44082be478bd6c086daa447c4651605818287b9532d3d0bd435?s=96&d=mm&r=g\",\"contentUrl\":\"https:\\\/\\\/secure.gravatar.com\\\/avatar\\\/3a8de04a2656d44082be478bd6c086daa447c4651605818287b9532d3d0bd435?s=96&d=mm&r=g\",\"caption\":\"Lo viste en Los Pol\u00edticos\"},\"url\":\"https:\\\/\\\/lospoliticosveracruz.com\\\/?author=2\"}]}<\/script>\n<!-- \/ Yoast SEO plugin. -->","yoast_head_json":{"title":"Cuic no tiene abuela - Los pol\u00edticos Veracruz","robots":{"index":"index","follow":"follow","max-snippet":"max-snippet:-1","max-image-preview":"max-image-preview:large","max-video-preview":"max-video-preview:-1"},"canonical":"https:\/\/lospoliticosveracruz.com\/?p=48477","og_locale":"es_ES","og_type":"article","og_title":"Cuic no tiene abuela - Los pol\u00edticos Veracruz","og_description":"Salvador Mu\u00f1oz Los Pol\u00edticos Si bien es razonable que Cuitl\u00e1huac Garc\u00eda Jim\u00e9nez esgrime que los \u201cataques\u201d que recibe a su cargo y administraci\u00f3n obedezcan a intereses partidistas, de colores o apellidos, como \u00e9l mismo los calific\u00f3, tambi\u00e9n es razonable que no todas las cr\u00edticas (que no ataques) obedecen a lo antedicho, sino m\u00e1s bien al [&hellip;]","og_url":"https:\/\/lospoliticosveracruz.com\/?p=48477","og_site_name":"Los pol\u00edticos Veracruz","article_publisher":"https:\/\/www.facebook.com\/people\/Notimemes-de-los-Polticos\/61565672886568\/","article_published_time":"2019-06-11T03:58:23+00:00","og_image":[{"width":600,"height":344,"url":"https:\/\/lospoliticosveracruz.com\/wp-content\/uploads\/2019\/06\/Margarito.jpg","type":"image\/jpeg"}],"author":"Lo viste en Los Pol\u00edticos","twitter_card":"summary_large_image","twitter_creator":"@LosPoliticosVer","twitter_site":"@LosPoliticosVer","twitter_misc":{"Escrito por":"Lo viste en Los Pol\u00edticos","Tiempo de lectura":"4 minutos"},"schema":{"@context":"https:\/\/schema.org","@graph":[{"@type":"Article","@id":"https:\/\/lospoliticosveracruz.com\/?p=48477#article","isPartOf":{"@id":"https:\/\/lospoliticosveracruz.com\/?p=48477"},"author":{"name":"Lo viste en Los Pol\u00edticos","@id":"https:\/\/lospoliticosveracruz.com\/#\/schema\/person\/b8702bb0e538456e6efd07080bf2a4a2"},"headline":"Cuic no tiene abuela","datePublished":"2019-06-11T03:58:23+00:00","mainEntityOfPage":{"@id":"https:\/\/lospoliticosveracruz.com\/?p=48477"},"wordCount":821,"commentCount":0,"publisher":{"@id":"https:\/\/lospoliticosveracruz.com\/#organization"},"image":{"@id":"https:\/\/lospoliticosveracruz.com\/?p=48477#primaryimage"},"thumbnailUrl":"https:\/\/lospoliticosveracruz.com\/wp-content\/uploads\/2019\/06\/Margarito.jpg","keywords":["Andr\u00e9s Manuel L\u00f3pez Obrador","Cuitl\u00e1huac Garc\u00eda Jim\u00e9nez","Fidel Herrera","Javier Duarte","Miguel Angel Yunes Linares","Pejedente","Veracruz"],"articleSection":["De Opini\u00f3n"],"inLanguage":"es","potentialAction":[{"@type":"CommentAction","name":"Comment","target":["https:\/\/lospoliticosveracruz.com\/?p=48477#respond"]}]},{"@type":"WebPage","@id":"https:\/\/lospoliticosveracruz.com\/?p=48477","url":"https:\/\/lospoliticosveracruz.com\/?p=48477","name":"Cuic no tiene abuela - Los pol\u00edticos Veracruz","isPartOf":{"@id":"https:\/\/lospoliticosveracruz.com\/#website"},"primaryImageOfPage":{"@id":"https:\/\/lospoliticosveracruz.com\/?p=48477#primaryimage"},"image":{"@id":"https:\/\/lospoliticosveracruz.com\/?p=48477#primaryimage"},"thumbnailUrl":"https:\/\/lospoliticosveracruz.com\/wp-content\/uploads\/2019\/06\/Margarito.jpg","datePublished":"2019-06-11T03:58:23+00:00","breadcrumb":{"@id":"https:\/\/lospoliticosveracruz.com\/?p=48477#breadcrumb"},"inLanguage":"es","potentialAction":[{"@type":"ReadAction","target":["https:\/\/lospoliticosveracruz.com\/?p=48477"]}]},{"@type":"ImageObject","inLanguage":"es","@id":"https:\/\/lospoliticosveracruz.com\/?p=48477#primaryimage","url":"https:\/\/lospoliticosveracruz.com\/wp-content\/uploads\/2019\/06\/Margarito.jpg","contentUrl":"https:\/\/lospoliticosveracruz.com\/wp-content\/uploads\/2019\/06\/Margarito.jpg","width":600,"height":344},{"@type":"BreadcrumbList","@id":"https:\/\/lospoliticosveracruz.com\/?p=48477#breadcrumb","itemListElement":[{"@type":"ListItem","position":1,"name":"Portada","item":"https:\/\/lospoliticosveracruz.com\/"},{"@type":"ListItem","position":2,"name":"Cuic no tiene abuela"}]},{"@type":"WebSite","@id":"https:\/\/lospoliticosveracruz.com\/#website","url":"https:\/\/lospoliticosveracruz.com\/","name":"Los pol\u00edticos Veracruz","description":"","publisher":{"@id":"https:\/\/lospoliticosveracruz.com\/#organization"},"potentialAction":[{"@type":"SearchAction","target":{"@type":"EntryPoint","urlTemplate":"https:\/\/lospoliticosveracruz.com\/?s={search_term_string}"},"query-input":{"@type":"PropertyValueSpecification","valueRequired":true,"valueName":"search_term_string"}}],"inLanguage":"es"},{"@type":"Organization","@id":"https:\/\/lospoliticosveracruz.com\/#organization","name":"Los pol\u00edticos Veracruz","url":"https:\/\/lospoliticosveracruz.com\/","logo":{"@type":"ImageObject","inLanguage":"es","@id":"https:\/\/lospoliticosveracruz.com\/#\/schema\/logo\/image\/","url":"https:\/\/lospoliticosveracruz.com\/wp-content\/uploads\/2025\/12\/Logo-Nuevo-LOS-POLITICOS-1.jpg","contentUrl":"https:\/\/lospoliticosveracruz.com\/wp-content\/uploads\/2025\/12\/Logo-Nuevo-LOS-POLITICOS-1.jpg","width":260,"height":70,"caption":"Los pol\u00edticos Veracruz"},"image":{"@id":"https:\/\/lospoliticosveracruz.com\/#\/schema\/logo\/image\/"},"sameAs":["https:\/\/www.facebook.com\/people\/Notimemes-de-los-Polticos\/61565672886568\/","https:\/\/x.com\/LosPoliticosVer"]},{"@type":"Person","@id":"https:\/\/lospoliticosveracruz.com\/#\/schema\/person\/b8702bb0e538456e6efd07080bf2a4a2","name":"Lo viste en Los Pol\u00edticos","image":{"@type":"ImageObject","inLanguage":"es","@id":"https:\/\/secure.gravatar.com\/avatar\/3a8de04a2656d44082be478bd6c086daa447c4651605818287b9532d3d0bd435?s=96&d=mm&r=g","url":"https:\/\/secure.gravatar.com\/avatar\/3a8de04a2656d44082be478bd6c086daa447c4651605818287b9532d3d0bd435?s=96&d=mm&r=g","contentUrl":"https:\/\/secure.gravatar.com\/avatar\/3a8de04a2656d44082be478bd6c086daa447c4651605818287b9532d3d0bd435?s=96&d=mm&r=g","caption":"Lo viste en Los Pol\u00edticos"},"url":"https:\/\/lospoliticosveracruz.com\/?author=2"}]}},"_links":{"self":[{"href":"https:\/\/lospoliticosveracruz.com\/index.php?rest_route=\/wp\/v2\/posts\/48477","targetHints":{"allow":["GET"]}}],"collection":[{"href":"https:\/\/lospoliticosveracruz.com\/index.php?rest_route=\/wp\/v2\/posts"}],"about":[{"href":"https:\/\/lospoliticosveracruz.com\/index.php?rest_route=\/wp\/v2\/types\/post"}],"author":[{"embeddable":true,"href":"https:\/\/lospoliticosveracruz.com\/index.php?rest_route=\/wp\/v2\/users\/2"}],"replies":[{"embeddable":true,"href":"https:\/\/lospoliticosveracruz.com\/index.php?rest_route=%2Fwp%2Fv2%2Fcomments&post=48477"}],"version-history":[{"count":2,"href":"https:\/\/lospoliticosveracruz.com\/index.php?rest_route=\/wp\/v2\/posts\/48477\/revisions"}],"predecessor-version":[{"id":48482,"href":"https:\/\/lospoliticosveracruz.com\/index.php?rest_route=\/wp\/v2\/posts\/48477\/revisions\/48482"}],"wp:featuredmedia":[{"embeddable":true,"href":"https:\/\/lospoliticosveracruz.com\/index.php?rest_route=\/wp\/v2\/media\/48481"}],"wp:attachment":[{"href":"https:\/\/lospoliticosveracruz.com\/index.php?rest_route=%2Fwp%2Fv2%2Fmedia&parent=48477"}],"wp:term":[{"taxonomy":"category","embeddable":true,"href":"https:\/\/lospoliticosveracruz.com\/index.php?rest_route=%2Fwp%2Fv2%2Fcategories&post=48477"},{"taxonomy":"post_tag","embeddable":true,"href":"https:\/\/lospoliticosveracruz.com\/index.php?rest_route=%2Fwp%2Fv2%2Ftags&post=48477"}],"curies":[{"name":"wp","href":"https:\/\/api.w.org\/{rel}","templated":true}]}}