{"id":48492,"date":"2019-06-11T22:55:46","date_gmt":"2019-06-12T03:55:46","guid":{"rendered":"http:\/\/www.lospoliticosveracruz.com.mx\/?p=48492"},"modified":"2019-06-11T19:58:22","modified_gmt":"2019-06-12T00:58:22","slug":"corrupcion-muchos-candados-mas-ganzuas","status":"publish","type":"post","link":"https:\/\/lospoliticosveracruz.com\/?p=48492","title":{"rendered":"Corrupci\u00f3n: Muchos candados, m\u00e1s ganz\u00faas"},"content":{"rendered":"<p><strong>Salvador Mu\u00f1oz<\/strong><\/p>\n<p><em>Los Pol\u00edticos<\/em><\/p>\n<p><span style=\"font-weight: 400;\">Con un Orfis y una Contralor\u00eda, as\u00ed como Fiscal\u00eda y un Sistema Estatal Anticorrupci\u00f3n en nuestro Veracruz, uno pudiera pensar que los actos fuera de la Ley en cualquiera de nuestros poderes ser\u00edan casi imposible ya ni siquiera de realizar, \u00a1pensarlos! pero no\u2026 la ausencia de transparencia y de rendici\u00f3n de cuentas se mantiene firme, sea o no con Cuarta Transformaci\u00f3n\u2026 hay cosas que sencillamente parecen inherentes en la naturaleza humana y chingar, transar, el dos de bastos, meter la u\u00f1a estando en la funci\u00f3n p\u00fablica, pareciera ser una de ellas\u2026<\/span><\/p>\n<p><span style=\"font-weight: 400;\">As\u00ed, cuando las denuncias o acusaciones de ediles contra las autoridades municipales \u00a0debieran ser atendidas por el Congreso local con el mismo apremio con que se act\u00faa en asuntos pol\u00edticos llenos de revanchismo, \u00e9stas se van enfriando en la congeladora, en un caj\u00f3n donde pl\u00e1cidamente se arrulla el sue\u00f1o de los justos. Mismo caso sucede en nuestros entes estatales, cobijados por las siglas que detenten el poder.<\/span><\/p>\n<p><span style=\"font-weight: 400;\">S\u00ed, no importa si hay un Orfis, una Contralor\u00eda, una Fiscal\u00eda o Sistema Estatal Anticorrupci\u00f3n\u2026 algo ocurre para que nuestros funcionarios, sean del poder que sean, est\u00e9n en la constante mira de ediles, diputados y ciudadanos\u2026 \u00a1y ejemplos sobran! <\/span><\/p>\n<p><span style=\"font-weight: 400;\">Tlacotalpan, con arbitrariedades expuestas tanto en medios como por parte del regidor Gonzalo Palacios, quien lleg\u00f3 al Congreso del Estado sin que obtenga respuesta porque hasta donde se sabe, no ha sido notificado de alguna acci\u00f3n al respecto. Entre algunos de los detalles del alcalde Christian Romero est\u00e1 el de s\u00f3lo entregar los acuerdos a los regidores para que los firmen sin llegar a Sesi\u00f3n de Cabildo\u2026 por citar uno.<\/span><\/p>\n<p><span style=\"font-weight: 400;\">Rafael Delgado es otro ejemplo\u2026 <\/span><span style=\"font-weight: 400;\">la Fiscal\u00eda General, Congreso Local, \u00d3rgano de Fiscalizaci\u00f3n Superior y otras dependencias conocen del caso que denunciaron el s\u00edndico Juli\u00e1n Cotlame Cocotle y el regidor Adri\u00e1n Hern\u00e1ndez. Acusan a la alcaldesa Isidora Antonio Ramos por desv\u00edo y mal uso de recursos p\u00fablicos. En el paquete incluyen a la tesorera municipal, Ang\u00e9lica L\u00f3pez Portillo (mal fario el apellido), al contralor Roberto Carlos G\u00f3mez Jim\u00e9nez, as\u00ed como al asesor de la presidenta Alejandro L\u00f3pez Luna, padre de la tesorera, por complicidad.<\/span><\/p>\n<p><span style=\"font-weight: 400;\">Ahora que si hablamos de hechos m\u00e1s cercanos a la capital veracruzana, est\u00e1 el caso de Ayahualulco, donde baste recordar que la s\u00edndica Mar\u00eda Guadalupe N\u00fa\u00f1ez \u00c1lvarez y Leticia Galicia Ruiz, regidora \u00fanica de ese ayuntamiento, acusaron al alcalde por bajarles su salario y ocultar informaci\u00f3n sobre el presupuesto p\u00fablico as\u00ed como las acciones a realizar en el municipio; a ello agregue la violencia de g\u00e9nero pues les dec\u00eda que como mujeres \u201cdeben estar en la casa\u00bb.<\/span><\/p>\n<p><span style=\"font-weight: 400;\">Otro caso es el de Xico, donde el regidor Eduardo Pozos ha denunciado en varias ocasiones caso similar al de Tlacotalpan y Ayahualulco, donde simplemente la alcaldesa Gloria Galv\u00e1n Ordu\u00f1a se pasa por el arco del triunfo a los ediles en la toma de decisiones, adem\u00e1s de desv\u00edo de recursos e incumplimiento de un deber legal\u2026 en resumen, en Xico se habla de que la presidenta municipal est\u00e1 trabajando no para su municipio, sino para su hija, Carolina Galv\u00e1n Galv\u00e1n, en aras de convertirla en candidata y alcaldesa de este lugar\u2026 pero \u00e9sa ya es otra historia que luego hemos de contar.<\/span><\/p>\n<p><span style=\"font-weight: 400;\">El regidor del Ayuntamiento de Teocelo, Luis Valencia L\u00f3pez, denunci\u00f3 que al ingresar al Sistema de Consulta de Obras y Acciones Municipales de Veracruz (Comver) del \u00d3rgano de Fiscalizaci\u00f3n Superior, detect\u00f3 que la obra de rehabilitaci\u00f3n de la calle Independencia Poniente conten\u00eda irregularidades, tales como informaci\u00f3n f\u00edsica y financiera al cien por ciento y fotos que no correspond\u00edan a \u00e9sta. All\u00e1 por marzo, el edil denunci\u00f3 ser v\u00edctima de una persecuci\u00f3n pol\u00edtica y atropellos en su contra, tras se\u00f1alar diversas irregularidades en el ayuntamiento. El regidor fue al Congreso del Estado para presentar su queja, pues en sesiones de Cabildo, le fueron retiradas nueve de diez comisiones que ten\u00eda a su cargo\u2026 como ocurri\u00f3 en Tlacotalpan al edil Palacios.<\/span><\/p>\n<p><span style=\"font-weight: 400;\">En Coatepec, se viene hablando de opacidad en la Cuenta P\u00fablica desde hace un a\u00f1o\u2026 y tal parece que tal opacidad se est\u00e1 percibiendo a estas alturas en la administraci\u00f3n de Enrique Fern\u00e1ndez Peredo\u2026 \u00a1ojo! hace un a\u00f1o, seis ediles de diez, no le aprobaron sus estados financieros\u2026<\/span><\/p>\n<p><span style=\"font-weight: 400;\">Como sea\u2026 es claro que no importa cu\u00e1ntas reformas se hagan, cu\u00e1ntas leyes se crean, cu\u00e1ntos organismos se generen, tal pareciera que a m\u00e1s candados en la lucha contra la corrupci\u00f3n, m\u00e1s \u201cganz\u00faas\u201d en los servidores p\u00fablicos para evadirlos y caer bajo el \u201csospechosismo\u201d de los ediles, ciudadanos y de vez en cuando, de nuestros diputados\u2026 aunque hasta el momento, no se perciba que un Orfis, una Contralor\u00eda, una Fiscal\u00eda o Sistema Estatal Anticorrupci\u00f3n, act\u00faen\u2026 mientras, que las acusaciones y se\u00f1alamientos duerman el sue\u00f1o de los justos.<\/span><\/p>\n<p>&nbsp;<\/p>\n<p><span style=\"font-weight: 400;\">smcainito@gmail.com<\/span><\/p>\n","protected":false},"excerpt":{"rendered":"<p>Salvador Mu\u00f1oz Los Pol\u00edticos Con un Orfis y una Contralor\u00eda, as\u00ed como Fiscal\u00eda y un Sistema Estatal Anticorrupci\u00f3n en nuestro Veracruz, uno pudiera pensar que los actos fuera de la Ley en cualquiera de nuestros poderes ser\u00edan casi imposible ya ni siquiera de realizar, \u00a1pensarlos! pero no\u2026 la ausencia de transparencia y de rendici\u00f3n de [&hellip;]<\/p>\n","protected":false},"author":2,"featured_media":48493,"comment_status":"open","ping_status":"open","sticky":false,"template":"","format":"standard","meta":{"tdm_status":"","tdm_grid_status":"","footnotes":""},"categories":[1],"tags":[3485,14767,14761,277,1916,14766,13635,5576,11007,14762,14765,14768,14764,135,9007,7799,1452,676,784],"class_list":{"0":"post-48492","1":"post","2":"type-post","3":"status-publish","4":"format-standard","5":"has-post-thumbnail","7":"category-sin-categoria","8":"tag-ayahualulco","9":"tag-carolina-galvan-galvan","10":"tag-christian-romero","11":"tag-coatepec","12":"tag-contraloria-general-del-estado","13":"tag-eduardo-pozos","14":"tag-enrique-fernandez-peredo","15":"tag-fiscalia-anticorrupcion","16":"tag-gloria-galvan-orduna","17":"tag-julian-cotlame-cocotle","18":"tag-leticia-galicia-ruiz","19":"tag-luis-valencia-lopez","20":"tag-maria-guadalupe-nunez-alvarez","21":"tag-orfis","22":"tag-rafael-delgado","23":"tag-sistema-estatal-anticorrupcion","24":"tag-teocelo","25":"tag-tlacotalpan","26":"tag-xico"},"yoast_head":"<!-- This site is optimized with the Yoast SEO plugin v27.4 - https:\/\/yoast.com\/product\/yoast-seo-wordpress\/ -->\n<title>Corrupci\u00f3n: Muchos candados, m\u00e1s ganz\u00faas - Los pol\u00edticos Veracruz<\/title>\n<meta name=\"robots\" content=\"index, follow, max-snippet:-1, max-image-preview:large, max-video-preview:-1\" \/>\n<link rel=\"canonical\" href=\"https:\/\/lospoliticosveracruz.com\/?p=48492\" \/>\n<meta property=\"og:locale\" content=\"es_ES\" \/>\n<meta property=\"og:type\" content=\"article\" \/>\n<meta property=\"og:title\" content=\"Corrupci\u00f3n: Muchos candados, m\u00e1s ganz\u00faas - Los pol\u00edticos Veracruz\" \/>\n<meta property=\"og:description\" content=\"Salvador Mu\u00f1oz Los Pol\u00edticos Con un Orfis y una Contralor\u00eda, as\u00ed como Fiscal\u00eda y un Sistema Estatal Anticorrupci\u00f3n en nuestro Veracruz, uno pudiera pensar que los actos fuera de la Ley en cualquiera de nuestros poderes ser\u00edan casi imposible ya ni siquiera de realizar, \u00a1pensarlos! pero no\u2026 la ausencia de transparencia y de rendici\u00f3n de [&hellip;]\" \/>\n<meta property=\"og:url\" content=\"https:\/\/lospoliticosveracruz.com\/?p=48492\" \/>\n<meta property=\"og:site_name\" content=\"Los pol\u00edticos Veracruz\" \/>\n<meta property=\"article:publisher\" content=\"https:\/\/www.facebook.com\/people\/Notimemes-de-los-Polticos\/61565672886568\/\" \/>\n<meta property=\"article:published_time\" content=\"2019-06-12T03:55:46+00:00\" \/>\n<meta property=\"og:image\" content=\"https:\/\/lospoliticosveracruz.com\/wp-content\/uploads\/2019\/06\/soborno.jpg\" \/>\n\t<meta property=\"og:image:width\" content=\"600\" \/>\n\t<meta property=\"og:image:height\" content=\"360\" \/>\n\t<meta property=\"og:image:type\" content=\"image\/jpeg\" \/>\n<meta name=\"author\" content=\"Lo viste en Los Pol\u00edticos\" \/>\n<meta name=\"twitter:card\" content=\"summary_large_image\" \/>\n<meta name=\"twitter:creator\" content=\"@LosPoliticosVer\" \/>\n<meta name=\"twitter:site\" content=\"@LosPoliticosVer\" \/>\n<meta name=\"twitter:label1\" content=\"Escrito por\" \/>\n\t<meta name=\"twitter:data1\" content=\"Lo viste en Los Pol\u00edticos\" \/>\n\t<meta name=\"twitter:label2\" content=\"Tiempo de lectura\" \/>\n\t<meta name=\"twitter:data2\" content=\"4 minutos\" \/>\n<script type=\"application\/ld+json\" class=\"yoast-schema-graph\">{\"@context\":\"https:\\\/\\\/schema.org\",\"@graph\":[{\"@type\":\"Article\",\"@id\":\"https:\\\/\\\/lospoliticosveracruz.com\\\/?p=48492#article\",\"isPartOf\":{\"@id\":\"https:\\\/\\\/lospoliticosveracruz.com\\\/?p=48492\"},\"author\":{\"name\":\"Lo viste en Los Pol\u00edticos\",\"@id\":\"https:\\\/\\\/lospoliticosveracruz.com\\\/#\\\/schema\\\/person\\\/b8702bb0e538456e6efd07080bf2a4a2\"},\"headline\":\"Corrupci\u00f3n: Muchos candados, m\u00e1s ganz\u00faas\",\"datePublished\":\"2019-06-12T03:55:46+00:00\",\"mainEntityOfPage\":{\"@id\":\"https:\\\/\\\/lospoliticosveracruz.com\\\/?p=48492\"},\"wordCount\":881,\"commentCount\":0,\"publisher\":{\"@id\":\"https:\\\/\\\/lospoliticosveracruz.com\\\/#organization\"},\"image\":{\"@id\":\"https:\\\/\\\/lospoliticosveracruz.com\\\/?p=48492#primaryimage\"},\"thumbnailUrl\":\"https:\\\/\\\/lospoliticosveracruz.com\\\/wp-content\\\/uploads\\\/2019\\\/06\\\/soborno.jpg\",\"keywords\":[\"Ayahualulco\",\"Carolina Galv\u00e1n Galv\u00e1n\",\"Christian Romero\",\"Coatepec\",\"Contralor\u00eda General del Estado\",\"Eduardo Pozos\",\"Enrique Fern\u00e1ndez Peredo\",\"Fiscal\u00eda Anticorrupci\u00f3n\",\"Gloria Galv\u00e1n Ordu\u00f1a\",\"Juli\u00e1n Cotlame Cocotle\",\"Leticia Galicia Ruiz\",\"Luis Valencia L\u00f3pez\",\"Mar\u00eda Guadalupe N\u00fa\u00f1ez \u00c1lvarez\",\"Orfis\",\"Rafael Delgado\",\"Sistema Estatal Anticorrupci\u00f3n\",\"Teocelo\",\"Tlacotalpan\",\"Xico\"],\"inLanguage\":\"es\",\"potentialAction\":[{\"@type\":\"CommentAction\",\"name\":\"Comment\",\"target\":[\"https:\\\/\\\/lospoliticosveracruz.com\\\/?p=48492#respond\"]}]},{\"@type\":\"WebPage\",\"@id\":\"https:\\\/\\\/lospoliticosveracruz.com\\\/?p=48492\",\"url\":\"https:\\\/\\\/lospoliticosveracruz.com\\\/?p=48492\",\"name\":\"Corrupci\u00f3n: Muchos candados, m\u00e1s ganz\u00faas - Los pol\u00edticos Veracruz\",\"isPartOf\":{\"@id\":\"https:\\\/\\\/lospoliticosveracruz.com\\\/#website\"},\"primaryImageOfPage\":{\"@id\":\"https:\\\/\\\/lospoliticosveracruz.com\\\/?p=48492#primaryimage\"},\"image\":{\"@id\":\"https:\\\/\\\/lospoliticosveracruz.com\\\/?p=48492#primaryimage\"},\"thumbnailUrl\":\"https:\\\/\\\/lospoliticosveracruz.com\\\/wp-content\\\/uploads\\\/2019\\\/06\\\/soborno.jpg\",\"datePublished\":\"2019-06-12T03:55:46+00:00\",\"breadcrumb\":{\"@id\":\"https:\\\/\\\/lospoliticosveracruz.com\\\/?p=48492#breadcrumb\"},\"inLanguage\":\"es\",\"potentialAction\":[{\"@type\":\"ReadAction\",\"target\":[\"https:\\\/\\\/lospoliticosveracruz.com\\\/?p=48492\"]}]},{\"@type\":\"ImageObject\",\"inLanguage\":\"es\",\"@id\":\"https:\\\/\\\/lospoliticosveracruz.com\\\/?p=48492#primaryimage\",\"url\":\"https:\\\/\\\/lospoliticosveracruz.com\\\/wp-content\\\/uploads\\\/2019\\\/06\\\/soborno.jpg\",\"contentUrl\":\"https:\\\/\\\/lospoliticosveracruz.com\\\/wp-content\\\/uploads\\\/2019\\\/06\\\/soborno.jpg\",\"width\":600,\"height\":360},{\"@type\":\"BreadcrumbList\",\"@id\":\"https:\\\/\\\/lospoliticosveracruz.com\\\/?p=48492#breadcrumb\",\"itemListElement\":[{\"@type\":\"ListItem\",\"position\":1,\"name\":\"Portada\",\"item\":\"https:\\\/\\\/lospoliticosveracruz.com\\\/\"},{\"@type\":\"ListItem\",\"position\":2,\"name\":\"Corrupci\u00f3n: Muchos candados, m\u00e1s ganz\u00faas\"}]},{\"@type\":\"WebSite\",\"@id\":\"https:\\\/\\\/lospoliticosveracruz.com\\\/#website\",\"url\":\"https:\\\/\\\/lospoliticosveracruz.com\\\/\",\"name\":\"Los pol\u00edticos Veracruz\",\"description\":\"\",\"publisher\":{\"@id\":\"https:\\\/\\\/lospoliticosveracruz.com\\\/#organization\"},\"potentialAction\":[{\"@type\":\"SearchAction\",\"target\":{\"@type\":\"EntryPoint\",\"urlTemplate\":\"https:\\\/\\\/lospoliticosveracruz.com\\\/?s={search_term_string}\"},\"query-input\":{\"@type\":\"PropertyValueSpecification\",\"valueRequired\":true,\"valueName\":\"search_term_string\"}}],\"inLanguage\":\"es\"},{\"@type\":\"Organization\",\"@id\":\"https:\\\/\\\/lospoliticosveracruz.com\\\/#organization\",\"name\":\"Los pol\u00edticos Veracruz\",\"url\":\"https:\\\/\\\/lospoliticosveracruz.com\\\/\",\"logo\":{\"@type\":\"ImageObject\",\"inLanguage\":\"es\",\"@id\":\"https:\\\/\\\/lospoliticosveracruz.com\\\/#\\\/schema\\\/logo\\\/image\\\/\",\"url\":\"https:\\\/\\\/lospoliticosveracruz.com\\\/wp-content\\\/uploads\\\/2025\\\/12\\\/Logo-Nuevo-LOS-POLITICOS-1.jpg\",\"contentUrl\":\"https:\\\/\\\/lospoliticosveracruz.com\\\/wp-content\\\/uploads\\\/2025\\\/12\\\/Logo-Nuevo-LOS-POLITICOS-1.jpg\",\"width\":260,\"height\":70,\"caption\":\"Los pol\u00edticos Veracruz\"},\"image\":{\"@id\":\"https:\\\/\\\/lospoliticosveracruz.com\\\/#\\\/schema\\\/logo\\\/image\\\/\"},\"sameAs\":[\"https:\\\/\\\/www.facebook.com\\\/people\\\/Notimemes-de-los-Polticos\\\/61565672886568\\\/\",\"https:\\\/\\\/x.com\\\/LosPoliticosVer\"]},{\"@type\":\"Person\",\"@id\":\"https:\\\/\\\/lospoliticosveracruz.com\\\/#\\\/schema\\\/person\\\/b8702bb0e538456e6efd07080bf2a4a2\",\"name\":\"Lo viste en Los Pol\u00edticos\",\"image\":{\"@type\":\"ImageObject\",\"inLanguage\":\"es\",\"@id\":\"https:\\\/\\\/secure.gravatar.com\\\/avatar\\\/3a8de04a2656d44082be478bd6c086daa447c4651605818287b9532d3d0bd435?s=96&d=mm&r=g\",\"url\":\"https:\\\/\\\/secure.gravatar.com\\\/avatar\\\/3a8de04a2656d44082be478bd6c086daa447c4651605818287b9532d3d0bd435?s=96&d=mm&r=g\",\"contentUrl\":\"https:\\\/\\\/secure.gravatar.com\\\/avatar\\\/3a8de04a2656d44082be478bd6c086daa447c4651605818287b9532d3d0bd435?s=96&d=mm&r=g\",\"caption\":\"Lo viste en Los Pol\u00edticos\"},\"url\":\"https:\\\/\\\/lospoliticosveracruz.com\\\/?author=2\"}]}<\/script>\n<!-- \/ Yoast SEO plugin. -->","yoast_head_json":{"title":"Corrupci\u00f3n: Muchos candados, m\u00e1s ganz\u00faas - Los pol\u00edticos Veracruz","robots":{"index":"index","follow":"follow","max-snippet":"max-snippet:-1","max-image-preview":"max-image-preview:large","max-video-preview":"max-video-preview:-1"},"canonical":"https:\/\/lospoliticosveracruz.com\/?p=48492","og_locale":"es_ES","og_type":"article","og_title":"Corrupci\u00f3n: Muchos candados, m\u00e1s ganz\u00faas - Los pol\u00edticos Veracruz","og_description":"Salvador Mu\u00f1oz Los Pol\u00edticos Con un Orfis y una Contralor\u00eda, as\u00ed como Fiscal\u00eda y un Sistema Estatal Anticorrupci\u00f3n en nuestro Veracruz, uno pudiera pensar que los actos fuera de la Ley en cualquiera de nuestros poderes ser\u00edan casi imposible ya ni siquiera de realizar, \u00a1pensarlos! pero no\u2026 la ausencia de transparencia y de rendici\u00f3n de [&hellip;]","og_url":"https:\/\/lospoliticosveracruz.com\/?p=48492","og_site_name":"Los pol\u00edticos Veracruz","article_publisher":"https:\/\/www.facebook.com\/people\/Notimemes-de-los-Polticos\/61565672886568\/","article_published_time":"2019-06-12T03:55:46+00:00","og_image":[{"width":600,"height":360,"url":"https:\/\/lospoliticosveracruz.com\/wp-content\/uploads\/2019\/06\/soborno.jpg","type":"image\/jpeg"}],"author":"Lo viste en Los Pol\u00edticos","twitter_card":"summary_large_image","twitter_creator":"@LosPoliticosVer","twitter_site":"@LosPoliticosVer","twitter_misc":{"Escrito por":"Lo viste en Los Pol\u00edticos","Tiempo de lectura":"4 minutos"},"schema":{"@context":"https:\/\/schema.org","@graph":[{"@type":"Article","@id":"https:\/\/lospoliticosveracruz.com\/?p=48492#article","isPartOf":{"@id":"https:\/\/lospoliticosveracruz.com\/?p=48492"},"author":{"name":"Lo viste en Los Pol\u00edticos","@id":"https:\/\/lospoliticosveracruz.com\/#\/schema\/person\/b8702bb0e538456e6efd07080bf2a4a2"},"headline":"Corrupci\u00f3n: Muchos candados, m\u00e1s ganz\u00faas","datePublished":"2019-06-12T03:55:46+00:00","mainEntityOfPage":{"@id":"https:\/\/lospoliticosveracruz.com\/?p=48492"},"wordCount":881,"commentCount":0,"publisher":{"@id":"https:\/\/lospoliticosveracruz.com\/#organization"},"image":{"@id":"https:\/\/lospoliticosveracruz.com\/?p=48492#primaryimage"},"thumbnailUrl":"https:\/\/lospoliticosveracruz.com\/wp-content\/uploads\/2019\/06\/soborno.jpg","keywords":["Ayahualulco","Carolina Galv\u00e1n Galv\u00e1n","Christian Romero","Coatepec","Contralor\u00eda General del Estado","Eduardo Pozos","Enrique Fern\u00e1ndez Peredo","Fiscal\u00eda Anticorrupci\u00f3n","Gloria Galv\u00e1n Ordu\u00f1a","Juli\u00e1n Cotlame Cocotle","Leticia Galicia Ruiz","Luis Valencia L\u00f3pez","Mar\u00eda Guadalupe N\u00fa\u00f1ez \u00c1lvarez","Orfis","Rafael Delgado","Sistema Estatal Anticorrupci\u00f3n","Teocelo","Tlacotalpan","Xico"],"inLanguage":"es","potentialAction":[{"@type":"CommentAction","name":"Comment","target":["https:\/\/lospoliticosveracruz.com\/?p=48492#respond"]}]},{"@type":"WebPage","@id":"https:\/\/lospoliticosveracruz.com\/?p=48492","url":"https:\/\/lospoliticosveracruz.com\/?p=48492","name":"Corrupci\u00f3n: Muchos candados, m\u00e1s ganz\u00faas - Los pol\u00edticos Veracruz","isPartOf":{"@id":"https:\/\/lospoliticosveracruz.com\/#website"},"primaryImageOfPage":{"@id":"https:\/\/lospoliticosveracruz.com\/?p=48492#primaryimage"},"image":{"@id":"https:\/\/lospoliticosveracruz.com\/?p=48492#primaryimage"},"thumbnailUrl":"https:\/\/lospoliticosveracruz.com\/wp-content\/uploads\/2019\/06\/soborno.jpg","datePublished":"2019-06-12T03:55:46+00:00","breadcrumb":{"@id":"https:\/\/lospoliticosveracruz.com\/?p=48492#breadcrumb"},"inLanguage":"es","potentialAction":[{"@type":"ReadAction","target":["https:\/\/lospoliticosveracruz.com\/?p=48492"]}]},{"@type":"ImageObject","inLanguage":"es","@id":"https:\/\/lospoliticosveracruz.com\/?p=48492#primaryimage","url":"https:\/\/lospoliticosveracruz.com\/wp-content\/uploads\/2019\/06\/soborno.jpg","contentUrl":"https:\/\/lospoliticosveracruz.com\/wp-content\/uploads\/2019\/06\/soborno.jpg","width":600,"height":360},{"@type":"BreadcrumbList","@id":"https:\/\/lospoliticosveracruz.com\/?p=48492#breadcrumb","itemListElement":[{"@type":"ListItem","position":1,"name":"Portada","item":"https:\/\/lospoliticosveracruz.com\/"},{"@type":"ListItem","position":2,"name":"Corrupci\u00f3n: Muchos candados, m\u00e1s ganz\u00faas"}]},{"@type":"WebSite","@id":"https:\/\/lospoliticosveracruz.com\/#website","url":"https:\/\/lospoliticosveracruz.com\/","name":"Los pol\u00edticos Veracruz","description":"","publisher":{"@id":"https:\/\/lospoliticosveracruz.com\/#organization"},"potentialAction":[{"@type":"SearchAction","target":{"@type":"EntryPoint","urlTemplate":"https:\/\/lospoliticosveracruz.com\/?s={search_term_string}"},"query-input":{"@type":"PropertyValueSpecification","valueRequired":true,"valueName":"search_term_string"}}],"inLanguage":"es"},{"@type":"Organization","@id":"https:\/\/lospoliticosveracruz.com\/#organization","name":"Los pol\u00edticos Veracruz","url":"https:\/\/lospoliticosveracruz.com\/","logo":{"@type":"ImageObject","inLanguage":"es","@id":"https:\/\/lospoliticosveracruz.com\/#\/schema\/logo\/image\/","url":"https:\/\/lospoliticosveracruz.com\/wp-content\/uploads\/2025\/12\/Logo-Nuevo-LOS-POLITICOS-1.jpg","contentUrl":"https:\/\/lospoliticosveracruz.com\/wp-content\/uploads\/2025\/12\/Logo-Nuevo-LOS-POLITICOS-1.jpg","width":260,"height":70,"caption":"Los pol\u00edticos Veracruz"},"image":{"@id":"https:\/\/lospoliticosveracruz.com\/#\/schema\/logo\/image\/"},"sameAs":["https:\/\/www.facebook.com\/people\/Notimemes-de-los-Polticos\/61565672886568\/","https:\/\/x.com\/LosPoliticosVer"]},{"@type":"Person","@id":"https:\/\/lospoliticosveracruz.com\/#\/schema\/person\/b8702bb0e538456e6efd07080bf2a4a2","name":"Lo viste en Los Pol\u00edticos","image":{"@type":"ImageObject","inLanguage":"es","@id":"https:\/\/secure.gravatar.com\/avatar\/3a8de04a2656d44082be478bd6c086daa447c4651605818287b9532d3d0bd435?s=96&d=mm&r=g","url":"https:\/\/secure.gravatar.com\/avatar\/3a8de04a2656d44082be478bd6c086daa447c4651605818287b9532d3d0bd435?s=96&d=mm&r=g","contentUrl":"https:\/\/secure.gravatar.com\/avatar\/3a8de04a2656d44082be478bd6c086daa447c4651605818287b9532d3d0bd435?s=96&d=mm&r=g","caption":"Lo viste en Los Pol\u00edticos"},"url":"https:\/\/lospoliticosveracruz.com\/?author=2"}]}},"_links":{"self":[{"href":"https:\/\/lospoliticosveracruz.com\/index.php?rest_route=\/wp\/v2\/posts\/48492","targetHints":{"allow":["GET"]}}],"collection":[{"href":"https:\/\/lospoliticosveracruz.com\/index.php?rest_route=\/wp\/v2\/posts"}],"about":[{"href":"https:\/\/lospoliticosveracruz.com\/index.php?rest_route=\/wp\/v2\/types\/post"}],"author":[{"embeddable":true,"href":"https:\/\/lospoliticosveracruz.com\/index.php?rest_route=\/wp\/v2\/users\/2"}],"replies":[{"embeddable":true,"href":"https:\/\/lospoliticosveracruz.com\/index.php?rest_route=%2Fwp%2Fv2%2Fcomments&post=48492"}],"version-history":[{"count":1,"href":"https:\/\/lospoliticosveracruz.com\/index.php?rest_route=\/wp\/v2\/posts\/48492\/revisions"}],"predecessor-version":[{"id":48494,"href":"https:\/\/lospoliticosveracruz.com\/index.php?rest_route=\/wp\/v2\/posts\/48492\/revisions\/48494"}],"wp:featuredmedia":[{"embeddable":true,"href":"https:\/\/lospoliticosveracruz.com\/index.php?rest_route=\/wp\/v2\/media\/48493"}],"wp:attachment":[{"href":"https:\/\/lospoliticosveracruz.com\/index.php?rest_route=%2Fwp%2Fv2%2Fmedia&parent=48492"}],"wp:term":[{"taxonomy":"category","embeddable":true,"href":"https:\/\/lospoliticosveracruz.com\/index.php?rest_route=%2Fwp%2Fv2%2Fcategories&post=48492"},{"taxonomy":"post_tag","embeddable":true,"href":"https:\/\/lospoliticosveracruz.com\/index.php?rest_route=%2Fwp%2Fv2%2Ftags&post=48492"}],"curies":[{"name":"wp","href":"https:\/\/api.w.org\/{rel}","templated":true}]}}