{"id":48503,"date":"2019-06-12T22:49:20","date_gmt":"2019-06-13T03:49:20","guid":{"rendered":"http:\/\/www.lospoliticosveracruz.com.mx\/?p=48503"},"modified":"2019-06-12T20:52:27","modified_gmt":"2019-06-13T01:52:27","slug":"infierno-en-teocelo","status":"publish","type":"post","link":"https:\/\/lospoliticosveracruz.com\/?p=48503","title":{"rendered":"Infierno en Teocelo"},"content":{"rendered":"<p><strong>Salvador Mu\u00f1oz<\/strong><\/p>\n<p><em>Los Pol\u00edticos<\/em><\/p>\n<p><span style=\"font-weight: 400;\">Hace un mes y medio aproximadamente, un regidor se acerc\u00f3 al Congreso local y al Orfis para presentar una serie de presuntas irregularidades cometidas por el presidente municipal de Teocelo, Mario Chama D\u00edaz, en complicidad con su tesorero y otros m\u00e1s, y que desataron otras m\u00e1s en cuanto el edil Luis Valencia L\u00f3pez firm\u00f3 bajo protesta actas de cabildo de tres meses, despu\u00e9s de que el alcalde s\u00f3lo se las turnara para firmarlas sin que hubiera una reuni\u00f3n previa para el estudio o an\u00e1lisis de \u00e9stas en aras de realizar las observaciones pertinentes o que no se convocara a Cabildo, lo que dej\u00f3 de lado cualquier participaci\u00f3n precisamente de quienes lo integran.<\/span><\/p>\n<p><span style=\"font-weight: 400;\">La firma bajo protesta motiv\u00f3 que Chama D\u00edaz, en represalia, pidiera la cabeza del auxiliar del regidor, Juli\u00e1n Morales Andrade, bajo el pretexto de que como hubo reducci\u00f3n de Participaciones Federales, era necesario el recorte que bien se tradujo en un \u201cdespido injustificado\u201d, pues la ausencia de una liquidaci\u00f3n en t\u00e9rminos que marca la Ley, no la hubo.<\/span><\/p>\n<p><span style=\"font-weight: 400;\">Lo curioso es que aunque el argumento del despido era la \u201causteridad\u201d, el regidor al poco tiempo se percat\u00f3 de que el alcalde contrat\u00f3 a m\u00e1s personal.<\/span><\/p>\n<p><span style=\"font-weight: 400;\">Del mismo modo, como no hubo inter\u00e9s por parte del ayuntamiento de Teocelo para pagar las prestaciones que por Ley le correspond\u00edan a Juli\u00e1n Morales Andrade, \u00e9ste interpuso demanda contra las autoridades municipales y aun cuando hubo un intento de conciliaci\u00f3n por parte del representante legal del Ayuntamiento con el despedido, \u00e9sta no se realiz\u00f3 ante la tozudez de la S\u00edndica Zayra del Carmen Mart\u00ednez Andrade.<\/span><\/p>\n<p><span style=\"font-weight: 400;\">A principios de 2019, en febrero, el regidor Luis Valencia L\u00f3pez recibi\u00f3 un golpe bajo en el bolsillo: por \u00f3rdenes de Mario Chama, la Tesorer\u00eda redujo sus percepciones salariales as\u00ed como sus compensaciones aun cuando ya hab\u00edan sido aprobadas en la Ley de Ingresos, Presupuesto de Egresos, Planilla de Personal y Tabulador de Sueldos para el ejercicio fiscal 2019 en sesi\u00f3n extraordinaria de Cabildo el 14 de septiembre de 2018.<\/span><\/p>\n<p><span style=\"font-weight: 400;\">Por si eso fuera poco, \u201cse convoc\u00f3\u201d a una Sesi\u00f3n Extraordinaria de Cabildo el seis de febrero. Se entrecomilla el \u201cse convoc\u00f3\u201d porque al \u00fanico que no enteraron de \u00e9sta fue al regidor Luis Valencia L\u00f3pez y ah\u00ed, por mayor\u00eda y en ausencia del edil, se aprob\u00f3, por propuesta del alcalde Chama D\u00edaz, la modificaci\u00f3n de Comisiones Edilicias para el ejercicio fiscal 2019. En pocas palabras, de las 10 Comisiones que ten\u00eda el regidor Valencia, \u00a1s\u00f3lo le dejaron una!<\/span><\/p>\n<p><span style=\"font-weight: 400;\">La \u201ccongeladora\u201d que el alcalde Mario Chama D\u00edaz aplica al regidor Valencia L\u00f3pez llega al extremo de que al menos en el primer trimestre de este a\u00f1o, fue convocado a tres sesiones de Cabildo, v\u00eda Zimri Abimelech Arellano, secretario del Ayuntamiento. A ciencia cierta, el edil desconoce la cantidad de sesiones de cabildo que se han realizado porque el secretario del Ayuntamiento simplemente se ha negado a entregar las copias simples o certificadas que ha solicitado Valencia L\u00f3pez. \u00a1Ojo! porque hay plan con ma\u00f1a: recuerden que para que se suspenda o revoque el mandato de los ediles, es causa grave la ausencia a las sesiones del Ayuntamiento sin causa justificada por tres veces dentro del periodo de tres meses, de acuerdo al Art\u00edculo 125 de la Ley Org\u00e1nica del Municipio Libre y pareciera que por ah\u00ed va la trampa.<\/span><\/p>\n<p><span style=\"font-weight: 400;\">Pero el secretario del Ayuntamiento no es el \u00fanico que se pasa por el arco del triunfo las solicitudes del regidor\u2026 la Tesorer\u00eda Municipal mantiene bajo llave los estados financieros de diciembre 2018, enero, febrero y marzo 2019 y por eso no ha pasado copia a Luis Valencia L\u00f3pez \u00a1a pesar de ser miembro de la Comisi\u00f3n de Hacienda y Patrimonio Municipal!<\/span><\/p>\n<p><span style=\"font-weight: 400;\">As\u00ed, Tesorero, Secretario del Ayuntamiento, S\u00edndica y Alcalde, han hecho de la vida edilicia de un regidor que s\u00f3lo pide transparencia en el actuar de las autoridades municipales, un infierno en la tierra del Dios Tigre: Teocelo.<\/span><\/p>\n<p><span style=\"font-weight: 400;\">smcainito@gmail.com<\/span><\/p>\n","protected":false},"excerpt":{"rendered":"<p>Salvador Mu\u00f1oz Los Pol\u00edticos Hace un mes y medio aproximadamente, un regidor se acerc\u00f3 al Congreso local y al Orfis para presentar una serie de presuntas irregularidades cometidas por el presidente municipal de Teocelo, Mario Chama D\u00edaz, en complicidad con su tesorero y otros m\u00e1s, y que desataron otras m\u00e1s en cuanto el edil Luis [&hellip;]<\/p>\n","protected":false},"author":2,"featured_media":48504,"comment_status":"open","ping_status":"open","sticky":false,"template":"","format":"standard","meta":{"tdm_status":"","tdm_grid_status":"","footnotes":""},"categories":[70],"tags":[819,14777,14768,14776,135,1452],"class_list":{"0":"post-48503","1":"post","2":"type-post","3":"status-publish","4":"format-standard","5":"has-post-thumbnail","7":"category-de-opinion","8":"tag-congreso-local","9":"tag-julian-morales-andrade","10":"tag-luis-valencia-lopez","11":"tag-mario-chama-diaz","12":"tag-orfis","13":"tag-teocelo"},"yoast_head":"<!-- This site is optimized with the Yoast SEO plugin v27.4 - https:\/\/yoast.com\/product\/yoast-seo-wordpress\/ -->\n<title>Infierno en Teocelo - Los pol\u00edticos Veracruz<\/title>\n<meta name=\"robots\" content=\"index, follow, max-snippet:-1, max-image-preview:large, max-video-preview:-1\" \/>\n<link rel=\"canonical\" href=\"https:\/\/lospoliticosveracruz.com\/?p=48503\" \/>\n<meta property=\"og:locale\" content=\"es_ES\" \/>\n<meta property=\"og:type\" content=\"article\" \/>\n<meta property=\"og:title\" content=\"Infierno en Teocelo - Los pol\u00edticos Veracruz\" \/>\n<meta property=\"og:description\" content=\"Salvador Mu\u00f1oz Los Pol\u00edticos Hace un mes y medio aproximadamente, un regidor se acerc\u00f3 al Congreso local y al Orfis para presentar una serie de presuntas irregularidades cometidas por el presidente municipal de Teocelo, Mario Chama D\u00edaz, en complicidad con su tesorero y otros m\u00e1s, y que desataron otras m\u00e1s en cuanto el edil Luis [&hellip;]\" \/>\n<meta property=\"og:url\" content=\"https:\/\/lospoliticosveracruz.com\/?p=48503\" \/>\n<meta property=\"og:site_name\" content=\"Los pol\u00edticos Veracruz\" \/>\n<meta property=\"article:publisher\" content=\"https:\/\/www.facebook.com\/people\/Notimemes-de-los-Polticos\/61565672886568\/\" \/>\n<meta property=\"article:published_time\" content=\"2019-06-13T03:49:20+00:00\" \/>\n<meta property=\"og:image\" content=\"https:\/\/lospoliticosveracruz.com\/wp-content\/uploads\/2019\/06\/Mario-Chama-Alcalde-Teocelo.png\" \/>\n\t<meta property=\"og:image:width\" content=\"600\" \/>\n\t<meta property=\"og:image:height\" content=\"400\" \/>\n\t<meta property=\"og:image:type\" content=\"image\/png\" \/>\n<meta name=\"author\" content=\"Lo viste en Los Pol\u00edticos\" \/>\n<meta name=\"twitter:card\" content=\"summary_large_image\" \/>\n<meta name=\"twitter:creator\" content=\"@LosPoliticosVer\" \/>\n<meta name=\"twitter:site\" content=\"@LosPoliticosVer\" \/>\n<meta name=\"twitter:label1\" content=\"Escrito por\" \/>\n\t<meta name=\"twitter:data1\" content=\"Lo viste en Los Pol\u00edticos\" \/>\n\t<meta name=\"twitter:label2\" content=\"Tiempo de lectura\" \/>\n\t<meta name=\"twitter:data2\" content=\"3 minutos\" \/>\n<script type=\"application\/ld+json\" class=\"yoast-schema-graph\">{\"@context\":\"https:\\\/\\\/schema.org\",\"@graph\":[{\"@type\":\"Article\",\"@id\":\"https:\\\/\\\/lospoliticosveracruz.com\\\/?p=48503#article\",\"isPartOf\":{\"@id\":\"https:\\\/\\\/lospoliticosveracruz.com\\\/?p=48503\"},\"author\":{\"name\":\"Lo viste en Los Pol\u00edticos\",\"@id\":\"https:\\\/\\\/lospoliticosveracruz.com\\\/#\\\/schema\\\/person\\\/b8702bb0e538456e6efd07080bf2a4a2\"},\"headline\":\"Infierno en Teocelo\",\"datePublished\":\"2019-06-13T03:49:20+00:00\",\"mainEntityOfPage\":{\"@id\":\"https:\\\/\\\/lospoliticosveracruz.com\\\/?p=48503\"},\"wordCount\":698,\"commentCount\":0,\"publisher\":{\"@id\":\"https:\\\/\\\/lospoliticosveracruz.com\\\/#organization\"},\"image\":{\"@id\":\"https:\\\/\\\/lospoliticosveracruz.com\\\/?p=48503#primaryimage\"},\"thumbnailUrl\":\"https:\\\/\\\/lospoliticosveracruz.com\\\/wp-content\\\/uploads\\\/2019\\\/06\\\/Mario-Chama-Alcalde-Teocelo.png\",\"keywords\":[\"Congreso local\",\"Juli\u00e1n Morales Andrade\",\"Luis Valencia L\u00f3pez\",\"Mario Chama D\u00edaz\",\"Orfis\",\"Teocelo\"],\"articleSection\":[\"De Opini\u00f3n\"],\"inLanguage\":\"es\",\"potentialAction\":[{\"@type\":\"CommentAction\",\"name\":\"Comment\",\"target\":[\"https:\\\/\\\/lospoliticosveracruz.com\\\/?p=48503#respond\"]}]},{\"@type\":\"WebPage\",\"@id\":\"https:\\\/\\\/lospoliticosveracruz.com\\\/?p=48503\",\"url\":\"https:\\\/\\\/lospoliticosveracruz.com\\\/?p=48503\",\"name\":\"Infierno en Teocelo - Los pol\u00edticos Veracruz\",\"isPartOf\":{\"@id\":\"https:\\\/\\\/lospoliticosveracruz.com\\\/#website\"},\"primaryImageOfPage\":{\"@id\":\"https:\\\/\\\/lospoliticosveracruz.com\\\/?p=48503#primaryimage\"},\"image\":{\"@id\":\"https:\\\/\\\/lospoliticosveracruz.com\\\/?p=48503#primaryimage\"},\"thumbnailUrl\":\"https:\\\/\\\/lospoliticosveracruz.com\\\/wp-content\\\/uploads\\\/2019\\\/06\\\/Mario-Chama-Alcalde-Teocelo.png\",\"datePublished\":\"2019-06-13T03:49:20+00:00\",\"breadcrumb\":{\"@id\":\"https:\\\/\\\/lospoliticosveracruz.com\\\/?p=48503#breadcrumb\"},\"inLanguage\":\"es\",\"potentialAction\":[{\"@type\":\"ReadAction\",\"target\":[\"https:\\\/\\\/lospoliticosveracruz.com\\\/?p=48503\"]}]},{\"@type\":\"ImageObject\",\"inLanguage\":\"es\",\"@id\":\"https:\\\/\\\/lospoliticosveracruz.com\\\/?p=48503#primaryimage\",\"url\":\"https:\\\/\\\/lospoliticosveracruz.com\\\/wp-content\\\/uploads\\\/2019\\\/06\\\/Mario-Chama-Alcalde-Teocelo.png\",\"contentUrl\":\"https:\\\/\\\/lospoliticosveracruz.com\\\/wp-content\\\/uploads\\\/2019\\\/06\\\/Mario-Chama-Alcalde-Teocelo.png\",\"width\":600,\"height\":400},{\"@type\":\"BreadcrumbList\",\"@id\":\"https:\\\/\\\/lospoliticosveracruz.com\\\/?p=48503#breadcrumb\",\"itemListElement\":[{\"@type\":\"ListItem\",\"position\":1,\"name\":\"Portada\",\"item\":\"https:\\\/\\\/lospoliticosveracruz.com\\\/\"},{\"@type\":\"ListItem\",\"position\":2,\"name\":\"Infierno en Teocelo\"}]},{\"@type\":\"WebSite\",\"@id\":\"https:\\\/\\\/lospoliticosveracruz.com\\\/#website\",\"url\":\"https:\\\/\\\/lospoliticosveracruz.com\\\/\",\"name\":\"Los pol\u00edticos Veracruz\",\"description\":\"\",\"publisher\":{\"@id\":\"https:\\\/\\\/lospoliticosveracruz.com\\\/#organization\"},\"potentialAction\":[{\"@type\":\"SearchAction\",\"target\":{\"@type\":\"EntryPoint\",\"urlTemplate\":\"https:\\\/\\\/lospoliticosveracruz.com\\\/?s={search_term_string}\"},\"query-input\":{\"@type\":\"PropertyValueSpecification\",\"valueRequired\":true,\"valueName\":\"search_term_string\"}}],\"inLanguage\":\"es\"},{\"@type\":\"Organization\",\"@id\":\"https:\\\/\\\/lospoliticosveracruz.com\\\/#organization\",\"name\":\"Los pol\u00edticos Veracruz\",\"url\":\"https:\\\/\\\/lospoliticosveracruz.com\\\/\",\"logo\":{\"@type\":\"ImageObject\",\"inLanguage\":\"es\",\"@id\":\"https:\\\/\\\/lospoliticosveracruz.com\\\/#\\\/schema\\\/logo\\\/image\\\/\",\"url\":\"https:\\\/\\\/lospoliticosveracruz.com\\\/wp-content\\\/uploads\\\/2025\\\/12\\\/Logo-Nuevo-LOS-POLITICOS-1.jpg\",\"contentUrl\":\"https:\\\/\\\/lospoliticosveracruz.com\\\/wp-content\\\/uploads\\\/2025\\\/12\\\/Logo-Nuevo-LOS-POLITICOS-1.jpg\",\"width\":260,\"height\":70,\"caption\":\"Los pol\u00edticos Veracruz\"},\"image\":{\"@id\":\"https:\\\/\\\/lospoliticosveracruz.com\\\/#\\\/schema\\\/logo\\\/image\\\/\"},\"sameAs\":[\"https:\\\/\\\/www.facebook.com\\\/people\\\/Notimemes-de-los-Polticos\\\/61565672886568\\\/\",\"https:\\\/\\\/x.com\\\/LosPoliticosVer\"]},{\"@type\":\"Person\",\"@id\":\"https:\\\/\\\/lospoliticosveracruz.com\\\/#\\\/schema\\\/person\\\/b8702bb0e538456e6efd07080bf2a4a2\",\"name\":\"Lo viste en Los Pol\u00edticos\",\"image\":{\"@type\":\"ImageObject\",\"inLanguage\":\"es\",\"@id\":\"https:\\\/\\\/secure.gravatar.com\\\/avatar\\\/3a8de04a2656d44082be478bd6c086daa447c4651605818287b9532d3d0bd435?s=96&d=mm&r=g\",\"url\":\"https:\\\/\\\/secure.gravatar.com\\\/avatar\\\/3a8de04a2656d44082be478bd6c086daa447c4651605818287b9532d3d0bd435?s=96&d=mm&r=g\",\"contentUrl\":\"https:\\\/\\\/secure.gravatar.com\\\/avatar\\\/3a8de04a2656d44082be478bd6c086daa447c4651605818287b9532d3d0bd435?s=96&d=mm&r=g\",\"caption\":\"Lo viste en Los Pol\u00edticos\"},\"url\":\"https:\\\/\\\/lospoliticosveracruz.com\\\/?author=2\"}]}<\/script>\n<!-- \/ Yoast SEO plugin. -->","yoast_head_json":{"title":"Infierno en Teocelo - Los pol\u00edticos Veracruz","robots":{"index":"index","follow":"follow","max-snippet":"max-snippet:-1","max-image-preview":"max-image-preview:large","max-video-preview":"max-video-preview:-1"},"canonical":"https:\/\/lospoliticosveracruz.com\/?p=48503","og_locale":"es_ES","og_type":"article","og_title":"Infierno en Teocelo - Los pol\u00edticos Veracruz","og_description":"Salvador Mu\u00f1oz Los Pol\u00edticos Hace un mes y medio aproximadamente, un regidor se acerc\u00f3 al Congreso local y al Orfis para presentar una serie de presuntas irregularidades cometidas por el presidente municipal de Teocelo, Mario Chama D\u00edaz, en complicidad con su tesorero y otros m\u00e1s, y que desataron otras m\u00e1s en cuanto el edil Luis [&hellip;]","og_url":"https:\/\/lospoliticosveracruz.com\/?p=48503","og_site_name":"Los pol\u00edticos Veracruz","article_publisher":"https:\/\/www.facebook.com\/people\/Notimemes-de-los-Polticos\/61565672886568\/","article_published_time":"2019-06-13T03:49:20+00:00","og_image":[{"width":600,"height":400,"url":"https:\/\/lospoliticosveracruz.com\/wp-content\/uploads\/2019\/06\/Mario-Chama-Alcalde-Teocelo.png","type":"image\/png"}],"author":"Lo viste en Los Pol\u00edticos","twitter_card":"summary_large_image","twitter_creator":"@LosPoliticosVer","twitter_site":"@LosPoliticosVer","twitter_misc":{"Escrito por":"Lo viste en Los Pol\u00edticos","Tiempo de lectura":"3 minutos"},"schema":{"@context":"https:\/\/schema.org","@graph":[{"@type":"Article","@id":"https:\/\/lospoliticosveracruz.com\/?p=48503#article","isPartOf":{"@id":"https:\/\/lospoliticosveracruz.com\/?p=48503"},"author":{"name":"Lo viste en Los Pol\u00edticos","@id":"https:\/\/lospoliticosveracruz.com\/#\/schema\/person\/b8702bb0e538456e6efd07080bf2a4a2"},"headline":"Infierno en Teocelo","datePublished":"2019-06-13T03:49:20+00:00","mainEntityOfPage":{"@id":"https:\/\/lospoliticosveracruz.com\/?p=48503"},"wordCount":698,"commentCount":0,"publisher":{"@id":"https:\/\/lospoliticosveracruz.com\/#organization"},"image":{"@id":"https:\/\/lospoliticosveracruz.com\/?p=48503#primaryimage"},"thumbnailUrl":"https:\/\/lospoliticosveracruz.com\/wp-content\/uploads\/2019\/06\/Mario-Chama-Alcalde-Teocelo.png","keywords":["Congreso local","Juli\u00e1n Morales Andrade","Luis Valencia L\u00f3pez","Mario Chama D\u00edaz","Orfis","Teocelo"],"articleSection":["De Opini\u00f3n"],"inLanguage":"es","potentialAction":[{"@type":"CommentAction","name":"Comment","target":["https:\/\/lospoliticosveracruz.com\/?p=48503#respond"]}]},{"@type":"WebPage","@id":"https:\/\/lospoliticosveracruz.com\/?p=48503","url":"https:\/\/lospoliticosveracruz.com\/?p=48503","name":"Infierno en Teocelo - Los pol\u00edticos Veracruz","isPartOf":{"@id":"https:\/\/lospoliticosveracruz.com\/#website"},"primaryImageOfPage":{"@id":"https:\/\/lospoliticosveracruz.com\/?p=48503#primaryimage"},"image":{"@id":"https:\/\/lospoliticosveracruz.com\/?p=48503#primaryimage"},"thumbnailUrl":"https:\/\/lospoliticosveracruz.com\/wp-content\/uploads\/2019\/06\/Mario-Chama-Alcalde-Teocelo.png","datePublished":"2019-06-13T03:49:20+00:00","breadcrumb":{"@id":"https:\/\/lospoliticosveracruz.com\/?p=48503#breadcrumb"},"inLanguage":"es","potentialAction":[{"@type":"ReadAction","target":["https:\/\/lospoliticosveracruz.com\/?p=48503"]}]},{"@type":"ImageObject","inLanguage":"es","@id":"https:\/\/lospoliticosveracruz.com\/?p=48503#primaryimage","url":"https:\/\/lospoliticosveracruz.com\/wp-content\/uploads\/2019\/06\/Mario-Chama-Alcalde-Teocelo.png","contentUrl":"https:\/\/lospoliticosveracruz.com\/wp-content\/uploads\/2019\/06\/Mario-Chama-Alcalde-Teocelo.png","width":600,"height":400},{"@type":"BreadcrumbList","@id":"https:\/\/lospoliticosveracruz.com\/?p=48503#breadcrumb","itemListElement":[{"@type":"ListItem","position":1,"name":"Portada","item":"https:\/\/lospoliticosveracruz.com\/"},{"@type":"ListItem","position":2,"name":"Infierno en Teocelo"}]},{"@type":"WebSite","@id":"https:\/\/lospoliticosveracruz.com\/#website","url":"https:\/\/lospoliticosveracruz.com\/","name":"Los pol\u00edticos Veracruz","description":"","publisher":{"@id":"https:\/\/lospoliticosveracruz.com\/#organization"},"potentialAction":[{"@type":"SearchAction","target":{"@type":"EntryPoint","urlTemplate":"https:\/\/lospoliticosveracruz.com\/?s={search_term_string}"},"query-input":{"@type":"PropertyValueSpecification","valueRequired":true,"valueName":"search_term_string"}}],"inLanguage":"es"},{"@type":"Organization","@id":"https:\/\/lospoliticosveracruz.com\/#organization","name":"Los pol\u00edticos Veracruz","url":"https:\/\/lospoliticosveracruz.com\/","logo":{"@type":"ImageObject","inLanguage":"es","@id":"https:\/\/lospoliticosveracruz.com\/#\/schema\/logo\/image\/","url":"https:\/\/lospoliticosveracruz.com\/wp-content\/uploads\/2025\/12\/Logo-Nuevo-LOS-POLITICOS-1.jpg","contentUrl":"https:\/\/lospoliticosveracruz.com\/wp-content\/uploads\/2025\/12\/Logo-Nuevo-LOS-POLITICOS-1.jpg","width":260,"height":70,"caption":"Los pol\u00edticos Veracruz"},"image":{"@id":"https:\/\/lospoliticosveracruz.com\/#\/schema\/logo\/image\/"},"sameAs":["https:\/\/www.facebook.com\/people\/Notimemes-de-los-Polticos\/61565672886568\/","https:\/\/x.com\/LosPoliticosVer"]},{"@type":"Person","@id":"https:\/\/lospoliticosveracruz.com\/#\/schema\/person\/b8702bb0e538456e6efd07080bf2a4a2","name":"Lo viste en Los Pol\u00edticos","image":{"@type":"ImageObject","inLanguage":"es","@id":"https:\/\/secure.gravatar.com\/avatar\/3a8de04a2656d44082be478bd6c086daa447c4651605818287b9532d3d0bd435?s=96&d=mm&r=g","url":"https:\/\/secure.gravatar.com\/avatar\/3a8de04a2656d44082be478bd6c086daa447c4651605818287b9532d3d0bd435?s=96&d=mm&r=g","contentUrl":"https:\/\/secure.gravatar.com\/avatar\/3a8de04a2656d44082be478bd6c086daa447c4651605818287b9532d3d0bd435?s=96&d=mm&r=g","caption":"Lo viste en Los Pol\u00edticos"},"url":"https:\/\/lospoliticosveracruz.com\/?author=2"}]}},"_links":{"self":[{"href":"https:\/\/lospoliticosveracruz.com\/index.php?rest_route=\/wp\/v2\/posts\/48503","targetHints":{"allow":["GET"]}}],"collection":[{"href":"https:\/\/lospoliticosveracruz.com\/index.php?rest_route=\/wp\/v2\/posts"}],"about":[{"href":"https:\/\/lospoliticosveracruz.com\/index.php?rest_route=\/wp\/v2\/types\/post"}],"author":[{"embeddable":true,"href":"https:\/\/lospoliticosveracruz.com\/index.php?rest_route=\/wp\/v2\/users\/2"}],"replies":[{"embeddable":true,"href":"https:\/\/lospoliticosveracruz.com\/index.php?rest_route=%2Fwp%2Fv2%2Fcomments&post=48503"}],"version-history":[{"count":1,"href":"https:\/\/lospoliticosveracruz.com\/index.php?rest_route=\/wp\/v2\/posts\/48503\/revisions"}],"predecessor-version":[{"id":48505,"href":"https:\/\/lospoliticosveracruz.com\/index.php?rest_route=\/wp\/v2\/posts\/48503\/revisions\/48505"}],"wp:featuredmedia":[{"embeddable":true,"href":"https:\/\/lospoliticosveracruz.com\/index.php?rest_route=\/wp\/v2\/media\/48504"}],"wp:attachment":[{"href":"https:\/\/lospoliticosveracruz.com\/index.php?rest_route=%2Fwp%2Fv2%2Fmedia&parent=48503"}],"wp:term":[{"taxonomy":"category","embeddable":true,"href":"https:\/\/lospoliticosveracruz.com\/index.php?rest_route=%2Fwp%2Fv2%2Fcategories&post=48503"},{"taxonomy":"post_tag","embeddable":true,"href":"https:\/\/lospoliticosveracruz.com\/index.php?rest_route=%2Fwp%2Fv2%2Ftags&post=48503"}],"curies":[{"name":"wp","href":"https:\/\/api.w.org\/{rel}","templated":true}]}}