{"id":48536,"date":"2019-06-17T22:55:06","date_gmt":"2019-06-18T03:55:06","guid":{"rendered":"http:\/\/www.lospoliticosveracruz.com.mx\/?p=48536"},"modified":"2019-06-18T07:48:52","modified_gmt":"2019-06-18T12:48:52","slug":"xico-la-mano-que-mece-a-la-alcaldesa","status":"publish","type":"post","link":"https:\/\/lospoliticosveracruz.com\/?p=48536","title":{"rendered":"Xico\u2026 la mano que mece a la alcaldesa"},"content":{"rendered":"<p><strong>Salvador Mu\u00f1oz<\/strong><\/p>\n<p><em>Los Pol\u00edticos<\/em><\/p>\n<p><span style=\"font-weight: 400;\">Para muchos en Xico, todo se trata de una campa\u00f1a adelantada en pro de que Carolina Galv\u00e1n Galv\u00e1n, hija de la alcaldesa Gloria Galv\u00e1n, sea la candidata a la presidencia municipal en la pr\u00f3xima contienda electoral\u2026 parece muy temprano, pero se trata de allanarle el camino. Para pocos, entre ellos el regidor Eduardo Pozos P\u00e9rez, es la sospecha de desv\u00edo de recursos y falta de transparencia en el manejo de \u00e9stos de la que ha dado parte tanto al Orfis como al Congreso local, en espera de que se atienda su queja.<\/span><\/p>\n<p><span style=\"font-weight: 400;\">A principios de este 2019, el Regidor Primero del ayuntamiento de Xico, Eduardo Pozos P\u00e9rez, a trav\u00e9s de un documento entregado al Orfis, da a conocer una serie de hechos que ponen en duda la labor no s\u00f3lo del director de Obras P\u00fablicas de tal municipio, Jos\u00e9 de Jes\u00fas Flores Garc\u00eda, sino tambi\u00e9n la de la Contralora municipal, M<\/span><span style=\"font-weight: 400;\">ar\u00eda Alejandra P\u00e9rez Castro y a la vez, del tesorero Macario F\u00e9lix Morales Mart\u00ednez, pues el edil, a trav\u00e9s de varios oficios, solicit\u00f3 los contratos de las empresas constructoras que participaron en algunas obras, destacando entre ellas las relacionadas con la calle Efr\u00e9n Nava as\u00ed como la rehabilitaci\u00f3n de la calle principal de Xico Viejo.<\/span><\/p>\n<p><span style=\"font-weight: 400;\">El oficio Reg1\/2018-45 fue atendido con una serie de evasivas que por supuesto, no llevaban respuestas claras y concisas de parte de la direcci\u00f3n de Obras P\u00fablicas. El oficio Reg1\/2018-55, que demandaba conocer el proyecto ejecutivo y presupuesto base de la obra en la calle Efr\u00e9n Nava, s\u00f3lo obtuvo el silencio del director de OP. Hubo un oficio m\u00e1s con terminaci\u00f3n 57, que era ya la suma de los dos anteriores pero igual, sin resultado positivo alguno.<\/span><\/p>\n<p><span style=\"font-weight: 400;\">Al oficio con terminaci\u00f3n 60, el regidor solicit\u00f3 una entrevista con representantes o titulares de las constructoras que estaban \u201ctrabajando\u201d en las obras municipales y Obras P\u00fablicas respondi\u00f3 con una fecha que agendaba la reuni\u00f3n del edil con \u00e9stos para el 25 de mayo del 2018, 11 horas\u2026 \u00a1pues se qued\u00f3 esperando el regidor Pozos P\u00e9rez! porque nadie acudi\u00f3 \u00a0a esa cita.<\/span><\/p>\n<p><span style=\"font-weight: 400;\">Hubo una petici\u00f3n m\u00e1s del regidor al director de Obras P\u00fablicas donde solicitaba le diera a conocer presupuestos contratados con empresas, comprobante de inscripci\u00f3n al padr\u00f3n de contratistas en Xico, qui\u00e9nes autorizaron las estimaciones de pago, cu\u00e1ntas y cu\u00e1les empresas participaron en las licitaciones, as\u00ed como los documentos que acreditan las licitaciones.<\/span><\/p>\n<p><span style=\"font-weight: 400;\">\u00bfPor qu\u00e9 tanto inter\u00e9s del edil en este asunto? Se pudiera resumir as\u00ed: tanto en la obra de la calle Efr\u00e9n Nava como en la realizada en Xico Viejo, en visitas que el edil hizo, vio los trabajos que se realizaban pero nunca una constructora\u2026 lo que hall\u00f3 fue personal de Obras P\u00fablicas encabezado por Jos\u00e9 Rufino V\u00e1zquez Tepetla, quien es en el ayuntamiento \u201cSupervisor de Obra\u201d, quien tambi\u00e9n estaba a cargo de los trabajos de rehabilitaci\u00f3n del rastro. \u00bfY las constructoras?<\/span><\/p>\n<p><span style=\"font-weight: 400;\">En cuanto al oficio entregado el 8 de enero del 2019 al Congreso local, dirigido al diputado Jos\u00e9 Manuel Pozos Castro, el regidor da cuenta que sus solicitudes de informaci\u00f3n tanto a la Contralora Mar\u00eda Alejandra P\u00e9rez Castro, como al Tesorero Macario F\u00e9lix Morales Mart\u00ednez, nunca fueron atendidas ya fuera por desidia o esgrimiendo de manera burda la Ley.<\/span><\/p>\n<p><span style=\"font-weight: 400;\">\u00bfY qu\u00e9 ped\u00eda el regidor Pozos P\u00e9rez? Los gastos generados por la Tesorer\u00eda Municipal en abril de 2018 para su estudio y entonces ver si daba su voto aprobatorio a los estados financieros\u2026 \u00a1puras evasivas legaloides! Mientras, el tesorero pagaba estimaciones de avance de obra p\u00fablica sin que se tuviera al tanto a la Comisi\u00f3n del ramo, de la que es titular Pozos P\u00e9rez.<\/span><\/p>\n<p><span style=\"font-weight: 400;\">Del mismo modo, el regidor da cuenta de que la presidenta del DIF municipal, Carolina Galv\u00e1n, hija de la alcaldesa, entrega apoyos como despensas, l\u00e1minas, block, pero se desconoce la procedencia de \u00e9stos as\u00ed como su financiamiento.<\/span><\/p>\n<p><span style=\"font-weight: 400;\">De todo esto, uno pudiera pensar que tanto el director de Obra P\u00fablica, como la Contralora y el Tesorero, siguen instrucciones precisas de la alcaldesa Gloria Galv\u00e1n, pero entre los xique\u00f1os se dice que hay alguien que est\u00e1 meciendo la cuna del Ayuntamiento y \u201casesorando\u201d a la presidenta municipal: Raymundo Salda\u00f1a Ram\u00edrez\u2026 quiz\u00e1s lo recuerde como ex alcalde de Rafael Lucio y ex diputado local as\u00ed como pol\u00edtico cercano a Pepe Yunes.<\/span><\/p>\n<p><span style=\"font-weight: 400;\">Es a Raymundo Salda\u00f1a a quien se\u00f1alan de estar generando un proyecto pol\u00edtico desde este momento, para llevar a la alcald\u00eda de Xico a Carolina Galv\u00e1n, al precio que sea\u2026 no importando si el Orfis y el Congreso local tengan en la mira a do\u00f1a Gloria\u2026 total, hay tiempo para \u201carreglar las cuentas\u201d&#8230;<\/span><\/p>\n<p>&nbsp;<\/p>\n<p><span style=\"font-weight: 400;\">smcainito@gmail.com<\/span><\/p>\n","protected":false},"excerpt":{"rendered":"<p>Salvador Mu\u00f1oz Los Pol\u00edticos Para muchos en Xico, todo se trata de una campa\u00f1a adelantada en pro de que Carolina Galv\u00e1n Galv\u00e1n, hija de la alcaldesa Gloria Galv\u00e1n, sea la candidata a la presidencia municipal en la pr\u00f3xima contienda electoral\u2026 parece muy temprano, pero se trata de allanarle el camino. Para pocos, entre ellos el [&hellip;]<\/p>\n","protected":false},"author":2,"featured_media":48537,"comment_status":"open","ping_status":"open","sticky":false,"template":"","format":"standard","meta":{"tdm_status":"","tdm_grid_status":"","footnotes":""},"categories":[70],"tags":[4830,819,5746,14796,14795,14799,11958,14800,14797,14798,3771,135,14801,784],"class_list":{"0":"post-48536","1":"post","2":"type-post","3":"status-publish","4":"format-standard","5":"has-post-thumbnail","7":"category-de-opinion","8":"tag-carolina-galvan","9":"tag-congreso-local","10":"tag-dif-municipal","11":"tag-eduardo-pozos-perez","12":"tag-gloria-galvan","13":"tag-jose-de-jesus-flores-garcia","14":"tag-jose-manuel-pozos-castro","15":"tag-jose-rufino-vazquez-tepetla","16":"tag-macario-felix-morales-martinez","17":"tag-maria-alejandra-perez-castro","18":"tag-obras-publicas","19":"tag-orfis","20":"tag-raymundo-saldana-ramirez","21":"tag-xico"},"yoast_head":"<!-- This site is optimized with the Yoast SEO plugin v27.4 - https:\/\/yoast.com\/product\/yoast-seo-wordpress\/ -->\n<title>Xico\u2026 la mano que mece a la alcaldesa - Los pol\u00edticos Veracruz<\/title>\n<meta name=\"robots\" content=\"index, follow, max-snippet:-1, max-image-preview:large, max-video-preview:-1\" \/>\n<link rel=\"canonical\" href=\"https:\/\/lospoliticosveracruz.com\/?p=48536\" \/>\n<meta property=\"og:locale\" content=\"es_ES\" \/>\n<meta property=\"og:type\" content=\"article\" \/>\n<meta property=\"og:title\" content=\"Xico\u2026 la mano que mece a la alcaldesa - Los pol\u00edticos Veracruz\" \/>\n<meta property=\"og:description\" content=\"Salvador Mu\u00f1oz Los Pol\u00edticos Para muchos en Xico, todo se trata de una campa\u00f1a adelantada en pro de que Carolina Galv\u00e1n Galv\u00e1n, hija de la alcaldesa Gloria Galv\u00e1n, sea la candidata a la presidencia municipal en la pr\u00f3xima contienda electoral\u2026 parece muy temprano, pero se trata de allanarle el camino. Para pocos, entre ellos el [&hellip;]\" \/>\n<meta property=\"og:url\" content=\"https:\/\/lospoliticosveracruz.com\/?p=48536\" \/>\n<meta property=\"og:site_name\" content=\"Los pol\u00edticos Veracruz\" \/>\n<meta property=\"article:publisher\" content=\"https:\/\/www.facebook.com\/people\/Notimemes-de-los-Polticos\/61565672886568\/\" \/>\n<meta property=\"article:published_time\" content=\"2019-06-18T03:55:06+00:00\" \/>\n<meta property=\"article:modified_time\" content=\"2019-06-18T12:48:52+00:00\" \/>\n<meta property=\"og:image\" content=\"https:\/\/lospoliticosveracruz.com\/wp-content\/uploads\/2019\/06\/Gloria-y-Carolina-Galv\u00e1n.jpg\" \/>\n\t<meta property=\"og:image:width\" content=\"600\" \/>\n\t<meta property=\"og:image:height\" content=\"450\" \/>\n\t<meta property=\"og:image:type\" content=\"image\/jpeg\" \/>\n<meta name=\"author\" content=\"Lo viste en Los Pol\u00edticos\" \/>\n<meta name=\"twitter:card\" content=\"summary_large_image\" \/>\n<meta name=\"twitter:creator\" content=\"@LosPoliticosVer\" \/>\n<meta name=\"twitter:site\" content=\"@LosPoliticosVer\" \/>\n<meta name=\"twitter:label1\" content=\"Escrito por\" \/>\n\t<meta name=\"twitter:data1\" content=\"Lo viste en Los Pol\u00edticos\" \/>\n\t<meta name=\"twitter:label2\" content=\"Tiempo de lectura\" \/>\n\t<meta name=\"twitter:data2\" content=\"4 minutos\" \/>\n<script type=\"application\/ld+json\" class=\"yoast-schema-graph\">{\"@context\":\"https:\\\/\\\/schema.org\",\"@graph\":[{\"@type\":\"Article\",\"@id\":\"https:\\\/\\\/lospoliticosveracruz.com\\\/?p=48536#article\",\"isPartOf\":{\"@id\":\"https:\\\/\\\/lospoliticosveracruz.com\\\/?p=48536\"},\"author\":{\"name\":\"Lo viste en Los Pol\u00edticos\",\"@id\":\"https:\\\/\\\/lospoliticosveracruz.com\\\/#\\\/schema\\\/person\\\/b8702bb0e538456e6efd07080bf2a4a2\"},\"headline\":\"Xico\u2026 la mano que mece a la alcaldesa\",\"datePublished\":\"2019-06-18T03:55:06+00:00\",\"dateModified\":\"2019-06-18T12:48:52+00:00\",\"mainEntityOfPage\":{\"@id\":\"https:\\\/\\\/lospoliticosveracruz.com\\\/?p=48536\"},\"wordCount\":846,\"commentCount\":0,\"publisher\":{\"@id\":\"https:\\\/\\\/lospoliticosveracruz.com\\\/#organization\"},\"image\":{\"@id\":\"https:\\\/\\\/lospoliticosveracruz.com\\\/?p=48536#primaryimage\"},\"thumbnailUrl\":\"https:\\\/\\\/lospoliticosveracruz.com\\\/wp-content\\\/uploads\\\/2019\\\/06\\\/Gloria-y-Carolina-Galv\u00e1n.jpg\",\"keywords\":[\"Carolina Galv\u00e1n\",\"Congreso local\",\"DIF municipal\",\"Eduardo Pozos P\u00e9rez\",\"Gloria Galv\u00e1n\",\"Jos\u00e9 de Jes\u00fas Flores Garc\u00eda\",\"Jos\u00e9 Manuel Pozos Castro\",\"Jos\u00e9 Rufino V\u00e1zquez Tepetla\",\"Macario F\u00e9lix Morales Mart\u00ednez\",\"Mar\u00eda Alejandra P\u00e9rez Castro\",\"Obras P\u00fablicas\",\"Orfis\",\"Raymundo Salda\u00f1a Ram\u00edrez\",\"Xico\"],\"articleSection\":[\"De Opini\u00f3n\"],\"inLanguage\":\"es\",\"potentialAction\":[{\"@type\":\"CommentAction\",\"name\":\"Comment\",\"target\":[\"https:\\\/\\\/lospoliticosveracruz.com\\\/?p=48536#respond\"]}]},{\"@type\":\"WebPage\",\"@id\":\"https:\\\/\\\/lospoliticosveracruz.com\\\/?p=48536\",\"url\":\"https:\\\/\\\/lospoliticosveracruz.com\\\/?p=48536\",\"name\":\"Xico\u2026 la mano que mece a la alcaldesa - Los pol\u00edticos Veracruz\",\"isPartOf\":{\"@id\":\"https:\\\/\\\/lospoliticosveracruz.com\\\/#website\"},\"primaryImageOfPage\":{\"@id\":\"https:\\\/\\\/lospoliticosveracruz.com\\\/?p=48536#primaryimage\"},\"image\":{\"@id\":\"https:\\\/\\\/lospoliticosveracruz.com\\\/?p=48536#primaryimage\"},\"thumbnailUrl\":\"https:\\\/\\\/lospoliticosveracruz.com\\\/wp-content\\\/uploads\\\/2019\\\/06\\\/Gloria-y-Carolina-Galv\u00e1n.jpg\",\"datePublished\":\"2019-06-18T03:55:06+00:00\",\"dateModified\":\"2019-06-18T12:48:52+00:00\",\"breadcrumb\":{\"@id\":\"https:\\\/\\\/lospoliticosveracruz.com\\\/?p=48536#breadcrumb\"},\"inLanguage\":\"es\",\"potentialAction\":[{\"@type\":\"ReadAction\",\"target\":[\"https:\\\/\\\/lospoliticosveracruz.com\\\/?p=48536\"]}]},{\"@type\":\"ImageObject\",\"inLanguage\":\"es\",\"@id\":\"https:\\\/\\\/lospoliticosveracruz.com\\\/?p=48536#primaryimage\",\"url\":\"https:\\\/\\\/lospoliticosveracruz.com\\\/wp-content\\\/uploads\\\/2019\\\/06\\\/Gloria-y-Carolina-Galv\u00e1n.jpg\",\"contentUrl\":\"https:\\\/\\\/lospoliticosveracruz.com\\\/wp-content\\\/uploads\\\/2019\\\/06\\\/Gloria-y-Carolina-Galv\u00e1n.jpg\",\"width\":600,\"height\":450},{\"@type\":\"BreadcrumbList\",\"@id\":\"https:\\\/\\\/lospoliticosveracruz.com\\\/?p=48536#breadcrumb\",\"itemListElement\":[{\"@type\":\"ListItem\",\"position\":1,\"name\":\"Portada\",\"item\":\"https:\\\/\\\/lospoliticosveracruz.com\\\/\"},{\"@type\":\"ListItem\",\"position\":2,\"name\":\"Xico\u2026 la mano que mece a la alcaldesa\"}]},{\"@type\":\"WebSite\",\"@id\":\"https:\\\/\\\/lospoliticosveracruz.com\\\/#website\",\"url\":\"https:\\\/\\\/lospoliticosveracruz.com\\\/\",\"name\":\"Los pol\u00edticos Veracruz\",\"description\":\"\",\"publisher\":{\"@id\":\"https:\\\/\\\/lospoliticosveracruz.com\\\/#organization\"},\"potentialAction\":[{\"@type\":\"SearchAction\",\"target\":{\"@type\":\"EntryPoint\",\"urlTemplate\":\"https:\\\/\\\/lospoliticosveracruz.com\\\/?s={search_term_string}\"},\"query-input\":{\"@type\":\"PropertyValueSpecification\",\"valueRequired\":true,\"valueName\":\"search_term_string\"}}],\"inLanguage\":\"es\"},{\"@type\":\"Organization\",\"@id\":\"https:\\\/\\\/lospoliticosveracruz.com\\\/#organization\",\"name\":\"Los pol\u00edticos Veracruz\",\"url\":\"https:\\\/\\\/lospoliticosveracruz.com\\\/\",\"logo\":{\"@type\":\"ImageObject\",\"inLanguage\":\"es\",\"@id\":\"https:\\\/\\\/lospoliticosveracruz.com\\\/#\\\/schema\\\/logo\\\/image\\\/\",\"url\":\"https:\\\/\\\/lospoliticosveracruz.com\\\/wp-content\\\/uploads\\\/2025\\\/12\\\/Logo-Nuevo-LOS-POLITICOS-1.jpg\",\"contentUrl\":\"https:\\\/\\\/lospoliticosveracruz.com\\\/wp-content\\\/uploads\\\/2025\\\/12\\\/Logo-Nuevo-LOS-POLITICOS-1.jpg\",\"width\":260,\"height\":70,\"caption\":\"Los pol\u00edticos Veracruz\"},\"image\":{\"@id\":\"https:\\\/\\\/lospoliticosveracruz.com\\\/#\\\/schema\\\/logo\\\/image\\\/\"},\"sameAs\":[\"https:\\\/\\\/www.facebook.com\\\/people\\\/Notimemes-de-los-Polticos\\\/61565672886568\\\/\",\"https:\\\/\\\/x.com\\\/LosPoliticosVer\"]},{\"@type\":\"Person\",\"@id\":\"https:\\\/\\\/lospoliticosveracruz.com\\\/#\\\/schema\\\/person\\\/b8702bb0e538456e6efd07080bf2a4a2\",\"name\":\"Lo viste en Los Pol\u00edticos\",\"image\":{\"@type\":\"ImageObject\",\"inLanguage\":\"es\",\"@id\":\"https:\\\/\\\/secure.gravatar.com\\\/avatar\\\/3a8de04a2656d44082be478bd6c086daa447c4651605818287b9532d3d0bd435?s=96&d=mm&r=g\",\"url\":\"https:\\\/\\\/secure.gravatar.com\\\/avatar\\\/3a8de04a2656d44082be478bd6c086daa447c4651605818287b9532d3d0bd435?s=96&d=mm&r=g\",\"contentUrl\":\"https:\\\/\\\/secure.gravatar.com\\\/avatar\\\/3a8de04a2656d44082be478bd6c086daa447c4651605818287b9532d3d0bd435?s=96&d=mm&r=g\",\"caption\":\"Lo viste en Los Pol\u00edticos\"},\"url\":\"https:\\\/\\\/lospoliticosveracruz.com\\\/?author=2\"}]}<\/script>\n<!-- \/ Yoast SEO plugin. -->","yoast_head_json":{"title":"Xico\u2026 la mano que mece a la alcaldesa - Los pol\u00edticos Veracruz","robots":{"index":"index","follow":"follow","max-snippet":"max-snippet:-1","max-image-preview":"max-image-preview:large","max-video-preview":"max-video-preview:-1"},"canonical":"https:\/\/lospoliticosveracruz.com\/?p=48536","og_locale":"es_ES","og_type":"article","og_title":"Xico\u2026 la mano que mece a la alcaldesa - Los pol\u00edticos Veracruz","og_description":"Salvador Mu\u00f1oz Los Pol\u00edticos Para muchos en Xico, todo se trata de una campa\u00f1a adelantada en pro de que Carolina Galv\u00e1n Galv\u00e1n, hija de la alcaldesa Gloria Galv\u00e1n, sea la candidata a la presidencia municipal en la pr\u00f3xima contienda electoral\u2026 parece muy temprano, pero se trata de allanarle el camino. Para pocos, entre ellos el [&hellip;]","og_url":"https:\/\/lospoliticosveracruz.com\/?p=48536","og_site_name":"Los pol\u00edticos Veracruz","article_publisher":"https:\/\/www.facebook.com\/people\/Notimemes-de-los-Polticos\/61565672886568\/","article_published_time":"2019-06-18T03:55:06+00:00","article_modified_time":"2019-06-18T12:48:52+00:00","og_image":[{"width":600,"height":450,"url":"https:\/\/lospoliticosveracruz.com\/wp-content\/uploads\/2019\/06\/Gloria-y-Carolina-Galv\u00e1n.jpg","type":"image\/jpeg"}],"author":"Lo viste en Los Pol\u00edticos","twitter_card":"summary_large_image","twitter_creator":"@LosPoliticosVer","twitter_site":"@LosPoliticosVer","twitter_misc":{"Escrito por":"Lo viste en Los Pol\u00edticos","Tiempo de lectura":"4 minutos"},"schema":{"@context":"https:\/\/schema.org","@graph":[{"@type":"Article","@id":"https:\/\/lospoliticosveracruz.com\/?p=48536#article","isPartOf":{"@id":"https:\/\/lospoliticosveracruz.com\/?p=48536"},"author":{"name":"Lo viste en Los Pol\u00edticos","@id":"https:\/\/lospoliticosveracruz.com\/#\/schema\/person\/b8702bb0e538456e6efd07080bf2a4a2"},"headline":"Xico\u2026 la mano que mece a la alcaldesa","datePublished":"2019-06-18T03:55:06+00:00","dateModified":"2019-06-18T12:48:52+00:00","mainEntityOfPage":{"@id":"https:\/\/lospoliticosveracruz.com\/?p=48536"},"wordCount":846,"commentCount":0,"publisher":{"@id":"https:\/\/lospoliticosveracruz.com\/#organization"},"image":{"@id":"https:\/\/lospoliticosveracruz.com\/?p=48536#primaryimage"},"thumbnailUrl":"https:\/\/lospoliticosveracruz.com\/wp-content\/uploads\/2019\/06\/Gloria-y-Carolina-Galv\u00e1n.jpg","keywords":["Carolina Galv\u00e1n","Congreso local","DIF municipal","Eduardo Pozos P\u00e9rez","Gloria Galv\u00e1n","Jos\u00e9 de Jes\u00fas Flores Garc\u00eda","Jos\u00e9 Manuel Pozos Castro","Jos\u00e9 Rufino V\u00e1zquez Tepetla","Macario F\u00e9lix Morales Mart\u00ednez","Mar\u00eda Alejandra P\u00e9rez Castro","Obras P\u00fablicas","Orfis","Raymundo Salda\u00f1a Ram\u00edrez","Xico"],"articleSection":["De Opini\u00f3n"],"inLanguage":"es","potentialAction":[{"@type":"CommentAction","name":"Comment","target":["https:\/\/lospoliticosveracruz.com\/?p=48536#respond"]}]},{"@type":"WebPage","@id":"https:\/\/lospoliticosveracruz.com\/?p=48536","url":"https:\/\/lospoliticosveracruz.com\/?p=48536","name":"Xico\u2026 la mano que mece a la alcaldesa - Los pol\u00edticos Veracruz","isPartOf":{"@id":"https:\/\/lospoliticosveracruz.com\/#website"},"primaryImageOfPage":{"@id":"https:\/\/lospoliticosveracruz.com\/?p=48536#primaryimage"},"image":{"@id":"https:\/\/lospoliticosveracruz.com\/?p=48536#primaryimage"},"thumbnailUrl":"https:\/\/lospoliticosveracruz.com\/wp-content\/uploads\/2019\/06\/Gloria-y-Carolina-Galv\u00e1n.jpg","datePublished":"2019-06-18T03:55:06+00:00","dateModified":"2019-06-18T12:48:52+00:00","breadcrumb":{"@id":"https:\/\/lospoliticosveracruz.com\/?p=48536#breadcrumb"},"inLanguage":"es","potentialAction":[{"@type":"ReadAction","target":["https:\/\/lospoliticosveracruz.com\/?p=48536"]}]},{"@type":"ImageObject","inLanguage":"es","@id":"https:\/\/lospoliticosveracruz.com\/?p=48536#primaryimage","url":"https:\/\/lospoliticosveracruz.com\/wp-content\/uploads\/2019\/06\/Gloria-y-Carolina-Galv\u00e1n.jpg","contentUrl":"https:\/\/lospoliticosveracruz.com\/wp-content\/uploads\/2019\/06\/Gloria-y-Carolina-Galv\u00e1n.jpg","width":600,"height":450},{"@type":"BreadcrumbList","@id":"https:\/\/lospoliticosveracruz.com\/?p=48536#breadcrumb","itemListElement":[{"@type":"ListItem","position":1,"name":"Portada","item":"https:\/\/lospoliticosveracruz.com\/"},{"@type":"ListItem","position":2,"name":"Xico\u2026 la mano que mece a la alcaldesa"}]},{"@type":"WebSite","@id":"https:\/\/lospoliticosveracruz.com\/#website","url":"https:\/\/lospoliticosveracruz.com\/","name":"Los pol\u00edticos Veracruz","description":"","publisher":{"@id":"https:\/\/lospoliticosveracruz.com\/#organization"},"potentialAction":[{"@type":"SearchAction","target":{"@type":"EntryPoint","urlTemplate":"https:\/\/lospoliticosveracruz.com\/?s={search_term_string}"},"query-input":{"@type":"PropertyValueSpecification","valueRequired":true,"valueName":"search_term_string"}}],"inLanguage":"es"},{"@type":"Organization","@id":"https:\/\/lospoliticosveracruz.com\/#organization","name":"Los pol\u00edticos Veracruz","url":"https:\/\/lospoliticosveracruz.com\/","logo":{"@type":"ImageObject","inLanguage":"es","@id":"https:\/\/lospoliticosveracruz.com\/#\/schema\/logo\/image\/","url":"https:\/\/lospoliticosveracruz.com\/wp-content\/uploads\/2025\/12\/Logo-Nuevo-LOS-POLITICOS-1.jpg","contentUrl":"https:\/\/lospoliticosveracruz.com\/wp-content\/uploads\/2025\/12\/Logo-Nuevo-LOS-POLITICOS-1.jpg","width":260,"height":70,"caption":"Los pol\u00edticos Veracruz"},"image":{"@id":"https:\/\/lospoliticosveracruz.com\/#\/schema\/logo\/image\/"},"sameAs":["https:\/\/www.facebook.com\/people\/Notimemes-de-los-Polticos\/61565672886568\/","https:\/\/x.com\/LosPoliticosVer"]},{"@type":"Person","@id":"https:\/\/lospoliticosveracruz.com\/#\/schema\/person\/b8702bb0e538456e6efd07080bf2a4a2","name":"Lo viste en Los Pol\u00edticos","image":{"@type":"ImageObject","inLanguage":"es","@id":"https:\/\/secure.gravatar.com\/avatar\/3a8de04a2656d44082be478bd6c086daa447c4651605818287b9532d3d0bd435?s=96&d=mm&r=g","url":"https:\/\/secure.gravatar.com\/avatar\/3a8de04a2656d44082be478bd6c086daa447c4651605818287b9532d3d0bd435?s=96&d=mm&r=g","contentUrl":"https:\/\/secure.gravatar.com\/avatar\/3a8de04a2656d44082be478bd6c086daa447c4651605818287b9532d3d0bd435?s=96&d=mm&r=g","caption":"Lo viste en Los Pol\u00edticos"},"url":"https:\/\/lospoliticosveracruz.com\/?author=2"}]}},"_links":{"self":[{"href":"https:\/\/lospoliticosveracruz.com\/index.php?rest_route=\/wp\/v2\/posts\/48536","targetHints":{"allow":["GET"]}}],"collection":[{"href":"https:\/\/lospoliticosveracruz.com\/index.php?rest_route=\/wp\/v2\/posts"}],"about":[{"href":"https:\/\/lospoliticosveracruz.com\/index.php?rest_route=\/wp\/v2\/types\/post"}],"author":[{"embeddable":true,"href":"https:\/\/lospoliticosveracruz.com\/index.php?rest_route=\/wp\/v2\/users\/2"}],"replies":[{"embeddable":true,"href":"https:\/\/lospoliticosveracruz.com\/index.php?rest_route=%2Fwp%2Fv2%2Fcomments&post=48536"}],"version-history":[{"count":1,"href":"https:\/\/lospoliticosveracruz.com\/index.php?rest_route=\/wp\/v2\/posts\/48536\/revisions"}],"predecessor-version":[{"id":48538,"href":"https:\/\/lospoliticosveracruz.com\/index.php?rest_route=\/wp\/v2\/posts\/48536\/revisions\/48538"}],"wp:featuredmedia":[{"embeddable":true,"href":"https:\/\/lospoliticosveracruz.com\/index.php?rest_route=\/wp\/v2\/media\/48537"}],"wp:attachment":[{"href":"https:\/\/lospoliticosveracruz.com\/index.php?rest_route=%2Fwp%2Fv2%2Fmedia&parent=48536"}],"wp:term":[{"taxonomy":"category","embeddable":true,"href":"https:\/\/lospoliticosveracruz.com\/index.php?rest_route=%2Fwp%2Fv2%2Fcategories&post=48536"},{"taxonomy":"post_tag","embeddable":true,"href":"https:\/\/lospoliticosveracruz.com\/index.php?rest_route=%2Fwp%2Fv2%2Ftags&post=48536"}],"curies":[{"name":"wp","href":"https:\/\/api.w.org\/{rel}","templated":true}]}}