{"id":48539,"date":"2019-06-17T16:51:05","date_gmt":"2019-06-17T21:51:05","guid":{"rendered":"http:\/\/www.lospoliticosveracruz.com.mx\/?p=48539"},"modified":"2019-06-17T16:51:05","modified_gmt":"2019-06-17T21:51:05","slug":"atiende-imss-a-diputados-federales","status":"publish","type":"post","link":"https:\/\/lospoliticosveracruz.com\/?p=48539","title":{"rendered":"\u00a1Atiende IMSS a diputados federales!"},"content":{"rendered":"<p>En un encuentro con Diputados\u00a0 Federales, el delegado Regional del IMSS en Veracruz Norte, Candelario P\u00e9rez Alvarado, habl\u00f3 sobre la infraestructura m\u00e9dica, recaudaci\u00f3n, nuevos empleos, prestaciones sociales, competitividad y sobre acciones sustantivas para la protecci\u00f3n de la salud en la delegaci\u00f3n.<\/p>\n<p>En la delegaci\u00f3n se cuenta con 46 Unidades de Medicina Familiar, tres Hospitales Generales de Zona, tres Hospitales Generales de Zona con Medicina Familiar, dos Hospitales Generales de Subzona, seis Centros de Seguridad Social, dos Tiendas, un Velatorio, un Centro Regional de Seguridad, Capacitaci\u00f3n y Productividad, cinco Subdelegaciones, 291 Unidades M\u00e9dicas Rurales y tres Hospitales Rurales de IMSS-Bienestar.<\/p>\n<p>En un d\u00eda t\u00edpico se otorgan 14 mil 465 consultas m\u00e9dicas, se atienen mil 692 urgencias en promedio, nacen 26 ni\u00f1os, se realizan 16 mil 555 an\u00e1lisis cl\u00ednicos, se hacen mil 471 estudios de radiodiagn\u00f3stico, 541 estudios de ultrasonido, 75 tomograf\u00edas axiales, 148 sesiones de inhaloterapia, 81 hemodi\u00e1lisis, 939 terapias de medicina f\u00edsica y 120 encefalogramas; y en este a\u00f1o, se tiene como meta llevar a cabo 70 mil mastograf\u00edas para la detecci\u00f3n y diagn\u00f3stico de c\u00e1ncer de mama.<\/p>\n<p>Al 30 de abril de 2019 se registraron cinco mil nuevos empleos, lo que se traduce a un total de 479 mil 165 trabajadores asegurados, un mill\u00f3n 788 mil 793 derechohabientes; para este a\u00f1o, se tiene una meta de recaudaci\u00f3n de seis mil 782 millones de pesos; al mes de mayo del presente a\u00f1o se tiene una recaudaci\u00f3n de dos mil 798 millones de pesos, con un super\u00e1vit de 89.4 millones de pesos, lo que significa un 103 por ciento de cumplimiento.<\/p>\n<p>Cabe destacar, que la delegaci\u00f3n Veracruz Norte durante el periodo enero a mayo de 2019, ha tenido un ahorro de 124 millones de pesos al haber ganado 247 laudos a favor del IMSS.<\/p>\n<p>En el rubro de prestaciones sociales, se cuenta con 37 guarder\u00edas en las que se atienden a cuatro mil ni\u00f1os; y a trav\u00e9s de los Centros de Seguridad Social (CSS) por medio de Programa de Atenci\u00f3n Social a la Salud (PASS), se preserva la salud y se previenen enfermedades, accidentes, adicciones y se mejora la conducta; se ofertan actividades culturales, deportivas, de capacitaci\u00f3n y adiestramiento t\u00e9cnico para la incorporaci\u00f3n al mercado laboral.<\/p>\n<p>En lo que respecta a las acciones sustantivas para la protecci\u00f3n de la salud, la delegaci\u00f3n Veracruz Norte, se suma al Programa J\u00f3venes Construyendo el Futuro, por medio de cuatro segmentos como son: Salud, Educaci\u00f3n, Seguridad P\u00fablica y Deporte, con los cuales se capacitar\u00e1n a m\u00e1s de siete mil participantes.<\/p>\n<p>En este sentido y a nombre de sus compa\u00f1eros de bancada, el Diputado Federal, Eleuterio Arrieta S\u00e1nchez, dijo adherirse a las propuestas e iniciativas del Delegado en Veracruz Norte. Durante la reuni\u00f3n tambi\u00e9n estuvo presente el Secretario General de la Secci\u00f3n IX del SNTSS, Jos\u00e9 Mart\u00edn Sosa Nepomuceno, quien de igual manera se pronunci\u00f3.<\/p>\n","protected":false},"excerpt":{"rendered":"<p>En un encuentro con Diputados\u00a0 Federales, el delegado Regional del IMSS en Veracruz Norte, Candelario P\u00e9rez Alvarado, habl\u00f3 sobre la infraestructura m\u00e9dica, recaudaci\u00f3n, nuevos empleos, prestaciones sociales, competitividad y sobre acciones sustantivas para la protecci\u00f3n de la salud en la delegaci\u00f3n. En la delegaci\u00f3n se cuenta con 46 Unidades de Medicina Familiar, tres Hospitales Generales [&hellip;]<\/p>\n","protected":false},"author":2,"featured_media":48540,"comment_status":"open","ping_status":"open","sticky":false,"template":"","format":"standard","meta":{"tdm_status":"","tdm_grid_status":"","footnotes":""},"categories":[73],"tags":[14130,792,14802,12338],"class_list":{"0":"post-48539","1":"post","2":"type-post","3":"status-publish","4":"format-standard","5":"has-post-thumbnail","7":"category-de-boleto","8":"tag-candelario-perez-alvarado","9":"tag-diputados-federales","10":"tag-eleuterio-arrieta-sanchez","11":"tag-imss-veracruz-norte"},"yoast_head":"<!-- This site is optimized with the Yoast SEO plugin v27.4 - https:\/\/yoast.com\/product\/yoast-seo-wordpress\/ -->\n<title>\u00a1Atiende IMSS a diputados federales! - Los pol\u00edticos Veracruz<\/title>\n<meta name=\"robots\" content=\"index, follow, max-snippet:-1, max-image-preview:large, max-video-preview:-1\" \/>\n<link rel=\"canonical\" href=\"https:\/\/lospoliticosveracruz.com\/?p=48539\" \/>\n<meta property=\"og:locale\" content=\"es_ES\" \/>\n<meta property=\"og:type\" content=\"article\" \/>\n<meta property=\"og:title\" content=\"\u00a1Atiende IMSS a diputados federales! - Los pol\u00edticos Veracruz\" \/>\n<meta property=\"og:description\" content=\"En un encuentro con Diputados\u00a0 Federales, el delegado Regional del IMSS en Veracruz Norte, Candelario P\u00e9rez Alvarado, habl\u00f3 sobre la infraestructura m\u00e9dica, recaudaci\u00f3n, nuevos empleos, prestaciones sociales, competitividad y sobre acciones sustantivas para la protecci\u00f3n de la salud en la delegaci\u00f3n. En la delegaci\u00f3n se cuenta con 46 Unidades de Medicina Familiar, tres Hospitales Generales [&hellip;]\" \/>\n<meta property=\"og:url\" content=\"https:\/\/lospoliticosveracruz.com\/?p=48539\" \/>\n<meta property=\"og:site_name\" content=\"Los pol\u00edticos Veracruz\" \/>\n<meta property=\"article:publisher\" content=\"https:\/\/www.facebook.com\/people\/Notimemes-de-los-Polticos\/61565672886568\/\" \/>\n<meta property=\"article:published_time\" content=\"2019-06-17T21:51:05+00:00\" \/>\n<meta property=\"og:image\" content=\"https:\/\/lospoliticosveracruz.com\/wp-content\/uploads\/2019\/06\/Diputados-IMSS.jpeg\" \/>\n\t<meta property=\"og:image:width\" content=\"600\" \/>\n\t<meta property=\"og:image:height\" content=\"293\" \/>\n\t<meta property=\"og:image:type\" content=\"image\/jpeg\" \/>\n<meta name=\"author\" content=\"Lo viste en Los Pol\u00edticos\" \/>\n<meta name=\"twitter:card\" content=\"summary_large_image\" \/>\n<meta name=\"twitter:creator\" content=\"@LosPoliticosVer\" \/>\n<meta name=\"twitter:site\" content=\"@LosPoliticosVer\" \/>\n<meta name=\"twitter:label1\" content=\"Escrito por\" \/>\n\t<meta name=\"twitter:data1\" content=\"Lo viste en Los Pol\u00edticos\" \/>\n\t<meta name=\"twitter:label2\" content=\"Tiempo de lectura\" \/>\n\t<meta name=\"twitter:data2\" content=\"2 minutos\" \/>\n<script type=\"application\/ld+json\" class=\"yoast-schema-graph\">{\"@context\":\"https:\\\/\\\/schema.org\",\"@graph\":[{\"@type\":\"Article\",\"@id\":\"https:\\\/\\\/lospoliticosveracruz.com\\\/?p=48539#article\",\"isPartOf\":{\"@id\":\"https:\\\/\\\/lospoliticosveracruz.com\\\/?p=48539\"},\"author\":{\"name\":\"Lo viste en Los Pol\u00edticos\",\"@id\":\"https:\\\/\\\/lospoliticosveracruz.com\\\/#\\\/schema\\\/person\\\/b8702bb0e538456e6efd07080bf2a4a2\"},\"headline\":\"\u00a1Atiende IMSS a diputados federales!\",\"datePublished\":\"2019-06-17T21:51:05+00:00\",\"mainEntityOfPage\":{\"@id\":\"https:\\\/\\\/lospoliticosveracruz.com\\\/?p=48539\"},\"wordCount\":494,\"commentCount\":0,\"publisher\":{\"@id\":\"https:\\\/\\\/lospoliticosveracruz.com\\\/#organization\"},\"image\":{\"@id\":\"https:\\\/\\\/lospoliticosveracruz.com\\\/?p=48539#primaryimage\"},\"thumbnailUrl\":\"https:\\\/\\\/lospoliticosveracruz.com\\\/wp-content\\\/uploads\\\/2019\\\/06\\\/Diputados-IMSS.jpeg\",\"keywords\":[\"Candelario P\u00e9rez Alvarado\",\"Diputados Federales\",\"Eleuterio Arrieta S\u00e1nchez\",\"IMSS Veracruz Norte\"],\"articleSection\":[\"De Boleto\"],\"inLanguage\":\"es\",\"potentialAction\":[{\"@type\":\"CommentAction\",\"name\":\"Comment\",\"target\":[\"https:\\\/\\\/lospoliticosveracruz.com\\\/?p=48539#respond\"]}]},{\"@type\":\"WebPage\",\"@id\":\"https:\\\/\\\/lospoliticosveracruz.com\\\/?p=48539\",\"url\":\"https:\\\/\\\/lospoliticosveracruz.com\\\/?p=48539\",\"name\":\"\u00a1Atiende IMSS a diputados federales! - Los pol\u00edticos Veracruz\",\"isPartOf\":{\"@id\":\"https:\\\/\\\/lospoliticosveracruz.com\\\/#website\"},\"primaryImageOfPage\":{\"@id\":\"https:\\\/\\\/lospoliticosveracruz.com\\\/?p=48539#primaryimage\"},\"image\":{\"@id\":\"https:\\\/\\\/lospoliticosveracruz.com\\\/?p=48539#primaryimage\"},\"thumbnailUrl\":\"https:\\\/\\\/lospoliticosveracruz.com\\\/wp-content\\\/uploads\\\/2019\\\/06\\\/Diputados-IMSS.jpeg\",\"datePublished\":\"2019-06-17T21:51:05+00:00\",\"breadcrumb\":{\"@id\":\"https:\\\/\\\/lospoliticosveracruz.com\\\/?p=48539#breadcrumb\"},\"inLanguage\":\"es\",\"potentialAction\":[{\"@type\":\"ReadAction\",\"target\":[\"https:\\\/\\\/lospoliticosveracruz.com\\\/?p=48539\"]}]},{\"@type\":\"ImageObject\",\"inLanguage\":\"es\",\"@id\":\"https:\\\/\\\/lospoliticosveracruz.com\\\/?p=48539#primaryimage\",\"url\":\"https:\\\/\\\/lospoliticosveracruz.com\\\/wp-content\\\/uploads\\\/2019\\\/06\\\/Diputados-IMSS.jpeg\",\"contentUrl\":\"https:\\\/\\\/lospoliticosveracruz.com\\\/wp-content\\\/uploads\\\/2019\\\/06\\\/Diputados-IMSS.jpeg\",\"width\":600,\"height\":293},{\"@type\":\"BreadcrumbList\",\"@id\":\"https:\\\/\\\/lospoliticosveracruz.com\\\/?p=48539#breadcrumb\",\"itemListElement\":[{\"@type\":\"ListItem\",\"position\":1,\"name\":\"Portada\",\"item\":\"https:\\\/\\\/lospoliticosveracruz.com\\\/\"},{\"@type\":\"ListItem\",\"position\":2,\"name\":\"\u00a1Atiende IMSS a diputados federales!\"}]},{\"@type\":\"WebSite\",\"@id\":\"https:\\\/\\\/lospoliticosveracruz.com\\\/#website\",\"url\":\"https:\\\/\\\/lospoliticosveracruz.com\\\/\",\"name\":\"Los pol\u00edticos Veracruz\",\"description\":\"\",\"publisher\":{\"@id\":\"https:\\\/\\\/lospoliticosveracruz.com\\\/#organization\"},\"potentialAction\":[{\"@type\":\"SearchAction\",\"target\":{\"@type\":\"EntryPoint\",\"urlTemplate\":\"https:\\\/\\\/lospoliticosveracruz.com\\\/?s={search_term_string}\"},\"query-input\":{\"@type\":\"PropertyValueSpecification\",\"valueRequired\":true,\"valueName\":\"search_term_string\"}}],\"inLanguage\":\"es\"},{\"@type\":\"Organization\",\"@id\":\"https:\\\/\\\/lospoliticosveracruz.com\\\/#organization\",\"name\":\"Los pol\u00edticos Veracruz\",\"url\":\"https:\\\/\\\/lospoliticosveracruz.com\\\/\",\"logo\":{\"@type\":\"ImageObject\",\"inLanguage\":\"es\",\"@id\":\"https:\\\/\\\/lospoliticosveracruz.com\\\/#\\\/schema\\\/logo\\\/image\\\/\",\"url\":\"https:\\\/\\\/lospoliticosveracruz.com\\\/wp-content\\\/uploads\\\/2025\\\/12\\\/Logo-Nuevo-LOS-POLITICOS-1.jpg\",\"contentUrl\":\"https:\\\/\\\/lospoliticosveracruz.com\\\/wp-content\\\/uploads\\\/2025\\\/12\\\/Logo-Nuevo-LOS-POLITICOS-1.jpg\",\"width\":260,\"height\":70,\"caption\":\"Los pol\u00edticos Veracruz\"},\"image\":{\"@id\":\"https:\\\/\\\/lospoliticosveracruz.com\\\/#\\\/schema\\\/logo\\\/image\\\/\"},\"sameAs\":[\"https:\\\/\\\/www.facebook.com\\\/people\\\/Notimemes-de-los-Polticos\\\/61565672886568\\\/\",\"https:\\\/\\\/x.com\\\/LosPoliticosVer\"]},{\"@type\":\"Person\",\"@id\":\"https:\\\/\\\/lospoliticosveracruz.com\\\/#\\\/schema\\\/person\\\/b8702bb0e538456e6efd07080bf2a4a2\",\"name\":\"Lo viste en Los Pol\u00edticos\",\"image\":{\"@type\":\"ImageObject\",\"inLanguage\":\"es\",\"@id\":\"https:\\\/\\\/secure.gravatar.com\\\/avatar\\\/3a8de04a2656d44082be478bd6c086daa447c4651605818287b9532d3d0bd435?s=96&d=mm&r=g\",\"url\":\"https:\\\/\\\/secure.gravatar.com\\\/avatar\\\/3a8de04a2656d44082be478bd6c086daa447c4651605818287b9532d3d0bd435?s=96&d=mm&r=g\",\"contentUrl\":\"https:\\\/\\\/secure.gravatar.com\\\/avatar\\\/3a8de04a2656d44082be478bd6c086daa447c4651605818287b9532d3d0bd435?s=96&d=mm&r=g\",\"caption\":\"Lo viste en Los Pol\u00edticos\"},\"url\":\"https:\\\/\\\/lospoliticosveracruz.com\\\/?author=2\"}]}<\/script>\n<!-- \/ Yoast SEO plugin. -->","yoast_head_json":{"title":"\u00a1Atiende IMSS a diputados federales! - Los pol\u00edticos Veracruz","robots":{"index":"index","follow":"follow","max-snippet":"max-snippet:-1","max-image-preview":"max-image-preview:large","max-video-preview":"max-video-preview:-1"},"canonical":"https:\/\/lospoliticosveracruz.com\/?p=48539","og_locale":"es_ES","og_type":"article","og_title":"\u00a1Atiende IMSS a diputados federales! - Los pol\u00edticos Veracruz","og_description":"En un encuentro con Diputados\u00a0 Federales, el delegado Regional del IMSS en Veracruz Norte, Candelario P\u00e9rez Alvarado, habl\u00f3 sobre la infraestructura m\u00e9dica, recaudaci\u00f3n, nuevos empleos, prestaciones sociales, competitividad y sobre acciones sustantivas para la protecci\u00f3n de la salud en la delegaci\u00f3n. En la delegaci\u00f3n se cuenta con 46 Unidades de Medicina Familiar, tres Hospitales Generales [&hellip;]","og_url":"https:\/\/lospoliticosveracruz.com\/?p=48539","og_site_name":"Los pol\u00edticos Veracruz","article_publisher":"https:\/\/www.facebook.com\/people\/Notimemes-de-los-Polticos\/61565672886568\/","article_published_time":"2019-06-17T21:51:05+00:00","og_image":[{"width":600,"height":293,"url":"https:\/\/lospoliticosveracruz.com\/wp-content\/uploads\/2019\/06\/Diputados-IMSS.jpeg","type":"image\/jpeg"}],"author":"Lo viste en Los Pol\u00edticos","twitter_card":"summary_large_image","twitter_creator":"@LosPoliticosVer","twitter_site":"@LosPoliticosVer","twitter_misc":{"Escrito por":"Lo viste en Los Pol\u00edticos","Tiempo de lectura":"2 minutos"},"schema":{"@context":"https:\/\/schema.org","@graph":[{"@type":"Article","@id":"https:\/\/lospoliticosveracruz.com\/?p=48539#article","isPartOf":{"@id":"https:\/\/lospoliticosveracruz.com\/?p=48539"},"author":{"name":"Lo viste en Los Pol\u00edticos","@id":"https:\/\/lospoliticosveracruz.com\/#\/schema\/person\/b8702bb0e538456e6efd07080bf2a4a2"},"headline":"\u00a1Atiende IMSS a diputados federales!","datePublished":"2019-06-17T21:51:05+00:00","mainEntityOfPage":{"@id":"https:\/\/lospoliticosveracruz.com\/?p=48539"},"wordCount":494,"commentCount":0,"publisher":{"@id":"https:\/\/lospoliticosveracruz.com\/#organization"},"image":{"@id":"https:\/\/lospoliticosveracruz.com\/?p=48539#primaryimage"},"thumbnailUrl":"https:\/\/lospoliticosveracruz.com\/wp-content\/uploads\/2019\/06\/Diputados-IMSS.jpeg","keywords":["Candelario P\u00e9rez Alvarado","Diputados Federales","Eleuterio Arrieta S\u00e1nchez","IMSS Veracruz Norte"],"articleSection":["De Boleto"],"inLanguage":"es","potentialAction":[{"@type":"CommentAction","name":"Comment","target":["https:\/\/lospoliticosveracruz.com\/?p=48539#respond"]}]},{"@type":"WebPage","@id":"https:\/\/lospoliticosveracruz.com\/?p=48539","url":"https:\/\/lospoliticosveracruz.com\/?p=48539","name":"\u00a1Atiende IMSS a diputados federales! - Los pol\u00edticos Veracruz","isPartOf":{"@id":"https:\/\/lospoliticosveracruz.com\/#website"},"primaryImageOfPage":{"@id":"https:\/\/lospoliticosveracruz.com\/?p=48539#primaryimage"},"image":{"@id":"https:\/\/lospoliticosveracruz.com\/?p=48539#primaryimage"},"thumbnailUrl":"https:\/\/lospoliticosveracruz.com\/wp-content\/uploads\/2019\/06\/Diputados-IMSS.jpeg","datePublished":"2019-06-17T21:51:05+00:00","breadcrumb":{"@id":"https:\/\/lospoliticosveracruz.com\/?p=48539#breadcrumb"},"inLanguage":"es","potentialAction":[{"@type":"ReadAction","target":["https:\/\/lospoliticosveracruz.com\/?p=48539"]}]},{"@type":"ImageObject","inLanguage":"es","@id":"https:\/\/lospoliticosveracruz.com\/?p=48539#primaryimage","url":"https:\/\/lospoliticosveracruz.com\/wp-content\/uploads\/2019\/06\/Diputados-IMSS.jpeg","contentUrl":"https:\/\/lospoliticosveracruz.com\/wp-content\/uploads\/2019\/06\/Diputados-IMSS.jpeg","width":600,"height":293},{"@type":"BreadcrumbList","@id":"https:\/\/lospoliticosveracruz.com\/?p=48539#breadcrumb","itemListElement":[{"@type":"ListItem","position":1,"name":"Portada","item":"https:\/\/lospoliticosveracruz.com\/"},{"@type":"ListItem","position":2,"name":"\u00a1Atiende IMSS a diputados federales!"}]},{"@type":"WebSite","@id":"https:\/\/lospoliticosveracruz.com\/#website","url":"https:\/\/lospoliticosveracruz.com\/","name":"Los pol\u00edticos Veracruz","description":"","publisher":{"@id":"https:\/\/lospoliticosveracruz.com\/#organization"},"potentialAction":[{"@type":"SearchAction","target":{"@type":"EntryPoint","urlTemplate":"https:\/\/lospoliticosveracruz.com\/?s={search_term_string}"},"query-input":{"@type":"PropertyValueSpecification","valueRequired":true,"valueName":"search_term_string"}}],"inLanguage":"es"},{"@type":"Organization","@id":"https:\/\/lospoliticosveracruz.com\/#organization","name":"Los pol\u00edticos Veracruz","url":"https:\/\/lospoliticosveracruz.com\/","logo":{"@type":"ImageObject","inLanguage":"es","@id":"https:\/\/lospoliticosveracruz.com\/#\/schema\/logo\/image\/","url":"https:\/\/lospoliticosveracruz.com\/wp-content\/uploads\/2025\/12\/Logo-Nuevo-LOS-POLITICOS-1.jpg","contentUrl":"https:\/\/lospoliticosveracruz.com\/wp-content\/uploads\/2025\/12\/Logo-Nuevo-LOS-POLITICOS-1.jpg","width":260,"height":70,"caption":"Los pol\u00edticos Veracruz"},"image":{"@id":"https:\/\/lospoliticosveracruz.com\/#\/schema\/logo\/image\/"},"sameAs":["https:\/\/www.facebook.com\/people\/Notimemes-de-los-Polticos\/61565672886568\/","https:\/\/x.com\/LosPoliticosVer"]},{"@type":"Person","@id":"https:\/\/lospoliticosveracruz.com\/#\/schema\/person\/b8702bb0e538456e6efd07080bf2a4a2","name":"Lo viste en Los Pol\u00edticos","image":{"@type":"ImageObject","inLanguage":"es","@id":"https:\/\/secure.gravatar.com\/avatar\/3a8de04a2656d44082be478bd6c086daa447c4651605818287b9532d3d0bd435?s=96&d=mm&r=g","url":"https:\/\/secure.gravatar.com\/avatar\/3a8de04a2656d44082be478bd6c086daa447c4651605818287b9532d3d0bd435?s=96&d=mm&r=g","contentUrl":"https:\/\/secure.gravatar.com\/avatar\/3a8de04a2656d44082be478bd6c086daa447c4651605818287b9532d3d0bd435?s=96&d=mm&r=g","caption":"Lo viste en Los Pol\u00edticos"},"url":"https:\/\/lospoliticosveracruz.com\/?author=2"}]}},"_links":{"self":[{"href":"https:\/\/lospoliticosveracruz.com\/index.php?rest_route=\/wp\/v2\/posts\/48539","targetHints":{"allow":["GET"]}}],"collection":[{"href":"https:\/\/lospoliticosveracruz.com\/index.php?rest_route=\/wp\/v2\/posts"}],"about":[{"href":"https:\/\/lospoliticosveracruz.com\/index.php?rest_route=\/wp\/v2\/types\/post"}],"author":[{"embeddable":true,"href":"https:\/\/lospoliticosveracruz.com\/index.php?rest_route=\/wp\/v2\/users\/2"}],"replies":[{"embeddable":true,"href":"https:\/\/lospoliticosveracruz.com\/index.php?rest_route=%2Fwp%2Fv2%2Fcomments&post=48539"}],"version-history":[{"count":1,"href":"https:\/\/lospoliticosveracruz.com\/index.php?rest_route=\/wp\/v2\/posts\/48539\/revisions"}],"predecessor-version":[{"id":48541,"href":"https:\/\/lospoliticosveracruz.com\/index.php?rest_route=\/wp\/v2\/posts\/48539\/revisions\/48541"}],"wp:featuredmedia":[{"embeddable":true,"href":"https:\/\/lospoliticosveracruz.com\/index.php?rest_route=\/wp\/v2\/media\/48540"}],"wp:attachment":[{"href":"https:\/\/lospoliticosveracruz.com\/index.php?rest_route=%2Fwp%2Fv2%2Fmedia&parent=48539"}],"wp:term":[{"taxonomy":"category","embeddable":true,"href":"https:\/\/lospoliticosveracruz.com\/index.php?rest_route=%2Fwp%2Fv2%2Fcategories&post=48539"},{"taxonomy":"post_tag","embeddable":true,"href":"https:\/\/lospoliticosveracruz.com\/index.php?rest_route=%2Fwp%2Fv2%2Ftags&post=48539"}],"curies":[{"name":"wp","href":"https:\/\/api.w.org\/{rel}","templated":true}]}}