{"id":48550,"date":"2019-06-18T22:55:42","date_gmt":"2019-06-19T03:55:42","guid":{"rendered":"http:\/\/www.lospoliticosveracruz.com.mx\/?p=48550"},"modified":"2019-06-18T20:31:23","modified_gmt":"2019-06-19T01:31:23","slug":"marmiko-la-confianza-de-cuic","status":"publish","type":"post","link":"https:\/\/lospoliticosveracruz.com\/?p=48550","title":{"rendered":"Marmiko: la confianza de Cuic"},"content":{"rendered":"<p><strong>Salvador Mu\u00f1oz<\/strong><\/p>\n<p><em>Los Pol\u00edticos<\/em><\/p>\n<p><span style=\"font-weight: 400;\">Escucho por la ma\u00f1ana, en MVS Noticias, a Marcos Miranda Cogco y las razones por las que considera es responsable el Gobierno del Estado de Veracruz tanto de su \u201clevant\u00f3n\u201d como de su \u201crescate\u201d.<\/span><\/p>\n<p><span style=\"font-weight: 400;\">Habr\u00e1 gente que pueda o no estar de acuerdo con las palabras del conocido Marmiko, pero quiz\u00e1s en lo que s\u00ed podamos todos coincidir, es que si la voz del jarocho se escuch\u00f3 en un noticiario de corte nacional, lo m\u00ednimo que se pod\u00eda esperar es que una vez que conclu\u00eda la entrevista, entrara la voz del Gobierno estatal para que explicara o refutara las aseveraciones en su contra\u2026<\/span><\/p>\n<p><span style=\"font-weight: 400;\">\u00bfA qui\u00e9n esperaba o\u00edr? En primera instancia, a Cuitl\u00e1huac Garc\u00eda Jim\u00e9nez, o \u201cya de perdis\u201d, a Eric Cisneros Burgos\u2026 pero no, al menos hasta el tiempo que estuve escuchando la radio, nadie del Gobierno veracruzano hizo uso del derecho de r\u00e9plica\u2026 \u00bfUn \u201cdejar hacer, dejar pasar\u201d de la administraci\u00f3n estatal? Insisto\u2026 a todos nos queda en claro una cosa: Marmiko fue v\u00edctima de la privaci\u00f3n ilegal de su libertad\u2026 pero enfilar acusaciones contra el Gobierno del Estado tales como haber sido orquestador de una mara\u00f1a de tal tama\u00f1o, es algo muy serio\u2026 aunque igual de serio es el silencio que guard\u00f3 el Gobierno del Estado\u2026<\/span><\/p>\n<p><span style=\"font-weight: 400;\">\u00bfDebe o no responder a tales acusaciones? Yo creo que s\u00ed, porque al menos la percepci\u00f3n que se tiene en este momento, a nivel nacional, es que si hay una v\u00edctima, \u00e9sta es un periodista y lo peor, por el ejercicio de su funci\u00f3n y en manos de las autoridades estatales.<\/span><\/p>\n<p><span style=\"font-weight: 400;\">S\u00ed, es posible que Iv\u00e1n Joseph Luna, titular de Comunicaci\u00f3n Social de Gobierno del Estado, pudiera responder que se dio una posici\u00f3n al video que se viraliz\u00f3 de Marmiko pidiendo salir del pa\u00eds: \u201cEl Gobierno reitera sus esfuerzos para garantizar el Estado de derecho y libre ejercicio del periodismo para TODOS, en el caso particular de atentados, secuestros y asesinatos de periodistas exigimos que TODOS se investiguen A FONDO.\u201d<\/span><\/p>\n<p><span style=\"font-weight: 400;\">Entiendo que con este posicionamiento del pasado 17 de este mes, dan por zanjado el \u201cAffaire Marmiko\u201d&#8230; y vuelta a la hoja.<\/span><\/p>\n<p><span style=\"font-weight: 400;\">Est\u00e1 bien\u2026 es su forma de comunicar aunque no basta en el caso del Gobierno estatal, un tuitazo\u2026 lo acepto: es el estilo de hacer pol\u00edtica de esta nueva administraci\u00f3n. Quiz\u00e1s otros gobernadores o secretarios de Gobierno, en otros tiempos, hubieran acudido a la casa de la v\u00edctima, se hubieran tomado la foto, hubieran extendido un bolet\u00edn con tales im\u00e1genes y atrincherado al comunicador\u2026 pero el estilo es el hombre, reza el adagio, y como tal, creo que se debe respetar la forma en que la Cuarta Transformaci\u00f3n entiende el quehacer de la pol\u00edtica\u2026 pero, insisto, no puede dejar abierto el micr\u00f3fono de una radiodifusora de car\u00e1cter nacional, a una sola voz\u2026 porque hoy por hoy, radioescuchas de cualquier latitud y altitud del pa\u00eds saben que en Veracruz, el Gobierno estatal est\u00e1 inmiscuido en un \u201clevant\u00f3n\u201d y \u201crescate\u201d de un periodista que clama salir del pa\u00eds, junto con su familia, por temor a represalias.<\/span><\/p>\n<p><span style=\"font-weight: 400;\">Se ignora hasta d\u00f3nde vaya a parar este ambiente tan enrarecido que hay en torno a las autoridades estatales y los se\u00f1alamientos, insisto, tan graves y serios que les imputa Marmiko, pero s\u00ed se sabe que lejos de que Cuitl\u00e1huac Garc\u00eda o Eric Cisneros se ayuden, a veces parece que conf\u00edan mucho en saber que, ante cualquier contingencia pol\u00edtica, de seguridad o del tipo que usted quiera, siempre habr\u00e1 un espacio en la agenda del Pejedente para visitar Veracruz, encontrarle una nueva virtud a su predilecto, y recetarle un apapacho y palmada en la espalda a Cuitl\u00e1huac, pensando que con eso, los problemas que vive el veracruzano de a pie, quedaron resueltos\u2026<\/span><\/p>\n<p>&nbsp;<\/p>\n<p><span style=\"font-weight: 400;\">smcainito@gmail.com<\/span><\/p>\n<p>&nbsp;<\/p>\n","protected":false},"excerpt":{"rendered":"<p>Salvador Mu\u00f1oz Los Pol\u00edticos Escucho por la ma\u00f1ana, en MVS Noticias, a Marcos Miranda Cogco y las razones por las que considera es responsable el Gobierno del Estado de Veracruz tanto de su \u201clevant\u00f3n\u201d como de su \u201crescate\u201d. Habr\u00e1 gente que pueda o no estar de acuerdo con las palabras del conocido Marmiko, pero quiz\u00e1s [&hellip;]<\/p>\n","protected":false},"author":2,"featured_media":48551,"comment_status":"open","ping_status":"open","sticky":false,"template":"","format":"standard","meta":{"tdm_status":"","tdm_grid_status":"","footnotes":""},"categories":[70],"tags":[933,1563,12299,4076,13358,9861,2681,14771,478,195],"class_list":{"0":"post-48550","1":"post","2":"type-post","3":"status-publish","4":"format-standard","5":"has-post-thumbnail","7":"category-de-opinion","8":"tag-comunicacion-social","9":"tag-cuitlahuac-garcia-jimenez","10":"tag-eric-cisneros-burgos","11":"tag-gobierno-del-estado","12":"tag-ivan-joseph-luna","13":"tag-levanton","14":"tag-marcos-miranda-cogco","15":"tag-marmiko","16":"tag-mvs-noticias","17":"tag-veracruz"},"yoast_head":"<!-- This site is optimized with the Yoast SEO plugin v27.4 - https:\/\/yoast.com\/product\/yoast-seo-wordpress\/ -->\n<title>Marmiko: la confianza de Cuic - Los pol\u00edticos Veracruz<\/title>\n<meta name=\"robots\" content=\"index, follow, max-snippet:-1, max-image-preview:large, max-video-preview:-1\" \/>\n<link rel=\"canonical\" href=\"https:\/\/lospoliticosveracruz.com\/?p=48550\" \/>\n<meta property=\"og:locale\" content=\"es_ES\" \/>\n<meta property=\"og:type\" content=\"article\" \/>\n<meta property=\"og:title\" content=\"Marmiko: la confianza de Cuic - Los pol\u00edticos Veracruz\" \/>\n<meta property=\"og:description\" content=\"Salvador Mu\u00f1oz Los Pol\u00edticos Escucho por la ma\u00f1ana, en MVS Noticias, a Marcos Miranda Cogco y las razones por las que considera es responsable el Gobierno del Estado de Veracruz tanto de su \u201clevant\u00f3n\u201d como de su \u201crescate\u201d. Habr\u00e1 gente que pueda o no estar de acuerdo con las palabras del conocido Marmiko, pero quiz\u00e1s [&hellip;]\" \/>\n<meta property=\"og:url\" content=\"https:\/\/lospoliticosveracruz.com\/?p=48550\" \/>\n<meta property=\"og:site_name\" content=\"Los pol\u00edticos Veracruz\" \/>\n<meta property=\"article:publisher\" content=\"https:\/\/www.facebook.com\/people\/Notimemes-de-los-Polticos\/61565672886568\/\" \/>\n<meta property=\"article:published_time\" content=\"2019-06-19T03:55:42+00:00\" \/>\n<meta property=\"og:image\" content=\"https:\/\/lospoliticosveracruz.com\/wp-content\/uploads\/2019\/06\/Marcos.jpeg\" \/>\n\t<meta property=\"og:image:width\" content=\"600\" \/>\n\t<meta property=\"og:image:height\" content=\"450\" \/>\n\t<meta property=\"og:image:type\" content=\"image\/jpeg\" \/>\n<meta name=\"author\" content=\"Lo viste en Los Pol\u00edticos\" \/>\n<meta name=\"twitter:card\" content=\"summary_large_image\" \/>\n<meta name=\"twitter:creator\" content=\"@LosPoliticosVer\" \/>\n<meta name=\"twitter:site\" content=\"@LosPoliticosVer\" \/>\n<meta name=\"twitter:label1\" content=\"Escrito por\" \/>\n\t<meta name=\"twitter:data1\" content=\"Lo viste en Los Pol\u00edticos\" \/>\n\t<meta name=\"twitter:label2\" content=\"Tiempo de lectura\" \/>\n\t<meta name=\"twitter:data2\" content=\"3 minutos\" \/>\n<script type=\"application\/ld+json\" class=\"yoast-schema-graph\">{\"@context\":\"https:\\\/\\\/schema.org\",\"@graph\":[{\"@type\":\"Article\",\"@id\":\"https:\\\/\\\/lospoliticosveracruz.com\\\/?p=48550#article\",\"isPartOf\":{\"@id\":\"https:\\\/\\\/lospoliticosveracruz.com\\\/?p=48550\"},\"author\":{\"name\":\"Lo viste en Los Pol\u00edticos\",\"@id\":\"https:\\\/\\\/lospoliticosveracruz.com\\\/#\\\/schema\\\/person\\\/b8702bb0e538456e6efd07080bf2a4a2\"},\"headline\":\"Marmiko: la confianza de Cuic\",\"datePublished\":\"2019-06-19T03:55:42+00:00\",\"mainEntityOfPage\":{\"@id\":\"https:\\\/\\\/lospoliticosveracruz.com\\\/?p=48550\"},\"wordCount\":675,\"commentCount\":0,\"publisher\":{\"@id\":\"https:\\\/\\\/lospoliticosveracruz.com\\\/#organization\"},\"image\":{\"@id\":\"https:\\\/\\\/lospoliticosveracruz.com\\\/?p=48550#primaryimage\"},\"thumbnailUrl\":\"https:\\\/\\\/lospoliticosveracruz.com\\\/wp-content\\\/uploads\\\/2019\\\/06\\\/Marcos.jpeg\",\"keywords\":[\"Comunicaci\u00f3n Social\",\"Cuitl\u00e1huac Garc\u00eda Jim\u00e9nez\",\"Eric Cisneros Burgos\",\"Gobierno del Estado\",\"Iv\u00e1n Joseph Luna\",\"levant\u00f3n\",\"Marcos Miranda Cogco\",\"Marmiko\",\"MVS Noticias\",\"Veracruz\"],\"articleSection\":[\"De Opini\u00f3n\"],\"inLanguage\":\"es\",\"potentialAction\":[{\"@type\":\"CommentAction\",\"name\":\"Comment\",\"target\":[\"https:\\\/\\\/lospoliticosveracruz.com\\\/?p=48550#respond\"]}]},{\"@type\":\"WebPage\",\"@id\":\"https:\\\/\\\/lospoliticosveracruz.com\\\/?p=48550\",\"url\":\"https:\\\/\\\/lospoliticosveracruz.com\\\/?p=48550\",\"name\":\"Marmiko: la confianza de Cuic - Los pol\u00edticos Veracruz\",\"isPartOf\":{\"@id\":\"https:\\\/\\\/lospoliticosveracruz.com\\\/#website\"},\"primaryImageOfPage\":{\"@id\":\"https:\\\/\\\/lospoliticosveracruz.com\\\/?p=48550#primaryimage\"},\"image\":{\"@id\":\"https:\\\/\\\/lospoliticosveracruz.com\\\/?p=48550#primaryimage\"},\"thumbnailUrl\":\"https:\\\/\\\/lospoliticosveracruz.com\\\/wp-content\\\/uploads\\\/2019\\\/06\\\/Marcos.jpeg\",\"datePublished\":\"2019-06-19T03:55:42+00:00\",\"breadcrumb\":{\"@id\":\"https:\\\/\\\/lospoliticosveracruz.com\\\/?p=48550#breadcrumb\"},\"inLanguage\":\"es\",\"potentialAction\":[{\"@type\":\"ReadAction\",\"target\":[\"https:\\\/\\\/lospoliticosveracruz.com\\\/?p=48550\"]}]},{\"@type\":\"ImageObject\",\"inLanguage\":\"es\",\"@id\":\"https:\\\/\\\/lospoliticosveracruz.com\\\/?p=48550#primaryimage\",\"url\":\"https:\\\/\\\/lospoliticosveracruz.com\\\/wp-content\\\/uploads\\\/2019\\\/06\\\/Marcos.jpeg\",\"contentUrl\":\"https:\\\/\\\/lospoliticosveracruz.com\\\/wp-content\\\/uploads\\\/2019\\\/06\\\/Marcos.jpeg\",\"width\":600,\"height\":450},{\"@type\":\"BreadcrumbList\",\"@id\":\"https:\\\/\\\/lospoliticosveracruz.com\\\/?p=48550#breadcrumb\",\"itemListElement\":[{\"@type\":\"ListItem\",\"position\":1,\"name\":\"Portada\",\"item\":\"https:\\\/\\\/lospoliticosveracruz.com\\\/\"},{\"@type\":\"ListItem\",\"position\":2,\"name\":\"Marmiko: la confianza de Cuic\"}]},{\"@type\":\"WebSite\",\"@id\":\"https:\\\/\\\/lospoliticosveracruz.com\\\/#website\",\"url\":\"https:\\\/\\\/lospoliticosveracruz.com\\\/\",\"name\":\"Los pol\u00edticos Veracruz\",\"description\":\"\",\"publisher\":{\"@id\":\"https:\\\/\\\/lospoliticosveracruz.com\\\/#organization\"},\"potentialAction\":[{\"@type\":\"SearchAction\",\"target\":{\"@type\":\"EntryPoint\",\"urlTemplate\":\"https:\\\/\\\/lospoliticosveracruz.com\\\/?s={search_term_string}\"},\"query-input\":{\"@type\":\"PropertyValueSpecification\",\"valueRequired\":true,\"valueName\":\"search_term_string\"}}],\"inLanguage\":\"es\"},{\"@type\":\"Organization\",\"@id\":\"https:\\\/\\\/lospoliticosveracruz.com\\\/#organization\",\"name\":\"Los pol\u00edticos Veracruz\",\"url\":\"https:\\\/\\\/lospoliticosveracruz.com\\\/\",\"logo\":{\"@type\":\"ImageObject\",\"inLanguage\":\"es\",\"@id\":\"https:\\\/\\\/lospoliticosveracruz.com\\\/#\\\/schema\\\/logo\\\/image\\\/\",\"url\":\"https:\\\/\\\/lospoliticosveracruz.com\\\/wp-content\\\/uploads\\\/2025\\\/12\\\/Logo-Nuevo-LOS-POLITICOS-1.jpg\",\"contentUrl\":\"https:\\\/\\\/lospoliticosveracruz.com\\\/wp-content\\\/uploads\\\/2025\\\/12\\\/Logo-Nuevo-LOS-POLITICOS-1.jpg\",\"width\":260,\"height\":70,\"caption\":\"Los pol\u00edticos Veracruz\"},\"image\":{\"@id\":\"https:\\\/\\\/lospoliticosveracruz.com\\\/#\\\/schema\\\/logo\\\/image\\\/\"},\"sameAs\":[\"https:\\\/\\\/www.facebook.com\\\/people\\\/Notimemes-de-los-Polticos\\\/61565672886568\\\/\",\"https:\\\/\\\/x.com\\\/LosPoliticosVer\"]},{\"@type\":\"Person\",\"@id\":\"https:\\\/\\\/lospoliticosveracruz.com\\\/#\\\/schema\\\/person\\\/b8702bb0e538456e6efd07080bf2a4a2\",\"name\":\"Lo viste en Los Pol\u00edticos\",\"image\":{\"@type\":\"ImageObject\",\"inLanguage\":\"es\",\"@id\":\"https:\\\/\\\/secure.gravatar.com\\\/avatar\\\/3a8de04a2656d44082be478bd6c086daa447c4651605818287b9532d3d0bd435?s=96&d=mm&r=g\",\"url\":\"https:\\\/\\\/secure.gravatar.com\\\/avatar\\\/3a8de04a2656d44082be478bd6c086daa447c4651605818287b9532d3d0bd435?s=96&d=mm&r=g\",\"contentUrl\":\"https:\\\/\\\/secure.gravatar.com\\\/avatar\\\/3a8de04a2656d44082be478bd6c086daa447c4651605818287b9532d3d0bd435?s=96&d=mm&r=g\",\"caption\":\"Lo viste en Los Pol\u00edticos\"},\"url\":\"https:\\\/\\\/lospoliticosveracruz.com\\\/?author=2\"}]}<\/script>\n<!-- \/ Yoast SEO plugin. -->","yoast_head_json":{"title":"Marmiko: la confianza de Cuic - Los pol\u00edticos Veracruz","robots":{"index":"index","follow":"follow","max-snippet":"max-snippet:-1","max-image-preview":"max-image-preview:large","max-video-preview":"max-video-preview:-1"},"canonical":"https:\/\/lospoliticosveracruz.com\/?p=48550","og_locale":"es_ES","og_type":"article","og_title":"Marmiko: la confianza de Cuic - Los pol\u00edticos Veracruz","og_description":"Salvador Mu\u00f1oz Los Pol\u00edticos Escucho por la ma\u00f1ana, en MVS Noticias, a Marcos Miranda Cogco y las razones por las que considera es responsable el Gobierno del Estado de Veracruz tanto de su \u201clevant\u00f3n\u201d como de su \u201crescate\u201d. Habr\u00e1 gente que pueda o no estar de acuerdo con las palabras del conocido Marmiko, pero quiz\u00e1s [&hellip;]","og_url":"https:\/\/lospoliticosveracruz.com\/?p=48550","og_site_name":"Los pol\u00edticos Veracruz","article_publisher":"https:\/\/www.facebook.com\/people\/Notimemes-de-los-Polticos\/61565672886568\/","article_published_time":"2019-06-19T03:55:42+00:00","og_image":[{"width":600,"height":450,"url":"https:\/\/lospoliticosveracruz.com\/wp-content\/uploads\/2019\/06\/Marcos.jpeg","type":"image\/jpeg"}],"author":"Lo viste en Los Pol\u00edticos","twitter_card":"summary_large_image","twitter_creator":"@LosPoliticosVer","twitter_site":"@LosPoliticosVer","twitter_misc":{"Escrito por":"Lo viste en Los Pol\u00edticos","Tiempo de lectura":"3 minutos"},"schema":{"@context":"https:\/\/schema.org","@graph":[{"@type":"Article","@id":"https:\/\/lospoliticosveracruz.com\/?p=48550#article","isPartOf":{"@id":"https:\/\/lospoliticosveracruz.com\/?p=48550"},"author":{"name":"Lo viste en Los Pol\u00edticos","@id":"https:\/\/lospoliticosveracruz.com\/#\/schema\/person\/b8702bb0e538456e6efd07080bf2a4a2"},"headline":"Marmiko: la confianza de Cuic","datePublished":"2019-06-19T03:55:42+00:00","mainEntityOfPage":{"@id":"https:\/\/lospoliticosveracruz.com\/?p=48550"},"wordCount":675,"commentCount":0,"publisher":{"@id":"https:\/\/lospoliticosveracruz.com\/#organization"},"image":{"@id":"https:\/\/lospoliticosveracruz.com\/?p=48550#primaryimage"},"thumbnailUrl":"https:\/\/lospoliticosveracruz.com\/wp-content\/uploads\/2019\/06\/Marcos.jpeg","keywords":["Comunicaci\u00f3n Social","Cuitl\u00e1huac Garc\u00eda Jim\u00e9nez","Eric Cisneros Burgos","Gobierno del Estado","Iv\u00e1n Joseph Luna","levant\u00f3n","Marcos Miranda Cogco","Marmiko","MVS Noticias","Veracruz"],"articleSection":["De Opini\u00f3n"],"inLanguage":"es","potentialAction":[{"@type":"CommentAction","name":"Comment","target":["https:\/\/lospoliticosveracruz.com\/?p=48550#respond"]}]},{"@type":"WebPage","@id":"https:\/\/lospoliticosveracruz.com\/?p=48550","url":"https:\/\/lospoliticosveracruz.com\/?p=48550","name":"Marmiko: la confianza de Cuic - Los pol\u00edticos Veracruz","isPartOf":{"@id":"https:\/\/lospoliticosveracruz.com\/#website"},"primaryImageOfPage":{"@id":"https:\/\/lospoliticosveracruz.com\/?p=48550#primaryimage"},"image":{"@id":"https:\/\/lospoliticosveracruz.com\/?p=48550#primaryimage"},"thumbnailUrl":"https:\/\/lospoliticosveracruz.com\/wp-content\/uploads\/2019\/06\/Marcos.jpeg","datePublished":"2019-06-19T03:55:42+00:00","breadcrumb":{"@id":"https:\/\/lospoliticosveracruz.com\/?p=48550#breadcrumb"},"inLanguage":"es","potentialAction":[{"@type":"ReadAction","target":["https:\/\/lospoliticosveracruz.com\/?p=48550"]}]},{"@type":"ImageObject","inLanguage":"es","@id":"https:\/\/lospoliticosveracruz.com\/?p=48550#primaryimage","url":"https:\/\/lospoliticosveracruz.com\/wp-content\/uploads\/2019\/06\/Marcos.jpeg","contentUrl":"https:\/\/lospoliticosveracruz.com\/wp-content\/uploads\/2019\/06\/Marcos.jpeg","width":600,"height":450},{"@type":"BreadcrumbList","@id":"https:\/\/lospoliticosveracruz.com\/?p=48550#breadcrumb","itemListElement":[{"@type":"ListItem","position":1,"name":"Portada","item":"https:\/\/lospoliticosveracruz.com\/"},{"@type":"ListItem","position":2,"name":"Marmiko: la confianza de Cuic"}]},{"@type":"WebSite","@id":"https:\/\/lospoliticosveracruz.com\/#website","url":"https:\/\/lospoliticosveracruz.com\/","name":"Los pol\u00edticos Veracruz","description":"","publisher":{"@id":"https:\/\/lospoliticosveracruz.com\/#organization"},"potentialAction":[{"@type":"SearchAction","target":{"@type":"EntryPoint","urlTemplate":"https:\/\/lospoliticosveracruz.com\/?s={search_term_string}"},"query-input":{"@type":"PropertyValueSpecification","valueRequired":true,"valueName":"search_term_string"}}],"inLanguage":"es"},{"@type":"Organization","@id":"https:\/\/lospoliticosveracruz.com\/#organization","name":"Los pol\u00edticos Veracruz","url":"https:\/\/lospoliticosveracruz.com\/","logo":{"@type":"ImageObject","inLanguage":"es","@id":"https:\/\/lospoliticosveracruz.com\/#\/schema\/logo\/image\/","url":"https:\/\/lospoliticosveracruz.com\/wp-content\/uploads\/2025\/12\/Logo-Nuevo-LOS-POLITICOS-1.jpg","contentUrl":"https:\/\/lospoliticosveracruz.com\/wp-content\/uploads\/2025\/12\/Logo-Nuevo-LOS-POLITICOS-1.jpg","width":260,"height":70,"caption":"Los pol\u00edticos Veracruz"},"image":{"@id":"https:\/\/lospoliticosveracruz.com\/#\/schema\/logo\/image\/"},"sameAs":["https:\/\/www.facebook.com\/people\/Notimemes-de-los-Polticos\/61565672886568\/","https:\/\/x.com\/LosPoliticosVer"]},{"@type":"Person","@id":"https:\/\/lospoliticosveracruz.com\/#\/schema\/person\/b8702bb0e538456e6efd07080bf2a4a2","name":"Lo viste en Los Pol\u00edticos","image":{"@type":"ImageObject","inLanguage":"es","@id":"https:\/\/secure.gravatar.com\/avatar\/3a8de04a2656d44082be478bd6c086daa447c4651605818287b9532d3d0bd435?s=96&d=mm&r=g","url":"https:\/\/secure.gravatar.com\/avatar\/3a8de04a2656d44082be478bd6c086daa447c4651605818287b9532d3d0bd435?s=96&d=mm&r=g","contentUrl":"https:\/\/secure.gravatar.com\/avatar\/3a8de04a2656d44082be478bd6c086daa447c4651605818287b9532d3d0bd435?s=96&d=mm&r=g","caption":"Lo viste en Los Pol\u00edticos"},"url":"https:\/\/lospoliticosveracruz.com\/?author=2"}]}},"_links":{"self":[{"href":"https:\/\/lospoliticosveracruz.com\/index.php?rest_route=\/wp\/v2\/posts\/48550","targetHints":{"allow":["GET"]}}],"collection":[{"href":"https:\/\/lospoliticosveracruz.com\/index.php?rest_route=\/wp\/v2\/posts"}],"about":[{"href":"https:\/\/lospoliticosveracruz.com\/index.php?rest_route=\/wp\/v2\/types\/post"}],"author":[{"embeddable":true,"href":"https:\/\/lospoliticosveracruz.com\/index.php?rest_route=\/wp\/v2\/users\/2"}],"replies":[{"embeddable":true,"href":"https:\/\/lospoliticosveracruz.com\/index.php?rest_route=%2Fwp%2Fv2%2Fcomments&post=48550"}],"version-history":[{"count":2,"href":"https:\/\/lospoliticosveracruz.com\/index.php?rest_route=\/wp\/v2\/posts\/48550\/revisions"}],"predecessor-version":[{"id":48553,"href":"https:\/\/lospoliticosveracruz.com\/index.php?rest_route=\/wp\/v2\/posts\/48550\/revisions\/48553"}],"wp:featuredmedia":[{"embeddable":true,"href":"https:\/\/lospoliticosveracruz.com\/index.php?rest_route=\/wp\/v2\/media\/48551"}],"wp:attachment":[{"href":"https:\/\/lospoliticosveracruz.com\/index.php?rest_route=%2Fwp%2Fv2%2Fmedia&parent=48550"}],"wp:term":[{"taxonomy":"category","embeddable":true,"href":"https:\/\/lospoliticosveracruz.com\/index.php?rest_route=%2Fwp%2Fv2%2Fcategories&post=48550"},{"taxonomy":"post_tag","embeddable":true,"href":"https:\/\/lospoliticosveracruz.com\/index.php?rest_route=%2Fwp%2Fv2%2Ftags&post=48550"}],"curies":[{"name":"wp","href":"https:\/\/api.w.org\/{rel}","templated":true}]}}