{"id":48554,"date":"2019-06-19T22:55:59","date_gmt":"2019-06-20T03:55:59","guid":{"rendered":"http:\/\/www.lospoliticosveracruz.com.mx\/?p=48554"},"modified":"2019-06-19T20:16:43","modified_gmt":"2019-06-20T01:16:43","slug":"cge-fge-y-orfis-autonomia-y-experiencia","status":"publish","type":"post","link":"https:\/\/lospoliticosveracruz.com\/?p=48554","title":{"rendered":"CGE, FGE y Orfis\u2026 autonom\u00eda y experiencia"},"content":{"rendered":"<p><strong>Salvador Mu\u00f1oz<\/strong><\/p>\n<p><em>Los Pol\u00edticos<\/em><\/p>\n<p><span style=\"font-weight: 400;\">Uno quisiera darle el beneficio de la duda a Leslie Garibo Puga, y justo a punto estaba de hacerlo, cuando no se puede evitar recordar que la Contralora no deja de ser empleada del Gobierno estatal y por ende, a alguien le debe lealtad.<\/span><\/p>\n<p><span style=\"font-weight: 400;\">Es posible que tenga raz\u00f3n en cuanto a que el subsecretario de Finanzas, Eleazar Guerrero, no sea primo de Cuitl\u00e1huac Garc\u00eda Jim\u00e9nez, si blande de manera simple la falacia de que no llevan los mismos apellidos y si atiende a lo que marca la Ley\u2026 por lo que all\u00ed no cabe que el padre de Eleazar, don Julio Guerrero Dur\u00e1n sea primo hermano de Atanasio Garc\u00eda Dur\u00e1n (pap\u00e1 de CUic), y por ende, entonces, el funcionario de Finanzas y el ejecutivo, sean parientes, quiz\u00e1s no en primer grado, pero s\u00ed en segundo, tercero, cuarto, quinto, sexto, secundaria, prepa, \u00a1y carrera!<\/span><\/p>\n<p><span style=\"font-weight: 400;\">Ahora pues, d\u00e9mosle el beneficio de la duda a Leslie y aceptemos que no hay nepotismo\u2026 \u00bfy qu\u00e9 tal Conflicto de Inter\u00e9s?<\/span><\/p>\n<p><span style=\"font-weight: 400;\">Al final, no se puede culpar a Garibo Puga porque ella cumple una funci\u00f3n como empleada del Gobierno del Estado: proteger sus intereses\u2026 Eso pasa cuando hay subordinaci\u00f3n y no autonom\u00eda.<\/span><\/p>\n<p><span style=\"font-weight: 400;\">Hay que recordar que a principios de a\u00f1o, Bingen Rementer\u00eda Molina present\u00f3 una iniciativa para que la Contralor\u00eda General del Estado asumiera tal facultad, en aras de hacer su trabajo, as\u00ed de simple.<\/span><\/p>\n<p><span style=\"font-weight: 400;\">Y es que esa garant\u00eda, la de ser Aut\u00f3nomo, le da un matiz diferente al quehacer tanto pol\u00edtico como a la supervisi\u00f3n de las finanzas p\u00fablicas, si no, volteemos a ver a una Fiscal\u00eda General del Estado, a un Sistema Estatal Anticorrupci\u00f3n o un Orfis.<\/span><\/p>\n<p><span style=\"font-weight: 400;\">Por cierto, a pocos meses de que se renueve o reelija al titular del \u00d3rgano de Fiscalizaci\u00f3n Superior en Veracruz, el t\u00e9rmino \u201cAutonom\u00eda\u201d debe ser considerado de vital importancia para evitar esos \u201cnepotismos pol\u00edticos\u201d como el que adjudican a Jorge Winckler Ortiz con el sobrenombre de \u201cFiscal Carnal\u201d por ser ubicado como posici\u00f3n del exgobernador Miguel \u00c1ngel Yunes Linares\u2026 o m\u00e1s reciente: el mismo caso de Eleazar Guerrero, \u201cel subsecretario carnal\u201d\u2026 o \u201csubsecretario primo\u201d.<\/span><\/p>\n<p><span style=\"font-weight: 400;\">Hay que tomar en consideraci\u00f3n las palabras de Juan Javier G\u00f3mez Cazar\u00edn y el doble filo que llevan: no est\u00e1 de acuerdo en la reelecci\u00f3n de Lorenzo Antonio Portilla V\u00e1zquez bajo el argumento de que se debe renovar el Orfis\u2026 es una contradicci\u00f3n cuando los diputados tienen la misma facultad que el titular del \u00f3rgano fiscalizador de reelegirse\u2026 o peor a\u00fan: \u00bfacaso el Congreso local, con mayor\u00eda Morena, ya recibi\u00f3 l\u00ednea para un potencial candidato que acaba de dejar un cargo? Algo as\u00ed para que la cu\u00f1a apriete&#8230;<\/span><\/p>\n<p><span style=\"font-weight: 400;\">Si bien la renovaci\u00f3n no deja de ser mala, hay que tomar en cuenta lo que la Cuarta Transformaci\u00f3n en Veracruz nos ha dado con ella: improvisaci\u00f3n, inexperiencia y desatinos. No imagino en serio, un Orfis en manos de un subordinado al Poder Ejecutivo.<\/span><\/p>\n<p><span style=\"font-weight: 400;\">El ejemplo de Leslie Garibo en la Contralor\u00eda General del Estado as\u00ed como el de Jorge Winckler en la Fiscal\u00eda General del Estado, nos hablan de la importancia de los contrapesos que deben tener en estos momentos tanto nuestros poderes como diversos \u00f3rganos, entre ellos el Orfis\u2026 Veracruz creo que no est\u00e1 para experimentos de Cuarta\u2026 si est\u00e1 visto que el Orfis ya hizo su chamba en el gobierno de Javier Duarte en coordinaci\u00f3n con la Auditor\u00eda Superior de la Federaci\u00f3n; si est\u00e1 haciendo su chamba ahora con el gobierno de Miguel \u00c1ngel Yunes Linares, en un momento dado ser\u00eda comprensible que al gobierno de Cuitl\u00e1huac y al Congreso no les agrade un auditor que est\u00e1 visto, no ve colores, siglas ni apellidos\u2026 \u00a1y m\u00e1s si es aut\u00f3nomo!<\/span><\/p>\n<p>&nbsp;<\/p>\n<p><span style=\"font-weight: 400;\">smcainito@gmail.com<\/span><\/p>\n<p>&nbsp;<\/p>\n","protected":false},"excerpt":{"rendered":"<p>Salvador Mu\u00f1oz Los Pol\u00edticos Uno quisiera darle el beneficio de la duda a Leslie Garibo Puga, y justo a punto estaba de hacerlo, cuando no se puede evitar recordar que la Contralora no deja de ser empleada del Gobierno estatal y por ende, a alguien le debe lealtad. Es posible que tenga raz\u00f3n en cuanto [&hellip;]<\/p>\n","protected":false},"author":2,"featured_media":48556,"comment_status":"open","ping_status":"open","sticky":false,"template":"","format":"standard","meta":{"tdm_status":"","tdm_grid_status":"","footnotes":""},"categories":[70],"tags":[1917,4989,14807,1563,13640,111,11684,260,6869,12695,13220,1919,14133,135,195],"class_list":{"0":"post-48554","1":"post","2":"type-post","3":"status-publish","4":"format-standard","5":"has-post-thumbnail","7":"category-de-opinion","8":"tag-auditoria-superior-de-la-federacion","9":"tag-bingen-rementeria-molina","10":"tag-contralora","11":"tag-cuitlahuac-garcia-jimenez","12":"tag-eleazar-guerrero","13":"tag-finanzas","14":"tag-fiscalia-general-de-veracruz","15":"tag-javier-duarte-de-ochoa","16":"tag-jorge-winckler","17":"tag-juan-javier-gomez-cazarin","18":"tag-leslie-garibo-puga","19":"tag-lorenzo-antonio-portilla-vazquez","20":"tag-nepotismo","21":"tag-orfis","22":"tag-veracruz"},"yoast_head":"<!-- This site is optimized with the Yoast SEO plugin v27.4 - https:\/\/yoast.com\/product\/yoast-seo-wordpress\/ -->\n<title>CGE, FGE y Orfis\u2026 autonom\u00eda y experiencia - Los pol\u00edticos Veracruz<\/title>\n<meta name=\"robots\" content=\"index, follow, max-snippet:-1, max-image-preview:large, max-video-preview:-1\" \/>\n<link rel=\"canonical\" href=\"https:\/\/lospoliticosveracruz.com\/?p=48554\" \/>\n<meta property=\"og:locale\" content=\"es_ES\" \/>\n<meta property=\"og:type\" content=\"article\" \/>\n<meta property=\"og:title\" content=\"CGE, FGE y Orfis\u2026 autonom\u00eda y experiencia - Los pol\u00edticos Veracruz\" \/>\n<meta property=\"og:description\" content=\"Salvador Mu\u00f1oz Los Pol\u00edticos Uno quisiera darle el beneficio de la duda a Leslie Garibo Puga, y justo a punto estaba de hacerlo, cuando no se puede evitar recordar que la Contralora no deja de ser empleada del Gobierno estatal y por ende, a alguien le debe lealtad. Es posible que tenga raz\u00f3n en cuanto [&hellip;]\" \/>\n<meta property=\"og:url\" content=\"https:\/\/lospoliticosveracruz.com\/?p=48554\" \/>\n<meta property=\"og:site_name\" content=\"Los pol\u00edticos Veracruz\" \/>\n<meta property=\"article:publisher\" content=\"https:\/\/www.facebook.com\/people\/Notimemes-de-los-Polticos\/61565672886568\/\" \/>\n<meta property=\"article:published_time\" content=\"2019-06-20T03:55:59+00:00\" \/>\n<meta property=\"og:image\" content=\"https:\/\/lospoliticosveracruz.com\/wp-content\/uploads\/2019\/06\/CGE-FGE-Orfis.jpg\" \/>\n\t<meta property=\"og:image:width\" content=\"600\" \/>\n\t<meta property=\"og:image:height\" content=\"400\" \/>\n\t<meta property=\"og:image:type\" content=\"image\/jpeg\" \/>\n<meta name=\"author\" content=\"Lo viste en Los Pol\u00edticos\" \/>\n<meta name=\"twitter:card\" content=\"summary_large_image\" \/>\n<meta name=\"twitter:creator\" content=\"@LosPoliticosVer\" \/>\n<meta name=\"twitter:site\" content=\"@LosPoliticosVer\" \/>\n<meta name=\"twitter:label1\" content=\"Escrito por\" \/>\n\t<meta name=\"twitter:data1\" content=\"Lo viste en Los Pol\u00edticos\" \/>\n\t<meta name=\"twitter:label2\" content=\"Tiempo de lectura\" \/>\n\t<meta name=\"twitter:data2\" content=\"3 minutos\" \/>\n<script type=\"application\/ld+json\" class=\"yoast-schema-graph\">{\"@context\":\"https:\\\/\\\/schema.org\",\"@graph\":[{\"@type\":\"Article\",\"@id\":\"https:\\\/\\\/lospoliticosveracruz.com\\\/?p=48554#article\",\"isPartOf\":{\"@id\":\"https:\\\/\\\/lospoliticosveracruz.com\\\/?p=48554\"},\"author\":{\"name\":\"Lo viste en Los Pol\u00edticos\",\"@id\":\"https:\\\/\\\/lospoliticosveracruz.com\\\/#\\\/schema\\\/person\\\/b8702bb0e538456e6efd07080bf2a4a2\"},\"headline\":\"CGE, FGE y Orfis\u2026 autonom\u00eda y experiencia\",\"datePublished\":\"2019-06-20T03:55:59+00:00\",\"mainEntityOfPage\":{\"@id\":\"https:\\\/\\\/lospoliticosveracruz.com\\\/?p=48554\"},\"wordCount\":679,\"commentCount\":0,\"publisher\":{\"@id\":\"https:\\\/\\\/lospoliticosveracruz.com\\\/#organization\"},\"image\":{\"@id\":\"https:\\\/\\\/lospoliticosveracruz.com\\\/?p=48554#primaryimage\"},\"thumbnailUrl\":\"https:\\\/\\\/lospoliticosveracruz.com\\\/wp-content\\\/uploads\\\/2019\\\/06\\\/CGE-FGE-Orfis.jpg\",\"keywords\":[\"Auditor\u00eda Superior de la Federaci\u00f3n\",\"Bingen Rementer\u00eda Molina\",\"Contralora\",\"Cuitl\u00e1huac Garc\u00eda Jim\u00e9nez\",\"Eleazar Guerrero\",\"Finanzas\",\"Fiscal\u00eda General de Veracruz\",\"Javier Duarte de Ochoa\",\"Jorge Winckler\",\"Juan Javier G\u00f3mez Cazar\u00edn\",\"Leslie Garibo Puga\",\"Lorenzo Antonio Portilla V\u00e1zquez\",\"nepotismo\",\"Orfis\",\"Veracruz\"],\"articleSection\":[\"De Opini\u00f3n\"],\"inLanguage\":\"es\",\"potentialAction\":[{\"@type\":\"CommentAction\",\"name\":\"Comment\",\"target\":[\"https:\\\/\\\/lospoliticosveracruz.com\\\/?p=48554#respond\"]}]},{\"@type\":\"WebPage\",\"@id\":\"https:\\\/\\\/lospoliticosveracruz.com\\\/?p=48554\",\"url\":\"https:\\\/\\\/lospoliticosveracruz.com\\\/?p=48554\",\"name\":\"CGE, FGE y Orfis\u2026 autonom\u00eda y experiencia - Los pol\u00edticos Veracruz\",\"isPartOf\":{\"@id\":\"https:\\\/\\\/lospoliticosveracruz.com\\\/#website\"},\"primaryImageOfPage\":{\"@id\":\"https:\\\/\\\/lospoliticosveracruz.com\\\/?p=48554#primaryimage\"},\"image\":{\"@id\":\"https:\\\/\\\/lospoliticosveracruz.com\\\/?p=48554#primaryimage\"},\"thumbnailUrl\":\"https:\\\/\\\/lospoliticosveracruz.com\\\/wp-content\\\/uploads\\\/2019\\\/06\\\/CGE-FGE-Orfis.jpg\",\"datePublished\":\"2019-06-20T03:55:59+00:00\",\"breadcrumb\":{\"@id\":\"https:\\\/\\\/lospoliticosveracruz.com\\\/?p=48554#breadcrumb\"},\"inLanguage\":\"es\",\"potentialAction\":[{\"@type\":\"ReadAction\",\"target\":[\"https:\\\/\\\/lospoliticosveracruz.com\\\/?p=48554\"]}]},{\"@type\":\"ImageObject\",\"inLanguage\":\"es\",\"@id\":\"https:\\\/\\\/lospoliticosveracruz.com\\\/?p=48554#primaryimage\",\"url\":\"https:\\\/\\\/lospoliticosveracruz.com\\\/wp-content\\\/uploads\\\/2019\\\/06\\\/CGE-FGE-Orfis.jpg\",\"contentUrl\":\"https:\\\/\\\/lospoliticosveracruz.com\\\/wp-content\\\/uploads\\\/2019\\\/06\\\/CGE-FGE-Orfis.jpg\",\"width\":600,\"height\":400},{\"@type\":\"BreadcrumbList\",\"@id\":\"https:\\\/\\\/lospoliticosveracruz.com\\\/?p=48554#breadcrumb\",\"itemListElement\":[{\"@type\":\"ListItem\",\"position\":1,\"name\":\"Portada\",\"item\":\"https:\\\/\\\/lospoliticosveracruz.com\\\/\"},{\"@type\":\"ListItem\",\"position\":2,\"name\":\"CGE, FGE y Orfis\u2026 autonom\u00eda y experiencia\"}]},{\"@type\":\"WebSite\",\"@id\":\"https:\\\/\\\/lospoliticosveracruz.com\\\/#website\",\"url\":\"https:\\\/\\\/lospoliticosveracruz.com\\\/\",\"name\":\"Los pol\u00edticos Veracruz\",\"description\":\"\",\"publisher\":{\"@id\":\"https:\\\/\\\/lospoliticosveracruz.com\\\/#organization\"},\"potentialAction\":[{\"@type\":\"SearchAction\",\"target\":{\"@type\":\"EntryPoint\",\"urlTemplate\":\"https:\\\/\\\/lospoliticosveracruz.com\\\/?s={search_term_string}\"},\"query-input\":{\"@type\":\"PropertyValueSpecification\",\"valueRequired\":true,\"valueName\":\"search_term_string\"}}],\"inLanguage\":\"es\"},{\"@type\":\"Organization\",\"@id\":\"https:\\\/\\\/lospoliticosveracruz.com\\\/#organization\",\"name\":\"Los pol\u00edticos Veracruz\",\"url\":\"https:\\\/\\\/lospoliticosveracruz.com\\\/\",\"logo\":{\"@type\":\"ImageObject\",\"inLanguage\":\"es\",\"@id\":\"https:\\\/\\\/lospoliticosveracruz.com\\\/#\\\/schema\\\/logo\\\/image\\\/\",\"url\":\"https:\\\/\\\/lospoliticosveracruz.com\\\/wp-content\\\/uploads\\\/2025\\\/12\\\/Logo-Nuevo-LOS-POLITICOS-1.jpg\",\"contentUrl\":\"https:\\\/\\\/lospoliticosveracruz.com\\\/wp-content\\\/uploads\\\/2025\\\/12\\\/Logo-Nuevo-LOS-POLITICOS-1.jpg\",\"width\":260,\"height\":70,\"caption\":\"Los pol\u00edticos Veracruz\"},\"image\":{\"@id\":\"https:\\\/\\\/lospoliticosveracruz.com\\\/#\\\/schema\\\/logo\\\/image\\\/\"},\"sameAs\":[\"https:\\\/\\\/www.facebook.com\\\/people\\\/Notimemes-de-los-Polticos\\\/61565672886568\\\/\",\"https:\\\/\\\/x.com\\\/LosPoliticosVer\"]},{\"@type\":\"Person\",\"@id\":\"https:\\\/\\\/lospoliticosveracruz.com\\\/#\\\/schema\\\/person\\\/b8702bb0e538456e6efd07080bf2a4a2\",\"name\":\"Lo viste en Los Pol\u00edticos\",\"image\":{\"@type\":\"ImageObject\",\"inLanguage\":\"es\",\"@id\":\"https:\\\/\\\/secure.gravatar.com\\\/avatar\\\/3a8de04a2656d44082be478bd6c086daa447c4651605818287b9532d3d0bd435?s=96&d=mm&r=g\",\"url\":\"https:\\\/\\\/secure.gravatar.com\\\/avatar\\\/3a8de04a2656d44082be478bd6c086daa447c4651605818287b9532d3d0bd435?s=96&d=mm&r=g\",\"contentUrl\":\"https:\\\/\\\/secure.gravatar.com\\\/avatar\\\/3a8de04a2656d44082be478bd6c086daa447c4651605818287b9532d3d0bd435?s=96&d=mm&r=g\",\"caption\":\"Lo viste en Los Pol\u00edticos\"},\"url\":\"https:\\\/\\\/lospoliticosveracruz.com\\\/?author=2\"}]}<\/script>\n<!-- \/ Yoast SEO plugin. -->","yoast_head_json":{"title":"CGE, FGE y Orfis\u2026 autonom\u00eda y experiencia - Los pol\u00edticos Veracruz","robots":{"index":"index","follow":"follow","max-snippet":"max-snippet:-1","max-image-preview":"max-image-preview:large","max-video-preview":"max-video-preview:-1"},"canonical":"https:\/\/lospoliticosveracruz.com\/?p=48554","og_locale":"es_ES","og_type":"article","og_title":"CGE, FGE y Orfis\u2026 autonom\u00eda y experiencia - Los pol\u00edticos Veracruz","og_description":"Salvador Mu\u00f1oz Los Pol\u00edticos Uno quisiera darle el beneficio de la duda a Leslie Garibo Puga, y justo a punto estaba de hacerlo, cuando no se puede evitar recordar que la Contralora no deja de ser empleada del Gobierno estatal y por ende, a alguien le debe lealtad. Es posible que tenga raz\u00f3n en cuanto [&hellip;]","og_url":"https:\/\/lospoliticosveracruz.com\/?p=48554","og_site_name":"Los pol\u00edticos Veracruz","article_publisher":"https:\/\/www.facebook.com\/people\/Notimemes-de-los-Polticos\/61565672886568\/","article_published_time":"2019-06-20T03:55:59+00:00","og_image":[{"width":600,"height":400,"url":"https:\/\/lospoliticosveracruz.com\/wp-content\/uploads\/2019\/06\/CGE-FGE-Orfis.jpg","type":"image\/jpeg"}],"author":"Lo viste en Los Pol\u00edticos","twitter_card":"summary_large_image","twitter_creator":"@LosPoliticosVer","twitter_site":"@LosPoliticosVer","twitter_misc":{"Escrito por":"Lo viste en Los Pol\u00edticos","Tiempo de lectura":"3 minutos"},"schema":{"@context":"https:\/\/schema.org","@graph":[{"@type":"Article","@id":"https:\/\/lospoliticosveracruz.com\/?p=48554#article","isPartOf":{"@id":"https:\/\/lospoliticosveracruz.com\/?p=48554"},"author":{"name":"Lo viste en Los Pol\u00edticos","@id":"https:\/\/lospoliticosveracruz.com\/#\/schema\/person\/b8702bb0e538456e6efd07080bf2a4a2"},"headline":"CGE, FGE y Orfis\u2026 autonom\u00eda y experiencia","datePublished":"2019-06-20T03:55:59+00:00","mainEntityOfPage":{"@id":"https:\/\/lospoliticosveracruz.com\/?p=48554"},"wordCount":679,"commentCount":0,"publisher":{"@id":"https:\/\/lospoliticosveracruz.com\/#organization"},"image":{"@id":"https:\/\/lospoliticosveracruz.com\/?p=48554#primaryimage"},"thumbnailUrl":"https:\/\/lospoliticosveracruz.com\/wp-content\/uploads\/2019\/06\/CGE-FGE-Orfis.jpg","keywords":["Auditor\u00eda Superior de la Federaci\u00f3n","Bingen Rementer\u00eda Molina","Contralora","Cuitl\u00e1huac Garc\u00eda Jim\u00e9nez","Eleazar Guerrero","Finanzas","Fiscal\u00eda General de Veracruz","Javier Duarte de Ochoa","Jorge Winckler","Juan Javier G\u00f3mez Cazar\u00edn","Leslie Garibo Puga","Lorenzo Antonio Portilla V\u00e1zquez","nepotismo","Orfis","Veracruz"],"articleSection":["De Opini\u00f3n"],"inLanguage":"es","potentialAction":[{"@type":"CommentAction","name":"Comment","target":["https:\/\/lospoliticosveracruz.com\/?p=48554#respond"]}]},{"@type":"WebPage","@id":"https:\/\/lospoliticosveracruz.com\/?p=48554","url":"https:\/\/lospoliticosveracruz.com\/?p=48554","name":"CGE, FGE y Orfis\u2026 autonom\u00eda y experiencia - Los pol\u00edticos Veracruz","isPartOf":{"@id":"https:\/\/lospoliticosveracruz.com\/#website"},"primaryImageOfPage":{"@id":"https:\/\/lospoliticosveracruz.com\/?p=48554#primaryimage"},"image":{"@id":"https:\/\/lospoliticosveracruz.com\/?p=48554#primaryimage"},"thumbnailUrl":"https:\/\/lospoliticosveracruz.com\/wp-content\/uploads\/2019\/06\/CGE-FGE-Orfis.jpg","datePublished":"2019-06-20T03:55:59+00:00","breadcrumb":{"@id":"https:\/\/lospoliticosveracruz.com\/?p=48554#breadcrumb"},"inLanguage":"es","potentialAction":[{"@type":"ReadAction","target":["https:\/\/lospoliticosveracruz.com\/?p=48554"]}]},{"@type":"ImageObject","inLanguage":"es","@id":"https:\/\/lospoliticosveracruz.com\/?p=48554#primaryimage","url":"https:\/\/lospoliticosveracruz.com\/wp-content\/uploads\/2019\/06\/CGE-FGE-Orfis.jpg","contentUrl":"https:\/\/lospoliticosveracruz.com\/wp-content\/uploads\/2019\/06\/CGE-FGE-Orfis.jpg","width":600,"height":400},{"@type":"BreadcrumbList","@id":"https:\/\/lospoliticosveracruz.com\/?p=48554#breadcrumb","itemListElement":[{"@type":"ListItem","position":1,"name":"Portada","item":"https:\/\/lospoliticosveracruz.com\/"},{"@type":"ListItem","position":2,"name":"CGE, FGE y Orfis\u2026 autonom\u00eda y experiencia"}]},{"@type":"WebSite","@id":"https:\/\/lospoliticosveracruz.com\/#website","url":"https:\/\/lospoliticosveracruz.com\/","name":"Los pol\u00edticos Veracruz","description":"","publisher":{"@id":"https:\/\/lospoliticosveracruz.com\/#organization"},"potentialAction":[{"@type":"SearchAction","target":{"@type":"EntryPoint","urlTemplate":"https:\/\/lospoliticosveracruz.com\/?s={search_term_string}"},"query-input":{"@type":"PropertyValueSpecification","valueRequired":true,"valueName":"search_term_string"}}],"inLanguage":"es"},{"@type":"Organization","@id":"https:\/\/lospoliticosveracruz.com\/#organization","name":"Los pol\u00edticos Veracruz","url":"https:\/\/lospoliticosveracruz.com\/","logo":{"@type":"ImageObject","inLanguage":"es","@id":"https:\/\/lospoliticosveracruz.com\/#\/schema\/logo\/image\/","url":"https:\/\/lospoliticosveracruz.com\/wp-content\/uploads\/2025\/12\/Logo-Nuevo-LOS-POLITICOS-1.jpg","contentUrl":"https:\/\/lospoliticosveracruz.com\/wp-content\/uploads\/2025\/12\/Logo-Nuevo-LOS-POLITICOS-1.jpg","width":260,"height":70,"caption":"Los pol\u00edticos Veracruz"},"image":{"@id":"https:\/\/lospoliticosveracruz.com\/#\/schema\/logo\/image\/"},"sameAs":["https:\/\/www.facebook.com\/people\/Notimemes-de-los-Polticos\/61565672886568\/","https:\/\/x.com\/LosPoliticosVer"]},{"@type":"Person","@id":"https:\/\/lospoliticosveracruz.com\/#\/schema\/person\/b8702bb0e538456e6efd07080bf2a4a2","name":"Lo viste en Los Pol\u00edticos","image":{"@type":"ImageObject","inLanguage":"es","@id":"https:\/\/secure.gravatar.com\/avatar\/3a8de04a2656d44082be478bd6c086daa447c4651605818287b9532d3d0bd435?s=96&d=mm&r=g","url":"https:\/\/secure.gravatar.com\/avatar\/3a8de04a2656d44082be478bd6c086daa447c4651605818287b9532d3d0bd435?s=96&d=mm&r=g","contentUrl":"https:\/\/secure.gravatar.com\/avatar\/3a8de04a2656d44082be478bd6c086daa447c4651605818287b9532d3d0bd435?s=96&d=mm&r=g","caption":"Lo viste en Los Pol\u00edticos"},"url":"https:\/\/lospoliticosveracruz.com\/?author=2"}]}},"_links":{"self":[{"href":"https:\/\/lospoliticosveracruz.com\/index.php?rest_route=\/wp\/v2\/posts\/48554","targetHints":{"allow":["GET"]}}],"collection":[{"href":"https:\/\/lospoliticosveracruz.com\/index.php?rest_route=\/wp\/v2\/posts"}],"about":[{"href":"https:\/\/lospoliticosveracruz.com\/index.php?rest_route=\/wp\/v2\/types\/post"}],"author":[{"embeddable":true,"href":"https:\/\/lospoliticosveracruz.com\/index.php?rest_route=\/wp\/v2\/users\/2"}],"replies":[{"embeddable":true,"href":"https:\/\/lospoliticosveracruz.com\/index.php?rest_route=%2Fwp%2Fv2%2Fcomments&post=48554"}],"version-history":[{"count":1,"href":"https:\/\/lospoliticosveracruz.com\/index.php?rest_route=\/wp\/v2\/posts\/48554\/revisions"}],"predecessor-version":[{"id":48555,"href":"https:\/\/lospoliticosveracruz.com\/index.php?rest_route=\/wp\/v2\/posts\/48554\/revisions\/48555"}],"wp:featuredmedia":[{"embeddable":true,"href":"https:\/\/lospoliticosveracruz.com\/index.php?rest_route=\/wp\/v2\/media\/48556"}],"wp:attachment":[{"href":"https:\/\/lospoliticosveracruz.com\/index.php?rest_route=%2Fwp%2Fv2%2Fmedia&parent=48554"}],"wp:term":[{"taxonomy":"category","embeddable":true,"href":"https:\/\/lospoliticosveracruz.com\/index.php?rest_route=%2Fwp%2Fv2%2Fcategories&post=48554"},{"taxonomy":"post_tag","embeddable":true,"href":"https:\/\/lospoliticosveracruz.com\/index.php?rest_route=%2Fwp%2Fv2%2Ftags&post=48554"}],"curies":[{"name":"wp","href":"https:\/\/api.w.org\/{rel}","templated":true}]}}