{"id":48615,"date":"2019-06-25T21:18:32","date_gmt":"2019-06-26T02:18:32","guid":{"rendered":"http:\/\/www.lospoliticosveracruz.com.mx\/?p=48615"},"modified":"2019-06-25T21:18:32","modified_gmt":"2019-06-26T02:18:32","slug":"ediles-usen-al-orfis","status":"publish","type":"post","link":"https:\/\/lospoliticosveracruz.com\/?p=48615","title":{"rendered":"Ediles, \u00a1usen al Orfis!"},"content":{"rendered":"<p><strong>Salvador Mu\u00f1oz<\/strong><\/p>\n<p><em>Los Pol\u00edticos<\/em><\/p>\n<p><span style=\"font-weight: 400;\">Al inicio de esta semana, Juan Guillermo Uscanga Fomperosa, Mariana Parra y Anselmo Gonz\u00e1lez Rivera, ediles de Angel R. Cabada, encabezados por la s\u00edndica Claudia Santamar\u00eda Garc\u00eda, denunciaron un desv\u00edo de recursos en el ejercicio de la Cuenta P\u00fablica 2018, que alcanza, de acuerdo a sus n\u00fameros, a m\u00e1s de 20 millones de pesos enfocados en 12 obras. Se\u00f1alan como responsable de esto, al alcalde Arturo Herviz Reyes, as\u00ed como a los titulares de Obras P\u00fablicas y Tesorer\u00eda.<\/span><\/p>\n<p><span style=\"font-weight: 400;\">No han sido los \u00fanicos\u2026 En Tlacotalpan, los reclamos se han dado por un solo regidor\u2026 el resto, guarda un silencio c\u00f3mplice, tal como ocurre en Coatepec y su cuenta p\u00fablica 2018. Si bien, en Teocelo y Xico se mueven otros intereses, en su mayor\u00eda giran en la opacidad del manejo de los recursos de estos ayuntamientos\u2026 por citar algunos\u2026 por all\u00ed igual mencionan a Lerdo de Tejada y Rafael Delgado\u2026<\/span><\/p>\n<p><span style=\"font-weight: 400;\">Los ediles se desesperan porque a veces no perciben eco a las quejas, denuncias p\u00fablicas as\u00ed como los oficios que han enviado tanto al Congreso local como al Orfis\u2026 y es razonable porque en algunos casos se puede pensar en favoritismo o tejes y manejes pol\u00edticos, hablando del Congreso, pero lo curioso es que a ojo de buen cubero, \u00a1son de Morena la mayor\u00eda de las quejas edilicias!, algunos son independientes y otros, de varios partidos\u2026<\/span><\/p>\n<p><span style=\"font-weight: 400;\">En lo que se refiere al Orfis, teniendo a Lorenzo Antonio Portilla V\u00e1zquez al frente, queda en claro que las arcas municipales no tienen colores ni partidos. De acuerdo a su mensaje semanal, \u201csin reservas por su tama\u00f1o o presupuesto, todos son sometidos a las mismas auditor\u00edas t\u00e9cnicas y financieras, impulsando la rendici\u00f3n de cuentas, tarea de tiempo completo que promueve que los recursos sean aplicados de la mejor manera, pero sobre todo de manera imparcial y transparente, pues los mecanismos de trabajo del Orfis est\u00e1n disponibles para su consulta en nuestra p\u00e1gina web\u201d.<\/span><\/p>\n<p><span style=\"font-weight: 400;\">La transparencia y la rendici\u00f3n de cuentas son fundamentales para el desarrollo de las actividades del Orfis, \u201cespecialmente cuando se trata de los Ayuntamientos, pues los presupuestos son diversos, su distribuci\u00f3n es particular a los gobiernos municipales, por ello nos hemos dado a la tarea de apoyarlos desarrollando el Portal Modelo de Transparencia Municipal para que lo usen como su sitio web oficial\u201d.<\/span><\/p>\n<p><span style=\"font-weight: 400;\">Comparto totalmente la idea de Portilla V\u00e1zquez en cuanto a que la transparencia y la rendici\u00f3n de cuentas inician en casa y nuestra casa, la casa del ciudadano, es el Ayuntamiento, el ente que diariamente nos presta servicios b\u00e1sicos, y que est\u00e1 obligado a garantizar que nuestros impuestos sean devueltos en obras y acciones, si bien no para mejorar nuestra vida, al menos s\u00ed para gozar de un entorno armonioso, estable&#8230;<\/span><\/p>\n<p><span style=\"font-weight: 400;\">En el \u00d3rgano de Fiscalizaci\u00f3n Superior del Estado crearon herramientas como el Sistema de Evaluaci\u00f3n y Fiscalizaci\u00f3n de Veracruz (Sefisver); el Sistema de Informaci\u00f3n y Gesti\u00f3n Municipal Armonizado de Veracruz (Sigmaver), el Sistema de Informaci\u00f3n Municipal de Veracruz (Simver), el Sistema de Consulta de Obras y Acciones Municipales de Veracruz (Comver) y la aplicaci\u00f3n Orfis-M\u00f3vil, entre otras.<\/span><\/p>\n<p><span style=\"font-weight: 400;\">La intenci\u00f3n con estas herramientas, algunas innovadoras en el pa\u00eds, es contener a lo m\u00e1ximo, que municipios enfrenten carencias o problemas administrativos que pongan en riesgo el cumplimiento de sus obligaciones. Aunque lo destacable para el ciudadano curioso, interesado en su municipio, es que hay herramientas que lo acercan no tan s\u00f3lo al Orfis y sus funciones, sino a la consulta directa de obras y acciones de sus municipios. \u00a1Cheque qu\u00e9 tanto est\u00e1 trabajando su Ayuntamiento, y entre a Comver (<\/span><a href=\"http:\/\/sistemas.orfis.gob.mx\/SIMVERP\/Home\/Municipios\" target=\"_blank\"><span style=\"font-weight: 400;\">http:\/\/sistemas.orfis.gob.mx\/SIMVERP\/Home\/Municipios<\/span><\/a><span style=\"font-weight: 400;\">) y podr\u00e1 ver las obras que realizan sus autoridades municipales. All\u00ed indica el monto de la obra as\u00ed como de d\u00f3nde vienen los recursos, entre otros interesantes detalles.<\/span><\/p>\n<p><span style=\"font-weight: 400;\">Un ejemplo\u2026 la s\u00edndica de Angel R. Cabada, Claudia Santamar\u00eda Garc\u00eda, expone que en la rehabilitaci\u00f3n de drenaje sanitario, pluvial y red de agua potable en la calle Libertad, entre bulevar Francisco J. Moreno y 18 de Junio, con un costo de 1 mill\u00f3n 320 mil 332.20 pesos, hay una serie de irregularidades que van desde la licitaci\u00f3n de la obra, el contrato con la empresa y hasta falsificaci\u00f3n de firmas. Al hacer uso del Comver, uno observa que la obra estaba programada para iniciar en diciembre del 2018 y concluir ese fin de mes\u2026 pero de acuerdo a lo expresado por la misma edil, nunca inici\u00f3 la obra. Quiz\u00e1s por eso el Ayuntamiento no subi\u00f3 fotos de los trabajos en este programa del Orfis.<\/span><\/p>\n<p><span style=\"font-weight: 400;\">Ahora, con la denuncia expuesta por la S\u00edndica, da a conocer que la obra \u201cse suspendi\u00f3\u201d y con nuevo \u201ccontrato\u201d que hizo el Ayuntamiento con la constructora (sin contar a los ediles), los trabajos iniciaron el pasado 5 de junio. En el Comver, se observa esta informaci\u00f3n: construcci\u00f3n de pavimento de concreto asf\u00e1ltico de la calle Libertad en la colonia Luis Donaldo Colosio, por un monto de 1 mill\u00f3n 580 mil 370 pesos (n\u00famero de obra: 2019300150018). En el mismo programa del Orfis igual se nota en la obra 2019300150021, que igual est\u00e1 contemplada la construcci\u00f3n de pavimento hidr\u00e1ulico, guarniciones y banquetas en la misma calle, pero con un costo de 3 millones 100 mil 176.49 pesos. Es decir, la misma calle tendr\u00e1 concreto asf\u00e1ltico y pavimento hidr\u00e1ulico y dos costos. \u00a1Habr\u00e1 que ver c\u00f3mo qued\u00f3 el drenaje!<\/span><\/p>\n<p><span style=\"font-weight: 400;\">\u00a1Ah! y para los ediles desesperados porque creen que no hay eco a sus reclamos, demandas y se\u00f1alamientos, en torno a la Cuenta P\u00fablica 2018, \u00a1paciencia! No porque el Cabildo la apruebe, quiere decir que est\u00e1 bien\u2026 falta el estudio t\u00e9cnico del Orfis y all\u00ed, el efecto Milpa (milpa\u2019ti, milpa\u2019m\u00ed\u2026 milpa\u2019ti\u2026) de algunos s\u00edndicos y regidores agachones, simplemente no vale\u2026<\/span><\/p>\n<p>&nbsp;<\/p>\n<p><span style=\"font-weight: 400;\">smcainito@gmail.com<\/span><\/p>\n<p>&nbsp;<\/p>\n","protected":false},"excerpt":{"rendered":"<p>Salvador Mu\u00f1oz Los Pol\u00edticos Al inicio de esta semana, Juan Guillermo Uscanga Fomperosa, Mariana Parra y Anselmo Gonz\u00e1lez Rivera, ediles de Angel R. Cabada, encabezados por la s\u00edndica Claudia Santamar\u00eda Garc\u00eda, denunciaron un desv\u00edo de recursos en el ejercicio de la Cuenta P\u00fablica 2018, que alcanza, de acuerdo a sus n\u00fameros, a m\u00e1s de 20 [&hellip;]<\/p>\n","protected":false},"author":2,"featured_media":48616,"comment_status":"open","ping_status":"open","sticky":false,"template":"","format":"standard","meta":{"tdm_status":"","tdm_grid_status":"","footnotes":""},"categories":[70],"tags":[2913,14839,14848,14822,14837,1919,14838,135,14849,14840,14842,14844,14846,14847,14841,14845,14843],"class_list":{"0":"post-48615","1":"post","2":"type-post","3":"status-publish","4":"format-standard","5":"has-post-thumbnail","7":"category-de-opinion","8":"tag-angel-r-cabada","9":"tag-claudia-santamaria-garcia","10":"tag-comver","11":"tag-cuenta-publica-2018","12":"tag-juan-guillermo-uscanga-fomperosa","13":"tag-lorenzo-antonio-portilla-vazquez","14":"tag-mariana-parra-y-anselmo-gonzalez-rivera","15":"tag-orfis","16":"tag-orfis-movil","17":"tag-portal-modelo-de-transparencia-municipal","18":"tag-sefisver","19":"tag-sigmaver","20":"tag-simver","21":"tag-sistema-de-consulta-de-obras-y-acciones-municipales-de-veracruz","22":"tag-sistema-de-evaluacion-y-fiscalizacion-de-veracruz","23":"tag-sistema-de-informacion-municipal-de-veracruz","24":"tag-sistema-de-informacion-y-gestion-municipal-armonizado-de-veracruz"},"yoast_head":"<!-- This site is optimized with the Yoast SEO plugin v27.4 - https:\/\/yoast.com\/product\/yoast-seo-wordpress\/ -->\n<title>Ediles, \u00a1usen al Orfis! - Los pol\u00edticos Veracruz<\/title>\n<meta name=\"robots\" content=\"index, follow, max-snippet:-1, max-image-preview:large, max-video-preview:-1\" \/>\n<link rel=\"canonical\" href=\"https:\/\/lospoliticosveracruz.com\/?p=48615\" \/>\n<meta property=\"og:locale\" content=\"es_ES\" \/>\n<meta property=\"og:type\" content=\"article\" \/>\n<meta property=\"og:title\" content=\"Ediles, \u00a1usen al Orfis! - Los pol\u00edticos Veracruz\" \/>\n<meta property=\"og:description\" content=\"Salvador Mu\u00f1oz Los Pol\u00edticos Al inicio de esta semana, Juan Guillermo Uscanga Fomperosa, Mariana Parra y Anselmo Gonz\u00e1lez Rivera, ediles de Angel R. Cabada, encabezados por la s\u00edndica Claudia Santamar\u00eda Garc\u00eda, denunciaron un desv\u00edo de recursos en el ejercicio de la Cuenta P\u00fablica 2018, que alcanza, de acuerdo a sus n\u00fameros, a m\u00e1s de 20 [&hellip;]\" \/>\n<meta property=\"og:url\" content=\"https:\/\/lospoliticosveracruz.com\/?p=48615\" \/>\n<meta property=\"og:site_name\" content=\"Los pol\u00edticos Veracruz\" \/>\n<meta property=\"article:publisher\" content=\"https:\/\/www.facebook.com\/people\/Notimemes-de-los-Polticos\/61565672886568\/\" \/>\n<meta property=\"article:published_time\" content=\"2019-06-26T02:18:32+00:00\" \/>\n<meta property=\"og:image\" content=\"https:\/\/lospoliticosveracruz.com\/wp-content\/uploads\/2019\/06\/Orfis1.jpg\" \/>\n\t<meta property=\"og:image:width\" content=\"600\" \/>\n\t<meta property=\"og:image:height\" content=\"347\" \/>\n\t<meta property=\"og:image:type\" content=\"image\/jpeg\" \/>\n<meta name=\"author\" content=\"Lo viste en Los Pol\u00edticos\" \/>\n<meta name=\"twitter:card\" content=\"summary_large_image\" \/>\n<meta name=\"twitter:creator\" content=\"@LosPoliticosVer\" \/>\n<meta name=\"twitter:site\" content=\"@LosPoliticosVer\" \/>\n<meta name=\"twitter:label1\" content=\"Escrito por\" \/>\n\t<meta name=\"twitter:data1\" content=\"Lo viste en Los Pol\u00edticos\" \/>\n\t<meta name=\"twitter:label2\" content=\"Tiempo de lectura\" \/>\n\t<meta name=\"twitter:data2\" content=\"5 minutos\" \/>\n<script type=\"application\/ld+json\" class=\"yoast-schema-graph\">{\"@context\":\"https:\\\/\\\/schema.org\",\"@graph\":[{\"@type\":\"Article\",\"@id\":\"https:\\\/\\\/lospoliticosveracruz.com\\\/?p=48615#article\",\"isPartOf\":{\"@id\":\"https:\\\/\\\/lospoliticosveracruz.com\\\/?p=48615\"},\"author\":{\"name\":\"Lo viste en Los Pol\u00edticos\",\"@id\":\"https:\\\/\\\/lospoliticosveracruz.com\\\/#\\\/schema\\\/person\\\/b8702bb0e538456e6efd07080bf2a4a2\"},\"headline\":\"Ediles, \u00a1usen al Orfis!\",\"datePublished\":\"2019-06-26T02:18:32+00:00\",\"mainEntityOfPage\":{\"@id\":\"https:\\\/\\\/lospoliticosveracruz.com\\\/?p=48615\"},\"wordCount\":1013,\"commentCount\":0,\"publisher\":{\"@id\":\"https:\\\/\\\/lospoliticosveracruz.com\\\/#organization\"},\"image\":{\"@id\":\"https:\\\/\\\/lospoliticosveracruz.com\\\/?p=48615#primaryimage\"},\"thumbnailUrl\":\"https:\\\/\\\/lospoliticosveracruz.com\\\/wp-content\\\/uploads\\\/2019\\\/06\\\/Orfis1.jpg\",\"keywords\":[\"\u00c1ngel R. Cabada\",\"Claudia Santamar\u00eda Garc\u00eda\",\"Comver\",\"Cuenta P\u00fablica 2018\",\"Juan Guillermo Uscanga Fomperosa\",\"Lorenzo Antonio Portilla V\u00e1zquez\",\"Mariana Parra y Anselmo Gonz\u00e1lez Rivera\",\"Orfis\",\"Orfis-M\u00f3vil\",\"Portal Modelo de Transparencia Municipal\",\"Sefisver\",\"Sigmaver\",\"Simver\",\"Sistema de Consulta de Obras y Acciones Municipales de Veracruz\",\"Sistema de Evaluaci\u00f3n y Fiscalizaci\u00f3n de Veracruz\",\"Sistema de Informaci\u00f3n Municipal de Veracruz\",\"Sistema de Informaci\u00f3n y Gesti\u00f3n Municipal Armonizado de Veracruz\"],\"articleSection\":[\"De Opini\u00f3n\"],\"inLanguage\":\"es\",\"potentialAction\":[{\"@type\":\"CommentAction\",\"name\":\"Comment\",\"target\":[\"https:\\\/\\\/lospoliticosveracruz.com\\\/?p=48615#respond\"]}]},{\"@type\":\"WebPage\",\"@id\":\"https:\\\/\\\/lospoliticosveracruz.com\\\/?p=48615\",\"url\":\"https:\\\/\\\/lospoliticosveracruz.com\\\/?p=48615\",\"name\":\"Ediles, \u00a1usen al Orfis! - Los pol\u00edticos Veracruz\",\"isPartOf\":{\"@id\":\"https:\\\/\\\/lospoliticosveracruz.com\\\/#website\"},\"primaryImageOfPage\":{\"@id\":\"https:\\\/\\\/lospoliticosveracruz.com\\\/?p=48615#primaryimage\"},\"image\":{\"@id\":\"https:\\\/\\\/lospoliticosveracruz.com\\\/?p=48615#primaryimage\"},\"thumbnailUrl\":\"https:\\\/\\\/lospoliticosveracruz.com\\\/wp-content\\\/uploads\\\/2019\\\/06\\\/Orfis1.jpg\",\"datePublished\":\"2019-06-26T02:18:32+00:00\",\"breadcrumb\":{\"@id\":\"https:\\\/\\\/lospoliticosveracruz.com\\\/?p=48615#breadcrumb\"},\"inLanguage\":\"es\",\"potentialAction\":[{\"@type\":\"ReadAction\",\"target\":[\"https:\\\/\\\/lospoliticosveracruz.com\\\/?p=48615\"]}]},{\"@type\":\"ImageObject\",\"inLanguage\":\"es\",\"@id\":\"https:\\\/\\\/lospoliticosveracruz.com\\\/?p=48615#primaryimage\",\"url\":\"https:\\\/\\\/lospoliticosveracruz.com\\\/wp-content\\\/uploads\\\/2019\\\/06\\\/Orfis1.jpg\",\"contentUrl\":\"https:\\\/\\\/lospoliticosveracruz.com\\\/wp-content\\\/uploads\\\/2019\\\/06\\\/Orfis1.jpg\",\"width\":600,\"height\":347},{\"@type\":\"BreadcrumbList\",\"@id\":\"https:\\\/\\\/lospoliticosveracruz.com\\\/?p=48615#breadcrumb\",\"itemListElement\":[{\"@type\":\"ListItem\",\"position\":1,\"name\":\"Portada\",\"item\":\"https:\\\/\\\/lospoliticosveracruz.com\\\/\"},{\"@type\":\"ListItem\",\"position\":2,\"name\":\"Ediles, \u00a1usen al Orfis!\"}]},{\"@type\":\"WebSite\",\"@id\":\"https:\\\/\\\/lospoliticosveracruz.com\\\/#website\",\"url\":\"https:\\\/\\\/lospoliticosveracruz.com\\\/\",\"name\":\"Los pol\u00edticos Veracruz\",\"description\":\"\",\"publisher\":{\"@id\":\"https:\\\/\\\/lospoliticosveracruz.com\\\/#organization\"},\"potentialAction\":[{\"@type\":\"SearchAction\",\"target\":{\"@type\":\"EntryPoint\",\"urlTemplate\":\"https:\\\/\\\/lospoliticosveracruz.com\\\/?s={search_term_string}\"},\"query-input\":{\"@type\":\"PropertyValueSpecification\",\"valueRequired\":true,\"valueName\":\"search_term_string\"}}],\"inLanguage\":\"es\"},{\"@type\":\"Organization\",\"@id\":\"https:\\\/\\\/lospoliticosveracruz.com\\\/#organization\",\"name\":\"Los pol\u00edticos Veracruz\",\"url\":\"https:\\\/\\\/lospoliticosveracruz.com\\\/\",\"logo\":{\"@type\":\"ImageObject\",\"inLanguage\":\"es\",\"@id\":\"https:\\\/\\\/lospoliticosveracruz.com\\\/#\\\/schema\\\/logo\\\/image\\\/\",\"url\":\"https:\\\/\\\/lospoliticosveracruz.com\\\/wp-content\\\/uploads\\\/2025\\\/12\\\/Logo-Nuevo-LOS-POLITICOS-1.jpg\",\"contentUrl\":\"https:\\\/\\\/lospoliticosveracruz.com\\\/wp-content\\\/uploads\\\/2025\\\/12\\\/Logo-Nuevo-LOS-POLITICOS-1.jpg\",\"width\":260,\"height\":70,\"caption\":\"Los pol\u00edticos Veracruz\"},\"image\":{\"@id\":\"https:\\\/\\\/lospoliticosveracruz.com\\\/#\\\/schema\\\/logo\\\/image\\\/\"},\"sameAs\":[\"https:\\\/\\\/www.facebook.com\\\/people\\\/Notimemes-de-los-Polticos\\\/61565672886568\\\/\",\"https:\\\/\\\/x.com\\\/LosPoliticosVer\"]},{\"@type\":\"Person\",\"@id\":\"https:\\\/\\\/lospoliticosveracruz.com\\\/#\\\/schema\\\/person\\\/b8702bb0e538456e6efd07080bf2a4a2\",\"name\":\"Lo viste en Los Pol\u00edticos\",\"image\":{\"@type\":\"ImageObject\",\"inLanguage\":\"es\",\"@id\":\"https:\\\/\\\/secure.gravatar.com\\\/avatar\\\/3a8de04a2656d44082be478bd6c086daa447c4651605818287b9532d3d0bd435?s=96&d=mm&r=g\",\"url\":\"https:\\\/\\\/secure.gravatar.com\\\/avatar\\\/3a8de04a2656d44082be478bd6c086daa447c4651605818287b9532d3d0bd435?s=96&d=mm&r=g\",\"contentUrl\":\"https:\\\/\\\/secure.gravatar.com\\\/avatar\\\/3a8de04a2656d44082be478bd6c086daa447c4651605818287b9532d3d0bd435?s=96&d=mm&r=g\",\"caption\":\"Lo viste en Los Pol\u00edticos\"},\"url\":\"https:\\\/\\\/lospoliticosveracruz.com\\\/?author=2\"}]}<\/script>\n<!-- \/ Yoast SEO plugin. -->","yoast_head_json":{"title":"Ediles, \u00a1usen al Orfis! - Los pol\u00edticos Veracruz","robots":{"index":"index","follow":"follow","max-snippet":"max-snippet:-1","max-image-preview":"max-image-preview:large","max-video-preview":"max-video-preview:-1"},"canonical":"https:\/\/lospoliticosveracruz.com\/?p=48615","og_locale":"es_ES","og_type":"article","og_title":"Ediles, \u00a1usen al Orfis! - Los pol\u00edticos Veracruz","og_description":"Salvador Mu\u00f1oz Los Pol\u00edticos Al inicio de esta semana, Juan Guillermo Uscanga Fomperosa, Mariana Parra y Anselmo Gonz\u00e1lez Rivera, ediles de Angel R. Cabada, encabezados por la s\u00edndica Claudia Santamar\u00eda Garc\u00eda, denunciaron un desv\u00edo de recursos en el ejercicio de la Cuenta P\u00fablica 2018, que alcanza, de acuerdo a sus n\u00fameros, a m\u00e1s de 20 [&hellip;]","og_url":"https:\/\/lospoliticosveracruz.com\/?p=48615","og_site_name":"Los pol\u00edticos Veracruz","article_publisher":"https:\/\/www.facebook.com\/people\/Notimemes-de-los-Polticos\/61565672886568\/","article_published_time":"2019-06-26T02:18:32+00:00","og_image":[{"width":600,"height":347,"url":"https:\/\/lospoliticosveracruz.com\/wp-content\/uploads\/2019\/06\/Orfis1.jpg","type":"image\/jpeg"}],"author":"Lo viste en Los Pol\u00edticos","twitter_card":"summary_large_image","twitter_creator":"@LosPoliticosVer","twitter_site":"@LosPoliticosVer","twitter_misc":{"Escrito por":"Lo viste en Los Pol\u00edticos","Tiempo de lectura":"5 minutos"},"schema":{"@context":"https:\/\/schema.org","@graph":[{"@type":"Article","@id":"https:\/\/lospoliticosveracruz.com\/?p=48615#article","isPartOf":{"@id":"https:\/\/lospoliticosveracruz.com\/?p=48615"},"author":{"name":"Lo viste en Los Pol\u00edticos","@id":"https:\/\/lospoliticosveracruz.com\/#\/schema\/person\/b8702bb0e538456e6efd07080bf2a4a2"},"headline":"Ediles, \u00a1usen al Orfis!","datePublished":"2019-06-26T02:18:32+00:00","mainEntityOfPage":{"@id":"https:\/\/lospoliticosveracruz.com\/?p=48615"},"wordCount":1013,"commentCount":0,"publisher":{"@id":"https:\/\/lospoliticosveracruz.com\/#organization"},"image":{"@id":"https:\/\/lospoliticosveracruz.com\/?p=48615#primaryimage"},"thumbnailUrl":"https:\/\/lospoliticosveracruz.com\/wp-content\/uploads\/2019\/06\/Orfis1.jpg","keywords":["\u00c1ngel R. Cabada","Claudia Santamar\u00eda Garc\u00eda","Comver","Cuenta P\u00fablica 2018","Juan Guillermo Uscanga Fomperosa","Lorenzo Antonio Portilla V\u00e1zquez","Mariana Parra y Anselmo Gonz\u00e1lez Rivera","Orfis","Orfis-M\u00f3vil","Portal Modelo de Transparencia Municipal","Sefisver","Sigmaver","Simver","Sistema de Consulta de Obras y Acciones Municipales de Veracruz","Sistema de Evaluaci\u00f3n y Fiscalizaci\u00f3n de Veracruz","Sistema de Informaci\u00f3n Municipal de Veracruz","Sistema de Informaci\u00f3n y Gesti\u00f3n Municipal Armonizado de Veracruz"],"articleSection":["De Opini\u00f3n"],"inLanguage":"es","potentialAction":[{"@type":"CommentAction","name":"Comment","target":["https:\/\/lospoliticosveracruz.com\/?p=48615#respond"]}]},{"@type":"WebPage","@id":"https:\/\/lospoliticosveracruz.com\/?p=48615","url":"https:\/\/lospoliticosveracruz.com\/?p=48615","name":"Ediles, \u00a1usen al Orfis! - Los pol\u00edticos Veracruz","isPartOf":{"@id":"https:\/\/lospoliticosveracruz.com\/#website"},"primaryImageOfPage":{"@id":"https:\/\/lospoliticosveracruz.com\/?p=48615#primaryimage"},"image":{"@id":"https:\/\/lospoliticosveracruz.com\/?p=48615#primaryimage"},"thumbnailUrl":"https:\/\/lospoliticosveracruz.com\/wp-content\/uploads\/2019\/06\/Orfis1.jpg","datePublished":"2019-06-26T02:18:32+00:00","breadcrumb":{"@id":"https:\/\/lospoliticosveracruz.com\/?p=48615#breadcrumb"},"inLanguage":"es","potentialAction":[{"@type":"ReadAction","target":["https:\/\/lospoliticosveracruz.com\/?p=48615"]}]},{"@type":"ImageObject","inLanguage":"es","@id":"https:\/\/lospoliticosveracruz.com\/?p=48615#primaryimage","url":"https:\/\/lospoliticosveracruz.com\/wp-content\/uploads\/2019\/06\/Orfis1.jpg","contentUrl":"https:\/\/lospoliticosveracruz.com\/wp-content\/uploads\/2019\/06\/Orfis1.jpg","width":600,"height":347},{"@type":"BreadcrumbList","@id":"https:\/\/lospoliticosveracruz.com\/?p=48615#breadcrumb","itemListElement":[{"@type":"ListItem","position":1,"name":"Portada","item":"https:\/\/lospoliticosveracruz.com\/"},{"@type":"ListItem","position":2,"name":"Ediles, \u00a1usen al Orfis!"}]},{"@type":"WebSite","@id":"https:\/\/lospoliticosveracruz.com\/#website","url":"https:\/\/lospoliticosveracruz.com\/","name":"Los pol\u00edticos Veracruz","description":"","publisher":{"@id":"https:\/\/lospoliticosveracruz.com\/#organization"},"potentialAction":[{"@type":"SearchAction","target":{"@type":"EntryPoint","urlTemplate":"https:\/\/lospoliticosveracruz.com\/?s={search_term_string}"},"query-input":{"@type":"PropertyValueSpecification","valueRequired":true,"valueName":"search_term_string"}}],"inLanguage":"es"},{"@type":"Organization","@id":"https:\/\/lospoliticosveracruz.com\/#organization","name":"Los pol\u00edticos Veracruz","url":"https:\/\/lospoliticosveracruz.com\/","logo":{"@type":"ImageObject","inLanguage":"es","@id":"https:\/\/lospoliticosveracruz.com\/#\/schema\/logo\/image\/","url":"https:\/\/lospoliticosveracruz.com\/wp-content\/uploads\/2025\/12\/Logo-Nuevo-LOS-POLITICOS-1.jpg","contentUrl":"https:\/\/lospoliticosveracruz.com\/wp-content\/uploads\/2025\/12\/Logo-Nuevo-LOS-POLITICOS-1.jpg","width":260,"height":70,"caption":"Los pol\u00edticos Veracruz"},"image":{"@id":"https:\/\/lospoliticosveracruz.com\/#\/schema\/logo\/image\/"},"sameAs":["https:\/\/www.facebook.com\/people\/Notimemes-de-los-Polticos\/61565672886568\/","https:\/\/x.com\/LosPoliticosVer"]},{"@type":"Person","@id":"https:\/\/lospoliticosveracruz.com\/#\/schema\/person\/b8702bb0e538456e6efd07080bf2a4a2","name":"Lo viste en Los Pol\u00edticos","image":{"@type":"ImageObject","inLanguage":"es","@id":"https:\/\/secure.gravatar.com\/avatar\/3a8de04a2656d44082be478bd6c086daa447c4651605818287b9532d3d0bd435?s=96&d=mm&r=g","url":"https:\/\/secure.gravatar.com\/avatar\/3a8de04a2656d44082be478bd6c086daa447c4651605818287b9532d3d0bd435?s=96&d=mm&r=g","contentUrl":"https:\/\/secure.gravatar.com\/avatar\/3a8de04a2656d44082be478bd6c086daa447c4651605818287b9532d3d0bd435?s=96&d=mm&r=g","caption":"Lo viste en Los Pol\u00edticos"},"url":"https:\/\/lospoliticosveracruz.com\/?author=2"}]}},"_links":{"self":[{"href":"https:\/\/lospoliticosveracruz.com\/index.php?rest_route=\/wp\/v2\/posts\/48615","targetHints":{"allow":["GET"]}}],"collection":[{"href":"https:\/\/lospoliticosveracruz.com\/index.php?rest_route=\/wp\/v2\/posts"}],"about":[{"href":"https:\/\/lospoliticosveracruz.com\/index.php?rest_route=\/wp\/v2\/types\/post"}],"author":[{"embeddable":true,"href":"https:\/\/lospoliticosveracruz.com\/index.php?rest_route=\/wp\/v2\/users\/2"}],"replies":[{"embeddable":true,"href":"https:\/\/lospoliticosveracruz.com\/index.php?rest_route=%2Fwp%2Fv2%2Fcomments&post=48615"}],"version-history":[{"count":2,"href":"https:\/\/lospoliticosveracruz.com\/index.php?rest_route=\/wp\/v2\/posts\/48615\/revisions"}],"predecessor-version":[{"id":48618,"href":"https:\/\/lospoliticosveracruz.com\/index.php?rest_route=\/wp\/v2\/posts\/48615\/revisions\/48618"}],"wp:featuredmedia":[{"embeddable":true,"href":"https:\/\/lospoliticosveracruz.com\/index.php?rest_route=\/wp\/v2\/media\/48616"}],"wp:attachment":[{"href":"https:\/\/lospoliticosveracruz.com\/index.php?rest_route=%2Fwp%2Fv2%2Fmedia&parent=48615"}],"wp:term":[{"taxonomy":"category","embeddable":true,"href":"https:\/\/lospoliticosveracruz.com\/index.php?rest_route=%2Fwp%2Fv2%2Fcategories&post=48615"},{"taxonomy":"post_tag","embeddable":true,"href":"https:\/\/lospoliticosveracruz.com\/index.php?rest_route=%2Fwp%2Fv2%2Ftags&post=48615"}],"curies":[{"name":"wp","href":"https:\/\/api.w.org\/{rel}","templated":true}]}}